{"id":8690,"date":"2024-08-28T10:10:37","date_gmt":"2024-08-28T07:10:37","guid":{"rendered":"https:\/\/kuzeyinsesi.org\/index.php\/2024\/08\/28\/isik-kitabevi-36nci-kitap-fuari-yarin-basliyor\/"},"modified":"2024-08-28T10:10:37","modified_gmt":"2024-08-28T07:10:37","slug":"isik-kitabevi-36nci-kitap-fuari-yarin-basliyor","status":"publish","type":"post","link":"https:\/\/haberverkibris.com\/index.php\/2024\/08\/28\/isik-kitabevi-36nci-kitap-fuari-yarin-basliyor\/","title":{"rendered":"I\u015f\u0131k Kitabevi 36\u2019nc\u0131 Kitap Fuar\u0131 yar\u0131n ba\u015fl\u0131yor"},"content":{"rendered":"<div>\n<div class=\"mariselle-image-container center\">\n                                            <\/div>\n<p>I\u015f\u0131k Kitabevi\u2019nin 36\u2019nc\u0131 Kitap Fuar\u0131 yar\u0131n ba\u015fl\u0131yor.  <\/p>\n<p>Bu sene \u201c\u00c7\u0131k\u0131\u015f\u201d temas\u0131yla yap\u0131lacak fuar, Gen\u00e7lik Merkezi\u2019nde (K\u0131z\u0131lba\u015f Kilisesi) 29 A\u011fustos-6 Eyl\u00fcl tarihleri aras\u0131nda ger\u00e7ekle\u015ftirilecek.  <\/p>\n<p>Kitap Fuar\u0131, her g\u00fcn 09.00-13.00 ile 17.00-24.00 saatleri aras\u0131nda a\u00e7\u0131k olacak ve kitaplar y\u00fczde 10 indirimli sat\u0131lacak. <\/p>\n<p>Fuar kapsam\u0131nda d\u00fczenlenecek etkinlikler saat 20.30 itibar\u0131yla ba\u015flayacak. Etkinliklerin baz\u0131lar\u0131 I\u015f\u0131k Kitabevi\u2019nde yap\u0131lacak. <\/p>\n<p>-I\u015f\u0131k Kitabevi 36. Kitap Fuar\u0131 Program\u0131 <\/p>\n<p>K\u0131br\u0131s T\u00fcrk Gazeteciler Birli\u011fi ile K\u0131br\u0131s Sanat\u00e7\u0131 ve Yazarlar Birli\u011fi\u2019nin deste\u011fiyle haz\u0131rlanan 36. I\u015f\u0131k Kitabevi Fuar\u0131 program\u0131 \u015fu \u015fekilde: <\/p>\n<p>\u201cYar\u0131n saat 20.30: A\u00e7\u0131l\u0131\u015f ve kokteyl, M\u00fczik: Melisa Karanl\u0131k Band, Onur \u00d6d\u00fcl\u00fc: \u0130zel Seylani, Yorgos Moleskis, Edebiyat-Sanat Hizmet \u00d6d\u00fcl\u00fc: Ne\u015fe Ya\u015f\u0131n <\/p>\n<p>30 A\u011fustos Cuma saat 20.30: Panel: Acil \u00c7\u0131k\u0131\u015f \u2013 Edebiyat, Moderat\u00f6r ve Konu\u015fmac\u0131: Emel Kaya Konu\u015fmac\u0131: Ne\u015fe Ya\u015f\u0131n, Ahmet Y\u0131k\u0131k, Fatih Yal\u0131ner, D\u00fczenleyen: K\u0131br\u0131s Sanat\u00e7\u0131 ve Yazarlar Birli\u011fi 31 A\u011fustos Cumartesi saat 20.30: Panel: M\u00fclkiyet mi? Gelecek mi? Moderat\u00f6r: Mete Hatay Konu\u015fmac\u0131lar: Mehmet Ali Talat, Daryal Bat\u0131bay, Can Kara  1 Eyl\u00fcl Pazar saat 20.30: S\u00f6yle\u015fi: G\u00fcrsel Korat (T\u00fcrkiye\u2019den Konuk Yazar) 2 Eyl\u00fcl Pazartesi saat 11.00: S\u00f6yle\u015fi: Tu\u011fba \u00c7elik (T\u00fcrkiye\u2019den Konuk Yazar) Yer: I\u015f\u0131k Kitabevi Saat 20.30: Panel: Y\u00fcksek \u00d6\u011fretimde Diploma Cazibesi, Moderat\u00f6r: Canan Zeki, Konu\u015fmac\u0131lar: Ahmet G\u00fcneyli, Abdullah \u00d6ztoprak, Asl\u0131 Murat                                          <\/p>\n<p>3 Eyl\u00fcl Sal\u0131 saat 20.30: Panel: K\u0131br\u0131s Medyas\u0131n\u0131n \u0130\u00e7inde Bulundu\u011fu \u00c7\u0131kmaz ve \u00c7\u0131k\u0131\u015f, Moderat\u00f6r: \u00d6zg\u00fcl G\u00fcrkut Mutluyakal\u0131, \u00c7eviri: \u00c7a\u011fda\u015f Polili, Konu\u015fmac\u0131lar: Emin Akkor, Yorgos Frangos,  D\u00fczenleyen: K\u0131br\u0131s T\u00fcrk Gazeteciler Birli\u011fi 4 Eyl\u00fcl \u00c7ar\u015famba saat 20.30: Konferans: K\u0131br\u0131s\u2019ta \u00c7\u0131kmaz ve Aray\u0131\u015flar, Moderat\u00f6r: Aysu Basri Akter,   Konu\u015fmac\u0131: Niyazi K\u0131z\u0131ly\u00fcrek 5 Eyl\u00fcl \u00c7ar\u015famba saat 11.00: Gen\u00e7 \u015eairlerle S\u00f6yle\u015fi (\u00c7i\u00e7ek D\u00fc\u015fleri, Haikular) Konu\u015fmac\u0131lar: Eflal \u015eeng\u00fcn, Ay\u00e7a Yay, Nisa Tuana Ayd\u0131n. Yer: I\u015f\u0131k Kitabevi Saat 20.30: Panel: Yolunda Olmayan Ekonomide \u00c7\u0131k\u0131\u015f Aray\u0131\u015flar\u0131, Moderat\u00f6r: Umut Bozkurt, Konu\u015fmac\u0131lar: Mete Feridun, B\u00fclent \u015eemiler, Mertkan Hamit<\/p>\n<p>6 Eyl\u00fcl Cuma saat 20.30: Panel: K\u00fcresel Siyaset: Sava\u015flar ve Yans\u0131malar\u0131, Moderat\u00f6r: Ali Day\u0131o\u011flu, Konu\u015fmac\u0131lar: Mustafa \u00c7\u0131rakl\u0131, Nur K\u00f6pr\u00fcl\u00fc, Sait Ak\u015fit.\u201d<\/p>\n<\/p><\/div>\n<p><script async\n                    defer\n                    crossorigin=\"anonymous\"\n                    src=\"https:\/\/connect.facebook.net\/tr_TR\/sdk.js#xfbml=1&#038;version=v3.3\"\n            ><\/script><\/p>\n","protected":false},"excerpt":{"rendered":"<p>I\u015f\u0131k Kitabevi\u2019nin 36\u2019nc\u0131 Kitap Fuar\u0131 yar\u0131n ba\u015fl\u0131yor. Bu sene \u201c\u00c7\u0131k\u0131\u015f\u201d temas\u0131yla yap\u0131lacak fuar, Gen\u00e7lik Merkezi\u2019nde (K\u0131z\u0131lba\u015f Kilisesi) 29 A\u011fustos-6 Eyl\u00fcl tarihleri aras\u0131nda ger\u00e7ekle\u015ftirilecek. Kitap Fuar\u0131, her g\u00fcn 09.00-13.00 ile 17.00-24.00 saatleri aras\u0131nda a\u00e7\u0131k olacak ve kitaplar y\u00fczde 10 indirimli sat\u0131lacak. Fuar kapsam\u0131nda d\u00fczenlenecek etkinlikler saat 20.30 itibar\u0131yla ba\u015flayacak. Etkinliklerin baz\u0131lar\u0131 I\u015f\u0131k Kitabevi\u2019nde yap\u0131lacak. -I\u015f\u0131k Kitabevi [&hellip;]<\/p>\n","protected":false},"author":1,"featured_media":8691,"comment_status":"open","ping_status":"open","sticky":false,"template":"","format":"standard","meta":{"jnews-multi-image_gallery":[],"jnews_single_post":[],"jnews_primary_category":[],"jnews_social_meta":[],"jnews_override_counter":[],"footnotes":""},"categories":[1],"tags":[],"class_list":["post-8690","post","type-post","status-publish","format-standard","has-post-thumbnail","hentry","category-kibris"],"yoast_head":"<!-- This site is optimized with the Yoast SEO plugin v27.5 - https:\/\/yoast.com\/product\/yoast-seo-wordpress\/ -->\n<title>I\u015f\u0131k Kitabevi 36\u2019nc\u0131 Kitap Fuar\u0131 yar\u0131n ba\u015fl\u0131yor - Haber Ver K\u0131br\u0131s<\/title>\n<meta name=\"robots\" content=\"index, follow, max-snippet:-1, max-image-preview:large, max-video-preview:-1\" \/>\n<link rel=\"canonical\" href=\"https:\/\/haberverkibris.com\/index.php\/2024\/08\/28\/isik-kitabevi-36nci-kitap-fuari-yarin-basliyor\/\" \/>\n<meta property=\"og:locale\" content=\"tr_TR\" \/>\n<meta property=\"og:type\" content=\"article\" \/>\n<meta property=\"og:title\" content=\"I\u015f\u0131k Kitabevi 36\u2019nc\u0131 Kitap Fuar\u0131 yar\u0131n ba\u015fl\u0131yor - Haber Ver K\u0131br\u0131s\" \/>\n<meta property=\"og:description\" content=\"I\u015f\u0131k Kitabevi\u2019nin 36\u2019nc\u0131 Kitap Fuar\u0131 yar\u0131n ba\u015fl\u0131yor. Bu sene \u201c\u00c7\u0131k\u0131\u015f\u201d temas\u0131yla yap\u0131lacak fuar, Gen\u00e7lik Merkezi\u2019nde (K\u0131z\u0131lba\u015f Kilisesi) 29 A\u011fustos-6 Eyl\u00fcl tarihleri aras\u0131nda ger\u00e7ekle\u015ftirilecek. Kitap Fuar\u0131, her g\u00fcn 09.00-13.00 ile 17.00-24.00 saatleri aras\u0131nda a\u00e7\u0131k olacak ve kitaplar y\u00fczde 10 indirimli sat\u0131lacak. Fuar kapsam\u0131nda d\u00fczenlenecek etkinlikler saat 20.30 itibar\u0131yla ba\u015flayacak. Etkinliklerin baz\u0131lar\u0131 I\u015f\u0131k Kitabevi\u2019nde yap\u0131lacak. -I\u015f\u0131k Kitabevi [&hellip;]\" \/>\n<meta property=\"og:url\" content=\"https:\/\/haberverkibris.com\/index.php\/2024\/08\/28\/isik-kitabevi-36nci-kitap-fuari-yarin-basliyor\/\" \/>\n<meta property=\"og:site_name\" content=\"Haber Ver K\u0131br\u0131s\" \/>\n<meta property=\"article:publisher\" content=\"https:\/\/www.facebook.com\/kuzeyinsesii\" \/>\n<meta property=\"article:published_time\" content=\"2024-08-28T07:10:37+00:00\" \/>\n<meta property=\"og:image\" content=\"https:\/\/brtk.net\/wp-content\/uploads\/2024\/08\/28\/isik-kitabevi-afis-2-2-.jpg?ver=f9d90f4d8ebf01ba53803b1e864e6ecf\" \/>\n<meta name=\"author\" content=\"Haberver K\u0131br\u0131s\" \/>\n<meta name=\"twitter:card\" content=\"summary_large_image\" \/>\n<meta name=\"twitter:creator\" content=\"@kuzeyinsesii\" \/>\n<meta name=\"twitter:site\" content=\"@kuzeyinsesii\" \/>\n<meta name=\"twitter:label1\" content=\"Yazan:\" \/>\n\t<meta name=\"twitter:data1\" content=\"Haberver K\u0131br\u0131s\" \/>\n\t<meta name=\"twitter:label2\" content=\"Tahmini okuma s\u00fcresi\" \/>\n\t<meta name=\"twitter:data2\" content=\"2 dakika\" \/>\n<script type=\"application\/ld+json\" class=\"yoast-schema-graph\">{\"@context\":\"https:\\\/\\\/schema.org\",\"@graph\":[{\"@type\":\"Article\",\"@id\":\"https:\\\/\\\/haberverkibris.com\\\/index.php\\\/2024\\\/08\\\/28\\\/isik-kitabevi-36nci-kitap-fuari-yarin-basliyor\\\/#article\",\"isPartOf\":{\"@id\":\"https:\\\/\\\/haberverkibris.com\\\/index.php\\\/2024\\\/08\\\/28\\\/isik-kitabevi-36nci-kitap-fuari-yarin-basliyor\\\/\"},\"author\":{\"name\":\"Haberver K\u0131br\u0131s\",\"@id\":\"https:\\\/\\\/haberverkibris.com\\\/#\\\/schema\\\/person\\\/29d65381ed43765483b5a185ded66a56\"},\"headline\":\"I\u015f\u0131k Kitabevi 36\u2019nc\u0131 Kitap Fuar\u0131 yar\u0131n ba\u015fl\u0131yor\",\"datePublished\":\"2024-08-28T07:10:37+00:00\",\"mainEntityOfPage\":{\"@id\":\"https:\\\/\\\/haberverkibris.com\\\/index.php\\\/2024\\\/08\\\/28\\\/isik-kitabevi-36nci-kitap-fuari-yarin-basliyor\\\/\"},\"wordCount\":427,\"commentCount\":0,\"image\":{\"@id\":\"https:\\\/\\\/haberverkibris.com\\\/index.php\\\/2024\\\/08\\\/28\\\/isik-kitabevi-36nci-kitap-fuari-yarin-basliyor\\\/#primaryimage\"},\"thumbnailUrl\":\"https:\\\/\\\/haberverkibris.com\\\/wp-content\\\/uploads\\\/2024\\\/08\\\/isik-kitabevi-afis-2-2-.jpg\",\"articleSection\":[\"K\u0131br\u0131s\"],\"inLanguage\":\"tr\",\"potentialAction\":[{\"@type\":\"CommentAction\",\"name\":\"Comment\",\"target\":[\"https:\\\/\\\/haberverkibris.com\\\/index.php\\\/2024\\\/08\\\/28\\\/isik-kitabevi-36nci-kitap-fuari-yarin-basliyor\\\/#respond\"]}]},{\"@type\":\"WebPage\",\"@id\":\"https:\\\/\\\/haberverkibris.com\\\/index.php\\\/2024\\\/08\\\/28\\\/isik-kitabevi-36nci-kitap-fuari-yarin-basliyor\\\/\",\"url\":\"https:\\\/\\\/haberverkibris.com\\\/index.php\\\/2024\\\/08\\\/28\\\/isik-kitabevi-36nci-kitap-fuari-yarin-basliyor\\\/\",\"name\":\"I\u015f\u0131k Kitabevi 36\u2019nc\u0131 Kitap Fuar\u0131 yar\u0131n ba\u015fl\u0131yor - Haber Ver K\u0131br\u0131s\",\"isPartOf\":{\"@id\":\"https:\\\/\\\/haberverkibris.com\\\/#website\"},\"primaryImageOfPage\":{\"@id\":\"https:\\\/\\\/haberverkibris.com\\\/index.php\\\/2024\\\/08\\\/28\\\/isik-kitabevi-36nci-kitap-fuari-yarin-basliyor\\\/#primaryimage\"},\"image\":{\"@id\":\"https:\\\/\\\/haberverkibris.com\\\/index.php\\\/2024\\\/08\\\/28\\\/isik-kitabevi-36nci-kitap-fuari-yarin-basliyor\\\/#primaryimage\"},\"thumbnailUrl\":\"https:\\\/\\\/haberverkibris.com\\\/wp-content\\\/uploads\\\/2024\\\/08\\\/isik-kitabevi-afis-2-2-.jpg\",\"datePublished\":\"2024-08-28T07:10:37+00:00\",\"author\":{\"@id\":\"https:\\\/\\\/haberverkibris.com\\\/#\\\/schema\\\/person\\\/29d65381ed43765483b5a185ded66a56\"},\"breadcrumb\":{\"@id\":\"https:\\\/\\\/haberverkibris.com\\\/index.php\\\/2024\\\/08\\\/28\\\/isik-kitabevi-36nci-kitap-fuari-yarin-basliyor\\\/#breadcrumb\"},\"inLanguage\":\"tr\",\"potentialAction\":[{\"@type\":\"ReadAction\",\"target\":[\"https:\\\/\\\/haberverkibris.com\\\/index.php\\\/2024\\\/08\\\/28\\\/isik-kitabevi-36nci-kitap-fuari-yarin-basliyor\\\/\"]}]},{\"@type\":\"ImageObject\",\"inLanguage\":\"tr\",\"@id\":\"https:\\\/\\\/haberverkibris.com\\\/index.php\\\/2024\\\/08\\\/28\\\/isik-kitabevi-36nci-kitap-fuari-yarin-basliyor\\\/#primaryimage\",\"url\":\"https:\\\/\\\/haberverkibris.com\\\/wp-content\\\/uploads\\\/2024\\\/08\\\/isik-kitabevi-afis-2-2-.jpg\",\"contentUrl\":\"https:\\\/\\\/haberverkibris.com\\\/wp-content\\\/uploads\\\/2024\\\/08\\\/isik-kitabevi-afis-2-2-.jpg\",\"width\":1754,\"height\":2481},{\"@type\":\"BreadcrumbList\",\"@id\":\"https:\\\/\\\/haberverkibris.com\\\/index.php\\\/2024\\\/08\\\/28\\\/isik-kitabevi-36nci-kitap-fuari-yarin-basliyor\\\/#breadcrumb\",\"itemListElement\":[{\"@type\":\"ListItem\",\"position\":1,\"name\":\"Anasayfa\",\"item\":\"https:\\\/\\\/haberverkibris.com\\\/\"},{\"@type\":\"ListItem\",\"position\":2,\"name\":\"I\u015f\u0131k Kitabevi 36\u2019nc\u0131 Kitap Fuar\u0131 yar\u0131n ba\u015fl\u0131yor\"}]},{\"@type\":\"WebSite\",\"@id\":\"https:\\\/\\\/haberverkibris.com\\\/#website\",\"url\":\"https:\\\/\\\/haberverkibris.com\\\/\",\"name\":\"Kuzeyin Sesi\",\"description\":\"Do\u011fru Haberin Adresi\",\"potentialAction\":[{\"@type\":\"SearchAction\",\"target\":{\"@type\":\"EntryPoint\",\"urlTemplate\":\"https:\\\/\\\/haberverkibris.com\\\/?s={search_term_string}\"},\"query-input\":{\"@type\":\"PropertyValueSpecification\",\"valueRequired\":true,\"valueName\":\"search_term_string\"}}],\"inLanguage\":\"tr\"},{\"@type\":\"Person\",\"@id\":\"https:\\\/\\\/haberverkibris.com\\\/#\\\/schema\\\/person\\\/29d65381ed43765483b5a185ded66a56\",\"name\":\"Haberver K\u0131br\u0131s\",\"image\":{\"@type\":\"ImageObject\",\"inLanguage\":\"tr\",\"@id\":\"https:\\\/\\\/secure.gravatar.com\\\/avatar\\\/bab33852abfd8b282518d6ed81826833d77c3c882d9ab608add591ccace47a44?s=96&d=mm&r=g\",\"url\":\"https:\\\/\\\/secure.gravatar.com\\\/avatar\\\/bab33852abfd8b282518d6ed81826833d77c3c882d9ab608add591ccace47a44?s=96&d=mm&r=g\",\"contentUrl\":\"https:\\\/\\\/secure.gravatar.com\\\/avatar\\\/bab33852abfd8b282518d6ed81826833d77c3c882d9ab608add591ccace47a44?s=96&d=mm&r=g\",\"caption\":\"Haberver K\u0131br\u0131s\"},\"sameAs\":[\"https:\\\/\\\/haberverkibris.com\"],\"url\":\"https:\\\/\\\/haberverkibris.com\\\/index.php\\\/author\\\/guven\\\/\"}]}<\/script>\n<!-- \/ Yoast SEO plugin. -->","yoast_head_json":{"title":"I\u015f\u0131k Kitabevi 36\u2019nc\u0131 Kitap Fuar\u0131 yar\u0131n ba\u015fl\u0131yor - Haber Ver K\u0131br\u0131s","robots":{"index":"index","follow":"follow","max-snippet":"max-snippet:-1","max-image-preview":"max-image-preview:large","max-video-preview":"max-video-preview:-1"},"canonical":"https:\/\/haberverkibris.com\/index.php\/2024\/08\/28\/isik-kitabevi-36nci-kitap-fuari-yarin-basliyor\/","og_locale":"tr_TR","og_type":"article","og_title":"I\u015f\u0131k Kitabevi 36\u2019nc\u0131 Kitap Fuar\u0131 yar\u0131n ba\u015fl\u0131yor - Haber Ver K\u0131br\u0131s","og_description":"I\u015f\u0131k Kitabevi\u2019nin 36\u2019nc\u0131 Kitap Fuar\u0131 yar\u0131n ba\u015fl\u0131yor. Bu sene \u201c\u00c7\u0131k\u0131\u015f\u201d temas\u0131yla yap\u0131lacak fuar, Gen\u00e7lik Merkezi\u2019nde (K\u0131z\u0131lba\u015f Kilisesi) 29 A\u011fustos-6 Eyl\u00fcl tarihleri aras\u0131nda ger\u00e7ekle\u015ftirilecek. Kitap Fuar\u0131, her g\u00fcn 09.00-13.00 ile 17.00-24.00 saatleri aras\u0131nda a\u00e7\u0131k olacak ve kitaplar y\u00fczde 10 indirimli sat\u0131lacak. Fuar kapsam\u0131nda d\u00fczenlenecek etkinlikler saat 20.30 itibar\u0131yla ba\u015flayacak. Etkinliklerin baz\u0131lar\u0131 I\u015f\u0131k Kitabevi\u2019nde yap\u0131lacak. -I\u015f\u0131k Kitabevi [&hellip;]","og_url":"https:\/\/haberverkibris.com\/index.php\/2024\/08\/28\/isik-kitabevi-36nci-kitap-fuari-yarin-basliyor\/","og_site_name":"Haber Ver K\u0131br\u0131s","article_publisher":"https:\/\/www.facebook.com\/kuzeyinsesii","article_published_time":"2024-08-28T07:10:37+00:00","og_image":[{"url":"https:\/\/brtk.net\/wp-content\/uploads\/2024\/08\/28\/isik-kitabevi-afis-2-2-.jpg?ver=f9d90f4d8ebf01ba53803b1e864e6ecf","type":"","width":"","height":""}],"author":"Haberver K\u0131br\u0131s","twitter_card":"summary_large_image","twitter_creator":"@kuzeyinsesii","twitter_site":"@kuzeyinsesii","twitter_misc":{"Yazan:":"Haberver K\u0131br\u0131s","Tahmini okuma s\u00fcresi":"2 dakika"},"schema":{"@context":"https:\/\/schema.org","@graph":[{"@type":"Article","@id":"https:\/\/haberverkibris.com\/index.php\/2024\/08\/28\/isik-kitabevi-36nci-kitap-fuari-yarin-basliyor\/#article","isPartOf":{"@id":"https:\/\/haberverkibris.com\/index.php\/2024\/08\/28\/isik-kitabevi-36nci-kitap-fuari-yarin-basliyor\/"},"author":{"name":"Haberver K\u0131br\u0131s","@id":"https:\/\/haberverkibris.com\/#\/schema\/person\/29d65381ed43765483b5a185ded66a56"},"headline":"I\u015f\u0131k Kitabevi 36\u2019nc\u0131 Kitap Fuar\u0131 yar\u0131n ba\u015fl\u0131yor","datePublished":"2024-08-28T07:10:37+00:00","mainEntityOfPage":{"@id":"https:\/\/haberverkibris.com\/index.php\/2024\/08\/28\/isik-kitabevi-36nci-kitap-fuari-yarin-basliyor\/"},"wordCount":427,"commentCount":0,"image":{"@id":"https:\/\/haberverkibris.com\/index.php\/2024\/08\/28\/isik-kitabevi-36nci-kitap-fuari-yarin-basliyor\/#primaryimage"},"thumbnailUrl":"https:\/\/haberverkibris.com\/wp-content\/uploads\/2024\/08\/isik-kitabevi-afis-2-2-.jpg","articleSection":["K\u0131br\u0131s"],"inLanguage":"tr","potentialAction":[{"@type":"CommentAction","name":"Comment","target":["https:\/\/haberverkibris.com\/index.php\/2024\/08\/28\/isik-kitabevi-36nci-kitap-fuari-yarin-basliyor\/#respond"]}]},{"@type":"WebPage","@id":"https:\/\/haberverkibris.com\/index.php\/2024\/08\/28\/isik-kitabevi-36nci-kitap-fuari-yarin-basliyor\/","url":"https:\/\/haberverkibris.com\/index.php\/2024\/08\/28\/isik-kitabevi-36nci-kitap-fuari-yarin-basliyor\/","name":"I\u015f\u0131k Kitabevi 36\u2019nc\u0131 Kitap Fuar\u0131 yar\u0131n ba\u015fl\u0131yor - Haber Ver K\u0131br\u0131s","isPartOf":{"@id":"https:\/\/haberverkibris.com\/#website"},"primaryImageOfPage":{"@id":"https:\/\/haberverkibris.com\/index.php\/2024\/08\/28\/isik-kitabevi-36nci-kitap-fuari-yarin-basliyor\/#primaryimage"},"image":{"@id":"https:\/\/haberverkibris.com\/index.php\/2024\/08\/28\/isik-kitabevi-36nci-kitap-fuari-yarin-basliyor\/#primaryimage"},"thumbnailUrl":"https:\/\/haberverkibris.com\/wp-content\/uploads\/2024\/08\/isik-kitabevi-afis-2-2-.jpg","datePublished":"2024-08-28T07:10:37+00:00","author":{"@id":"https:\/\/haberverkibris.com\/#\/schema\/person\/29d65381ed43765483b5a185ded66a56"},"breadcrumb":{"@id":"https:\/\/haberverkibris.com\/index.php\/2024\/08\/28\/isik-kitabevi-36nci-kitap-fuari-yarin-basliyor\/#breadcrumb"},"inLanguage":"tr","potentialAction":[{"@type":"ReadAction","target":["https:\/\/haberverkibris.com\/index.php\/2024\/08\/28\/isik-kitabevi-36nci-kitap-fuari-yarin-basliyor\/"]}]},{"@type":"ImageObject","inLanguage":"tr","@id":"https:\/\/haberverkibris.com\/index.php\/2024\/08\/28\/isik-kitabevi-36nci-kitap-fuari-yarin-basliyor\/#primaryimage","url":"https:\/\/haberverkibris.com\/wp-content\/uploads\/2024\/08\/isik-kitabevi-afis-2-2-.jpg","contentUrl":"https:\/\/haberverkibris.com\/wp-content\/uploads\/2024\/08\/isik-kitabevi-afis-2-2-.jpg","width":1754,"height":2481},{"@type":"BreadcrumbList","@id":"https:\/\/haberverkibris.com\/index.php\/2024\/08\/28\/isik-kitabevi-36nci-kitap-fuari-yarin-basliyor\/#breadcrumb","itemListElement":[{"@type":"ListItem","position":1,"name":"Anasayfa","item":"https:\/\/haberverkibris.com\/"},{"@type":"ListItem","position":2,"name":"I\u015f\u0131k Kitabevi 36\u2019nc\u0131 Kitap Fuar\u0131 yar\u0131n ba\u015fl\u0131yor"}]},{"@type":"WebSite","@id":"https:\/\/haberverkibris.com\/#website","url":"https:\/\/haberverkibris.com\/","name":"Kuzeyin Sesi","description":"Do\u011fru Haberin Adresi","potentialAction":[{"@type":"SearchAction","target":{"@type":"EntryPoint","urlTemplate":"https:\/\/haberverkibris.com\/?s={search_term_string}"},"query-input":{"@type":"PropertyValueSpecification","valueRequired":true,"valueName":"search_term_string"}}],"inLanguage":"tr"},{"@type":"Person","@id":"https:\/\/haberverkibris.com\/#\/schema\/person\/29d65381ed43765483b5a185ded66a56","name":"Haberver K\u0131br\u0131s","image":{"@type":"ImageObject","inLanguage":"tr","@id":"https:\/\/secure.gravatar.com\/avatar\/bab33852abfd8b282518d6ed81826833d77c3c882d9ab608add591ccace47a44?s=96&d=mm&r=g","url":"https:\/\/secure.gravatar.com\/avatar\/bab33852abfd8b282518d6ed81826833d77c3c882d9ab608add591ccace47a44?s=96&d=mm&r=g","contentUrl":"https:\/\/secure.gravatar.com\/avatar\/bab33852abfd8b282518d6ed81826833d77c3c882d9ab608add591ccace47a44?s=96&d=mm&r=g","caption":"Haberver K\u0131br\u0131s"},"sameAs":["https:\/\/haberverkibris.com"],"url":"https:\/\/haberverkibris.com\/index.php\/author\/guven\/"}]}},"_links":{"self":[{"href":"https:\/\/haberverkibris.com\/index.php\/wp-json\/wp\/v2\/posts\/8690","targetHints":{"allow":["GET"]}}],"collection":[{"href":"https:\/\/haberverkibris.com\/index.php\/wp-json\/wp\/v2\/posts"}],"about":[{"href":"https:\/\/haberverkibris.com\/index.php\/wp-json\/wp\/v2\/types\/post"}],"author":[{"embeddable":true,"href":"https:\/\/haberverkibris.com\/index.php\/wp-json\/wp\/v2\/users\/1"}],"replies":[{"embeddable":true,"href":"https:\/\/haberverkibris.com\/index.php\/wp-json\/wp\/v2\/comments?post=8690"}],"version-history":[{"count":0,"href":"https:\/\/haberverkibris.com\/index.php\/wp-json\/wp\/v2\/posts\/8690\/revisions"}],"wp:featuredmedia":[{"embeddable":true,"href":"https:\/\/haberverkibris.com\/index.php\/wp-json\/wp\/v2\/media\/8691"}],"wp:attachment":[{"href":"https:\/\/haberverkibris.com\/index.php\/wp-json\/wp\/v2\/media?parent=8690"}],"wp:term":[{"taxonomy":"category","embeddable":true,"href":"https:\/\/haberverkibris.com\/index.php\/wp-json\/wp\/v2\/categories?post=8690"},{"taxonomy":"post_tag","embeddable":true,"href":"https:\/\/haberverkibris.com\/index.php\/wp-json\/wp\/v2\/tags?post=8690"}],"curies":[{"name":"wp","href":"https:\/\/api.w.org\/{rel}","templated":true}]}}