{"id":823,"date":"2024-04-28T21:27:10","date_gmt":"2024-04-28T18:27:10","guid":{"rendered":"https:\/\/kuzeyinsesi.com\/index.php\/2024\/04\/28\/abdli-senator-sanders-netanyahunun-gazzede-etnik-temizlik-yaptigini-soyledi\/"},"modified":"2024-04-28T21:27:10","modified_gmt":"2024-04-28T18:27:10","slug":"abdli-senator-sanders-netanyahunun-gazzede-etnik-temizlik-yaptigini-soyledi","status":"publish","type":"post","link":"https:\/\/haberverkibris.com\/index.php\/2024\/04\/28\/abdli-senator-sanders-netanyahunun-gazzede-etnik-temizlik-yaptigini-soyledi\/","title":{"rendered":"ABD&#039;li Senat\u00f6r Sanders Netanyahu&#039;nun Gazze&#039;de etnik temizlik yapt\u0131\u011f\u0131n\u0131 s\u00f6yledi"},"content":{"rendered":"<p><\/p>\n<div>\n<p>&#13;<br \/>\n\t<a href=\"https:\/\/www.trthaber.com\/etiket\/abd\/\" target=\"_blank\" rel=\"noopener\">ABD<\/a> Senatosundaki \u00f6nemli Yahudi isimlerden biri olan ba\u011f\u0131ms\u0131z Vermont Senat\u00f6r\u00fc Sanders, CNN&#8217;in &#8220;State of the Union&#8221; program\u0131na konuk oldu.<\/p>\n<p>&#13;<br \/>\n\tABD&#8217;deki \u00fcniversitelerde s\u00fcren Filistin&#8217;e destek g\u00f6sterilerinde Yahudi kar\u015f\u0131t\u0131 s\u00f6ylemlerin sorulmas\u0131 \u00fczerine Sanders, Yahudi kar\u015f\u0131tl\u0131\u011f\u0131yla beraber her t\u00fcrl\u00fc nefret su\u00e7u ve \u0130slam kar\u015f\u0131tl\u0131\u011f\u0131na (\u0130slamofobi) da kar\u015f\u0131 \u00e7\u0131k\u0131lmas\u0131 gerekti\u011fini vurgulad\u0131.<\/p>\n<p>&#13;<br \/>\n\tSunucunun \u0131srarla \u00fcniversitelerde Yahudi \u00f6\u011frencilerin ma\u011fduriyetini \u00f6n plana \u00e7\u0131karma \u00e7abalar\u0131na ili\u015fkin Sander, kendisinin de Yahudi oldu\u011funu ve odaklan\u0131lmas\u0131 gereken konunun <a href=\"https:\/\/www.trthaber.com\/etiket\/israil\/\" target=\"_blank\" rel=\"noopener\">\u0130srail<\/a> Ba\u015fbakan\u0131 Binyamin Netanyahu&#8217;nun Gazze&#8217;de yol a\u00e7t\u0131\u011f\u0131 insani facia oldu\u011funu dile getirdi.<\/p>\n<p>&#13;<br \/>\n\tSanders, \u0130srail&#8217;in Gazze&#8217;de sistematik \u015fekilde sa\u011fl\u0131k sistemi ile esasen t\u00fcm Gazze&#8217;yi yok etmeye \u00e7al\u0131\u015ft\u0131\u011f\u0131n\u0131 belirterek, &#8220;Amerikan halk\u0131n\u0131n \u00e7o\u011fu Netanyahu&#8217;nun <a href=\"https:\/\/www.trthaber.com\/etiket\/savas\/\" target=\"_blank\" rel=\"noopener\">sava\u015f<\/a> makinesinden i\u011freniyor ve ABD&#8217;nin buna destek olmas\u0131na kar\u015f\u0131 \u00e7\u0131k\u0131yor&#8221; dedi.<\/p>\n<p>&#13;<br \/>\n\t<strong>&#8220;Gazze halk\u0131n\u0131n y\u00fczde 80&#8217;ini yerinden etti&#8221;<\/strong><\/p>\n<p>&#13;<br \/>\n\t\u0130srail&#8217;in 6,5 ayda <a href=\"https:\/\/www.trthaber.com\/etiket\/gazze\/\" target=\"_blank\" rel=\"noopener\">Gazze<\/a> toplumunun y\u00fczde 5&#8217;ini \u00f6ld\u00fcrd\u00fc\u011f\u00fcn\u00fc, bunun modern sava\u015f tarihinde g\u00f6r\u00fclmemi\u015f bir oran oldu\u011funu belirterek, &#8220;Netanyahu bunun hesab\u0131n\u0131 vermeli&#8221; diye konu\u015ftu.<\/p>\n<p>&#13;<br \/>\n\tSanders, <a href=\"https:\/\/www.trthaber.com\/etiket\/soykirim\/\" target=\"_blank\" rel=\"noopener\">soyk\u0131r\u0131m<\/a> tan\u0131mlamas\u0131n\u0131n mahkemelerce yap\u0131ld\u0131\u011f\u0131na i\u015faret ederek, &#8220;Ancak Netanyahu&#8217;nun Gazze&#8217;de etnik temizlik yapt\u0131\u011f\u0131 tart\u0131\u015fma g\u00f6t\u00fcrmez bir konu. Gazze halk\u0131n\u0131n y\u00fczde 80&#8217;ini yerinden etti. \u015eimdi de g\u00fcvenli diye insanlar\u0131n s\u0131\u011f\u0131nd\u0131\u011f\u0131 Refah&#8217;a sald\u0131r\u0131 tehdidinde bulunuyor. Bu kabul edilemez&#8221; ifadelerini kulland\u0131.<\/p>\n<\/p><\/div>\n","protected":false},"excerpt":{"rendered":"<p>&#13; ABD Senatosundaki \u00f6nemli Yahudi isimlerden biri olan ba\u011f\u0131ms\u0131z Vermont Senat\u00f6r\u00fc Sanders, CNN&#8217;in &#8220;State of the Union&#8221; program\u0131na konuk oldu. &#13; ABD&#8217;deki \u00fcniversitelerde s\u00fcren Filistin&#8217;e destek g\u00f6sterilerinde Yahudi kar\u015f\u0131t\u0131 s\u00f6ylemlerin sorulmas\u0131 \u00fczerine Sanders, Yahudi kar\u015f\u0131tl\u0131\u011f\u0131yla beraber her t\u00fcrl\u00fc nefret su\u00e7u ve \u0130slam kar\u015f\u0131tl\u0131\u011f\u0131na (\u0130slamofobi) da kar\u015f\u0131 \u00e7\u0131k\u0131lmas\u0131 gerekti\u011fini vurgulad\u0131. &#13; Sunucunun \u0131srarla \u00fcniversitelerde Yahudi \u00f6\u011frencilerin [&hellip;]<\/p>\n","protected":false},"author":1,"featured_media":824,"comment_status":"open","ping_status":"open","sticky":false,"template":"","format":"standard","meta":{"jnews-multi-image_gallery":[],"jnews_single_post":[],"jnews_primary_category":[],"jnews_social_meta":[],"jnews_override_counter":[],"footnotes":""},"categories":[2],"tags":[],"class_list":["post-823","post","type-post","status-publish","format-standard","has-post-thumbnail","hentry","category-dunya"],"yoast_head":"<!-- This site is optimized with the Yoast SEO plugin v27.5 - https:\/\/yoast.com\/product\/yoast-seo-wordpress\/ -->\n<title>ABD&#039;li Senat\u00f6r Sanders Netanyahu&#039;nun Gazze&#039;de etnik temizlik yapt\u0131\u011f\u0131n\u0131 s\u00f6yledi - Haber Ver K\u0131br\u0131s<\/title>\n<meta name=\"robots\" content=\"index, follow, max-snippet:-1, max-image-preview:large, max-video-preview:-1\" \/>\n<link rel=\"canonical\" href=\"https:\/\/haberverkibris.com\/index.php\/2024\/04\/28\/abdli-senator-sanders-netanyahunun-gazzede-etnik-temizlik-yaptigini-soyledi\/\" \/>\n<meta property=\"og:locale\" content=\"tr_TR\" \/>\n<meta property=\"og:type\" content=\"article\" \/>\n<meta property=\"og:title\" content=\"ABD&#039;li Senat\u00f6r Sanders Netanyahu&#039;nun Gazze&#039;de etnik temizlik yapt\u0131\u011f\u0131n\u0131 s\u00f6yledi - Haber Ver K\u0131br\u0131s\" \/>\n<meta property=\"og:description\" content=\"&#013; ABD Senatosundaki \u00f6nemli Yahudi isimlerden biri olan ba\u011f\u0131ms\u0131z Vermont Senat\u00f6r\u00fc Sanders, CNN&#8217;in &#8220;State of the Union&#8221; program\u0131na konuk oldu. &#013; ABD&#8217;deki \u00fcniversitelerde s\u00fcren Filistin&#8217;e destek g\u00f6sterilerinde Yahudi kar\u015f\u0131t\u0131 s\u00f6ylemlerin sorulmas\u0131 \u00fczerine Sanders, Yahudi kar\u015f\u0131tl\u0131\u011f\u0131yla beraber her t\u00fcrl\u00fc nefret su\u00e7u ve \u0130slam kar\u015f\u0131tl\u0131\u011f\u0131na (\u0130slamofobi) da kar\u015f\u0131 \u00e7\u0131k\u0131lmas\u0131 gerekti\u011fini vurgulad\u0131. &#013; Sunucunun \u0131srarla \u00fcniversitelerde Yahudi \u00f6\u011frencilerin [&hellip;]\" \/>\n<meta property=\"og:url\" content=\"https:\/\/haberverkibris.com\/index.php\/2024\/04\/28\/abdli-senator-sanders-netanyahunun-gazzede-etnik-temizlik-yaptigini-soyledi\/\" \/>\n<meta property=\"og:site_name\" content=\"Haber Ver K\u0131br\u0131s\" \/>\n<meta property=\"article:publisher\" content=\"https:\/\/www.facebook.com\/kuzeyinsesii\" \/>\n<meta property=\"article:published_time\" content=\"2024-04-28T18:27:10+00:00\" \/>\n<meta property=\"og:image\" content=\"https:\/\/haberverkibris.com\/wp-content\/uploads\/2024\/04\/1714328832_bernie-sanders-reu-1581143.jpg\" \/>\n\t<meta property=\"og:image:width\" content=\"1280\" \/>\n\t<meta property=\"og:image:height\" content=\"720\" \/>\n\t<meta property=\"og:image:type\" content=\"image\/jpeg\" \/>\n<meta name=\"author\" content=\"Haberver K\u0131br\u0131s\" \/>\n<meta name=\"twitter:card\" content=\"summary_large_image\" \/>\n<meta name=\"twitter:creator\" content=\"@kuzeyinsesii\" \/>\n<meta name=\"twitter:site\" content=\"@kuzeyinsesii\" \/>\n<meta name=\"twitter:label1\" content=\"Yazan:\" \/>\n\t<meta name=\"twitter:data1\" content=\"Haberver K\u0131br\u0131s\" \/>\n\t<meta name=\"twitter:label2\" content=\"Tahmini okuma s\u00fcresi\" \/>\n\t<meta name=\"twitter:data2\" content=\"1 dakika\" \/>\n<script type=\"application\/ld+json\" class=\"yoast-schema-graph\">{\"@context\":\"https:\\\/\\\/schema.org\",\"@graph\":[{\"@type\":\"Article\",\"@id\":\"https:\\\/\\\/haberverkibris.com\\\/index.php\\\/2024\\\/04\\\/28\\\/abdli-senator-sanders-netanyahunun-gazzede-etnik-temizlik-yaptigini-soyledi\\\/#article\",\"isPartOf\":{\"@id\":\"https:\\\/\\\/haberverkibris.com\\\/index.php\\\/2024\\\/04\\\/28\\\/abdli-senator-sanders-netanyahunun-gazzede-etnik-temizlik-yaptigini-soyledi\\\/\"},\"author\":{\"name\":\"Haberver K\u0131br\u0131s\",\"@id\":\"https:\\\/\\\/haberverkibris.com\\\/#\\\/schema\\\/person\\\/29d65381ed43765483b5a185ded66a56\"},\"headline\":\"ABD&#039;li Senat\u00f6r Sanders Netanyahu&#039;nun Gazze&#039;de etnik temizlik yapt\u0131\u011f\u0131n\u0131 s\u00f6yledi\",\"datePublished\":\"2024-04-28T18:27:10+00:00\",\"mainEntityOfPage\":{\"@id\":\"https:\\\/\\\/haberverkibris.com\\\/index.php\\\/2024\\\/04\\\/28\\\/abdli-senator-sanders-netanyahunun-gazzede-etnik-temizlik-yaptigini-soyledi\\\/\"},\"wordCount\":268,\"commentCount\":0,\"image\":{\"@id\":\"https:\\\/\\\/haberverkibris.com\\\/index.php\\\/2024\\\/04\\\/28\\\/abdli-senator-sanders-netanyahunun-gazzede-etnik-temizlik-yaptigini-soyledi\\\/#primaryimage\"},\"thumbnailUrl\":\"https:\\\/\\\/haberverkibris.com\\\/wp-content\\\/uploads\\\/2024\\\/04\\\/1714328832_bernie-sanders-reu-1581143.jpg\",\"articleSection\":[\"D\u00fcnya\"],\"inLanguage\":\"tr\",\"potentialAction\":[{\"@type\":\"CommentAction\",\"name\":\"Comment\",\"target\":[\"https:\\\/\\\/haberverkibris.com\\\/index.php\\\/2024\\\/04\\\/28\\\/abdli-senator-sanders-netanyahunun-gazzede-etnik-temizlik-yaptigini-soyledi\\\/#respond\"]}]},{\"@type\":\"WebPage\",\"@id\":\"https:\\\/\\\/haberverkibris.com\\\/index.php\\\/2024\\\/04\\\/28\\\/abdli-senator-sanders-netanyahunun-gazzede-etnik-temizlik-yaptigini-soyledi\\\/\",\"url\":\"https:\\\/\\\/haberverkibris.com\\\/index.php\\\/2024\\\/04\\\/28\\\/abdli-senator-sanders-netanyahunun-gazzede-etnik-temizlik-yaptigini-soyledi\\\/\",\"name\":\"ABD&#039;li Senat\u00f6r Sanders Netanyahu&#039;nun Gazze&#039;de etnik temizlik yapt\u0131\u011f\u0131n\u0131 s\u00f6yledi - Haber Ver K\u0131br\u0131s\",\"isPartOf\":{\"@id\":\"https:\\\/\\\/haberverkibris.com\\\/#website\"},\"primaryImageOfPage\":{\"@id\":\"https:\\\/\\\/haberverkibris.com\\\/index.php\\\/2024\\\/04\\\/28\\\/abdli-senator-sanders-netanyahunun-gazzede-etnik-temizlik-yaptigini-soyledi\\\/#primaryimage\"},\"image\":{\"@id\":\"https:\\\/\\\/haberverkibris.com\\\/index.php\\\/2024\\\/04\\\/28\\\/abdli-senator-sanders-netanyahunun-gazzede-etnik-temizlik-yaptigini-soyledi\\\/#primaryimage\"},\"thumbnailUrl\":\"https:\\\/\\\/haberverkibris.com\\\/wp-content\\\/uploads\\\/2024\\\/04\\\/1714328832_bernie-sanders-reu-1581143.jpg\",\"datePublished\":\"2024-04-28T18:27:10+00:00\",\"author\":{\"@id\":\"https:\\\/\\\/haberverkibris.com\\\/#\\\/schema\\\/person\\\/29d65381ed43765483b5a185ded66a56\"},\"breadcrumb\":{\"@id\":\"https:\\\/\\\/haberverkibris.com\\\/index.php\\\/2024\\\/04\\\/28\\\/abdli-senator-sanders-netanyahunun-gazzede-etnik-temizlik-yaptigini-soyledi\\\/#breadcrumb\"},\"inLanguage\":\"tr\",\"potentialAction\":[{\"@type\":\"ReadAction\",\"target\":[\"https:\\\/\\\/haberverkibris.com\\\/index.php\\\/2024\\\/04\\\/28\\\/abdli-senator-sanders-netanyahunun-gazzede-etnik-temizlik-yaptigini-soyledi\\\/\"]}]},{\"@type\":\"ImageObject\",\"inLanguage\":\"tr\",\"@id\":\"https:\\\/\\\/haberverkibris.com\\\/index.php\\\/2024\\\/04\\\/28\\\/abdli-senator-sanders-netanyahunun-gazzede-etnik-temizlik-yaptigini-soyledi\\\/#primaryimage\",\"url\":\"https:\\\/\\\/haberverkibris.com\\\/wp-content\\\/uploads\\\/2024\\\/04\\\/1714328832_bernie-sanders-reu-1581143.jpg\",\"contentUrl\":\"https:\\\/\\\/haberverkibris.com\\\/wp-content\\\/uploads\\\/2024\\\/04\\\/1714328832_bernie-sanders-reu-1581143.jpg\",\"width\":1280,\"height\":720},{\"@type\":\"BreadcrumbList\",\"@id\":\"https:\\\/\\\/haberverkibris.com\\\/index.php\\\/2024\\\/04\\\/28\\\/abdli-senator-sanders-netanyahunun-gazzede-etnik-temizlik-yaptigini-soyledi\\\/#breadcrumb\",\"itemListElement\":[{\"@type\":\"ListItem\",\"position\":1,\"name\":\"Anasayfa\",\"item\":\"https:\\\/\\\/haberverkibris.com\\\/\"},{\"@type\":\"ListItem\",\"position\":2,\"name\":\"ABD&#039;li Senat\u00f6r Sanders Netanyahu&#039;nun Gazze&#039;de etnik temizlik yapt\u0131\u011f\u0131n\u0131 s\u00f6yledi\"}]},{\"@type\":\"WebSite\",\"@id\":\"https:\\\/\\\/haberverkibris.com\\\/#website\",\"url\":\"https:\\\/\\\/haberverkibris.com\\\/\",\"name\":\"Kuzeyin Sesi\",\"description\":\"Do\u011fru Haberin Adresi\",\"potentialAction\":[{\"@type\":\"SearchAction\",\"target\":{\"@type\":\"EntryPoint\",\"urlTemplate\":\"https:\\\/\\\/haberverkibris.com\\\/?s={search_term_string}\"},\"query-input\":{\"@type\":\"PropertyValueSpecification\",\"valueRequired\":true,\"valueName\":\"search_term_string\"}}],\"inLanguage\":\"tr\"},{\"@type\":\"Person\",\"@id\":\"https:\\\/\\\/haberverkibris.com\\\/#\\\/schema\\\/person\\\/29d65381ed43765483b5a185ded66a56\",\"name\":\"Haberver K\u0131br\u0131s\",\"image\":{\"@type\":\"ImageObject\",\"inLanguage\":\"tr\",\"@id\":\"https:\\\/\\\/secure.gravatar.com\\\/avatar\\\/bab33852abfd8b282518d6ed81826833d77c3c882d9ab608add591ccace47a44?s=96&d=mm&r=g\",\"url\":\"https:\\\/\\\/secure.gravatar.com\\\/avatar\\\/bab33852abfd8b282518d6ed81826833d77c3c882d9ab608add591ccace47a44?s=96&d=mm&r=g\",\"contentUrl\":\"https:\\\/\\\/secure.gravatar.com\\\/avatar\\\/bab33852abfd8b282518d6ed81826833d77c3c882d9ab608add591ccace47a44?s=96&d=mm&r=g\",\"caption\":\"Haberver K\u0131br\u0131s\"},\"sameAs\":[\"https:\\\/\\\/haberverkibris.com\"],\"url\":\"https:\\\/\\\/haberverkibris.com\\\/index.php\\\/author\\\/guven\\\/\"}]}<\/script>\n<!-- \/ Yoast SEO plugin. -->","yoast_head_json":{"title":"ABD&#039;li Senat\u00f6r Sanders Netanyahu&#039;nun Gazze&#039;de etnik temizlik yapt\u0131\u011f\u0131n\u0131 s\u00f6yledi - Haber Ver K\u0131br\u0131s","robots":{"index":"index","follow":"follow","max-snippet":"max-snippet:-1","max-image-preview":"max-image-preview:large","max-video-preview":"max-video-preview:-1"},"canonical":"https:\/\/haberverkibris.com\/index.php\/2024\/04\/28\/abdli-senator-sanders-netanyahunun-gazzede-etnik-temizlik-yaptigini-soyledi\/","og_locale":"tr_TR","og_type":"article","og_title":"ABD&#039;li Senat\u00f6r Sanders Netanyahu&#039;nun Gazze&#039;de etnik temizlik yapt\u0131\u011f\u0131n\u0131 s\u00f6yledi - Haber Ver K\u0131br\u0131s","og_description":"&#13; ABD Senatosundaki \u00f6nemli Yahudi isimlerden biri olan ba\u011f\u0131ms\u0131z Vermont Senat\u00f6r\u00fc Sanders, CNN&#8217;in &#8220;State of the Union&#8221; program\u0131na konuk oldu. &#13; ABD&#8217;deki \u00fcniversitelerde s\u00fcren Filistin&#8217;e destek g\u00f6sterilerinde Yahudi kar\u015f\u0131t\u0131 s\u00f6ylemlerin sorulmas\u0131 \u00fczerine Sanders, Yahudi kar\u015f\u0131tl\u0131\u011f\u0131yla beraber her t\u00fcrl\u00fc nefret su\u00e7u ve \u0130slam kar\u015f\u0131tl\u0131\u011f\u0131na (\u0130slamofobi) da kar\u015f\u0131 \u00e7\u0131k\u0131lmas\u0131 gerekti\u011fini vurgulad\u0131. &#13; Sunucunun \u0131srarla \u00fcniversitelerde Yahudi \u00f6\u011frencilerin [&hellip;]","og_url":"https:\/\/haberverkibris.com\/index.php\/2024\/04\/28\/abdli-senator-sanders-netanyahunun-gazzede-etnik-temizlik-yaptigini-soyledi\/","og_site_name":"Haber Ver K\u0131br\u0131s","article_publisher":"https:\/\/www.facebook.com\/kuzeyinsesii","article_published_time":"2024-04-28T18:27:10+00:00","og_image":[{"width":1280,"height":720,"url":"https:\/\/haberverkibris.com\/wp-content\/uploads\/2024\/04\/1714328832_bernie-sanders-reu-1581143.jpg","type":"image\/jpeg"}],"author":"Haberver K\u0131br\u0131s","twitter_card":"summary_large_image","twitter_creator":"@kuzeyinsesii","twitter_site":"@kuzeyinsesii","twitter_misc":{"Yazan:":"Haberver K\u0131br\u0131s","Tahmini okuma s\u00fcresi":"1 dakika"},"schema":{"@context":"https:\/\/schema.org","@graph":[{"@type":"Article","@id":"https:\/\/haberverkibris.com\/index.php\/2024\/04\/28\/abdli-senator-sanders-netanyahunun-gazzede-etnik-temizlik-yaptigini-soyledi\/#article","isPartOf":{"@id":"https:\/\/haberverkibris.com\/index.php\/2024\/04\/28\/abdli-senator-sanders-netanyahunun-gazzede-etnik-temizlik-yaptigini-soyledi\/"},"author":{"name":"Haberver K\u0131br\u0131s","@id":"https:\/\/haberverkibris.com\/#\/schema\/person\/29d65381ed43765483b5a185ded66a56"},"headline":"ABD&#039;li Senat\u00f6r Sanders Netanyahu&#039;nun Gazze&#039;de etnik temizlik yapt\u0131\u011f\u0131n\u0131 s\u00f6yledi","datePublished":"2024-04-28T18:27:10+00:00","mainEntityOfPage":{"@id":"https:\/\/haberverkibris.com\/index.php\/2024\/04\/28\/abdli-senator-sanders-netanyahunun-gazzede-etnik-temizlik-yaptigini-soyledi\/"},"wordCount":268,"commentCount":0,"image":{"@id":"https:\/\/haberverkibris.com\/index.php\/2024\/04\/28\/abdli-senator-sanders-netanyahunun-gazzede-etnik-temizlik-yaptigini-soyledi\/#primaryimage"},"thumbnailUrl":"https:\/\/haberverkibris.com\/wp-content\/uploads\/2024\/04\/1714328832_bernie-sanders-reu-1581143.jpg","articleSection":["D\u00fcnya"],"inLanguage":"tr","potentialAction":[{"@type":"CommentAction","name":"Comment","target":["https:\/\/haberverkibris.com\/index.php\/2024\/04\/28\/abdli-senator-sanders-netanyahunun-gazzede-etnik-temizlik-yaptigini-soyledi\/#respond"]}]},{"@type":"WebPage","@id":"https:\/\/haberverkibris.com\/index.php\/2024\/04\/28\/abdli-senator-sanders-netanyahunun-gazzede-etnik-temizlik-yaptigini-soyledi\/","url":"https:\/\/haberverkibris.com\/index.php\/2024\/04\/28\/abdli-senator-sanders-netanyahunun-gazzede-etnik-temizlik-yaptigini-soyledi\/","name":"ABD&#039;li Senat\u00f6r Sanders Netanyahu&#039;nun Gazze&#039;de etnik temizlik yapt\u0131\u011f\u0131n\u0131 s\u00f6yledi - Haber Ver K\u0131br\u0131s","isPartOf":{"@id":"https:\/\/haberverkibris.com\/#website"},"primaryImageOfPage":{"@id":"https:\/\/haberverkibris.com\/index.php\/2024\/04\/28\/abdli-senator-sanders-netanyahunun-gazzede-etnik-temizlik-yaptigini-soyledi\/#primaryimage"},"image":{"@id":"https:\/\/haberverkibris.com\/index.php\/2024\/04\/28\/abdli-senator-sanders-netanyahunun-gazzede-etnik-temizlik-yaptigini-soyledi\/#primaryimage"},"thumbnailUrl":"https:\/\/haberverkibris.com\/wp-content\/uploads\/2024\/04\/1714328832_bernie-sanders-reu-1581143.jpg","datePublished":"2024-04-28T18:27:10+00:00","author":{"@id":"https:\/\/haberverkibris.com\/#\/schema\/person\/29d65381ed43765483b5a185ded66a56"},"breadcrumb":{"@id":"https:\/\/haberverkibris.com\/index.php\/2024\/04\/28\/abdli-senator-sanders-netanyahunun-gazzede-etnik-temizlik-yaptigini-soyledi\/#breadcrumb"},"inLanguage":"tr","potentialAction":[{"@type":"ReadAction","target":["https:\/\/haberverkibris.com\/index.php\/2024\/04\/28\/abdli-senator-sanders-netanyahunun-gazzede-etnik-temizlik-yaptigini-soyledi\/"]}]},{"@type":"ImageObject","inLanguage":"tr","@id":"https:\/\/haberverkibris.com\/index.php\/2024\/04\/28\/abdli-senator-sanders-netanyahunun-gazzede-etnik-temizlik-yaptigini-soyledi\/#primaryimage","url":"https:\/\/haberverkibris.com\/wp-content\/uploads\/2024\/04\/1714328832_bernie-sanders-reu-1581143.jpg","contentUrl":"https:\/\/haberverkibris.com\/wp-content\/uploads\/2024\/04\/1714328832_bernie-sanders-reu-1581143.jpg","width":1280,"height":720},{"@type":"BreadcrumbList","@id":"https:\/\/haberverkibris.com\/index.php\/2024\/04\/28\/abdli-senator-sanders-netanyahunun-gazzede-etnik-temizlik-yaptigini-soyledi\/#breadcrumb","itemListElement":[{"@type":"ListItem","position":1,"name":"Anasayfa","item":"https:\/\/haberverkibris.com\/"},{"@type":"ListItem","position":2,"name":"ABD&#039;li Senat\u00f6r Sanders Netanyahu&#039;nun Gazze&#039;de etnik temizlik yapt\u0131\u011f\u0131n\u0131 s\u00f6yledi"}]},{"@type":"WebSite","@id":"https:\/\/haberverkibris.com\/#website","url":"https:\/\/haberverkibris.com\/","name":"Kuzeyin Sesi","description":"Do\u011fru Haberin Adresi","potentialAction":[{"@type":"SearchAction","target":{"@type":"EntryPoint","urlTemplate":"https:\/\/haberverkibris.com\/?s={search_term_string}"},"query-input":{"@type":"PropertyValueSpecification","valueRequired":true,"valueName":"search_term_string"}}],"inLanguage":"tr"},{"@type":"Person","@id":"https:\/\/haberverkibris.com\/#\/schema\/person\/29d65381ed43765483b5a185ded66a56","name":"Haberver K\u0131br\u0131s","image":{"@type":"ImageObject","inLanguage":"tr","@id":"https:\/\/secure.gravatar.com\/avatar\/bab33852abfd8b282518d6ed81826833d77c3c882d9ab608add591ccace47a44?s=96&d=mm&r=g","url":"https:\/\/secure.gravatar.com\/avatar\/bab33852abfd8b282518d6ed81826833d77c3c882d9ab608add591ccace47a44?s=96&d=mm&r=g","contentUrl":"https:\/\/secure.gravatar.com\/avatar\/bab33852abfd8b282518d6ed81826833d77c3c882d9ab608add591ccace47a44?s=96&d=mm&r=g","caption":"Haberver K\u0131br\u0131s"},"sameAs":["https:\/\/haberverkibris.com"],"url":"https:\/\/haberverkibris.com\/index.php\/author\/guven\/"}]}},"_links":{"self":[{"href":"https:\/\/haberverkibris.com\/index.php\/wp-json\/wp\/v2\/posts\/823","targetHints":{"allow":["GET"]}}],"collection":[{"href":"https:\/\/haberverkibris.com\/index.php\/wp-json\/wp\/v2\/posts"}],"about":[{"href":"https:\/\/haberverkibris.com\/index.php\/wp-json\/wp\/v2\/types\/post"}],"author":[{"embeddable":true,"href":"https:\/\/haberverkibris.com\/index.php\/wp-json\/wp\/v2\/users\/1"}],"replies":[{"embeddable":true,"href":"https:\/\/haberverkibris.com\/index.php\/wp-json\/wp\/v2\/comments?post=823"}],"version-history":[{"count":0,"href":"https:\/\/haberverkibris.com\/index.php\/wp-json\/wp\/v2\/posts\/823\/revisions"}],"wp:featuredmedia":[{"embeddable":true,"href":"https:\/\/haberverkibris.com\/index.php\/wp-json\/wp\/v2\/media\/824"}],"wp:attachment":[{"href":"https:\/\/haberverkibris.com\/index.php\/wp-json\/wp\/v2\/media?parent=823"}],"wp:term":[{"taxonomy":"category","embeddable":true,"href":"https:\/\/haberverkibris.com\/index.php\/wp-json\/wp\/v2\/categories?post=823"},{"taxonomy":"post_tag","embeddable":true,"href":"https:\/\/haberverkibris.com\/index.php\/wp-json\/wp\/v2\/tags?post=823"}],"curies":[{"name":"wp","href":"https:\/\/api.w.org\/{rel}","templated":true}]}}