{"id":791,"date":"2024-04-28T14:52:16","date_gmt":"2024-04-28T11:52:16","guid":{"rendered":"https:\/\/kuzeyinsesi.com\/index.php\/2024\/04\/28\/oguzhan-hasipoglu-isias-davasinin-olasi-kasta-donmesi-gerektigini-bir-kez-daha-gozlemledik\/"},"modified":"2024-04-28T14:52:16","modified_gmt":"2024-04-28T11:52:16","slug":"oguzhan-hasipoglu-isias-davasinin-olasi-kasta-donmesi-gerektigini-bir-kez-daha-gozlemledik","status":"publish","type":"post","link":"https:\/\/haberverkibris.com\/index.php\/2024\/04\/28\/oguzhan-hasipoglu-isias-davasinin-olasi-kasta-donmesi-gerektigini-bir-kez-daha-gozlemledik\/","title":{"rendered":"O\u011fuzhan Hasipo\u011flu: \u0130sias davas\u0131n\u0131n olas\u0131 kasta d\u00f6nmesi gerekti\u011fini bir kez daha g\u00f6zlemledik"},"content":{"rendered":"<div>\n<div class=\"mariselle-image-container center\">\n                                            <\/div>\n<p>T\u00fcrkiye Cumhuriyeti\u2019ndeki Depremle \u0130lgili Hukuki ve Adli S\u00fcrecin \u0130zlenmesine \u0130li\u015fkin Olu\u015fturulan Ge\u00e7ici ve \u00d6zel Komitesi Ba\u015fkan\u0131, UBP Genel Sekreteri ve Milletvekili O\u011fuzhan Hasipo\u011flu, \u015eampiyon Melekler i\u00e7in iktidar\u0131yla muhalefetiyle ilk g\u00fcnden beri adalet aray\u0131\u015f\u0131 i\u00e7in m\u00fccadeleye destek verdiklerine i\u015faret ederek, adaletin er ya da ge\u00e7 tecelli edece\u011fini vurgulad\u0131.<\/p>\n<p>Ad\u0131yaman\u2019da \u0130sias Davas\u0131\u2019n\u0131, komite \u00fcyeleriyle takip eden Hasipo\u011flu, ara karar\u0131 de\u011ferlendirdi.<\/p>\n<p>\u2019Mahkeme \u00f6n\u00fcndeki t\u00fcm bilirki\u015fi ve tan\u0131k ifadelerinde otelin y\u0131k\u0131l\u0131\u015f\u0131nda asli kusurlu olduklar\u0131 \u015f\u00fcphe g\u00f6t\u00fcrmez bir maddi vak\u0131a iken, Bozkurt ailesinin hala \u201cbizim otelimiz sa\u011flamd\u0131, biz yanl\u0131\u015f yapmad\u0131k\u201d diyebilmesini hayretler i\u00e7erisinde dinlediklerini  ifade eden Hasipo\u011flu, \u201cMahkemeye temiz ellerle gelmeyenlerin iddialar\u0131, dikkate al\u0131nmayacakt\u0131r\u201d ifadelerini kulland\u0131.<\/p>\n<p>Mahkemenin sab\u0131rla herkese s\u00f6z hakk\u0131 verdi\u011fini kaydeden Hasipo\u011flu, \u201c26 Nisan tarihli duru\u015fmada dinledi\u011fimiz bilirki\u015filerin uzman \u015fahadetlerinden\u201d olay\u0131n olas\u0131 kasta d\u00f6nmesi gerekti\u011fini a\u00e7\u0131k\u00e7a g\u00f6r\u00fcyoruz\u201d dedi.<\/p>\n<p>\u0130fadelerden bilgi notuyla in\u015faat ruhsat\u0131 al\u0131nd\u0131\u011f\u0131 ve bunun da kalemle yaz\u0131larak yap\u0131ld\u0131\u011f\u0131 ger\u00e7e\u011finin ortaya \u00e7\u0131kt\u0131\u011f\u0131n\u0131 s\u00f6yleyen Hasipo\u011flu, \u201cOrtada cinayet dedirtecek eylem ve ihmallerin oldu\u011funu anl\u0131yoruz\u201d \u015feklinde konu\u015ftu.<\/p>\n<p>Hasipo\u011flu, san\u0131klar\u0131n olas\u0131 kas\u0131tla yarg\u0131lanmas\u0131 gerekti\u011fini belirtti.<\/p>\n<p>Komite Ba\u015fkan\u0131 O\u011fuzhan Hasipo\u011flu, \u201cAra karar\u0131n okunarak, mahkeme 12 Haziran 2024 \u00c7ar\u015famba g\u00fcn\u00fcne ertelenmi\u015ftir. Tutuklu san\u0131klar Ahmet Bozkurt, Mehmet Fatih Bozkurt ve Erdem Y\u0131ld\u0131z\u2019\u0131n tutukluluk hallerinin devam\u0131na karar verilmi\u015ftir. Duru\u015fman\u0131n ana eksenini olu\u015fturan Gazi \u00dcniversitesi\u2019nden gelen bilirki\u015fi raporu \u00fczerindeki tart\u0131\u015fmalar ve ele\u015ftirilerin dikkate al\u0131narak, mahkeme, dosyan\u0131n yeni bir \u00fcniversiteye yeni bir bilirki\u015fi raporu haz\u0131rlamas\u0131 karar\u0131n\u0131 alm\u0131\u015ft\u0131r\u201d dedi<\/p>\n<p>Bilirki\u015fi raporunun hayati \u00f6nem ta\u015f\u0131yan bir delil niteli\u011finde oldu\u011funda i\u015faret eden Hasipo\u011flu, \u201cTekrardan konunun bilirki\u015fiye havale edilmesi \u00f6nemli bir geli\u015fmedir\u201d diye ekledi<\/p>\n<p>Hasipo\u011flu s\u00f6zlerine \u015f\u00f6yle devam etti:<\/p>\n<p>\u201cGazi Raporunun bizi tatmin etmedi\u011fini biliyorduk. Bu y\u00fczden Ba\u015fbakan Say\u0131n \u00dcnal \u00dcstel Ba\u015fkanl\u0131\u011f\u0131nda, Meclis Komitemiz, Ana Muhalefet Ba\u015fkan ve baz\u0131 vekilleri ile bir araya gelerek Ankara ve K\u0131br\u0131s\u2019ta toplant\u0131lar ger\u00e7ekle\u015ftirdik. Avukatlar\u0131n g\u00f6r\u00fc\u015f\u00fc al\u0131narak, Gazi raporunun eksik ve veya hatal\u0131 y\u00f6nlerini tesbit eden bilirki\u015fi raporlar\u0131 haz\u0131rland\u0131. San\u0131k avukatlar\u0131n\u0131n itirazlar\u0131na ra\u011fmen, Ad\u0131yaman Mahkemesi, Mahkemeye gelen uzman bilirki\u015fileri dinledi, ayn\u0131 hakk\u0131 san\u0131klara da verece\u011fini ifade etti. Sonu\u00e7ta talep edildi\u011fi \u00fczere Mahkeme kendisi de Gazi raporunu yeterli g\u00f6rmeyerek  yeni bir bilirki\u015fi heyeti g\u00f6revlendirme karar\u0131n\u0131 verdi. Bizler hi\u00e7bir hususun m\u00fcphem kalmas\u0131n\u0131 istemiyoruz. Bu y\u00fczden \u0130T\u00dc, Karadeniz Teknik ve Gazi \u00dcniversitelerinden sonra d\u00f6rd\u00fcnc\u00fc kez yeni bir bilirki\u015fi raporu talep etmesini olumlu bir geli\u015fme olarak de\u011ferlendiriyoruz. Y\u00fcreklerimizi yakan asr\u0131n felaketinin derin yaralar\u0131 halen i\u00e7imizi da\u011flamaktad\u0131r. T\u00fcrkiye\u2019de 50 binin \u00fczerinde ve \u00fclkemizde \u015eampiyon Meleklerimizin de i\u00e7erisinde bulundu\u011fu 49 vatanda\u015f\u0131m\u0131z\u0131n can\u0131na malolan bu felaketin yaralar\u0131n\u0131 sarmak i\u00e7in elimizden geleni yapmaya ve yurtta\u015flar\u0131m\u0131z\u0131n isimlerini ya\u015fatmaya devam edece\u011fiz.\u201d<\/p>\n<\/p><\/div>\n<p><script async\n                    defer\n                    crossorigin=\"anonymous\"\n                    src=\"https:\/\/connect.facebook.net\/tr_TR\/sdk.js#xfbml=1&#038;version=v3.3\"\n            ><\/script><\/p>\n","protected":false},"excerpt":{"rendered":"<p>T\u00fcrkiye Cumhuriyeti\u2019ndeki Depremle \u0130lgili Hukuki ve Adli S\u00fcrecin \u0130zlenmesine \u0130li\u015fkin Olu\u015fturulan Ge\u00e7ici ve \u00d6zel Komitesi Ba\u015fkan\u0131, UBP Genel Sekreteri ve Milletvekili O\u011fuzhan Hasipo\u011flu, \u015eampiyon Melekler i\u00e7in iktidar\u0131yla muhalefetiyle ilk g\u00fcnden beri adalet aray\u0131\u015f\u0131 i\u00e7in m\u00fccadeleye destek verdiklerine i\u015faret ederek, adaletin er ya da ge\u00e7 tecelli edece\u011fini vurgulad\u0131. Ad\u0131yaman\u2019da \u0130sias Davas\u0131\u2019n\u0131, komite \u00fcyeleriyle takip eden Hasipo\u011flu, [&hellip;]<\/p>\n","protected":false},"author":1,"featured_media":792,"comment_status":"open","ping_status":"open","sticky":false,"template":"","format":"standard","meta":{"jnews-multi-image_gallery":[],"jnews_single_post":[],"jnews_primary_category":[],"jnews_social_meta":[],"jnews_override_counter":[],"footnotes":""},"categories":[1],"tags":[],"class_list":["post-791","post","type-post","status-publish","format-standard","has-post-thumbnail","hentry","category-kibris"],"yoast_head":"<!-- This site is optimized with the Yoast SEO plugin v27.5 - https:\/\/yoast.com\/product\/yoast-seo-wordpress\/ -->\n<title>O\u011fuzhan Hasipo\u011flu: \u0130sias davas\u0131n\u0131n olas\u0131 kasta d\u00f6nmesi gerekti\u011fini bir kez daha g\u00f6zlemledik - Haber Ver K\u0131br\u0131s<\/title>\n<meta name=\"robots\" content=\"index, follow, max-snippet:-1, max-image-preview:large, max-video-preview:-1\" \/>\n<link rel=\"canonical\" href=\"https:\/\/haberverkibris.com\/index.php\/2024\/04\/28\/oguzhan-hasipoglu-isias-davasinin-olasi-kasta-donmesi-gerektigini-bir-kez-daha-gozlemledik\/\" \/>\n<meta property=\"og:locale\" content=\"tr_TR\" \/>\n<meta property=\"og:type\" content=\"article\" \/>\n<meta property=\"og:title\" content=\"O\u011fuzhan Hasipo\u011flu: \u0130sias davas\u0131n\u0131n olas\u0131 kasta d\u00f6nmesi gerekti\u011fini bir kez daha g\u00f6zlemledik - Haber Ver K\u0131br\u0131s\" \/>\n<meta property=\"og:description\" content=\"T\u00fcrkiye Cumhuriyeti\u2019ndeki Depremle \u0130lgili Hukuki ve Adli S\u00fcrecin \u0130zlenmesine \u0130li\u015fkin Olu\u015fturulan Ge\u00e7ici ve \u00d6zel Komitesi Ba\u015fkan\u0131, UBP Genel Sekreteri ve Milletvekili O\u011fuzhan Hasipo\u011flu, \u015eampiyon Melekler i\u00e7in iktidar\u0131yla muhalefetiyle ilk g\u00fcnden beri adalet aray\u0131\u015f\u0131 i\u00e7in m\u00fccadeleye destek verdiklerine i\u015faret ederek, adaletin er ya da ge\u00e7 tecelli edece\u011fini vurgulad\u0131. Ad\u0131yaman\u2019da \u0130sias Davas\u0131\u2019n\u0131, komite \u00fcyeleriyle takip eden Hasipo\u011flu, [&hellip;]\" \/>\n<meta property=\"og:url\" content=\"https:\/\/haberverkibris.com\/index.php\/2024\/04\/28\/oguzhan-hasipoglu-isias-davasinin-olasi-kasta-donmesi-gerektigini-bir-kez-daha-gozlemledik\/\" \/>\n<meta property=\"og:site_name\" content=\"Haber Ver K\u0131br\u0131s\" \/>\n<meta property=\"article:publisher\" content=\"https:\/\/www.facebook.com\/kuzeyinsesii\" \/>\n<meta property=\"article:published_time\" content=\"2024-04-28T11:52:16+00:00\" \/>\n<meta property=\"og:image\" content=\"https:\/\/haberverkibris.com\/wp-content\/uploads\/2024\/04\/HASIPOGLU-ISIAS.webp.webp\" \/>\n\t<meta property=\"og:image:width\" content=\"1280\" \/>\n\t<meta property=\"og:image:height\" content=\"720\" \/>\n\t<meta property=\"og:image:type\" content=\"image\/webp\" \/>\n<meta name=\"author\" content=\"Haberver K\u0131br\u0131s\" \/>\n<meta name=\"twitter:card\" content=\"summary_large_image\" \/>\n<meta name=\"twitter:creator\" content=\"@kuzeyinsesii\" \/>\n<meta name=\"twitter:site\" content=\"@kuzeyinsesii\" \/>\n<meta name=\"twitter:label1\" content=\"Yazan:\" \/>\n\t<meta name=\"twitter:data1\" content=\"Haberver K\u0131br\u0131s\" \/>\n\t<meta name=\"twitter:label2\" content=\"Tahmini okuma s\u00fcresi\" \/>\n\t<meta name=\"twitter:data2\" content=\"3 dakika\" \/>\n<script type=\"application\/ld+json\" class=\"yoast-schema-graph\">{\"@context\":\"https:\\\/\\\/schema.org\",\"@graph\":[{\"@type\":\"Article\",\"@id\":\"https:\\\/\\\/haberverkibris.com\\\/index.php\\\/2024\\\/04\\\/28\\\/oguzhan-hasipoglu-isias-davasinin-olasi-kasta-donmesi-gerektigini-bir-kez-daha-gozlemledik\\\/#article\",\"isPartOf\":{\"@id\":\"https:\\\/\\\/haberverkibris.com\\\/index.php\\\/2024\\\/04\\\/28\\\/oguzhan-hasipoglu-isias-davasinin-olasi-kasta-donmesi-gerektigini-bir-kez-daha-gozlemledik\\\/\"},\"author\":{\"name\":\"Haberver K\u0131br\u0131s\",\"@id\":\"https:\\\/\\\/haberverkibris.com\\\/#\\\/schema\\\/person\\\/29d65381ed43765483b5a185ded66a56\"},\"headline\":\"O\u011fuzhan Hasipo\u011flu: \u0130sias davas\u0131n\u0131n olas\u0131 kasta d\u00f6nmesi gerekti\u011fini bir kez daha g\u00f6zlemledik\",\"datePublished\":\"2024-04-28T11:52:16+00:00\",\"mainEntityOfPage\":{\"@id\":\"https:\\\/\\\/haberverkibris.com\\\/index.php\\\/2024\\\/04\\\/28\\\/oguzhan-hasipoglu-isias-davasinin-olasi-kasta-donmesi-gerektigini-bir-kez-daha-gozlemledik\\\/\"},\"wordCount\":575,\"commentCount\":0,\"image\":{\"@id\":\"https:\\\/\\\/haberverkibris.com\\\/index.php\\\/2024\\\/04\\\/28\\\/oguzhan-hasipoglu-isias-davasinin-olasi-kasta-donmesi-gerektigini-bir-kez-daha-gozlemledik\\\/#primaryimage\"},\"thumbnailUrl\":\"https:\\\/\\\/haberverkibris.com\\\/wp-content\\\/uploads\\\/2024\\\/04\\\/HASIPOGLU-ISIAS.webp.webp\",\"articleSection\":[\"K\u0131br\u0131s\"],\"inLanguage\":\"tr\",\"potentialAction\":[{\"@type\":\"CommentAction\",\"name\":\"Comment\",\"target\":[\"https:\\\/\\\/haberverkibris.com\\\/index.php\\\/2024\\\/04\\\/28\\\/oguzhan-hasipoglu-isias-davasinin-olasi-kasta-donmesi-gerektigini-bir-kez-daha-gozlemledik\\\/#respond\"]}]},{\"@type\":\"WebPage\",\"@id\":\"https:\\\/\\\/haberverkibris.com\\\/index.php\\\/2024\\\/04\\\/28\\\/oguzhan-hasipoglu-isias-davasinin-olasi-kasta-donmesi-gerektigini-bir-kez-daha-gozlemledik\\\/\",\"url\":\"https:\\\/\\\/haberverkibris.com\\\/index.php\\\/2024\\\/04\\\/28\\\/oguzhan-hasipoglu-isias-davasinin-olasi-kasta-donmesi-gerektigini-bir-kez-daha-gozlemledik\\\/\",\"name\":\"O\u011fuzhan Hasipo\u011flu: \u0130sias davas\u0131n\u0131n olas\u0131 kasta d\u00f6nmesi gerekti\u011fini bir kez daha g\u00f6zlemledik - Haber Ver K\u0131br\u0131s\",\"isPartOf\":{\"@id\":\"https:\\\/\\\/haberverkibris.com\\\/#website\"},\"primaryImageOfPage\":{\"@id\":\"https:\\\/\\\/haberverkibris.com\\\/index.php\\\/2024\\\/04\\\/28\\\/oguzhan-hasipoglu-isias-davasinin-olasi-kasta-donmesi-gerektigini-bir-kez-daha-gozlemledik\\\/#primaryimage\"},\"image\":{\"@id\":\"https:\\\/\\\/haberverkibris.com\\\/index.php\\\/2024\\\/04\\\/28\\\/oguzhan-hasipoglu-isias-davasinin-olasi-kasta-donmesi-gerektigini-bir-kez-daha-gozlemledik\\\/#primaryimage\"},\"thumbnailUrl\":\"https:\\\/\\\/haberverkibris.com\\\/wp-content\\\/uploads\\\/2024\\\/04\\\/HASIPOGLU-ISIAS.webp.webp\",\"datePublished\":\"2024-04-28T11:52:16+00:00\",\"author\":{\"@id\":\"https:\\\/\\\/haberverkibris.com\\\/#\\\/schema\\\/person\\\/29d65381ed43765483b5a185ded66a56\"},\"breadcrumb\":{\"@id\":\"https:\\\/\\\/haberverkibris.com\\\/index.php\\\/2024\\\/04\\\/28\\\/oguzhan-hasipoglu-isias-davasinin-olasi-kasta-donmesi-gerektigini-bir-kez-daha-gozlemledik\\\/#breadcrumb\"},\"inLanguage\":\"tr\",\"potentialAction\":[{\"@type\":\"ReadAction\",\"target\":[\"https:\\\/\\\/haberverkibris.com\\\/index.php\\\/2024\\\/04\\\/28\\\/oguzhan-hasipoglu-isias-davasinin-olasi-kasta-donmesi-gerektigini-bir-kez-daha-gozlemledik\\\/\"]}]},{\"@type\":\"ImageObject\",\"inLanguage\":\"tr\",\"@id\":\"https:\\\/\\\/haberverkibris.com\\\/index.php\\\/2024\\\/04\\\/28\\\/oguzhan-hasipoglu-isias-davasinin-olasi-kasta-donmesi-gerektigini-bir-kez-daha-gozlemledik\\\/#primaryimage\",\"url\":\"https:\\\/\\\/haberverkibris.com\\\/wp-content\\\/uploads\\\/2024\\\/04\\\/HASIPOGLU-ISIAS.webp.webp\",\"contentUrl\":\"https:\\\/\\\/haberverkibris.com\\\/wp-content\\\/uploads\\\/2024\\\/04\\\/HASIPOGLU-ISIAS.webp.webp\",\"width\":1280,\"height\":720},{\"@type\":\"BreadcrumbList\",\"@id\":\"https:\\\/\\\/haberverkibris.com\\\/index.php\\\/2024\\\/04\\\/28\\\/oguzhan-hasipoglu-isias-davasinin-olasi-kasta-donmesi-gerektigini-bir-kez-daha-gozlemledik\\\/#breadcrumb\",\"itemListElement\":[{\"@type\":\"ListItem\",\"position\":1,\"name\":\"Anasayfa\",\"item\":\"https:\\\/\\\/haberverkibris.com\\\/\"},{\"@type\":\"ListItem\",\"position\":2,\"name\":\"O\u011fuzhan Hasipo\u011flu: \u0130sias davas\u0131n\u0131n olas\u0131 kasta d\u00f6nmesi gerekti\u011fini bir kez daha g\u00f6zlemledik\"}]},{\"@type\":\"WebSite\",\"@id\":\"https:\\\/\\\/haberverkibris.com\\\/#website\",\"url\":\"https:\\\/\\\/haberverkibris.com\\\/\",\"name\":\"Kuzeyin Sesi\",\"description\":\"Do\u011fru Haberin Adresi\",\"potentialAction\":[{\"@type\":\"SearchAction\",\"target\":{\"@type\":\"EntryPoint\",\"urlTemplate\":\"https:\\\/\\\/haberverkibris.com\\\/?s={search_term_string}\"},\"query-input\":{\"@type\":\"PropertyValueSpecification\",\"valueRequired\":true,\"valueName\":\"search_term_string\"}}],\"inLanguage\":\"tr\"},{\"@type\":\"Person\",\"@id\":\"https:\\\/\\\/haberverkibris.com\\\/#\\\/schema\\\/person\\\/29d65381ed43765483b5a185ded66a56\",\"name\":\"Haberver K\u0131br\u0131s\",\"image\":{\"@type\":\"ImageObject\",\"inLanguage\":\"tr\",\"@id\":\"https:\\\/\\\/secure.gravatar.com\\\/avatar\\\/bab33852abfd8b282518d6ed81826833d77c3c882d9ab608add591ccace47a44?s=96&d=mm&r=g\",\"url\":\"https:\\\/\\\/secure.gravatar.com\\\/avatar\\\/bab33852abfd8b282518d6ed81826833d77c3c882d9ab608add591ccace47a44?s=96&d=mm&r=g\",\"contentUrl\":\"https:\\\/\\\/secure.gravatar.com\\\/avatar\\\/bab33852abfd8b282518d6ed81826833d77c3c882d9ab608add591ccace47a44?s=96&d=mm&r=g\",\"caption\":\"Haberver K\u0131br\u0131s\"},\"sameAs\":[\"https:\\\/\\\/haberverkibris.com\"],\"url\":\"https:\\\/\\\/haberverkibris.com\\\/index.php\\\/author\\\/guven\\\/\"}]}<\/script>\n<!-- \/ Yoast SEO plugin. -->","yoast_head_json":{"title":"O\u011fuzhan Hasipo\u011flu: \u0130sias davas\u0131n\u0131n olas\u0131 kasta d\u00f6nmesi gerekti\u011fini bir kez daha g\u00f6zlemledik - Haber Ver K\u0131br\u0131s","robots":{"index":"index","follow":"follow","max-snippet":"max-snippet:-1","max-image-preview":"max-image-preview:large","max-video-preview":"max-video-preview:-1"},"canonical":"https:\/\/haberverkibris.com\/index.php\/2024\/04\/28\/oguzhan-hasipoglu-isias-davasinin-olasi-kasta-donmesi-gerektigini-bir-kez-daha-gozlemledik\/","og_locale":"tr_TR","og_type":"article","og_title":"O\u011fuzhan Hasipo\u011flu: \u0130sias davas\u0131n\u0131n olas\u0131 kasta d\u00f6nmesi gerekti\u011fini bir kez daha g\u00f6zlemledik - Haber Ver K\u0131br\u0131s","og_description":"T\u00fcrkiye Cumhuriyeti\u2019ndeki Depremle \u0130lgili Hukuki ve Adli S\u00fcrecin \u0130zlenmesine \u0130li\u015fkin Olu\u015fturulan Ge\u00e7ici ve \u00d6zel Komitesi Ba\u015fkan\u0131, UBP Genel Sekreteri ve Milletvekili O\u011fuzhan Hasipo\u011flu, \u015eampiyon Melekler i\u00e7in iktidar\u0131yla muhalefetiyle ilk g\u00fcnden beri adalet aray\u0131\u015f\u0131 i\u00e7in m\u00fccadeleye destek verdiklerine i\u015faret ederek, adaletin er ya da ge\u00e7 tecelli edece\u011fini vurgulad\u0131. Ad\u0131yaman\u2019da \u0130sias Davas\u0131\u2019n\u0131, komite \u00fcyeleriyle takip eden Hasipo\u011flu, [&hellip;]","og_url":"https:\/\/haberverkibris.com\/index.php\/2024\/04\/28\/oguzhan-hasipoglu-isias-davasinin-olasi-kasta-donmesi-gerektigini-bir-kez-daha-gozlemledik\/","og_site_name":"Haber Ver K\u0131br\u0131s","article_publisher":"https:\/\/www.facebook.com\/kuzeyinsesii","article_published_time":"2024-04-28T11:52:16+00:00","og_image":[{"width":1280,"height":720,"url":"https:\/\/haberverkibris.com\/wp-content\/uploads\/2024\/04\/HASIPOGLU-ISIAS.webp.webp","type":"image\/webp"}],"author":"Haberver K\u0131br\u0131s","twitter_card":"summary_large_image","twitter_creator":"@kuzeyinsesii","twitter_site":"@kuzeyinsesii","twitter_misc":{"Yazan:":"Haberver K\u0131br\u0131s","Tahmini okuma s\u00fcresi":"3 dakika"},"schema":{"@context":"https:\/\/schema.org","@graph":[{"@type":"Article","@id":"https:\/\/haberverkibris.com\/index.php\/2024\/04\/28\/oguzhan-hasipoglu-isias-davasinin-olasi-kasta-donmesi-gerektigini-bir-kez-daha-gozlemledik\/#article","isPartOf":{"@id":"https:\/\/haberverkibris.com\/index.php\/2024\/04\/28\/oguzhan-hasipoglu-isias-davasinin-olasi-kasta-donmesi-gerektigini-bir-kez-daha-gozlemledik\/"},"author":{"name":"Haberver K\u0131br\u0131s","@id":"https:\/\/haberverkibris.com\/#\/schema\/person\/29d65381ed43765483b5a185ded66a56"},"headline":"O\u011fuzhan Hasipo\u011flu: \u0130sias davas\u0131n\u0131n olas\u0131 kasta d\u00f6nmesi gerekti\u011fini bir kez daha g\u00f6zlemledik","datePublished":"2024-04-28T11:52:16+00:00","mainEntityOfPage":{"@id":"https:\/\/haberverkibris.com\/index.php\/2024\/04\/28\/oguzhan-hasipoglu-isias-davasinin-olasi-kasta-donmesi-gerektigini-bir-kez-daha-gozlemledik\/"},"wordCount":575,"commentCount":0,"image":{"@id":"https:\/\/haberverkibris.com\/index.php\/2024\/04\/28\/oguzhan-hasipoglu-isias-davasinin-olasi-kasta-donmesi-gerektigini-bir-kez-daha-gozlemledik\/#primaryimage"},"thumbnailUrl":"https:\/\/haberverkibris.com\/wp-content\/uploads\/2024\/04\/HASIPOGLU-ISIAS.webp.webp","articleSection":["K\u0131br\u0131s"],"inLanguage":"tr","potentialAction":[{"@type":"CommentAction","name":"Comment","target":["https:\/\/haberverkibris.com\/index.php\/2024\/04\/28\/oguzhan-hasipoglu-isias-davasinin-olasi-kasta-donmesi-gerektigini-bir-kez-daha-gozlemledik\/#respond"]}]},{"@type":"WebPage","@id":"https:\/\/haberverkibris.com\/index.php\/2024\/04\/28\/oguzhan-hasipoglu-isias-davasinin-olasi-kasta-donmesi-gerektigini-bir-kez-daha-gozlemledik\/","url":"https:\/\/haberverkibris.com\/index.php\/2024\/04\/28\/oguzhan-hasipoglu-isias-davasinin-olasi-kasta-donmesi-gerektigini-bir-kez-daha-gozlemledik\/","name":"O\u011fuzhan Hasipo\u011flu: \u0130sias davas\u0131n\u0131n olas\u0131 kasta d\u00f6nmesi gerekti\u011fini bir kez daha g\u00f6zlemledik - Haber Ver K\u0131br\u0131s","isPartOf":{"@id":"https:\/\/haberverkibris.com\/#website"},"primaryImageOfPage":{"@id":"https:\/\/haberverkibris.com\/index.php\/2024\/04\/28\/oguzhan-hasipoglu-isias-davasinin-olasi-kasta-donmesi-gerektigini-bir-kez-daha-gozlemledik\/#primaryimage"},"image":{"@id":"https:\/\/haberverkibris.com\/index.php\/2024\/04\/28\/oguzhan-hasipoglu-isias-davasinin-olasi-kasta-donmesi-gerektigini-bir-kez-daha-gozlemledik\/#primaryimage"},"thumbnailUrl":"https:\/\/haberverkibris.com\/wp-content\/uploads\/2024\/04\/HASIPOGLU-ISIAS.webp.webp","datePublished":"2024-04-28T11:52:16+00:00","author":{"@id":"https:\/\/haberverkibris.com\/#\/schema\/person\/29d65381ed43765483b5a185ded66a56"},"breadcrumb":{"@id":"https:\/\/haberverkibris.com\/index.php\/2024\/04\/28\/oguzhan-hasipoglu-isias-davasinin-olasi-kasta-donmesi-gerektigini-bir-kez-daha-gozlemledik\/#breadcrumb"},"inLanguage":"tr","potentialAction":[{"@type":"ReadAction","target":["https:\/\/haberverkibris.com\/index.php\/2024\/04\/28\/oguzhan-hasipoglu-isias-davasinin-olasi-kasta-donmesi-gerektigini-bir-kez-daha-gozlemledik\/"]}]},{"@type":"ImageObject","inLanguage":"tr","@id":"https:\/\/haberverkibris.com\/index.php\/2024\/04\/28\/oguzhan-hasipoglu-isias-davasinin-olasi-kasta-donmesi-gerektigini-bir-kez-daha-gozlemledik\/#primaryimage","url":"https:\/\/haberverkibris.com\/wp-content\/uploads\/2024\/04\/HASIPOGLU-ISIAS.webp.webp","contentUrl":"https:\/\/haberverkibris.com\/wp-content\/uploads\/2024\/04\/HASIPOGLU-ISIAS.webp.webp","width":1280,"height":720},{"@type":"BreadcrumbList","@id":"https:\/\/haberverkibris.com\/index.php\/2024\/04\/28\/oguzhan-hasipoglu-isias-davasinin-olasi-kasta-donmesi-gerektigini-bir-kez-daha-gozlemledik\/#breadcrumb","itemListElement":[{"@type":"ListItem","position":1,"name":"Anasayfa","item":"https:\/\/haberverkibris.com\/"},{"@type":"ListItem","position":2,"name":"O\u011fuzhan Hasipo\u011flu: \u0130sias davas\u0131n\u0131n olas\u0131 kasta d\u00f6nmesi gerekti\u011fini bir kez daha g\u00f6zlemledik"}]},{"@type":"WebSite","@id":"https:\/\/haberverkibris.com\/#website","url":"https:\/\/haberverkibris.com\/","name":"Kuzeyin Sesi","description":"Do\u011fru Haberin Adresi","potentialAction":[{"@type":"SearchAction","target":{"@type":"EntryPoint","urlTemplate":"https:\/\/haberverkibris.com\/?s={search_term_string}"},"query-input":{"@type":"PropertyValueSpecification","valueRequired":true,"valueName":"search_term_string"}}],"inLanguage":"tr"},{"@type":"Person","@id":"https:\/\/haberverkibris.com\/#\/schema\/person\/29d65381ed43765483b5a185ded66a56","name":"Haberver K\u0131br\u0131s","image":{"@type":"ImageObject","inLanguage":"tr","@id":"https:\/\/secure.gravatar.com\/avatar\/bab33852abfd8b282518d6ed81826833d77c3c882d9ab608add591ccace47a44?s=96&d=mm&r=g","url":"https:\/\/secure.gravatar.com\/avatar\/bab33852abfd8b282518d6ed81826833d77c3c882d9ab608add591ccace47a44?s=96&d=mm&r=g","contentUrl":"https:\/\/secure.gravatar.com\/avatar\/bab33852abfd8b282518d6ed81826833d77c3c882d9ab608add591ccace47a44?s=96&d=mm&r=g","caption":"Haberver K\u0131br\u0131s"},"sameAs":["https:\/\/haberverkibris.com"],"url":"https:\/\/haberverkibris.com\/index.php\/author\/guven\/"}]}},"_links":{"self":[{"href":"https:\/\/haberverkibris.com\/index.php\/wp-json\/wp\/v2\/posts\/791","targetHints":{"allow":["GET"]}}],"collection":[{"href":"https:\/\/haberverkibris.com\/index.php\/wp-json\/wp\/v2\/posts"}],"about":[{"href":"https:\/\/haberverkibris.com\/index.php\/wp-json\/wp\/v2\/types\/post"}],"author":[{"embeddable":true,"href":"https:\/\/haberverkibris.com\/index.php\/wp-json\/wp\/v2\/users\/1"}],"replies":[{"embeddable":true,"href":"https:\/\/haberverkibris.com\/index.php\/wp-json\/wp\/v2\/comments?post=791"}],"version-history":[{"count":0,"href":"https:\/\/haberverkibris.com\/index.php\/wp-json\/wp\/v2\/posts\/791\/revisions"}],"wp:featuredmedia":[{"embeddable":true,"href":"https:\/\/haberverkibris.com\/index.php\/wp-json\/wp\/v2\/media\/792"}],"wp:attachment":[{"href":"https:\/\/haberverkibris.com\/index.php\/wp-json\/wp\/v2\/media?parent=791"}],"wp:term":[{"taxonomy":"category","embeddable":true,"href":"https:\/\/haberverkibris.com\/index.php\/wp-json\/wp\/v2\/categories?post=791"},{"taxonomy":"post_tag","embeddable":true,"href":"https:\/\/haberverkibris.com\/index.php\/wp-json\/wp\/v2\/tags?post=791"}],"curies":[{"name":"wp","href":"https:\/\/api.w.org\/{rel}","templated":true}]}}