{"id":7127,"date":"2024-07-29T19:02:37","date_gmt":"2024-07-29T16:02:37","guid":{"rendered":"https:\/\/kuzeyinsesi.org\/index.php\/2024\/07\/29\/sair-ve-arastirmaci-yazar-mustafa-gokceoglu-adina-yarisma-duzenleniyor\/"},"modified":"2024-07-29T19:02:37","modified_gmt":"2024-07-29T16:02:37","slug":"sair-ve-arastirmaci-yazar-mustafa-gokceoglu-adina-yarisma-duzenleniyor","status":"publish","type":"post","link":"https:\/\/haberverkibris.com\/index.php\/2024\/07\/29\/sair-ve-arastirmaci-yazar-mustafa-gokceoglu-adina-yarisma-duzenleniyor\/","title":{"rendered":"\u015eair ve Ara\u015ft\u0131rmac\u0131 Yazar Mustafa G\u00f6k\u00e7eo\u011flu ad\u0131na yar\u0131\u015fma d\u00fczenleniyor"},"content":{"rendered":"<div>\n<p style=\"font-weight: 300;\"><span style=\"font-weight: 300 !important;\"><\/p>\n<div class=\"mariselle-image-container none\">\n                                            <\/div>\n<p><\/span><\/p>\n<p style=\"font-weight: 300;\"><span style=\"font-weight: 300 !important;\">K\u00fclt\u00fcr Dairesi,<\/span>\u00a0<span style=\"font-weight: 300 !important;\">\u015eair ve Ara\u015ft\u0131rmac\u0131 Yazar Mustafa G\u00f6k\u00e7eo\u011flu ad\u0131na yar\u0131\u015fma d\u00fczenliyor.<\/span><\/p>\n<p style=\"font-weight: 300;\"><span style=\"font-weight: 300 !important;\">K\u00fclt\u00fcr Dairesi\u2019nin, K\u0131br\u0131s T\u00fcrk sanat\u0131na yeni \u015fairler, yazarlar, ara\u015ft\u0131rmac\u0131lar ve yeni kitaplar kazand\u0131rmak amac\u0131yla ge\u00e7en y\u0131l ba\u015flatt\u0131\u011f\u0131 yar\u0131\u015fma, bu y\u0131l \u015eair Ara\u015ft\u0131rmac\u0131 Yazar Mustafa G\u00f6k\u00e7eo\u011flu ad\u0131na d\u00fczenleniyor.\u00a0<\/span><\/p>\n<p style=\"font-weight: 300;\"><span style=\"font-weight: 300 !important;\">K\u00fclt\u00fcr Dairesi\u2019nin, G\u00f6nyeli-Alayk\u00f6y Belediyesi ve Halk Sanatlar\u0131 Vakf\u0131 i\u015f birli\u011finde, \u00fclkenin ara\u015ft\u0131rma d\u00fcnyas\u0131na yeni yazarlar, ara\u015ft\u0131rmac\u0131lar, derlemeciler ve yeni kitaplar kazand\u0131rmak hedefiyle bu y\u0131l K\u0131br\u0131s T\u00fcrk halk bilimi alan\u0131nda d\u00fczenledi\u011fi yar\u0131\u015fmaya son ba\u015fvuru tarihi 28 \u015eubat 2025 olacak.<\/span><\/p>\n<p style=\"font-weight: 300;\"><span style=\"font-weight: 300 !important;\">Daire\u2019den yap\u0131lan yaz\u0131l\u0131 a\u00e7\u0131klamaya g\u00f6re, \u00f6zg\u00fcn, ba\u011f\u0131ms\u0131z ara\u015ft\u0131rmaya dayal\u0131, i\u015flenecek konuyla kamuoyunda ilgi uyand\u0131rma \u00f6zelli\u011fi ta\u015f\u0131yan, halk bilim alan\u0131nda kitap olabilecek \u015fekilde haz\u0131rlanm\u0131\u015f ara\u015ft\u0131rma veya derlemelerin g\u00f6nderilmesi beklenen yar\u0131\u015fma, \u201cAra\u015ft\u0131rma\u201d ve \u201c\u00d6zg\u00fcn Derleme\u201d ba\u015fl\u0131kl\u0131 iki ayr\u0131 kategoride d\u00fczenlenecek.\u00a0<\/span><\/p>\n<p style=\"font-weight: 300;\"><span style=\"font-weight: 300 !important;\">KKTC vatanda\u015f\u0131 bir veya birden fazla ki\u015fi taraf\u0131ndan ortak haz\u0131rlanm\u0131\u015f \u00e7al\u0131\u015fmalar\u0131n da kat\u0131l\u0131m\u0131na a\u00e7\u0131k yar\u0131\u015fman\u0131n \u015fartnamesi, K\u00fclt\u00fcr Dairesi\u2019nin kultur.gov.ct.tr adresinden kamuoyu ile payla\u015f\u0131ld\u0131.<\/span><\/p>\n<p style=\"font-weight: 300;\"><span style=\"font-weight: 300 !important;\">Yar\u0131\u015fman\u0131n Se\u00e7ici Kurulu; K\u00fclt\u00fcr Dairesi M\u00fcd\u00fcr\u00fc \u015eirin Zafery\u0131ld\u0131z\u0131 Zaima\u011fao\u011flu, Kani Kanol, Ahmet Seyfi Erdengiz, Dr. Bekir Azg\u0131n ve Mahmut \u0130slamo\u011flu\u2019nun kat\u0131l\u0131m\u0131yla olu\u015fturulurken, Ceyhan \u00d6zy\u0131ld\u0131z ve Engin An\u0131l da raport\u00f6r olarak g\u00f6rev ald\u0131.<\/span><\/p>\n<p style=\"font-weight: 300;\"><span style=\"font-weight: 300 !important;\">K\u00fclt\u00fcr Dairesi M\u00fcd\u00fcr\u00fc \u015eirin Zafery\u0131ld\u0131z\u0131 Zaima\u011fao\u011flu, Mustafa G\u00f6k\u00e7eo\u011flu ad\u0131na d\u00fczenlenecek yar\u0131\u015fman\u0131n \u015fartnamesi, yar\u0131\u015fma se\u00e7ici kurulunun G\u00f6nyeli-Alayk\u00f6y Belediye Ba\u015fkan\u0131 H\u00fcseyin Amcao\u011flu ve Mustafa G\u00f6k\u00e7eo\u011flu\u2019nun k\u0131z\u0131 Dolunay G\u00f6k\u00e7eo\u011flu\u2019nun kat\u0131l\u0131m\u0131yla ger\u00e7ekle\u015ftirdi\u011fi toplant\u0131lar sonucunda haz\u0131rland\u0131\u011f\u0131n\u0131 s\u00f6yledi.\u00a0<\/span><\/p>\n<p style=\"font-weight: 300;\"><span style=\"font-weight: 300 !important;\">Yar\u0131\u015fma takvimi hakk\u0131nda da bilgi veren Zaima\u011fao\u011flu, yar\u0131\u015fman\u0131n son ba\u015fvuru tarihinin 28 \u015eubat 2025 olarak belirlendi\u011fini, sonu\u00e7lar\u0131n se\u00e7ici kurulun de\u011ferlendirmelerini tamamlamas\u0131 ard\u0131ndan 31 Temmuz 2025 tarihinde a\u00e7\u0131klanaca\u011f\u0131n\u0131, \u00f6d\u00fcl t\u00f6reninin ise; Mustafa G\u00f6k\u00e7eo\u011flu\u2019nun do\u011fumunun 83. y\u0131ld\u00f6n\u00fcm\u00fc olan 4 A\u011fustos 2025 tarihinde ve do\u011fum yeri olan G\u00f6nyeli\u2019de ger\u00e7ekle\u015ftirilece\u011fini belirtti.<\/span><\/p>\n<p style=\"font-weight: 300;\"><span style=\"font-weight: 300 !important;\">Zaima\u011fao\u011flu, K\u00fclt\u00fcr Dairesi\u2019nin \u00fclkenin k\u00fclt\u00fcrel ve sanatsal de\u011ferlerini \u00f6n plana \u00e7\u0131karmak, K\u0131br\u0131s T\u00fcrk yazarlar\u0131n\u0131, sanat\u00e7\u0131lar\u0131n\u0131, k\u00fclt\u00fcr insanlar\u0131n\u0131 g\u00fcndemde tutmak ve bu alanda faaliyet g\u00f6steren yeni yazar, sanat\u00e7\u0131 ve k\u00fclt\u00fcr insanlar\u0131n\u0131 cesaretlendirip, desteklemek hedefiyle bir\u00e7ok \u00e7al\u0131\u015fmaya imza att\u0131\u011f\u0131na i\u015faret ederek, yar\u0131\u015fman\u0131n da bu \u00e7al\u0131\u015fmalardan biri oldu\u011funu vurgulad\u0131.<\/span><\/p>\n<p>\u00a0<\/p>\n<p>\u00a0<\/p>\n<\/p><\/div>\n<p><script async\n                    defer\n                    crossorigin=\"anonymous\"\n                    src=\"https:\/\/connect.facebook.net\/tr_TR\/sdk.js#xfbml=1&#038;version=v3.3\"\n            ><\/script><\/p>\n","protected":false},"excerpt":{"rendered":"<p>K\u00fclt\u00fcr Dairesi,\u00a0\u015eair ve Ara\u015ft\u0131rmac\u0131 Yazar Mustafa G\u00f6k\u00e7eo\u011flu ad\u0131na yar\u0131\u015fma d\u00fczenliyor. K\u00fclt\u00fcr Dairesi\u2019nin, K\u0131br\u0131s T\u00fcrk sanat\u0131na yeni \u015fairler, yazarlar, ara\u015ft\u0131rmac\u0131lar ve yeni kitaplar kazand\u0131rmak amac\u0131yla ge\u00e7en y\u0131l ba\u015flatt\u0131\u011f\u0131 yar\u0131\u015fma, bu y\u0131l \u015eair Ara\u015ft\u0131rmac\u0131 Yazar Mustafa G\u00f6k\u00e7eo\u011flu ad\u0131na d\u00fczenleniyor.\u00a0 K\u00fclt\u00fcr Dairesi\u2019nin, G\u00f6nyeli-Alayk\u00f6y Belediyesi ve Halk Sanatlar\u0131 Vakf\u0131 i\u015f birli\u011finde, \u00fclkenin ara\u015ft\u0131rma d\u00fcnyas\u0131na yeni yazarlar, ara\u015ft\u0131rmac\u0131lar, derlemeciler ve [&hellip;]<\/p>\n","protected":false},"author":1,"featured_media":7128,"comment_status":"open","ping_status":"open","sticky":false,"template":"","format":"standard","meta":{"jnews-multi-image_gallery":[],"jnews_single_post":[],"jnews_primary_category":[],"jnews_social_meta":[],"jnews_override_counter":[],"footnotes":""},"categories":[6],"tags":[],"class_list":["post-7127","post","type-post","status-publish","format-standard","has-post-thumbnail","hentry","category-yasam"],"yoast_head":"<!-- This site is optimized with the Yoast SEO plugin v27.5 - https:\/\/yoast.com\/product\/yoast-seo-wordpress\/ -->\n<title>\u015eair ve Ara\u015ft\u0131rmac\u0131 Yazar Mustafa G\u00f6k\u00e7eo\u011flu ad\u0131na yar\u0131\u015fma d\u00fczenleniyor - Haber Ver K\u0131br\u0131s<\/title>\n<meta name=\"robots\" content=\"index, follow, max-snippet:-1, max-image-preview:large, max-video-preview:-1\" \/>\n<link rel=\"canonical\" href=\"https:\/\/haberverkibris.com\/index.php\/2024\/07\/29\/sair-ve-arastirmaci-yazar-mustafa-gokceoglu-adina-yarisma-duzenleniyor\/\" \/>\n<meta property=\"og:locale\" content=\"tr_TR\" \/>\n<meta property=\"og:type\" content=\"article\" \/>\n<meta property=\"og:title\" content=\"\u015eair ve Ara\u015ft\u0131rmac\u0131 Yazar Mustafa G\u00f6k\u00e7eo\u011flu ad\u0131na yar\u0131\u015fma d\u00fczenleniyor - Haber Ver K\u0131br\u0131s\" \/>\n<meta property=\"og:description\" content=\"K\u00fclt\u00fcr Dairesi,\u00a0\u015eair ve Ara\u015ft\u0131rmac\u0131 Yazar Mustafa G\u00f6k\u00e7eo\u011flu ad\u0131na yar\u0131\u015fma d\u00fczenliyor. K\u00fclt\u00fcr Dairesi\u2019nin, K\u0131br\u0131s T\u00fcrk sanat\u0131na yeni \u015fairler, yazarlar, ara\u015ft\u0131rmac\u0131lar ve yeni kitaplar kazand\u0131rmak amac\u0131yla ge\u00e7en y\u0131l ba\u015flatt\u0131\u011f\u0131 yar\u0131\u015fma, bu y\u0131l \u015eair Ara\u015ft\u0131rmac\u0131 Yazar Mustafa G\u00f6k\u00e7eo\u011flu ad\u0131na d\u00fczenleniyor.\u00a0 K\u00fclt\u00fcr Dairesi\u2019nin, G\u00f6nyeli-Alayk\u00f6y Belediyesi ve Halk Sanatlar\u0131 Vakf\u0131 i\u015f birli\u011finde, \u00fclkenin ara\u015ft\u0131rma d\u00fcnyas\u0131na yeni yazarlar, ara\u015ft\u0131rmac\u0131lar, derlemeciler ve [&hellip;]\" \/>\n<meta property=\"og:url\" content=\"https:\/\/haberverkibris.com\/index.php\/2024\/07\/29\/sair-ve-arastirmaci-yazar-mustafa-gokceoglu-adina-yarisma-duzenleniyor\/\" \/>\n<meta property=\"og:site_name\" content=\"Haber Ver K\u0131br\u0131s\" \/>\n<meta property=\"article:publisher\" content=\"https:\/\/www.facebook.com\/kuzeyinsesii\" \/>\n<meta property=\"article:published_time\" content=\"2024-07-29T16:02:37+00:00\" \/>\n<meta property=\"og:image\" content=\"https:\/\/brtk.net\/wp-content\/uploads\/2024\/07\/29\/mustafa-gokceoglu-yarisma1.jpeg?ver=0b1e2cc56436bfaf18cb7c0a7b6e2d3a\" \/>\n<meta name=\"author\" content=\"Haberver K\u0131br\u0131s\" \/>\n<meta name=\"twitter:card\" content=\"summary_large_image\" \/>\n<meta name=\"twitter:creator\" content=\"@kuzeyinsesii\" \/>\n<meta name=\"twitter:site\" content=\"@kuzeyinsesii\" \/>\n<meta name=\"twitter:label1\" content=\"Yazan:\" \/>\n\t<meta name=\"twitter:data1\" content=\"Haberver K\u0131br\u0131s\" \/>\n\t<meta name=\"twitter:label2\" content=\"Tahmini okuma s\u00fcresi\" \/>\n\t<meta name=\"twitter:data2\" content=\"3 dakika\" \/>\n<script type=\"application\/ld+json\" class=\"yoast-schema-graph\">{\"@context\":\"https:\\\/\\\/schema.org\",\"@graph\":[{\"@type\":\"Article\",\"@id\":\"https:\\\/\\\/haberverkibris.com\\\/index.php\\\/2024\\\/07\\\/29\\\/sair-ve-arastirmaci-yazar-mustafa-gokceoglu-adina-yarisma-duzenleniyor\\\/#article\",\"isPartOf\":{\"@id\":\"https:\\\/\\\/haberverkibris.com\\\/index.php\\\/2024\\\/07\\\/29\\\/sair-ve-arastirmaci-yazar-mustafa-gokceoglu-adina-yarisma-duzenleniyor\\\/\"},\"author\":{\"name\":\"Haberver K\u0131br\u0131s\",\"@id\":\"https:\\\/\\\/haberverkibris.com\\\/#\\\/schema\\\/person\\\/29d65381ed43765483b5a185ded66a56\"},\"headline\":\"\u015eair ve Ara\u015ft\u0131rmac\u0131 Yazar Mustafa G\u00f6k\u00e7eo\u011flu ad\u0131na yar\u0131\u015fma d\u00fczenleniyor\",\"datePublished\":\"2024-07-29T16:02:37+00:00\",\"mainEntityOfPage\":{\"@id\":\"https:\\\/\\\/haberverkibris.com\\\/index.php\\\/2024\\\/07\\\/29\\\/sair-ve-arastirmaci-yazar-mustafa-gokceoglu-adina-yarisma-duzenleniyor\\\/\"},\"wordCount\":529,\"commentCount\":0,\"image\":{\"@id\":\"https:\\\/\\\/haberverkibris.com\\\/index.php\\\/2024\\\/07\\\/29\\\/sair-ve-arastirmaci-yazar-mustafa-gokceoglu-adina-yarisma-duzenleniyor\\\/#primaryimage\"},\"thumbnailUrl\":\"https:\\\/\\\/haberverkibris.com\\\/wp-content\\\/uploads\\\/2024\\\/07\\\/mustafa-gokceoglu-yarisma1.jpeg\",\"articleSection\":[\"Ya\u015fam\"],\"inLanguage\":\"tr\",\"potentialAction\":[{\"@type\":\"CommentAction\",\"name\":\"Comment\",\"target\":[\"https:\\\/\\\/haberverkibris.com\\\/index.php\\\/2024\\\/07\\\/29\\\/sair-ve-arastirmaci-yazar-mustafa-gokceoglu-adina-yarisma-duzenleniyor\\\/#respond\"]}]},{\"@type\":\"WebPage\",\"@id\":\"https:\\\/\\\/haberverkibris.com\\\/index.php\\\/2024\\\/07\\\/29\\\/sair-ve-arastirmaci-yazar-mustafa-gokceoglu-adina-yarisma-duzenleniyor\\\/\",\"url\":\"https:\\\/\\\/haberverkibris.com\\\/index.php\\\/2024\\\/07\\\/29\\\/sair-ve-arastirmaci-yazar-mustafa-gokceoglu-adina-yarisma-duzenleniyor\\\/\",\"name\":\"\u015eair ve Ara\u015ft\u0131rmac\u0131 Yazar Mustafa G\u00f6k\u00e7eo\u011flu ad\u0131na yar\u0131\u015fma d\u00fczenleniyor - Haber Ver K\u0131br\u0131s\",\"isPartOf\":{\"@id\":\"https:\\\/\\\/haberverkibris.com\\\/#website\"},\"primaryImageOfPage\":{\"@id\":\"https:\\\/\\\/haberverkibris.com\\\/index.php\\\/2024\\\/07\\\/29\\\/sair-ve-arastirmaci-yazar-mustafa-gokceoglu-adina-yarisma-duzenleniyor\\\/#primaryimage\"},\"image\":{\"@id\":\"https:\\\/\\\/haberverkibris.com\\\/index.php\\\/2024\\\/07\\\/29\\\/sair-ve-arastirmaci-yazar-mustafa-gokceoglu-adina-yarisma-duzenleniyor\\\/#primaryimage\"},\"thumbnailUrl\":\"https:\\\/\\\/haberverkibris.com\\\/wp-content\\\/uploads\\\/2024\\\/07\\\/mustafa-gokceoglu-yarisma1.jpeg\",\"datePublished\":\"2024-07-29T16:02:37+00:00\",\"author\":{\"@id\":\"https:\\\/\\\/haberverkibris.com\\\/#\\\/schema\\\/person\\\/29d65381ed43765483b5a185ded66a56\"},\"breadcrumb\":{\"@id\":\"https:\\\/\\\/haberverkibris.com\\\/index.php\\\/2024\\\/07\\\/29\\\/sair-ve-arastirmaci-yazar-mustafa-gokceoglu-adina-yarisma-duzenleniyor\\\/#breadcrumb\"},\"inLanguage\":\"tr\",\"potentialAction\":[{\"@type\":\"ReadAction\",\"target\":[\"https:\\\/\\\/haberverkibris.com\\\/index.php\\\/2024\\\/07\\\/29\\\/sair-ve-arastirmaci-yazar-mustafa-gokceoglu-adina-yarisma-duzenleniyor\\\/\"]}]},{\"@type\":\"ImageObject\",\"inLanguage\":\"tr\",\"@id\":\"https:\\\/\\\/haberverkibris.com\\\/index.php\\\/2024\\\/07\\\/29\\\/sair-ve-arastirmaci-yazar-mustafa-gokceoglu-adina-yarisma-duzenleniyor\\\/#primaryimage\",\"url\":\"https:\\\/\\\/haberverkibris.com\\\/wp-content\\\/uploads\\\/2024\\\/07\\\/mustafa-gokceoglu-yarisma1.jpeg\",\"contentUrl\":\"https:\\\/\\\/haberverkibris.com\\\/wp-content\\\/uploads\\\/2024\\\/07\\\/mustafa-gokceoglu-yarisma1.jpeg\",\"width\":930,\"height\":410},{\"@type\":\"BreadcrumbList\",\"@id\":\"https:\\\/\\\/haberverkibris.com\\\/index.php\\\/2024\\\/07\\\/29\\\/sair-ve-arastirmaci-yazar-mustafa-gokceoglu-adina-yarisma-duzenleniyor\\\/#breadcrumb\",\"itemListElement\":[{\"@type\":\"ListItem\",\"position\":1,\"name\":\"Anasayfa\",\"item\":\"https:\\\/\\\/haberverkibris.com\\\/\"},{\"@type\":\"ListItem\",\"position\":2,\"name\":\"\u015eair ve Ara\u015ft\u0131rmac\u0131 Yazar Mustafa G\u00f6k\u00e7eo\u011flu ad\u0131na yar\u0131\u015fma d\u00fczenleniyor\"}]},{\"@type\":\"WebSite\",\"@id\":\"https:\\\/\\\/haberverkibris.com\\\/#website\",\"url\":\"https:\\\/\\\/haberverkibris.com\\\/\",\"name\":\"Kuzeyin Sesi\",\"description\":\"Do\u011fru Haberin Adresi\",\"potentialAction\":[{\"@type\":\"SearchAction\",\"target\":{\"@type\":\"EntryPoint\",\"urlTemplate\":\"https:\\\/\\\/haberverkibris.com\\\/?s={search_term_string}\"},\"query-input\":{\"@type\":\"PropertyValueSpecification\",\"valueRequired\":true,\"valueName\":\"search_term_string\"}}],\"inLanguage\":\"tr\"},{\"@type\":\"Person\",\"@id\":\"https:\\\/\\\/haberverkibris.com\\\/#\\\/schema\\\/person\\\/29d65381ed43765483b5a185ded66a56\",\"name\":\"Haberver K\u0131br\u0131s\",\"image\":{\"@type\":\"ImageObject\",\"inLanguage\":\"tr\",\"@id\":\"https:\\\/\\\/secure.gravatar.com\\\/avatar\\\/bab33852abfd8b282518d6ed81826833d77c3c882d9ab608add591ccace47a44?s=96&d=mm&r=g\",\"url\":\"https:\\\/\\\/secure.gravatar.com\\\/avatar\\\/bab33852abfd8b282518d6ed81826833d77c3c882d9ab608add591ccace47a44?s=96&d=mm&r=g\",\"contentUrl\":\"https:\\\/\\\/secure.gravatar.com\\\/avatar\\\/bab33852abfd8b282518d6ed81826833d77c3c882d9ab608add591ccace47a44?s=96&d=mm&r=g\",\"caption\":\"Haberver K\u0131br\u0131s\"},\"sameAs\":[\"https:\\\/\\\/haberverkibris.com\"],\"url\":\"https:\\\/\\\/haberverkibris.com\\\/index.php\\\/author\\\/guven\\\/\"}]}<\/script>\n<!-- \/ Yoast SEO plugin. -->","yoast_head_json":{"title":"\u015eair ve Ara\u015ft\u0131rmac\u0131 Yazar Mustafa G\u00f6k\u00e7eo\u011flu ad\u0131na yar\u0131\u015fma d\u00fczenleniyor - Haber Ver K\u0131br\u0131s","robots":{"index":"index","follow":"follow","max-snippet":"max-snippet:-1","max-image-preview":"max-image-preview:large","max-video-preview":"max-video-preview:-1"},"canonical":"https:\/\/haberverkibris.com\/index.php\/2024\/07\/29\/sair-ve-arastirmaci-yazar-mustafa-gokceoglu-adina-yarisma-duzenleniyor\/","og_locale":"tr_TR","og_type":"article","og_title":"\u015eair ve Ara\u015ft\u0131rmac\u0131 Yazar Mustafa G\u00f6k\u00e7eo\u011flu ad\u0131na yar\u0131\u015fma d\u00fczenleniyor - Haber Ver K\u0131br\u0131s","og_description":"K\u00fclt\u00fcr Dairesi,\u00a0\u015eair ve Ara\u015ft\u0131rmac\u0131 Yazar Mustafa G\u00f6k\u00e7eo\u011flu ad\u0131na yar\u0131\u015fma d\u00fczenliyor. K\u00fclt\u00fcr Dairesi\u2019nin, K\u0131br\u0131s T\u00fcrk sanat\u0131na yeni \u015fairler, yazarlar, ara\u015ft\u0131rmac\u0131lar ve yeni kitaplar kazand\u0131rmak amac\u0131yla ge\u00e7en y\u0131l ba\u015flatt\u0131\u011f\u0131 yar\u0131\u015fma, bu y\u0131l \u015eair Ara\u015ft\u0131rmac\u0131 Yazar Mustafa G\u00f6k\u00e7eo\u011flu ad\u0131na d\u00fczenleniyor.\u00a0 K\u00fclt\u00fcr Dairesi\u2019nin, G\u00f6nyeli-Alayk\u00f6y Belediyesi ve Halk Sanatlar\u0131 Vakf\u0131 i\u015f birli\u011finde, \u00fclkenin ara\u015ft\u0131rma d\u00fcnyas\u0131na yeni yazarlar, ara\u015ft\u0131rmac\u0131lar, derlemeciler ve [&hellip;]","og_url":"https:\/\/haberverkibris.com\/index.php\/2024\/07\/29\/sair-ve-arastirmaci-yazar-mustafa-gokceoglu-adina-yarisma-duzenleniyor\/","og_site_name":"Haber Ver K\u0131br\u0131s","article_publisher":"https:\/\/www.facebook.com\/kuzeyinsesii","article_published_time":"2024-07-29T16:02:37+00:00","og_image":[{"url":"https:\/\/brtk.net\/wp-content\/uploads\/2024\/07\/29\/mustafa-gokceoglu-yarisma1.jpeg?ver=0b1e2cc56436bfaf18cb7c0a7b6e2d3a","type":"","width":"","height":""}],"author":"Haberver K\u0131br\u0131s","twitter_card":"summary_large_image","twitter_creator":"@kuzeyinsesii","twitter_site":"@kuzeyinsesii","twitter_misc":{"Yazan:":"Haberver K\u0131br\u0131s","Tahmini okuma s\u00fcresi":"3 dakika"},"schema":{"@context":"https:\/\/schema.org","@graph":[{"@type":"Article","@id":"https:\/\/haberverkibris.com\/index.php\/2024\/07\/29\/sair-ve-arastirmaci-yazar-mustafa-gokceoglu-adina-yarisma-duzenleniyor\/#article","isPartOf":{"@id":"https:\/\/haberverkibris.com\/index.php\/2024\/07\/29\/sair-ve-arastirmaci-yazar-mustafa-gokceoglu-adina-yarisma-duzenleniyor\/"},"author":{"name":"Haberver K\u0131br\u0131s","@id":"https:\/\/haberverkibris.com\/#\/schema\/person\/29d65381ed43765483b5a185ded66a56"},"headline":"\u015eair ve Ara\u015ft\u0131rmac\u0131 Yazar Mustafa G\u00f6k\u00e7eo\u011flu ad\u0131na yar\u0131\u015fma d\u00fczenleniyor","datePublished":"2024-07-29T16:02:37+00:00","mainEntityOfPage":{"@id":"https:\/\/haberverkibris.com\/index.php\/2024\/07\/29\/sair-ve-arastirmaci-yazar-mustafa-gokceoglu-adina-yarisma-duzenleniyor\/"},"wordCount":529,"commentCount":0,"image":{"@id":"https:\/\/haberverkibris.com\/index.php\/2024\/07\/29\/sair-ve-arastirmaci-yazar-mustafa-gokceoglu-adina-yarisma-duzenleniyor\/#primaryimage"},"thumbnailUrl":"https:\/\/haberverkibris.com\/wp-content\/uploads\/2024\/07\/mustafa-gokceoglu-yarisma1.jpeg","articleSection":["Ya\u015fam"],"inLanguage":"tr","potentialAction":[{"@type":"CommentAction","name":"Comment","target":["https:\/\/haberverkibris.com\/index.php\/2024\/07\/29\/sair-ve-arastirmaci-yazar-mustafa-gokceoglu-adina-yarisma-duzenleniyor\/#respond"]}]},{"@type":"WebPage","@id":"https:\/\/haberverkibris.com\/index.php\/2024\/07\/29\/sair-ve-arastirmaci-yazar-mustafa-gokceoglu-adina-yarisma-duzenleniyor\/","url":"https:\/\/haberverkibris.com\/index.php\/2024\/07\/29\/sair-ve-arastirmaci-yazar-mustafa-gokceoglu-adina-yarisma-duzenleniyor\/","name":"\u015eair ve Ara\u015ft\u0131rmac\u0131 Yazar Mustafa G\u00f6k\u00e7eo\u011flu ad\u0131na yar\u0131\u015fma d\u00fczenleniyor - Haber Ver K\u0131br\u0131s","isPartOf":{"@id":"https:\/\/haberverkibris.com\/#website"},"primaryImageOfPage":{"@id":"https:\/\/haberverkibris.com\/index.php\/2024\/07\/29\/sair-ve-arastirmaci-yazar-mustafa-gokceoglu-adina-yarisma-duzenleniyor\/#primaryimage"},"image":{"@id":"https:\/\/haberverkibris.com\/index.php\/2024\/07\/29\/sair-ve-arastirmaci-yazar-mustafa-gokceoglu-adina-yarisma-duzenleniyor\/#primaryimage"},"thumbnailUrl":"https:\/\/haberverkibris.com\/wp-content\/uploads\/2024\/07\/mustafa-gokceoglu-yarisma1.jpeg","datePublished":"2024-07-29T16:02:37+00:00","author":{"@id":"https:\/\/haberverkibris.com\/#\/schema\/person\/29d65381ed43765483b5a185ded66a56"},"breadcrumb":{"@id":"https:\/\/haberverkibris.com\/index.php\/2024\/07\/29\/sair-ve-arastirmaci-yazar-mustafa-gokceoglu-adina-yarisma-duzenleniyor\/#breadcrumb"},"inLanguage":"tr","potentialAction":[{"@type":"ReadAction","target":["https:\/\/haberverkibris.com\/index.php\/2024\/07\/29\/sair-ve-arastirmaci-yazar-mustafa-gokceoglu-adina-yarisma-duzenleniyor\/"]}]},{"@type":"ImageObject","inLanguage":"tr","@id":"https:\/\/haberverkibris.com\/index.php\/2024\/07\/29\/sair-ve-arastirmaci-yazar-mustafa-gokceoglu-adina-yarisma-duzenleniyor\/#primaryimage","url":"https:\/\/haberverkibris.com\/wp-content\/uploads\/2024\/07\/mustafa-gokceoglu-yarisma1.jpeg","contentUrl":"https:\/\/haberverkibris.com\/wp-content\/uploads\/2024\/07\/mustafa-gokceoglu-yarisma1.jpeg","width":930,"height":410},{"@type":"BreadcrumbList","@id":"https:\/\/haberverkibris.com\/index.php\/2024\/07\/29\/sair-ve-arastirmaci-yazar-mustafa-gokceoglu-adina-yarisma-duzenleniyor\/#breadcrumb","itemListElement":[{"@type":"ListItem","position":1,"name":"Anasayfa","item":"https:\/\/haberverkibris.com\/"},{"@type":"ListItem","position":2,"name":"\u015eair ve Ara\u015ft\u0131rmac\u0131 Yazar Mustafa G\u00f6k\u00e7eo\u011flu ad\u0131na yar\u0131\u015fma d\u00fczenleniyor"}]},{"@type":"WebSite","@id":"https:\/\/haberverkibris.com\/#website","url":"https:\/\/haberverkibris.com\/","name":"Kuzeyin Sesi","description":"Do\u011fru Haberin Adresi","potentialAction":[{"@type":"SearchAction","target":{"@type":"EntryPoint","urlTemplate":"https:\/\/haberverkibris.com\/?s={search_term_string}"},"query-input":{"@type":"PropertyValueSpecification","valueRequired":true,"valueName":"search_term_string"}}],"inLanguage":"tr"},{"@type":"Person","@id":"https:\/\/haberverkibris.com\/#\/schema\/person\/29d65381ed43765483b5a185ded66a56","name":"Haberver K\u0131br\u0131s","image":{"@type":"ImageObject","inLanguage":"tr","@id":"https:\/\/secure.gravatar.com\/avatar\/bab33852abfd8b282518d6ed81826833d77c3c882d9ab608add591ccace47a44?s=96&d=mm&r=g","url":"https:\/\/secure.gravatar.com\/avatar\/bab33852abfd8b282518d6ed81826833d77c3c882d9ab608add591ccace47a44?s=96&d=mm&r=g","contentUrl":"https:\/\/secure.gravatar.com\/avatar\/bab33852abfd8b282518d6ed81826833d77c3c882d9ab608add591ccace47a44?s=96&d=mm&r=g","caption":"Haberver K\u0131br\u0131s"},"sameAs":["https:\/\/haberverkibris.com"],"url":"https:\/\/haberverkibris.com\/index.php\/author\/guven\/"}]}},"_links":{"self":[{"href":"https:\/\/haberverkibris.com\/index.php\/wp-json\/wp\/v2\/posts\/7127","targetHints":{"allow":["GET"]}}],"collection":[{"href":"https:\/\/haberverkibris.com\/index.php\/wp-json\/wp\/v2\/posts"}],"about":[{"href":"https:\/\/haberverkibris.com\/index.php\/wp-json\/wp\/v2\/types\/post"}],"author":[{"embeddable":true,"href":"https:\/\/haberverkibris.com\/index.php\/wp-json\/wp\/v2\/users\/1"}],"replies":[{"embeddable":true,"href":"https:\/\/haberverkibris.com\/index.php\/wp-json\/wp\/v2\/comments?post=7127"}],"version-history":[{"count":0,"href":"https:\/\/haberverkibris.com\/index.php\/wp-json\/wp\/v2\/posts\/7127\/revisions"}],"wp:featuredmedia":[{"embeddable":true,"href":"https:\/\/haberverkibris.com\/index.php\/wp-json\/wp\/v2\/media\/7128"}],"wp:attachment":[{"href":"https:\/\/haberverkibris.com\/index.php\/wp-json\/wp\/v2\/media?parent=7127"}],"wp:term":[{"taxonomy":"category","embeddable":true,"href":"https:\/\/haberverkibris.com\/index.php\/wp-json\/wp\/v2\/categories?post=7127"},{"taxonomy":"post_tag","embeddable":true,"href":"https:\/\/haberverkibris.com\/index.php\/wp-json\/wp\/v2\/tags?post=7127"}],"curies":[{"name":"wp","href":"https:\/\/api.w.org\/{rel}","templated":true}]}}