{"id":6731,"date":"2024-07-19T14:21:28","date_gmt":"2024-07-19T11:21:28","guid":{"rendered":"https:\/\/kuzeyinsesi.org\/index.php\/2024\/07\/19\/ariklikibris-turk-halki-20-temmuz-1974te-yeniden-dogdu\/"},"modified":"2024-07-19T14:21:28","modified_gmt":"2024-07-19T11:21:28","slug":"ariklikibris-turk-halki-20-temmuz-1974te-yeniden-dogdu","status":"publish","type":"post","link":"https:\/\/haberverkibris.com\/index.php\/2024\/07\/19\/ariklikibris-turk-halki-20-temmuz-1974te-yeniden-dogdu\/","title":{"rendered":"Ar\u0131kl\u0131:K\u0131br\u0131s T\u00fcrk halk\u0131 20 Temmuz 1974\u2019te yeniden do\u011fdu\u2026"},"content":{"rendered":"<div>\n<div class=\"mariselle-image-container center\">\n                                            <\/div>\n<p>Bay\u0131nd\u0131rl\u0131k ve Ula\u015ft\u0131rma Bakan\u0131 Erhan Ar\u0131kl\u0131, K\u0131br\u0131s T\u00fcrk halk\u0131n\u0131n 20 Temmuz 1974\u2019te yeniden do\u011fdu\u011funu ve 20 Temmuz\u2019un K\u0131br\u0131s T\u00fcrk tarihinde bir milat oldu\u011funu s\u00f6yledi.<\/p>\n<p>Ar\u0131kl\u0131, 20 Temmuz 1974\u2019\u00fcn, K\u0131br\u0131s T\u00fcrk\u00fc\u2019n\u00fcn en b\u00fcy\u00fck g\u00fcvencesi olan Kuzey K\u0131br\u0131s T\u00fcrk Cumhuriyeti\u2019nin kurulu\u015fu ile ta\u00e7land\u0131r\u0131lan m\u00fccadelenin ba\u015flang\u0131c\u0131 oldu\u011funu belirtti.<\/p>\n<p>Bay\u0131nd\u0131rl\u0131k ve Ula\u015ft\u0131rma Bakan\u0131 Erhan Ar\u0131kl\u0131,  Bar\u0131\u015f Harekat\u0131\u2019n\u0131n 50\u2019nci y\u0131l d\u00f6n\u00fcm\u00fc nedeniyle mesaj yay\u0131mlad\u0131<\/p>\n<p>Ar\u0131kl\u0131 mesaj\u0131nda \u015fu ifadelere yer verdi:<\/p>\n<p>\u201cK\u0131br\u0131s\u2019ta iki halk\u0131n e\u015fit egemenli\u011fi ile kurulmu\u015f K\u0131br\u0131s Cumhuriyeti, 1963\u2019te K\u0131br\u0131sl\u0131 T\u00fcrklerin d\u0131\u015flamas\u0131yla tamamen bir Rum cumhuriyetine d\u00f6n\u00fc\u015fm\u00fc\u015ft\u00fc. Bununla da yetinmeyen Rumlar ve Yunanistan, 15 Temmuz 1974\u2019te, Yunanistan\u2019daki albaylar cuntas\u0131n\u0131n talimat\u0131yla K\u0131br\u0131s\u2019\u0131 Yunanistan\u2019a ba\u011flamak amac\u0131yla darbe ger\u00e7ekle\u015ftirmi\u015fti.<\/p>\n<p>Darbenin ard\u0131ndan K\u0131br\u0131s T\u00fcrk\u00fc\u2019n\u00fc topluca yok etmeye kalk\u0131\u015fan K\u0131br\u0131sl\u0131 Rum darbeci ter\u00f6ristler, hak ettikleri cevab\u0131 20 Temmuz sabah\u0131 garant\u00f6r \u00fclke T\u00fcrkiye\u2019den alm\u0131\u015flard\u0131. 20 Temmuz, Ada\u2019da akan kan\u0131n durdurdu\u011fu, K\u0131br\u0131s T\u00fcrk\u00fc\u2019n\u00fcn egemenli\u011fini ve iradesini yeniden tesis etti\u011fi, Yunanistan\u2019daki albaylar cuntas\u0131n\u0131n sonunu getirdi\u011fi i\u00e7in \u2018Mutlu Bar\u0131\u015f Harekat\u0131\u2019 olarak an\u0131l\u0131yor.<\/p>\n<p>20 Temmuz 1974, K\u0131br\u0131s T\u00fcrk\u00fc\u2019n\u00fcn kabuslar\u0131n\u0131n sona erdi\u011fi ve g\u00fcven i\u00e7inde gelece\u011fe bakmaya ba\u015flad\u0131\u011f\u0131 tarihtir. K\u0131br\u0131s T\u00fcrk\u00fc\u2019n\u00fcn yeniden do\u011fdu\u011fu, tarihimiz i\u00e7in bir milat olan  Bar\u0131\u015f Harekat\u0131, en b\u00fcy\u00fck g\u00fcvencemiz, devletimiz Kuzey K\u0131rb\u0131s T\u00fcrk Cumhuriyeti\u2019nin kurulu\u015fu ile ta\u00e7land\u0131r\u0131lan bir m\u00fccadelenin, sadece ba\u015flang\u0131c\u0131 idi.<\/p>\n<p>20 Temmuz  Bar\u0131\u015f Harekat\u0131\u2019n\u0131n 50\u2019nci y\u0131l d\u00f6n\u00fcm\u00fcnde, verdi\u011fimiz m\u00fccadelenin seviyesini y\u00fckselterek, onlarca y\u0131l\u0131m\u0131z\u0131 heba eden federal \u00e7\u00f6z\u00fcm defterini bir daha a\u00e7\u0131lmayacak \u015fekilde kapat\u0131p K\u0131br\u0131s\u2019ta iki devletin varl\u0131\u011f\u0131na dayal\u0131 bir \u00e7\u00f6z\u00fcm ve Kuzey K\u0131br\u0131s T\u00fcrk Cumhuriyeti\u2019nin hakk\u0131 olan uluslarararas\u0131 tan\u0131nm\u0131\u015fl\u0131k i\u00e7in m\u00fccadelemizi s\u00fcrd\u00fcr\u00fcyoruz. Yeni politikam\u0131z, Anavatan T\u00fcrkiye Cumhuriyeti taraf\u0131ndan g\u00fc\u00e7l\u00fc bir \u015fekilde, \u00f6d\u00fcne yer olmaks\u0131z\u0131n destekleniyor. Uluslaras\u0131 topluma Kuzey K\u0131br\u0131s T\u00fcrk Cumhuriyeti\u2019nin tan\u0131nmas\u0131 \u00e7a\u011fr\u0131s\u0131 yap\u0131lan tezkerenin d\u00fcn T\u00fcrkiye B\u00fcy\u00fck Millet Meclisi\u2019nde oy birli\u011fi ile kabul\u00fc ise, iki devletli \u00e7\u00f6z\u00fcm\u00fcn art\u0131k T\u00fcrkiye\u2019de devlet politikas\u0131 haline geldi\u011fini d\u00fcnyaya duyuran g\u00fc\u00e7l\u00fc bir mesajd\u0131r. Kuzey K\u0131br\u0131s T\u00fcrk Cumhuriyeti Kurucu Meclisi de ayn\u0131 do\u011frultuda alaca\u011f\u0131 bir kararla federal \u00e7\u00f6z\u00fcm \u00e7abalar\u0131n\u0131n t\u00fckendi\u011fini ve sadece iki devletli \u00e7\u00f6z\u00fcm\u00fcn m\u00fczakere edilece\u011fini d\u00fcnyaya duyuracakt\u0131r.     <\/p>\n<p>G\u00fc\u00e7lenen ekonomisi, geli\u015fen altyap\u0131s\u0131 ve g\u00fcnden g\u00fcne b\u00fcy\u00fcyen insan kaynaklar\u0131yla T\u00fcrk d\u00fcnyas\u0131n\u0131n Do\u011fu Akdeniz\u2019deki kalesi olan Kuzey K\u0131br\u0131s T\u00fcrk Cumhuriyeti, di\u011fer T\u00fcrk devletleri ve t\u00fcm d\u00fcnya ile ili\u015fkilerini; ekonomik, siyasal ve k\u00fclt\u00fcrel i\u015f birli\u011fi \u00e7er\u00e7evesinde olmas\u0131 gereken seviyeye ta\u015f\u0131yacakt\u0131r.<\/p>\n<p>T\u00fcm bunlar, 1974\u2019te yok olman\u0131n e\u015fi\u011finde bulunan K\u0131br\u0131s T\u00fcrk\u00fc\u2019n\u00fc, d\u00fcnyay\u0131 kar\u015f\u0131s\u0131na alma riskine kar\u015f\u0131n kurtarmak i\u00e7in 20 Temmuz  Bar\u0131\u015f Harekat\u0131\u2019n\u0131 ba\u015flatan Anavatan T\u00fcrkye Cumhuriyeti sayesinde ger\u00e7ekle\u015fmi\u015f ve ger\u00e7ekle\u015fmeye devam edecektir.<\/p>\n<p>Bu vesile ile K\u0131br\u0131s T\u00fcrk\u00fc\u2019n\u00fcn \u00f6zg\u00fcrl\u00fc\u011f\u00fcne yeniden kavu\u015fmas\u0131n\u0131 sa\u011flayan ve bu u\u011furda \u015fehit d\u00fc\u015fen Mehmetcik ve M\u00fccahitlerimize, hayatta olmayan gazilerimize, liderimiz Dr. Faz\u0131l K\u00fc\u00e7\u00fck ve Kurucu Cumhurba\u015fkan\u0131m\u0131z Rauf Denkta\u015f\u2019a Allah\u2019tan rahmet dilerken, onlar\u0131 sayg\u0131, minnet ve \u00f6zlemle anar, hayatta olan gazilerimize de bir kez daha \u015f\u00fckranlar\u0131m\u0131 sunarak uzun ve sa\u011fl\u0131kl\u0131 \u00f6m\u00fcrler dilerim.<\/p>\n<p>20 Temmuz Bar\u0131\u015f ve \u00d6zg\u00fcrl\u00fck Bayram\u0131 kutlu olsun.\u201d<\/p>\n<\/p><\/div>\n<p><script async\n                    defer\n                    crossorigin=\"anonymous\"\n                    src=\"https:\/\/connect.facebook.net\/tr_TR\/sdk.js#xfbml=1&#038;version=v3.3\"\n            ><\/script><\/p>\n","protected":false},"excerpt":{"rendered":"<p>Bay\u0131nd\u0131rl\u0131k ve Ula\u015ft\u0131rma Bakan\u0131 Erhan Ar\u0131kl\u0131, K\u0131br\u0131s T\u00fcrk halk\u0131n\u0131n 20 Temmuz 1974\u2019te yeniden do\u011fdu\u011funu ve 20 Temmuz\u2019un K\u0131br\u0131s T\u00fcrk tarihinde bir milat oldu\u011funu s\u00f6yledi. Ar\u0131kl\u0131, 20 Temmuz 1974\u2019\u00fcn, K\u0131br\u0131s T\u00fcrk\u00fc\u2019n\u00fcn en b\u00fcy\u00fck g\u00fcvencesi olan Kuzey K\u0131br\u0131s T\u00fcrk Cumhuriyeti\u2019nin kurulu\u015fu ile ta\u00e7land\u0131r\u0131lan m\u00fccadelenin ba\u015flang\u0131c\u0131 oldu\u011funu belirtti. Bay\u0131nd\u0131rl\u0131k ve Ula\u015ft\u0131rma Bakan\u0131 Erhan Ar\u0131kl\u0131, Bar\u0131\u015f Harekat\u0131\u2019n\u0131n 50\u2019nci y\u0131l [&hellip;]<\/p>\n","protected":false},"author":1,"featured_media":6732,"comment_status":"open","ping_status":"open","sticky":false,"template":"","format":"standard","meta":{"jnews-multi-image_gallery":[],"jnews_single_post":[],"jnews_primary_category":[],"jnews_social_meta":[],"jnews_override_counter":[],"footnotes":""},"categories":[1],"tags":[],"class_list":["post-6731","post","type-post","status-publish","format-standard","has-post-thumbnail","hentry","category-kibris"],"yoast_head":"<!-- This site is optimized with the Yoast SEO plugin v27.4 - https:\/\/yoast.com\/product\/yoast-seo-wordpress\/ -->\n<title>Ar\u0131kl\u0131:K\u0131br\u0131s T\u00fcrk halk\u0131 20 Temmuz 1974\u2019te yeniden do\u011fdu\u2026 - Haber Ver K\u0131br\u0131s<\/title>\n<meta name=\"robots\" content=\"index, follow, max-snippet:-1, max-image-preview:large, max-video-preview:-1\" \/>\n<link rel=\"canonical\" href=\"https:\/\/haberverkibris.com\/index.php\/2024\/07\/19\/ariklikibris-turk-halki-20-temmuz-1974te-yeniden-dogdu\/\" \/>\n<meta property=\"og:locale\" content=\"tr_TR\" \/>\n<meta property=\"og:type\" content=\"article\" \/>\n<meta property=\"og:title\" content=\"Ar\u0131kl\u0131:K\u0131br\u0131s T\u00fcrk halk\u0131 20 Temmuz 1974\u2019te yeniden do\u011fdu\u2026 - Haber Ver K\u0131br\u0131s\" \/>\n<meta property=\"og:description\" content=\"Bay\u0131nd\u0131rl\u0131k ve Ula\u015ft\u0131rma Bakan\u0131 Erhan Ar\u0131kl\u0131, K\u0131br\u0131s T\u00fcrk halk\u0131n\u0131n 20 Temmuz 1974\u2019te yeniden do\u011fdu\u011funu ve 20 Temmuz\u2019un K\u0131br\u0131s T\u00fcrk tarihinde bir milat oldu\u011funu s\u00f6yledi. Ar\u0131kl\u0131, 20 Temmuz 1974\u2019\u00fcn, K\u0131br\u0131s T\u00fcrk\u00fc\u2019n\u00fcn en b\u00fcy\u00fck g\u00fcvencesi olan Kuzey K\u0131br\u0131s T\u00fcrk Cumhuriyeti\u2019nin kurulu\u015fu ile ta\u00e7land\u0131r\u0131lan m\u00fccadelenin ba\u015flang\u0131c\u0131 oldu\u011funu belirtti. Bay\u0131nd\u0131rl\u0131k ve Ula\u015ft\u0131rma Bakan\u0131 Erhan Ar\u0131kl\u0131, Bar\u0131\u015f Harekat\u0131\u2019n\u0131n 50\u2019nci y\u0131l [&hellip;]\" \/>\n<meta property=\"og:url\" content=\"https:\/\/haberverkibris.com\/index.php\/2024\/07\/19\/ariklikibris-turk-halki-20-temmuz-1974te-yeniden-dogdu\/\" \/>\n<meta property=\"og:site_name\" content=\"Haber Ver K\u0131br\u0131s\" \/>\n<meta property=\"article:publisher\" content=\"https:\/\/www.facebook.com\/kuzeyinsesii\" \/>\n<meta property=\"article:published_time\" content=\"2024-07-19T11:21:28+00:00\" \/>\n<meta property=\"og:image\" content=\"https:\/\/brtk.net\/wp-content\/uploads\/2024\/07\/04\/arikliiiii.jpg?ver=c9c1f4d8143ec68b6aba36011cd011dd\" \/>\n<meta name=\"author\" content=\"Haberver K\u0131br\u0131s\" \/>\n<meta name=\"twitter:card\" content=\"summary_large_image\" \/>\n<meta name=\"twitter:creator\" content=\"@kuzeyinsesii\" \/>\n<meta name=\"twitter:site\" content=\"@kuzeyinsesii\" \/>\n<meta name=\"twitter:label1\" content=\"Yazan:\" \/>\n\t<meta name=\"twitter:data1\" content=\"Haberver K\u0131br\u0131s\" \/>\n\t<meta name=\"twitter:label2\" content=\"Tahmini okuma s\u00fcresi\" \/>\n\t<meta name=\"twitter:data2\" content=\"4 dakika\" \/>\n<script type=\"application\/ld+json\" class=\"yoast-schema-graph\">{\"@context\":\"https:\\\/\\\/schema.org\",\"@graph\":[{\"@type\":\"Article\",\"@id\":\"https:\\\/\\\/haberverkibris.com\\\/index.php\\\/2024\\\/07\\\/19\\\/ariklikibris-turk-halki-20-temmuz-1974te-yeniden-dogdu\\\/#article\",\"isPartOf\":{\"@id\":\"https:\\\/\\\/haberverkibris.com\\\/index.php\\\/2024\\\/07\\\/19\\\/ariklikibris-turk-halki-20-temmuz-1974te-yeniden-dogdu\\\/\"},\"author\":{\"name\":\"Haberver K\u0131br\u0131s\",\"@id\":\"https:\\\/\\\/haberverkibris.com\\\/#\\\/schema\\\/person\\\/29d65381ed43765483b5a185ded66a56\"},\"headline\":\"Ar\u0131kl\u0131:K\u0131br\u0131s T\u00fcrk halk\u0131 20 Temmuz 1974\u2019te yeniden do\u011fdu\u2026\",\"datePublished\":\"2024-07-19T11:21:28+00:00\",\"mainEntityOfPage\":{\"@id\":\"https:\\\/\\\/haberverkibris.com\\\/index.php\\\/2024\\\/07\\\/19\\\/ariklikibris-turk-halki-20-temmuz-1974te-yeniden-dogdu\\\/\"},\"wordCount\":733,\"commentCount\":0,\"image\":{\"@id\":\"https:\\\/\\\/haberverkibris.com\\\/index.php\\\/2024\\\/07\\\/19\\\/ariklikibris-turk-halki-20-temmuz-1974te-yeniden-dogdu\\\/#primaryimage\"},\"thumbnailUrl\":\"https:\\\/\\\/haberverkibris.com\\\/wp-content\\\/uploads\\\/2024\\\/07\\\/1721388097_arikliiiii.jpg\",\"articleSection\":[\"K\u0131br\u0131s\"],\"inLanguage\":\"tr\",\"potentialAction\":[{\"@type\":\"CommentAction\",\"name\":\"Comment\",\"target\":[\"https:\\\/\\\/haberverkibris.com\\\/index.php\\\/2024\\\/07\\\/19\\\/ariklikibris-turk-halki-20-temmuz-1974te-yeniden-dogdu\\\/#respond\"]}]},{\"@type\":\"WebPage\",\"@id\":\"https:\\\/\\\/haberverkibris.com\\\/index.php\\\/2024\\\/07\\\/19\\\/ariklikibris-turk-halki-20-temmuz-1974te-yeniden-dogdu\\\/\",\"url\":\"https:\\\/\\\/haberverkibris.com\\\/index.php\\\/2024\\\/07\\\/19\\\/ariklikibris-turk-halki-20-temmuz-1974te-yeniden-dogdu\\\/\",\"name\":\"Ar\u0131kl\u0131:K\u0131br\u0131s T\u00fcrk halk\u0131 20 Temmuz 1974\u2019te yeniden do\u011fdu\u2026 - Haber Ver K\u0131br\u0131s\",\"isPartOf\":{\"@id\":\"https:\\\/\\\/haberverkibris.com\\\/#website\"},\"primaryImageOfPage\":{\"@id\":\"https:\\\/\\\/haberverkibris.com\\\/index.php\\\/2024\\\/07\\\/19\\\/ariklikibris-turk-halki-20-temmuz-1974te-yeniden-dogdu\\\/#primaryimage\"},\"image\":{\"@id\":\"https:\\\/\\\/haberverkibris.com\\\/index.php\\\/2024\\\/07\\\/19\\\/ariklikibris-turk-halki-20-temmuz-1974te-yeniden-dogdu\\\/#primaryimage\"},\"thumbnailUrl\":\"https:\\\/\\\/haberverkibris.com\\\/wp-content\\\/uploads\\\/2024\\\/07\\\/1721388097_arikliiiii.jpg\",\"datePublished\":\"2024-07-19T11:21:28+00:00\",\"author\":{\"@id\":\"https:\\\/\\\/haberverkibris.com\\\/#\\\/schema\\\/person\\\/29d65381ed43765483b5a185ded66a56\"},\"breadcrumb\":{\"@id\":\"https:\\\/\\\/haberverkibris.com\\\/index.php\\\/2024\\\/07\\\/19\\\/ariklikibris-turk-halki-20-temmuz-1974te-yeniden-dogdu\\\/#breadcrumb\"},\"inLanguage\":\"tr\",\"potentialAction\":[{\"@type\":\"ReadAction\",\"target\":[\"https:\\\/\\\/haberverkibris.com\\\/index.php\\\/2024\\\/07\\\/19\\\/ariklikibris-turk-halki-20-temmuz-1974te-yeniden-dogdu\\\/\"]}]},{\"@type\":\"ImageObject\",\"inLanguage\":\"tr\",\"@id\":\"https:\\\/\\\/haberverkibris.com\\\/index.php\\\/2024\\\/07\\\/19\\\/ariklikibris-turk-halki-20-temmuz-1974te-yeniden-dogdu\\\/#primaryimage\",\"url\":\"https:\\\/\\\/haberverkibris.com\\\/wp-content\\\/uploads\\\/2024\\\/07\\\/1721388097_arikliiiii.jpg\",\"contentUrl\":\"https:\\\/\\\/haberverkibris.com\\\/wp-content\\\/uploads\\\/2024\\\/07\\\/1721388097_arikliiiii.jpg\",\"width\":800,\"height\":614},{\"@type\":\"BreadcrumbList\",\"@id\":\"https:\\\/\\\/haberverkibris.com\\\/index.php\\\/2024\\\/07\\\/19\\\/ariklikibris-turk-halki-20-temmuz-1974te-yeniden-dogdu\\\/#breadcrumb\",\"itemListElement\":[{\"@type\":\"ListItem\",\"position\":1,\"name\":\"Anasayfa\",\"item\":\"https:\\\/\\\/haberverkibris.com\\\/\"},{\"@type\":\"ListItem\",\"position\":2,\"name\":\"Ar\u0131kl\u0131:K\u0131br\u0131s T\u00fcrk halk\u0131 20 Temmuz 1974\u2019te yeniden do\u011fdu\u2026\"}]},{\"@type\":\"WebSite\",\"@id\":\"https:\\\/\\\/haberverkibris.com\\\/#website\",\"url\":\"https:\\\/\\\/haberverkibris.com\\\/\",\"name\":\"Kuzeyin Sesi\",\"description\":\"Do\u011fru Haberin Adresi\",\"potentialAction\":[{\"@type\":\"SearchAction\",\"target\":{\"@type\":\"EntryPoint\",\"urlTemplate\":\"https:\\\/\\\/haberverkibris.com\\\/?s={search_term_string}\"},\"query-input\":{\"@type\":\"PropertyValueSpecification\",\"valueRequired\":true,\"valueName\":\"search_term_string\"}}],\"inLanguage\":\"tr\"},{\"@type\":\"Person\",\"@id\":\"https:\\\/\\\/haberverkibris.com\\\/#\\\/schema\\\/person\\\/29d65381ed43765483b5a185ded66a56\",\"name\":\"Haberver K\u0131br\u0131s\",\"image\":{\"@type\":\"ImageObject\",\"inLanguage\":\"tr\",\"@id\":\"https:\\\/\\\/secure.gravatar.com\\\/avatar\\\/bab33852abfd8b282518d6ed81826833d77c3c882d9ab608add591ccace47a44?s=96&d=mm&r=g\",\"url\":\"https:\\\/\\\/secure.gravatar.com\\\/avatar\\\/bab33852abfd8b282518d6ed81826833d77c3c882d9ab608add591ccace47a44?s=96&d=mm&r=g\",\"contentUrl\":\"https:\\\/\\\/secure.gravatar.com\\\/avatar\\\/bab33852abfd8b282518d6ed81826833d77c3c882d9ab608add591ccace47a44?s=96&d=mm&r=g\",\"caption\":\"Haberver K\u0131br\u0131s\"},\"sameAs\":[\"https:\\\/\\\/haberverkibris.com\"],\"url\":\"https:\\\/\\\/haberverkibris.com\\\/index.php\\\/author\\\/guven\\\/\"}]}<\/script>\n<!-- \/ Yoast SEO plugin. -->","yoast_head_json":{"title":"Ar\u0131kl\u0131:K\u0131br\u0131s T\u00fcrk halk\u0131 20 Temmuz 1974\u2019te yeniden do\u011fdu\u2026 - Haber Ver K\u0131br\u0131s","robots":{"index":"index","follow":"follow","max-snippet":"max-snippet:-1","max-image-preview":"max-image-preview:large","max-video-preview":"max-video-preview:-1"},"canonical":"https:\/\/haberverkibris.com\/index.php\/2024\/07\/19\/ariklikibris-turk-halki-20-temmuz-1974te-yeniden-dogdu\/","og_locale":"tr_TR","og_type":"article","og_title":"Ar\u0131kl\u0131:K\u0131br\u0131s T\u00fcrk halk\u0131 20 Temmuz 1974\u2019te yeniden do\u011fdu\u2026 - Haber Ver K\u0131br\u0131s","og_description":"Bay\u0131nd\u0131rl\u0131k ve Ula\u015ft\u0131rma Bakan\u0131 Erhan Ar\u0131kl\u0131, K\u0131br\u0131s T\u00fcrk halk\u0131n\u0131n 20 Temmuz 1974\u2019te yeniden do\u011fdu\u011funu ve 20 Temmuz\u2019un K\u0131br\u0131s T\u00fcrk tarihinde bir milat oldu\u011funu s\u00f6yledi. Ar\u0131kl\u0131, 20 Temmuz 1974\u2019\u00fcn, K\u0131br\u0131s T\u00fcrk\u00fc\u2019n\u00fcn en b\u00fcy\u00fck g\u00fcvencesi olan Kuzey K\u0131br\u0131s T\u00fcrk Cumhuriyeti\u2019nin kurulu\u015fu ile ta\u00e7land\u0131r\u0131lan m\u00fccadelenin ba\u015flang\u0131c\u0131 oldu\u011funu belirtti. Bay\u0131nd\u0131rl\u0131k ve Ula\u015ft\u0131rma Bakan\u0131 Erhan Ar\u0131kl\u0131, Bar\u0131\u015f Harekat\u0131\u2019n\u0131n 50\u2019nci y\u0131l [&hellip;]","og_url":"https:\/\/haberverkibris.com\/index.php\/2024\/07\/19\/ariklikibris-turk-halki-20-temmuz-1974te-yeniden-dogdu\/","og_site_name":"Haber Ver K\u0131br\u0131s","article_publisher":"https:\/\/www.facebook.com\/kuzeyinsesii","article_published_time":"2024-07-19T11:21:28+00:00","og_image":[{"url":"https:\/\/brtk.net\/wp-content\/uploads\/2024\/07\/04\/arikliiiii.jpg?ver=c9c1f4d8143ec68b6aba36011cd011dd","type":"","width":"","height":""}],"author":"Haberver K\u0131br\u0131s","twitter_card":"summary_large_image","twitter_creator":"@kuzeyinsesii","twitter_site":"@kuzeyinsesii","twitter_misc":{"Yazan:":"Haberver K\u0131br\u0131s","Tahmini okuma s\u00fcresi":"4 dakika"},"schema":{"@context":"https:\/\/schema.org","@graph":[{"@type":"Article","@id":"https:\/\/haberverkibris.com\/index.php\/2024\/07\/19\/ariklikibris-turk-halki-20-temmuz-1974te-yeniden-dogdu\/#article","isPartOf":{"@id":"https:\/\/haberverkibris.com\/index.php\/2024\/07\/19\/ariklikibris-turk-halki-20-temmuz-1974te-yeniden-dogdu\/"},"author":{"name":"Haberver K\u0131br\u0131s","@id":"https:\/\/haberverkibris.com\/#\/schema\/person\/29d65381ed43765483b5a185ded66a56"},"headline":"Ar\u0131kl\u0131:K\u0131br\u0131s T\u00fcrk halk\u0131 20 Temmuz 1974\u2019te yeniden do\u011fdu\u2026","datePublished":"2024-07-19T11:21:28+00:00","mainEntityOfPage":{"@id":"https:\/\/haberverkibris.com\/index.php\/2024\/07\/19\/ariklikibris-turk-halki-20-temmuz-1974te-yeniden-dogdu\/"},"wordCount":733,"commentCount":0,"image":{"@id":"https:\/\/haberverkibris.com\/index.php\/2024\/07\/19\/ariklikibris-turk-halki-20-temmuz-1974te-yeniden-dogdu\/#primaryimage"},"thumbnailUrl":"https:\/\/haberverkibris.com\/wp-content\/uploads\/2024\/07\/1721388097_arikliiiii.jpg","articleSection":["K\u0131br\u0131s"],"inLanguage":"tr","potentialAction":[{"@type":"CommentAction","name":"Comment","target":["https:\/\/haberverkibris.com\/index.php\/2024\/07\/19\/ariklikibris-turk-halki-20-temmuz-1974te-yeniden-dogdu\/#respond"]}]},{"@type":"WebPage","@id":"https:\/\/haberverkibris.com\/index.php\/2024\/07\/19\/ariklikibris-turk-halki-20-temmuz-1974te-yeniden-dogdu\/","url":"https:\/\/haberverkibris.com\/index.php\/2024\/07\/19\/ariklikibris-turk-halki-20-temmuz-1974te-yeniden-dogdu\/","name":"Ar\u0131kl\u0131:K\u0131br\u0131s T\u00fcrk halk\u0131 20 Temmuz 1974\u2019te yeniden do\u011fdu\u2026 - Haber Ver K\u0131br\u0131s","isPartOf":{"@id":"https:\/\/haberverkibris.com\/#website"},"primaryImageOfPage":{"@id":"https:\/\/haberverkibris.com\/index.php\/2024\/07\/19\/ariklikibris-turk-halki-20-temmuz-1974te-yeniden-dogdu\/#primaryimage"},"image":{"@id":"https:\/\/haberverkibris.com\/index.php\/2024\/07\/19\/ariklikibris-turk-halki-20-temmuz-1974te-yeniden-dogdu\/#primaryimage"},"thumbnailUrl":"https:\/\/haberverkibris.com\/wp-content\/uploads\/2024\/07\/1721388097_arikliiiii.jpg","datePublished":"2024-07-19T11:21:28+00:00","author":{"@id":"https:\/\/haberverkibris.com\/#\/schema\/person\/29d65381ed43765483b5a185ded66a56"},"breadcrumb":{"@id":"https:\/\/haberverkibris.com\/index.php\/2024\/07\/19\/ariklikibris-turk-halki-20-temmuz-1974te-yeniden-dogdu\/#breadcrumb"},"inLanguage":"tr","potentialAction":[{"@type":"ReadAction","target":["https:\/\/haberverkibris.com\/index.php\/2024\/07\/19\/ariklikibris-turk-halki-20-temmuz-1974te-yeniden-dogdu\/"]}]},{"@type":"ImageObject","inLanguage":"tr","@id":"https:\/\/haberverkibris.com\/index.php\/2024\/07\/19\/ariklikibris-turk-halki-20-temmuz-1974te-yeniden-dogdu\/#primaryimage","url":"https:\/\/haberverkibris.com\/wp-content\/uploads\/2024\/07\/1721388097_arikliiiii.jpg","contentUrl":"https:\/\/haberverkibris.com\/wp-content\/uploads\/2024\/07\/1721388097_arikliiiii.jpg","width":800,"height":614},{"@type":"BreadcrumbList","@id":"https:\/\/haberverkibris.com\/index.php\/2024\/07\/19\/ariklikibris-turk-halki-20-temmuz-1974te-yeniden-dogdu\/#breadcrumb","itemListElement":[{"@type":"ListItem","position":1,"name":"Anasayfa","item":"https:\/\/haberverkibris.com\/"},{"@type":"ListItem","position":2,"name":"Ar\u0131kl\u0131:K\u0131br\u0131s T\u00fcrk halk\u0131 20 Temmuz 1974\u2019te yeniden do\u011fdu\u2026"}]},{"@type":"WebSite","@id":"https:\/\/haberverkibris.com\/#website","url":"https:\/\/haberverkibris.com\/","name":"Kuzeyin Sesi","description":"Do\u011fru Haberin Adresi","potentialAction":[{"@type":"SearchAction","target":{"@type":"EntryPoint","urlTemplate":"https:\/\/haberverkibris.com\/?s={search_term_string}"},"query-input":{"@type":"PropertyValueSpecification","valueRequired":true,"valueName":"search_term_string"}}],"inLanguage":"tr"},{"@type":"Person","@id":"https:\/\/haberverkibris.com\/#\/schema\/person\/29d65381ed43765483b5a185ded66a56","name":"Haberver K\u0131br\u0131s","image":{"@type":"ImageObject","inLanguage":"tr","@id":"https:\/\/secure.gravatar.com\/avatar\/bab33852abfd8b282518d6ed81826833d77c3c882d9ab608add591ccace47a44?s=96&d=mm&r=g","url":"https:\/\/secure.gravatar.com\/avatar\/bab33852abfd8b282518d6ed81826833d77c3c882d9ab608add591ccace47a44?s=96&d=mm&r=g","contentUrl":"https:\/\/secure.gravatar.com\/avatar\/bab33852abfd8b282518d6ed81826833d77c3c882d9ab608add591ccace47a44?s=96&d=mm&r=g","caption":"Haberver K\u0131br\u0131s"},"sameAs":["https:\/\/haberverkibris.com"],"url":"https:\/\/haberverkibris.com\/index.php\/author\/guven\/"}]}},"_links":{"self":[{"href":"https:\/\/haberverkibris.com\/index.php\/wp-json\/wp\/v2\/posts\/6731","targetHints":{"allow":["GET"]}}],"collection":[{"href":"https:\/\/haberverkibris.com\/index.php\/wp-json\/wp\/v2\/posts"}],"about":[{"href":"https:\/\/haberverkibris.com\/index.php\/wp-json\/wp\/v2\/types\/post"}],"author":[{"embeddable":true,"href":"https:\/\/haberverkibris.com\/index.php\/wp-json\/wp\/v2\/users\/1"}],"replies":[{"embeddable":true,"href":"https:\/\/haberverkibris.com\/index.php\/wp-json\/wp\/v2\/comments?post=6731"}],"version-history":[{"count":0,"href":"https:\/\/haberverkibris.com\/index.php\/wp-json\/wp\/v2\/posts\/6731\/revisions"}],"wp:featuredmedia":[{"embeddable":true,"href":"https:\/\/haberverkibris.com\/index.php\/wp-json\/wp\/v2\/media\/6732"}],"wp:attachment":[{"href":"https:\/\/haberverkibris.com\/index.php\/wp-json\/wp\/v2\/media?parent=6731"}],"wp:term":[{"taxonomy":"category","embeddable":true,"href":"https:\/\/haberverkibris.com\/index.php\/wp-json\/wp\/v2\/categories?post=6731"},{"taxonomy":"post_tag","embeddable":true,"href":"https:\/\/haberverkibris.com\/index.php\/wp-json\/wp\/v2\/tags?post=6731"}],"curies":[{"name":"wp","href":"https:\/\/api.w.org\/{rel}","templated":true}]}}