{"id":6672,"date":"2024-07-19T11:29:18","date_gmt":"2024-07-19T08:29:18","guid":{"rendered":"https:\/\/kuzeyinsesi.org\/index.php\/2024\/07\/19\/cumhurbaskani-tatar-mehteran-esliginde-gerceklestirilen-bayrak-yuruyusune-katildi\/"},"modified":"2024-07-19T11:29:18","modified_gmt":"2024-07-19T08:29:18","slug":"cumhurbaskani-tatar-mehteran-esliginde-gerceklestirilen-bayrak-yuruyusune-katildi","status":"publish","type":"post","link":"https:\/\/haberverkibris.com\/index.php\/2024\/07\/19\/cumhurbaskani-tatar-mehteran-esliginde-gerceklestirilen-bayrak-yuruyusune-katildi\/","title":{"rendered":"Cumhurba\u015fkan\u0131 Tatar, Mehteran e\u015fli\u011finde ger\u00e7ekle\u015ftirilen Bayrak Y\u00fcr\u00fcy\u00fc\u015f\u00fc\u2019ne kat\u0131ld\u0131"},"content":{"rendered":"<div>\n<div class=\"mariselle-image-container center\">\n                                            <\/div>\n<p>\nCumhurba\u015fkan\u0131 Ersin Tatar, K\u0131br\u0131s Bar\u0131\u015f Harekat\u0131\u2019n\u0131n 50\u2019nci Y\u0131ld\u00f6n\u00fcm\u00fc Kutlamalar\u0131 kapsam\u0131nda Lefko\u015fa\u2019da Mehteran e\u015fli\u011finde ger\u00e7ekle\u015ftirilen Bayrak Y\u00fcr\u00fcy\u00fc\u015f\u00fcne kat\u0131ld\u0131<\/p>\n<p>Cumhurba\u015fkanl\u0131\u011f\u0131\u2019ndan verilen bilgiye g\u00f6re, Cumhurba\u015fkan\u0131 Tatar burada yapt\u0131\u011f\u0131 konu\u015fmada, K\u0131br\u0131s Bar\u0131\u015f Harekat\u0131\u2019n\u0131n 50\u2019nci Kurulu\u015f Y\u0131ld\u00f6n\u00fcm\u00fc Kutlamalar\u0131 kapsam\u0131nda d\u00fczenlenen bayrak y\u00fcr\u00fcy\u00fc\u015f\u00fcne kat\u0131lanlara te\u015fekk\u00fcr etti.<\/p>\n<div class=\"mariselle-image-container center\">\n                <img decoding=\"async\" width=\"1600\" height=\"1066\" class=\"lazy-image\" alt=\"\" sizes=\"(max-width: 1600px) 100vw, 1600px\" src=\"https:\/\/brtk.net\/wp-content\/uploads\/2024\/07\/19\/cb-tatar-bayrak-yuruyusu12.jpg?ver=7cf9f8fa602d0569bf3452298f0304f8\" srcset=\"https:\/\/brtk.net\/wp-content\/uploads\/2024\/07\/19\/cb-tatar-bayrak-yuruyusu12.jpg?ver=7cf9f8fa602d0569bf3452298f0304f8 1600w, https:\/\/brtk.net\/wp-content\/uploads\/2024\/07\/19\/cb-tatar-bayrak-yuruyusu12-300x200.jpg?ver=e0a35656eb4d4cb2bdba4bb988f9a460 300w, https:\/\/brtk.net\/wp-content\/uploads\/2024\/07\/19\/cb-tatar-bayrak-yuruyusu12-1024x682.jpg?ver=e0a35656eb4d4cb2bdba4bb988f9a460 1024w, https:\/\/brtk.net\/wp-content\/uploads\/2024\/07\/19\/cb-tatar-bayrak-yuruyusu12-768x512.jpg?ver=e0a35656eb4d4cb2bdba4bb988f9a460 768w, https:\/\/brtk.net\/wp-content\/uploads\/2024\/07\/19\/cb-tatar-bayrak-yuruyusu12-1536x1023.jpg?ver=4f40c12e48e7cc8b88b324b4bf0fb66d 1536w\"\/>                            <\/div>\n<p>Tatar, K\u0131br\u0131s Bar\u0131\u015f Harekat\u0131\u2019n\u0131n K\u0131br\u0131s T\u00fcrkleri yan\u0131nda K\u0131br\u0131s Rumlar\u0131\u2019na da bar\u0131\u015f getirdi\u011fine i\u015faret ederek, d\u00f6nemin T\u00fcrkiye Cumhuriyeti Ba\u015fbakan\u0131 B\u00fclent Ecevit ve Ba\u015fbakan Yard\u0131mc\u0131s\u0131 Necmeddin Erbakan\u2019\u0131n talimatlar\u0131 ile ger\u00e7ekle\u015ftirilen harekat\u0131n, m\u00fccahitlerin deste\u011fiyle ba\u015far\u0131l\u0131 oldu\u011funu ifade etti.<\/p>\n<p>Kuzey K\u0131br\u0131s T\u00fcrk Cumhuriyeti\u2019nin s\u0131n\u0131rlar\u0131n\u0131n K\u0131br\u0131s Bar\u0131\u015f Harekat\u0131\u2019nda \u00e7izildi\u011fini anlatan Tatar, 50 y\u0131ldan beridir K\u0131br\u0131s\u2019ta hi\u00e7 olmad\u0131\u011f\u0131 kadar bar\u0131\u015f ve g\u00fcvenli\u011fin s\u00fcrd\u00fc\u011f\u00fcn\u00fc vurgulad\u0131.<\/p>\n<p>T\u00fcrk halk\u0131n\u0131n deste\u011fiyle K\u0131br\u0131s\u2019ta m\u00fccadelenin s\u00fcrd\u00fcr\u00fclmesinin \u00f6nemine i\u015faret eden Cumhurba\u015fkan\u0131 Tatar, G\u00fcney\u2019deki zihniyetin K\u0131br\u0131s\u2019\u0131 bir Yunan Adas\u0131 yapmak oldu\u011funu kaydetti.<\/p>\n<p>K\u0131br\u0131s T\u00fcrk\u00fc\u2019ne ge\u00e7mi\u015fte ac\u0131mas\u0131z sald\u0131r\u0131lar ve soyk\u0131r\u0131mlar yap\u0131ld\u0131\u011f\u0131n\u0131 dile getiren Cumhurba\u015fkan\u0131 Tatar, K\u0131br\u0131s T\u00fcrk\u00fc\u2019n\u00fcn \u00f6zg\u00fcrl\u00fck ve varolu\u015f i\u00e7in b\u00fcy\u00fck direni\u015f g\u00f6stererek m\u00fccadeleler ve \u015fehitler verdi\u011fini ifade etti.<\/p>\n<p>1878 y\u0131l\u0131nda Osmanl\u0131 \u0130mparatorlu\u011fu Adadan ayr\u0131l\u0131rken, \u2018T\u00fcrk askeri ne zaman geri gelecek\u2019 diye umutla beklendi\u011fini aktaran Cumhurba\u015fkan\u0131 Tatar, 1974 y\u0131l\u0131nda Mehmet\u00e7i\u011fin adaya geldi\u011fini s\u00f6yledi.<\/p>\n<p>T\u00fcrkiye Cumhuriyeti\u2019nin garant\u00f6rl\u00fc\u011f\u00fc ve askeri varl\u0131\u011f\u0131n\u0131n gelece\u011fe umutla bakabilmenin teminat\u0131 oldu\u011funu anlatan Cumhurba\u015fkan\u0131 Tatar, K\u0131br\u0131s Bar\u0131\u015f Harekat\u0131 s\u0131ras\u0131nda ve \u00f6ncesinde \u015fehit d\u00fc\u015fenleri rahmetle and\u0131, gazilere minnetlerini sundu.<\/p>\n<p>K\u0131br\u0131s\u2019ta iki ayr\u0131 devletin aras\u0131nda bir antla\u015fma olaca\u011f\u0131na ve Kuzey K\u0131br\u0131s T\u00fcrk Cumhuriyeti\u2019nin antla\u015fman\u0131n bir par\u00e7as\u0131 olaca\u011f\u0131na dikkat \u00e7eken Cumhurba\u015fkan\u0131 Tatar, yeni siyasete destek veren T\u00fcrkiye Cumhuriyeti Cumhurba\u015fkan\u0131 Recep Tayyip Erdo\u011fan\u2019a, T\u00fcrk h\u00fck\u00fcmetine ve T\u00fcrk halk\u0131na te\u015fekk\u00fcr etti.<\/p>\n<p>Kuzey K\u0131br\u0131s T\u00fcrk Cumhuriyeti\u2019nin, T\u00fcrk Devletler Te\u015fkilat\u0131\u2019nda g\u00f6zlemci \u00fcye olarak yerini ald\u0131\u011f\u0131n\u0131 belirten Tatar, Azerbaycan\u2019\u0131n \u015eu\u015fa kentinde ge\u00e7ti\u011fimiz hafta ger\u00e7ekle\u015fen toplant\u0131da destek s\u00f6z\u00fc ald\u0131klar\u0131n\u0131 vurgulad\u0131.<\/p>\n<p>T\u00fcrk D\u00fcnyas\u0131na seslenen Cumhurba\u015fkan\u0131 Tatar, \u201cT\u00fcrk Milleti\u2019nin en g\u00fcneydeki temsilcisi olan Kuzey K\u0131br\u0131s T\u00fcrk Cumhuriyeti, milli bir devlettir ve Do\u011fu Akdeniz\u2019de T\u00fcrk D\u00fcnyas\u0131n\u0131n serhat ve serdar bek\u00e7isidir. Kuzey K\u0131br\u0131s T\u00fcrk Cumhuriyeti\u2019ni g\u00fc\u00e7lendirmek ve kalk\u0131nd\u0131rmak, T\u00fcrkiye ile uyum i\u00e7inde siyaset geli\u015ftirmek ve m\u00fcreffeh yar\u0131nlar i\u00e7in birlikte \u00e7al\u0131\u015fmal\u0131y\u0131z\u201d dedi.<\/p>\n<p>K\u0131br\u0131s T\u00fcrk\u00fc\u2019ne uygulanan ambargolara ra\u011fmen uluslararas\u0131 etkinliklerde gen\u00e7lerin \u00fclkesini temsil etmesinden dolay\u0131 te\u015fekk\u00fcr eden Tatar, K\u0131br\u0131s T\u00fcrk\u00fc sporcular ile uluslararas\u0131 sporcular\u0131n bir arada spor yapmas\u0131na imkan sa\u011flayan Ok\u00e7ular Vakf\u0131 Ba\u015fkan\u0131 Haydar Ali Y\u0131ld\u0131z\u2019a te\u015fekk\u00fcr etti.<\/p>\n<p>K\u0131br\u0131s T\u00fcrk\u00fc\u2019n\u00fcn b\u00fcy\u00fck T\u00fcrk D\u00fcnyas\u0131n\u0131n ve T\u00fcrk Milletinin ayr\u0131lmaz ve kopmaz bir par\u00e7as\u0131 oldu\u011funa vurgu yapan Tatar, \u201cK\u0131br\u0131s T\u00fcrk\u00fc, m\u00fccadelesinde kimli\u011fi, manevi de\u011ferleri ve k\u00fclt\u00fcr\u00fc ile bu topraklarda onurlu bir \u015fekilde ya\u015fam s\u00fcrd\u00fcrmenin gayreti i\u00e7indedir. Kuzey K\u0131br\u0131s T\u00fcrk Cumhuriyeti, ilelebet ya\u015fayacakt\u0131r\u201d ifadelerini kulland\u0131.<\/p>\n<\/p><\/div>\n<p><script async\n                    defer\n                    crossorigin=\"anonymous\"\n                    src=\"https:\/\/connect.facebook.net\/tr_TR\/sdk.js#xfbml=1&#038;version=v3.3\"\n            ><\/script><\/p>\n","protected":false},"excerpt":{"rendered":"<p>Cumhurba\u015fkan\u0131 Ersin Tatar, K\u0131br\u0131s Bar\u0131\u015f Harekat\u0131\u2019n\u0131n 50\u2019nci Y\u0131ld\u00f6n\u00fcm\u00fc Kutlamalar\u0131 kapsam\u0131nda Lefko\u015fa\u2019da Mehteran e\u015fli\u011finde ger\u00e7ekle\u015ftirilen Bayrak Y\u00fcr\u00fcy\u00fc\u015f\u00fcne kat\u0131ld\u0131 Cumhurba\u015fkanl\u0131\u011f\u0131\u2019ndan verilen bilgiye g\u00f6re, Cumhurba\u015fkan\u0131 Tatar burada yapt\u0131\u011f\u0131 konu\u015fmada, K\u0131br\u0131s Bar\u0131\u015f Harekat\u0131\u2019n\u0131n 50\u2019nci Kurulu\u015f Y\u0131ld\u00f6n\u00fcm\u00fc Kutlamalar\u0131 kapsam\u0131nda d\u00fczenlenen bayrak y\u00fcr\u00fcy\u00fc\u015f\u00fcne kat\u0131lanlara te\u015fekk\u00fcr etti. Tatar, K\u0131br\u0131s Bar\u0131\u015f Harekat\u0131\u2019n\u0131n K\u0131br\u0131s T\u00fcrkleri yan\u0131nda K\u0131br\u0131s Rumlar\u0131\u2019na da bar\u0131\u015f getirdi\u011fine i\u015faret ederek, d\u00f6nemin [&hellip;]<\/p>\n","protected":false},"author":1,"featured_media":6673,"comment_status":"open","ping_status":"open","sticky":false,"template":"","format":"standard","meta":{"jnews-multi-image_gallery":[],"jnews_single_post":[],"jnews_primary_category":[],"jnews_social_meta":[],"jnews_override_counter":[],"footnotes":""},"categories":[1],"tags":[],"class_list":["post-6672","post","type-post","status-publish","format-standard","has-post-thumbnail","hentry","category-kibris"],"yoast_head":"<!-- This site is optimized with the Yoast SEO plugin v27.5 - https:\/\/yoast.com\/product\/yoast-seo-wordpress\/ -->\n<title>Cumhurba\u015fkan\u0131 Tatar, Mehteran e\u015fli\u011finde ger\u00e7ekle\u015ftirilen Bayrak Y\u00fcr\u00fcy\u00fc\u015f\u00fc\u2019ne kat\u0131ld\u0131 - Haber Ver K\u0131br\u0131s<\/title>\n<meta name=\"robots\" content=\"index, follow, max-snippet:-1, max-image-preview:large, max-video-preview:-1\" \/>\n<link rel=\"canonical\" href=\"https:\/\/haberverkibris.com\/index.php\/2024\/07\/19\/cumhurbaskani-tatar-mehteran-esliginde-gerceklestirilen-bayrak-yuruyusune-katildi\/\" \/>\n<meta property=\"og:locale\" content=\"tr_TR\" \/>\n<meta property=\"og:type\" content=\"article\" \/>\n<meta property=\"og:title\" content=\"Cumhurba\u015fkan\u0131 Tatar, Mehteran e\u015fli\u011finde ger\u00e7ekle\u015ftirilen Bayrak Y\u00fcr\u00fcy\u00fc\u015f\u00fc\u2019ne kat\u0131ld\u0131 - Haber Ver K\u0131br\u0131s\" \/>\n<meta property=\"og:description\" content=\"Cumhurba\u015fkan\u0131 Ersin Tatar, K\u0131br\u0131s Bar\u0131\u015f Harekat\u0131\u2019n\u0131n 50\u2019nci Y\u0131ld\u00f6n\u00fcm\u00fc Kutlamalar\u0131 kapsam\u0131nda Lefko\u015fa\u2019da Mehteran e\u015fli\u011finde ger\u00e7ekle\u015ftirilen Bayrak Y\u00fcr\u00fcy\u00fc\u015f\u00fcne kat\u0131ld\u0131 Cumhurba\u015fkanl\u0131\u011f\u0131\u2019ndan verilen bilgiye g\u00f6re, Cumhurba\u015fkan\u0131 Tatar burada yapt\u0131\u011f\u0131 konu\u015fmada, K\u0131br\u0131s Bar\u0131\u015f Harekat\u0131\u2019n\u0131n 50\u2019nci Kurulu\u015f Y\u0131ld\u00f6n\u00fcm\u00fc Kutlamalar\u0131 kapsam\u0131nda d\u00fczenlenen bayrak y\u00fcr\u00fcy\u00fc\u015f\u00fcne kat\u0131lanlara te\u015fekk\u00fcr etti. Tatar, K\u0131br\u0131s Bar\u0131\u015f Harekat\u0131\u2019n\u0131n K\u0131br\u0131s T\u00fcrkleri yan\u0131nda K\u0131br\u0131s Rumlar\u0131\u2019na da bar\u0131\u015f getirdi\u011fine i\u015faret ederek, d\u00f6nemin [&hellip;]\" \/>\n<meta property=\"og:url\" content=\"https:\/\/haberverkibris.com\/index.php\/2024\/07\/19\/cumhurbaskani-tatar-mehteran-esliginde-gerceklestirilen-bayrak-yuruyusune-katildi\/\" \/>\n<meta property=\"og:site_name\" content=\"Haber Ver K\u0131br\u0131s\" \/>\n<meta property=\"article:publisher\" content=\"https:\/\/www.facebook.com\/kuzeyinsesii\" \/>\n<meta property=\"article:published_time\" content=\"2024-07-19T08:29:18+00:00\" \/>\n<meta property=\"og:image\" content=\"https:\/\/brtk.net\/wp-content\/uploads\/2024\/07\/19\/cb-tatar-bayrak-yuruyusu9.jpg?ver=709d471133befdf348efb50125170858\" \/>\n<meta name=\"author\" content=\"Haberver K\u0131br\u0131s\" \/>\n<meta name=\"twitter:card\" content=\"summary_large_image\" \/>\n<meta name=\"twitter:creator\" content=\"@kuzeyinsesii\" \/>\n<meta name=\"twitter:site\" content=\"@kuzeyinsesii\" \/>\n<meta name=\"twitter:label1\" content=\"Yazan:\" \/>\n\t<meta name=\"twitter:data1\" content=\"Haberver K\u0131br\u0131s\" \/>\n\t<meta name=\"twitter:label2\" content=\"Tahmini okuma s\u00fcresi\" \/>\n\t<meta name=\"twitter:data2\" content=\"3 dakika\" \/>\n<script type=\"application\/ld+json\" class=\"yoast-schema-graph\">{\"@context\":\"https:\\\/\\\/schema.org\",\"@graph\":[{\"@type\":\"Article\",\"@id\":\"https:\\\/\\\/haberverkibris.com\\\/index.php\\\/2024\\\/07\\\/19\\\/cumhurbaskani-tatar-mehteran-esliginde-gerceklestirilen-bayrak-yuruyusune-katildi\\\/#article\",\"isPartOf\":{\"@id\":\"https:\\\/\\\/haberverkibris.com\\\/index.php\\\/2024\\\/07\\\/19\\\/cumhurbaskani-tatar-mehteran-esliginde-gerceklestirilen-bayrak-yuruyusune-katildi\\\/\"},\"author\":{\"name\":\"Haberver K\u0131br\u0131s\",\"@id\":\"https:\\\/\\\/haberverkibris.com\\\/#\\\/schema\\\/person\\\/29d65381ed43765483b5a185ded66a56\"},\"headline\":\"Cumhurba\u015fkan\u0131 Tatar, Mehteran e\u015fli\u011finde ger\u00e7ekle\u015ftirilen Bayrak Y\u00fcr\u00fcy\u00fc\u015f\u00fc\u2019ne kat\u0131ld\u0131\",\"datePublished\":\"2024-07-19T08:29:18+00:00\",\"mainEntityOfPage\":{\"@id\":\"https:\\\/\\\/haberverkibris.com\\\/index.php\\\/2024\\\/07\\\/19\\\/cumhurbaskani-tatar-mehteran-esliginde-gerceklestirilen-bayrak-yuruyusune-katildi\\\/\"},\"wordCount\":690,\"commentCount\":0,\"image\":{\"@id\":\"https:\\\/\\\/haberverkibris.com\\\/index.php\\\/2024\\\/07\\\/19\\\/cumhurbaskani-tatar-mehteran-esliginde-gerceklestirilen-bayrak-yuruyusune-katildi\\\/#primaryimage\"},\"thumbnailUrl\":\"https:\\\/\\\/haberverkibris.com\\\/wp-content\\\/uploads\\\/2024\\\/07\\\/cb-tatar-bayrak-yuruyusu9.jpg\",\"articleSection\":[\"K\u0131br\u0131s\"],\"inLanguage\":\"tr\",\"potentialAction\":[{\"@type\":\"CommentAction\",\"name\":\"Comment\",\"target\":[\"https:\\\/\\\/haberverkibris.com\\\/index.php\\\/2024\\\/07\\\/19\\\/cumhurbaskani-tatar-mehteran-esliginde-gerceklestirilen-bayrak-yuruyusune-katildi\\\/#respond\"]}]},{\"@type\":\"WebPage\",\"@id\":\"https:\\\/\\\/haberverkibris.com\\\/index.php\\\/2024\\\/07\\\/19\\\/cumhurbaskani-tatar-mehteran-esliginde-gerceklestirilen-bayrak-yuruyusune-katildi\\\/\",\"url\":\"https:\\\/\\\/haberverkibris.com\\\/index.php\\\/2024\\\/07\\\/19\\\/cumhurbaskani-tatar-mehteran-esliginde-gerceklestirilen-bayrak-yuruyusune-katildi\\\/\",\"name\":\"Cumhurba\u015fkan\u0131 Tatar, Mehteran e\u015fli\u011finde ger\u00e7ekle\u015ftirilen Bayrak Y\u00fcr\u00fcy\u00fc\u015f\u00fc\u2019ne kat\u0131ld\u0131 - Haber Ver K\u0131br\u0131s\",\"isPartOf\":{\"@id\":\"https:\\\/\\\/haberverkibris.com\\\/#website\"},\"primaryImageOfPage\":{\"@id\":\"https:\\\/\\\/haberverkibris.com\\\/index.php\\\/2024\\\/07\\\/19\\\/cumhurbaskani-tatar-mehteran-esliginde-gerceklestirilen-bayrak-yuruyusune-katildi\\\/#primaryimage\"},\"image\":{\"@id\":\"https:\\\/\\\/haberverkibris.com\\\/index.php\\\/2024\\\/07\\\/19\\\/cumhurbaskani-tatar-mehteran-esliginde-gerceklestirilen-bayrak-yuruyusune-katildi\\\/#primaryimage\"},\"thumbnailUrl\":\"https:\\\/\\\/haberverkibris.com\\\/wp-content\\\/uploads\\\/2024\\\/07\\\/cb-tatar-bayrak-yuruyusu9.jpg\",\"datePublished\":\"2024-07-19T08:29:18+00:00\",\"author\":{\"@id\":\"https:\\\/\\\/haberverkibris.com\\\/#\\\/schema\\\/person\\\/29d65381ed43765483b5a185ded66a56\"},\"breadcrumb\":{\"@id\":\"https:\\\/\\\/haberverkibris.com\\\/index.php\\\/2024\\\/07\\\/19\\\/cumhurbaskani-tatar-mehteran-esliginde-gerceklestirilen-bayrak-yuruyusune-katildi\\\/#breadcrumb\"},\"inLanguage\":\"tr\",\"potentialAction\":[{\"@type\":\"ReadAction\",\"target\":[\"https:\\\/\\\/haberverkibris.com\\\/index.php\\\/2024\\\/07\\\/19\\\/cumhurbaskani-tatar-mehteran-esliginde-gerceklestirilen-bayrak-yuruyusune-katildi\\\/\"]}]},{\"@type\":\"ImageObject\",\"inLanguage\":\"tr\",\"@id\":\"https:\\\/\\\/haberverkibris.com\\\/index.php\\\/2024\\\/07\\\/19\\\/cumhurbaskani-tatar-mehteran-esliginde-gerceklestirilen-bayrak-yuruyusune-katildi\\\/#primaryimage\",\"url\":\"https:\\\/\\\/haberverkibris.com\\\/wp-content\\\/uploads\\\/2024\\\/07\\\/cb-tatar-bayrak-yuruyusu9.jpg\",\"contentUrl\":\"https:\\\/\\\/haberverkibris.com\\\/wp-content\\\/uploads\\\/2024\\\/07\\\/cb-tatar-bayrak-yuruyusu9.jpg\",\"width\":1600,\"height\":1066},{\"@type\":\"BreadcrumbList\",\"@id\":\"https:\\\/\\\/haberverkibris.com\\\/index.php\\\/2024\\\/07\\\/19\\\/cumhurbaskani-tatar-mehteran-esliginde-gerceklestirilen-bayrak-yuruyusune-katildi\\\/#breadcrumb\",\"itemListElement\":[{\"@type\":\"ListItem\",\"position\":1,\"name\":\"Anasayfa\",\"item\":\"https:\\\/\\\/haberverkibris.com\\\/\"},{\"@type\":\"ListItem\",\"position\":2,\"name\":\"Cumhurba\u015fkan\u0131 Tatar, Mehteran e\u015fli\u011finde ger\u00e7ekle\u015ftirilen Bayrak Y\u00fcr\u00fcy\u00fc\u015f\u00fc\u2019ne kat\u0131ld\u0131\"}]},{\"@type\":\"WebSite\",\"@id\":\"https:\\\/\\\/haberverkibris.com\\\/#website\",\"url\":\"https:\\\/\\\/haberverkibris.com\\\/\",\"name\":\"Kuzeyin Sesi\",\"description\":\"Do\u011fru Haberin Adresi\",\"potentialAction\":[{\"@type\":\"SearchAction\",\"target\":{\"@type\":\"EntryPoint\",\"urlTemplate\":\"https:\\\/\\\/haberverkibris.com\\\/?s={search_term_string}\"},\"query-input\":{\"@type\":\"PropertyValueSpecification\",\"valueRequired\":true,\"valueName\":\"search_term_string\"}}],\"inLanguage\":\"tr\"},{\"@type\":\"Person\",\"@id\":\"https:\\\/\\\/haberverkibris.com\\\/#\\\/schema\\\/person\\\/29d65381ed43765483b5a185ded66a56\",\"name\":\"Haberver K\u0131br\u0131s\",\"image\":{\"@type\":\"ImageObject\",\"inLanguage\":\"tr\",\"@id\":\"https:\\\/\\\/secure.gravatar.com\\\/avatar\\\/bab33852abfd8b282518d6ed81826833d77c3c882d9ab608add591ccace47a44?s=96&d=mm&r=g\",\"url\":\"https:\\\/\\\/secure.gravatar.com\\\/avatar\\\/bab33852abfd8b282518d6ed81826833d77c3c882d9ab608add591ccace47a44?s=96&d=mm&r=g\",\"contentUrl\":\"https:\\\/\\\/secure.gravatar.com\\\/avatar\\\/bab33852abfd8b282518d6ed81826833d77c3c882d9ab608add591ccace47a44?s=96&d=mm&r=g\",\"caption\":\"Haberver K\u0131br\u0131s\"},\"sameAs\":[\"https:\\\/\\\/haberverkibris.com\"],\"url\":\"https:\\\/\\\/haberverkibris.com\\\/index.php\\\/author\\\/guven\\\/\"}]}<\/script>\n<!-- \/ Yoast SEO plugin. -->","yoast_head_json":{"title":"Cumhurba\u015fkan\u0131 Tatar, Mehteran e\u015fli\u011finde ger\u00e7ekle\u015ftirilen Bayrak Y\u00fcr\u00fcy\u00fc\u015f\u00fc\u2019ne kat\u0131ld\u0131 - Haber Ver K\u0131br\u0131s","robots":{"index":"index","follow":"follow","max-snippet":"max-snippet:-1","max-image-preview":"max-image-preview:large","max-video-preview":"max-video-preview:-1"},"canonical":"https:\/\/haberverkibris.com\/index.php\/2024\/07\/19\/cumhurbaskani-tatar-mehteran-esliginde-gerceklestirilen-bayrak-yuruyusune-katildi\/","og_locale":"tr_TR","og_type":"article","og_title":"Cumhurba\u015fkan\u0131 Tatar, Mehteran e\u015fli\u011finde ger\u00e7ekle\u015ftirilen Bayrak Y\u00fcr\u00fcy\u00fc\u015f\u00fc\u2019ne kat\u0131ld\u0131 - Haber Ver K\u0131br\u0131s","og_description":"Cumhurba\u015fkan\u0131 Ersin Tatar, K\u0131br\u0131s Bar\u0131\u015f Harekat\u0131\u2019n\u0131n 50\u2019nci Y\u0131ld\u00f6n\u00fcm\u00fc Kutlamalar\u0131 kapsam\u0131nda Lefko\u015fa\u2019da Mehteran e\u015fli\u011finde ger\u00e7ekle\u015ftirilen Bayrak Y\u00fcr\u00fcy\u00fc\u015f\u00fcne kat\u0131ld\u0131 Cumhurba\u015fkanl\u0131\u011f\u0131\u2019ndan verilen bilgiye g\u00f6re, Cumhurba\u015fkan\u0131 Tatar burada yapt\u0131\u011f\u0131 konu\u015fmada, K\u0131br\u0131s Bar\u0131\u015f Harekat\u0131\u2019n\u0131n 50\u2019nci Kurulu\u015f Y\u0131ld\u00f6n\u00fcm\u00fc Kutlamalar\u0131 kapsam\u0131nda d\u00fczenlenen bayrak y\u00fcr\u00fcy\u00fc\u015f\u00fcne kat\u0131lanlara te\u015fekk\u00fcr etti. Tatar, K\u0131br\u0131s Bar\u0131\u015f Harekat\u0131\u2019n\u0131n K\u0131br\u0131s T\u00fcrkleri yan\u0131nda K\u0131br\u0131s Rumlar\u0131\u2019na da bar\u0131\u015f getirdi\u011fine i\u015faret ederek, d\u00f6nemin [&hellip;]","og_url":"https:\/\/haberverkibris.com\/index.php\/2024\/07\/19\/cumhurbaskani-tatar-mehteran-esliginde-gerceklestirilen-bayrak-yuruyusune-katildi\/","og_site_name":"Haber Ver K\u0131br\u0131s","article_publisher":"https:\/\/www.facebook.com\/kuzeyinsesii","article_published_time":"2024-07-19T08:29:18+00:00","og_image":[{"url":"https:\/\/brtk.net\/wp-content\/uploads\/2024\/07\/19\/cb-tatar-bayrak-yuruyusu9.jpg?ver=709d471133befdf348efb50125170858","type":"","width":"","height":""}],"author":"Haberver K\u0131br\u0131s","twitter_card":"summary_large_image","twitter_creator":"@kuzeyinsesii","twitter_site":"@kuzeyinsesii","twitter_misc":{"Yazan:":"Haberver K\u0131br\u0131s","Tahmini okuma s\u00fcresi":"3 dakika"},"schema":{"@context":"https:\/\/schema.org","@graph":[{"@type":"Article","@id":"https:\/\/haberverkibris.com\/index.php\/2024\/07\/19\/cumhurbaskani-tatar-mehteran-esliginde-gerceklestirilen-bayrak-yuruyusune-katildi\/#article","isPartOf":{"@id":"https:\/\/haberverkibris.com\/index.php\/2024\/07\/19\/cumhurbaskani-tatar-mehteran-esliginde-gerceklestirilen-bayrak-yuruyusune-katildi\/"},"author":{"name":"Haberver K\u0131br\u0131s","@id":"https:\/\/haberverkibris.com\/#\/schema\/person\/29d65381ed43765483b5a185ded66a56"},"headline":"Cumhurba\u015fkan\u0131 Tatar, Mehteran e\u015fli\u011finde ger\u00e7ekle\u015ftirilen Bayrak Y\u00fcr\u00fcy\u00fc\u015f\u00fc\u2019ne kat\u0131ld\u0131","datePublished":"2024-07-19T08:29:18+00:00","mainEntityOfPage":{"@id":"https:\/\/haberverkibris.com\/index.php\/2024\/07\/19\/cumhurbaskani-tatar-mehteran-esliginde-gerceklestirilen-bayrak-yuruyusune-katildi\/"},"wordCount":690,"commentCount":0,"image":{"@id":"https:\/\/haberverkibris.com\/index.php\/2024\/07\/19\/cumhurbaskani-tatar-mehteran-esliginde-gerceklestirilen-bayrak-yuruyusune-katildi\/#primaryimage"},"thumbnailUrl":"https:\/\/haberverkibris.com\/wp-content\/uploads\/2024\/07\/cb-tatar-bayrak-yuruyusu9.jpg","articleSection":["K\u0131br\u0131s"],"inLanguage":"tr","potentialAction":[{"@type":"CommentAction","name":"Comment","target":["https:\/\/haberverkibris.com\/index.php\/2024\/07\/19\/cumhurbaskani-tatar-mehteran-esliginde-gerceklestirilen-bayrak-yuruyusune-katildi\/#respond"]}]},{"@type":"WebPage","@id":"https:\/\/haberverkibris.com\/index.php\/2024\/07\/19\/cumhurbaskani-tatar-mehteran-esliginde-gerceklestirilen-bayrak-yuruyusune-katildi\/","url":"https:\/\/haberverkibris.com\/index.php\/2024\/07\/19\/cumhurbaskani-tatar-mehteran-esliginde-gerceklestirilen-bayrak-yuruyusune-katildi\/","name":"Cumhurba\u015fkan\u0131 Tatar, Mehteran e\u015fli\u011finde ger\u00e7ekle\u015ftirilen Bayrak Y\u00fcr\u00fcy\u00fc\u015f\u00fc\u2019ne kat\u0131ld\u0131 - Haber Ver K\u0131br\u0131s","isPartOf":{"@id":"https:\/\/haberverkibris.com\/#website"},"primaryImageOfPage":{"@id":"https:\/\/haberverkibris.com\/index.php\/2024\/07\/19\/cumhurbaskani-tatar-mehteran-esliginde-gerceklestirilen-bayrak-yuruyusune-katildi\/#primaryimage"},"image":{"@id":"https:\/\/haberverkibris.com\/index.php\/2024\/07\/19\/cumhurbaskani-tatar-mehteran-esliginde-gerceklestirilen-bayrak-yuruyusune-katildi\/#primaryimage"},"thumbnailUrl":"https:\/\/haberverkibris.com\/wp-content\/uploads\/2024\/07\/cb-tatar-bayrak-yuruyusu9.jpg","datePublished":"2024-07-19T08:29:18+00:00","author":{"@id":"https:\/\/haberverkibris.com\/#\/schema\/person\/29d65381ed43765483b5a185ded66a56"},"breadcrumb":{"@id":"https:\/\/haberverkibris.com\/index.php\/2024\/07\/19\/cumhurbaskani-tatar-mehteran-esliginde-gerceklestirilen-bayrak-yuruyusune-katildi\/#breadcrumb"},"inLanguage":"tr","potentialAction":[{"@type":"ReadAction","target":["https:\/\/haberverkibris.com\/index.php\/2024\/07\/19\/cumhurbaskani-tatar-mehteran-esliginde-gerceklestirilen-bayrak-yuruyusune-katildi\/"]}]},{"@type":"ImageObject","inLanguage":"tr","@id":"https:\/\/haberverkibris.com\/index.php\/2024\/07\/19\/cumhurbaskani-tatar-mehteran-esliginde-gerceklestirilen-bayrak-yuruyusune-katildi\/#primaryimage","url":"https:\/\/haberverkibris.com\/wp-content\/uploads\/2024\/07\/cb-tatar-bayrak-yuruyusu9.jpg","contentUrl":"https:\/\/haberverkibris.com\/wp-content\/uploads\/2024\/07\/cb-tatar-bayrak-yuruyusu9.jpg","width":1600,"height":1066},{"@type":"BreadcrumbList","@id":"https:\/\/haberverkibris.com\/index.php\/2024\/07\/19\/cumhurbaskani-tatar-mehteran-esliginde-gerceklestirilen-bayrak-yuruyusune-katildi\/#breadcrumb","itemListElement":[{"@type":"ListItem","position":1,"name":"Anasayfa","item":"https:\/\/haberverkibris.com\/"},{"@type":"ListItem","position":2,"name":"Cumhurba\u015fkan\u0131 Tatar, Mehteran e\u015fli\u011finde ger\u00e7ekle\u015ftirilen Bayrak Y\u00fcr\u00fcy\u00fc\u015f\u00fc\u2019ne kat\u0131ld\u0131"}]},{"@type":"WebSite","@id":"https:\/\/haberverkibris.com\/#website","url":"https:\/\/haberverkibris.com\/","name":"Kuzeyin Sesi","description":"Do\u011fru Haberin Adresi","potentialAction":[{"@type":"SearchAction","target":{"@type":"EntryPoint","urlTemplate":"https:\/\/haberverkibris.com\/?s={search_term_string}"},"query-input":{"@type":"PropertyValueSpecification","valueRequired":true,"valueName":"search_term_string"}}],"inLanguage":"tr"},{"@type":"Person","@id":"https:\/\/haberverkibris.com\/#\/schema\/person\/29d65381ed43765483b5a185ded66a56","name":"Haberver K\u0131br\u0131s","image":{"@type":"ImageObject","inLanguage":"tr","@id":"https:\/\/secure.gravatar.com\/avatar\/bab33852abfd8b282518d6ed81826833d77c3c882d9ab608add591ccace47a44?s=96&d=mm&r=g","url":"https:\/\/secure.gravatar.com\/avatar\/bab33852abfd8b282518d6ed81826833d77c3c882d9ab608add591ccace47a44?s=96&d=mm&r=g","contentUrl":"https:\/\/secure.gravatar.com\/avatar\/bab33852abfd8b282518d6ed81826833d77c3c882d9ab608add591ccace47a44?s=96&d=mm&r=g","caption":"Haberver K\u0131br\u0131s"},"sameAs":["https:\/\/haberverkibris.com"],"url":"https:\/\/haberverkibris.com\/index.php\/author\/guven\/"}]}},"_links":{"self":[{"href":"https:\/\/haberverkibris.com\/index.php\/wp-json\/wp\/v2\/posts\/6672","targetHints":{"allow":["GET"]}}],"collection":[{"href":"https:\/\/haberverkibris.com\/index.php\/wp-json\/wp\/v2\/posts"}],"about":[{"href":"https:\/\/haberverkibris.com\/index.php\/wp-json\/wp\/v2\/types\/post"}],"author":[{"embeddable":true,"href":"https:\/\/haberverkibris.com\/index.php\/wp-json\/wp\/v2\/users\/1"}],"replies":[{"embeddable":true,"href":"https:\/\/haberverkibris.com\/index.php\/wp-json\/wp\/v2\/comments?post=6672"}],"version-history":[{"count":0,"href":"https:\/\/haberverkibris.com\/index.php\/wp-json\/wp\/v2\/posts\/6672\/revisions"}],"wp:featuredmedia":[{"embeddable":true,"href":"https:\/\/haberverkibris.com\/index.php\/wp-json\/wp\/v2\/media\/6673"}],"wp:attachment":[{"href":"https:\/\/haberverkibris.com\/index.php\/wp-json\/wp\/v2\/media?parent=6672"}],"wp:term":[{"taxonomy":"category","embeddable":true,"href":"https:\/\/haberverkibris.com\/index.php\/wp-json\/wp\/v2\/categories?post=6672"},{"taxonomy":"post_tag","embeddable":true,"href":"https:\/\/haberverkibris.com\/index.php\/wp-json\/wp\/v2\/tags?post=6672"}],"curies":[{"name":"wp","href":"https:\/\/api.w.org\/{rel}","templated":true}]}}