{"id":5645,"date":"2024-07-01T20:16:51","date_gmt":"2024-07-01T17:16:51","guid":{"rendered":"https:\/\/kuzeyinsesi.com\/index.php\/2024\/07\/01\/polis-orgutunun-60-kurulus-yildonumu-ve-polis-gunu-nedeniyle-yarin-resepsiyon-verilecek\/"},"modified":"2024-07-01T20:16:51","modified_gmt":"2024-07-01T17:16:51","slug":"polis-orgutunun-60-kurulus-yildonumu-ve-polis-gunu-nedeniyle-yarin-resepsiyon-verilecek","status":"publish","type":"post","link":"https:\/\/haberverkibris.com\/index.php\/2024\/07\/01\/polis-orgutunun-60-kurulus-yildonumu-ve-polis-gunu-nedeniyle-yarin-resepsiyon-verilecek\/","title":{"rendered":"Polis \u00d6rg\u00fct\u00fc\u2019n\u00fcn 60. kurulu\u015f y\u0131ld\u00f6n\u00fcm\u00fc ve Polis G\u00fcn\u00fc nedeniyle yar\u0131n resepsiyon verilecek"},"content":{"rendered":"<div>\n<div class=\"mariselle-image-container center\">\n                                            <\/div>\n<p>Polis \u00d6rg\u00fct\u00fc\u2019n\u00fcn 60. kurulu\u015f y\u0131ld\u00f6n\u00fcm\u00fc ve 30 Haziran Polis G\u00fcn\u00fc nedeniyle yar\u0131n ak\u015fam saat 20.00\u2019de Polis Genel M\u00fcd\u00fcrl\u00fc\u011f\u00fc bah\u00e7esinde resepsiyon verilecek.<\/p>\n<p>Polis Bas\u0131n Subayl\u0131\u011f\u0131\u2019ndan yap\u0131lan yaz\u0131l\u0131 a\u00e7\u0131klamaya g\u00f6re, resepsiyonda Cumhurba\u015fkan\u0131 Ersin Tatar ve Polis Genel M\u00fcd\u00fcr\u00fc Kas\u0131m Kuni birer konu\u015fma yapacak.<\/p>\n<p>Polis tan\u0131t\u0131m filminin izlenmesinin ard\u0131ndan Ba\u015f M\u00fcfetti\u015f Aydan Arifo\u011flu taraf\u0131ndan \u015fiir okunacak.<\/p>\n<p>Gecede, G\u00fcvenlik Kuvvetleri bando Komutanl\u0131\u011f\u0131 hafif m\u00fczik orkestras\u0131 ile Polis Genel M\u00fcd\u00fcrl\u00fc\u011f\u00fc Orkestras\u0131 (polkesrta) taraf\u0131ndan m\u00fczik dinletisi de sunulacak.<\/p>\n<\/p><\/div>\n<p><script async\n                    defer\n                    crossorigin=\"anonymous\"\n                    src=\"https:\/\/connect.facebook.net\/tr_TR\/sdk.js#xfbml=1&#038;version=v3.3\"\n            ><\/script><\/p>\n","protected":false},"excerpt":{"rendered":"<p>Polis \u00d6rg\u00fct\u00fc\u2019n\u00fcn 60. kurulu\u015f y\u0131ld\u00f6n\u00fcm\u00fc ve 30 Haziran Polis G\u00fcn\u00fc nedeniyle yar\u0131n ak\u015fam saat 20.00\u2019de Polis Genel M\u00fcd\u00fcrl\u00fc\u011f\u00fc bah\u00e7esinde resepsiyon verilecek. Polis Bas\u0131n Subayl\u0131\u011f\u0131\u2019ndan yap\u0131lan yaz\u0131l\u0131 a\u00e7\u0131klamaya g\u00f6re, resepsiyonda Cumhurba\u015fkan\u0131 Ersin Tatar ve Polis Genel M\u00fcd\u00fcr\u00fc Kas\u0131m Kuni birer konu\u015fma yapacak. Polis tan\u0131t\u0131m filminin izlenmesinin ard\u0131ndan Ba\u015f M\u00fcfetti\u015f Aydan Arifo\u011flu taraf\u0131ndan \u015fiir okunacak. Gecede, G\u00fcvenlik [&hellip;]<\/p>\n","protected":false},"author":1,"featured_media":5646,"comment_status":"open","ping_status":"open","sticky":false,"template":"","format":"standard","meta":{"jnews-multi-image_gallery":[],"jnews_single_post":[],"jnews_primary_category":[],"jnews_social_meta":[],"jnews_override_counter":[],"footnotes":""},"categories":[1],"tags":[],"class_list":["post-5645","post","type-post","status-publish","format-standard","has-post-thumbnail","hentry","category-kibris"],"yoast_head":"<!-- This site is optimized with the Yoast SEO plugin v27.5 - https:\/\/yoast.com\/product\/yoast-seo-wordpress\/ -->\n<title>Polis \u00d6rg\u00fct\u00fc\u2019n\u00fcn 60. kurulu\u015f y\u0131ld\u00f6n\u00fcm\u00fc ve Polis G\u00fcn\u00fc nedeniyle yar\u0131n resepsiyon verilecek - Haber Ver K\u0131br\u0131s<\/title>\n<meta name=\"robots\" content=\"index, follow, max-snippet:-1, max-image-preview:large, max-video-preview:-1\" \/>\n<link rel=\"canonical\" href=\"https:\/\/haberverkibris.com\/index.php\/2024\/07\/01\/polis-orgutunun-60-kurulus-yildonumu-ve-polis-gunu-nedeniyle-yarin-resepsiyon-verilecek\/\" \/>\n<meta property=\"og:locale\" content=\"tr_TR\" \/>\n<meta property=\"og:type\" content=\"article\" \/>\n<meta property=\"og:title\" content=\"Polis \u00d6rg\u00fct\u00fc\u2019n\u00fcn 60. kurulu\u015f y\u0131ld\u00f6n\u00fcm\u00fc ve Polis G\u00fcn\u00fc nedeniyle yar\u0131n resepsiyon verilecek - Haber Ver K\u0131br\u0131s\" \/>\n<meta property=\"og:description\" content=\"Polis \u00d6rg\u00fct\u00fc\u2019n\u00fcn 60. kurulu\u015f y\u0131ld\u00f6n\u00fcm\u00fc ve 30 Haziran Polis G\u00fcn\u00fc nedeniyle yar\u0131n ak\u015fam saat 20.00\u2019de Polis Genel M\u00fcd\u00fcrl\u00fc\u011f\u00fc bah\u00e7esinde resepsiyon verilecek. Polis Bas\u0131n Subayl\u0131\u011f\u0131\u2019ndan yap\u0131lan yaz\u0131l\u0131 a\u00e7\u0131klamaya g\u00f6re, resepsiyonda Cumhurba\u015fkan\u0131 Ersin Tatar ve Polis Genel M\u00fcd\u00fcr\u00fc Kas\u0131m Kuni birer konu\u015fma yapacak. Polis tan\u0131t\u0131m filminin izlenmesinin ard\u0131ndan Ba\u015f M\u00fcfetti\u015f Aydan Arifo\u011flu taraf\u0131ndan \u015fiir okunacak. Gecede, G\u00fcvenlik [&hellip;]\" \/>\n<meta property=\"og:url\" content=\"https:\/\/haberverkibris.com\/index.php\/2024\/07\/01\/polis-orgutunun-60-kurulus-yildonumu-ve-polis-gunu-nedeniyle-yarin-resepsiyon-verilecek\/\" \/>\n<meta property=\"og:site_name\" content=\"Haber Ver K\u0131br\u0131s\" \/>\n<meta property=\"article:publisher\" content=\"https:\/\/www.facebook.com\/kuzeyinsesii\" \/>\n<meta property=\"article:published_time\" content=\"2024-07-01T17:16:51+00:00\" \/>\n<meta property=\"og:image\" content=\"https:\/\/haberverkibris.com\/wp-content\/uploads\/2024\/07\/pgm.jpg\" \/>\n\t<meta property=\"og:image:width\" content=\"620\" \/>\n\t<meta property=\"og:image:height\" content=\"350\" \/>\n\t<meta property=\"og:image:type\" content=\"image\/jpeg\" \/>\n<meta name=\"author\" content=\"Haberver K\u0131br\u0131s\" \/>\n<meta name=\"twitter:card\" content=\"summary_large_image\" \/>\n<meta name=\"twitter:creator\" content=\"@kuzeyinsesii\" \/>\n<meta name=\"twitter:site\" content=\"@kuzeyinsesii\" \/>\n<meta name=\"twitter:label1\" content=\"Yazan:\" \/>\n\t<meta name=\"twitter:data1\" content=\"Haberver K\u0131br\u0131s\" \/>\n\t<meta name=\"twitter:label2\" content=\"Tahmini okuma s\u00fcresi\" \/>\n\t<meta name=\"twitter:data2\" content=\"1 dakika\" \/>\n<script type=\"application\/ld+json\" class=\"yoast-schema-graph\">{\"@context\":\"https:\\\/\\\/schema.org\",\"@graph\":[{\"@type\":\"Article\",\"@id\":\"https:\\\/\\\/haberverkibris.com\\\/index.php\\\/2024\\\/07\\\/01\\\/polis-orgutunun-60-kurulus-yildonumu-ve-polis-gunu-nedeniyle-yarin-resepsiyon-verilecek\\\/#article\",\"isPartOf\":{\"@id\":\"https:\\\/\\\/haberverkibris.com\\\/index.php\\\/2024\\\/07\\\/01\\\/polis-orgutunun-60-kurulus-yildonumu-ve-polis-gunu-nedeniyle-yarin-resepsiyon-verilecek\\\/\"},\"author\":{\"name\":\"Haberver K\u0131br\u0131s\",\"@id\":\"https:\\\/\\\/haberverkibris.com\\\/#\\\/schema\\\/person\\\/29d65381ed43765483b5a185ded66a56\"},\"headline\":\"Polis \u00d6rg\u00fct\u00fc\u2019n\u00fcn 60. kurulu\u015f y\u0131ld\u00f6n\u00fcm\u00fc ve Polis G\u00fcn\u00fc nedeniyle yar\u0131n resepsiyon verilecek\",\"datePublished\":\"2024-07-01T17:16:51+00:00\",\"mainEntityOfPage\":{\"@id\":\"https:\\\/\\\/haberverkibris.com\\\/index.php\\\/2024\\\/07\\\/01\\\/polis-orgutunun-60-kurulus-yildonumu-ve-polis-gunu-nedeniyle-yarin-resepsiyon-verilecek\\\/\"},\"wordCount\":124,\"commentCount\":0,\"image\":{\"@id\":\"https:\\\/\\\/haberverkibris.com\\\/index.php\\\/2024\\\/07\\\/01\\\/polis-orgutunun-60-kurulus-yildonumu-ve-polis-gunu-nedeniyle-yarin-resepsiyon-verilecek\\\/#primaryimage\"},\"thumbnailUrl\":\"https:\\\/\\\/haberverkibris.com\\\/wp-content\\\/uploads\\\/2024\\\/07\\\/pgm.jpg\",\"articleSection\":[\"K\u0131br\u0131s\"],\"inLanguage\":\"tr\",\"potentialAction\":[{\"@type\":\"CommentAction\",\"name\":\"Comment\",\"target\":[\"https:\\\/\\\/haberverkibris.com\\\/index.php\\\/2024\\\/07\\\/01\\\/polis-orgutunun-60-kurulus-yildonumu-ve-polis-gunu-nedeniyle-yarin-resepsiyon-verilecek\\\/#respond\"]}]},{\"@type\":\"WebPage\",\"@id\":\"https:\\\/\\\/haberverkibris.com\\\/index.php\\\/2024\\\/07\\\/01\\\/polis-orgutunun-60-kurulus-yildonumu-ve-polis-gunu-nedeniyle-yarin-resepsiyon-verilecek\\\/\",\"url\":\"https:\\\/\\\/haberverkibris.com\\\/index.php\\\/2024\\\/07\\\/01\\\/polis-orgutunun-60-kurulus-yildonumu-ve-polis-gunu-nedeniyle-yarin-resepsiyon-verilecek\\\/\",\"name\":\"Polis \u00d6rg\u00fct\u00fc\u2019n\u00fcn 60. kurulu\u015f y\u0131ld\u00f6n\u00fcm\u00fc ve Polis G\u00fcn\u00fc nedeniyle yar\u0131n resepsiyon verilecek - Haber Ver K\u0131br\u0131s\",\"isPartOf\":{\"@id\":\"https:\\\/\\\/haberverkibris.com\\\/#website\"},\"primaryImageOfPage\":{\"@id\":\"https:\\\/\\\/haberverkibris.com\\\/index.php\\\/2024\\\/07\\\/01\\\/polis-orgutunun-60-kurulus-yildonumu-ve-polis-gunu-nedeniyle-yarin-resepsiyon-verilecek\\\/#primaryimage\"},\"image\":{\"@id\":\"https:\\\/\\\/haberverkibris.com\\\/index.php\\\/2024\\\/07\\\/01\\\/polis-orgutunun-60-kurulus-yildonumu-ve-polis-gunu-nedeniyle-yarin-resepsiyon-verilecek\\\/#primaryimage\"},\"thumbnailUrl\":\"https:\\\/\\\/haberverkibris.com\\\/wp-content\\\/uploads\\\/2024\\\/07\\\/pgm.jpg\",\"datePublished\":\"2024-07-01T17:16:51+00:00\",\"author\":{\"@id\":\"https:\\\/\\\/haberverkibris.com\\\/#\\\/schema\\\/person\\\/29d65381ed43765483b5a185ded66a56\"},\"breadcrumb\":{\"@id\":\"https:\\\/\\\/haberverkibris.com\\\/index.php\\\/2024\\\/07\\\/01\\\/polis-orgutunun-60-kurulus-yildonumu-ve-polis-gunu-nedeniyle-yarin-resepsiyon-verilecek\\\/#breadcrumb\"},\"inLanguage\":\"tr\",\"potentialAction\":[{\"@type\":\"ReadAction\",\"target\":[\"https:\\\/\\\/haberverkibris.com\\\/index.php\\\/2024\\\/07\\\/01\\\/polis-orgutunun-60-kurulus-yildonumu-ve-polis-gunu-nedeniyle-yarin-resepsiyon-verilecek\\\/\"]}]},{\"@type\":\"ImageObject\",\"inLanguage\":\"tr\",\"@id\":\"https:\\\/\\\/haberverkibris.com\\\/index.php\\\/2024\\\/07\\\/01\\\/polis-orgutunun-60-kurulus-yildonumu-ve-polis-gunu-nedeniyle-yarin-resepsiyon-verilecek\\\/#primaryimage\",\"url\":\"https:\\\/\\\/haberverkibris.com\\\/wp-content\\\/uploads\\\/2024\\\/07\\\/pgm.jpg\",\"contentUrl\":\"https:\\\/\\\/haberverkibris.com\\\/wp-content\\\/uploads\\\/2024\\\/07\\\/pgm.jpg\",\"width\":620,\"height\":350},{\"@type\":\"BreadcrumbList\",\"@id\":\"https:\\\/\\\/haberverkibris.com\\\/index.php\\\/2024\\\/07\\\/01\\\/polis-orgutunun-60-kurulus-yildonumu-ve-polis-gunu-nedeniyle-yarin-resepsiyon-verilecek\\\/#breadcrumb\",\"itemListElement\":[{\"@type\":\"ListItem\",\"position\":1,\"name\":\"Anasayfa\",\"item\":\"https:\\\/\\\/haberverkibris.com\\\/\"},{\"@type\":\"ListItem\",\"position\":2,\"name\":\"Polis \u00d6rg\u00fct\u00fc\u2019n\u00fcn 60. kurulu\u015f y\u0131ld\u00f6n\u00fcm\u00fc ve Polis G\u00fcn\u00fc nedeniyle yar\u0131n resepsiyon verilecek\"}]},{\"@type\":\"WebSite\",\"@id\":\"https:\\\/\\\/haberverkibris.com\\\/#website\",\"url\":\"https:\\\/\\\/haberverkibris.com\\\/\",\"name\":\"Kuzeyin Sesi\",\"description\":\"Do\u011fru Haberin Adresi\",\"potentialAction\":[{\"@type\":\"SearchAction\",\"target\":{\"@type\":\"EntryPoint\",\"urlTemplate\":\"https:\\\/\\\/haberverkibris.com\\\/?s={search_term_string}\"},\"query-input\":{\"@type\":\"PropertyValueSpecification\",\"valueRequired\":true,\"valueName\":\"search_term_string\"}}],\"inLanguage\":\"tr\"},{\"@type\":\"Person\",\"@id\":\"https:\\\/\\\/haberverkibris.com\\\/#\\\/schema\\\/person\\\/29d65381ed43765483b5a185ded66a56\",\"name\":\"Haberver K\u0131br\u0131s\",\"image\":{\"@type\":\"ImageObject\",\"inLanguage\":\"tr\",\"@id\":\"https:\\\/\\\/secure.gravatar.com\\\/avatar\\\/bab33852abfd8b282518d6ed81826833d77c3c882d9ab608add591ccace47a44?s=96&d=mm&r=g\",\"url\":\"https:\\\/\\\/secure.gravatar.com\\\/avatar\\\/bab33852abfd8b282518d6ed81826833d77c3c882d9ab608add591ccace47a44?s=96&d=mm&r=g\",\"contentUrl\":\"https:\\\/\\\/secure.gravatar.com\\\/avatar\\\/bab33852abfd8b282518d6ed81826833d77c3c882d9ab608add591ccace47a44?s=96&d=mm&r=g\",\"caption\":\"Haberver K\u0131br\u0131s\"},\"sameAs\":[\"https:\\\/\\\/haberverkibris.com\"],\"url\":\"https:\\\/\\\/haberverkibris.com\\\/index.php\\\/author\\\/guven\\\/\"}]}<\/script>\n<!-- \/ Yoast SEO plugin. -->","yoast_head_json":{"title":"Polis \u00d6rg\u00fct\u00fc\u2019n\u00fcn 60. kurulu\u015f y\u0131ld\u00f6n\u00fcm\u00fc ve Polis G\u00fcn\u00fc nedeniyle yar\u0131n resepsiyon verilecek - Haber Ver K\u0131br\u0131s","robots":{"index":"index","follow":"follow","max-snippet":"max-snippet:-1","max-image-preview":"max-image-preview:large","max-video-preview":"max-video-preview:-1"},"canonical":"https:\/\/haberverkibris.com\/index.php\/2024\/07\/01\/polis-orgutunun-60-kurulus-yildonumu-ve-polis-gunu-nedeniyle-yarin-resepsiyon-verilecek\/","og_locale":"tr_TR","og_type":"article","og_title":"Polis \u00d6rg\u00fct\u00fc\u2019n\u00fcn 60. kurulu\u015f y\u0131ld\u00f6n\u00fcm\u00fc ve Polis G\u00fcn\u00fc nedeniyle yar\u0131n resepsiyon verilecek - Haber Ver K\u0131br\u0131s","og_description":"Polis \u00d6rg\u00fct\u00fc\u2019n\u00fcn 60. kurulu\u015f y\u0131ld\u00f6n\u00fcm\u00fc ve 30 Haziran Polis G\u00fcn\u00fc nedeniyle yar\u0131n ak\u015fam saat 20.00\u2019de Polis Genel M\u00fcd\u00fcrl\u00fc\u011f\u00fc bah\u00e7esinde resepsiyon verilecek. Polis Bas\u0131n Subayl\u0131\u011f\u0131\u2019ndan yap\u0131lan yaz\u0131l\u0131 a\u00e7\u0131klamaya g\u00f6re, resepsiyonda Cumhurba\u015fkan\u0131 Ersin Tatar ve Polis Genel M\u00fcd\u00fcr\u00fc Kas\u0131m Kuni birer konu\u015fma yapacak. Polis tan\u0131t\u0131m filminin izlenmesinin ard\u0131ndan Ba\u015f M\u00fcfetti\u015f Aydan Arifo\u011flu taraf\u0131ndan \u015fiir okunacak. Gecede, G\u00fcvenlik [&hellip;]","og_url":"https:\/\/haberverkibris.com\/index.php\/2024\/07\/01\/polis-orgutunun-60-kurulus-yildonumu-ve-polis-gunu-nedeniyle-yarin-resepsiyon-verilecek\/","og_site_name":"Haber Ver K\u0131br\u0131s","article_publisher":"https:\/\/www.facebook.com\/kuzeyinsesii","article_published_time":"2024-07-01T17:16:51+00:00","og_image":[{"width":620,"height":350,"url":"https:\/\/haberverkibris.com\/wp-content\/uploads\/2024\/07\/pgm.jpg","type":"image\/jpeg"}],"author":"Haberver K\u0131br\u0131s","twitter_card":"summary_large_image","twitter_creator":"@kuzeyinsesii","twitter_site":"@kuzeyinsesii","twitter_misc":{"Yazan:":"Haberver K\u0131br\u0131s","Tahmini okuma s\u00fcresi":"1 dakika"},"schema":{"@context":"https:\/\/schema.org","@graph":[{"@type":"Article","@id":"https:\/\/haberverkibris.com\/index.php\/2024\/07\/01\/polis-orgutunun-60-kurulus-yildonumu-ve-polis-gunu-nedeniyle-yarin-resepsiyon-verilecek\/#article","isPartOf":{"@id":"https:\/\/haberverkibris.com\/index.php\/2024\/07\/01\/polis-orgutunun-60-kurulus-yildonumu-ve-polis-gunu-nedeniyle-yarin-resepsiyon-verilecek\/"},"author":{"name":"Haberver K\u0131br\u0131s","@id":"https:\/\/haberverkibris.com\/#\/schema\/person\/29d65381ed43765483b5a185ded66a56"},"headline":"Polis \u00d6rg\u00fct\u00fc\u2019n\u00fcn 60. kurulu\u015f y\u0131ld\u00f6n\u00fcm\u00fc ve Polis G\u00fcn\u00fc nedeniyle yar\u0131n resepsiyon verilecek","datePublished":"2024-07-01T17:16:51+00:00","mainEntityOfPage":{"@id":"https:\/\/haberverkibris.com\/index.php\/2024\/07\/01\/polis-orgutunun-60-kurulus-yildonumu-ve-polis-gunu-nedeniyle-yarin-resepsiyon-verilecek\/"},"wordCount":124,"commentCount":0,"image":{"@id":"https:\/\/haberverkibris.com\/index.php\/2024\/07\/01\/polis-orgutunun-60-kurulus-yildonumu-ve-polis-gunu-nedeniyle-yarin-resepsiyon-verilecek\/#primaryimage"},"thumbnailUrl":"https:\/\/haberverkibris.com\/wp-content\/uploads\/2024\/07\/pgm.jpg","articleSection":["K\u0131br\u0131s"],"inLanguage":"tr","potentialAction":[{"@type":"CommentAction","name":"Comment","target":["https:\/\/haberverkibris.com\/index.php\/2024\/07\/01\/polis-orgutunun-60-kurulus-yildonumu-ve-polis-gunu-nedeniyle-yarin-resepsiyon-verilecek\/#respond"]}]},{"@type":"WebPage","@id":"https:\/\/haberverkibris.com\/index.php\/2024\/07\/01\/polis-orgutunun-60-kurulus-yildonumu-ve-polis-gunu-nedeniyle-yarin-resepsiyon-verilecek\/","url":"https:\/\/haberverkibris.com\/index.php\/2024\/07\/01\/polis-orgutunun-60-kurulus-yildonumu-ve-polis-gunu-nedeniyle-yarin-resepsiyon-verilecek\/","name":"Polis \u00d6rg\u00fct\u00fc\u2019n\u00fcn 60. kurulu\u015f y\u0131ld\u00f6n\u00fcm\u00fc ve Polis G\u00fcn\u00fc nedeniyle yar\u0131n resepsiyon verilecek - Haber Ver K\u0131br\u0131s","isPartOf":{"@id":"https:\/\/haberverkibris.com\/#website"},"primaryImageOfPage":{"@id":"https:\/\/haberverkibris.com\/index.php\/2024\/07\/01\/polis-orgutunun-60-kurulus-yildonumu-ve-polis-gunu-nedeniyle-yarin-resepsiyon-verilecek\/#primaryimage"},"image":{"@id":"https:\/\/haberverkibris.com\/index.php\/2024\/07\/01\/polis-orgutunun-60-kurulus-yildonumu-ve-polis-gunu-nedeniyle-yarin-resepsiyon-verilecek\/#primaryimage"},"thumbnailUrl":"https:\/\/haberverkibris.com\/wp-content\/uploads\/2024\/07\/pgm.jpg","datePublished":"2024-07-01T17:16:51+00:00","author":{"@id":"https:\/\/haberverkibris.com\/#\/schema\/person\/29d65381ed43765483b5a185ded66a56"},"breadcrumb":{"@id":"https:\/\/haberverkibris.com\/index.php\/2024\/07\/01\/polis-orgutunun-60-kurulus-yildonumu-ve-polis-gunu-nedeniyle-yarin-resepsiyon-verilecek\/#breadcrumb"},"inLanguage":"tr","potentialAction":[{"@type":"ReadAction","target":["https:\/\/haberverkibris.com\/index.php\/2024\/07\/01\/polis-orgutunun-60-kurulus-yildonumu-ve-polis-gunu-nedeniyle-yarin-resepsiyon-verilecek\/"]}]},{"@type":"ImageObject","inLanguage":"tr","@id":"https:\/\/haberverkibris.com\/index.php\/2024\/07\/01\/polis-orgutunun-60-kurulus-yildonumu-ve-polis-gunu-nedeniyle-yarin-resepsiyon-verilecek\/#primaryimage","url":"https:\/\/haberverkibris.com\/wp-content\/uploads\/2024\/07\/pgm.jpg","contentUrl":"https:\/\/haberverkibris.com\/wp-content\/uploads\/2024\/07\/pgm.jpg","width":620,"height":350},{"@type":"BreadcrumbList","@id":"https:\/\/haberverkibris.com\/index.php\/2024\/07\/01\/polis-orgutunun-60-kurulus-yildonumu-ve-polis-gunu-nedeniyle-yarin-resepsiyon-verilecek\/#breadcrumb","itemListElement":[{"@type":"ListItem","position":1,"name":"Anasayfa","item":"https:\/\/haberverkibris.com\/"},{"@type":"ListItem","position":2,"name":"Polis \u00d6rg\u00fct\u00fc\u2019n\u00fcn 60. kurulu\u015f y\u0131ld\u00f6n\u00fcm\u00fc ve Polis G\u00fcn\u00fc nedeniyle yar\u0131n resepsiyon verilecek"}]},{"@type":"WebSite","@id":"https:\/\/haberverkibris.com\/#website","url":"https:\/\/haberverkibris.com\/","name":"Kuzeyin Sesi","description":"Do\u011fru Haberin Adresi","potentialAction":[{"@type":"SearchAction","target":{"@type":"EntryPoint","urlTemplate":"https:\/\/haberverkibris.com\/?s={search_term_string}"},"query-input":{"@type":"PropertyValueSpecification","valueRequired":true,"valueName":"search_term_string"}}],"inLanguage":"tr"},{"@type":"Person","@id":"https:\/\/haberverkibris.com\/#\/schema\/person\/29d65381ed43765483b5a185ded66a56","name":"Haberver K\u0131br\u0131s","image":{"@type":"ImageObject","inLanguage":"tr","@id":"https:\/\/secure.gravatar.com\/avatar\/bab33852abfd8b282518d6ed81826833d77c3c882d9ab608add591ccace47a44?s=96&d=mm&r=g","url":"https:\/\/secure.gravatar.com\/avatar\/bab33852abfd8b282518d6ed81826833d77c3c882d9ab608add591ccace47a44?s=96&d=mm&r=g","contentUrl":"https:\/\/secure.gravatar.com\/avatar\/bab33852abfd8b282518d6ed81826833d77c3c882d9ab608add591ccace47a44?s=96&d=mm&r=g","caption":"Haberver K\u0131br\u0131s"},"sameAs":["https:\/\/haberverkibris.com"],"url":"https:\/\/haberverkibris.com\/index.php\/author\/guven\/"}]}},"_links":{"self":[{"href":"https:\/\/haberverkibris.com\/index.php\/wp-json\/wp\/v2\/posts\/5645","targetHints":{"allow":["GET"]}}],"collection":[{"href":"https:\/\/haberverkibris.com\/index.php\/wp-json\/wp\/v2\/posts"}],"about":[{"href":"https:\/\/haberverkibris.com\/index.php\/wp-json\/wp\/v2\/types\/post"}],"author":[{"embeddable":true,"href":"https:\/\/haberverkibris.com\/index.php\/wp-json\/wp\/v2\/users\/1"}],"replies":[{"embeddable":true,"href":"https:\/\/haberverkibris.com\/index.php\/wp-json\/wp\/v2\/comments?post=5645"}],"version-history":[{"count":0,"href":"https:\/\/haberverkibris.com\/index.php\/wp-json\/wp\/v2\/posts\/5645\/revisions"}],"wp:featuredmedia":[{"embeddable":true,"href":"https:\/\/haberverkibris.com\/index.php\/wp-json\/wp\/v2\/media\/5646"}],"wp:attachment":[{"href":"https:\/\/haberverkibris.com\/index.php\/wp-json\/wp\/v2\/media?parent=5645"}],"wp:term":[{"taxonomy":"category","embeddable":true,"href":"https:\/\/haberverkibris.com\/index.php\/wp-json\/wp\/v2\/categories?post=5645"},{"taxonomy":"post_tag","embeddable":true,"href":"https:\/\/haberverkibris.com\/index.php\/wp-json\/wp\/v2\/tags?post=5645"}],"curies":[{"name":"wp","href":"https:\/\/api.w.org\/{rel}","templated":true}]}}