{"id":4923,"date":"2024-06-16T13:09:33","date_gmt":"2024-06-16T10:09:33","guid":{"rendered":"https:\/\/kuzeyinsesi.com\/index.php\/2024\/06\/16\/cumhurbaskani-tatar-ve-esi-sibel-tatar-cumhurbaskanliginda-bayram-tebrigi-kabul-etti\/"},"modified":"2024-06-16T13:09:33","modified_gmt":"2024-06-16T10:09:33","slug":"cumhurbaskani-tatar-ve-esi-sibel-tatar-cumhurbaskanliginda-bayram-tebrigi-kabul-etti","status":"publish","type":"post","link":"https:\/\/haberverkibris.com\/index.php\/2024\/06\/16\/cumhurbaskani-tatar-ve-esi-sibel-tatar-cumhurbaskanliginda-bayram-tebrigi-kabul-etti\/","title":{"rendered":"Cumhurba\u015fkan\u0131 Tatar ve e\u015fi Sibel Tatar Cumhurba\u015fkanl\u0131\u011f\u0131\u2019nda bayram tebri\u011fi kabul etti"},"content":{"rendered":"<div>\n<div class=\"mariselle-image-container none\">\n                                            <\/div>\n<p>Cumhurba\u015fkan\u0131 Ersin Tatar ve e\u015fi Sibel Tatar, Kurban Bayram\u0131\u2019n\u0131n birinci g\u00fcn\u00fcnde Cumhurba\u015fkanl\u0131\u011f\u0131\u2019nda d\u00fczenlenen etkinlikte halkla bayramla\u015ft\u0131.<\/p>\n<p>Halka a\u00e7\u0131k d\u00fczenlenen bayramla\u015fmaya, Cumhuriyet Meclisi Ba\u015fkan\u0131 Zorlu T\u00f6re, Ba\u015fbakan \u00dcnal \u00dcstel, Y\u00fcksek Mahkeme Ba\u015fkan\u0131 Bertan \u00d6zerda\u011f, T\u00fcrkiye Cumhuriyeti Lefko\u015fa B\u00fcy\u00fckel\u00e7isi Metin Feyzio\u011flu ve e\u015fi, K\u0131br\u0131s T\u00fcrk Bar\u0131\u015f Kuvvetleri Komutan\u0131 T\u00fcmgeneral Sebahattin K\u0131l\u0131n\u00e7, G\u00fcvenlik Kuvvetleri Komutan\u0131 T\u00fcmgeneral Osman Ayta\u00e7, baz\u0131 bakan ve milletvekilleri, askeri yetkililer, b\u00fcrokratlar ve halk kat\u0131ld\u0131.<\/p>\n<p>\u2013 Tatar: \u201cBizler i\u00e7in \u00f6nemli olan KKTC\u2019de bar\u0131\u015f, g\u00fcven ve huzurun devam etmesi\u201d<\/p>\n<p>Cumhurba\u015fkan\u0131 Ersin Tatar, burada bas\u0131na yapt\u0131\u011f\u0131 a\u00e7\u0131klamada, K\u0131br\u0131s T\u00fcrk halk\u0131n\u0131n k\u00fclt\u00fcr ve geleneklerini y\u0131llardan beri s\u00fcrd\u00fcrd\u00fc\u011f\u00fcn\u00fc kaydederek, bu y\u0131l da Kurban Bayram\u0131\u2019n\u0131 hep birlikte ge\u00e7irmenin mutlu\u011fu i\u00e7erisinde olduklar\u0131n\u0131 s\u00f6yledi.<\/p>\n<p>\u00d6nemli olan\u0131n KKTC\u2019de bar\u0131\u015f, g\u00fcven ve huzurun devam etmesi oldu\u011funu vurgulayan Tatar, bug\u00fcn Gazze, Ukrayna ve d\u00fcnyan\u0131n di\u011fer b\u00f6lgelerinde ya\u015fanan \u00e7at\u0131\u015fmalara dikkat \u00e7ekerek, bu \u00e7at\u0131\u015fmalarda hayat\u0131n\u0131 kaybedenlere bayram g\u00fcn\u00fcnde Allah\u2019tan rahmet diledi\u011fini belirtti.<\/p>\n<p>Bu \u00e7a\u011fda b\u00f6yle vah\u015fetlerin ve insanl\u0131k dram\u0131n\u0131n ya\u015fanmas\u0131n\u0131n kendilerini de derinden sarst\u0131\u011f\u0131n\u0131, bunun isyan\u0131 i\u00e7erisinde olduklar\u0131n\u0131 ancak b\u00fcy\u00fck d\u00fcnya devletleri ve Birle\u015fmi\u015f Milletler gibi kurumlar\u0131n hi\u00e7bir m\u00fcdahalede bulunmad\u0131\u011f\u0131n\u0131 ifade eden Tatar, bunun herkese bir ders olmas\u0131 gerekti\u011fini vurgulad\u0131.<\/p>\n<p>Tatar, inanc\u0131n\u0131n, T\u00fcrkiye Cumhuriyeti\u2019nin deste\u011fiyle burada K\u0131br\u0131s T\u00fcrk halk\u0131n\u0131n varl\u0131\u011f\u0131n\u0131 devam ettirebilmek ve T\u00fcrk Devletleri Te\u015fkilat\u0131\u2019n\u0131n bir \u00fcyesi olarak ve \u0130slam aleminin bir par\u00e7as\u0131 olarak t\u00fcm T\u00fcrk d\u00fcnyas\u0131yla m\u00fcnasebetleri s\u00fcrd\u00fcrmek,\u00a0 gelecek nesillere k\u00fclt\u00fcrel ve milli de\u011ferleri aktarmak oldu\u011funu kaydetti ve \u015funlar\u0131 s\u00f6yledi:<\/p>\n<p>\u201cBu bayram g\u00fcn\u00fcnde darg\u0131nl\u0131klar\u0131n, k\u00fcsk\u00fcnl\u00fcklerin, k\u0131rg\u0131nl\u0131klar\u0131n geride kalmas\u0131 ve birlik, beraberlik ve dayan\u0131\u015fma i\u00e7erisinde m\u00fccadelemizi s\u00fcrd\u00fcrmek en b\u00fcy\u00fck dile\u011fim ve temennimdir.\u201d<\/p>\n<p>\u2013 \u201cBayramda ara\u00e7 s\u00fcr\u00fcc\u00fcleri dikkatli olmal\u0131, sorumluluklar\u0131n\u0131 bilmeli\u201d<\/p>\n<p>Son g\u00fcnlerde artan trafik kazalar\u0131na de\u011finen ve bundan duydu\u011fu \u00fcz\u00fcnt\u00fcy\u00fc de payla\u015fan Tatar, t\u00fcm ara\u00e7 s\u00fcr\u00fcc\u00fclerine dikkatli olmalar\u0131 \u00e7a\u011fr\u0131s\u0131nda bulundu.<\/p>\n<p>Cumhurba\u015fkan\u0131 Tatar, ara\u00e7 s\u00fcr\u00fcc\u00fclerinin sadece kendileri i\u00e7in de\u011fil, kar\u015f\u0131dan gelen i\u00e7in de sorumluluk ta\u015f\u0131d\u0131\u011f\u0131na dikkat \u00e7ekerek, alkol ve s\u00fcratten uzak durarak, sorumluluklar\u0131n\u0131 yerine getirmeleri temennisinde bulundu.<\/p>\n<p>Trafik kazas\u0131nda d\u00fcn yeni bir can kaybedildi\u011fini hat\u0131rlatan Tatar, trafikte hayatlar\u0131n\u0131 kaybedenlere Allah\u2019tan rahmet, ac\u0131l\u0131 ailelere sab\u0131r diledi.<\/p>\n<p>Bug\u00fcn \u015eampiyon Melekleri de unutman\u0131n asla m\u00fcmk\u00fcn olmayaca\u011f\u0131n\u0131 s\u00f6yleyen Tatar, onlar i\u00e7in de rahmet, ailelerine sab\u0131r temennisinde bulundu. 6 \u015eubat Depremi\u2019nde hayat\u0131n\u0131 kaybeden 50 binden fazla insan\u0131n yan\u0131nda, o b\u00f6lgelerde eski ya\u015famlar\u0131na d\u00f6nmek i\u00e7in m\u00fccadele eden bir \u00e7ok insan\u0131n da oldu\u011funu belirten Tatar, K\u0131br\u0131s T\u00fcrklerinin ac\u0131lar\u0131n\u0131 y\u00fcreklerinde ta\u015f\u0131d\u0131klar\u0131n\u0131 s\u00f6yledi.<\/p>\n<p>Tatar, \u201cBen bir kez daha \u00fclkemizde Kurban Bayram\u0131\u2019n\u0131n hay\u0131rlara vesile olmas\u0131 temenni ediyorum. Buradan t\u00fcm halk\u0131m\u0131za, T\u00fcrkiye\u2019deki karde\u015flerimize t\u00fcm \u0130slam aleminin bayram\u0131n\u0131 kutluyorum.\u201d diye konu\u015ftu.<\/p>\n<p>\u2013 \u201cHayatta olan, olmayan t\u00fcm babalar\u0131n g\u00fcn\u00fcn\u00fc kutluyorum\u201d<\/p>\n<p>Bug\u00fcn\u00fcn ayn\u0131 zamanda babalar g\u00fcn\u00fc oldu\u011funa i\u015faret eden Tatar, \u201cBen bir kez daha hayatta olan ve olmayan t\u00fcm babalar\u0131n g\u00fcn\u00fcn\u00fc kutluyorum\u201d diyerek, babalar\u0131n de\u011ferinin bilinmesi, hayatta olanlara h\u00fcrmet ve sayg\u0131n\u0131n g\u00f6sterilmesi ve hayatta olmayanlar\u0131n yad edilmesi gerekti\u011fini kaydetti.<\/p>\n<p>\u0130\u00e7inde bulunulan \u00e7a\u011fda bir tak\u0131m k\u00fclt\u00fcrel \u00e7at\u0131\u015fmalar\u0131n ya\u015fand\u0131\u011f\u0131n\u0131 belirten Tatar, anne ve babalar\u0131n g\u00f6revinin \u00e7ocuklar\u0131 bu \u00e7at\u0131\u015fmalar ve sald\u0131r\u0131lardan korumak oldu\u011funu s\u00f6yledi, K\u0131br\u0131s T\u00fcrk halk\u0131n\u0131n dayana\u011f\u0131n\u0131n milli ve manevi de\u011ferleri, \u00f6rf, adet ve k\u00fclt\u00fcr\u00fc oldu\u011funun alt\u0131n\u0131 \u00e7izdi.<\/p>\n<p>Tebrik kabul\u00fcn\u00fcn ard\u0131ndan Cumhurba\u015fkanl\u0131\u011f\u0131n\u0131n bah\u00e7esindeki resepsiyona ge\u00e7en Tatar \u00e7ifti, burada konuklarla sohbet etti.<\/p>\n<p>\u00a0<\/p>\n<\/p><\/div>\n<p><script async\n                    defer\n                    crossorigin=\"anonymous\"\n                    src=\"https:\/\/connect.facebook.net\/tr_TR\/sdk.js#xfbml=1&#038;version=v3.3\"\n            ><\/script><\/p>\n","protected":false},"excerpt":{"rendered":"<p>Cumhurba\u015fkan\u0131 Ersin Tatar ve e\u015fi Sibel Tatar, Kurban Bayram\u0131\u2019n\u0131n birinci g\u00fcn\u00fcnde Cumhurba\u015fkanl\u0131\u011f\u0131\u2019nda d\u00fczenlenen etkinlikte halkla bayramla\u015ft\u0131. Halka a\u00e7\u0131k d\u00fczenlenen bayramla\u015fmaya, Cumhuriyet Meclisi Ba\u015fkan\u0131 Zorlu T\u00f6re, Ba\u015fbakan \u00dcnal \u00dcstel, Y\u00fcksek Mahkeme Ba\u015fkan\u0131 Bertan \u00d6zerda\u011f, T\u00fcrkiye Cumhuriyeti Lefko\u015fa B\u00fcy\u00fckel\u00e7isi Metin Feyzio\u011flu ve e\u015fi, K\u0131br\u0131s T\u00fcrk Bar\u0131\u015f Kuvvetleri Komutan\u0131 T\u00fcmgeneral Sebahattin K\u0131l\u0131n\u00e7, G\u00fcvenlik Kuvvetleri Komutan\u0131 T\u00fcmgeneral Osman Ayta\u00e7, [&hellip;]<\/p>\n","protected":false},"author":1,"featured_media":4924,"comment_status":"open","ping_status":"open","sticky":false,"template":"","format":"standard","meta":{"jnews-multi-image_gallery":[],"jnews_single_post":[],"jnews_primary_category":[],"jnews_social_meta":[],"jnews_override_counter":[],"footnotes":""},"categories":[1],"tags":[],"class_list":["post-4923","post","type-post","status-publish","format-standard","has-post-thumbnail","hentry","category-kibris"],"yoast_head":"<!-- This site is optimized with the Yoast SEO plugin v27.5 - https:\/\/yoast.com\/product\/yoast-seo-wordpress\/ -->\n<title>Cumhurba\u015fkan\u0131 Tatar ve e\u015fi Sibel Tatar Cumhurba\u015fkanl\u0131\u011f\u0131\u2019nda bayram tebri\u011fi kabul etti - Haber Ver K\u0131br\u0131s<\/title>\n<meta name=\"robots\" content=\"index, follow, max-snippet:-1, max-image-preview:large, max-video-preview:-1\" \/>\n<link rel=\"canonical\" href=\"https:\/\/haberverkibris.com\/index.php\/2024\/06\/16\/cumhurbaskani-tatar-ve-esi-sibel-tatar-cumhurbaskanliginda-bayram-tebrigi-kabul-etti\/\" \/>\n<meta property=\"og:locale\" content=\"tr_TR\" \/>\n<meta property=\"og:type\" content=\"article\" \/>\n<meta property=\"og:title\" content=\"Cumhurba\u015fkan\u0131 Tatar ve e\u015fi Sibel Tatar Cumhurba\u015fkanl\u0131\u011f\u0131\u2019nda bayram tebri\u011fi kabul etti - Haber Ver K\u0131br\u0131s\" \/>\n<meta property=\"og:description\" content=\"Cumhurba\u015fkan\u0131 Ersin Tatar ve e\u015fi Sibel Tatar, Kurban Bayram\u0131\u2019n\u0131n birinci g\u00fcn\u00fcnde Cumhurba\u015fkanl\u0131\u011f\u0131\u2019nda d\u00fczenlenen etkinlikte halkla bayramla\u015ft\u0131. Halka a\u00e7\u0131k d\u00fczenlenen bayramla\u015fmaya, Cumhuriyet Meclisi Ba\u015fkan\u0131 Zorlu T\u00f6re, Ba\u015fbakan \u00dcnal \u00dcstel, Y\u00fcksek Mahkeme Ba\u015fkan\u0131 Bertan \u00d6zerda\u011f, T\u00fcrkiye Cumhuriyeti Lefko\u015fa B\u00fcy\u00fckel\u00e7isi Metin Feyzio\u011flu ve e\u015fi, K\u0131br\u0131s T\u00fcrk Bar\u0131\u015f Kuvvetleri Komutan\u0131 T\u00fcmgeneral Sebahattin K\u0131l\u0131n\u00e7, G\u00fcvenlik Kuvvetleri Komutan\u0131 T\u00fcmgeneral Osman Ayta\u00e7, [&hellip;]\" \/>\n<meta property=\"og:url\" content=\"https:\/\/haberverkibris.com\/index.php\/2024\/06\/16\/cumhurbaskani-tatar-ve-esi-sibel-tatar-cumhurbaskanliginda-bayram-tebrigi-kabul-etti\/\" \/>\n<meta property=\"og:site_name\" content=\"Haber Ver K\u0131br\u0131s\" \/>\n<meta property=\"article:publisher\" content=\"https:\/\/www.facebook.com\/kuzeyinsesii\" \/>\n<meta property=\"article:published_time\" content=\"2024-06-16T10:09:33+00:00\" \/>\n<meta property=\"og:image\" content=\"https:\/\/haberverkibris.com\/wp-content\/uploads\/2024\/06\/cb-bayramlasma-tim-2-.jpeg\" \/>\n\t<meta property=\"og:image:width\" content=\"1654\" \/>\n\t<meta property=\"og:image:height\" content=\"1104\" \/>\n\t<meta property=\"og:image:type\" content=\"image\/jpeg\" \/>\n<meta name=\"author\" content=\"Haberver K\u0131br\u0131s\" \/>\n<meta name=\"twitter:card\" content=\"summary_large_image\" \/>\n<meta name=\"twitter:creator\" content=\"@kuzeyinsesii\" \/>\n<meta name=\"twitter:site\" content=\"@kuzeyinsesii\" \/>\n<meta name=\"twitter:label1\" content=\"Yazan:\" \/>\n\t<meta name=\"twitter:data1\" content=\"Haberver K\u0131br\u0131s\" \/>\n\t<meta name=\"twitter:label2\" content=\"Tahmini okuma s\u00fcresi\" \/>\n\t<meta name=\"twitter:data2\" content=\"4 dakika\" \/>\n<script type=\"application\/ld+json\" class=\"yoast-schema-graph\">{\"@context\":\"https:\\\/\\\/schema.org\",\"@graph\":[{\"@type\":\"Article\",\"@id\":\"https:\\\/\\\/haberverkibris.com\\\/index.php\\\/2024\\\/06\\\/16\\\/cumhurbaskani-tatar-ve-esi-sibel-tatar-cumhurbaskanliginda-bayram-tebrigi-kabul-etti\\\/#article\",\"isPartOf\":{\"@id\":\"https:\\\/\\\/haberverkibris.com\\\/index.php\\\/2024\\\/06\\\/16\\\/cumhurbaskani-tatar-ve-esi-sibel-tatar-cumhurbaskanliginda-bayram-tebrigi-kabul-etti\\\/\"},\"author\":{\"name\":\"Haberver K\u0131br\u0131s\",\"@id\":\"https:\\\/\\\/haberverkibris.com\\\/#\\\/schema\\\/person\\\/29d65381ed43765483b5a185ded66a56\"},\"headline\":\"Cumhurba\u015fkan\u0131 Tatar ve e\u015fi Sibel Tatar Cumhurba\u015fkanl\u0131\u011f\u0131\u2019nda bayram tebri\u011fi kabul etti\",\"datePublished\":\"2024-06-16T10:09:33+00:00\",\"mainEntityOfPage\":{\"@id\":\"https:\\\/\\\/haberverkibris.com\\\/index.php\\\/2024\\\/06\\\/16\\\/cumhurbaskani-tatar-ve-esi-sibel-tatar-cumhurbaskanliginda-bayram-tebrigi-kabul-etti\\\/\"},\"wordCount\":775,\"commentCount\":0,\"image\":{\"@id\":\"https:\\\/\\\/haberverkibris.com\\\/index.php\\\/2024\\\/06\\\/16\\\/cumhurbaskani-tatar-ve-esi-sibel-tatar-cumhurbaskanliginda-bayram-tebrigi-kabul-etti\\\/#primaryimage\"},\"thumbnailUrl\":\"https:\\\/\\\/haberverkibris.com\\\/wp-content\\\/uploads\\\/2024\\\/06\\\/cb-bayramlasma-tim-2-.jpeg\",\"articleSection\":[\"K\u0131br\u0131s\"],\"inLanguage\":\"tr\",\"potentialAction\":[{\"@type\":\"CommentAction\",\"name\":\"Comment\",\"target\":[\"https:\\\/\\\/haberverkibris.com\\\/index.php\\\/2024\\\/06\\\/16\\\/cumhurbaskani-tatar-ve-esi-sibel-tatar-cumhurbaskanliginda-bayram-tebrigi-kabul-etti\\\/#respond\"]}]},{\"@type\":\"WebPage\",\"@id\":\"https:\\\/\\\/haberverkibris.com\\\/index.php\\\/2024\\\/06\\\/16\\\/cumhurbaskani-tatar-ve-esi-sibel-tatar-cumhurbaskanliginda-bayram-tebrigi-kabul-etti\\\/\",\"url\":\"https:\\\/\\\/haberverkibris.com\\\/index.php\\\/2024\\\/06\\\/16\\\/cumhurbaskani-tatar-ve-esi-sibel-tatar-cumhurbaskanliginda-bayram-tebrigi-kabul-etti\\\/\",\"name\":\"Cumhurba\u015fkan\u0131 Tatar ve e\u015fi Sibel Tatar Cumhurba\u015fkanl\u0131\u011f\u0131\u2019nda bayram tebri\u011fi kabul etti - Haber Ver K\u0131br\u0131s\",\"isPartOf\":{\"@id\":\"https:\\\/\\\/haberverkibris.com\\\/#website\"},\"primaryImageOfPage\":{\"@id\":\"https:\\\/\\\/haberverkibris.com\\\/index.php\\\/2024\\\/06\\\/16\\\/cumhurbaskani-tatar-ve-esi-sibel-tatar-cumhurbaskanliginda-bayram-tebrigi-kabul-etti\\\/#primaryimage\"},\"image\":{\"@id\":\"https:\\\/\\\/haberverkibris.com\\\/index.php\\\/2024\\\/06\\\/16\\\/cumhurbaskani-tatar-ve-esi-sibel-tatar-cumhurbaskanliginda-bayram-tebrigi-kabul-etti\\\/#primaryimage\"},\"thumbnailUrl\":\"https:\\\/\\\/haberverkibris.com\\\/wp-content\\\/uploads\\\/2024\\\/06\\\/cb-bayramlasma-tim-2-.jpeg\",\"datePublished\":\"2024-06-16T10:09:33+00:00\",\"author\":{\"@id\":\"https:\\\/\\\/haberverkibris.com\\\/#\\\/schema\\\/person\\\/29d65381ed43765483b5a185ded66a56\"},\"breadcrumb\":{\"@id\":\"https:\\\/\\\/haberverkibris.com\\\/index.php\\\/2024\\\/06\\\/16\\\/cumhurbaskani-tatar-ve-esi-sibel-tatar-cumhurbaskanliginda-bayram-tebrigi-kabul-etti\\\/#breadcrumb\"},\"inLanguage\":\"tr\",\"potentialAction\":[{\"@type\":\"ReadAction\",\"target\":[\"https:\\\/\\\/haberverkibris.com\\\/index.php\\\/2024\\\/06\\\/16\\\/cumhurbaskani-tatar-ve-esi-sibel-tatar-cumhurbaskanliginda-bayram-tebrigi-kabul-etti\\\/\"]}]},{\"@type\":\"ImageObject\",\"inLanguage\":\"tr\",\"@id\":\"https:\\\/\\\/haberverkibris.com\\\/index.php\\\/2024\\\/06\\\/16\\\/cumhurbaskani-tatar-ve-esi-sibel-tatar-cumhurbaskanliginda-bayram-tebrigi-kabul-etti\\\/#primaryimage\",\"url\":\"https:\\\/\\\/haberverkibris.com\\\/wp-content\\\/uploads\\\/2024\\\/06\\\/cb-bayramlasma-tim-2-.jpeg\",\"contentUrl\":\"https:\\\/\\\/haberverkibris.com\\\/wp-content\\\/uploads\\\/2024\\\/06\\\/cb-bayramlasma-tim-2-.jpeg\",\"width\":1654,\"height\":1104},{\"@type\":\"BreadcrumbList\",\"@id\":\"https:\\\/\\\/haberverkibris.com\\\/index.php\\\/2024\\\/06\\\/16\\\/cumhurbaskani-tatar-ve-esi-sibel-tatar-cumhurbaskanliginda-bayram-tebrigi-kabul-etti\\\/#breadcrumb\",\"itemListElement\":[{\"@type\":\"ListItem\",\"position\":1,\"name\":\"Anasayfa\",\"item\":\"https:\\\/\\\/haberverkibris.com\\\/\"},{\"@type\":\"ListItem\",\"position\":2,\"name\":\"Cumhurba\u015fkan\u0131 Tatar ve e\u015fi Sibel Tatar Cumhurba\u015fkanl\u0131\u011f\u0131\u2019nda bayram tebri\u011fi kabul etti\"}]},{\"@type\":\"WebSite\",\"@id\":\"https:\\\/\\\/haberverkibris.com\\\/#website\",\"url\":\"https:\\\/\\\/haberverkibris.com\\\/\",\"name\":\"Kuzeyin Sesi\",\"description\":\"Do\u011fru Haberin Adresi\",\"potentialAction\":[{\"@type\":\"SearchAction\",\"target\":{\"@type\":\"EntryPoint\",\"urlTemplate\":\"https:\\\/\\\/haberverkibris.com\\\/?s={search_term_string}\"},\"query-input\":{\"@type\":\"PropertyValueSpecification\",\"valueRequired\":true,\"valueName\":\"search_term_string\"}}],\"inLanguage\":\"tr\"},{\"@type\":\"Person\",\"@id\":\"https:\\\/\\\/haberverkibris.com\\\/#\\\/schema\\\/person\\\/29d65381ed43765483b5a185ded66a56\",\"name\":\"Haberver K\u0131br\u0131s\",\"image\":{\"@type\":\"ImageObject\",\"inLanguage\":\"tr\",\"@id\":\"https:\\\/\\\/secure.gravatar.com\\\/avatar\\\/bab33852abfd8b282518d6ed81826833d77c3c882d9ab608add591ccace47a44?s=96&d=mm&r=g\",\"url\":\"https:\\\/\\\/secure.gravatar.com\\\/avatar\\\/bab33852abfd8b282518d6ed81826833d77c3c882d9ab608add591ccace47a44?s=96&d=mm&r=g\",\"contentUrl\":\"https:\\\/\\\/secure.gravatar.com\\\/avatar\\\/bab33852abfd8b282518d6ed81826833d77c3c882d9ab608add591ccace47a44?s=96&d=mm&r=g\",\"caption\":\"Haberver K\u0131br\u0131s\"},\"sameAs\":[\"https:\\\/\\\/haberverkibris.com\"],\"url\":\"https:\\\/\\\/haberverkibris.com\\\/index.php\\\/author\\\/guven\\\/\"}]}<\/script>\n<!-- \/ Yoast SEO plugin. -->","yoast_head_json":{"title":"Cumhurba\u015fkan\u0131 Tatar ve e\u015fi Sibel Tatar Cumhurba\u015fkanl\u0131\u011f\u0131\u2019nda bayram tebri\u011fi kabul etti - Haber Ver K\u0131br\u0131s","robots":{"index":"index","follow":"follow","max-snippet":"max-snippet:-1","max-image-preview":"max-image-preview:large","max-video-preview":"max-video-preview:-1"},"canonical":"https:\/\/haberverkibris.com\/index.php\/2024\/06\/16\/cumhurbaskani-tatar-ve-esi-sibel-tatar-cumhurbaskanliginda-bayram-tebrigi-kabul-etti\/","og_locale":"tr_TR","og_type":"article","og_title":"Cumhurba\u015fkan\u0131 Tatar ve e\u015fi Sibel Tatar Cumhurba\u015fkanl\u0131\u011f\u0131\u2019nda bayram tebri\u011fi kabul etti - Haber Ver K\u0131br\u0131s","og_description":"Cumhurba\u015fkan\u0131 Ersin Tatar ve e\u015fi Sibel Tatar, Kurban Bayram\u0131\u2019n\u0131n birinci g\u00fcn\u00fcnde Cumhurba\u015fkanl\u0131\u011f\u0131\u2019nda d\u00fczenlenen etkinlikte halkla bayramla\u015ft\u0131. Halka a\u00e7\u0131k d\u00fczenlenen bayramla\u015fmaya, Cumhuriyet Meclisi Ba\u015fkan\u0131 Zorlu T\u00f6re, Ba\u015fbakan \u00dcnal \u00dcstel, Y\u00fcksek Mahkeme Ba\u015fkan\u0131 Bertan \u00d6zerda\u011f, T\u00fcrkiye Cumhuriyeti Lefko\u015fa B\u00fcy\u00fckel\u00e7isi Metin Feyzio\u011flu ve e\u015fi, K\u0131br\u0131s T\u00fcrk Bar\u0131\u015f Kuvvetleri Komutan\u0131 T\u00fcmgeneral Sebahattin K\u0131l\u0131n\u00e7, G\u00fcvenlik Kuvvetleri Komutan\u0131 T\u00fcmgeneral Osman Ayta\u00e7, [&hellip;]","og_url":"https:\/\/haberverkibris.com\/index.php\/2024\/06\/16\/cumhurbaskani-tatar-ve-esi-sibel-tatar-cumhurbaskanliginda-bayram-tebrigi-kabul-etti\/","og_site_name":"Haber Ver K\u0131br\u0131s","article_publisher":"https:\/\/www.facebook.com\/kuzeyinsesii","article_published_time":"2024-06-16T10:09:33+00:00","og_image":[{"width":1654,"height":1104,"url":"https:\/\/haberverkibris.com\/wp-content\/uploads\/2024\/06\/cb-bayramlasma-tim-2-.jpeg","type":"image\/jpeg"}],"author":"Haberver K\u0131br\u0131s","twitter_card":"summary_large_image","twitter_creator":"@kuzeyinsesii","twitter_site":"@kuzeyinsesii","twitter_misc":{"Yazan:":"Haberver K\u0131br\u0131s","Tahmini okuma s\u00fcresi":"4 dakika"},"schema":{"@context":"https:\/\/schema.org","@graph":[{"@type":"Article","@id":"https:\/\/haberverkibris.com\/index.php\/2024\/06\/16\/cumhurbaskani-tatar-ve-esi-sibel-tatar-cumhurbaskanliginda-bayram-tebrigi-kabul-etti\/#article","isPartOf":{"@id":"https:\/\/haberverkibris.com\/index.php\/2024\/06\/16\/cumhurbaskani-tatar-ve-esi-sibel-tatar-cumhurbaskanliginda-bayram-tebrigi-kabul-etti\/"},"author":{"name":"Haberver K\u0131br\u0131s","@id":"https:\/\/haberverkibris.com\/#\/schema\/person\/29d65381ed43765483b5a185ded66a56"},"headline":"Cumhurba\u015fkan\u0131 Tatar ve e\u015fi Sibel Tatar Cumhurba\u015fkanl\u0131\u011f\u0131\u2019nda bayram tebri\u011fi kabul etti","datePublished":"2024-06-16T10:09:33+00:00","mainEntityOfPage":{"@id":"https:\/\/haberverkibris.com\/index.php\/2024\/06\/16\/cumhurbaskani-tatar-ve-esi-sibel-tatar-cumhurbaskanliginda-bayram-tebrigi-kabul-etti\/"},"wordCount":775,"commentCount":0,"image":{"@id":"https:\/\/haberverkibris.com\/index.php\/2024\/06\/16\/cumhurbaskani-tatar-ve-esi-sibel-tatar-cumhurbaskanliginda-bayram-tebrigi-kabul-etti\/#primaryimage"},"thumbnailUrl":"https:\/\/haberverkibris.com\/wp-content\/uploads\/2024\/06\/cb-bayramlasma-tim-2-.jpeg","articleSection":["K\u0131br\u0131s"],"inLanguage":"tr","potentialAction":[{"@type":"CommentAction","name":"Comment","target":["https:\/\/haberverkibris.com\/index.php\/2024\/06\/16\/cumhurbaskani-tatar-ve-esi-sibel-tatar-cumhurbaskanliginda-bayram-tebrigi-kabul-etti\/#respond"]}]},{"@type":"WebPage","@id":"https:\/\/haberverkibris.com\/index.php\/2024\/06\/16\/cumhurbaskani-tatar-ve-esi-sibel-tatar-cumhurbaskanliginda-bayram-tebrigi-kabul-etti\/","url":"https:\/\/haberverkibris.com\/index.php\/2024\/06\/16\/cumhurbaskani-tatar-ve-esi-sibel-tatar-cumhurbaskanliginda-bayram-tebrigi-kabul-etti\/","name":"Cumhurba\u015fkan\u0131 Tatar ve e\u015fi Sibel Tatar Cumhurba\u015fkanl\u0131\u011f\u0131\u2019nda bayram tebri\u011fi kabul etti - Haber Ver K\u0131br\u0131s","isPartOf":{"@id":"https:\/\/haberverkibris.com\/#website"},"primaryImageOfPage":{"@id":"https:\/\/haberverkibris.com\/index.php\/2024\/06\/16\/cumhurbaskani-tatar-ve-esi-sibel-tatar-cumhurbaskanliginda-bayram-tebrigi-kabul-etti\/#primaryimage"},"image":{"@id":"https:\/\/haberverkibris.com\/index.php\/2024\/06\/16\/cumhurbaskani-tatar-ve-esi-sibel-tatar-cumhurbaskanliginda-bayram-tebrigi-kabul-etti\/#primaryimage"},"thumbnailUrl":"https:\/\/haberverkibris.com\/wp-content\/uploads\/2024\/06\/cb-bayramlasma-tim-2-.jpeg","datePublished":"2024-06-16T10:09:33+00:00","author":{"@id":"https:\/\/haberverkibris.com\/#\/schema\/person\/29d65381ed43765483b5a185ded66a56"},"breadcrumb":{"@id":"https:\/\/haberverkibris.com\/index.php\/2024\/06\/16\/cumhurbaskani-tatar-ve-esi-sibel-tatar-cumhurbaskanliginda-bayram-tebrigi-kabul-etti\/#breadcrumb"},"inLanguage":"tr","potentialAction":[{"@type":"ReadAction","target":["https:\/\/haberverkibris.com\/index.php\/2024\/06\/16\/cumhurbaskani-tatar-ve-esi-sibel-tatar-cumhurbaskanliginda-bayram-tebrigi-kabul-etti\/"]}]},{"@type":"ImageObject","inLanguage":"tr","@id":"https:\/\/haberverkibris.com\/index.php\/2024\/06\/16\/cumhurbaskani-tatar-ve-esi-sibel-tatar-cumhurbaskanliginda-bayram-tebrigi-kabul-etti\/#primaryimage","url":"https:\/\/haberverkibris.com\/wp-content\/uploads\/2024\/06\/cb-bayramlasma-tim-2-.jpeg","contentUrl":"https:\/\/haberverkibris.com\/wp-content\/uploads\/2024\/06\/cb-bayramlasma-tim-2-.jpeg","width":1654,"height":1104},{"@type":"BreadcrumbList","@id":"https:\/\/haberverkibris.com\/index.php\/2024\/06\/16\/cumhurbaskani-tatar-ve-esi-sibel-tatar-cumhurbaskanliginda-bayram-tebrigi-kabul-etti\/#breadcrumb","itemListElement":[{"@type":"ListItem","position":1,"name":"Anasayfa","item":"https:\/\/haberverkibris.com\/"},{"@type":"ListItem","position":2,"name":"Cumhurba\u015fkan\u0131 Tatar ve e\u015fi Sibel Tatar Cumhurba\u015fkanl\u0131\u011f\u0131\u2019nda bayram tebri\u011fi kabul etti"}]},{"@type":"WebSite","@id":"https:\/\/haberverkibris.com\/#website","url":"https:\/\/haberverkibris.com\/","name":"Kuzeyin Sesi","description":"Do\u011fru Haberin Adresi","potentialAction":[{"@type":"SearchAction","target":{"@type":"EntryPoint","urlTemplate":"https:\/\/haberverkibris.com\/?s={search_term_string}"},"query-input":{"@type":"PropertyValueSpecification","valueRequired":true,"valueName":"search_term_string"}}],"inLanguage":"tr"},{"@type":"Person","@id":"https:\/\/haberverkibris.com\/#\/schema\/person\/29d65381ed43765483b5a185ded66a56","name":"Haberver K\u0131br\u0131s","image":{"@type":"ImageObject","inLanguage":"tr","@id":"https:\/\/secure.gravatar.com\/avatar\/bab33852abfd8b282518d6ed81826833d77c3c882d9ab608add591ccace47a44?s=96&d=mm&r=g","url":"https:\/\/secure.gravatar.com\/avatar\/bab33852abfd8b282518d6ed81826833d77c3c882d9ab608add591ccace47a44?s=96&d=mm&r=g","contentUrl":"https:\/\/secure.gravatar.com\/avatar\/bab33852abfd8b282518d6ed81826833d77c3c882d9ab608add591ccace47a44?s=96&d=mm&r=g","caption":"Haberver K\u0131br\u0131s"},"sameAs":["https:\/\/haberverkibris.com"],"url":"https:\/\/haberverkibris.com\/index.php\/author\/guven\/"}]}},"_links":{"self":[{"href":"https:\/\/haberverkibris.com\/index.php\/wp-json\/wp\/v2\/posts\/4923","targetHints":{"allow":["GET"]}}],"collection":[{"href":"https:\/\/haberverkibris.com\/index.php\/wp-json\/wp\/v2\/posts"}],"about":[{"href":"https:\/\/haberverkibris.com\/index.php\/wp-json\/wp\/v2\/types\/post"}],"author":[{"embeddable":true,"href":"https:\/\/haberverkibris.com\/index.php\/wp-json\/wp\/v2\/users\/1"}],"replies":[{"embeddable":true,"href":"https:\/\/haberverkibris.com\/index.php\/wp-json\/wp\/v2\/comments?post=4923"}],"version-history":[{"count":0,"href":"https:\/\/haberverkibris.com\/index.php\/wp-json\/wp\/v2\/posts\/4923\/revisions"}],"wp:featuredmedia":[{"embeddable":true,"href":"https:\/\/haberverkibris.com\/index.php\/wp-json\/wp\/v2\/media\/4924"}],"wp:attachment":[{"href":"https:\/\/haberverkibris.com\/index.php\/wp-json\/wp\/v2\/media?parent=4923"}],"wp:term":[{"taxonomy":"category","embeddable":true,"href":"https:\/\/haberverkibris.com\/index.php\/wp-json\/wp\/v2\/categories?post=4923"},{"taxonomy":"post_tag","embeddable":true,"href":"https:\/\/haberverkibris.com\/index.php\/wp-json\/wp\/v2\/tags?post=4923"}],"curies":[{"name":"wp","href":"https:\/\/api.w.org\/{rel}","templated":true}]}}