{"id":4779,"date":"2024-06-13T22:57:19","date_gmt":"2024-06-13T19:57:19","guid":{"rendered":"https:\/\/kuzeyinsesi.com\/index.php\/2024\/06\/13\/cumhurbaskani-tatar-suleyman-demirel-universitesi-mezuniyet-torenine-katild\/"},"modified":"2024-06-13T22:57:19","modified_gmt":"2024-06-13T19:57:19","slug":"cumhurbaskani-tatar-suleyman-demirel-universitesi-mezuniyet-torenine-katild","status":"publish","type":"post","link":"https:\/\/haberverkibris.com\/index.php\/2024\/06\/13\/cumhurbaskani-tatar-suleyman-demirel-universitesi-mezuniyet-torenine-katild\/","title":{"rendered":"Cumhurba\u015fkan\u0131 Tatar, S\u00fcleyman Demirel \u00dcniversitesi mezuniyet t\u00f6renine kat\u0131ld"},"content":{"rendered":"<div>\n<div class=\"mariselle-image-container center\">\n                                            <\/div>\n<p>Cumhurba\u015fkan\u0131 Ersin Tatar, S\u00fcleyman Demirel \u00dcniversitesi 2023-2024 E\u011fitim-\u00d6\u011fretim Y\u0131l\u0131 mezuniyet t\u00f6renine kat\u0131ld\u0131.<\/p>\n<p>Tatar, \u00f6zg\u00fcveni y\u00fcksek ve g\u00fcvenilir bireyler olarak kendilerini kabul ettirmek, ba\u015far\u0131l\u0131 ve mutlu olmak i\u00e7in \u00fcretmek gerekti\u011fini vurgulad\u0131.<\/p>\n<p>Tatar, S\u00fcleyman Demirel\u2019in ad\u0131n\u0131 ta\u015f\u0131yan 32 y\u0131ll\u0131k \u00fcniversiteden mezun olacak olan gen\u00e7leri tebrik etti.<\/p>\n<p>Bu ak\u015fam Valilik \u00f6n\u00fcnde Atat\u00fcrk mozalesine \u00e7elenk konulmas\u0131yla ba\u015flayan t\u00f6ren, sayg\u0131 duru\u015fu ve \u0130stiklal Mar\u015f\u2019\u0131n\u0131n okunmas\u0131yla devam etti.<\/p>\n<p>T\u00f6rende bando e\u015fli\u011finde Atat\u00fcrk Stadyumu\u2019na kortej y\u00fcr\u00fcy\u00fc\u015f\u00fc ger\u00e7ekle\u015ftirildi.<\/p>\n<p>\u2013Tatar: \u201cS\u00fcleyman Demirel, her zaman K\u0131br\u0131s davas\u0131na y\u00fcrekten inand\u0131\u201d<\/p>\n<p>Cumhurba\u015fkan\u0131 Tatar, mezuniyet t\u00f6reninde yapt\u0131\u011f\u0131 konu\u015fmas\u0131nda s\u00f6zlerine, mezun olan \u00f6\u011frencileri tebrik ederek ba\u015flad\u0131.<\/p>\n<p>S\u00fcleyman Demirel\u2019in bu \u00fclkeye \u00f6nce Ba\u015fbakan daha sonra Cumhurba\u015fkan\u0131 olarak b\u00fcy\u00fck hizmet verdi\u011fini kaydeden Tatar, \u201cDemirel, her zaman K\u0131br\u0131s davas\u0131na y\u00fcrekten inand\u0131. K\u0131br\u0131s T\u00fcrk halk\u0131 i\u00e7in hep her vesileyle K\u0131br\u0131s\u2019ta destan yazan bizlerin karde\u015fleri olarak bizleri de\u011ferlendirmi\u015f ve her zaman bizlerin Kurucu Cumhurba\u015fkan\u0131 Rauf Raif Denkta\u015f ile \u00e7ok iyi muhabbetleri olmu\u015ftu. K\u0131br\u0131s T\u00fcrk halk\u0131 ile T\u00fcrkiye aras\u0131ndaki kadim ve kutsal ba\u011flar\u0131n daha da k\u00f6kle\u015fmesine hep vesile olmu\u015flard\u0131r.\u201d ifadelerine yer verdi.<\/p>\n<p>Tatar, S\u00fcleyman Demirel\u2019in ad\u0131n\u0131 ta\u015f\u0131yan 32 senelik \u00fcniversiteden mezun olacak olan gen\u00e7leri tebrik etti.<\/p>\n<p>Gen\u00e7lere seslenen Tatar, s\u00f6zlerini \u015f\u00f6yle s\u00fcrd\u00fcrd\u00fc:<\/p>\n<p>\u201cSizler T\u00fcrkiye Cumhuriyeti\u2019nin gelece\u011fi ve daha y\u00fcksek ba\u015far\u0131lar i\u00e7in hep birlikte \u00e7al\u0131\u015facaks\u0131n\u0131z.<\/p>\n<p>T\u00fcrkiye\u2019nin b\u00fcy\u00fck bir devlet olarak, b\u00fct\u00fcn T\u00fcrk devletlerinin anavatan\u0131 olarak T\u00fcrkiye\u2019nin ba\u015far\u0131lar\u0131 hepimizin ba\u015far\u0131s\u0131 olacakt\u0131r. Yeni d\u00f6nemde hayat boyu e\u011fitime \u00e7ok \u00f6nem vermenizi istiyorum. \u00c7\u00fcnk\u00fc art\u0131k bili\u015fim ve ileti\u015fim d\u00fcnyas\u0131nda bilginin sonsuz oldu\u011funu, her zaman bilginizi ve e\u011fitiminizi yenilemeniz gerekti\u011fini ve dolay\u0131s\u0131yla \u00e7al\u0131\u015farak \u00fcreterek hizmet etmenizi en sayg\u0131l\u0131 duygular\u0131mla payla\u015f\u0131yorum. Hepimize ba\u015far\u0131lar diliyorum. Arkada\u015flar\u0131n\u0131zla, \u00fcniversitenizle, hocalar\u0131n\u0131z ve arkada\u015flar\u0131n\u0131z ile \u00f6m\u00fcr boyu ileti\u015fiminizi s\u00fcrd\u00fcrmenizin \u00e7ok \u00f6nemli oldu\u011funu sizlere payla\u015f\u0131yorum.\u201d<\/p>\n<p>\u00d6zg\u00fcveni y\u00fcksek ve g\u00fcvenilir bireyler olarak kendilerini kabul ettirmek, ba\u015far\u0131l\u0131 ve mutlu olmak i\u00e7in \u00fcretmek gerekti\u011fine dikkat \u00e7eken Tatar, d\u00fcr\u00fcstl\u00fck ve g\u00fcvenilirli\u011fin \u00f6nemini vurgulad\u0131.<\/p>\n<p>\u201cT\u00fcrkiye Cumhuriyeti b\u00fcy\u00fcyor. T\u00fcrkiye Cumhuriyeti gittike g\u00fc\u00e7lenecektir.\u201d diye konu\u015fan Tatar, T\u00fcrkiye Cumhuriyeti\u2019nin d\u00fcnyada daha fazla s\u00f6z sahibi olaca\u011f\u0131n\u0131 vurgulad\u0131.<\/p>\n<p>Tatar, \u201cF\u0131rsatlar\u0131 iyi de\u011ferlendirip ald\u0131\u011f\u0131n\u0131z e\u011fitimi gelecekte \u00fclkenin hizmetlerine d\u00f6n\u00fc\u015ft\u00fcrmek ve daha g\u00fc\u00e7l\u00fc bir T\u00fcrkiye\u2019ye hizmet etmek, en b\u00fcy\u00fck \u2018\u015fiar\u0131n\u0131z\u2019, en b\u00fcy\u00fck temenniniz olmas\u0131 gerekmektedir. Kuzey K\u0131br\u0131s T\u00fcrk Cumhuriyeti\u2019ne sizlerin sahiplenmesi bizler i\u00e7in en b\u00fcy\u00fck onurdur. \u00c7\u00fcnk\u00fc Kuzey K\u0131br\u0131s T\u00fcrk Cumhuriyeti de bir T\u00fcrk vatan\u0131d\u0131r\u201d diye konu\u015ftu.<\/p>\n<p>\u2013Tatar \u00fclkeye d\u00f6nd\u00fc<\/p>\n<p>Cumhurba\u015fkan\u0131 Ersin Tatar, Isparta temaslar\u0131n\u0131 tamamlamas\u0131n\u0131n ard\u0131ndan bu ak\u015fam \u00fclkeye d\u00f6nd\u00fc.<\/p>\n<p>Cumhurba\u015fkan\u0131 Tatar, Ercan Havaliman\u0131\u2019nda \u00c7al\u0131\u015fma ve Sosyal G\u00fcvenlik Bakan\u0131 Sad\u0131k Gardiyano\u011flu, G\u00fcvenlik Kuvvetleri Komutanl\u0131\u011f\u0131 (GKK) Komutan Yard\u0131mc\u0131s\u0131 Tu\u011fgeneral Kadir Bayrakl\u0131 ve di\u011fer yetkililer taraf\u0131ndan kar\u015f\u0131land\u0131.<\/p>\n<p>Temaslar\u0131 \u00e7er\u00e7evesinde bu sabah Isparta Ticaret ve Sanayi Odas\u0131\u2019n\u0131 (ITSO) ziyaret eden Tatar, S\u00fcleyman Demirel \u00dcniversitesi\u2019nde (SD\u00dc) konferans verdi, kendisine tevdi edilen fahri doktoray\u0131 ald\u0131.<\/p>\n<p>Tatar, \u201cS\u00fcleyman Demirel An\u0131t Mezar\u0131\u201d ile \u201cS\u00fcleyman Demirel Demokrasi ve Kalk\u0131nma M\u00fczesi\u201dne ziyaret ger\u00e7ekle\u015ftirdi.<\/p>\n<p>Cumhurba\u015fkan\u0131 Tatar, temaslar\u0131 \u00e7er\u00e7evesinde sivil toplum \u00f6rg\u00fctleri, i\u015f insanlar\u0131 ve di\u011fer yetkililerle g\u00f6r\u00fc\u015ft\u00fc.<\/p>\n<p>Tatar, son olarak S\u00fcleyman Demirel \u00dcniversitesi\u2019nin mezuniyet t\u00f6renine de kat\u0131ld\u0131.<\/p>\n<\/p><\/div>\n<p><script async\n                    defer\n                    crossorigin=\"anonymous\"\n                    src=\"https:\/\/connect.facebook.net\/tr_TR\/sdk.js#xfbml=1&#038;version=v3.3\"\n            ><\/script><\/p>\n","protected":false},"excerpt":{"rendered":"<p>Cumhurba\u015fkan\u0131 Ersin Tatar, S\u00fcleyman Demirel \u00dcniversitesi 2023-2024 E\u011fitim-\u00d6\u011fretim Y\u0131l\u0131 mezuniyet t\u00f6renine kat\u0131ld\u0131. Tatar, \u00f6zg\u00fcveni y\u00fcksek ve g\u00fcvenilir bireyler olarak kendilerini kabul ettirmek, ba\u015far\u0131l\u0131 ve mutlu olmak i\u00e7in \u00fcretmek gerekti\u011fini vurgulad\u0131. Tatar, S\u00fcleyman Demirel\u2019in ad\u0131n\u0131 ta\u015f\u0131yan 32 y\u0131ll\u0131k \u00fcniversiteden mezun olacak olan gen\u00e7leri tebrik etti. Bu ak\u015fam Valilik \u00f6n\u00fcnde Atat\u00fcrk mozalesine \u00e7elenk konulmas\u0131yla ba\u015flayan t\u00f6ren, sayg\u0131 [&hellip;]<\/p>\n","protected":false},"author":1,"featured_media":4780,"comment_status":"open","ping_status":"open","sticky":false,"template":"","format":"standard","meta":{"jnews-multi-image_gallery":[],"jnews_single_post":[],"jnews_primary_category":[],"jnews_social_meta":[],"jnews_override_counter":[],"footnotes":""},"categories":[1],"tags":[],"class_list":["post-4779","post","type-post","status-publish","format-standard","has-post-thumbnail","hentry","category-kibris"],"yoast_head":"<!-- This site is optimized with the Yoast SEO plugin v27.5 - https:\/\/yoast.com\/product\/yoast-seo-wordpress\/ -->\n<title>Cumhurba\u015fkan\u0131 Tatar, S\u00fcleyman Demirel \u00dcniversitesi mezuniyet t\u00f6renine kat\u0131ld - Haber Ver K\u0131br\u0131s<\/title>\n<meta name=\"robots\" content=\"index, follow, max-snippet:-1, max-image-preview:large, max-video-preview:-1\" \/>\n<link rel=\"canonical\" href=\"https:\/\/haberverkibris.com\/index.php\/2024\/06\/13\/cumhurbaskani-tatar-suleyman-demirel-universitesi-mezuniyet-torenine-katild\/\" \/>\n<meta property=\"og:locale\" content=\"tr_TR\" \/>\n<meta property=\"og:type\" content=\"article\" \/>\n<meta property=\"og:title\" content=\"Cumhurba\u015fkan\u0131 Tatar, S\u00fcleyman Demirel \u00dcniversitesi mezuniyet t\u00f6renine kat\u0131ld - Haber Ver K\u0131br\u0131s\" \/>\n<meta property=\"og:description\" content=\"Cumhurba\u015fkan\u0131 Ersin Tatar, S\u00fcleyman Demirel \u00dcniversitesi 2023-2024 E\u011fitim-\u00d6\u011fretim Y\u0131l\u0131 mezuniyet t\u00f6renine kat\u0131ld\u0131. Tatar, \u00f6zg\u00fcveni y\u00fcksek ve g\u00fcvenilir bireyler olarak kendilerini kabul ettirmek, ba\u015far\u0131l\u0131 ve mutlu olmak i\u00e7in \u00fcretmek gerekti\u011fini vurgulad\u0131. Tatar, S\u00fcleyman Demirel\u2019in ad\u0131n\u0131 ta\u015f\u0131yan 32 y\u0131ll\u0131k \u00fcniversiteden mezun olacak olan gen\u00e7leri tebrik etti. Bu ak\u015fam Valilik \u00f6n\u00fcnde Atat\u00fcrk mozalesine \u00e7elenk konulmas\u0131yla ba\u015flayan t\u00f6ren, sayg\u0131 [&hellip;]\" \/>\n<meta property=\"og:url\" content=\"https:\/\/haberverkibris.com\/index.php\/2024\/06\/13\/cumhurbaskani-tatar-suleyman-demirel-universitesi-mezuniyet-torenine-katild\/\" \/>\n<meta property=\"og:site_name\" content=\"Haber Ver K\u0131br\u0131s\" \/>\n<meta property=\"article:publisher\" content=\"https:\/\/www.facebook.com\/kuzeyinsesii\" \/>\n<meta property=\"article:published_time\" content=\"2024-06-13T19:57:19+00:00\" \/>\n<meta property=\"og:image\" content=\"https:\/\/haberverkibris.com\/wp-content\/uploads\/2024\/06\/tatar-ispartada-mezuniyet-toreni-2-.jpeg\" \/>\n\t<meta property=\"og:image:width\" content=\"2048\" \/>\n\t<meta property=\"og:image:height\" content=\"1340\" \/>\n\t<meta property=\"og:image:type\" content=\"image\/jpeg\" \/>\n<meta name=\"author\" content=\"Haberver K\u0131br\u0131s\" \/>\n<meta name=\"twitter:card\" content=\"summary_large_image\" \/>\n<meta name=\"twitter:creator\" content=\"@kuzeyinsesii\" \/>\n<meta name=\"twitter:site\" content=\"@kuzeyinsesii\" \/>\n<meta name=\"twitter:label1\" content=\"Yazan:\" \/>\n\t<meta name=\"twitter:data1\" content=\"Haberver K\u0131br\u0131s\" \/>\n\t<meta name=\"twitter:label2\" content=\"Tahmini okuma s\u00fcresi\" \/>\n\t<meta name=\"twitter:data2\" content=\"3 dakika\" \/>\n<script type=\"application\/ld+json\" class=\"yoast-schema-graph\">{\"@context\":\"https:\\\/\\\/schema.org\",\"@graph\":[{\"@type\":\"Article\",\"@id\":\"https:\\\/\\\/haberverkibris.com\\\/index.php\\\/2024\\\/06\\\/13\\\/cumhurbaskani-tatar-suleyman-demirel-universitesi-mezuniyet-torenine-katild\\\/#article\",\"isPartOf\":{\"@id\":\"https:\\\/\\\/haberverkibris.com\\\/index.php\\\/2024\\\/06\\\/13\\\/cumhurbaskani-tatar-suleyman-demirel-universitesi-mezuniyet-torenine-katild\\\/\"},\"author\":{\"name\":\"Haberver K\u0131br\u0131s\",\"@id\":\"https:\\\/\\\/haberverkibris.com\\\/#\\\/schema\\\/person\\\/29d65381ed43765483b5a185ded66a56\"},\"headline\":\"Cumhurba\u015fkan\u0131 Tatar, S\u00fcleyman Demirel \u00dcniversitesi mezuniyet t\u00f6renine kat\u0131ld\",\"datePublished\":\"2024-06-13T19:57:19+00:00\",\"mainEntityOfPage\":{\"@id\":\"https:\\\/\\\/haberverkibris.com\\\/index.php\\\/2024\\\/06\\\/13\\\/cumhurbaskani-tatar-suleyman-demirel-universitesi-mezuniyet-torenine-katild\\\/\"},\"wordCount\":709,\"commentCount\":0,\"image\":{\"@id\":\"https:\\\/\\\/haberverkibris.com\\\/index.php\\\/2024\\\/06\\\/13\\\/cumhurbaskani-tatar-suleyman-demirel-universitesi-mezuniyet-torenine-katild\\\/#primaryimage\"},\"thumbnailUrl\":\"https:\\\/\\\/haberverkibris.com\\\/wp-content\\\/uploads\\\/2024\\\/06\\\/tatar-ispartada-mezuniyet-toreni-2-.jpeg\",\"articleSection\":[\"K\u0131br\u0131s\"],\"inLanguage\":\"tr\",\"potentialAction\":[{\"@type\":\"CommentAction\",\"name\":\"Comment\",\"target\":[\"https:\\\/\\\/haberverkibris.com\\\/index.php\\\/2024\\\/06\\\/13\\\/cumhurbaskani-tatar-suleyman-demirel-universitesi-mezuniyet-torenine-katild\\\/#respond\"]}]},{\"@type\":\"WebPage\",\"@id\":\"https:\\\/\\\/haberverkibris.com\\\/index.php\\\/2024\\\/06\\\/13\\\/cumhurbaskani-tatar-suleyman-demirel-universitesi-mezuniyet-torenine-katild\\\/\",\"url\":\"https:\\\/\\\/haberverkibris.com\\\/index.php\\\/2024\\\/06\\\/13\\\/cumhurbaskani-tatar-suleyman-demirel-universitesi-mezuniyet-torenine-katild\\\/\",\"name\":\"Cumhurba\u015fkan\u0131 Tatar, S\u00fcleyman Demirel \u00dcniversitesi mezuniyet t\u00f6renine kat\u0131ld - Haber Ver K\u0131br\u0131s\",\"isPartOf\":{\"@id\":\"https:\\\/\\\/haberverkibris.com\\\/#website\"},\"primaryImageOfPage\":{\"@id\":\"https:\\\/\\\/haberverkibris.com\\\/index.php\\\/2024\\\/06\\\/13\\\/cumhurbaskani-tatar-suleyman-demirel-universitesi-mezuniyet-torenine-katild\\\/#primaryimage\"},\"image\":{\"@id\":\"https:\\\/\\\/haberverkibris.com\\\/index.php\\\/2024\\\/06\\\/13\\\/cumhurbaskani-tatar-suleyman-demirel-universitesi-mezuniyet-torenine-katild\\\/#primaryimage\"},\"thumbnailUrl\":\"https:\\\/\\\/haberverkibris.com\\\/wp-content\\\/uploads\\\/2024\\\/06\\\/tatar-ispartada-mezuniyet-toreni-2-.jpeg\",\"datePublished\":\"2024-06-13T19:57:19+00:00\",\"author\":{\"@id\":\"https:\\\/\\\/haberverkibris.com\\\/#\\\/schema\\\/person\\\/29d65381ed43765483b5a185ded66a56\"},\"breadcrumb\":{\"@id\":\"https:\\\/\\\/haberverkibris.com\\\/index.php\\\/2024\\\/06\\\/13\\\/cumhurbaskani-tatar-suleyman-demirel-universitesi-mezuniyet-torenine-katild\\\/#breadcrumb\"},\"inLanguage\":\"tr\",\"potentialAction\":[{\"@type\":\"ReadAction\",\"target\":[\"https:\\\/\\\/haberverkibris.com\\\/index.php\\\/2024\\\/06\\\/13\\\/cumhurbaskani-tatar-suleyman-demirel-universitesi-mezuniyet-torenine-katild\\\/\"]}]},{\"@type\":\"ImageObject\",\"inLanguage\":\"tr\",\"@id\":\"https:\\\/\\\/haberverkibris.com\\\/index.php\\\/2024\\\/06\\\/13\\\/cumhurbaskani-tatar-suleyman-demirel-universitesi-mezuniyet-torenine-katild\\\/#primaryimage\",\"url\":\"https:\\\/\\\/haberverkibris.com\\\/wp-content\\\/uploads\\\/2024\\\/06\\\/tatar-ispartada-mezuniyet-toreni-2-.jpeg\",\"contentUrl\":\"https:\\\/\\\/haberverkibris.com\\\/wp-content\\\/uploads\\\/2024\\\/06\\\/tatar-ispartada-mezuniyet-toreni-2-.jpeg\",\"width\":2048,\"height\":1340},{\"@type\":\"BreadcrumbList\",\"@id\":\"https:\\\/\\\/haberverkibris.com\\\/index.php\\\/2024\\\/06\\\/13\\\/cumhurbaskani-tatar-suleyman-demirel-universitesi-mezuniyet-torenine-katild\\\/#breadcrumb\",\"itemListElement\":[{\"@type\":\"ListItem\",\"position\":1,\"name\":\"Anasayfa\",\"item\":\"https:\\\/\\\/haberverkibris.com\\\/\"},{\"@type\":\"ListItem\",\"position\":2,\"name\":\"Cumhurba\u015fkan\u0131 Tatar, S\u00fcleyman Demirel \u00dcniversitesi mezuniyet t\u00f6renine kat\u0131ld\"}]},{\"@type\":\"WebSite\",\"@id\":\"https:\\\/\\\/haberverkibris.com\\\/#website\",\"url\":\"https:\\\/\\\/haberverkibris.com\\\/\",\"name\":\"Kuzeyin Sesi\",\"description\":\"Do\u011fru Haberin Adresi\",\"potentialAction\":[{\"@type\":\"SearchAction\",\"target\":{\"@type\":\"EntryPoint\",\"urlTemplate\":\"https:\\\/\\\/haberverkibris.com\\\/?s={search_term_string}\"},\"query-input\":{\"@type\":\"PropertyValueSpecification\",\"valueRequired\":true,\"valueName\":\"search_term_string\"}}],\"inLanguage\":\"tr\"},{\"@type\":\"Person\",\"@id\":\"https:\\\/\\\/haberverkibris.com\\\/#\\\/schema\\\/person\\\/29d65381ed43765483b5a185ded66a56\",\"name\":\"Haberver K\u0131br\u0131s\",\"image\":{\"@type\":\"ImageObject\",\"inLanguage\":\"tr\",\"@id\":\"https:\\\/\\\/secure.gravatar.com\\\/avatar\\\/bab33852abfd8b282518d6ed81826833d77c3c882d9ab608add591ccace47a44?s=96&d=mm&r=g\",\"url\":\"https:\\\/\\\/secure.gravatar.com\\\/avatar\\\/bab33852abfd8b282518d6ed81826833d77c3c882d9ab608add591ccace47a44?s=96&d=mm&r=g\",\"contentUrl\":\"https:\\\/\\\/secure.gravatar.com\\\/avatar\\\/bab33852abfd8b282518d6ed81826833d77c3c882d9ab608add591ccace47a44?s=96&d=mm&r=g\",\"caption\":\"Haberver K\u0131br\u0131s\"},\"sameAs\":[\"https:\\\/\\\/haberverkibris.com\"],\"url\":\"https:\\\/\\\/haberverkibris.com\\\/index.php\\\/author\\\/guven\\\/\"}]}<\/script>\n<!-- \/ Yoast SEO plugin. -->","yoast_head_json":{"title":"Cumhurba\u015fkan\u0131 Tatar, S\u00fcleyman Demirel \u00dcniversitesi mezuniyet t\u00f6renine kat\u0131ld - Haber Ver K\u0131br\u0131s","robots":{"index":"index","follow":"follow","max-snippet":"max-snippet:-1","max-image-preview":"max-image-preview:large","max-video-preview":"max-video-preview:-1"},"canonical":"https:\/\/haberverkibris.com\/index.php\/2024\/06\/13\/cumhurbaskani-tatar-suleyman-demirel-universitesi-mezuniyet-torenine-katild\/","og_locale":"tr_TR","og_type":"article","og_title":"Cumhurba\u015fkan\u0131 Tatar, S\u00fcleyman Demirel \u00dcniversitesi mezuniyet t\u00f6renine kat\u0131ld - Haber Ver K\u0131br\u0131s","og_description":"Cumhurba\u015fkan\u0131 Ersin Tatar, S\u00fcleyman Demirel \u00dcniversitesi 2023-2024 E\u011fitim-\u00d6\u011fretim Y\u0131l\u0131 mezuniyet t\u00f6renine kat\u0131ld\u0131. Tatar, \u00f6zg\u00fcveni y\u00fcksek ve g\u00fcvenilir bireyler olarak kendilerini kabul ettirmek, ba\u015far\u0131l\u0131 ve mutlu olmak i\u00e7in \u00fcretmek gerekti\u011fini vurgulad\u0131. Tatar, S\u00fcleyman Demirel\u2019in ad\u0131n\u0131 ta\u015f\u0131yan 32 y\u0131ll\u0131k \u00fcniversiteden mezun olacak olan gen\u00e7leri tebrik etti. Bu ak\u015fam Valilik \u00f6n\u00fcnde Atat\u00fcrk mozalesine \u00e7elenk konulmas\u0131yla ba\u015flayan t\u00f6ren, sayg\u0131 [&hellip;]","og_url":"https:\/\/haberverkibris.com\/index.php\/2024\/06\/13\/cumhurbaskani-tatar-suleyman-demirel-universitesi-mezuniyet-torenine-katild\/","og_site_name":"Haber Ver K\u0131br\u0131s","article_publisher":"https:\/\/www.facebook.com\/kuzeyinsesii","article_published_time":"2024-06-13T19:57:19+00:00","og_image":[{"width":2048,"height":1340,"url":"https:\/\/haberverkibris.com\/wp-content\/uploads\/2024\/06\/tatar-ispartada-mezuniyet-toreni-2-.jpeg","type":"image\/jpeg"}],"author":"Haberver K\u0131br\u0131s","twitter_card":"summary_large_image","twitter_creator":"@kuzeyinsesii","twitter_site":"@kuzeyinsesii","twitter_misc":{"Yazan:":"Haberver K\u0131br\u0131s","Tahmini okuma s\u00fcresi":"3 dakika"},"schema":{"@context":"https:\/\/schema.org","@graph":[{"@type":"Article","@id":"https:\/\/haberverkibris.com\/index.php\/2024\/06\/13\/cumhurbaskani-tatar-suleyman-demirel-universitesi-mezuniyet-torenine-katild\/#article","isPartOf":{"@id":"https:\/\/haberverkibris.com\/index.php\/2024\/06\/13\/cumhurbaskani-tatar-suleyman-demirel-universitesi-mezuniyet-torenine-katild\/"},"author":{"name":"Haberver K\u0131br\u0131s","@id":"https:\/\/haberverkibris.com\/#\/schema\/person\/29d65381ed43765483b5a185ded66a56"},"headline":"Cumhurba\u015fkan\u0131 Tatar, S\u00fcleyman Demirel \u00dcniversitesi mezuniyet t\u00f6renine kat\u0131ld","datePublished":"2024-06-13T19:57:19+00:00","mainEntityOfPage":{"@id":"https:\/\/haberverkibris.com\/index.php\/2024\/06\/13\/cumhurbaskani-tatar-suleyman-demirel-universitesi-mezuniyet-torenine-katild\/"},"wordCount":709,"commentCount":0,"image":{"@id":"https:\/\/haberverkibris.com\/index.php\/2024\/06\/13\/cumhurbaskani-tatar-suleyman-demirel-universitesi-mezuniyet-torenine-katild\/#primaryimage"},"thumbnailUrl":"https:\/\/haberverkibris.com\/wp-content\/uploads\/2024\/06\/tatar-ispartada-mezuniyet-toreni-2-.jpeg","articleSection":["K\u0131br\u0131s"],"inLanguage":"tr","potentialAction":[{"@type":"CommentAction","name":"Comment","target":["https:\/\/haberverkibris.com\/index.php\/2024\/06\/13\/cumhurbaskani-tatar-suleyman-demirel-universitesi-mezuniyet-torenine-katild\/#respond"]}]},{"@type":"WebPage","@id":"https:\/\/haberverkibris.com\/index.php\/2024\/06\/13\/cumhurbaskani-tatar-suleyman-demirel-universitesi-mezuniyet-torenine-katild\/","url":"https:\/\/haberverkibris.com\/index.php\/2024\/06\/13\/cumhurbaskani-tatar-suleyman-demirel-universitesi-mezuniyet-torenine-katild\/","name":"Cumhurba\u015fkan\u0131 Tatar, S\u00fcleyman Demirel \u00dcniversitesi mezuniyet t\u00f6renine kat\u0131ld - Haber Ver K\u0131br\u0131s","isPartOf":{"@id":"https:\/\/haberverkibris.com\/#website"},"primaryImageOfPage":{"@id":"https:\/\/haberverkibris.com\/index.php\/2024\/06\/13\/cumhurbaskani-tatar-suleyman-demirel-universitesi-mezuniyet-torenine-katild\/#primaryimage"},"image":{"@id":"https:\/\/haberverkibris.com\/index.php\/2024\/06\/13\/cumhurbaskani-tatar-suleyman-demirel-universitesi-mezuniyet-torenine-katild\/#primaryimage"},"thumbnailUrl":"https:\/\/haberverkibris.com\/wp-content\/uploads\/2024\/06\/tatar-ispartada-mezuniyet-toreni-2-.jpeg","datePublished":"2024-06-13T19:57:19+00:00","author":{"@id":"https:\/\/haberverkibris.com\/#\/schema\/person\/29d65381ed43765483b5a185ded66a56"},"breadcrumb":{"@id":"https:\/\/haberverkibris.com\/index.php\/2024\/06\/13\/cumhurbaskani-tatar-suleyman-demirel-universitesi-mezuniyet-torenine-katild\/#breadcrumb"},"inLanguage":"tr","potentialAction":[{"@type":"ReadAction","target":["https:\/\/haberverkibris.com\/index.php\/2024\/06\/13\/cumhurbaskani-tatar-suleyman-demirel-universitesi-mezuniyet-torenine-katild\/"]}]},{"@type":"ImageObject","inLanguage":"tr","@id":"https:\/\/haberverkibris.com\/index.php\/2024\/06\/13\/cumhurbaskani-tatar-suleyman-demirel-universitesi-mezuniyet-torenine-katild\/#primaryimage","url":"https:\/\/haberverkibris.com\/wp-content\/uploads\/2024\/06\/tatar-ispartada-mezuniyet-toreni-2-.jpeg","contentUrl":"https:\/\/haberverkibris.com\/wp-content\/uploads\/2024\/06\/tatar-ispartada-mezuniyet-toreni-2-.jpeg","width":2048,"height":1340},{"@type":"BreadcrumbList","@id":"https:\/\/haberverkibris.com\/index.php\/2024\/06\/13\/cumhurbaskani-tatar-suleyman-demirel-universitesi-mezuniyet-torenine-katild\/#breadcrumb","itemListElement":[{"@type":"ListItem","position":1,"name":"Anasayfa","item":"https:\/\/haberverkibris.com\/"},{"@type":"ListItem","position":2,"name":"Cumhurba\u015fkan\u0131 Tatar, S\u00fcleyman Demirel \u00dcniversitesi mezuniyet t\u00f6renine kat\u0131ld"}]},{"@type":"WebSite","@id":"https:\/\/haberverkibris.com\/#website","url":"https:\/\/haberverkibris.com\/","name":"Kuzeyin Sesi","description":"Do\u011fru Haberin Adresi","potentialAction":[{"@type":"SearchAction","target":{"@type":"EntryPoint","urlTemplate":"https:\/\/haberverkibris.com\/?s={search_term_string}"},"query-input":{"@type":"PropertyValueSpecification","valueRequired":true,"valueName":"search_term_string"}}],"inLanguage":"tr"},{"@type":"Person","@id":"https:\/\/haberverkibris.com\/#\/schema\/person\/29d65381ed43765483b5a185ded66a56","name":"Haberver K\u0131br\u0131s","image":{"@type":"ImageObject","inLanguage":"tr","@id":"https:\/\/secure.gravatar.com\/avatar\/bab33852abfd8b282518d6ed81826833d77c3c882d9ab608add591ccace47a44?s=96&d=mm&r=g","url":"https:\/\/secure.gravatar.com\/avatar\/bab33852abfd8b282518d6ed81826833d77c3c882d9ab608add591ccace47a44?s=96&d=mm&r=g","contentUrl":"https:\/\/secure.gravatar.com\/avatar\/bab33852abfd8b282518d6ed81826833d77c3c882d9ab608add591ccace47a44?s=96&d=mm&r=g","caption":"Haberver K\u0131br\u0131s"},"sameAs":["https:\/\/haberverkibris.com"],"url":"https:\/\/haberverkibris.com\/index.php\/author\/guven\/"}]}},"_links":{"self":[{"href":"https:\/\/haberverkibris.com\/index.php\/wp-json\/wp\/v2\/posts\/4779","targetHints":{"allow":["GET"]}}],"collection":[{"href":"https:\/\/haberverkibris.com\/index.php\/wp-json\/wp\/v2\/posts"}],"about":[{"href":"https:\/\/haberverkibris.com\/index.php\/wp-json\/wp\/v2\/types\/post"}],"author":[{"embeddable":true,"href":"https:\/\/haberverkibris.com\/index.php\/wp-json\/wp\/v2\/users\/1"}],"replies":[{"embeddable":true,"href":"https:\/\/haberverkibris.com\/index.php\/wp-json\/wp\/v2\/comments?post=4779"}],"version-history":[{"count":0,"href":"https:\/\/haberverkibris.com\/index.php\/wp-json\/wp\/v2\/posts\/4779\/revisions"}],"wp:featuredmedia":[{"embeddable":true,"href":"https:\/\/haberverkibris.com\/index.php\/wp-json\/wp\/v2\/media\/4780"}],"wp:attachment":[{"href":"https:\/\/haberverkibris.com\/index.php\/wp-json\/wp\/v2\/media?parent=4779"}],"wp:term":[{"taxonomy":"category","embeddable":true,"href":"https:\/\/haberverkibris.com\/index.php\/wp-json\/wp\/v2\/categories?post=4779"},{"taxonomy":"post_tag","embeddable":true,"href":"https:\/\/haberverkibris.com\/index.php\/wp-json\/wp\/v2\/tags?post=4779"}],"curies":[{"name":"wp","href":"https:\/\/api.w.org\/{rel}","templated":true}]}}