{"id":4476,"date":"2024-06-10T12:08:54","date_gmt":"2024-06-10T09:08:54","guid":{"rendered":"https:\/\/kuzeyinsesi.com\/index.php\/2024\/06\/10\/sonare-coksesli-korosu-bellapais-manastirinda-konser-verecek\/"},"modified":"2024-06-10T12:08:54","modified_gmt":"2024-06-10T09:08:54","slug":"sonare-coksesli-korosu-bellapais-manastirinda-konser-verecek","status":"publish","type":"post","link":"https:\/\/haberverkibris.com\/index.php\/2024\/06\/10\/sonare-coksesli-korosu-bellapais-manastirinda-konser-verecek\/","title":{"rendered":"Sonare \u00c7oksesli Korosu Bellapais Manast\u0131r\u0131\u2019nda konser verecek"},"content":{"rendered":"<div>\n<div class=\"mariselle-image-container none\">\n                                            <\/div>\n<p>Sonare \u00c7oksesli Korolar Derne\u011fi Sonare \u00c7oksesli Korosu, cuma ak\u015fam\u0131 saat 20.30\u2019da Bellapais Manast\u0131r\u0131\u2019nda konser verecek.<\/p>\n<p>Dernekten al\u0131nan bilgiye g\u00f6re, Sonare \u00c7oksesli Korosu, D\u00fcnya koro edebiyat\u0131, T\u00fcrk ve K\u0131br\u0131s \u00e7oksesli koro eserlerinden olu\u015fan bir repertuar\u0131 koro severlere sunacak. Konserde, koroyu koro \u015fefi Erkan Da\u011fl\u0131 y\u00f6netirken, piyano e\u015fliklerini Piyanist Mehmet Co\u015fkuner \u00fcstlenecek. Konserde, piyanoda M\u00fcge Yorganc\u0131o\u011flu ve Jospin Marc, fl\u00fctte I\u015f\u0131l Akg\u00fc\u00e7 ve kajonda da Aytekin \u00d6zde\u011fer yer alacak.<\/p>\n<p>K\u00fclt\u00fcr Dairesi M\u00fcd\u00fcrl\u00fc\u011f\u00fc katk\u0131lar\u0131 ile verilecek konser, halka a\u00e7\u0131k ve \u00fccretsiz olacak.<\/p>\n<\/p><\/div>\n<p><script async\n                    defer\n                    crossorigin=\"anonymous\"\n                    src=\"https:\/\/connect.facebook.net\/tr_TR\/sdk.js#xfbml=1&#038;version=v3.3\"\n            ><\/script><\/p>\n","protected":false},"excerpt":{"rendered":"<p>Sonare \u00c7oksesli Korolar Derne\u011fi Sonare \u00c7oksesli Korosu, cuma ak\u015fam\u0131 saat 20.30\u2019da Bellapais Manast\u0131r\u0131\u2019nda konser verecek. Dernekten al\u0131nan bilgiye g\u00f6re, Sonare \u00c7oksesli Korosu, D\u00fcnya koro edebiyat\u0131, T\u00fcrk ve K\u0131br\u0131s \u00e7oksesli koro eserlerinden olu\u015fan bir repertuar\u0131 koro severlere sunacak. Konserde, koroyu koro \u015fefi Erkan Da\u011fl\u0131 y\u00f6netirken, piyano e\u015fliklerini Piyanist Mehmet Co\u015fkuner \u00fcstlenecek. Konserde, piyanoda M\u00fcge Yorganc\u0131o\u011flu ve [&hellip;]<\/p>\n","protected":false},"author":1,"featured_media":4477,"comment_status":"open","ping_status":"open","sticky":false,"template":"","format":"standard","meta":{"jnews-multi-image_gallery":[],"jnews_single_post":[],"jnews_primary_category":[],"jnews_social_meta":[],"jnews_override_counter":[],"footnotes":""},"categories":[6],"tags":[],"class_list":["post-4476","post","type-post","status-publish","format-standard","has-post-thumbnail","hentry","category-yasam"],"yoast_head":"<!-- This site is optimized with the Yoast SEO plugin v27.4 - https:\/\/yoast.com\/product\/yoast-seo-wordpress\/ -->\n<title>Sonare \u00c7oksesli Korosu Bellapais Manast\u0131r\u0131\u2019nda konser verecek - Haber Ver K\u0131br\u0131s<\/title>\n<meta name=\"robots\" content=\"index, follow, max-snippet:-1, max-image-preview:large, max-video-preview:-1\" \/>\n<link rel=\"canonical\" href=\"https:\/\/haberverkibris.com\/index.php\/2024\/06\/10\/sonare-coksesli-korosu-bellapais-manastirinda-konser-verecek\/\" \/>\n<meta property=\"og:locale\" content=\"tr_TR\" \/>\n<meta property=\"og:type\" content=\"article\" \/>\n<meta property=\"og:title\" content=\"Sonare \u00c7oksesli Korosu Bellapais Manast\u0131r\u0131\u2019nda konser verecek - Haber Ver K\u0131br\u0131s\" \/>\n<meta property=\"og:description\" content=\"Sonare \u00c7oksesli Korolar Derne\u011fi Sonare \u00c7oksesli Korosu, cuma ak\u015fam\u0131 saat 20.30\u2019da Bellapais Manast\u0131r\u0131\u2019nda konser verecek. Dernekten al\u0131nan bilgiye g\u00f6re, Sonare \u00c7oksesli Korosu, D\u00fcnya koro edebiyat\u0131, T\u00fcrk ve K\u0131br\u0131s \u00e7oksesli koro eserlerinden olu\u015fan bir repertuar\u0131 koro severlere sunacak. Konserde, koroyu koro \u015fefi Erkan Da\u011fl\u0131 y\u00f6netirken, piyano e\u015fliklerini Piyanist Mehmet Co\u015fkuner \u00fcstlenecek. Konserde, piyanoda M\u00fcge Yorganc\u0131o\u011flu ve [&hellip;]\" \/>\n<meta property=\"og:url\" content=\"https:\/\/haberverkibris.com\/index.php\/2024\/06\/10\/sonare-coksesli-korosu-bellapais-manastirinda-konser-verecek\/\" \/>\n<meta property=\"og:site_name\" content=\"Haber Ver K\u0131br\u0131s\" \/>\n<meta property=\"article:publisher\" content=\"https:\/\/www.facebook.com\/kuzeyinsesii\" \/>\n<meta property=\"article:published_time\" content=\"2024-06-10T09:08:54+00:00\" \/>\n<meta property=\"og:image\" content=\"https:\/\/haberverkibris.com\/wp-content\/uploads\/2024\/06\/sonare-coksesli-korosu.jpeg\" \/>\n\t<meta property=\"og:image:width\" content=\"930\" \/>\n\t<meta property=\"og:image:height\" content=\"930\" \/>\n\t<meta property=\"og:image:type\" content=\"image\/jpeg\" \/>\n<meta name=\"author\" content=\"Haberver K\u0131br\u0131s\" \/>\n<meta name=\"twitter:card\" content=\"summary_large_image\" \/>\n<meta name=\"twitter:creator\" content=\"@kuzeyinsesii\" \/>\n<meta name=\"twitter:site\" content=\"@kuzeyinsesii\" \/>\n<meta name=\"twitter:label1\" content=\"Yazan:\" \/>\n\t<meta name=\"twitter:data1\" content=\"Haberver K\u0131br\u0131s\" \/>\n\t<meta name=\"twitter:label2\" content=\"Tahmini okuma s\u00fcresi\" \/>\n\t<meta name=\"twitter:data2\" content=\"1 dakika\" \/>\n<script type=\"application\/ld+json\" class=\"yoast-schema-graph\">{\"@context\":\"https:\\\/\\\/schema.org\",\"@graph\":[{\"@type\":\"Article\",\"@id\":\"https:\\\/\\\/haberverkibris.com\\\/index.php\\\/2024\\\/06\\\/10\\\/sonare-coksesli-korosu-bellapais-manastirinda-konser-verecek\\\/#article\",\"isPartOf\":{\"@id\":\"https:\\\/\\\/haberverkibris.com\\\/index.php\\\/2024\\\/06\\\/10\\\/sonare-coksesli-korosu-bellapais-manastirinda-konser-verecek\\\/\"},\"author\":{\"name\":\"Haberver K\u0131br\u0131s\",\"@id\":\"https:\\\/\\\/haberverkibris.com\\\/#\\\/schema\\\/person\\\/29d65381ed43765483b5a185ded66a56\"},\"headline\":\"Sonare \u00c7oksesli Korosu Bellapais Manast\u0131r\u0131\u2019nda konser verecek\",\"datePublished\":\"2024-06-10T09:08:54+00:00\",\"mainEntityOfPage\":{\"@id\":\"https:\\\/\\\/haberverkibris.com\\\/index.php\\\/2024\\\/06\\\/10\\\/sonare-coksesli-korosu-bellapais-manastirinda-konser-verecek\\\/\"},\"wordCount\":115,\"commentCount\":0,\"image\":{\"@id\":\"https:\\\/\\\/haberverkibris.com\\\/index.php\\\/2024\\\/06\\\/10\\\/sonare-coksesli-korosu-bellapais-manastirinda-konser-verecek\\\/#primaryimage\"},\"thumbnailUrl\":\"https:\\\/\\\/haberverkibris.com\\\/wp-content\\\/uploads\\\/2024\\\/06\\\/sonare-coksesli-korosu.jpeg\",\"articleSection\":[\"Ya\u015fam\"],\"inLanguage\":\"tr\",\"potentialAction\":[{\"@type\":\"CommentAction\",\"name\":\"Comment\",\"target\":[\"https:\\\/\\\/haberverkibris.com\\\/index.php\\\/2024\\\/06\\\/10\\\/sonare-coksesli-korosu-bellapais-manastirinda-konser-verecek\\\/#respond\"]}]},{\"@type\":\"WebPage\",\"@id\":\"https:\\\/\\\/haberverkibris.com\\\/index.php\\\/2024\\\/06\\\/10\\\/sonare-coksesli-korosu-bellapais-manastirinda-konser-verecek\\\/\",\"url\":\"https:\\\/\\\/haberverkibris.com\\\/index.php\\\/2024\\\/06\\\/10\\\/sonare-coksesli-korosu-bellapais-manastirinda-konser-verecek\\\/\",\"name\":\"Sonare \u00c7oksesli Korosu Bellapais Manast\u0131r\u0131\u2019nda konser verecek - Haber Ver K\u0131br\u0131s\",\"isPartOf\":{\"@id\":\"https:\\\/\\\/haberverkibris.com\\\/#website\"},\"primaryImageOfPage\":{\"@id\":\"https:\\\/\\\/haberverkibris.com\\\/index.php\\\/2024\\\/06\\\/10\\\/sonare-coksesli-korosu-bellapais-manastirinda-konser-verecek\\\/#primaryimage\"},\"image\":{\"@id\":\"https:\\\/\\\/haberverkibris.com\\\/index.php\\\/2024\\\/06\\\/10\\\/sonare-coksesli-korosu-bellapais-manastirinda-konser-verecek\\\/#primaryimage\"},\"thumbnailUrl\":\"https:\\\/\\\/haberverkibris.com\\\/wp-content\\\/uploads\\\/2024\\\/06\\\/sonare-coksesli-korosu.jpeg\",\"datePublished\":\"2024-06-10T09:08:54+00:00\",\"author\":{\"@id\":\"https:\\\/\\\/haberverkibris.com\\\/#\\\/schema\\\/person\\\/29d65381ed43765483b5a185ded66a56\"},\"breadcrumb\":{\"@id\":\"https:\\\/\\\/haberverkibris.com\\\/index.php\\\/2024\\\/06\\\/10\\\/sonare-coksesli-korosu-bellapais-manastirinda-konser-verecek\\\/#breadcrumb\"},\"inLanguage\":\"tr\",\"potentialAction\":[{\"@type\":\"ReadAction\",\"target\":[\"https:\\\/\\\/haberverkibris.com\\\/index.php\\\/2024\\\/06\\\/10\\\/sonare-coksesli-korosu-bellapais-manastirinda-konser-verecek\\\/\"]}]},{\"@type\":\"ImageObject\",\"inLanguage\":\"tr\",\"@id\":\"https:\\\/\\\/haberverkibris.com\\\/index.php\\\/2024\\\/06\\\/10\\\/sonare-coksesli-korosu-bellapais-manastirinda-konser-verecek\\\/#primaryimage\",\"url\":\"https:\\\/\\\/haberverkibris.com\\\/wp-content\\\/uploads\\\/2024\\\/06\\\/sonare-coksesli-korosu.jpeg\",\"contentUrl\":\"https:\\\/\\\/haberverkibris.com\\\/wp-content\\\/uploads\\\/2024\\\/06\\\/sonare-coksesli-korosu.jpeg\",\"width\":930,\"height\":930},{\"@type\":\"BreadcrumbList\",\"@id\":\"https:\\\/\\\/haberverkibris.com\\\/index.php\\\/2024\\\/06\\\/10\\\/sonare-coksesli-korosu-bellapais-manastirinda-konser-verecek\\\/#breadcrumb\",\"itemListElement\":[{\"@type\":\"ListItem\",\"position\":1,\"name\":\"Anasayfa\",\"item\":\"https:\\\/\\\/haberverkibris.com\\\/\"},{\"@type\":\"ListItem\",\"position\":2,\"name\":\"Sonare \u00c7oksesli Korosu Bellapais Manast\u0131r\u0131\u2019nda konser verecek\"}]},{\"@type\":\"WebSite\",\"@id\":\"https:\\\/\\\/haberverkibris.com\\\/#website\",\"url\":\"https:\\\/\\\/haberverkibris.com\\\/\",\"name\":\"Kuzeyin Sesi\",\"description\":\"Do\u011fru Haberin Adresi\",\"potentialAction\":[{\"@type\":\"SearchAction\",\"target\":{\"@type\":\"EntryPoint\",\"urlTemplate\":\"https:\\\/\\\/haberverkibris.com\\\/?s={search_term_string}\"},\"query-input\":{\"@type\":\"PropertyValueSpecification\",\"valueRequired\":true,\"valueName\":\"search_term_string\"}}],\"inLanguage\":\"tr\"},{\"@type\":\"Person\",\"@id\":\"https:\\\/\\\/haberverkibris.com\\\/#\\\/schema\\\/person\\\/29d65381ed43765483b5a185ded66a56\",\"name\":\"Haberver K\u0131br\u0131s\",\"image\":{\"@type\":\"ImageObject\",\"inLanguage\":\"tr\",\"@id\":\"https:\\\/\\\/secure.gravatar.com\\\/avatar\\\/bab33852abfd8b282518d6ed81826833d77c3c882d9ab608add591ccace47a44?s=96&d=mm&r=g\",\"url\":\"https:\\\/\\\/secure.gravatar.com\\\/avatar\\\/bab33852abfd8b282518d6ed81826833d77c3c882d9ab608add591ccace47a44?s=96&d=mm&r=g\",\"contentUrl\":\"https:\\\/\\\/secure.gravatar.com\\\/avatar\\\/bab33852abfd8b282518d6ed81826833d77c3c882d9ab608add591ccace47a44?s=96&d=mm&r=g\",\"caption\":\"Haberver K\u0131br\u0131s\"},\"sameAs\":[\"https:\\\/\\\/haberverkibris.com\"],\"url\":\"https:\\\/\\\/haberverkibris.com\\\/index.php\\\/author\\\/guven\\\/\"}]}<\/script>\n<!-- \/ Yoast SEO plugin. -->","yoast_head_json":{"title":"Sonare \u00c7oksesli Korosu Bellapais Manast\u0131r\u0131\u2019nda konser verecek - Haber Ver K\u0131br\u0131s","robots":{"index":"index","follow":"follow","max-snippet":"max-snippet:-1","max-image-preview":"max-image-preview:large","max-video-preview":"max-video-preview:-1"},"canonical":"https:\/\/haberverkibris.com\/index.php\/2024\/06\/10\/sonare-coksesli-korosu-bellapais-manastirinda-konser-verecek\/","og_locale":"tr_TR","og_type":"article","og_title":"Sonare \u00c7oksesli Korosu Bellapais Manast\u0131r\u0131\u2019nda konser verecek - Haber Ver K\u0131br\u0131s","og_description":"Sonare \u00c7oksesli Korolar Derne\u011fi Sonare \u00c7oksesli Korosu, cuma ak\u015fam\u0131 saat 20.30\u2019da Bellapais Manast\u0131r\u0131\u2019nda konser verecek. Dernekten al\u0131nan bilgiye g\u00f6re, Sonare \u00c7oksesli Korosu, D\u00fcnya koro edebiyat\u0131, T\u00fcrk ve K\u0131br\u0131s \u00e7oksesli koro eserlerinden olu\u015fan bir repertuar\u0131 koro severlere sunacak. Konserde, koroyu koro \u015fefi Erkan Da\u011fl\u0131 y\u00f6netirken, piyano e\u015fliklerini Piyanist Mehmet Co\u015fkuner \u00fcstlenecek. Konserde, piyanoda M\u00fcge Yorganc\u0131o\u011flu ve [&hellip;]","og_url":"https:\/\/haberverkibris.com\/index.php\/2024\/06\/10\/sonare-coksesli-korosu-bellapais-manastirinda-konser-verecek\/","og_site_name":"Haber Ver K\u0131br\u0131s","article_publisher":"https:\/\/www.facebook.com\/kuzeyinsesii","article_published_time":"2024-06-10T09:08:54+00:00","og_image":[{"width":930,"height":930,"url":"https:\/\/haberverkibris.com\/wp-content\/uploads\/2024\/06\/sonare-coksesli-korosu.jpeg","type":"image\/jpeg"}],"author":"Haberver K\u0131br\u0131s","twitter_card":"summary_large_image","twitter_creator":"@kuzeyinsesii","twitter_site":"@kuzeyinsesii","twitter_misc":{"Yazan:":"Haberver K\u0131br\u0131s","Tahmini okuma s\u00fcresi":"1 dakika"},"schema":{"@context":"https:\/\/schema.org","@graph":[{"@type":"Article","@id":"https:\/\/haberverkibris.com\/index.php\/2024\/06\/10\/sonare-coksesli-korosu-bellapais-manastirinda-konser-verecek\/#article","isPartOf":{"@id":"https:\/\/haberverkibris.com\/index.php\/2024\/06\/10\/sonare-coksesli-korosu-bellapais-manastirinda-konser-verecek\/"},"author":{"name":"Haberver K\u0131br\u0131s","@id":"https:\/\/haberverkibris.com\/#\/schema\/person\/29d65381ed43765483b5a185ded66a56"},"headline":"Sonare \u00c7oksesli Korosu Bellapais Manast\u0131r\u0131\u2019nda konser verecek","datePublished":"2024-06-10T09:08:54+00:00","mainEntityOfPage":{"@id":"https:\/\/haberverkibris.com\/index.php\/2024\/06\/10\/sonare-coksesli-korosu-bellapais-manastirinda-konser-verecek\/"},"wordCount":115,"commentCount":0,"image":{"@id":"https:\/\/haberverkibris.com\/index.php\/2024\/06\/10\/sonare-coksesli-korosu-bellapais-manastirinda-konser-verecek\/#primaryimage"},"thumbnailUrl":"https:\/\/haberverkibris.com\/wp-content\/uploads\/2024\/06\/sonare-coksesli-korosu.jpeg","articleSection":["Ya\u015fam"],"inLanguage":"tr","potentialAction":[{"@type":"CommentAction","name":"Comment","target":["https:\/\/haberverkibris.com\/index.php\/2024\/06\/10\/sonare-coksesli-korosu-bellapais-manastirinda-konser-verecek\/#respond"]}]},{"@type":"WebPage","@id":"https:\/\/haberverkibris.com\/index.php\/2024\/06\/10\/sonare-coksesli-korosu-bellapais-manastirinda-konser-verecek\/","url":"https:\/\/haberverkibris.com\/index.php\/2024\/06\/10\/sonare-coksesli-korosu-bellapais-manastirinda-konser-verecek\/","name":"Sonare \u00c7oksesli Korosu Bellapais Manast\u0131r\u0131\u2019nda konser verecek - Haber Ver K\u0131br\u0131s","isPartOf":{"@id":"https:\/\/haberverkibris.com\/#website"},"primaryImageOfPage":{"@id":"https:\/\/haberverkibris.com\/index.php\/2024\/06\/10\/sonare-coksesli-korosu-bellapais-manastirinda-konser-verecek\/#primaryimage"},"image":{"@id":"https:\/\/haberverkibris.com\/index.php\/2024\/06\/10\/sonare-coksesli-korosu-bellapais-manastirinda-konser-verecek\/#primaryimage"},"thumbnailUrl":"https:\/\/haberverkibris.com\/wp-content\/uploads\/2024\/06\/sonare-coksesli-korosu.jpeg","datePublished":"2024-06-10T09:08:54+00:00","author":{"@id":"https:\/\/haberverkibris.com\/#\/schema\/person\/29d65381ed43765483b5a185ded66a56"},"breadcrumb":{"@id":"https:\/\/haberverkibris.com\/index.php\/2024\/06\/10\/sonare-coksesli-korosu-bellapais-manastirinda-konser-verecek\/#breadcrumb"},"inLanguage":"tr","potentialAction":[{"@type":"ReadAction","target":["https:\/\/haberverkibris.com\/index.php\/2024\/06\/10\/sonare-coksesli-korosu-bellapais-manastirinda-konser-verecek\/"]}]},{"@type":"ImageObject","inLanguage":"tr","@id":"https:\/\/haberverkibris.com\/index.php\/2024\/06\/10\/sonare-coksesli-korosu-bellapais-manastirinda-konser-verecek\/#primaryimage","url":"https:\/\/haberverkibris.com\/wp-content\/uploads\/2024\/06\/sonare-coksesli-korosu.jpeg","contentUrl":"https:\/\/haberverkibris.com\/wp-content\/uploads\/2024\/06\/sonare-coksesli-korosu.jpeg","width":930,"height":930},{"@type":"BreadcrumbList","@id":"https:\/\/haberverkibris.com\/index.php\/2024\/06\/10\/sonare-coksesli-korosu-bellapais-manastirinda-konser-verecek\/#breadcrumb","itemListElement":[{"@type":"ListItem","position":1,"name":"Anasayfa","item":"https:\/\/haberverkibris.com\/"},{"@type":"ListItem","position":2,"name":"Sonare \u00c7oksesli Korosu Bellapais Manast\u0131r\u0131\u2019nda konser verecek"}]},{"@type":"WebSite","@id":"https:\/\/haberverkibris.com\/#website","url":"https:\/\/haberverkibris.com\/","name":"Kuzeyin Sesi","description":"Do\u011fru Haberin Adresi","potentialAction":[{"@type":"SearchAction","target":{"@type":"EntryPoint","urlTemplate":"https:\/\/haberverkibris.com\/?s={search_term_string}"},"query-input":{"@type":"PropertyValueSpecification","valueRequired":true,"valueName":"search_term_string"}}],"inLanguage":"tr"},{"@type":"Person","@id":"https:\/\/haberverkibris.com\/#\/schema\/person\/29d65381ed43765483b5a185ded66a56","name":"Haberver K\u0131br\u0131s","image":{"@type":"ImageObject","inLanguage":"tr","@id":"https:\/\/secure.gravatar.com\/avatar\/bab33852abfd8b282518d6ed81826833d77c3c882d9ab608add591ccace47a44?s=96&d=mm&r=g","url":"https:\/\/secure.gravatar.com\/avatar\/bab33852abfd8b282518d6ed81826833d77c3c882d9ab608add591ccace47a44?s=96&d=mm&r=g","contentUrl":"https:\/\/secure.gravatar.com\/avatar\/bab33852abfd8b282518d6ed81826833d77c3c882d9ab608add591ccace47a44?s=96&d=mm&r=g","caption":"Haberver K\u0131br\u0131s"},"sameAs":["https:\/\/haberverkibris.com"],"url":"https:\/\/haberverkibris.com\/index.php\/author\/guven\/"}]}},"_links":{"self":[{"href":"https:\/\/haberverkibris.com\/index.php\/wp-json\/wp\/v2\/posts\/4476","targetHints":{"allow":["GET"]}}],"collection":[{"href":"https:\/\/haberverkibris.com\/index.php\/wp-json\/wp\/v2\/posts"}],"about":[{"href":"https:\/\/haberverkibris.com\/index.php\/wp-json\/wp\/v2\/types\/post"}],"author":[{"embeddable":true,"href":"https:\/\/haberverkibris.com\/index.php\/wp-json\/wp\/v2\/users\/1"}],"replies":[{"embeddable":true,"href":"https:\/\/haberverkibris.com\/index.php\/wp-json\/wp\/v2\/comments?post=4476"}],"version-history":[{"count":0,"href":"https:\/\/haberverkibris.com\/index.php\/wp-json\/wp\/v2\/posts\/4476\/revisions"}],"wp:featuredmedia":[{"embeddable":true,"href":"https:\/\/haberverkibris.com\/index.php\/wp-json\/wp\/v2\/media\/4477"}],"wp:attachment":[{"href":"https:\/\/haberverkibris.com\/index.php\/wp-json\/wp\/v2\/media?parent=4476"}],"wp:term":[{"taxonomy":"category","embeddable":true,"href":"https:\/\/haberverkibris.com\/index.php\/wp-json\/wp\/v2\/categories?post=4476"},{"taxonomy":"post_tag","embeddable":true,"href":"https:\/\/haberverkibris.com\/index.php\/wp-json\/wp\/v2\/tags?post=4476"}],"curies":[{"name":"wp","href":"https:\/\/api.w.org\/{rel}","templated":true}]}}