{"id":3868,"date":"2024-06-01T11:47:56","date_gmt":"2024-06-01T08:47:56","guid":{"rendered":"https:\/\/kuzeyinsesi.com\/index.php\/2024\/06\/01\/celer-iskele-acik-pazarini-ziyaret-etti\/"},"modified":"2024-06-01T11:47:56","modified_gmt":"2024-06-01T08:47:56","slug":"celer-iskele-acik-pazarini-ziyaret-etti","status":"publish","type":"post","link":"https:\/\/haberverkibris.com\/index.php\/2024\/06\/01\/celer-iskele-acik-pazarini-ziyaret-etti\/","title":{"rendered":"\u00c7eler \u0130skele A\u00e7\u0131k Pazar\u0131\u2019n\u0131 ziyaret etti"},"content":{"rendered":"<div>\n<div class=\"mariselle-image-container center\">\n                                            <\/div>\n<p>Toplumcu Demokrasi Partisi (TDP) Genel Ba\u015fkan\u0131 Zeki \u00c7eler, d\u00fcn \u0130skele A\u00e7\u0131k Pazar\u0131\u2019n\u0131 ziyaret ederek, bir araya geldi\u011fi yurtta\u015flar ve esnaf\u0131n sorunlar\u0131n\u0131 dinledi.<\/p>\n<p>TDP\u2019den yap\u0131lan a\u00e7\u0131klamaya g\u00f6re, \u00c7eler\u2019e TDP \u0130skele \u0130l\u00e7e Ba\u015fkan\u0131 Ercan Y\u00fcz\u00fcak, Ma\u011fusa \u0130l\u00e7e Ba\u015fkan\u0131 Ece Balc\u0131, TDP eski vekillerinden Mustafa Emiro\u011flular\u0131 ve Parti Meclisi \u0130skele \u00fcyeleri e\u015flik etti.<\/p>\n<p>Yurtta\u015flar ve esnaf\u0131n \u00c7eler\u2019e demografik yap\u0131daki de\u011fi\u015fiklik nedeniyle \u00f6zellikle okullarda ciddi s\u0131k\u0131nt\u0131 oldu\u011funu iletti\u011fi yer alan a\u00e7\u0131klamada, \u201c\u00c7eler, b\u00f6lgede ya\u015fanan ba\u015fta e\u011fitim, sa\u011fl\u0131k, trafik ve g\u00fcvenlik sorunlar\u0131 gibi s\u0131k\u0131nt\u0131lar\u0131n sebebinin planl\u0131 ve s\u00fcrd\u00fcr\u00fclebilir bir politika yarat\u0131lmamas\u0131 oldu\u011funa de\u011findi\u201d denildi.<\/p>\n<\/p><\/div>\n<p><script async\n                    defer\n                    crossorigin=\"anonymous\"\n                    src=\"https:\/\/connect.facebook.net\/tr_TR\/sdk.js#xfbml=1&#038;version=v3.3\"\n            ><\/script><\/p>\n","protected":false},"excerpt":{"rendered":"<p>Toplumcu Demokrasi Partisi (TDP) Genel Ba\u015fkan\u0131 Zeki \u00c7eler, d\u00fcn \u0130skele A\u00e7\u0131k Pazar\u0131\u2019n\u0131 ziyaret ederek, bir araya geldi\u011fi yurtta\u015flar ve esnaf\u0131n sorunlar\u0131n\u0131 dinledi. TDP\u2019den yap\u0131lan a\u00e7\u0131klamaya g\u00f6re, \u00c7eler\u2019e TDP \u0130skele \u0130l\u00e7e Ba\u015fkan\u0131 Ercan Y\u00fcz\u00fcak, Ma\u011fusa \u0130l\u00e7e Ba\u015fkan\u0131 Ece Balc\u0131, TDP eski vekillerinden Mustafa Emiro\u011flular\u0131 ve Parti Meclisi \u0130skele \u00fcyeleri e\u015flik etti. Yurtta\u015flar ve esnaf\u0131n \u00c7eler\u2019e demografik [&hellip;]<\/p>\n","protected":false},"author":1,"featured_media":3869,"comment_status":"open","ping_status":"open","sticky":false,"template":"","format":"standard","meta":{"jnews-multi-image_gallery":[],"jnews_single_post":[],"jnews_primary_category":[],"jnews_social_meta":[],"jnews_override_counter":[],"footnotes":""},"categories":[1],"tags":[],"class_list":["post-3868","post","type-post","status-publish","format-standard","has-post-thumbnail","hentry","category-kibris"],"yoast_head":"<!-- This site is optimized with the Yoast SEO plugin v27.5 - https:\/\/yoast.com\/product\/yoast-seo-wordpress\/ -->\n<title>\u00c7eler \u0130skele A\u00e7\u0131k Pazar\u0131\u2019n\u0131 ziyaret etti - Haber Ver K\u0131br\u0131s<\/title>\n<meta name=\"robots\" content=\"index, follow, max-snippet:-1, max-image-preview:large, max-video-preview:-1\" \/>\n<link rel=\"canonical\" href=\"https:\/\/haberverkibris.com\/index.php\/2024\/06\/01\/celer-iskele-acik-pazarini-ziyaret-etti\/\" \/>\n<meta property=\"og:locale\" content=\"tr_TR\" \/>\n<meta property=\"og:type\" content=\"article\" \/>\n<meta property=\"og:title\" content=\"\u00c7eler \u0130skele A\u00e7\u0131k Pazar\u0131\u2019n\u0131 ziyaret etti - Haber Ver K\u0131br\u0131s\" \/>\n<meta property=\"og:description\" content=\"Toplumcu Demokrasi Partisi (TDP) Genel Ba\u015fkan\u0131 Zeki \u00c7eler, d\u00fcn \u0130skele A\u00e7\u0131k Pazar\u0131\u2019n\u0131 ziyaret ederek, bir araya geldi\u011fi yurtta\u015flar ve esnaf\u0131n sorunlar\u0131n\u0131 dinledi. TDP\u2019den yap\u0131lan a\u00e7\u0131klamaya g\u00f6re, \u00c7eler\u2019e TDP \u0130skele \u0130l\u00e7e Ba\u015fkan\u0131 Ercan Y\u00fcz\u00fcak, Ma\u011fusa \u0130l\u00e7e Ba\u015fkan\u0131 Ece Balc\u0131, TDP eski vekillerinden Mustafa Emiro\u011flular\u0131 ve Parti Meclisi \u0130skele \u00fcyeleri e\u015flik etti. Yurtta\u015flar ve esnaf\u0131n \u00c7eler\u2019e demografik [&hellip;]\" \/>\n<meta property=\"og:url\" content=\"https:\/\/haberverkibris.com\/index.php\/2024\/06\/01\/celer-iskele-acik-pazarini-ziyaret-etti\/\" \/>\n<meta property=\"og:site_name\" content=\"Haber Ver K\u0131br\u0131s\" \/>\n<meta property=\"article:publisher\" content=\"https:\/\/www.facebook.com\/kuzeyinsesii\" \/>\n<meta property=\"article:published_time\" content=\"2024-06-01T08:47:56+00:00\" \/>\n<meta property=\"og:image\" content=\"https:\/\/haberverkibris.com\/wp-content\/uploads\/2024\/06\/celerziy.jpg\" \/>\n\t<meta property=\"og:image:width\" content=\"910\" \/>\n\t<meta property=\"og:image:height\" content=\"430\" \/>\n\t<meta property=\"og:image:type\" content=\"image\/jpeg\" \/>\n<meta name=\"author\" content=\"Haberver K\u0131br\u0131s\" \/>\n<meta name=\"twitter:card\" content=\"summary_large_image\" \/>\n<meta name=\"twitter:creator\" content=\"@kuzeyinsesii\" \/>\n<meta name=\"twitter:site\" content=\"@kuzeyinsesii\" \/>\n<meta name=\"twitter:label1\" content=\"Yazan:\" \/>\n\t<meta name=\"twitter:data1\" content=\"Haberver K\u0131br\u0131s\" \/>\n\t<meta name=\"twitter:label2\" content=\"Tahmini okuma s\u00fcresi\" \/>\n\t<meta name=\"twitter:data2\" content=\"1 dakika\" \/>\n<script type=\"application\/ld+json\" class=\"yoast-schema-graph\">{\"@context\":\"https:\\\/\\\/schema.org\",\"@graph\":[{\"@type\":\"Article\",\"@id\":\"https:\\\/\\\/haberverkibris.com\\\/index.php\\\/2024\\\/06\\\/01\\\/celer-iskele-acik-pazarini-ziyaret-etti\\\/#article\",\"isPartOf\":{\"@id\":\"https:\\\/\\\/haberverkibris.com\\\/index.php\\\/2024\\\/06\\\/01\\\/celer-iskele-acik-pazarini-ziyaret-etti\\\/\"},\"author\":{\"name\":\"Haberver K\u0131br\u0131s\",\"@id\":\"https:\\\/\\\/haberverkibris.com\\\/#\\\/schema\\\/person\\\/29d65381ed43765483b5a185ded66a56\"},\"headline\":\"\u00c7eler \u0130skele A\u00e7\u0131k Pazar\u0131\u2019n\u0131 ziyaret etti\",\"datePublished\":\"2024-06-01T08:47:56+00:00\",\"mainEntityOfPage\":{\"@id\":\"https:\\\/\\\/haberverkibris.com\\\/index.php\\\/2024\\\/06\\\/01\\\/celer-iskele-acik-pazarini-ziyaret-etti\\\/\"},\"wordCount\":147,\"commentCount\":0,\"image\":{\"@id\":\"https:\\\/\\\/haberverkibris.com\\\/index.php\\\/2024\\\/06\\\/01\\\/celer-iskele-acik-pazarini-ziyaret-etti\\\/#primaryimage\"},\"thumbnailUrl\":\"https:\\\/\\\/haberverkibris.com\\\/wp-content\\\/uploads\\\/2024\\\/06\\\/celerziy.jpg\",\"articleSection\":[\"K\u0131br\u0131s\"],\"inLanguage\":\"tr\",\"potentialAction\":[{\"@type\":\"CommentAction\",\"name\":\"Comment\",\"target\":[\"https:\\\/\\\/haberverkibris.com\\\/index.php\\\/2024\\\/06\\\/01\\\/celer-iskele-acik-pazarini-ziyaret-etti\\\/#respond\"]}]},{\"@type\":\"WebPage\",\"@id\":\"https:\\\/\\\/haberverkibris.com\\\/index.php\\\/2024\\\/06\\\/01\\\/celer-iskele-acik-pazarini-ziyaret-etti\\\/\",\"url\":\"https:\\\/\\\/haberverkibris.com\\\/index.php\\\/2024\\\/06\\\/01\\\/celer-iskele-acik-pazarini-ziyaret-etti\\\/\",\"name\":\"\u00c7eler \u0130skele A\u00e7\u0131k Pazar\u0131\u2019n\u0131 ziyaret etti - Haber Ver K\u0131br\u0131s\",\"isPartOf\":{\"@id\":\"https:\\\/\\\/haberverkibris.com\\\/#website\"},\"primaryImageOfPage\":{\"@id\":\"https:\\\/\\\/haberverkibris.com\\\/index.php\\\/2024\\\/06\\\/01\\\/celer-iskele-acik-pazarini-ziyaret-etti\\\/#primaryimage\"},\"image\":{\"@id\":\"https:\\\/\\\/haberverkibris.com\\\/index.php\\\/2024\\\/06\\\/01\\\/celer-iskele-acik-pazarini-ziyaret-etti\\\/#primaryimage\"},\"thumbnailUrl\":\"https:\\\/\\\/haberverkibris.com\\\/wp-content\\\/uploads\\\/2024\\\/06\\\/celerziy.jpg\",\"datePublished\":\"2024-06-01T08:47:56+00:00\",\"author\":{\"@id\":\"https:\\\/\\\/haberverkibris.com\\\/#\\\/schema\\\/person\\\/29d65381ed43765483b5a185ded66a56\"},\"breadcrumb\":{\"@id\":\"https:\\\/\\\/haberverkibris.com\\\/index.php\\\/2024\\\/06\\\/01\\\/celer-iskele-acik-pazarini-ziyaret-etti\\\/#breadcrumb\"},\"inLanguage\":\"tr\",\"potentialAction\":[{\"@type\":\"ReadAction\",\"target\":[\"https:\\\/\\\/haberverkibris.com\\\/index.php\\\/2024\\\/06\\\/01\\\/celer-iskele-acik-pazarini-ziyaret-etti\\\/\"]}]},{\"@type\":\"ImageObject\",\"inLanguage\":\"tr\",\"@id\":\"https:\\\/\\\/haberverkibris.com\\\/index.php\\\/2024\\\/06\\\/01\\\/celer-iskele-acik-pazarini-ziyaret-etti\\\/#primaryimage\",\"url\":\"https:\\\/\\\/haberverkibris.com\\\/wp-content\\\/uploads\\\/2024\\\/06\\\/celerziy.jpg\",\"contentUrl\":\"https:\\\/\\\/haberverkibris.com\\\/wp-content\\\/uploads\\\/2024\\\/06\\\/celerziy.jpg\",\"width\":910,\"height\":430},{\"@type\":\"BreadcrumbList\",\"@id\":\"https:\\\/\\\/haberverkibris.com\\\/index.php\\\/2024\\\/06\\\/01\\\/celer-iskele-acik-pazarini-ziyaret-etti\\\/#breadcrumb\",\"itemListElement\":[{\"@type\":\"ListItem\",\"position\":1,\"name\":\"Anasayfa\",\"item\":\"https:\\\/\\\/haberverkibris.com\\\/\"},{\"@type\":\"ListItem\",\"position\":2,\"name\":\"\u00c7eler \u0130skele A\u00e7\u0131k Pazar\u0131\u2019n\u0131 ziyaret etti\"}]},{\"@type\":\"WebSite\",\"@id\":\"https:\\\/\\\/haberverkibris.com\\\/#website\",\"url\":\"https:\\\/\\\/haberverkibris.com\\\/\",\"name\":\"Kuzeyin Sesi\",\"description\":\"Do\u011fru Haberin Adresi\",\"potentialAction\":[{\"@type\":\"SearchAction\",\"target\":{\"@type\":\"EntryPoint\",\"urlTemplate\":\"https:\\\/\\\/haberverkibris.com\\\/?s={search_term_string}\"},\"query-input\":{\"@type\":\"PropertyValueSpecification\",\"valueRequired\":true,\"valueName\":\"search_term_string\"}}],\"inLanguage\":\"tr\"},{\"@type\":\"Person\",\"@id\":\"https:\\\/\\\/haberverkibris.com\\\/#\\\/schema\\\/person\\\/29d65381ed43765483b5a185ded66a56\",\"name\":\"Haberver K\u0131br\u0131s\",\"image\":{\"@type\":\"ImageObject\",\"inLanguage\":\"tr\",\"@id\":\"https:\\\/\\\/secure.gravatar.com\\\/avatar\\\/bab33852abfd8b282518d6ed81826833d77c3c882d9ab608add591ccace47a44?s=96&d=mm&r=g\",\"url\":\"https:\\\/\\\/secure.gravatar.com\\\/avatar\\\/bab33852abfd8b282518d6ed81826833d77c3c882d9ab608add591ccace47a44?s=96&d=mm&r=g\",\"contentUrl\":\"https:\\\/\\\/secure.gravatar.com\\\/avatar\\\/bab33852abfd8b282518d6ed81826833d77c3c882d9ab608add591ccace47a44?s=96&d=mm&r=g\",\"caption\":\"Haberver K\u0131br\u0131s\"},\"sameAs\":[\"https:\\\/\\\/haberverkibris.com\"],\"url\":\"https:\\\/\\\/haberverkibris.com\\\/index.php\\\/author\\\/guven\\\/\"}]}<\/script>\n<!-- \/ Yoast SEO plugin. -->","yoast_head_json":{"title":"\u00c7eler \u0130skele A\u00e7\u0131k Pazar\u0131\u2019n\u0131 ziyaret etti - Haber Ver K\u0131br\u0131s","robots":{"index":"index","follow":"follow","max-snippet":"max-snippet:-1","max-image-preview":"max-image-preview:large","max-video-preview":"max-video-preview:-1"},"canonical":"https:\/\/haberverkibris.com\/index.php\/2024\/06\/01\/celer-iskele-acik-pazarini-ziyaret-etti\/","og_locale":"tr_TR","og_type":"article","og_title":"\u00c7eler \u0130skele A\u00e7\u0131k Pazar\u0131\u2019n\u0131 ziyaret etti - Haber Ver K\u0131br\u0131s","og_description":"Toplumcu Demokrasi Partisi (TDP) Genel Ba\u015fkan\u0131 Zeki \u00c7eler, d\u00fcn \u0130skele A\u00e7\u0131k Pazar\u0131\u2019n\u0131 ziyaret ederek, bir araya geldi\u011fi yurtta\u015flar ve esnaf\u0131n sorunlar\u0131n\u0131 dinledi. TDP\u2019den yap\u0131lan a\u00e7\u0131klamaya g\u00f6re, \u00c7eler\u2019e TDP \u0130skele \u0130l\u00e7e Ba\u015fkan\u0131 Ercan Y\u00fcz\u00fcak, Ma\u011fusa \u0130l\u00e7e Ba\u015fkan\u0131 Ece Balc\u0131, TDP eski vekillerinden Mustafa Emiro\u011flular\u0131 ve Parti Meclisi \u0130skele \u00fcyeleri e\u015flik etti. Yurtta\u015flar ve esnaf\u0131n \u00c7eler\u2019e demografik [&hellip;]","og_url":"https:\/\/haberverkibris.com\/index.php\/2024\/06\/01\/celer-iskele-acik-pazarini-ziyaret-etti\/","og_site_name":"Haber Ver K\u0131br\u0131s","article_publisher":"https:\/\/www.facebook.com\/kuzeyinsesii","article_published_time":"2024-06-01T08:47:56+00:00","og_image":[{"width":910,"height":430,"url":"https:\/\/haberverkibris.com\/wp-content\/uploads\/2024\/06\/celerziy.jpg","type":"image\/jpeg"}],"author":"Haberver K\u0131br\u0131s","twitter_card":"summary_large_image","twitter_creator":"@kuzeyinsesii","twitter_site":"@kuzeyinsesii","twitter_misc":{"Yazan:":"Haberver K\u0131br\u0131s","Tahmini okuma s\u00fcresi":"1 dakika"},"schema":{"@context":"https:\/\/schema.org","@graph":[{"@type":"Article","@id":"https:\/\/haberverkibris.com\/index.php\/2024\/06\/01\/celer-iskele-acik-pazarini-ziyaret-etti\/#article","isPartOf":{"@id":"https:\/\/haberverkibris.com\/index.php\/2024\/06\/01\/celer-iskele-acik-pazarini-ziyaret-etti\/"},"author":{"name":"Haberver K\u0131br\u0131s","@id":"https:\/\/haberverkibris.com\/#\/schema\/person\/29d65381ed43765483b5a185ded66a56"},"headline":"\u00c7eler \u0130skele A\u00e7\u0131k Pazar\u0131\u2019n\u0131 ziyaret etti","datePublished":"2024-06-01T08:47:56+00:00","mainEntityOfPage":{"@id":"https:\/\/haberverkibris.com\/index.php\/2024\/06\/01\/celer-iskele-acik-pazarini-ziyaret-etti\/"},"wordCount":147,"commentCount":0,"image":{"@id":"https:\/\/haberverkibris.com\/index.php\/2024\/06\/01\/celer-iskele-acik-pazarini-ziyaret-etti\/#primaryimage"},"thumbnailUrl":"https:\/\/haberverkibris.com\/wp-content\/uploads\/2024\/06\/celerziy.jpg","articleSection":["K\u0131br\u0131s"],"inLanguage":"tr","potentialAction":[{"@type":"CommentAction","name":"Comment","target":["https:\/\/haberverkibris.com\/index.php\/2024\/06\/01\/celer-iskele-acik-pazarini-ziyaret-etti\/#respond"]}]},{"@type":"WebPage","@id":"https:\/\/haberverkibris.com\/index.php\/2024\/06\/01\/celer-iskele-acik-pazarini-ziyaret-etti\/","url":"https:\/\/haberverkibris.com\/index.php\/2024\/06\/01\/celer-iskele-acik-pazarini-ziyaret-etti\/","name":"\u00c7eler \u0130skele A\u00e7\u0131k Pazar\u0131\u2019n\u0131 ziyaret etti - Haber Ver K\u0131br\u0131s","isPartOf":{"@id":"https:\/\/haberverkibris.com\/#website"},"primaryImageOfPage":{"@id":"https:\/\/haberverkibris.com\/index.php\/2024\/06\/01\/celer-iskele-acik-pazarini-ziyaret-etti\/#primaryimage"},"image":{"@id":"https:\/\/haberverkibris.com\/index.php\/2024\/06\/01\/celer-iskele-acik-pazarini-ziyaret-etti\/#primaryimage"},"thumbnailUrl":"https:\/\/haberverkibris.com\/wp-content\/uploads\/2024\/06\/celerziy.jpg","datePublished":"2024-06-01T08:47:56+00:00","author":{"@id":"https:\/\/haberverkibris.com\/#\/schema\/person\/29d65381ed43765483b5a185ded66a56"},"breadcrumb":{"@id":"https:\/\/haberverkibris.com\/index.php\/2024\/06\/01\/celer-iskele-acik-pazarini-ziyaret-etti\/#breadcrumb"},"inLanguage":"tr","potentialAction":[{"@type":"ReadAction","target":["https:\/\/haberverkibris.com\/index.php\/2024\/06\/01\/celer-iskele-acik-pazarini-ziyaret-etti\/"]}]},{"@type":"ImageObject","inLanguage":"tr","@id":"https:\/\/haberverkibris.com\/index.php\/2024\/06\/01\/celer-iskele-acik-pazarini-ziyaret-etti\/#primaryimage","url":"https:\/\/haberverkibris.com\/wp-content\/uploads\/2024\/06\/celerziy.jpg","contentUrl":"https:\/\/haberverkibris.com\/wp-content\/uploads\/2024\/06\/celerziy.jpg","width":910,"height":430},{"@type":"BreadcrumbList","@id":"https:\/\/haberverkibris.com\/index.php\/2024\/06\/01\/celer-iskele-acik-pazarini-ziyaret-etti\/#breadcrumb","itemListElement":[{"@type":"ListItem","position":1,"name":"Anasayfa","item":"https:\/\/haberverkibris.com\/"},{"@type":"ListItem","position":2,"name":"\u00c7eler \u0130skele A\u00e7\u0131k Pazar\u0131\u2019n\u0131 ziyaret etti"}]},{"@type":"WebSite","@id":"https:\/\/haberverkibris.com\/#website","url":"https:\/\/haberverkibris.com\/","name":"Kuzeyin Sesi","description":"Do\u011fru Haberin Adresi","potentialAction":[{"@type":"SearchAction","target":{"@type":"EntryPoint","urlTemplate":"https:\/\/haberverkibris.com\/?s={search_term_string}"},"query-input":{"@type":"PropertyValueSpecification","valueRequired":true,"valueName":"search_term_string"}}],"inLanguage":"tr"},{"@type":"Person","@id":"https:\/\/haberverkibris.com\/#\/schema\/person\/29d65381ed43765483b5a185ded66a56","name":"Haberver K\u0131br\u0131s","image":{"@type":"ImageObject","inLanguage":"tr","@id":"https:\/\/secure.gravatar.com\/avatar\/bab33852abfd8b282518d6ed81826833d77c3c882d9ab608add591ccace47a44?s=96&d=mm&r=g","url":"https:\/\/secure.gravatar.com\/avatar\/bab33852abfd8b282518d6ed81826833d77c3c882d9ab608add591ccace47a44?s=96&d=mm&r=g","contentUrl":"https:\/\/secure.gravatar.com\/avatar\/bab33852abfd8b282518d6ed81826833d77c3c882d9ab608add591ccace47a44?s=96&d=mm&r=g","caption":"Haberver K\u0131br\u0131s"},"sameAs":["https:\/\/haberverkibris.com"],"url":"https:\/\/haberverkibris.com\/index.php\/author\/guven\/"}]}},"_links":{"self":[{"href":"https:\/\/haberverkibris.com\/index.php\/wp-json\/wp\/v2\/posts\/3868","targetHints":{"allow":["GET"]}}],"collection":[{"href":"https:\/\/haberverkibris.com\/index.php\/wp-json\/wp\/v2\/posts"}],"about":[{"href":"https:\/\/haberverkibris.com\/index.php\/wp-json\/wp\/v2\/types\/post"}],"author":[{"embeddable":true,"href":"https:\/\/haberverkibris.com\/index.php\/wp-json\/wp\/v2\/users\/1"}],"replies":[{"embeddable":true,"href":"https:\/\/haberverkibris.com\/index.php\/wp-json\/wp\/v2\/comments?post=3868"}],"version-history":[{"count":0,"href":"https:\/\/haberverkibris.com\/index.php\/wp-json\/wp\/v2\/posts\/3868\/revisions"}],"wp:featuredmedia":[{"embeddable":true,"href":"https:\/\/haberverkibris.com\/index.php\/wp-json\/wp\/v2\/media\/3869"}],"wp:attachment":[{"href":"https:\/\/haberverkibris.com\/index.php\/wp-json\/wp\/v2\/media?parent=3868"}],"wp:term":[{"taxonomy":"category","embeddable":true,"href":"https:\/\/haberverkibris.com\/index.php\/wp-json\/wp\/v2\/categories?post=3868"},{"taxonomy":"post_tag","embeddable":true,"href":"https:\/\/haberverkibris.com\/index.php\/wp-json\/wp\/v2\/tags?post=3868"}],"curies":[{"name":"wp","href":"https:\/\/api.w.org\/{rel}","templated":true}]}}