{"id":3710,"date":"2024-05-30T12:34:48","date_gmt":"2024-05-30T09:34:48","guid":{"rendered":"https:\/\/kuzeyinsesi.com\/index.php\/2024\/05\/30\/nazim-beratli-yasamini-yitirdi\/"},"modified":"2024-05-30T12:34:48","modified_gmt":"2024-05-30T09:34:48","slug":"nazim-beratli-yasamini-yitirdi","status":"publish","type":"post","link":"https:\/\/haberverkibris.com\/index.php\/2024\/05\/30\/nazim-beratli-yasamini-yitirdi\/","title":{"rendered":"Naz\u0131m Beratl\u0131 ya\u015fam\u0131n\u0131 yitirdi"},"content":{"rendered":"<div>\n<div class=\"mariselle-image-container center\">\n                                            <\/div>\n<p>\u00a0<\/p>\n<p>Bayrak Radyo Televizyon Kurumu\u2019nda program yapm\u0131\u1e63, \u00f6\u011fretim \u00fcyesi, Naz\u0131m Beratl\u0131 72 ya\u015f\u0131nda hayat\u0131n\u0131 kaybetti.<\/p>\n<p>\u00a0<\/p>\n<p>BRT ailesi olarak Beratl\u0131\u2019ya Allah\u2019tan rahmet, yasl\u0131 ailesine ve sevenlerine ba\u015fsa\u011fl\u0131\u011f\u0131 dileriz.<\/p>\n<p><strong>NAZIM BERATLI K\u0130MD\u0130R?<\/strong><\/p>\n<p>\u015eair, yazar, hekim\u2026 1952, Lefke \/ K\u0131br\u0131s do\u011fumlu. \u0130stanbul \u00dcniversitesi T\u0131p Fak\u00fcltesi\u2019nden 1979 y\u0131l\u0131nda mezun oldu. \u00dc\u00e7 y\u0131l s\u00fcre ile K\u0131br\u0131s\u2019ta Pratisyen hekim olarak \u00e7al\u0131\u015ft\u0131. Kad\u0131n Hastal\u0131klar\u0131 ve Do\u011fum Uzmanl\u0131\u011f\u0131 e\u011fitimini Ankara Dr. Zekai Tahir Burak Kad\u0131n Hastal\u0131klar\u0131 Hastanesi\u2019nde 1986 y\u0131l\u0131nda tamamlayarak, K\u0131br\u0131s\u2019a d\u00f6nd\u00fc. \u0130stanbul\u2019daki y\u00fcksek \u00f6\u011frenim \u00f6\u011frencili\u011fi y\u0131llar\u0131nda, K\u0131br\u0131s, Gen\u00e7lik, \u0130lerici Yurtsever Gen\u00e7lik gibi haftal\u0131k siyasi gen\u00e7lik gazeteleri ile g\u00fcnl\u00fck Politika gazetesinde k\u00f6\u015fe yaz\u0131lar\u0131 yay\u0131mlayarak, kalemle ve ara\u015ft\u0131rma ile ili\u015fkisini s\u00fcrd\u00fcrd\u00fc. \u015eimdiye dek yay\u0131mlananlardan ba\u015fka be\u015f adet \u00e7al\u0131\u015fmas\u0131 daha vard\u0131r.<\/p>\n<\/p><\/div>\n<p><script async\n                    defer\n                    crossorigin=\"anonymous\"\n                    src=\"https:\/\/connect.facebook.net\/tr_TR\/sdk.js#xfbml=1&#038;version=v3.3\"\n            ><\/script><\/p>\n","protected":false},"excerpt":{"rendered":"<p>\u00a0 Bayrak Radyo Televizyon Kurumu\u2019nda program yapm\u0131\u1e63, \u00f6\u011fretim \u00fcyesi, Naz\u0131m Beratl\u0131 72 ya\u015f\u0131nda hayat\u0131n\u0131 kaybetti. \u00a0 BRT ailesi olarak Beratl\u0131\u2019ya Allah\u2019tan rahmet, yasl\u0131 ailesine ve sevenlerine ba\u015fsa\u011fl\u0131\u011f\u0131 dileriz. NAZIM BERATLI K\u0130MD\u0130R? \u015eair, yazar, hekim\u2026 1952, Lefke \/ K\u0131br\u0131s do\u011fumlu. \u0130stanbul \u00dcniversitesi T\u0131p Fak\u00fcltesi\u2019nden 1979 y\u0131l\u0131nda mezun oldu. \u00dc\u00e7 y\u0131l s\u00fcre ile K\u0131br\u0131s\u2019ta Pratisyen hekim olarak [&hellip;]<\/p>\n","protected":false},"author":1,"featured_media":3711,"comment_status":"open","ping_status":"open","sticky":false,"template":"","format":"standard","meta":{"jnews-multi-image_gallery":[],"jnews_single_post":[],"jnews_primary_category":[],"jnews_social_meta":[],"jnews_override_counter":[],"footnotes":""},"categories":[1],"tags":[],"class_list":["post-3710","post","type-post","status-publish","format-standard","has-post-thumbnail","hentry","category-kibris"],"yoast_head":"<!-- This site is optimized with the Yoast SEO plugin v27.5 - https:\/\/yoast.com\/product\/yoast-seo-wordpress\/ -->\n<title>Naz\u0131m Beratl\u0131 ya\u015fam\u0131n\u0131 yitirdi - Haber Ver K\u0131br\u0131s<\/title>\n<meta name=\"robots\" content=\"index, follow, max-snippet:-1, max-image-preview:large, max-video-preview:-1\" \/>\n<link rel=\"canonical\" href=\"https:\/\/haberverkibris.com\/index.php\/2024\/05\/30\/nazim-beratli-yasamini-yitirdi\/\" \/>\n<meta property=\"og:locale\" content=\"tr_TR\" \/>\n<meta property=\"og:type\" content=\"article\" \/>\n<meta property=\"og:title\" content=\"Naz\u0131m Beratl\u0131 ya\u015fam\u0131n\u0131 yitirdi - Haber Ver K\u0131br\u0131s\" \/>\n<meta property=\"og:description\" content=\"\u00a0 Bayrak Radyo Televizyon Kurumu\u2019nda program yapm\u0131\u1e63, \u00f6\u011fretim \u00fcyesi, Naz\u0131m Beratl\u0131 72 ya\u015f\u0131nda hayat\u0131n\u0131 kaybetti. \u00a0 BRT ailesi olarak Beratl\u0131\u2019ya Allah\u2019tan rahmet, yasl\u0131 ailesine ve sevenlerine ba\u015fsa\u011fl\u0131\u011f\u0131 dileriz. NAZIM BERATLI K\u0130MD\u0130R? \u015eair, yazar, hekim\u2026 1952, Lefke \/ K\u0131br\u0131s do\u011fumlu. \u0130stanbul \u00dcniversitesi T\u0131p Fak\u00fcltesi\u2019nden 1979 y\u0131l\u0131nda mezun oldu. \u00dc\u00e7 y\u0131l s\u00fcre ile K\u0131br\u0131s\u2019ta Pratisyen hekim olarak [&hellip;]\" \/>\n<meta property=\"og:url\" content=\"https:\/\/haberverkibris.com\/index.php\/2024\/05\/30\/nazim-beratli-yasamini-yitirdi\/\" \/>\n<meta property=\"og:site_name\" content=\"Haber Ver K\u0131br\u0131s\" \/>\n<meta property=\"article:publisher\" content=\"https:\/\/www.facebook.com\/kuzeyinsesii\" \/>\n<meta property=\"article:published_time\" content=\"2024-05-30T09:34:48+00:00\" \/>\n<meta property=\"og:image\" content=\"https:\/\/haberverkibris.com\/wp-content\/uploads\/2024\/05\/Screenshot_20240530_123443_Instagram.jpg\" \/>\n\t<meta property=\"og:image:width\" content=\"1076\" \/>\n\t<meta property=\"og:image:height\" content=\"644\" \/>\n\t<meta property=\"og:image:type\" content=\"image\/jpeg\" \/>\n<meta name=\"author\" content=\"Haberver K\u0131br\u0131s\" \/>\n<meta name=\"twitter:card\" content=\"summary_large_image\" \/>\n<meta name=\"twitter:creator\" content=\"@kuzeyinsesii\" \/>\n<meta name=\"twitter:site\" content=\"@kuzeyinsesii\" \/>\n<meta name=\"twitter:label1\" content=\"Yazan:\" \/>\n\t<meta name=\"twitter:data1\" content=\"Haberver K\u0131br\u0131s\" \/>\n\t<meta name=\"twitter:label2\" content=\"Tahmini okuma s\u00fcresi\" \/>\n\t<meta name=\"twitter:data2\" content=\"1 dakika\" \/>\n<script type=\"application\/ld+json\" class=\"yoast-schema-graph\">{\"@context\":\"https:\\\/\\\/schema.org\",\"@graph\":[{\"@type\":\"Article\",\"@id\":\"https:\\\/\\\/haberverkibris.com\\\/index.php\\\/2024\\\/05\\\/30\\\/nazim-beratli-yasamini-yitirdi\\\/#article\",\"isPartOf\":{\"@id\":\"https:\\\/\\\/haberverkibris.com\\\/index.php\\\/2024\\\/05\\\/30\\\/nazim-beratli-yasamini-yitirdi\\\/\"},\"author\":{\"name\":\"Haberver K\u0131br\u0131s\",\"@id\":\"https:\\\/\\\/haberverkibris.com\\\/#\\\/schema\\\/person\\\/29d65381ed43765483b5a185ded66a56\"},\"headline\":\"Naz\u0131m Beratl\u0131 ya\u015fam\u0131n\u0131 yitirdi\",\"datePublished\":\"2024-05-30T09:34:48+00:00\",\"mainEntityOfPage\":{\"@id\":\"https:\\\/\\\/haberverkibris.com\\\/index.php\\\/2024\\\/05\\\/30\\\/nazim-beratli-yasamini-yitirdi\\\/\"},\"wordCount\":173,\"commentCount\":0,\"image\":{\"@id\":\"https:\\\/\\\/haberverkibris.com\\\/index.php\\\/2024\\\/05\\\/30\\\/nazim-beratli-yasamini-yitirdi\\\/#primaryimage\"},\"thumbnailUrl\":\"https:\\\/\\\/haberverkibris.com\\\/wp-content\\\/uploads\\\/2024\\\/05\\\/Screenshot_20240530_123443_Instagram.jpg\",\"articleSection\":[\"K\u0131br\u0131s\"],\"inLanguage\":\"tr\",\"potentialAction\":[{\"@type\":\"CommentAction\",\"name\":\"Comment\",\"target\":[\"https:\\\/\\\/haberverkibris.com\\\/index.php\\\/2024\\\/05\\\/30\\\/nazim-beratli-yasamini-yitirdi\\\/#respond\"]}]},{\"@type\":\"WebPage\",\"@id\":\"https:\\\/\\\/haberverkibris.com\\\/index.php\\\/2024\\\/05\\\/30\\\/nazim-beratli-yasamini-yitirdi\\\/\",\"url\":\"https:\\\/\\\/haberverkibris.com\\\/index.php\\\/2024\\\/05\\\/30\\\/nazim-beratli-yasamini-yitirdi\\\/\",\"name\":\"Naz\u0131m Beratl\u0131 ya\u015fam\u0131n\u0131 yitirdi - Haber Ver K\u0131br\u0131s\",\"isPartOf\":{\"@id\":\"https:\\\/\\\/haberverkibris.com\\\/#website\"},\"primaryImageOfPage\":{\"@id\":\"https:\\\/\\\/haberverkibris.com\\\/index.php\\\/2024\\\/05\\\/30\\\/nazim-beratli-yasamini-yitirdi\\\/#primaryimage\"},\"image\":{\"@id\":\"https:\\\/\\\/haberverkibris.com\\\/index.php\\\/2024\\\/05\\\/30\\\/nazim-beratli-yasamini-yitirdi\\\/#primaryimage\"},\"thumbnailUrl\":\"https:\\\/\\\/haberverkibris.com\\\/wp-content\\\/uploads\\\/2024\\\/05\\\/Screenshot_20240530_123443_Instagram.jpg\",\"datePublished\":\"2024-05-30T09:34:48+00:00\",\"author\":{\"@id\":\"https:\\\/\\\/haberverkibris.com\\\/#\\\/schema\\\/person\\\/29d65381ed43765483b5a185ded66a56\"},\"breadcrumb\":{\"@id\":\"https:\\\/\\\/haberverkibris.com\\\/index.php\\\/2024\\\/05\\\/30\\\/nazim-beratli-yasamini-yitirdi\\\/#breadcrumb\"},\"inLanguage\":\"tr\",\"potentialAction\":[{\"@type\":\"ReadAction\",\"target\":[\"https:\\\/\\\/haberverkibris.com\\\/index.php\\\/2024\\\/05\\\/30\\\/nazim-beratli-yasamini-yitirdi\\\/\"]}]},{\"@type\":\"ImageObject\",\"inLanguage\":\"tr\",\"@id\":\"https:\\\/\\\/haberverkibris.com\\\/index.php\\\/2024\\\/05\\\/30\\\/nazim-beratli-yasamini-yitirdi\\\/#primaryimage\",\"url\":\"https:\\\/\\\/haberverkibris.com\\\/wp-content\\\/uploads\\\/2024\\\/05\\\/Screenshot_20240530_123443_Instagram.jpg\",\"contentUrl\":\"https:\\\/\\\/haberverkibris.com\\\/wp-content\\\/uploads\\\/2024\\\/05\\\/Screenshot_20240530_123443_Instagram.jpg\",\"width\":1076,\"height\":644},{\"@type\":\"BreadcrumbList\",\"@id\":\"https:\\\/\\\/haberverkibris.com\\\/index.php\\\/2024\\\/05\\\/30\\\/nazim-beratli-yasamini-yitirdi\\\/#breadcrumb\",\"itemListElement\":[{\"@type\":\"ListItem\",\"position\":1,\"name\":\"Anasayfa\",\"item\":\"https:\\\/\\\/haberverkibris.com\\\/\"},{\"@type\":\"ListItem\",\"position\":2,\"name\":\"Naz\u0131m Beratl\u0131 ya\u015fam\u0131n\u0131 yitirdi\"}]},{\"@type\":\"WebSite\",\"@id\":\"https:\\\/\\\/haberverkibris.com\\\/#website\",\"url\":\"https:\\\/\\\/haberverkibris.com\\\/\",\"name\":\"Kuzeyin Sesi\",\"description\":\"Do\u011fru Haberin Adresi\",\"potentialAction\":[{\"@type\":\"SearchAction\",\"target\":{\"@type\":\"EntryPoint\",\"urlTemplate\":\"https:\\\/\\\/haberverkibris.com\\\/?s={search_term_string}\"},\"query-input\":{\"@type\":\"PropertyValueSpecification\",\"valueRequired\":true,\"valueName\":\"search_term_string\"}}],\"inLanguage\":\"tr\"},{\"@type\":\"Person\",\"@id\":\"https:\\\/\\\/haberverkibris.com\\\/#\\\/schema\\\/person\\\/29d65381ed43765483b5a185ded66a56\",\"name\":\"Haberver K\u0131br\u0131s\",\"image\":{\"@type\":\"ImageObject\",\"inLanguage\":\"tr\",\"@id\":\"https:\\\/\\\/secure.gravatar.com\\\/avatar\\\/bab33852abfd8b282518d6ed81826833d77c3c882d9ab608add591ccace47a44?s=96&d=mm&r=g\",\"url\":\"https:\\\/\\\/secure.gravatar.com\\\/avatar\\\/bab33852abfd8b282518d6ed81826833d77c3c882d9ab608add591ccace47a44?s=96&d=mm&r=g\",\"contentUrl\":\"https:\\\/\\\/secure.gravatar.com\\\/avatar\\\/bab33852abfd8b282518d6ed81826833d77c3c882d9ab608add591ccace47a44?s=96&d=mm&r=g\",\"caption\":\"Haberver K\u0131br\u0131s\"},\"sameAs\":[\"https:\\\/\\\/haberverkibris.com\"],\"url\":\"https:\\\/\\\/haberverkibris.com\\\/index.php\\\/author\\\/guven\\\/\"}]}<\/script>\n<!-- \/ Yoast SEO plugin. -->","yoast_head_json":{"title":"Naz\u0131m Beratl\u0131 ya\u015fam\u0131n\u0131 yitirdi - Haber Ver K\u0131br\u0131s","robots":{"index":"index","follow":"follow","max-snippet":"max-snippet:-1","max-image-preview":"max-image-preview:large","max-video-preview":"max-video-preview:-1"},"canonical":"https:\/\/haberverkibris.com\/index.php\/2024\/05\/30\/nazim-beratli-yasamini-yitirdi\/","og_locale":"tr_TR","og_type":"article","og_title":"Naz\u0131m Beratl\u0131 ya\u015fam\u0131n\u0131 yitirdi - Haber Ver K\u0131br\u0131s","og_description":"\u00a0 Bayrak Radyo Televizyon Kurumu\u2019nda program yapm\u0131\u1e63, \u00f6\u011fretim \u00fcyesi, Naz\u0131m Beratl\u0131 72 ya\u015f\u0131nda hayat\u0131n\u0131 kaybetti. \u00a0 BRT ailesi olarak Beratl\u0131\u2019ya Allah\u2019tan rahmet, yasl\u0131 ailesine ve sevenlerine ba\u015fsa\u011fl\u0131\u011f\u0131 dileriz. NAZIM BERATLI K\u0130MD\u0130R? \u015eair, yazar, hekim\u2026 1952, Lefke \/ K\u0131br\u0131s do\u011fumlu. \u0130stanbul \u00dcniversitesi T\u0131p Fak\u00fcltesi\u2019nden 1979 y\u0131l\u0131nda mezun oldu. \u00dc\u00e7 y\u0131l s\u00fcre ile K\u0131br\u0131s\u2019ta Pratisyen hekim olarak [&hellip;]","og_url":"https:\/\/haberverkibris.com\/index.php\/2024\/05\/30\/nazim-beratli-yasamini-yitirdi\/","og_site_name":"Haber Ver K\u0131br\u0131s","article_publisher":"https:\/\/www.facebook.com\/kuzeyinsesii","article_published_time":"2024-05-30T09:34:48+00:00","og_image":[{"width":1076,"height":644,"url":"https:\/\/haberverkibris.com\/wp-content\/uploads\/2024\/05\/Screenshot_20240530_123443_Instagram.jpg","type":"image\/jpeg"}],"author":"Haberver K\u0131br\u0131s","twitter_card":"summary_large_image","twitter_creator":"@kuzeyinsesii","twitter_site":"@kuzeyinsesii","twitter_misc":{"Yazan:":"Haberver K\u0131br\u0131s","Tahmini okuma s\u00fcresi":"1 dakika"},"schema":{"@context":"https:\/\/schema.org","@graph":[{"@type":"Article","@id":"https:\/\/haberverkibris.com\/index.php\/2024\/05\/30\/nazim-beratli-yasamini-yitirdi\/#article","isPartOf":{"@id":"https:\/\/haberverkibris.com\/index.php\/2024\/05\/30\/nazim-beratli-yasamini-yitirdi\/"},"author":{"name":"Haberver K\u0131br\u0131s","@id":"https:\/\/haberverkibris.com\/#\/schema\/person\/29d65381ed43765483b5a185ded66a56"},"headline":"Naz\u0131m Beratl\u0131 ya\u015fam\u0131n\u0131 yitirdi","datePublished":"2024-05-30T09:34:48+00:00","mainEntityOfPage":{"@id":"https:\/\/haberverkibris.com\/index.php\/2024\/05\/30\/nazim-beratli-yasamini-yitirdi\/"},"wordCount":173,"commentCount":0,"image":{"@id":"https:\/\/haberverkibris.com\/index.php\/2024\/05\/30\/nazim-beratli-yasamini-yitirdi\/#primaryimage"},"thumbnailUrl":"https:\/\/haberverkibris.com\/wp-content\/uploads\/2024\/05\/Screenshot_20240530_123443_Instagram.jpg","articleSection":["K\u0131br\u0131s"],"inLanguage":"tr","potentialAction":[{"@type":"CommentAction","name":"Comment","target":["https:\/\/haberverkibris.com\/index.php\/2024\/05\/30\/nazim-beratli-yasamini-yitirdi\/#respond"]}]},{"@type":"WebPage","@id":"https:\/\/haberverkibris.com\/index.php\/2024\/05\/30\/nazim-beratli-yasamini-yitirdi\/","url":"https:\/\/haberverkibris.com\/index.php\/2024\/05\/30\/nazim-beratli-yasamini-yitirdi\/","name":"Naz\u0131m Beratl\u0131 ya\u015fam\u0131n\u0131 yitirdi - Haber Ver K\u0131br\u0131s","isPartOf":{"@id":"https:\/\/haberverkibris.com\/#website"},"primaryImageOfPage":{"@id":"https:\/\/haberverkibris.com\/index.php\/2024\/05\/30\/nazim-beratli-yasamini-yitirdi\/#primaryimage"},"image":{"@id":"https:\/\/haberverkibris.com\/index.php\/2024\/05\/30\/nazim-beratli-yasamini-yitirdi\/#primaryimage"},"thumbnailUrl":"https:\/\/haberverkibris.com\/wp-content\/uploads\/2024\/05\/Screenshot_20240530_123443_Instagram.jpg","datePublished":"2024-05-30T09:34:48+00:00","author":{"@id":"https:\/\/haberverkibris.com\/#\/schema\/person\/29d65381ed43765483b5a185ded66a56"},"breadcrumb":{"@id":"https:\/\/haberverkibris.com\/index.php\/2024\/05\/30\/nazim-beratli-yasamini-yitirdi\/#breadcrumb"},"inLanguage":"tr","potentialAction":[{"@type":"ReadAction","target":["https:\/\/haberverkibris.com\/index.php\/2024\/05\/30\/nazim-beratli-yasamini-yitirdi\/"]}]},{"@type":"ImageObject","inLanguage":"tr","@id":"https:\/\/haberverkibris.com\/index.php\/2024\/05\/30\/nazim-beratli-yasamini-yitirdi\/#primaryimage","url":"https:\/\/haberverkibris.com\/wp-content\/uploads\/2024\/05\/Screenshot_20240530_123443_Instagram.jpg","contentUrl":"https:\/\/haberverkibris.com\/wp-content\/uploads\/2024\/05\/Screenshot_20240530_123443_Instagram.jpg","width":1076,"height":644},{"@type":"BreadcrumbList","@id":"https:\/\/haberverkibris.com\/index.php\/2024\/05\/30\/nazim-beratli-yasamini-yitirdi\/#breadcrumb","itemListElement":[{"@type":"ListItem","position":1,"name":"Anasayfa","item":"https:\/\/haberverkibris.com\/"},{"@type":"ListItem","position":2,"name":"Naz\u0131m Beratl\u0131 ya\u015fam\u0131n\u0131 yitirdi"}]},{"@type":"WebSite","@id":"https:\/\/haberverkibris.com\/#website","url":"https:\/\/haberverkibris.com\/","name":"Kuzeyin Sesi","description":"Do\u011fru Haberin Adresi","potentialAction":[{"@type":"SearchAction","target":{"@type":"EntryPoint","urlTemplate":"https:\/\/haberverkibris.com\/?s={search_term_string}"},"query-input":{"@type":"PropertyValueSpecification","valueRequired":true,"valueName":"search_term_string"}}],"inLanguage":"tr"},{"@type":"Person","@id":"https:\/\/haberverkibris.com\/#\/schema\/person\/29d65381ed43765483b5a185ded66a56","name":"Haberver K\u0131br\u0131s","image":{"@type":"ImageObject","inLanguage":"tr","@id":"https:\/\/secure.gravatar.com\/avatar\/bab33852abfd8b282518d6ed81826833d77c3c882d9ab608add591ccace47a44?s=96&d=mm&r=g","url":"https:\/\/secure.gravatar.com\/avatar\/bab33852abfd8b282518d6ed81826833d77c3c882d9ab608add591ccace47a44?s=96&d=mm&r=g","contentUrl":"https:\/\/secure.gravatar.com\/avatar\/bab33852abfd8b282518d6ed81826833d77c3c882d9ab608add591ccace47a44?s=96&d=mm&r=g","caption":"Haberver K\u0131br\u0131s"},"sameAs":["https:\/\/haberverkibris.com"],"url":"https:\/\/haberverkibris.com\/index.php\/author\/guven\/"}]}},"_links":{"self":[{"href":"https:\/\/haberverkibris.com\/index.php\/wp-json\/wp\/v2\/posts\/3710","targetHints":{"allow":["GET"]}}],"collection":[{"href":"https:\/\/haberverkibris.com\/index.php\/wp-json\/wp\/v2\/posts"}],"about":[{"href":"https:\/\/haberverkibris.com\/index.php\/wp-json\/wp\/v2\/types\/post"}],"author":[{"embeddable":true,"href":"https:\/\/haberverkibris.com\/index.php\/wp-json\/wp\/v2\/users\/1"}],"replies":[{"embeddable":true,"href":"https:\/\/haberverkibris.com\/index.php\/wp-json\/wp\/v2\/comments?post=3710"}],"version-history":[{"count":0,"href":"https:\/\/haberverkibris.com\/index.php\/wp-json\/wp\/v2\/posts\/3710\/revisions"}],"wp:featuredmedia":[{"embeddable":true,"href":"https:\/\/haberverkibris.com\/index.php\/wp-json\/wp\/v2\/media\/3711"}],"wp:attachment":[{"href":"https:\/\/haberverkibris.com\/index.php\/wp-json\/wp\/v2\/media?parent=3710"}],"wp:term":[{"taxonomy":"category","embeddable":true,"href":"https:\/\/haberverkibris.com\/index.php\/wp-json\/wp\/v2\/categories?post=3710"},{"taxonomy":"post_tag","embeddable":true,"href":"https:\/\/haberverkibris.com\/index.php\/wp-json\/wp\/v2\/tags?post=3710"}],"curies":[{"name":"wp","href":"https:\/\/api.w.org\/{rel}","templated":true}]}}