{"id":3679,"date":"2024-05-29T19:24:11","date_gmt":"2024-05-29T16:24:11","guid":{"rendered":"https:\/\/kuzeyinsesi.com\/index.php\/2024\/05\/29\/tuncun-vefatinin-17nci-yilinda-kabri-basinda-toren-duzenlendi\/"},"modified":"2024-05-29T19:24:11","modified_gmt":"2024-05-29T16:24:11","slug":"tuncun-vefatinin-17nci-yilinda-kabri-basinda-toren-duzenlendi","status":"publish","type":"post","link":"https:\/\/haberverkibris.com\/index.php\/2024\/05\/29\/tuncun-vefatinin-17nci-yilinda-kabri-basinda-toren-duzenlendi\/","title":{"rendered":"Tun\u00e7\u2019un vefat\u0131n\u0131n 17\u2019nci y\u0131l\u0131nda kabri ba\u015f\u0131nda t\u00f6ren d\u00fczenlendi"},"content":{"rendered":"<div>\n<div class=\"mariselle-image-container center\">\n                                            <\/div>\n<p>K\u0131br\u0131s T\u00fcrk Tiyatrosu\u2019nun \u00f6nemli ustalar\u0131ndan do\u011fa\u00e7lama performanslar\u0131 ve imza sesiyle hat\u0131rlanan Kemal Tun\u00e7 \u00f6l\u00fcm y\u0131ld\u00f6n\u00fcm\u00fcnde an\u0131ld\u0131.<\/p>\n<p>K\u0131br\u0131s T\u00fcrk Devlet Tiyatrosu kurucular\u0131ndan tiyatronun \u00f6nemli ustalar\u0131ndan Kemal Tun\u00e7\u2019un vefat\u0131n\u0131n 17\u2019nci y\u0131l\u0131nda t\u00f6ren d\u00fczenlendi.<\/p>\n<p>K\u0131br\u0131s T\u00fcrk Devlet Tiyatrolar\u0131 ekibi ve Kemal Tun\u00e7\u2019un ailesi ve sevenleri Tun\u00e7\u2019u kabri ba\u015f\u0131nda and\u0131. <\/p>\n<p>Tun\u00e7\u2019un anma t\u00f6reninde konu\u015fma yapan k\u0131z\u0131 T\u00fcreg\u00fcn Tun\u00e7, babas\u0131n\u0131n K\u0131br\u0131s\u2019ta sanat alan\u0131nda ilklere imza atan ki\u015fi oldu\u011funu ifade etti.<\/p>\n<p>K\u0131br\u0131s T\u00fcrk Devlet Tiyatrolar\u0131 M\u00fcd\u00fcr\u00fc Naz\u0131m Ced de, Kemal Tun\u00e7\u2019un yerinin asla dolmayaca\u011f\u0131n\u0131 vurgulad\u0131<\/p>\n<\/p><\/div>\n<p><script async\n                    defer\n                    crossorigin=\"anonymous\"\n                    src=\"https:\/\/connect.facebook.net\/tr_TR\/sdk.js#xfbml=1&#038;version=v3.3\"\n            ><\/script><\/p>\n","protected":false},"excerpt":{"rendered":"<p>K\u0131br\u0131s T\u00fcrk Tiyatrosu\u2019nun \u00f6nemli ustalar\u0131ndan do\u011fa\u00e7lama performanslar\u0131 ve imza sesiyle hat\u0131rlanan Kemal Tun\u00e7 \u00f6l\u00fcm y\u0131ld\u00f6n\u00fcm\u00fcnde an\u0131ld\u0131. K\u0131br\u0131s T\u00fcrk Devlet Tiyatrosu kurucular\u0131ndan tiyatronun \u00f6nemli ustalar\u0131ndan Kemal Tun\u00e7\u2019un vefat\u0131n\u0131n 17\u2019nci y\u0131l\u0131nda t\u00f6ren d\u00fczenlendi. K\u0131br\u0131s T\u00fcrk Devlet Tiyatrolar\u0131 ekibi ve Kemal Tun\u00e7\u2019un ailesi ve sevenleri Tun\u00e7\u2019u kabri ba\u015f\u0131nda and\u0131. Tun\u00e7\u2019un anma t\u00f6reninde konu\u015fma yapan k\u0131z\u0131 T\u00fcreg\u00fcn Tun\u00e7, babas\u0131n\u0131n [&hellip;]<\/p>\n","protected":false},"author":1,"featured_media":3676,"comment_status":"open","ping_status":"open","sticky":false,"template":"","format":"standard","meta":{"jnews-multi-image_gallery":[],"jnews_single_post":[],"jnews_primary_category":[],"jnews_social_meta":[],"jnews_override_counter":[],"footnotes":""},"categories":[1],"tags":[],"class_list":["post-3679","post","type-post","status-publish","format-standard","has-post-thumbnail","hentry","category-kibris"],"yoast_head":"<!-- This site is optimized with the Yoast SEO plugin v27.4 - https:\/\/yoast.com\/product\/yoast-seo-wordpress\/ -->\n<title>Tun\u00e7\u2019un vefat\u0131n\u0131n 17\u2019nci y\u0131l\u0131nda kabri ba\u015f\u0131nda t\u00f6ren d\u00fczenlendi - Haber Ver K\u0131br\u0131s<\/title>\n<meta name=\"robots\" content=\"index, follow, max-snippet:-1, max-image-preview:large, max-video-preview:-1\" \/>\n<link rel=\"canonical\" href=\"https:\/\/haberverkibris.com\/index.php\/2024\/05\/29\/tuncun-vefatinin-17nci-yilinda-kabri-basinda-toren-duzenlendi\/\" \/>\n<meta property=\"og:locale\" content=\"tr_TR\" \/>\n<meta property=\"og:type\" content=\"article\" \/>\n<meta property=\"og:title\" content=\"Tun\u00e7\u2019un vefat\u0131n\u0131n 17\u2019nci y\u0131l\u0131nda kabri ba\u015f\u0131nda t\u00f6ren d\u00fczenlendi - Haber Ver K\u0131br\u0131s\" \/>\n<meta property=\"og:description\" content=\"K\u0131br\u0131s T\u00fcrk Tiyatrosu\u2019nun \u00f6nemli ustalar\u0131ndan do\u011fa\u00e7lama performanslar\u0131 ve imza sesiyle hat\u0131rlanan Kemal Tun\u00e7 \u00f6l\u00fcm y\u0131ld\u00f6n\u00fcm\u00fcnde an\u0131ld\u0131. K\u0131br\u0131s T\u00fcrk Devlet Tiyatrosu kurucular\u0131ndan tiyatronun \u00f6nemli ustalar\u0131ndan Kemal Tun\u00e7\u2019un vefat\u0131n\u0131n 17\u2019nci y\u0131l\u0131nda t\u00f6ren d\u00fczenlendi. K\u0131br\u0131s T\u00fcrk Devlet Tiyatrolar\u0131 ekibi ve Kemal Tun\u00e7\u2019un ailesi ve sevenleri Tun\u00e7\u2019u kabri ba\u015f\u0131nda and\u0131. Tun\u00e7\u2019un anma t\u00f6reninde konu\u015fma yapan k\u0131z\u0131 T\u00fcreg\u00fcn Tun\u00e7, babas\u0131n\u0131n [&hellip;]\" \/>\n<meta property=\"og:url\" content=\"https:\/\/haberverkibris.com\/index.php\/2024\/05\/29\/tuncun-vefatinin-17nci-yilinda-kabri-basinda-toren-duzenlendi\/\" \/>\n<meta property=\"og:site_name\" content=\"Haber Ver K\u0131br\u0131s\" \/>\n<meta property=\"article:publisher\" content=\"https:\/\/www.facebook.com\/kuzeyinsesii\" \/>\n<meta property=\"article:published_time\" content=\"2024-05-29T16:24:11+00:00\" \/>\n<meta property=\"og:image\" content=\"https:\/\/haberverkibris.com\/wp-content\/uploads\/2024\/05\/kemal-tunc.webp.webp\" \/>\n\t<meta property=\"og:image:width\" content=\"971\" \/>\n\t<meta property=\"og:image:height\" content=\"551\" \/>\n\t<meta property=\"og:image:type\" content=\"image\/webp\" \/>\n<meta name=\"author\" content=\"Haberver K\u0131br\u0131s\" \/>\n<meta name=\"twitter:card\" content=\"summary_large_image\" \/>\n<meta name=\"twitter:creator\" content=\"@kuzeyinsesii\" \/>\n<meta name=\"twitter:site\" content=\"@kuzeyinsesii\" \/>\n<meta name=\"twitter:label1\" content=\"Yazan:\" \/>\n\t<meta name=\"twitter:data1\" content=\"Haberver K\u0131br\u0131s\" \/>\n\t<meta name=\"twitter:label2\" content=\"Tahmini okuma s\u00fcresi\" \/>\n\t<meta name=\"twitter:data2\" content=\"1 dakika\" \/>\n<script type=\"application\/ld+json\" class=\"yoast-schema-graph\">{\"@context\":\"https:\\\/\\\/schema.org\",\"@graph\":[{\"@type\":\"Article\",\"@id\":\"https:\\\/\\\/haberverkibris.com\\\/index.php\\\/2024\\\/05\\\/29\\\/tuncun-vefatinin-17nci-yilinda-kabri-basinda-toren-duzenlendi\\\/#article\",\"isPartOf\":{\"@id\":\"https:\\\/\\\/haberverkibris.com\\\/index.php\\\/2024\\\/05\\\/29\\\/tuncun-vefatinin-17nci-yilinda-kabri-basinda-toren-duzenlendi\\\/\"},\"author\":{\"name\":\"Haberver K\u0131br\u0131s\",\"@id\":\"https:\\\/\\\/haberverkibris.com\\\/#\\\/schema\\\/person\\\/29d65381ed43765483b5a185ded66a56\"},\"headline\":\"Tun\u00e7\u2019un vefat\u0131n\u0131n 17\u2019nci y\u0131l\u0131nda kabri ba\u015f\u0131nda t\u00f6ren d\u00fczenlendi\",\"datePublished\":\"2024-05-29T16:24:11+00:00\",\"mainEntityOfPage\":{\"@id\":\"https:\\\/\\\/haberverkibris.com\\\/index.php\\\/2024\\\/05\\\/29\\\/tuncun-vefatinin-17nci-yilinda-kabri-basinda-toren-duzenlendi\\\/\"},\"wordCount\":149,\"commentCount\":0,\"image\":{\"@id\":\"https:\\\/\\\/haberverkibris.com\\\/index.php\\\/2024\\\/05\\\/29\\\/tuncun-vefatinin-17nci-yilinda-kabri-basinda-toren-duzenlendi\\\/#primaryimage\"},\"thumbnailUrl\":\"https:\\\/\\\/haberverkibris.com\\\/wp-content\\\/uploads\\\/2024\\\/05\\\/kemal-tunc.webp.webp\",\"articleSection\":[\"K\u0131br\u0131s\"],\"inLanguage\":\"tr\",\"potentialAction\":[{\"@type\":\"CommentAction\",\"name\":\"Comment\",\"target\":[\"https:\\\/\\\/haberverkibris.com\\\/index.php\\\/2024\\\/05\\\/29\\\/tuncun-vefatinin-17nci-yilinda-kabri-basinda-toren-duzenlendi\\\/#respond\"]}]},{\"@type\":\"WebPage\",\"@id\":\"https:\\\/\\\/haberverkibris.com\\\/index.php\\\/2024\\\/05\\\/29\\\/tuncun-vefatinin-17nci-yilinda-kabri-basinda-toren-duzenlendi\\\/\",\"url\":\"https:\\\/\\\/haberverkibris.com\\\/index.php\\\/2024\\\/05\\\/29\\\/tuncun-vefatinin-17nci-yilinda-kabri-basinda-toren-duzenlendi\\\/\",\"name\":\"Tun\u00e7\u2019un vefat\u0131n\u0131n 17\u2019nci y\u0131l\u0131nda kabri ba\u015f\u0131nda t\u00f6ren d\u00fczenlendi - Haber Ver K\u0131br\u0131s\",\"isPartOf\":{\"@id\":\"https:\\\/\\\/haberverkibris.com\\\/#website\"},\"primaryImageOfPage\":{\"@id\":\"https:\\\/\\\/haberverkibris.com\\\/index.php\\\/2024\\\/05\\\/29\\\/tuncun-vefatinin-17nci-yilinda-kabri-basinda-toren-duzenlendi\\\/#primaryimage\"},\"image\":{\"@id\":\"https:\\\/\\\/haberverkibris.com\\\/index.php\\\/2024\\\/05\\\/29\\\/tuncun-vefatinin-17nci-yilinda-kabri-basinda-toren-duzenlendi\\\/#primaryimage\"},\"thumbnailUrl\":\"https:\\\/\\\/haberverkibris.com\\\/wp-content\\\/uploads\\\/2024\\\/05\\\/kemal-tunc.webp.webp\",\"datePublished\":\"2024-05-29T16:24:11+00:00\",\"author\":{\"@id\":\"https:\\\/\\\/haberverkibris.com\\\/#\\\/schema\\\/person\\\/29d65381ed43765483b5a185ded66a56\"},\"breadcrumb\":{\"@id\":\"https:\\\/\\\/haberverkibris.com\\\/index.php\\\/2024\\\/05\\\/29\\\/tuncun-vefatinin-17nci-yilinda-kabri-basinda-toren-duzenlendi\\\/#breadcrumb\"},\"inLanguage\":\"tr\",\"potentialAction\":[{\"@type\":\"ReadAction\",\"target\":[\"https:\\\/\\\/haberverkibris.com\\\/index.php\\\/2024\\\/05\\\/29\\\/tuncun-vefatinin-17nci-yilinda-kabri-basinda-toren-duzenlendi\\\/\"]}]},{\"@type\":\"ImageObject\",\"inLanguage\":\"tr\",\"@id\":\"https:\\\/\\\/haberverkibris.com\\\/index.php\\\/2024\\\/05\\\/29\\\/tuncun-vefatinin-17nci-yilinda-kabri-basinda-toren-duzenlendi\\\/#primaryimage\",\"url\":\"https:\\\/\\\/haberverkibris.com\\\/wp-content\\\/uploads\\\/2024\\\/05\\\/kemal-tunc.webp.webp\",\"contentUrl\":\"https:\\\/\\\/haberverkibris.com\\\/wp-content\\\/uploads\\\/2024\\\/05\\\/kemal-tunc.webp.webp\",\"width\":971,\"height\":551},{\"@type\":\"BreadcrumbList\",\"@id\":\"https:\\\/\\\/haberverkibris.com\\\/index.php\\\/2024\\\/05\\\/29\\\/tuncun-vefatinin-17nci-yilinda-kabri-basinda-toren-duzenlendi\\\/#breadcrumb\",\"itemListElement\":[{\"@type\":\"ListItem\",\"position\":1,\"name\":\"Anasayfa\",\"item\":\"https:\\\/\\\/haberverkibris.com\\\/\"},{\"@type\":\"ListItem\",\"position\":2,\"name\":\"Tun\u00e7\u2019un vefat\u0131n\u0131n 17\u2019nci y\u0131l\u0131nda kabri ba\u015f\u0131nda t\u00f6ren d\u00fczenlendi\"}]},{\"@type\":\"WebSite\",\"@id\":\"https:\\\/\\\/haberverkibris.com\\\/#website\",\"url\":\"https:\\\/\\\/haberverkibris.com\\\/\",\"name\":\"Kuzeyin Sesi\",\"description\":\"Do\u011fru Haberin Adresi\",\"potentialAction\":[{\"@type\":\"SearchAction\",\"target\":{\"@type\":\"EntryPoint\",\"urlTemplate\":\"https:\\\/\\\/haberverkibris.com\\\/?s={search_term_string}\"},\"query-input\":{\"@type\":\"PropertyValueSpecification\",\"valueRequired\":true,\"valueName\":\"search_term_string\"}}],\"inLanguage\":\"tr\"},{\"@type\":\"Person\",\"@id\":\"https:\\\/\\\/haberverkibris.com\\\/#\\\/schema\\\/person\\\/29d65381ed43765483b5a185ded66a56\",\"name\":\"Haberver K\u0131br\u0131s\",\"image\":{\"@type\":\"ImageObject\",\"inLanguage\":\"tr\",\"@id\":\"https:\\\/\\\/secure.gravatar.com\\\/avatar\\\/bab33852abfd8b282518d6ed81826833d77c3c882d9ab608add591ccace47a44?s=96&d=mm&r=g\",\"url\":\"https:\\\/\\\/secure.gravatar.com\\\/avatar\\\/bab33852abfd8b282518d6ed81826833d77c3c882d9ab608add591ccace47a44?s=96&d=mm&r=g\",\"contentUrl\":\"https:\\\/\\\/secure.gravatar.com\\\/avatar\\\/bab33852abfd8b282518d6ed81826833d77c3c882d9ab608add591ccace47a44?s=96&d=mm&r=g\",\"caption\":\"Haberver K\u0131br\u0131s\"},\"sameAs\":[\"https:\\\/\\\/haberverkibris.com\"],\"url\":\"https:\\\/\\\/haberverkibris.com\\\/index.php\\\/author\\\/guven\\\/\"}]}<\/script>\n<!-- \/ Yoast SEO plugin. -->","yoast_head_json":{"title":"Tun\u00e7\u2019un vefat\u0131n\u0131n 17\u2019nci y\u0131l\u0131nda kabri ba\u015f\u0131nda t\u00f6ren d\u00fczenlendi - Haber Ver K\u0131br\u0131s","robots":{"index":"index","follow":"follow","max-snippet":"max-snippet:-1","max-image-preview":"max-image-preview:large","max-video-preview":"max-video-preview:-1"},"canonical":"https:\/\/haberverkibris.com\/index.php\/2024\/05\/29\/tuncun-vefatinin-17nci-yilinda-kabri-basinda-toren-duzenlendi\/","og_locale":"tr_TR","og_type":"article","og_title":"Tun\u00e7\u2019un vefat\u0131n\u0131n 17\u2019nci y\u0131l\u0131nda kabri ba\u015f\u0131nda t\u00f6ren d\u00fczenlendi - Haber Ver K\u0131br\u0131s","og_description":"K\u0131br\u0131s T\u00fcrk Tiyatrosu\u2019nun \u00f6nemli ustalar\u0131ndan do\u011fa\u00e7lama performanslar\u0131 ve imza sesiyle hat\u0131rlanan Kemal Tun\u00e7 \u00f6l\u00fcm y\u0131ld\u00f6n\u00fcm\u00fcnde an\u0131ld\u0131. K\u0131br\u0131s T\u00fcrk Devlet Tiyatrosu kurucular\u0131ndan tiyatronun \u00f6nemli ustalar\u0131ndan Kemal Tun\u00e7\u2019un vefat\u0131n\u0131n 17\u2019nci y\u0131l\u0131nda t\u00f6ren d\u00fczenlendi. K\u0131br\u0131s T\u00fcrk Devlet Tiyatrolar\u0131 ekibi ve Kemal Tun\u00e7\u2019un ailesi ve sevenleri Tun\u00e7\u2019u kabri ba\u015f\u0131nda and\u0131. Tun\u00e7\u2019un anma t\u00f6reninde konu\u015fma yapan k\u0131z\u0131 T\u00fcreg\u00fcn Tun\u00e7, babas\u0131n\u0131n [&hellip;]","og_url":"https:\/\/haberverkibris.com\/index.php\/2024\/05\/29\/tuncun-vefatinin-17nci-yilinda-kabri-basinda-toren-duzenlendi\/","og_site_name":"Haber Ver K\u0131br\u0131s","article_publisher":"https:\/\/www.facebook.com\/kuzeyinsesii","article_published_time":"2024-05-29T16:24:11+00:00","og_image":[{"width":971,"height":551,"url":"https:\/\/haberverkibris.com\/wp-content\/uploads\/2024\/05\/kemal-tunc.webp.webp","type":"image\/webp"}],"author":"Haberver K\u0131br\u0131s","twitter_card":"summary_large_image","twitter_creator":"@kuzeyinsesii","twitter_site":"@kuzeyinsesii","twitter_misc":{"Yazan:":"Haberver K\u0131br\u0131s","Tahmini okuma s\u00fcresi":"1 dakika"},"schema":{"@context":"https:\/\/schema.org","@graph":[{"@type":"Article","@id":"https:\/\/haberverkibris.com\/index.php\/2024\/05\/29\/tuncun-vefatinin-17nci-yilinda-kabri-basinda-toren-duzenlendi\/#article","isPartOf":{"@id":"https:\/\/haberverkibris.com\/index.php\/2024\/05\/29\/tuncun-vefatinin-17nci-yilinda-kabri-basinda-toren-duzenlendi\/"},"author":{"name":"Haberver K\u0131br\u0131s","@id":"https:\/\/haberverkibris.com\/#\/schema\/person\/29d65381ed43765483b5a185ded66a56"},"headline":"Tun\u00e7\u2019un vefat\u0131n\u0131n 17\u2019nci y\u0131l\u0131nda kabri ba\u015f\u0131nda t\u00f6ren d\u00fczenlendi","datePublished":"2024-05-29T16:24:11+00:00","mainEntityOfPage":{"@id":"https:\/\/haberverkibris.com\/index.php\/2024\/05\/29\/tuncun-vefatinin-17nci-yilinda-kabri-basinda-toren-duzenlendi\/"},"wordCount":149,"commentCount":0,"image":{"@id":"https:\/\/haberverkibris.com\/index.php\/2024\/05\/29\/tuncun-vefatinin-17nci-yilinda-kabri-basinda-toren-duzenlendi\/#primaryimage"},"thumbnailUrl":"https:\/\/haberverkibris.com\/wp-content\/uploads\/2024\/05\/kemal-tunc.webp.webp","articleSection":["K\u0131br\u0131s"],"inLanguage":"tr","potentialAction":[{"@type":"CommentAction","name":"Comment","target":["https:\/\/haberverkibris.com\/index.php\/2024\/05\/29\/tuncun-vefatinin-17nci-yilinda-kabri-basinda-toren-duzenlendi\/#respond"]}]},{"@type":"WebPage","@id":"https:\/\/haberverkibris.com\/index.php\/2024\/05\/29\/tuncun-vefatinin-17nci-yilinda-kabri-basinda-toren-duzenlendi\/","url":"https:\/\/haberverkibris.com\/index.php\/2024\/05\/29\/tuncun-vefatinin-17nci-yilinda-kabri-basinda-toren-duzenlendi\/","name":"Tun\u00e7\u2019un vefat\u0131n\u0131n 17\u2019nci y\u0131l\u0131nda kabri ba\u015f\u0131nda t\u00f6ren d\u00fczenlendi - Haber Ver K\u0131br\u0131s","isPartOf":{"@id":"https:\/\/haberverkibris.com\/#website"},"primaryImageOfPage":{"@id":"https:\/\/haberverkibris.com\/index.php\/2024\/05\/29\/tuncun-vefatinin-17nci-yilinda-kabri-basinda-toren-duzenlendi\/#primaryimage"},"image":{"@id":"https:\/\/haberverkibris.com\/index.php\/2024\/05\/29\/tuncun-vefatinin-17nci-yilinda-kabri-basinda-toren-duzenlendi\/#primaryimage"},"thumbnailUrl":"https:\/\/haberverkibris.com\/wp-content\/uploads\/2024\/05\/kemal-tunc.webp.webp","datePublished":"2024-05-29T16:24:11+00:00","author":{"@id":"https:\/\/haberverkibris.com\/#\/schema\/person\/29d65381ed43765483b5a185ded66a56"},"breadcrumb":{"@id":"https:\/\/haberverkibris.com\/index.php\/2024\/05\/29\/tuncun-vefatinin-17nci-yilinda-kabri-basinda-toren-duzenlendi\/#breadcrumb"},"inLanguage":"tr","potentialAction":[{"@type":"ReadAction","target":["https:\/\/haberverkibris.com\/index.php\/2024\/05\/29\/tuncun-vefatinin-17nci-yilinda-kabri-basinda-toren-duzenlendi\/"]}]},{"@type":"ImageObject","inLanguage":"tr","@id":"https:\/\/haberverkibris.com\/index.php\/2024\/05\/29\/tuncun-vefatinin-17nci-yilinda-kabri-basinda-toren-duzenlendi\/#primaryimage","url":"https:\/\/haberverkibris.com\/wp-content\/uploads\/2024\/05\/kemal-tunc.webp.webp","contentUrl":"https:\/\/haberverkibris.com\/wp-content\/uploads\/2024\/05\/kemal-tunc.webp.webp","width":971,"height":551},{"@type":"BreadcrumbList","@id":"https:\/\/haberverkibris.com\/index.php\/2024\/05\/29\/tuncun-vefatinin-17nci-yilinda-kabri-basinda-toren-duzenlendi\/#breadcrumb","itemListElement":[{"@type":"ListItem","position":1,"name":"Anasayfa","item":"https:\/\/haberverkibris.com\/"},{"@type":"ListItem","position":2,"name":"Tun\u00e7\u2019un vefat\u0131n\u0131n 17\u2019nci y\u0131l\u0131nda kabri ba\u015f\u0131nda t\u00f6ren d\u00fczenlendi"}]},{"@type":"WebSite","@id":"https:\/\/haberverkibris.com\/#website","url":"https:\/\/haberverkibris.com\/","name":"Kuzeyin Sesi","description":"Do\u011fru Haberin Adresi","potentialAction":[{"@type":"SearchAction","target":{"@type":"EntryPoint","urlTemplate":"https:\/\/haberverkibris.com\/?s={search_term_string}"},"query-input":{"@type":"PropertyValueSpecification","valueRequired":true,"valueName":"search_term_string"}}],"inLanguage":"tr"},{"@type":"Person","@id":"https:\/\/haberverkibris.com\/#\/schema\/person\/29d65381ed43765483b5a185ded66a56","name":"Haberver K\u0131br\u0131s","image":{"@type":"ImageObject","inLanguage":"tr","@id":"https:\/\/secure.gravatar.com\/avatar\/bab33852abfd8b282518d6ed81826833d77c3c882d9ab608add591ccace47a44?s=96&d=mm&r=g","url":"https:\/\/secure.gravatar.com\/avatar\/bab33852abfd8b282518d6ed81826833d77c3c882d9ab608add591ccace47a44?s=96&d=mm&r=g","contentUrl":"https:\/\/secure.gravatar.com\/avatar\/bab33852abfd8b282518d6ed81826833d77c3c882d9ab608add591ccace47a44?s=96&d=mm&r=g","caption":"Haberver K\u0131br\u0131s"},"sameAs":["https:\/\/haberverkibris.com"],"url":"https:\/\/haberverkibris.com\/index.php\/author\/guven\/"}]}},"_links":{"self":[{"href":"https:\/\/haberverkibris.com\/index.php\/wp-json\/wp\/v2\/posts\/3679","targetHints":{"allow":["GET"]}}],"collection":[{"href":"https:\/\/haberverkibris.com\/index.php\/wp-json\/wp\/v2\/posts"}],"about":[{"href":"https:\/\/haberverkibris.com\/index.php\/wp-json\/wp\/v2\/types\/post"}],"author":[{"embeddable":true,"href":"https:\/\/haberverkibris.com\/index.php\/wp-json\/wp\/v2\/users\/1"}],"replies":[{"embeddable":true,"href":"https:\/\/haberverkibris.com\/index.php\/wp-json\/wp\/v2\/comments?post=3679"}],"version-history":[{"count":0,"href":"https:\/\/haberverkibris.com\/index.php\/wp-json\/wp\/v2\/posts\/3679\/revisions"}],"wp:featuredmedia":[{"embeddable":true,"href":"https:\/\/haberverkibris.com\/index.php\/wp-json\/wp\/v2\/media\/3676"}],"wp:attachment":[{"href":"https:\/\/haberverkibris.com\/index.php\/wp-json\/wp\/v2\/media?parent=3679"}],"wp:term":[{"taxonomy":"category","embeddable":true,"href":"https:\/\/haberverkibris.com\/index.php\/wp-json\/wp\/v2\/categories?post=3679"},{"taxonomy":"post_tag","embeddable":true,"href":"https:\/\/haberverkibris.com\/index.php\/wp-json\/wp\/v2\/tags?post=3679"}],"curies":[{"name":"wp","href":"https:\/\/api.w.org\/{rel}","templated":true}]}}