{"id":34793,"date":"2026-05-03T11:48:39","date_gmt":"2026-05-03T08:48:39","guid":{"rendered":"https:\/\/haberverkibris.com\/index.php\/2026\/05\/03\/meclis-genel-kurulu-yarin-toplanacak-gundemde-5-yasa-tasarisi-var\/"},"modified":"2026-05-03T11:48:52","modified_gmt":"2026-05-03T08:48:52","slug":"meclis-genel-kurulu-yarin-toplanacak-gundemde-5-yasa-tasarisi-var","status":"publish","type":"post","link":"https:\/\/haberverkibris.com\/index.php\/2026\/05\/03\/meclis-genel-kurulu-yarin-toplanacak-gundemde-5-yasa-tasarisi-var\/","title":{"rendered":"Meclis Genel Kurulu yar\u0131n toplanacak\u2026 G\u00fcndemde 5 yasa tasar\u0131s\u0131 var"},"content":{"rendered":"<p>Cumhuriyet Meclisi Genel Kurulu yar\u0131n yasama g\u00fcndemiyle toplanacak.<\/p>\n<p>Genel Kurul&#8217;un saat 10.00\u2019da ba\u015flamas\u0131 beklenen yar\u0131nki toplant\u0131s\u0131n\u0131n g\u00fcndeminde 5 yasa tasar\u0131s\u0131 bulunuyor.<\/p>\n<p>\u00d6zel g\u00fcndemde, Deprem ve Di\u011fer Do\u011fal Afetlere Y\u00f6nelik Mali Yard\u0131m Kapsam\u0131nda Kamu Okul ve Hastanelerinin G\u00fc\u00e7lendirilmesi veya Yeniden Yap\u0131lmas\u0131nda Uygulanacak Y\u00f6ntemler (Ge\u00e7ici Kurallar) Yasa Tasar\u0131s\u0131 var.<\/p>\n<p>Genel Kurul\u2019da g\u00f6r\u00fc\u015f\u00fclecek di\u011fer yasa tasar\u0131lar\u0131 ise \u015f\u00f6yle:<\/p>\n<p>\u201cMahkemeler (De\u011fi\u015fiklik No:2) Yasa Tasar\u0131s\u0131, Ceza (De\u011fi\u015fiklik) Yasa Tasar\u0131s\u0131, Birle\u015ftirilmi\u015f Ceza Muhakemeleri Usul\u00fc (De\u011fi\u015fiklik) Yasa Tasar\u0131s\u0131, G\u00fcvenlik Kuvvetleri Mahkemesi ile G\u00fcvenlik Kuvvetleri Yarg\u0131tay\u0131n\u0131n Kurulu\u015fu ve Yarg\u0131lama Usul\u00fc (De\u011fi\u015fiklik) Yasa Tasar\u0131s\u0131\u201d<\/p>\n<p>Genel Kurul\u2019da ayr\u0131ca, Dijital D\u00fcnyada \u00c7ocuk Haklar\u0131na \u0130li\u015fkin Ge\u00e7ici ve \u00d6zel Komite raporu da ele al\u0131nacak.<\/p>\n","protected":false},"excerpt":{"rendered":"<p>Cumhuriyet Meclisi Genel Kurulu yar\u0131n yasama g\u00fcndemiyle toplanacak. Genel Kurul&#8217;un saat 10.00\u2019da ba\u015flamas\u0131 beklenen yar\u0131nki toplant\u0131s\u0131n\u0131n g\u00fcndeminde 5 yasa tasar\u0131s\u0131 bulunuyor. \u00d6zel g\u00fcndemde, Deprem ve Di\u011fer Do\u011fal Afetlere Y\u00f6nelik Mali Yard\u0131m Kapsam\u0131nda Kamu Okul ve Hastanelerinin G\u00fc\u00e7lendirilmesi veya Yeniden Yap\u0131lmas\u0131nda Uygulanacak Y\u00f6ntemler (Ge\u00e7ici Kurallar) Yasa Tasar\u0131s\u0131 var. Genel Kurul\u2019da g\u00f6r\u00fc\u015f\u00fclecek di\u011fer yasa tasar\u0131lar\u0131 ise \u015f\u00f6yle: [&hellip;]<\/p>\n","protected":false},"author":1,"featured_media":34794,"comment_status":"open","ping_status":"open","sticky":false,"template":"","format":"standard","meta":{"jnews-multi-image_gallery":[],"jnews_single_post":[],"jnews_primary_category":[],"jnews_social_meta":[],"jnews_override_counter":[],"footnotes":""},"categories":[1],"tags":[],"class_list":["post-34793","post","type-post","status-publish","format-standard","has-post-thumbnail","hentry","category-kibris"],"yoast_head":"<!-- This site is optimized with the Yoast SEO plugin v27.5 - https:\/\/yoast.com\/product\/yoast-seo-wordpress\/ -->\n<title>Meclis Genel Kurulu yar\u0131n toplanacak\u2026 G\u00fcndemde 5 yasa tasar\u0131s\u0131 var - Haber Ver K\u0131br\u0131s<\/title>\n<meta name=\"robots\" content=\"index, follow, max-snippet:-1, max-image-preview:large, max-video-preview:-1\" \/>\n<link rel=\"canonical\" href=\"https:\/\/haberverkibris.com\/index.php\/2026\/05\/03\/meclis-genel-kurulu-yarin-toplanacak-gundemde-5-yasa-tasarisi-var\/\" \/>\n<meta property=\"og:locale\" content=\"tr_TR\" \/>\n<meta property=\"og:type\" content=\"article\" \/>\n<meta property=\"og:title\" content=\"Meclis Genel Kurulu yar\u0131n toplanacak\u2026 G\u00fcndemde 5 yasa tasar\u0131s\u0131 var - Haber Ver K\u0131br\u0131s\" \/>\n<meta property=\"og:description\" content=\"Cumhuriyet Meclisi Genel Kurulu yar\u0131n yasama g\u00fcndemiyle toplanacak. Genel Kurul&#8217;un saat 10.00\u2019da ba\u015flamas\u0131 beklenen yar\u0131nki toplant\u0131s\u0131n\u0131n g\u00fcndeminde 5 yasa tasar\u0131s\u0131 bulunuyor. \u00d6zel g\u00fcndemde, Deprem ve Di\u011fer Do\u011fal Afetlere Y\u00f6nelik Mali Yard\u0131m Kapsam\u0131nda Kamu Okul ve Hastanelerinin G\u00fc\u00e7lendirilmesi veya Yeniden Yap\u0131lmas\u0131nda Uygulanacak Y\u00f6ntemler (Ge\u00e7ici Kurallar) Yasa Tasar\u0131s\u0131 var. Genel Kurul\u2019da g\u00f6r\u00fc\u015f\u00fclecek di\u011fer yasa tasar\u0131lar\u0131 ise \u015f\u00f6yle: [&hellip;]\" \/>\n<meta property=\"og:url\" content=\"https:\/\/haberverkibris.com\/index.php\/2026\/05\/03\/meclis-genel-kurulu-yarin-toplanacak-gundemde-5-yasa-tasarisi-var\/\" \/>\n<meta property=\"og:site_name\" content=\"Haber Ver K\u0131br\u0131s\" \/>\n<meta property=\"article:publisher\" content=\"https:\/\/www.facebook.com\/kuzeyinsesii\" \/>\n<meta property=\"article:published_time\" content=\"2026-05-03T08:48:39+00:00\" \/>\n<meta property=\"article:modified_time\" content=\"2026-05-03T08:48:52+00:00\" \/>\n<meta property=\"og:image\" content=\"https:\/\/haberverkibris.com\/wp-content\/uploads\/2026\/05\/meclis.jpeg\" \/>\n\t<meta property=\"og:image:width\" content=\"1600\" \/>\n\t<meta property=\"og:image:height\" content=\"1066\" \/>\n\t<meta property=\"og:image:type\" content=\"image\/jpeg\" \/>\n<meta name=\"author\" content=\"Haberver K\u0131br\u0131s\" \/>\n<meta name=\"twitter:card\" content=\"summary_large_image\" \/>\n<meta name=\"twitter:creator\" content=\"@kuzeyinsesii\" \/>\n<meta name=\"twitter:site\" content=\"@kuzeyinsesii\" \/>\n<meta name=\"twitter:label1\" content=\"Yazan:\" \/>\n\t<meta name=\"twitter:data1\" content=\"Haberver K\u0131br\u0131s\" \/>\n\t<meta name=\"twitter:label2\" content=\"Tahmini okuma s\u00fcresi\" \/>\n\t<meta name=\"twitter:data2\" content=\"1 dakika\" \/>\n<script type=\"application\/ld+json\" class=\"yoast-schema-graph\">{\"@context\":\"https:\\\/\\\/schema.org\",\"@graph\":[{\"@type\":\"Article\",\"@id\":\"https:\\\/\\\/haberverkibris.com\\\/index.php\\\/2026\\\/05\\\/03\\\/meclis-genel-kurulu-yarin-toplanacak-gundemde-5-yasa-tasarisi-var\\\/#article\",\"isPartOf\":{\"@id\":\"https:\\\/\\\/haberverkibris.com\\\/index.php\\\/2026\\\/05\\\/03\\\/meclis-genel-kurulu-yarin-toplanacak-gundemde-5-yasa-tasarisi-var\\\/\"},\"author\":{\"name\":\"Haberver K\u0131br\u0131s\",\"@id\":\"https:\\\/\\\/haberverkibris.com\\\/#\\\/schema\\\/person\\\/29d65381ed43765483b5a185ded66a56\"},\"headline\":\"Meclis Genel Kurulu yar\u0131n toplanacak\u2026 G\u00fcndemde 5 yasa tasar\u0131s\u0131 var\",\"datePublished\":\"2026-05-03T08:48:39+00:00\",\"dateModified\":\"2026-05-03T08:48:52+00:00\",\"mainEntityOfPage\":{\"@id\":\"https:\\\/\\\/haberverkibris.com\\\/index.php\\\/2026\\\/05\\\/03\\\/meclis-genel-kurulu-yarin-toplanacak-gundemde-5-yasa-tasarisi-var\\\/\"},\"wordCount\":166,\"commentCount\":0,\"image\":{\"@id\":\"https:\\\/\\\/haberverkibris.com\\\/index.php\\\/2026\\\/05\\\/03\\\/meclis-genel-kurulu-yarin-toplanacak-gundemde-5-yasa-tasarisi-var\\\/#primaryimage\"},\"thumbnailUrl\":\"https:\\\/\\\/haberverkibris.com\\\/wp-content\\\/uploads\\\/2026\\\/05\\\/meclis.jpeg\",\"articleSection\":[\"K\u0131br\u0131s\"],\"inLanguage\":\"tr\",\"potentialAction\":[{\"@type\":\"CommentAction\",\"name\":\"Comment\",\"target\":[\"https:\\\/\\\/haberverkibris.com\\\/index.php\\\/2026\\\/05\\\/03\\\/meclis-genel-kurulu-yarin-toplanacak-gundemde-5-yasa-tasarisi-var\\\/#respond\"]}]},{\"@type\":\"WebPage\",\"@id\":\"https:\\\/\\\/haberverkibris.com\\\/index.php\\\/2026\\\/05\\\/03\\\/meclis-genel-kurulu-yarin-toplanacak-gundemde-5-yasa-tasarisi-var\\\/\",\"url\":\"https:\\\/\\\/haberverkibris.com\\\/index.php\\\/2026\\\/05\\\/03\\\/meclis-genel-kurulu-yarin-toplanacak-gundemde-5-yasa-tasarisi-var\\\/\",\"name\":\"Meclis Genel Kurulu yar\u0131n toplanacak\u2026 G\u00fcndemde 5 yasa tasar\u0131s\u0131 var - Haber Ver K\u0131br\u0131s\",\"isPartOf\":{\"@id\":\"https:\\\/\\\/haberverkibris.com\\\/#website\"},\"primaryImageOfPage\":{\"@id\":\"https:\\\/\\\/haberverkibris.com\\\/index.php\\\/2026\\\/05\\\/03\\\/meclis-genel-kurulu-yarin-toplanacak-gundemde-5-yasa-tasarisi-var\\\/#primaryimage\"},\"image\":{\"@id\":\"https:\\\/\\\/haberverkibris.com\\\/index.php\\\/2026\\\/05\\\/03\\\/meclis-genel-kurulu-yarin-toplanacak-gundemde-5-yasa-tasarisi-var\\\/#primaryimage\"},\"thumbnailUrl\":\"https:\\\/\\\/haberverkibris.com\\\/wp-content\\\/uploads\\\/2026\\\/05\\\/meclis.jpeg\",\"datePublished\":\"2026-05-03T08:48:39+00:00\",\"dateModified\":\"2026-05-03T08:48:52+00:00\",\"author\":{\"@id\":\"https:\\\/\\\/haberverkibris.com\\\/#\\\/schema\\\/person\\\/29d65381ed43765483b5a185ded66a56\"},\"breadcrumb\":{\"@id\":\"https:\\\/\\\/haberverkibris.com\\\/index.php\\\/2026\\\/05\\\/03\\\/meclis-genel-kurulu-yarin-toplanacak-gundemde-5-yasa-tasarisi-var\\\/#breadcrumb\"},\"inLanguage\":\"tr\",\"potentialAction\":[{\"@type\":\"ReadAction\",\"target\":[\"https:\\\/\\\/haberverkibris.com\\\/index.php\\\/2026\\\/05\\\/03\\\/meclis-genel-kurulu-yarin-toplanacak-gundemde-5-yasa-tasarisi-var\\\/\"]}]},{\"@type\":\"ImageObject\",\"inLanguage\":\"tr\",\"@id\":\"https:\\\/\\\/haberverkibris.com\\\/index.php\\\/2026\\\/05\\\/03\\\/meclis-genel-kurulu-yarin-toplanacak-gundemde-5-yasa-tasarisi-var\\\/#primaryimage\",\"url\":\"https:\\\/\\\/haberverkibris.com\\\/wp-content\\\/uploads\\\/2026\\\/05\\\/meclis.jpeg\",\"contentUrl\":\"https:\\\/\\\/haberverkibris.com\\\/wp-content\\\/uploads\\\/2026\\\/05\\\/meclis.jpeg\",\"width\":1600,\"height\":1066},{\"@type\":\"BreadcrumbList\",\"@id\":\"https:\\\/\\\/haberverkibris.com\\\/index.php\\\/2026\\\/05\\\/03\\\/meclis-genel-kurulu-yarin-toplanacak-gundemde-5-yasa-tasarisi-var\\\/#breadcrumb\",\"itemListElement\":[{\"@type\":\"ListItem\",\"position\":1,\"name\":\"Anasayfa\",\"item\":\"https:\\\/\\\/haberverkibris.com\\\/\"},{\"@type\":\"ListItem\",\"position\":2,\"name\":\"Meclis Genel Kurulu yar\u0131n toplanacak\u2026 G\u00fcndemde 5 yasa tasar\u0131s\u0131 var\"}]},{\"@type\":\"WebSite\",\"@id\":\"https:\\\/\\\/haberverkibris.com\\\/#website\",\"url\":\"https:\\\/\\\/haberverkibris.com\\\/\",\"name\":\"Kuzeyin Sesi\",\"description\":\"Do\u011fru Haberin Adresi\",\"potentialAction\":[{\"@type\":\"SearchAction\",\"target\":{\"@type\":\"EntryPoint\",\"urlTemplate\":\"https:\\\/\\\/haberverkibris.com\\\/?s={search_term_string}\"},\"query-input\":{\"@type\":\"PropertyValueSpecification\",\"valueRequired\":true,\"valueName\":\"search_term_string\"}}],\"inLanguage\":\"tr\"},{\"@type\":\"Person\",\"@id\":\"https:\\\/\\\/haberverkibris.com\\\/#\\\/schema\\\/person\\\/29d65381ed43765483b5a185ded66a56\",\"name\":\"Haberver K\u0131br\u0131s\",\"image\":{\"@type\":\"ImageObject\",\"inLanguage\":\"tr\",\"@id\":\"https:\\\/\\\/secure.gravatar.com\\\/avatar\\\/bab33852abfd8b282518d6ed81826833d77c3c882d9ab608add591ccace47a44?s=96&d=mm&r=g\",\"url\":\"https:\\\/\\\/secure.gravatar.com\\\/avatar\\\/bab33852abfd8b282518d6ed81826833d77c3c882d9ab608add591ccace47a44?s=96&d=mm&r=g\",\"contentUrl\":\"https:\\\/\\\/secure.gravatar.com\\\/avatar\\\/bab33852abfd8b282518d6ed81826833d77c3c882d9ab608add591ccace47a44?s=96&d=mm&r=g\",\"caption\":\"Haberver K\u0131br\u0131s\"},\"sameAs\":[\"https:\\\/\\\/haberverkibris.com\"],\"url\":\"https:\\\/\\\/haberverkibris.com\\\/index.php\\\/author\\\/guven\\\/\"}]}<\/script>\n<!-- \/ Yoast SEO plugin. -->","yoast_head_json":{"title":"Meclis Genel Kurulu yar\u0131n toplanacak\u2026 G\u00fcndemde 5 yasa tasar\u0131s\u0131 var - Haber Ver K\u0131br\u0131s","robots":{"index":"index","follow":"follow","max-snippet":"max-snippet:-1","max-image-preview":"max-image-preview:large","max-video-preview":"max-video-preview:-1"},"canonical":"https:\/\/haberverkibris.com\/index.php\/2026\/05\/03\/meclis-genel-kurulu-yarin-toplanacak-gundemde-5-yasa-tasarisi-var\/","og_locale":"tr_TR","og_type":"article","og_title":"Meclis Genel Kurulu yar\u0131n toplanacak\u2026 G\u00fcndemde 5 yasa tasar\u0131s\u0131 var - Haber Ver K\u0131br\u0131s","og_description":"Cumhuriyet Meclisi Genel Kurulu yar\u0131n yasama g\u00fcndemiyle toplanacak. Genel Kurul&#8217;un saat 10.00\u2019da ba\u015flamas\u0131 beklenen yar\u0131nki toplant\u0131s\u0131n\u0131n g\u00fcndeminde 5 yasa tasar\u0131s\u0131 bulunuyor. \u00d6zel g\u00fcndemde, Deprem ve Di\u011fer Do\u011fal Afetlere Y\u00f6nelik Mali Yard\u0131m Kapsam\u0131nda Kamu Okul ve Hastanelerinin G\u00fc\u00e7lendirilmesi veya Yeniden Yap\u0131lmas\u0131nda Uygulanacak Y\u00f6ntemler (Ge\u00e7ici Kurallar) Yasa Tasar\u0131s\u0131 var. Genel Kurul\u2019da g\u00f6r\u00fc\u015f\u00fclecek di\u011fer yasa tasar\u0131lar\u0131 ise \u015f\u00f6yle: [&hellip;]","og_url":"https:\/\/haberverkibris.com\/index.php\/2026\/05\/03\/meclis-genel-kurulu-yarin-toplanacak-gundemde-5-yasa-tasarisi-var\/","og_site_name":"Haber Ver K\u0131br\u0131s","article_publisher":"https:\/\/www.facebook.com\/kuzeyinsesii","article_published_time":"2026-05-03T08:48:39+00:00","article_modified_time":"2026-05-03T08:48:52+00:00","og_image":[{"width":1600,"height":1066,"url":"https:\/\/haberverkibris.com\/wp-content\/uploads\/2026\/05\/meclis.jpeg","type":"image\/jpeg"}],"author":"Haberver K\u0131br\u0131s","twitter_card":"summary_large_image","twitter_creator":"@kuzeyinsesii","twitter_site":"@kuzeyinsesii","twitter_misc":{"Yazan:":"Haberver K\u0131br\u0131s","Tahmini okuma s\u00fcresi":"1 dakika"},"schema":{"@context":"https:\/\/schema.org","@graph":[{"@type":"Article","@id":"https:\/\/haberverkibris.com\/index.php\/2026\/05\/03\/meclis-genel-kurulu-yarin-toplanacak-gundemde-5-yasa-tasarisi-var\/#article","isPartOf":{"@id":"https:\/\/haberverkibris.com\/index.php\/2026\/05\/03\/meclis-genel-kurulu-yarin-toplanacak-gundemde-5-yasa-tasarisi-var\/"},"author":{"name":"Haberver K\u0131br\u0131s","@id":"https:\/\/haberverkibris.com\/#\/schema\/person\/29d65381ed43765483b5a185ded66a56"},"headline":"Meclis Genel Kurulu yar\u0131n toplanacak\u2026 G\u00fcndemde 5 yasa tasar\u0131s\u0131 var","datePublished":"2026-05-03T08:48:39+00:00","dateModified":"2026-05-03T08:48:52+00:00","mainEntityOfPage":{"@id":"https:\/\/haberverkibris.com\/index.php\/2026\/05\/03\/meclis-genel-kurulu-yarin-toplanacak-gundemde-5-yasa-tasarisi-var\/"},"wordCount":166,"commentCount":0,"image":{"@id":"https:\/\/haberverkibris.com\/index.php\/2026\/05\/03\/meclis-genel-kurulu-yarin-toplanacak-gundemde-5-yasa-tasarisi-var\/#primaryimage"},"thumbnailUrl":"https:\/\/haberverkibris.com\/wp-content\/uploads\/2026\/05\/meclis.jpeg","articleSection":["K\u0131br\u0131s"],"inLanguage":"tr","potentialAction":[{"@type":"CommentAction","name":"Comment","target":["https:\/\/haberverkibris.com\/index.php\/2026\/05\/03\/meclis-genel-kurulu-yarin-toplanacak-gundemde-5-yasa-tasarisi-var\/#respond"]}]},{"@type":"WebPage","@id":"https:\/\/haberverkibris.com\/index.php\/2026\/05\/03\/meclis-genel-kurulu-yarin-toplanacak-gundemde-5-yasa-tasarisi-var\/","url":"https:\/\/haberverkibris.com\/index.php\/2026\/05\/03\/meclis-genel-kurulu-yarin-toplanacak-gundemde-5-yasa-tasarisi-var\/","name":"Meclis Genel Kurulu yar\u0131n toplanacak\u2026 G\u00fcndemde 5 yasa tasar\u0131s\u0131 var - Haber Ver K\u0131br\u0131s","isPartOf":{"@id":"https:\/\/haberverkibris.com\/#website"},"primaryImageOfPage":{"@id":"https:\/\/haberverkibris.com\/index.php\/2026\/05\/03\/meclis-genel-kurulu-yarin-toplanacak-gundemde-5-yasa-tasarisi-var\/#primaryimage"},"image":{"@id":"https:\/\/haberverkibris.com\/index.php\/2026\/05\/03\/meclis-genel-kurulu-yarin-toplanacak-gundemde-5-yasa-tasarisi-var\/#primaryimage"},"thumbnailUrl":"https:\/\/haberverkibris.com\/wp-content\/uploads\/2026\/05\/meclis.jpeg","datePublished":"2026-05-03T08:48:39+00:00","dateModified":"2026-05-03T08:48:52+00:00","author":{"@id":"https:\/\/haberverkibris.com\/#\/schema\/person\/29d65381ed43765483b5a185ded66a56"},"breadcrumb":{"@id":"https:\/\/haberverkibris.com\/index.php\/2026\/05\/03\/meclis-genel-kurulu-yarin-toplanacak-gundemde-5-yasa-tasarisi-var\/#breadcrumb"},"inLanguage":"tr","potentialAction":[{"@type":"ReadAction","target":["https:\/\/haberverkibris.com\/index.php\/2026\/05\/03\/meclis-genel-kurulu-yarin-toplanacak-gundemde-5-yasa-tasarisi-var\/"]}]},{"@type":"ImageObject","inLanguage":"tr","@id":"https:\/\/haberverkibris.com\/index.php\/2026\/05\/03\/meclis-genel-kurulu-yarin-toplanacak-gundemde-5-yasa-tasarisi-var\/#primaryimage","url":"https:\/\/haberverkibris.com\/wp-content\/uploads\/2026\/05\/meclis.jpeg","contentUrl":"https:\/\/haberverkibris.com\/wp-content\/uploads\/2026\/05\/meclis.jpeg","width":1600,"height":1066},{"@type":"BreadcrumbList","@id":"https:\/\/haberverkibris.com\/index.php\/2026\/05\/03\/meclis-genel-kurulu-yarin-toplanacak-gundemde-5-yasa-tasarisi-var\/#breadcrumb","itemListElement":[{"@type":"ListItem","position":1,"name":"Anasayfa","item":"https:\/\/haberverkibris.com\/"},{"@type":"ListItem","position":2,"name":"Meclis Genel Kurulu yar\u0131n toplanacak\u2026 G\u00fcndemde 5 yasa tasar\u0131s\u0131 var"}]},{"@type":"WebSite","@id":"https:\/\/haberverkibris.com\/#website","url":"https:\/\/haberverkibris.com\/","name":"Kuzeyin Sesi","description":"Do\u011fru Haberin Adresi","potentialAction":[{"@type":"SearchAction","target":{"@type":"EntryPoint","urlTemplate":"https:\/\/haberverkibris.com\/?s={search_term_string}"},"query-input":{"@type":"PropertyValueSpecification","valueRequired":true,"valueName":"search_term_string"}}],"inLanguage":"tr"},{"@type":"Person","@id":"https:\/\/haberverkibris.com\/#\/schema\/person\/29d65381ed43765483b5a185ded66a56","name":"Haberver K\u0131br\u0131s","image":{"@type":"ImageObject","inLanguage":"tr","@id":"https:\/\/secure.gravatar.com\/avatar\/bab33852abfd8b282518d6ed81826833d77c3c882d9ab608add591ccace47a44?s=96&d=mm&r=g","url":"https:\/\/secure.gravatar.com\/avatar\/bab33852abfd8b282518d6ed81826833d77c3c882d9ab608add591ccace47a44?s=96&d=mm&r=g","contentUrl":"https:\/\/secure.gravatar.com\/avatar\/bab33852abfd8b282518d6ed81826833d77c3c882d9ab608add591ccace47a44?s=96&d=mm&r=g","caption":"Haberver K\u0131br\u0131s"},"sameAs":["https:\/\/haberverkibris.com"],"url":"https:\/\/haberverkibris.com\/index.php\/author\/guven\/"}]}},"_links":{"self":[{"href":"https:\/\/haberverkibris.com\/index.php\/wp-json\/wp\/v2\/posts\/34793","targetHints":{"allow":["GET"]}}],"collection":[{"href":"https:\/\/haberverkibris.com\/index.php\/wp-json\/wp\/v2\/posts"}],"about":[{"href":"https:\/\/haberverkibris.com\/index.php\/wp-json\/wp\/v2\/types\/post"}],"author":[{"embeddable":true,"href":"https:\/\/haberverkibris.com\/index.php\/wp-json\/wp\/v2\/users\/1"}],"replies":[{"embeddable":true,"href":"https:\/\/haberverkibris.com\/index.php\/wp-json\/wp\/v2\/comments?post=34793"}],"version-history":[{"count":1,"href":"https:\/\/haberverkibris.com\/index.php\/wp-json\/wp\/v2\/posts\/34793\/revisions"}],"predecessor-version":[{"id":34795,"href":"https:\/\/haberverkibris.com\/index.php\/wp-json\/wp\/v2\/posts\/34793\/revisions\/34795"}],"wp:featuredmedia":[{"embeddable":true,"href":"https:\/\/haberverkibris.com\/index.php\/wp-json\/wp\/v2\/media\/34794"}],"wp:attachment":[{"href":"https:\/\/haberverkibris.com\/index.php\/wp-json\/wp\/v2\/media?parent=34793"}],"wp:term":[{"taxonomy":"category","embeddable":true,"href":"https:\/\/haberverkibris.com\/index.php\/wp-json\/wp\/v2\/categories?post=34793"},{"taxonomy":"post_tag","embeddable":true,"href":"https:\/\/haberverkibris.com\/index.php\/wp-json\/wp\/v2\/tags?post=34793"}],"curies":[{"name":"wp","href":"https:\/\/api.w.org\/{rel}","templated":true}]}}