{"id":34720,"date":"2026-05-02T09:05:35","date_gmt":"2026-05-02T06:05:35","guid":{"rendered":"https:\/\/haberverkibris.com\/index.php\/2026\/05\/02\/bugunden-itibaren-sali-gunune-kadar-hava-yagisli\/"},"modified":"2026-05-02T09:05:48","modified_gmt":"2026-05-02T06:05:48","slug":"bugunden-itibaren-sali-gunune-kadar-hava-yagisli","status":"publish","type":"post","link":"https:\/\/haberverkibris.com\/index.php\/2026\/05\/02\/bugunden-itibaren-sali-gunune-kadar-hava-yagisli\/","title":{"rendered":"Bug\u00fcnden itibaren Sal\u0131 g\u00fcn\u00fcne kadar hava ya\u011f\u0131\u015fl\u0131"},"content":{"rendered":"<p>Meteoroloji Dairesi bug\u00fcnden itibaren sal\u0131 g\u00fcn\u00fcne kadar ya\u011fmur beklendi\u011fini; sal\u0131ya kadar \u015fiddetli ve g\u00f6k g\u00fcr\u00fclt\u00fcl\u00fc olacak ya\u011fmurun sal\u0131 g\u00fcn\u00fc daha hafif olaca\u011f\u0131n\u0131 duyurdu.<\/p>\n<p>Meteoroloji Dairesi&#8217;nin 2-8 May\u0131s tarihlerini kapsayan hava tahmin raporuna g\u00f6re, en y\u00fcksek hava s\u0131cakl\u0131\u011f\u0131 i\u00e7 kesimlerde periyodun ilk yar\u0131s\u0131nda 21-24;\u00a0ikici yar\u0131s\u0131nda\u00a0\u00a027-30 derece; sahillerde ise periyot boyunca 21-24 derece dolaylar\u0131nda seyredecek.<\/p>\n<p>R\u00fczg\u00e2r\u0131n\u00a0 genellikle periyodun ilk yar\u0131s\u0131nda g\u00fcney ve bat\u0131, ikinci yar\u0131s\u0131nda ise kuzey ve bat\u0131 y\u00f6nlerden orta kuvvette ya\u011f\u0131\u015f an\u0131nda yer yer kuvvetli, yar\u0131n ve pazartesi g\u00fcnleri ise f\u0131rt\u0131na \u015feklinde esmesi bekleniyor.<\/p>\n<p>B\u00f6lge periyodun ilk yar\u0131s\u0131nda al\u00e7ak bas\u0131n\u00e7 sistemi ile \u00fcst atmosferdeki so\u011fuk ve nemli; ikinci yar\u0131s\u0131nda y\u00fcksek bas\u0131n\u00e7 sistemi ile \u0131l\u0131k ve nispeten nemli hava k\u00fctlesinin etkisi alt\u0131nda kalacak.<\/p>\n<p>Hava bug\u00fcn par\u00e7al\u0131, \u00e7ok bulutlu, ak\u015fam saatlerinden itibaren yer yer sa\u011fanak veya g\u00f6k g\u00fcr\u00fclt\u00fcl\u00fc sa\u011fanak ya\u011f\u0131\u015fl\u0131, sabah saatleri yer yer sisli; yar\u0131n ve pazartesi par\u00e7al\u0131 ve \u00e7ok bulutlu yer yer sa\u011fanak veya g\u00f6k g\u00fcr\u00fclt\u00fcl\u00fc sa\u011fanak ya\u011f\u0131\u015fl\u0131;\u00a0 sal\u0131 az bulutlu \u00f6\u011fle saatleri par\u00e7al\u0131 bulutlu yer yer hafif sa\u011fanak ya\u011f\u0131\u015fl\u0131; \u00e7ar\u015famba,\u00a0 per\u015fembe ve cuma ise a\u00e7\u0131k ve az bulutlu ge\u00e7ecek.<\/p>\n","protected":false},"excerpt":{"rendered":"<p>Meteoroloji Dairesi bug\u00fcnden itibaren sal\u0131 g\u00fcn\u00fcne kadar ya\u011fmur beklendi\u011fini; sal\u0131ya kadar \u015fiddetli ve g\u00f6k g\u00fcr\u00fclt\u00fcl\u00fc olacak ya\u011fmurun sal\u0131 g\u00fcn\u00fc daha hafif olaca\u011f\u0131n\u0131 duyurdu. Meteoroloji Dairesi&#8217;nin 2-8 May\u0131s tarihlerini kapsayan hava tahmin raporuna g\u00f6re, en y\u00fcksek hava s\u0131cakl\u0131\u011f\u0131 i\u00e7 kesimlerde periyodun ilk yar\u0131s\u0131nda 21-24;\u00a0ikici yar\u0131s\u0131nda\u00a0\u00a027-30 derece; sahillerde ise periyot boyunca 21-24 derece dolaylar\u0131nda seyredecek. R\u00fczg\u00e2r\u0131n\u00a0 genellikle [&hellip;]<\/p>\n","protected":false},"author":1,"featured_media":34721,"comment_status":"open","ping_status":"open","sticky":false,"template":"","format":"standard","meta":{"jnews-multi-image_gallery":[],"jnews_single_post":[],"jnews_primary_category":[],"jnews_social_meta":[],"jnews_override_counter":[],"footnotes":""},"categories":[1],"tags":[],"class_list":["post-34720","post","type-post","status-publish","format-standard","has-post-thumbnail","hentry","category-kibris"],"yoast_head":"<!-- This site is optimized with the Yoast SEO plugin v27.5 - https:\/\/yoast.com\/product\/yoast-seo-wordpress\/ -->\n<title>Bug\u00fcnden itibaren Sal\u0131 g\u00fcn\u00fcne kadar hava ya\u011f\u0131\u015fl\u0131 - Haber Ver K\u0131br\u0131s<\/title>\n<meta name=\"robots\" content=\"index, follow, max-snippet:-1, max-image-preview:large, max-video-preview:-1\" \/>\n<link rel=\"canonical\" href=\"https:\/\/haberverkibris.com\/index.php\/2026\/05\/02\/bugunden-itibaren-sali-gunune-kadar-hava-yagisli\/\" \/>\n<meta property=\"og:locale\" content=\"tr_TR\" \/>\n<meta property=\"og:type\" content=\"article\" \/>\n<meta property=\"og:title\" content=\"Bug\u00fcnden itibaren Sal\u0131 g\u00fcn\u00fcne kadar hava ya\u011f\u0131\u015fl\u0131 - Haber Ver K\u0131br\u0131s\" \/>\n<meta property=\"og:description\" content=\"Meteoroloji Dairesi bug\u00fcnden itibaren sal\u0131 g\u00fcn\u00fcne kadar ya\u011fmur beklendi\u011fini; sal\u0131ya kadar \u015fiddetli ve g\u00f6k g\u00fcr\u00fclt\u00fcl\u00fc olacak ya\u011fmurun sal\u0131 g\u00fcn\u00fc daha hafif olaca\u011f\u0131n\u0131 duyurdu. Meteoroloji Dairesi&#8217;nin 2-8 May\u0131s tarihlerini kapsayan hava tahmin raporuna g\u00f6re, en y\u00fcksek hava s\u0131cakl\u0131\u011f\u0131 i\u00e7 kesimlerde periyodun ilk yar\u0131s\u0131nda 21-24;\u00a0ikici yar\u0131s\u0131nda\u00a0\u00a027-30 derece; sahillerde ise periyot boyunca 21-24 derece dolaylar\u0131nda seyredecek. R\u00fczg\u00e2r\u0131n\u00a0 genellikle [&hellip;]\" \/>\n<meta property=\"og:url\" content=\"https:\/\/haberverkibris.com\/index.php\/2026\/05\/02\/bugunden-itibaren-sali-gunune-kadar-hava-yagisli\/\" \/>\n<meta property=\"og:site_name\" content=\"Haber Ver K\u0131br\u0131s\" \/>\n<meta property=\"article:publisher\" content=\"https:\/\/www.facebook.com\/kuzeyinsesii\" \/>\n<meta property=\"article:published_time\" content=\"2026-05-02T06:05:35+00:00\" \/>\n<meta property=\"article:modified_time\" content=\"2026-05-02T06:05:48+00:00\" \/>\n<meta property=\"og:image\" content=\"https:\/\/haberverkibris.com\/wp-content\/uploads\/2026\/05\/e3b206fc-82d8-40c9-9f30-6ea8e7850320.webp\" \/>\n\t<meta property=\"og:image:width\" content=\"1366\" \/>\n\t<meta property=\"og:image:height\" content=\"910\" \/>\n\t<meta property=\"og:image:type\" content=\"image\/webp\" \/>\n<meta name=\"author\" content=\"Haberver K\u0131br\u0131s\" \/>\n<meta name=\"twitter:card\" content=\"summary_large_image\" \/>\n<meta name=\"twitter:creator\" content=\"@kuzeyinsesii\" \/>\n<meta name=\"twitter:site\" content=\"@kuzeyinsesii\" \/>\n<meta name=\"twitter:label1\" content=\"Yazan:\" \/>\n\t<meta name=\"twitter:data1\" content=\"Haberver K\u0131br\u0131s\" \/>\n\t<meta name=\"twitter:label2\" content=\"Tahmini okuma s\u00fcresi\" \/>\n\t<meta name=\"twitter:data2\" content=\"1 dakika\" \/>\n<script type=\"application\/ld+json\" class=\"yoast-schema-graph\">{\"@context\":\"https:\\\/\\\/schema.org\",\"@graph\":[{\"@type\":\"Article\",\"@id\":\"https:\\\/\\\/haberverkibris.com\\\/index.php\\\/2026\\\/05\\\/02\\\/bugunden-itibaren-sali-gunune-kadar-hava-yagisli\\\/#article\",\"isPartOf\":{\"@id\":\"https:\\\/\\\/haberverkibris.com\\\/index.php\\\/2026\\\/05\\\/02\\\/bugunden-itibaren-sali-gunune-kadar-hava-yagisli\\\/\"},\"author\":{\"name\":\"Haberver K\u0131br\u0131s\",\"@id\":\"https:\\\/\\\/haberverkibris.com\\\/#\\\/schema\\\/person\\\/29d65381ed43765483b5a185ded66a56\"},\"headline\":\"Bug\u00fcnden itibaren Sal\u0131 g\u00fcn\u00fcne kadar hava ya\u011f\u0131\u015fl\u0131\",\"datePublished\":\"2026-05-02T06:05:35+00:00\",\"dateModified\":\"2026-05-02T06:05:48+00:00\",\"mainEntityOfPage\":{\"@id\":\"https:\\\/\\\/haberverkibris.com\\\/index.php\\\/2026\\\/05\\\/02\\\/bugunden-itibaren-sali-gunune-kadar-hava-yagisli\\\/\"},\"wordCount\":259,\"commentCount\":0,\"image\":{\"@id\":\"https:\\\/\\\/haberverkibris.com\\\/index.php\\\/2026\\\/05\\\/02\\\/bugunden-itibaren-sali-gunune-kadar-hava-yagisli\\\/#primaryimage\"},\"thumbnailUrl\":\"https:\\\/\\\/haberverkibris.com\\\/wp-content\\\/uploads\\\/2026\\\/05\\\/e3b206fc-82d8-40c9-9f30-6ea8e7850320.webp\",\"articleSection\":[\"K\u0131br\u0131s\"],\"inLanguage\":\"tr\",\"potentialAction\":[{\"@type\":\"CommentAction\",\"name\":\"Comment\",\"target\":[\"https:\\\/\\\/haberverkibris.com\\\/index.php\\\/2026\\\/05\\\/02\\\/bugunden-itibaren-sali-gunune-kadar-hava-yagisli\\\/#respond\"]}]},{\"@type\":\"WebPage\",\"@id\":\"https:\\\/\\\/haberverkibris.com\\\/index.php\\\/2026\\\/05\\\/02\\\/bugunden-itibaren-sali-gunune-kadar-hava-yagisli\\\/\",\"url\":\"https:\\\/\\\/haberverkibris.com\\\/index.php\\\/2026\\\/05\\\/02\\\/bugunden-itibaren-sali-gunune-kadar-hava-yagisli\\\/\",\"name\":\"Bug\u00fcnden itibaren Sal\u0131 g\u00fcn\u00fcne kadar hava ya\u011f\u0131\u015fl\u0131 - Haber Ver K\u0131br\u0131s\",\"isPartOf\":{\"@id\":\"https:\\\/\\\/haberverkibris.com\\\/#website\"},\"primaryImageOfPage\":{\"@id\":\"https:\\\/\\\/haberverkibris.com\\\/index.php\\\/2026\\\/05\\\/02\\\/bugunden-itibaren-sali-gunune-kadar-hava-yagisli\\\/#primaryimage\"},\"image\":{\"@id\":\"https:\\\/\\\/haberverkibris.com\\\/index.php\\\/2026\\\/05\\\/02\\\/bugunden-itibaren-sali-gunune-kadar-hava-yagisli\\\/#primaryimage\"},\"thumbnailUrl\":\"https:\\\/\\\/haberverkibris.com\\\/wp-content\\\/uploads\\\/2026\\\/05\\\/e3b206fc-82d8-40c9-9f30-6ea8e7850320.webp\",\"datePublished\":\"2026-05-02T06:05:35+00:00\",\"dateModified\":\"2026-05-02T06:05:48+00:00\",\"author\":{\"@id\":\"https:\\\/\\\/haberverkibris.com\\\/#\\\/schema\\\/person\\\/29d65381ed43765483b5a185ded66a56\"},\"breadcrumb\":{\"@id\":\"https:\\\/\\\/haberverkibris.com\\\/index.php\\\/2026\\\/05\\\/02\\\/bugunden-itibaren-sali-gunune-kadar-hava-yagisli\\\/#breadcrumb\"},\"inLanguage\":\"tr\",\"potentialAction\":[{\"@type\":\"ReadAction\",\"target\":[\"https:\\\/\\\/haberverkibris.com\\\/index.php\\\/2026\\\/05\\\/02\\\/bugunden-itibaren-sali-gunune-kadar-hava-yagisli\\\/\"]}]},{\"@type\":\"ImageObject\",\"inLanguage\":\"tr\",\"@id\":\"https:\\\/\\\/haberverkibris.com\\\/index.php\\\/2026\\\/05\\\/02\\\/bugunden-itibaren-sali-gunune-kadar-hava-yagisli\\\/#primaryimage\",\"url\":\"https:\\\/\\\/haberverkibris.com\\\/wp-content\\\/uploads\\\/2026\\\/05\\\/e3b206fc-82d8-40c9-9f30-6ea8e7850320.webp\",\"contentUrl\":\"https:\\\/\\\/haberverkibris.com\\\/wp-content\\\/uploads\\\/2026\\\/05\\\/e3b206fc-82d8-40c9-9f30-6ea8e7850320.webp\",\"width\":1366,\"height\":910},{\"@type\":\"BreadcrumbList\",\"@id\":\"https:\\\/\\\/haberverkibris.com\\\/index.php\\\/2026\\\/05\\\/02\\\/bugunden-itibaren-sali-gunune-kadar-hava-yagisli\\\/#breadcrumb\",\"itemListElement\":[{\"@type\":\"ListItem\",\"position\":1,\"name\":\"Anasayfa\",\"item\":\"https:\\\/\\\/haberverkibris.com\\\/\"},{\"@type\":\"ListItem\",\"position\":2,\"name\":\"Bug\u00fcnden itibaren Sal\u0131 g\u00fcn\u00fcne kadar hava ya\u011f\u0131\u015fl\u0131\"}]},{\"@type\":\"WebSite\",\"@id\":\"https:\\\/\\\/haberverkibris.com\\\/#website\",\"url\":\"https:\\\/\\\/haberverkibris.com\\\/\",\"name\":\"Kuzeyin Sesi\",\"description\":\"Do\u011fru Haberin Adresi\",\"potentialAction\":[{\"@type\":\"SearchAction\",\"target\":{\"@type\":\"EntryPoint\",\"urlTemplate\":\"https:\\\/\\\/haberverkibris.com\\\/?s={search_term_string}\"},\"query-input\":{\"@type\":\"PropertyValueSpecification\",\"valueRequired\":true,\"valueName\":\"search_term_string\"}}],\"inLanguage\":\"tr\"},{\"@type\":\"Person\",\"@id\":\"https:\\\/\\\/haberverkibris.com\\\/#\\\/schema\\\/person\\\/29d65381ed43765483b5a185ded66a56\",\"name\":\"Haberver K\u0131br\u0131s\",\"image\":{\"@type\":\"ImageObject\",\"inLanguage\":\"tr\",\"@id\":\"https:\\\/\\\/secure.gravatar.com\\\/avatar\\\/bab33852abfd8b282518d6ed81826833d77c3c882d9ab608add591ccace47a44?s=96&d=mm&r=g\",\"url\":\"https:\\\/\\\/secure.gravatar.com\\\/avatar\\\/bab33852abfd8b282518d6ed81826833d77c3c882d9ab608add591ccace47a44?s=96&d=mm&r=g\",\"contentUrl\":\"https:\\\/\\\/secure.gravatar.com\\\/avatar\\\/bab33852abfd8b282518d6ed81826833d77c3c882d9ab608add591ccace47a44?s=96&d=mm&r=g\",\"caption\":\"Haberver K\u0131br\u0131s\"},\"sameAs\":[\"https:\\\/\\\/haberverkibris.com\"],\"url\":\"https:\\\/\\\/haberverkibris.com\\\/index.php\\\/author\\\/guven\\\/\"}]}<\/script>\n<!-- \/ Yoast SEO plugin. -->","yoast_head_json":{"title":"Bug\u00fcnden itibaren Sal\u0131 g\u00fcn\u00fcne kadar hava ya\u011f\u0131\u015fl\u0131 - Haber Ver K\u0131br\u0131s","robots":{"index":"index","follow":"follow","max-snippet":"max-snippet:-1","max-image-preview":"max-image-preview:large","max-video-preview":"max-video-preview:-1"},"canonical":"https:\/\/haberverkibris.com\/index.php\/2026\/05\/02\/bugunden-itibaren-sali-gunune-kadar-hava-yagisli\/","og_locale":"tr_TR","og_type":"article","og_title":"Bug\u00fcnden itibaren Sal\u0131 g\u00fcn\u00fcne kadar hava ya\u011f\u0131\u015fl\u0131 - Haber Ver K\u0131br\u0131s","og_description":"Meteoroloji Dairesi bug\u00fcnden itibaren sal\u0131 g\u00fcn\u00fcne kadar ya\u011fmur beklendi\u011fini; sal\u0131ya kadar \u015fiddetli ve g\u00f6k g\u00fcr\u00fclt\u00fcl\u00fc olacak ya\u011fmurun sal\u0131 g\u00fcn\u00fc daha hafif olaca\u011f\u0131n\u0131 duyurdu. Meteoroloji Dairesi&#8217;nin 2-8 May\u0131s tarihlerini kapsayan hava tahmin raporuna g\u00f6re, en y\u00fcksek hava s\u0131cakl\u0131\u011f\u0131 i\u00e7 kesimlerde periyodun ilk yar\u0131s\u0131nda 21-24;\u00a0ikici yar\u0131s\u0131nda\u00a0\u00a027-30 derece; sahillerde ise periyot boyunca 21-24 derece dolaylar\u0131nda seyredecek. R\u00fczg\u00e2r\u0131n\u00a0 genellikle [&hellip;]","og_url":"https:\/\/haberverkibris.com\/index.php\/2026\/05\/02\/bugunden-itibaren-sali-gunune-kadar-hava-yagisli\/","og_site_name":"Haber Ver K\u0131br\u0131s","article_publisher":"https:\/\/www.facebook.com\/kuzeyinsesii","article_published_time":"2026-05-02T06:05:35+00:00","article_modified_time":"2026-05-02T06:05:48+00:00","og_image":[{"width":1366,"height":910,"url":"https:\/\/haberverkibris.com\/wp-content\/uploads\/2026\/05\/e3b206fc-82d8-40c9-9f30-6ea8e7850320.webp","type":"image\/webp"}],"author":"Haberver K\u0131br\u0131s","twitter_card":"summary_large_image","twitter_creator":"@kuzeyinsesii","twitter_site":"@kuzeyinsesii","twitter_misc":{"Yazan:":"Haberver K\u0131br\u0131s","Tahmini okuma s\u00fcresi":"1 dakika"},"schema":{"@context":"https:\/\/schema.org","@graph":[{"@type":"Article","@id":"https:\/\/haberverkibris.com\/index.php\/2026\/05\/02\/bugunden-itibaren-sali-gunune-kadar-hava-yagisli\/#article","isPartOf":{"@id":"https:\/\/haberverkibris.com\/index.php\/2026\/05\/02\/bugunden-itibaren-sali-gunune-kadar-hava-yagisli\/"},"author":{"name":"Haberver K\u0131br\u0131s","@id":"https:\/\/haberverkibris.com\/#\/schema\/person\/29d65381ed43765483b5a185ded66a56"},"headline":"Bug\u00fcnden itibaren Sal\u0131 g\u00fcn\u00fcne kadar hava ya\u011f\u0131\u015fl\u0131","datePublished":"2026-05-02T06:05:35+00:00","dateModified":"2026-05-02T06:05:48+00:00","mainEntityOfPage":{"@id":"https:\/\/haberverkibris.com\/index.php\/2026\/05\/02\/bugunden-itibaren-sali-gunune-kadar-hava-yagisli\/"},"wordCount":259,"commentCount":0,"image":{"@id":"https:\/\/haberverkibris.com\/index.php\/2026\/05\/02\/bugunden-itibaren-sali-gunune-kadar-hava-yagisli\/#primaryimage"},"thumbnailUrl":"https:\/\/haberverkibris.com\/wp-content\/uploads\/2026\/05\/e3b206fc-82d8-40c9-9f30-6ea8e7850320.webp","articleSection":["K\u0131br\u0131s"],"inLanguage":"tr","potentialAction":[{"@type":"CommentAction","name":"Comment","target":["https:\/\/haberverkibris.com\/index.php\/2026\/05\/02\/bugunden-itibaren-sali-gunune-kadar-hava-yagisli\/#respond"]}]},{"@type":"WebPage","@id":"https:\/\/haberverkibris.com\/index.php\/2026\/05\/02\/bugunden-itibaren-sali-gunune-kadar-hava-yagisli\/","url":"https:\/\/haberverkibris.com\/index.php\/2026\/05\/02\/bugunden-itibaren-sali-gunune-kadar-hava-yagisli\/","name":"Bug\u00fcnden itibaren Sal\u0131 g\u00fcn\u00fcne kadar hava ya\u011f\u0131\u015fl\u0131 - Haber Ver K\u0131br\u0131s","isPartOf":{"@id":"https:\/\/haberverkibris.com\/#website"},"primaryImageOfPage":{"@id":"https:\/\/haberverkibris.com\/index.php\/2026\/05\/02\/bugunden-itibaren-sali-gunune-kadar-hava-yagisli\/#primaryimage"},"image":{"@id":"https:\/\/haberverkibris.com\/index.php\/2026\/05\/02\/bugunden-itibaren-sali-gunune-kadar-hava-yagisli\/#primaryimage"},"thumbnailUrl":"https:\/\/haberverkibris.com\/wp-content\/uploads\/2026\/05\/e3b206fc-82d8-40c9-9f30-6ea8e7850320.webp","datePublished":"2026-05-02T06:05:35+00:00","dateModified":"2026-05-02T06:05:48+00:00","author":{"@id":"https:\/\/haberverkibris.com\/#\/schema\/person\/29d65381ed43765483b5a185ded66a56"},"breadcrumb":{"@id":"https:\/\/haberverkibris.com\/index.php\/2026\/05\/02\/bugunden-itibaren-sali-gunune-kadar-hava-yagisli\/#breadcrumb"},"inLanguage":"tr","potentialAction":[{"@type":"ReadAction","target":["https:\/\/haberverkibris.com\/index.php\/2026\/05\/02\/bugunden-itibaren-sali-gunune-kadar-hava-yagisli\/"]}]},{"@type":"ImageObject","inLanguage":"tr","@id":"https:\/\/haberverkibris.com\/index.php\/2026\/05\/02\/bugunden-itibaren-sali-gunune-kadar-hava-yagisli\/#primaryimage","url":"https:\/\/haberverkibris.com\/wp-content\/uploads\/2026\/05\/e3b206fc-82d8-40c9-9f30-6ea8e7850320.webp","contentUrl":"https:\/\/haberverkibris.com\/wp-content\/uploads\/2026\/05\/e3b206fc-82d8-40c9-9f30-6ea8e7850320.webp","width":1366,"height":910},{"@type":"BreadcrumbList","@id":"https:\/\/haberverkibris.com\/index.php\/2026\/05\/02\/bugunden-itibaren-sali-gunune-kadar-hava-yagisli\/#breadcrumb","itemListElement":[{"@type":"ListItem","position":1,"name":"Anasayfa","item":"https:\/\/haberverkibris.com\/"},{"@type":"ListItem","position":2,"name":"Bug\u00fcnden itibaren Sal\u0131 g\u00fcn\u00fcne kadar hava ya\u011f\u0131\u015fl\u0131"}]},{"@type":"WebSite","@id":"https:\/\/haberverkibris.com\/#website","url":"https:\/\/haberverkibris.com\/","name":"Kuzeyin Sesi","description":"Do\u011fru Haberin Adresi","potentialAction":[{"@type":"SearchAction","target":{"@type":"EntryPoint","urlTemplate":"https:\/\/haberverkibris.com\/?s={search_term_string}"},"query-input":{"@type":"PropertyValueSpecification","valueRequired":true,"valueName":"search_term_string"}}],"inLanguage":"tr"},{"@type":"Person","@id":"https:\/\/haberverkibris.com\/#\/schema\/person\/29d65381ed43765483b5a185ded66a56","name":"Haberver K\u0131br\u0131s","image":{"@type":"ImageObject","inLanguage":"tr","@id":"https:\/\/secure.gravatar.com\/avatar\/bab33852abfd8b282518d6ed81826833d77c3c882d9ab608add591ccace47a44?s=96&d=mm&r=g","url":"https:\/\/secure.gravatar.com\/avatar\/bab33852abfd8b282518d6ed81826833d77c3c882d9ab608add591ccace47a44?s=96&d=mm&r=g","contentUrl":"https:\/\/secure.gravatar.com\/avatar\/bab33852abfd8b282518d6ed81826833d77c3c882d9ab608add591ccace47a44?s=96&d=mm&r=g","caption":"Haberver K\u0131br\u0131s"},"sameAs":["https:\/\/haberverkibris.com"],"url":"https:\/\/haberverkibris.com\/index.php\/author\/guven\/"}]}},"_links":{"self":[{"href":"https:\/\/haberverkibris.com\/index.php\/wp-json\/wp\/v2\/posts\/34720","targetHints":{"allow":["GET"]}}],"collection":[{"href":"https:\/\/haberverkibris.com\/index.php\/wp-json\/wp\/v2\/posts"}],"about":[{"href":"https:\/\/haberverkibris.com\/index.php\/wp-json\/wp\/v2\/types\/post"}],"author":[{"embeddable":true,"href":"https:\/\/haberverkibris.com\/index.php\/wp-json\/wp\/v2\/users\/1"}],"replies":[{"embeddable":true,"href":"https:\/\/haberverkibris.com\/index.php\/wp-json\/wp\/v2\/comments?post=34720"}],"version-history":[{"count":1,"href":"https:\/\/haberverkibris.com\/index.php\/wp-json\/wp\/v2\/posts\/34720\/revisions"}],"predecessor-version":[{"id":34722,"href":"https:\/\/haberverkibris.com\/index.php\/wp-json\/wp\/v2\/posts\/34720\/revisions\/34722"}],"wp:featuredmedia":[{"embeddable":true,"href":"https:\/\/haberverkibris.com\/index.php\/wp-json\/wp\/v2\/media\/34721"}],"wp:attachment":[{"href":"https:\/\/haberverkibris.com\/index.php\/wp-json\/wp\/v2\/media?parent=34720"}],"wp:term":[{"taxonomy":"category","embeddable":true,"href":"https:\/\/haberverkibris.com\/index.php\/wp-json\/wp\/v2\/categories?post=34720"},{"taxonomy":"post_tag","embeddable":true,"href":"https:\/\/haberverkibris.com\/index.php\/wp-json\/wp\/v2\/tags?post=34720"}],"curies":[{"name":"wp","href":"https:\/\/api.w.org\/{rel}","templated":true}]}}