{"id":34718,"date":"2026-05-02T07:18:36","date_gmt":"2026-05-02T04:18:36","guid":{"rendered":"https:\/\/haberverkibris.com\/index.php\/2026\/05\/02\/trumptan-kongreye-iran-manevrasi-savas-resmen-bitti\/"},"modified":"2026-05-02T07:18:36","modified_gmt":"2026-05-02T04:18:36","slug":"trumptan-kongreye-iran-manevrasi-savas-resmen-bitti","status":"publish","type":"post","link":"https:\/\/haberverkibris.com\/index.php\/2026\/05\/02\/trumptan-kongreye-iran-manevrasi-savas-resmen-bitti\/","title":{"rendered":"Trump&#8217;tan Kongre&#8217;ye &#8220;\u0130ran&#8221; manevras\u0131: Sava\u015f resmen bitti"},"content":{"rendered":"<p><\/p>\n<div>\n<p>&#13;<br \/>\n\tBeyaz Saray, Kongre\u2019ye g\u00f6nderdi\u011fi mektupta \u0130ran\u2019la d\u00fc\u015fmanl\u0131\u011f\u0131n &#8220;sona erdi\u011fini&#8221; \u00f6ne s\u00fcrerek, bu durum i\u00e7in yeni bir sava\u015f yetkisine ihtiya\u00e7 duyulmad\u0131\u011f\u0131n\u0131 belirtti.<\/p>\n<p>&#13;<br \/>\n\tMektupta, Trump\u2019\u0131n &#8220;\u0130ran rejimine kar\u015f\u0131 ABD operasyonlar\u0131n\u0131n ba\u015far\u0131s\u0131na ve kal\u0131c\u0131 bir bar\u0131\u015f\u0131n sa\u011flanmas\u0131na y\u00f6nelik devam eden \u00e7abalara ra\u011fmen, \u0130ran\u2019\u0131n ABD ve Silahl\u0131 Kuvvetlerimiz i\u00e7in olu\u015fturdu\u011fu tehdit \u00f6nemli olmaya devam etmektedir.&#8221; de\u011ferlendirmesinde bulunuldu.<\/p>\n<p>&#13;<br \/>\n\tABD Kongresi\u2019ne, Anayasa\u2019ya g\u00f6re onays\u0131z sava\u015f karar\u0131n\u0131n uygulanabilece\u011fi iki ayl\u0131k s\u00fcrenin son g\u00fcn\u00fcnde sunulan mektupta, sava\u015f\u0131n hen\u00fcz sona ermekten uzak bir noktada olabilece\u011fine ili\u015fkin ifadelere de yer verildi.<\/p>\n<p>&#13;<br \/>\n\tS\u00f6z konusu mektup, ABD medyas\u0131nda Trump\u2019\u0131n iki ay \u00f6nce \u0130ran\u2019a y\u00f6nelik Kongre&#8217;den onays\u0131z ba\u015flatt\u0131\u011f\u0131 sava\u015fla ilgili anayasaya uygunluk tart\u0131\u015fmalar\u0131n\u0131 bo\u015fa \u00e7\u0131karma \u00e7abas\u0131 olarak de\u011ferlendirildi.<\/p>\n<p>&#13;<br \/>\n\tBeyaz Saray\u2019\u0131n Kongre\u2019ye sava\u015f\u0131n ve \u0130ran\u2019la d\u00fc\u015fmanl\u0131\u011f\u0131n sona erdi\u011fini bildiren mektup, ABD sava\u015f gemileri ve binlerce ABD askerinin \u0130ran\u2019a y\u00f6nelik olas\u0131 yeni bir sald\u0131r\u0131 emri i\u00e7in Orta Do\u011fu\u2019da belirsizlik i\u00e7inde bekledi\u011fi bir d\u00f6nemde g\u00f6nderildi.<\/p>\n<p>&#13;<br \/>\n\tTrump, bug\u00fcn Beyaz Saray\u2019dan Florida\u2019ya hareket etmeden \u00f6nce \u0130ran ile y\u00fcr\u00fct\u00fclen g\u00f6r\u00fc\u015fmelere ili\u015fkin, &#8220;\u0130ran m\u00fczakereleri \u015fu anda istenen noktaya gitmiyor.&#8221; diyerek memnuniyetsizli\u011fini dile getirdi.<\/p>\n<h2>&#13;<br \/>\n\tSava\u015f yetkilendirme tart\u0131\u015fmalar\u0131<\/h2>\n<p>&#13;<br \/>\n\tABD yasalar\u0131na g\u00f6re, h\u00fck\u00fcmetin onay almadan ba\u015flatt\u0131\u011f\u0131 bir sava\u015f i\u00e7in konulan 60 g\u00fcnl\u00fck yasal s\u0131n\u0131rland\u0131rma konusunda g\u00f6r\u00fc\u015f bildiren Trump bug\u00fcn, \u0130ran&#8217;la devam eden ate\u015fkesten dolay\u0131 s\u00fcrenin dondu\u011funu savunmu\u015f ve &#8220;Bence kar\u015f\u0131 taraf\u0131n talep etti\u011fi o yetki konusu, Anayasa&#8217;ya uygun bir uygulama de\u011fil.&#8221; de\u011ferlendirmesinde bulunmu\u015ftu.<\/p>\n<p>&#13;<br \/>\n\tD\u00fcn ABD Senato Silahl\u0131 Kuvvetler Komitesinde Pentagon\u2019un 2027 b\u00fct\u00e7esiyle ilgili sorular\u0131 yan\u0131tlayan Savunma Bakan\u0131 Pete Hegseth, \u0130ran\u2019a y\u00f6nelik sald\u0131r\u0131lar\u0131n Kongreye bildirildi\u011fi 2 Mart\u2019ta ba\u015flayan 60 g\u00fcnl\u00fck s\u00fcre konusunda, sava\u015f\u0131n ne zaman sona erece\u011fi ve Kongreden ne zaman yetki al\u0131naca\u011f\u0131na dair nihai karar\u0131n Beyaz Saray\u2019a ait oldu\u011funu savunmu\u015ftu.<\/p>\n<p>&#13;<br \/>\n\tABD&#8217;de 1973 tarihli Sava\u015f Yetkileri Karar\u0131, birlik konu\u015fland\u0131rmas\u0131 veya sald\u0131r\u0131lar\u0131ndan sonraki 48 saat i\u00e7inde y\u00f6netimin Kongreye dan\u0131\u015fmas\u0131n\u0131 ve yasa koyucular operasyonlar\u0131n devam\u0131na izin vermedik\u00e7e 60 g\u00fcn i\u00e7inde geri \u00e7ekilmeyi zorunlu k\u0131lmaktad\u0131r.<\/p>\n<p>&#13;<br \/>\n\tAyn\u0131 karara g\u00f6re ABD h\u00fck\u00fcmeti, askeri kuvvetlerin geri \u00e7ekilmesine yard\u0131mc\u0131 olmak i\u00e7in bu s\u00fcreyi 30 g\u00fcn daha uzatabilir.<\/p>\n<\/p><\/div>\n","protected":false},"excerpt":{"rendered":"<p>&#13; Beyaz Saray, Kongre\u2019ye g\u00f6nderdi\u011fi mektupta \u0130ran\u2019la d\u00fc\u015fmanl\u0131\u011f\u0131n &#8220;sona erdi\u011fini&#8221; \u00f6ne s\u00fcrerek, bu durum i\u00e7in yeni bir sava\u015f yetkisine ihtiya\u00e7 duyulmad\u0131\u011f\u0131n\u0131 belirtti. &#13; Mektupta, Trump\u2019\u0131n &#8220;\u0130ran rejimine kar\u015f\u0131 ABD operasyonlar\u0131n\u0131n ba\u015far\u0131s\u0131na ve kal\u0131c\u0131 bir bar\u0131\u015f\u0131n sa\u011flanmas\u0131na y\u00f6nelik devam eden \u00e7abalara ra\u011fmen, \u0130ran\u2019\u0131n ABD ve Silahl\u0131 Kuvvetlerimiz i\u00e7in olu\u015fturdu\u011fu tehdit \u00f6nemli olmaya devam etmektedir.&#8221; de\u011ferlendirmesinde bulunuldu. [&hellip;]<\/p>\n","protected":false},"author":1,"featured_media":34719,"comment_status":"open","ping_status":"open","sticky":false,"template":"","format":"standard","meta":{"jnews-multi-image_gallery":[],"jnews_single_post":[],"jnews_primary_category":[],"jnews_social_meta":[],"jnews_override_counter":[],"footnotes":""},"categories":[2],"tags":[],"class_list":["post-34718","post","type-post","status-publish","format-standard","has-post-thumbnail","hentry","category-dunya"],"yoast_head":"<!-- This site is optimized with the Yoast SEO plugin v27.5 - https:\/\/yoast.com\/product\/yoast-seo-wordpress\/ -->\n<title>Trump&#039;tan Kongre&#039;ye &quot;\u0130ran&quot; manevras\u0131: Sava\u015f resmen bitti - Haber Ver K\u0131br\u0131s<\/title>\n<meta name=\"robots\" content=\"index, follow, max-snippet:-1, max-image-preview:large, max-video-preview:-1\" \/>\n<link rel=\"canonical\" href=\"https:\/\/haberverkibris.com\/index.php\/2026\/05\/02\/trumptan-kongreye-iran-manevrasi-savas-resmen-bitti\/\" \/>\n<meta property=\"og:locale\" content=\"tr_TR\" \/>\n<meta property=\"og:type\" content=\"article\" \/>\n<meta property=\"og:title\" content=\"Trump&#039;tan Kongre&#039;ye &quot;\u0130ran&quot; manevras\u0131: Sava\u015f resmen bitti - Haber Ver K\u0131br\u0131s\" \/>\n<meta property=\"og:description\" content=\"&#013; Beyaz Saray, Kongre\u2019ye g\u00f6nderdi\u011fi mektupta \u0130ran\u2019la d\u00fc\u015fmanl\u0131\u011f\u0131n &#8220;sona erdi\u011fini&#8221; \u00f6ne s\u00fcrerek, bu durum i\u00e7in yeni bir sava\u015f yetkisine ihtiya\u00e7 duyulmad\u0131\u011f\u0131n\u0131 belirtti. &#013; Mektupta, Trump\u2019\u0131n &#8220;\u0130ran rejimine kar\u015f\u0131 ABD operasyonlar\u0131n\u0131n ba\u015far\u0131s\u0131na ve kal\u0131c\u0131 bir bar\u0131\u015f\u0131n sa\u011flanmas\u0131na y\u00f6nelik devam eden \u00e7abalara ra\u011fmen, \u0130ran\u2019\u0131n ABD ve Silahl\u0131 Kuvvetlerimiz i\u00e7in olu\u015fturdu\u011fu tehdit \u00f6nemli olmaya devam etmektedir.&#8221; de\u011ferlendirmesinde bulunuldu. [&hellip;]\" \/>\n<meta property=\"og:url\" content=\"https:\/\/haberverkibris.com\/index.php\/2026\/05\/02\/trumptan-kongreye-iran-manevrasi-savas-resmen-bitti\/\" \/>\n<meta property=\"og:site_name\" content=\"Haber Ver K\u0131br\u0131s\" \/>\n<meta property=\"article:publisher\" content=\"https:\/\/www.facebook.com\/kuzeyinsesii\" \/>\n<meta property=\"article:published_time\" content=\"2026-05-02T04:18:36+00:00\" \/>\n<meta property=\"og:image\" content=\"https:\/\/trthaberstatic.cdn.wp.trt.com.tr\/resimler\/1934000\/beyaz-saray-reu-1935651.jpg\" \/>\n<meta name=\"author\" content=\"Haberver K\u0131br\u0131s\" \/>\n<meta name=\"twitter:card\" content=\"summary_large_image\" \/>\n<meta name=\"twitter:creator\" content=\"@kuzeyinsesii\" \/>\n<meta name=\"twitter:site\" content=\"@kuzeyinsesii\" \/>\n<meta name=\"twitter:label1\" content=\"Yazan:\" \/>\n\t<meta name=\"twitter:data1\" content=\"Haberver K\u0131br\u0131s\" \/>\n\t<meta name=\"twitter:label2\" content=\"Tahmini okuma s\u00fcresi\" \/>\n\t<meta name=\"twitter:data2\" content=\"2 dakika\" \/>\n<script type=\"application\/ld+json\" class=\"yoast-schema-graph\">{\"@context\":\"https:\\\/\\\/schema.org\",\"@graph\":[{\"@type\":\"Article\",\"@id\":\"https:\\\/\\\/haberverkibris.com\\\/index.php\\\/2026\\\/05\\\/02\\\/trumptan-kongreye-iran-manevrasi-savas-resmen-bitti\\\/#article\",\"isPartOf\":{\"@id\":\"https:\\\/\\\/haberverkibris.com\\\/index.php\\\/2026\\\/05\\\/02\\\/trumptan-kongreye-iran-manevrasi-savas-resmen-bitti\\\/\"},\"author\":{\"name\":\"Haberver K\u0131br\u0131s\",\"@id\":\"https:\\\/\\\/haberverkibris.com\\\/#\\\/schema\\\/person\\\/29d65381ed43765483b5a185ded66a56\"},\"headline\":\"Trump&#8217;tan Kongre&#8217;ye &#8220;\u0130ran&#8221; manevras\u0131: Sava\u015f resmen bitti\",\"datePublished\":\"2026-05-02T04:18:36+00:00\",\"mainEntityOfPage\":{\"@id\":\"https:\\\/\\\/haberverkibris.com\\\/index.php\\\/2026\\\/05\\\/02\\\/trumptan-kongreye-iran-manevrasi-savas-resmen-bitti\\\/\"},\"wordCount\":462,\"commentCount\":0,\"image\":{\"@id\":\"https:\\\/\\\/haberverkibris.com\\\/index.php\\\/2026\\\/05\\\/02\\\/trumptan-kongreye-iran-manevrasi-savas-resmen-bitti\\\/#primaryimage\"},\"thumbnailUrl\":\"https:\\\/\\\/haberverkibris.com\\\/wp-content\\\/uploads\\\/2024\\\/04\\\/1714496047_beyaz-saray-reu-1935651.jpg\",\"articleSection\":[\"D\u00fcnya\"],\"inLanguage\":\"tr\",\"potentialAction\":[{\"@type\":\"CommentAction\",\"name\":\"Comment\",\"target\":[\"https:\\\/\\\/haberverkibris.com\\\/index.php\\\/2026\\\/05\\\/02\\\/trumptan-kongreye-iran-manevrasi-savas-resmen-bitti\\\/#respond\"]}]},{\"@type\":\"WebPage\",\"@id\":\"https:\\\/\\\/haberverkibris.com\\\/index.php\\\/2026\\\/05\\\/02\\\/trumptan-kongreye-iran-manevrasi-savas-resmen-bitti\\\/\",\"url\":\"https:\\\/\\\/haberverkibris.com\\\/index.php\\\/2026\\\/05\\\/02\\\/trumptan-kongreye-iran-manevrasi-savas-resmen-bitti\\\/\",\"name\":\"Trump'tan Kongre'ye \\\"\u0130ran\\\" manevras\u0131: Sava\u015f resmen bitti - Haber Ver K\u0131br\u0131s\",\"isPartOf\":{\"@id\":\"https:\\\/\\\/haberverkibris.com\\\/#website\"},\"primaryImageOfPage\":{\"@id\":\"https:\\\/\\\/haberverkibris.com\\\/index.php\\\/2026\\\/05\\\/02\\\/trumptan-kongreye-iran-manevrasi-savas-resmen-bitti\\\/#primaryimage\"},\"image\":{\"@id\":\"https:\\\/\\\/haberverkibris.com\\\/index.php\\\/2026\\\/05\\\/02\\\/trumptan-kongreye-iran-manevrasi-savas-resmen-bitti\\\/#primaryimage\"},\"thumbnailUrl\":\"https:\\\/\\\/haberverkibris.com\\\/wp-content\\\/uploads\\\/2024\\\/04\\\/1714496047_beyaz-saray-reu-1935651.jpg\",\"datePublished\":\"2026-05-02T04:18:36+00:00\",\"author\":{\"@id\":\"https:\\\/\\\/haberverkibris.com\\\/#\\\/schema\\\/person\\\/29d65381ed43765483b5a185ded66a56\"},\"breadcrumb\":{\"@id\":\"https:\\\/\\\/haberverkibris.com\\\/index.php\\\/2026\\\/05\\\/02\\\/trumptan-kongreye-iran-manevrasi-savas-resmen-bitti\\\/#breadcrumb\"},\"inLanguage\":\"tr\",\"potentialAction\":[{\"@type\":\"ReadAction\",\"target\":[\"https:\\\/\\\/haberverkibris.com\\\/index.php\\\/2026\\\/05\\\/02\\\/trumptan-kongreye-iran-manevrasi-savas-resmen-bitti\\\/\"]}]},{\"@type\":\"ImageObject\",\"inLanguage\":\"tr\",\"@id\":\"https:\\\/\\\/haberverkibris.com\\\/index.php\\\/2026\\\/05\\\/02\\\/trumptan-kongreye-iran-manevrasi-savas-resmen-bitti\\\/#primaryimage\",\"url\":\"https:\\\/\\\/haberverkibris.com\\\/wp-content\\\/uploads\\\/2024\\\/04\\\/1714496047_beyaz-saray-reu-1935651.jpg\",\"contentUrl\":\"https:\\\/\\\/haberverkibris.com\\\/wp-content\\\/uploads\\\/2024\\\/04\\\/1714496047_beyaz-saray-reu-1935651.jpg\",\"width\":1280,\"height\":720},{\"@type\":\"BreadcrumbList\",\"@id\":\"https:\\\/\\\/haberverkibris.com\\\/index.php\\\/2026\\\/05\\\/02\\\/trumptan-kongreye-iran-manevrasi-savas-resmen-bitti\\\/#breadcrumb\",\"itemListElement\":[{\"@type\":\"ListItem\",\"position\":1,\"name\":\"Anasayfa\",\"item\":\"https:\\\/\\\/haberverkibris.com\\\/\"},{\"@type\":\"ListItem\",\"position\":2,\"name\":\"Trump&#8217;tan Kongre&#8217;ye &#8220;\u0130ran&#8221; manevras\u0131: Sava\u015f resmen bitti\"}]},{\"@type\":\"WebSite\",\"@id\":\"https:\\\/\\\/haberverkibris.com\\\/#website\",\"url\":\"https:\\\/\\\/haberverkibris.com\\\/\",\"name\":\"Kuzeyin Sesi\",\"description\":\"Do\u011fru Haberin Adresi\",\"potentialAction\":[{\"@type\":\"SearchAction\",\"target\":{\"@type\":\"EntryPoint\",\"urlTemplate\":\"https:\\\/\\\/haberverkibris.com\\\/?s={search_term_string}\"},\"query-input\":{\"@type\":\"PropertyValueSpecification\",\"valueRequired\":true,\"valueName\":\"search_term_string\"}}],\"inLanguage\":\"tr\"},{\"@type\":\"Person\",\"@id\":\"https:\\\/\\\/haberverkibris.com\\\/#\\\/schema\\\/person\\\/29d65381ed43765483b5a185ded66a56\",\"name\":\"Haberver K\u0131br\u0131s\",\"image\":{\"@type\":\"ImageObject\",\"inLanguage\":\"tr\",\"@id\":\"https:\\\/\\\/secure.gravatar.com\\\/avatar\\\/bab33852abfd8b282518d6ed81826833d77c3c882d9ab608add591ccace47a44?s=96&d=mm&r=g\",\"url\":\"https:\\\/\\\/secure.gravatar.com\\\/avatar\\\/bab33852abfd8b282518d6ed81826833d77c3c882d9ab608add591ccace47a44?s=96&d=mm&r=g\",\"contentUrl\":\"https:\\\/\\\/secure.gravatar.com\\\/avatar\\\/bab33852abfd8b282518d6ed81826833d77c3c882d9ab608add591ccace47a44?s=96&d=mm&r=g\",\"caption\":\"Haberver K\u0131br\u0131s\"},\"sameAs\":[\"https:\\\/\\\/haberverkibris.com\"],\"url\":\"https:\\\/\\\/haberverkibris.com\\\/index.php\\\/author\\\/guven\\\/\"}]}<\/script>\n<!-- \/ Yoast SEO plugin. -->","yoast_head_json":{"title":"Trump'tan Kongre'ye \"\u0130ran\" manevras\u0131: Sava\u015f resmen bitti - Haber Ver K\u0131br\u0131s","robots":{"index":"index","follow":"follow","max-snippet":"max-snippet:-1","max-image-preview":"max-image-preview:large","max-video-preview":"max-video-preview:-1"},"canonical":"https:\/\/haberverkibris.com\/index.php\/2026\/05\/02\/trumptan-kongreye-iran-manevrasi-savas-resmen-bitti\/","og_locale":"tr_TR","og_type":"article","og_title":"Trump'tan Kongre'ye \"\u0130ran\" manevras\u0131: Sava\u015f resmen bitti - Haber Ver K\u0131br\u0131s","og_description":"&#13; Beyaz Saray, Kongre\u2019ye g\u00f6nderdi\u011fi mektupta \u0130ran\u2019la d\u00fc\u015fmanl\u0131\u011f\u0131n &#8220;sona erdi\u011fini&#8221; \u00f6ne s\u00fcrerek, bu durum i\u00e7in yeni bir sava\u015f yetkisine ihtiya\u00e7 duyulmad\u0131\u011f\u0131n\u0131 belirtti. &#13; Mektupta, Trump\u2019\u0131n &#8220;\u0130ran rejimine kar\u015f\u0131 ABD operasyonlar\u0131n\u0131n ba\u015far\u0131s\u0131na ve kal\u0131c\u0131 bir bar\u0131\u015f\u0131n sa\u011flanmas\u0131na y\u00f6nelik devam eden \u00e7abalara ra\u011fmen, \u0130ran\u2019\u0131n ABD ve Silahl\u0131 Kuvvetlerimiz i\u00e7in olu\u015fturdu\u011fu tehdit \u00f6nemli olmaya devam etmektedir.&#8221; de\u011ferlendirmesinde bulunuldu. [&hellip;]","og_url":"https:\/\/haberverkibris.com\/index.php\/2026\/05\/02\/trumptan-kongreye-iran-manevrasi-savas-resmen-bitti\/","og_site_name":"Haber Ver K\u0131br\u0131s","article_publisher":"https:\/\/www.facebook.com\/kuzeyinsesii","article_published_time":"2026-05-02T04:18:36+00:00","og_image":[{"url":"https:\/\/trthaberstatic.cdn.wp.trt.com.tr\/resimler\/1934000\/beyaz-saray-reu-1935651.jpg","type":"","width":"","height":""}],"author":"Haberver K\u0131br\u0131s","twitter_card":"summary_large_image","twitter_creator":"@kuzeyinsesii","twitter_site":"@kuzeyinsesii","twitter_misc":{"Yazan:":"Haberver K\u0131br\u0131s","Tahmini okuma s\u00fcresi":"2 dakika"},"schema":{"@context":"https:\/\/schema.org","@graph":[{"@type":"Article","@id":"https:\/\/haberverkibris.com\/index.php\/2026\/05\/02\/trumptan-kongreye-iran-manevrasi-savas-resmen-bitti\/#article","isPartOf":{"@id":"https:\/\/haberverkibris.com\/index.php\/2026\/05\/02\/trumptan-kongreye-iran-manevrasi-savas-resmen-bitti\/"},"author":{"name":"Haberver K\u0131br\u0131s","@id":"https:\/\/haberverkibris.com\/#\/schema\/person\/29d65381ed43765483b5a185ded66a56"},"headline":"Trump&#8217;tan Kongre&#8217;ye &#8220;\u0130ran&#8221; manevras\u0131: Sava\u015f resmen bitti","datePublished":"2026-05-02T04:18:36+00:00","mainEntityOfPage":{"@id":"https:\/\/haberverkibris.com\/index.php\/2026\/05\/02\/trumptan-kongreye-iran-manevrasi-savas-resmen-bitti\/"},"wordCount":462,"commentCount":0,"image":{"@id":"https:\/\/haberverkibris.com\/index.php\/2026\/05\/02\/trumptan-kongreye-iran-manevrasi-savas-resmen-bitti\/#primaryimage"},"thumbnailUrl":"https:\/\/haberverkibris.com\/wp-content\/uploads\/2024\/04\/1714496047_beyaz-saray-reu-1935651.jpg","articleSection":["D\u00fcnya"],"inLanguage":"tr","potentialAction":[{"@type":"CommentAction","name":"Comment","target":["https:\/\/haberverkibris.com\/index.php\/2026\/05\/02\/trumptan-kongreye-iran-manevrasi-savas-resmen-bitti\/#respond"]}]},{"@type":"WebPage","@id":"https:\/\/haberverkibris.com\/index.php\/2026\/05\/02\/trumptan-kongreye-iran-manevrasi-savas-resmen-bitti\/","url":"https:\/\/haberverkibris.com\/index.php\/2026\/05\/02\/trumptan-kongreye-iran-manevrasi-savas-resmen-bitti\/","name":"Trump'tan Kongre'ye \"\u0130ran\" manevras\u0131: Sava\u015f resmen bitti - Haber Ver K\u0131br\u0131s","isPartOf":{"@id":"https:\/\/haberverkibris.com\/#website"},"primaryImageOfPage":{"@id":"https:\/\/haberverkibris.com\/index.php\/2026\/05\/02\/trumptan-kongreye-iran-manevrasi-savas-resmen-bitti\/#primaryimage"},"image":{"@id":"https:\/\/haberverkibris.com\/index.php\/2026\/05\/02\/trumptan-kongreye-iran-manevrasi-savas-resmen-bitti\/#primaryimage"},"thumbnailUrl":"https:\/\/haberverkibris.com\/wp-content\/uploads\/2024\/04\/1714496047_beyaz-saray-reu-1935651.jpg","datePublished":"2026-05-02T04:18:36+00:00","author":{"@id":"https:\/\/haberverkibris.com\/#\/schema\/person\/29d65381ed43765483b5a185ded66a56"},"breadcrumb":{"@id":"https:\/\/haberverkibris.com\/index.php\/2026\/05\/02\/trumptan-kongreye-iran-manevrasi-savas-resmen-bitti\/#breadcrumb"},"inLanguage":"tr","potentialAction":[{"@type":"ReadAction","target":["https:\/\/haberverkibris.com\/index.php\/2026\/05\/02\/trumptan-kongreye-iran-manevrasi-savas-resmen-bitti\/"]}]},{"@type":"ImageObject","inLanguage":"tr","@id":"https:\/\/haberverkibris.com\/index.php\/2026\/05\/02\/trumptan-kongreye-iran-manevrasi-savas-resmen-bitti\/#primaryimage","url":"https:\/\/haberverkibris.com\/wp-content\/uploads\/2024\/04\/1714496047_beyaz-saray-reu-1935651.jpg","contentUrl":"https:\/\/haberverkibris.com\/wp-content\/uploads\/2024\/04\/1714496047_beyaz-saray-reu-1935651.jpg","width":1280,"height":720},{"@type":"BreadcrumbList","@id":"https:\/\/haberverkibris.com\/index.php\/2026\/05\/02\/trumptan-kongreye-iran-manevrasi-savas-resmen-bitti\/#breadcrumb","itemListElement":[{"@type":"ListItem","position":1,"name":"Anasayfa","item":"https:\/\/haberverkibris.com\/"},{"@type":"ListItem","position":2,"name":"Trump&#8217;tan Kongre&#8217;ye &#8220;\u0130ran&#8221; manevras\u0131: Sava\u015f resmen bitti"}]},{"@type":"WebSite","@id":"https:\/\/haberverkibris.com\/#website","url":"https:\/\/haberverkibris.com\/","name":"Kuzeyin Sesi","description":"Do\u011fru Haberin Adresi","potentialAction":[{"@type":"SearchAction","target":{"@type":"EntryPoint","urlTemplate":"https:\/\/haberverkibris.com\/?s={search_term_string}"},"query-input":{"@type":"PropertyValueSpecification","valueRequired":true,"valueName":"search_term_string"}}],"inLanguage":"tr"},{"@type":"Person","@id":"https:\/\/haberverkibris.com\/#\/schema\/person\/29d65381ed43765483b5a185ded66a56","name":"Haberver K\u0131br\u0131s","image":{"@type":"ImageObject","inLanguage":"tr","@id":"https:\/\/secure.gravatar.com\/avatar\/bab33852abfd8b282518d6ed81826833d77c3c882d9ab608add591ccace47a44?s=96&d=mm&r=g","url":"https:\/\/secure.gravatar.com\/avatar\/bab33852abfd8b282518d6ed81826833d77c3c882d9ab608add591ccace47a44?s=96&d=mm&r=g","contentUrl":"https:\/\/secure.gravatar.com\/avatar\/bab33852abfd8b282518d6ed81826833d77c3c882d9ab608add591ccace47a44?s=96&d=mm&r=g","caption":"Haberver K\u0131br\u0131s"},"sameAs":["https:\/\/haberverkibris.com"],"url":"https:\/\/haberverkibris.com\/index.php\/author\/guven\/"}]}},"_links":{"self":[{"href":"https:\/\/haberverkibris.com\/index.php\/wp-json\/wp\/v2\/posts\/34718","targetHints":{"allow":["GET"]}}],"collection":[{"href":"https:\/\/haberverkibris.com\/index.php\/wp-json\/wp\/v2\/posts"}],"about":[{"href":"https:\/\/haberverkibris.com\/index.php\/wp-json\/wp\/v2\/types\/post"}],"author":[{"embeddable":true,"href":"https:\/\/haberverkibris.com\/index.php\/wp-json\/wp\/v2\/users\/1"}],"replies":[{"embeddable":true,"href":"https:\/\/haberverkibris.com\/index.php\/wp-json\/wp\/v2\/comments?post=34718"}],"version-history":[{"count":0,"href":"https:\/\/haberverkibris.com\/index.php\/wp-json\/wp\/v2\/posts\/34718\/revisions"}],"wp:featuredmedia":[{"embeddable":true,"href":"https:\/\/haberverkibris.com\/index.php\/wp-json\/wp\/v2\/media\/34719"}],"wp:attachment":[{"href":"https:\/\/haberverkibris.com\/index.php\/wp-json\/wp\/v2\/media?parent=34718"}],"wp:term":[{"taxonomy":"category","embeddable":true,"href":"https:\/\/haberverkibris.com\/index.php\/wp-json\/wp\/v2\/categories?post=34718"},{"taxonomy":"post_tag","embeddable":true,"href":"https:\/\/haberverkibris.com\/index.php\/wp-json\/wp\/v2\/tags?post=34718"}],"curies":[{"name":"wp","href":"https:\/\/api.w.org\/{rel}","templated":true}]}}