{"id":34711,"date":"2026-05-01T23:09:35","date_gmt":"2026-05-01T20:09:35","guid":{"rendered":"https:\/\/haberverkibris.com\/index.php\/2026\/05\/01\/iran-hurmuzde-mayinli-yunuslari-mi-devreye-sokacak\/"},"modified":"2026-05-01T23:09:35","modified_gmt":"2026-05-01T20:09:35","slug":"iran-hurmuzde-mayinli-yunuslari-mi-devreye-sokacak","status":"publish","type":"post","link":"https:\/\/haberverkibris.com\/index.php\/2026\/05\/01\/iran-hurmuzde-mayinli-yunuslari-mi-devreye-sokacak\/","title":{"rendered":"\u0130ran, H\u00fcrm\u00fcz\u2019de may\u0131nl\u0131 yunuslar\u0131 m\u0131 devreye sokacak?"},"content":{"rendered":"<p><\/p>\n<div>\n<p>&#13;<br \/>\n\tH\u00fcrm\u00fcz Bo\u011faz\u0131\u2019nda ABD ile sa\u011flanan gergin ate\u015fkes s\u00fcreci devam ederken, \u0130ranl\u0131 sertlik yanl\u0131s\u0131 gruplar, petrol ihracat\u0131n\u0131n engellenmesini bir &#8220;sava\u015f ilan\u0131&#8221; olarak nitelendiriyor. Wall Street Journal\u2019\u0131n haberine g\u00f6re, Tahran y\u00f6netimi bu ablukay\u0131 k\u0131rmak ad\u0131na daha \u00f6nce kullan\u0131lmam\u0131\u015f askeri y\u00f6ntemleri devreye sokmay\u0131 planl\u0131yor. Bu planlar aras\u0131nda en dikkat \u00e7ekici olan\u0131 ise b\u00f6lgedeki ABD sava\u015f gemilerine kar\u015f\u0131 may\u0131n ta\u015f\u0131yan e\u011fitimli yunuslar\u0131n kullan\u0131lmas\u0131 ihtimali olarak \u00f6ne \u00e7\u0131k\u0131yor.<\/p>\n<p>&#13;<br \/>\n\t\u0130ran\u2019\u0131n savunma stratejisi sadece canl\u0131 m\u00fchimmatlarla s\u0131n\u0131rl\u0131 de\u011fil. Habere g\u00f6re, Devrim Muhaf\u0131zlar\u0131 denizalt\u0131lar\u0131n\u0131 stratejik su yollar\u0131na sevk etmenin yan\u0131 s\u0131ra, bo\u011fazdan ge\u00e7en kritik telefon ve internet kablolar\u0131n\u0131 keserek k\u00fcresel ileti\u015fimi fel\u00e7 etmekle tehdit ediyor. Uzmanlar, Tahran&#8217;daki karar vericilerin ekonomik ablukaya katlanmaktansa, kontroll\u00fc bir \u00e7at\u0131\u015fmay\u0131 daha az maliyetli g\u00f6rmeye ba\u015flad\u0131\u011f\u0131na dikkat \u00e7ekiyor. Ya\u015fanan bu geli\u015fmeler, H\u00fcrm\u00fcz Bo\u011faz\u0131&#8217;ndaki krizin askeri ve teknolojik boyutunun \u00e7ok daha kritik bir noktaya evrilebilece\u011fini g\u00f6steriyor.<\/p>\n<\/p><\/div>\n","protected":false},"excerpt":{"rendered":"<p>&#13; H\u00fcrm\u00fcz Bo\u011faz\u0131\u2019nda ABD ile sa\u011flanan gergin ate\u015fkes s\u00fcreci devam ederken, \u0130ranl\u0131 sertlik yanl\u0131s\u0131 gruplar, petrol ihracat\u0131n\u0131n engellenmesini bir &#8220;sava\u015f ilan\u0131&#8221; olarak nitelendiriyor. Wall Street Journal\u2019\u0131n haberine g\u00f6re, Tahran y\u00f6netimi bu ablukay\u0131 k\u0131rmak ad\u0131na daha \u00f6nce kullan\u0131lmam\u0131\u015f askeri y\u00f6ntemleri devreye sokmay\u0131 planl\u0131yor. Bu planlar aras\u0131nda en dikkat \u00e7ekici olan\u0131 ise b\u00f6lgedeki ABD sava\u015f gemilerine kar\u015f\u0131 [&hellip;]<\/p>\n","protected":false},"author":1,"featured_media":34712,"comment_status":"open","ping_status":"open","sticky":false,"template":"","format":"standard","meta":{"jnews-multi-image_gallery":[],"jnews_single_post":[],"jnews_primary_category":[],"jnews_social_meta":[],"jnews_override_counter":[],"footnotes":""},"categories":[2],"tags":[],"class_list":["post-34711","post","type-post","status-publish","format-standard","has-post-thumbnail","hentry","category-dunya"],"yoast_head":"<!-- This site is optimized with the Yoast SEO plugin v27.5 - https:\/\/yoast.com\/product\/yoast-seo-wordpress\/ -->\n<title>\u0130ran, H\u00fcrm\u00fcz\u2019de may\u0131nl\u0131 yunuslar\u0131 m\u0131 devreye sokacak? - Haber Ver K\u0131br\u0131s<\/title>\n<meta name=\"robots\" content=\"index, follow, max-snippet:-1, max-image-preview:large, max-video-preview:-1\" \/>\n<link rel=\"canonical\" href=\"https:\/\/haberverkibris.com\/index.php\/2026\/05\/01\/iran-hurmuzde-mayinli-yunuslari-mi-devreye-sokacak\/\" \/>\n<meta property=\"og:locale\" content=\"tr_TR\" \/>\n<meta property=\"og:type\" content=\"article\" \/>\n<meta property=\"og:title\" content=\"\u0130ran, H\u00fcrm\u00fcz\u2019de may\u0131nl\u0131 yunuslar\u0131 m\u0131 devreye sokacak? - Haber Ver K\u0131br\u0131s\" \/>\n<meta property=\"og:description\" content=\"&#013; H\u00fcrm\u00fcz Bo\u011faz\u0131\u2019nda ABD ile sa\u011flanan gergin ate\u015fkes s\u00fcreci devam ederken, \u0130ranl\u0131 sertlik yanl\u0131s\u0131 gruplar, petrol ihracat\u0131n\u0131n engellenmesini bir &#8220;sava\u015f ilan\u0131&#8221; olarak nitelendiriyor. Wall Street Journal\u2019\u0131n haberine g\u00f6re, Tahran y\u00f6netimi bu ablukay\u0131 k\u0131rmak ad\u0131na daha \u00f6nce kullan\u0131lmam\u0131\u015f askeri y\u00f6ntemleri devreye sokmay\u0131 planl\u0131yor. Bu planlar aras\u0131nda en dikkat \u00e7ekici olan\u0131 ise b\u00f6lgedeki ABD sava\u015f gemilerine kar\u015f\u0131 [&hellip;]\" \/>\n<meta property=\"og:url\" content=\"https:\/\/haberverkibris.com\/index.php\/2026\/05\/01\/iran-hurmuzde-mayinli-yunuslari-mi-devreye-sokacak\/\" \/>\n<meta property=\"og:site_name\" content=\"Haber Ver K\u0131br\u0131s\" \/>\n<meta property=\"article:publisher\" content=\"https:\/\/www.facebook.com\/kuzeyinsesii\" \/>\n<meta property=\"article:published_time\" content=\"2026-05-01T20:09:35+00:00\" \/>\n<meta property=\"og:image\" content=\"https:\/\/trthaberstatic.cdn.wp.trt.com.tr\/resimler\/1510000\/yunus-aa-1510804.jpg\" \/>\n<meta name=\"author\" content=\"Haberver K\u0131br\u0131s\" \/>\n<meta name=\"twitter:card\" content=\"summary_large_image\" \/>\n<meta name=\"twitter:creator\" content=\"@kuzeyinsesii\" \/>\n<meta name=\"twitter:site\" content=\"@kuzeyinsesii\" \/>\n<meta name=\"twitter:label1\" content=\"Yazan:\" \/>\n\t<meta name=\"twitter:data1\" content=\"Haberver K\u0131br\u0131s\" \/>\n\t<meta name=\"twitter:label2\" content=\"Tahmini okuma s\u00fcresi\" \/>\n\t<meta name=\"twitter:data2\" content=\"1 dakika\" \/>\n<script type=\"application\/ld+json\" class=\"yoast-schema-graph\">{\"@context\":\"https:\\\/\\\/schema.org\",\"@graph\":[{\"@type\":\"Article\",\"@id\":\"https:\\\/\\\/haberverkibris.com\\\/index.php\\\/2026\\\/05\\\/01\\\/iran-hurmuzde-mayinli-yunuslari-mi-devreye-sokacak\\\/#article\",\"isPartOf\":{\"@id\":\"https:\\\/\\\/haberverkibris.com\\\/index.php\\\/2026\\\/05\\\/01\\\/iran-hurmuzde-mayinli-yunuslari-mi-devreye-sokacak\\\/\"},\"author\":{\"name\":\"Haberver K\u0131br\u0131s\",\"@id\":\"https:\\\/\\\/haberverkibris.com\\\/#\\\/schema\\\/person\\\/29d65381ed43765483b5a185ded66a56\"},\"headline\":\"\u0130ran, H\u00fcrm\u00fcz\u2019de may\u0131nl\u0131 yunuslar\u0131 m\u0131 devreye sokacak?\",\"datePublished\":\"2026-05-01T20:09:35+00:00\",\"mainEntityOfPage\":{\"@id\":\"https:\\\/\\\/haberverkibris.com\\\/index.php\\\/2026\\\/05\\\/01\\\/iran-hurmuzde-mayinli-yunuslari-mi-devreye-sokacak\\\/\"},\"wordCount\":197,\"commentCount\":0,\"image\":{\"@id\":\"https:\\\/\\\/haberverkibris.com\\\/index.php\\\/2026\\\/05\\\/01\\\/iran-hurmuzde-mayinli-yunuslari-mi-devreye-sokacak\\\/#primaryimage\"},\"thumbnailUrl\":\"https:\\\/\\\/haberverkibris.com\\\/wp-content\\\/uploads\\\/2026\\\/05\\\/yunus-aa-1510804.jpg\",\"articleSection\":[\"D\u00fcnya\"],\"inLanguage\":\"tr\",\"potentialAction\":[{\"@type\":\"CommentAction\",\"name\":\"Comment\",\"target\":[\"https:\\\/\\\/haberverkibris.com\\\/index.php\\\/2026\\\/05\\\/01\\\/iran-hurmuzde-mayinli-yunuslari-mi-devreye-sokacak\\\/#respond\"]}]},{\"@type\":\"WebPage\",\"@id\":\"https:\\\/\\\/haberverkibris.com\\\/index.php\\\/2026\\\/05\\\/01\\\/iran-hurmuzde-mayinli-yunuslari-mi-devreye-sokacak\\\/\",\"url\":\"https:\\\/\\\/haberverkibris.com\\\/index.php\\\/2026\\\/05\\\/01\\\/iran-hurmuzde-mayinli-yunuslari-mi-devreye-sokacak\\\/\",\"name\":\"\u0130ran, H\u00fcrm\u00fcz\u2019de may\u0131nl\u0131 yunuslar\u0131 m\u0131 devreye sokacak? - Haber Ver K\u0131br\u0131s\",\"isPartOf\":{\"@id\":\"https:\\\/\\\/haberverkibris.com\\\/#website\"},\"primaryImageOfPage\":{\"@id\":\"https:\\\/\\\/haberverkibris.com\\\/index.php\\\/2026\\\/05\\\/01\\\/iran-hurmuzde-mayinli-yunuslari-mi-devreye-sokacak\\\/#primaryimage\"},\"image\":{\"@id\":\"https:\\\/\\\/haberverkibris.com\\\/index.php\\\/2026\\\/05\\\/01\\\/iran-hurmuzde-mayinli-yunuslari-mi-devreye-sokacak\\\/#primaryimage\"},\"thumbnailUrl\":\"https:\\\/\\\/haberverkibris.com\\\/wp-content\\\/uploads\\\/2026\\\/05\\\/yunus-aa-1510804.jpg\",\"datePublished\":\"2026-05-01T20:09:35+00:00\",\"author\":{\"@id\":\"https:\\\/\\\/haberverkibris.com\\\/#\\\/schema\\\/person\\\/29d65381ed43765483b5a185ded66a56\"},\"breadcrumb\":{\"@id\":\"https:\\\/\\\/haberverkibris.com\\\/index.php\\\/2026\\\/05\\\/01\\\/iran-hurmuzde-mayinli-yunuslari-mi-devreye-sokacak\\\/#breadcrumb\"},\"inLanguage\":\"tr\",\"potentialAction\":[{\"@type\":\"ReadAction\",\"target\":[\"https:\\\/\\\/haberverkibris.com\\\/index.php\\\/2026\\\/05\\\/01\\\/iran-hurmuzde-mayinli-yunuslari-mi-devreye-sokacak\\\/\"]}]},{\"@type\":\"ImageObject\",\"inLanguage\":\"tr\",\"@id\":\"https:\\\/\\\/haberverkibris.com\\\/index.php\\\/2026\\\/05\\\/01\\\/iran-hurmuzde-mayinli-yunuslari-mi-devreye-sokacak\\\/#primaryimage\",\"url\":\"https:\\\/\\\/haberverkibris.com\\\/wp-content\\\/uploads\\\/2026\\\/05\\\/yunus-aa-1510804.jpg\",\"contentUrl\":\"https:\\\/\\\/haberverkibris.com\\\/wp-content\\\/uploads\\\/2026\\\/05\\\/yunus-aa-1510804.jpg\",\"width\":1280,\"height\":720},{\"@type\":\"BreadcrumbList\",\"@id\":\"https:\\\/\\\/haberverkibris.com\\\/index.php\\\/2026\\\/05\\\/01\\\/iran-hurmuzde-mayinli-yunuslari-mi-devreye-sokacak\\\/#breadcrumb\",\"itemListElement\":[{\"@type\":\"ListItem\",\"position\":1,\"name\":\"Anasayfa\",\"item\":\"https:\\\/\\\/haberverkibris.com\\\/\"},{\"@type\":\"ListItem\",\"position\":2,\"name\":\"\u0130ran, H\u00fcrm\u00fcz\u2019de may\u0131nl\u0131 yunuslar\u0131 m\u0131 devreye sokacak?\"}]},{\"@type\":\"WebSite\",\"@id\":\"https:\\\/\\\/haberverkibris.com\\\/#website\",\"url\":\"https:\\\/\\\/haberverkibris.com\\\/\",\"name\":\"Kuzeyin Sesi\",\"description\":\"Do\u011fru Haberin Adresi\",\"potentialAction\":[{\"@type\":\"SearchAction\",\"target\":{\"@type\":\"EntryPoint\",\"urlTemplate\":\"https:\\\/\\\/haberverkibris.com\\\/?s={search_term_string}\"},\"query-input\":{\"@type\":\"PropertyValueSpecification\",\"valueRequired\":true,\"valueName\":\"search_term_string\"}}],\"inLanguage\":\"tr\"},{\"@type\":\"Person\",\"@id\":\"https:\\\/\\\/haberverkibris.com\\\/#\\\/schema\\\/person\\\/29d65381ed43765483b5a185ded66a56\",\"name\":\"Haberver K\u0131br\u0131s\",\"image\":{\"@type\":\"ImageObject\",\"inLanguage\":\"tr\",\"@id\":\"https:\\\/\\\/secure.gravatar.com\\\/avatar\\\/bab33852abfd8b282518d6ed81826833d77c3c882d9ab608add591ccace47a44?s=96&d=mm&r=g\",\"url\":\"https:\\\/\\\/secure.gravatar.com\\\/avatar\\\/bab33852abfd8b282518d6ed81826833d77c3c882d9ab608add591ccace47a44?s=96&d=mm&r=g\",\"contentUrl\":\"https:\\\/\\\/secure.gravatar.com\\\/avatar\\\/bab33852abfd8b282518d6ed81826833d77c3c882d9ab608add591ccace47a44?s=96&d=mm&r=g\",\"caption\":\"Haberver K\u0131br\u0131s\"},\"sameAs\":[\"https:\\\/\\\/haberverkibris.com\"],\"url\":\"https:\\\/\\\/haberverkibris.com\\\/index.php\\\/author\\\/guven\\\/\"}]}<\/script>\n<!-- \/ Yoast SEO plugin. -->","yoast_head_json":{"title":"\u0130ran, H\u00fcrm\u00fcz\u2019de may\u0131nl\u0131 yunuslar\u0131 m\u0131 devreye sokacak? - Haber Ver K\u0131br\u0131s","robots":{"index":"index","follow":"follow","max-snippet":"max-snippet:-1","max-image-preview":"max-image-preview:large","max-video-preview":"max-video-preview:-1"},"canonical":"https:\/\/haberverkibris.com\/index.php\/2026\/05\/01\/iran-hurmuzde-mayinli-yunuslari-mi-devreye-sokacak\/","og_locale":"tr_TR","og_type":"article","og_title":"\u0130ran, H\u00fcrm\u00fcz\u2019de may\u0131nl\u0131 yunuslar\u0131 m\u0131 devreye sokacak? - Haber Ver K\u0131br\u0131s","og_description":"&#13; H\u00fcrm\u00fcz Bo\u011faz\u0131\u2019nda ABD ile sa\u011flanan gergin ate\u015fkes s\u00fcreci devam ederken, \u0130ranl\u0131 sertlik yanl\u0131s\u0131 gruplar, petrol ihracat\u0131n\u0131n engellenmesini bir &#8220;sava\u015f ilan\u0131&#8221; olarak nitelendiriyor. Wall Street Journal\u2019\u0131n haberine g\u00f6re, Tahran y\u00f6netimi bu ablukay\u0131 k\u0131rmak ad\u0131na daha \u00f6nce kullan\u0131lmam\u0131\u015f askeri y\u00f6ntemleri devreye sokmay\u0131 planl\u0131yor. Bu planlar aras\u0131nda en dikkat \u00e7ekici olan\u0131 ise b\u00f6lgedeki ABD sava\u015f gemilerine kar\u015f\u0131 [&hellip;]","og_url":"https:\/\/haberverkibris.com\/index.php\/2026\/05\/01\/iran-hurmuzde-mayinli-yunuslari-mi-devreye-sokacak\/","og_site_name":"Haber Ver K\u0131br\u0131s","article_publisher":"https:\/\/www.facebook.com\/kuzeyinsesii","article_published_time":"2026-05-01T20:09:35+00:00","og_image":[{"url":"https:\/\/trthaberstatic.cdn.wp.trt.com.tr\/resimler\/1510000\/yunus-aa-1510804.jpg","type":"","width":"","height":""}],"author":"Haberver K\u0131br\u0131s","twitter_card":"summary_large_image","twitter_creator":"@kuzeyinsesii","twitter_site":"@kuzeyinsesii","twitter_misc":{"Yazan:":"Haberver K\u0131br\u0131s","Tahmini okuma s\u00fcresi":"1 dakika"},"schema":{"@context":"https:\/\/schema.org","@graph":[{"@type":"Article","@id":"https:\/\/haberverkibris.com\/index.php\/2026\/05\/01\/iran-hurmuzde-mayinli-yunuslari-mi-devreye-sokacak\/#article","isPartOf":{"@id":"https:\/\/haberverkibris.com\/index.php\/2026\/05\/01\/iran-hurmuzde-mayinli-yunuslari-mi-devreye-sokacak\/"},"author":{"name":"Haberver K\u0131br\u0131s","@id":"https:\/\/haberverkibris.com\/#\/schema\/person\/29d65381ed43765483b5a185ded66a56"},"headline":"\u0130ran, H\u00fcrm\u00fcz\u2019de may\u0131nl\u0131 yunuslar\u0131 m\u0131 devreye sokacak?","datePublished":"2026-05-01T20:09:35+00:00","mainEntityOfPage":{"@id":"https:\/\/haberverkibris.com\/index.php\/2026\/05\/01\/iran-hurmuzde-mayinli-yunuslari-mi-devreye-sokacak\/"},"wordCount":197,"commentCount":0,"image":{"@id":"https:\/\/haberverkibris.com\/index.php\/2026\/05\/01\/iran-hurmuzde-mayinli-yunuslari-mi-devreye-sokacak\/#primaryimage"},"thumbnailUrl":"https:\/\/haberverkibris.com\/wp-content\/uploads\/2026\/05\/yunus-aa-1510804.jpg","articleSection":["D\u00fcnya"],"inLanguage":"tr","potentialAction":[{"@type":"CommentAction","name":"Comment","target":["https:\/\/haberverkibris.com\/index.php\/2026\/05\/01\/iran-hurmuzde-mayinli-yunuslari-mi-devreye-sokacak\/#respond"]}]},{"@type":"WebPage","@id":"https:\/\/haberverkibris.com\/index.php\/2026\/05\/01\/iran-hurmuzde-mayinli-yunuslari-mi-devreye-sokacak\/","url":"https:\/\/haberverkibris.com\/index.php\/2026\/05\/01\/iran-hurmuzde-mayinli-yunuslari-mi-devreye-sokacak\/","name":"\u0130ran, H\u00fcrm\u00fcz\u2019de may\u0131nl\u0131 yunuslar\u0131 m\u0131 devreye sokacak? - Haber Ver K\u0131br\u0131s","isPartOf":{"@id":"https:\/\/haberverkibris.com\/#website"},"primaryImageOfPage":{"@id":"https:\/\/haberverkibris.com\/index.php\/2026\/05\/01\/iran-hurmuzde-mayinli-yunuslari-mi-devreye-sokacak\/#primaryimage"},"image":{"@id":"https:\/\/haberverkibris.com\/index.php\/2026\/05\/01\/iran-hurmuzde-mayinli-yunuslari-mi-devreye-sokacak\/#primaryimage"},"thumbnailUrl":"https:\/\/haberverkibris.com\/wp-content\/uploads\/2026\/05\/yunus-aa-1510804.jpg","datePublished":"2026-05-01T20:09:35+00:00","author":{"@id":"https:\/\/haberverkibris.com\/#\/schema\/person\/29d65381ed43765483b5a185ded66a56"},"breadcrumb":{"@id":"https:\/\/haberverkibris.com\/index.php\/2026\/05\/01\/iran-hurmuzde-mayinli-yunuslari-mi-devreye-sokacak\/#breadcrumb"},"inLanguage":"tr","potentialAction":[{"@type":"ReadAction","target":["https:\/\/haberverkibris.com\/index.php\/2026\/05\/01\/iran-hurmuzde-mayinli-yunuslari-mi-devreye-sokacak\/"]}]},{"@type":"ImageObject","inLanguage":"tr","@id":"https:\/\/haberverkibris.com\/index.php\/2026\/05\/01\/iran-hurmuzde-mayinli-yunuslari-mi-devreye-sokacak\/#primaryimage","url":"https:\/\/haberverkibris.com\/wp-content\/uploads\/2026\/05\/yunus-aa-1510804.jpg","contentUrl":"https:\/\/haberverkibris.com\/wp-content\/uploads\/2026\/05\/yunus-aa-1510804.jpg","width":1280,"height":720},{"@type":"BreadcrumbList","@id":"https:\/\/haberverkibris.com\/index.php\/2026\/05\/01\/iran-hurmuzde-mayinli-yunuslari-mi-devreye-sokacak\/#breadcrumb","itemListElement":[{"@type":"ListItem","position":1,"name":"Anasayfa","item":"https:\/\/haberverkibris.com\/"},{"@type":"ListItem","position":2,"name":"\u0130ran, H\u00fcrm\u00fcz\u2019de may\u0131nl\u0131 yunuslar\u0131 m\u0131 devreye sokacak?"}]},{"@type":"WebSite","@id":"https:\/\/haberverkibris.com\/#website","url":"https:\/\/haberverkibris.com\/","name":"Kuzeyin Sesi","description":"Do\u011fru Haberin Adresi","potentialAction":[{"@type":"SearchAction","target":{"@type":"EntryPoint","urlTemplate":"https:\/\/haberverkibris.com\/?s={search_term_string}"},"query-input":{"@type":"PropertyValueSpecification","valueRequired":true,"valueName":"search_term_string"}}],"inLanguage":"tr"},{"@type":"Person","@id":"https:\/\/haberverkibris.com\/#\/schema\/person\/29d65381ed43765483b5a185ded66a56","name":"Haberver K\u0131br\u0131s","image":{"@type":"ImageObject","inLanguage":"tr","@id":"https:\/\/secure.gravatar.com\/avatar\/bab33852abfd8b282518d6ed81826833d77c3c882d9ab608add591ccace47a44?s=96&d=mm&r=g","url":"https:\/\/secure.gravatar.com\/avatar\/bab33852abfd8b282518d6ed81826833d77c3c882d9ab608add591ccace47a44?s=96&d=mm&r=g","contentUrl":"https:\/\/secure.gravatar.com\/avatar\/bab33852abfd8b282518d6ed81826833d77c3c882d9ab608add591ccace47a44?s=96&d=mm&r=g","caption":"Haberver K\u0131br\u0131s"},"sameAs":["https:\/\/haberverkibris.com"],"url":"https:\/\/haberverkibris.com\/index.php\/author\/guven\/"}]}},"_links":{"self":[{"href":"https:\/\/haberverkibris.com\/index.php\/wp-json\/wp\/v2\/posts\/34711","targetHints":{"allow":["GET"]}}],"collection":[{"href":"https:\/\/haberverkibris.com\/index.php\/wp-json\/wp\/v2\/posts"}],"about":[{"href":"https:\/\/haberverkibris.com\/index.php\/wp-json\/wp\/v2\/types\/post"}],"author":[{"embeddable":true,"href":"https:\/\/haberverkibris.com\/index.php\/wp-json\/wp\/v2\/users\/1"}],"replies":[{"embeddable":true,"href":"https:\/\/haberverkibris.com\/index.php\/wp-json\/wp\/v2\/comments?post=34711"}],"version-history":[{"count":0,"href":"https:\/\/haberverkibris.com\/index.php\/wp-json\/wp\/v2\/posts\/34711\/revisions"}],"wp:featuredmedia":[{"embeddable":true,"href":"https:\/\/haberverkibris.com\/index.php\/wp-json\/wp\/v2\/media\/34712"}],"wp:attachment":[{"href":"https:\/\/haberverkibris.com\/index.php\/wp-json\/wp\/v2\/media?parent=34711"}],"wp:term":[{"taxonomy":"category","embeddable":true,"href":"https:\/\/haberverkibris.com\/index.php\/wp-json\/wp\/v2\/categories?post=34711"},{"taxonomy":"post_tag","embeddable":true,"href":"https:\/\/haberverkibris.com\/index.php\/wp-json\/wp\/v2\/tags?post=34711"}],"curies":[{"name":"wp","href":"https:\/\/api.w.org\/{rel}","templated":true}]}}