{"id":34707,"date":"2026-05-01T21:46:36","date_gmt":"2026-05-01T18:46:36","guid":{"rendered":"https:\/\/haberverkibris.com\/index.php\/2026\/05\/01\/kayip-olarak-bildirilen-yasli-kadinin-cansiz-bedeni-su-kanalinda-bulundu\/"},"modified":"2026-05-01T21:46:49","modified_gmt":"2026-05-01T18:46:49","slug":"kayip-olarak-bildirilen-yasli-kadinin-cansiz-bedeni-su-kanalinda-bulundu","status":"publish","type":"post","link":"https:\/\/haberverkibris.com\/index.php\/2026\/05\/01\/kayip-olarak-bildirilen-yasli-kadinin-cansiz-bedeni-su-kanalinda-bulundu\/","title":{"rendered":"Kay\u0131p olarak bildirilen ya\u015fl\u0131 kad\u0131n\u0131n cans\u0131z bedeni su kanal\u0131nda bulundu"},"content":{"rendered":"<p>Kay\u0131p olarak bildirilen 70 ya\u015f\u0131ndaki Ayla \u00c7etinler&#8217;in cans\u0131z bedeni su kanal\u0131nda bulundu.<\/p>\n<p>Polisten yap\u0131lan a\u00e7\u0131klama \u015f\u00f6yle:<\/p>\n<p>01.05.2026 tarihinde, Lefke&#8217;de sakin Ayla \u00c7ET\u0130NLER (K-70)&#8217;in kay\u0131p oldu\u011fu y\u00f6n\u00fcnde saat 17.30 s\u0131ralar\u0131nda ailesi taraf\u0131ndan polise bilgi verilmi\u015ftir. Yap\u0131lan ba\u015fvuru \u00fczerine polis taraf\u0131ndan b\u00f6lgede yap\u0131lan aramalar sonucu s\u00f6z konusu \u015fahs\u0131n cans\u0131z bedeni saat 18.30 s\u0131ralar\u0131nda Lefke Venedik Surlar\u0131 Mevkiinde, Maratasa Arg\u0131 olarak bilinen beton su kanal\u0131 i\u00e7erisinde bulunmu\u015ftur. Olayla ilgili soru\u015fturma devam etmektedir.<\/p>\n","protected":false},"excerpt":{"rendered":"<p>Kay\u0131p olarak bildirilen 70 ya\u015f\u0131ndaki Ayla \u00c7etinler&#8217;in cans\u0131z bedeni su kanal\u0131nda bulundu. Polisten yap\u0131lan a\u00e7\u0131klama \u015f\u00f6yle: 01.05.2026 tarihinde, Lefke&#8217;de sakin Ayla \u00c7ET\u0130NLER (K-70)&#8217;in kay\u0131p oldu\u011fu y\u00f6n\u00fcnde saat 17.30 s\u0131ralar\u0131nda ailesi taraf\u0131ndan polise bilgi verilmi\u015ftir. Yap\u0131lan ba\u015fvuru \u00fczerine polis taraf\u0131ndan b\u00f6lgede yap\u0131lan aramalar sonucu s\u00f6z konusu \u015fahs\u0131n cans\u0131z bedeni saat 18.30 s\u0131ralar\u0131nda Lefke Venedik Surlar\u0131 Mevkiinde, [&hellip;]<\/p>\n","protected":false},"author":1,"featured_media":33859,"comment_status":"open","ping_status":"open","sticky":false,"template":"","format":"standard","meta":{"jnews-multi-image_gallery":[],"jnews_single_post":[],"jnews_primary_category":[],"jnews_social_meta":[],"jnews_override_counter":[],"footnotes":""},"categories":[1],"tags":[],"class_list":["post-34707","post","type-post","status-publish","format-standard","has-post-thumbnail","hentry","category-kibris"],"yoast_head":"<!-- This site is optimized with the Yoast SEO plugin v27.5 - https:\/\/yoast.com\/product\/yoast-seo-wordpress\/ -->\n<title>Kay\u0131p olarak bildirilen ya\u015fl\u0131 kad\u0131n\u0131n cans\u0131z bedeni su kanal\u0131nda bulundu - Haber Ver K\u0131br\u0131s<\/title>\n<meta name=\"robots\" content=\"index, follow, max-snippet:-1, max-image-preview:large, max-video-preview:-1\" \/>\n<link rel=\"canonical\" href=\"https:\/\/haberverkibris.com\/index.php\/2026\/05\/01\/kayip-olarak-bildirilen-yasli-kadinin-cansiz-bedeni-su-kanalinda-bulundu\/\" \/>\n<meta property=\"og:locale\" content=\"tr_TR\" \/>\n<meta property=\"og:type\" content=\"article\" \/>\n<meta property=\"og:title\" content=\"Kay\u0131p olarak bildirilen ya\u015fl\u0131 kad\u0131n\u0131n cans\u0131z bedeni su kanal\u0131nda bulundu - Haber Ver K\u0131br\u0131s\" \/>\n<meta property=\"og:description\" content=\"Kay\u0131p olarak bildirilen 70 ya\u015f\u0131ndaki Ayla \u00c7etinler&#8217;in cans\u0131z bedeni su kanal\u0131nda bulundu. Polisten yap\u0131lan a\u00e7\u0131klama \u015f\u00f6yle: 01.05.2026 tarihinde, Lefke&#8217;de sakin Ayla \u00c7ET\u0130NLER (K-70)&#8217;in kay\u0131p oldu\u011fu y\u00f6n\u00fcnde saat 17.30 s\u0131ralar\u0131nda ailesi taraf\u0131ndan polise bilgi verilmi\u015ftir. Yap\u0131lan ba\u015fvuru \u00fczerine polis taraf\u0131ndan b\u00f6lgede yap\u0131lan aramalar sonucu s\u00f6z konusu \u015fahs\u0131n cans\u0131z bedeni saat 18.30 s\u0131ralar\u0131nda Lefke Venedik Surlar\u0131 Mevkiinde, [&hellip;]\" \/>\n<meta property=\"og:url\" content=\"https:\/\/haberverkibris.com\/index.php\/2026\/05\/01\/kayip-olarak-bildirilen-yasli-kadinin-cansiz-bedeni-su-kanalinda-bulundu\/\" \/>\n<meta property=\"og:site_name\" content=\"Haber Ver K\u0131br\u0131s\" \/>\n<meta property=\"article:publisher\" content=\"https:\/\/www.facebook.com\/kuzeyinsesii\" \/>\n<meta property=\"article:published_time\" content=\"2026-05-01T18:46:36+00:00\" \/>\n<meta property=\"article:modified_time\" content=\"2026-05-01T18:46:49+00:00\" \/>\n<meta property=\"og:image\" content=\"https:\/\/haberverkibris.com\/wp-content\/uploads\/2026\/04\/1761130292193polisss23.jpg\" \/>\n\t<meta property=\"og:image:width\" content=\"880\" \/>\n\t<meta property=\"og:image:height\" content=\"440\" \/>\n\t<meta property=\"og:image:type\" content=\"image\/jpeg\" \/>\n<meta name=\"author\" content=\"Haberver K\u0131br\u0131s\" \/>\n<meta name=\"twitter:card\" content=\"summary_large_image\" \/>\n<meta name=\"twitter:creator\" content=\"@kuzeyinsesii\" \/>\n<meta name=\"twitter:site\" content=\"@kuzeyinsesii\" \/>\n<meta name=\"twitter:label1\" content=\"Yazan:\" \/>\n\t<meta name=\"twitter:data1\" content=\"Haberver K\u0131br\u0131s\" \/>\n<script type=\"application\/ld+json\" class=\"yoast-schema-graph\">{\"@context\":\"https:\\\/\\\/schema.org\",\"@graph\":[{\"@type\":\"Article\",\"@id\":\"https:\\\/\\\/haberverkibris.com\\\/index.php\\\/2026\\\/05\\\/01\\\/kayip-olarak-bildirilen-yasli-kadinin-cansiz-bedeni-su-kanalinda-bulundu\\\/#article\",\"isPartOf\":{\"@id\":\"https:\\\/\\\/haberverkibris.com\\\/index.php\\\/2026\\\/05\\\/01\\\/kayip-olarak-bildirilen-yasli-kadinin-cansiz-bedeni-su-kanalinda-bulundu\\\/\"},\"author\":{\"name\":\"Haberver K\u0131br\u0131s\",\"@id\":\"https:\\\/\\\/haberverkibris.com\\\/#\\\/schema\\\/person\\\/29d65381ed43765483b5a185ded66a56\"},\"headline\":\"Kay\u0131p olarak bildirilen ya\u015fl\u0131 kad\u0131n\u0131n cans\u0131z bedeni su kanal\u0131nda bulundu\",\"datePublished\":\"2026-05-01T18:46:36+00:00\",\"dateModified\":\"2026-05-01T18:46:49+00:00\",\"mainEntityOfPage\":{\"@id\":\"https:\\\/\\\/haberverkibris.com\\\/index.php\\\/2026\\\/05\\\/01\\\/kayip-olarak-bildirilen-yasli-kadinin-cansiz-bedeni-su-kanalinda-bulundu\\\/\"},\"wordCount\":112,\"commentCount\":0,\"image\":{\"@id\":\"https:\\\/\\\/haberverkibris.com\\\/index.php\\\/2026\\\/05\\\/01\\\/kayip-olarak-bildirilen-yasli-kadinin-cansiz-bedeni-su-kanalinda-bulundu\\\/#primaryimage\"},\"thumbnailUrl\":\"https:\\\/\\\/haberverkibris.com\\\/wp-content\\\/uploads\\\/2026\\\/04\\\/1761130292193polisss23.jpg\",\"articleSection\":[\"K\u0131br\u0131s\"],\"inLanguage\":\"tr\",\"potentialAction\":[{\"@type\":\"CommentAction\",\"name\":\"Comment\",\"target\":[\"https:\\\/\\\/haberverkibris.com\\\/index.php\\\/2026\\\/05\\\/01\\\/kayip-olarak-bildirilen-yasli-kadinin-cansiz-bedeni-su-kanalinda-bulundu\\\/#respond\"]}]},{\"@type\":\"WebPage\",\"@id\":\"https:\\\/\\\/haberverkibris.com\\\/index.php\\\/2026\\\/05\\\/01\\\/kayip-olarak-bildirilen-yasli-kadinin-cansiz-bedeni-su-kanalinda-bulundu\\\/\",\"url\":\"https:\\\/\\\/haberverkibris.com\\\/index.php\\\/2026\\\/05\\\/01\\\/kayip-olarak-bildirilen-yasli-kadinin-cansiz-bedeni-su-kanalinda-bulundu\\\/\",\"name\":\"Kay\u0131p olarak bildirilen ya\u015fl\u0131 kad\u0131n\u0131n cans\u0131z bedeni su kanal\u0131nda bulundu - Haber Ver K\u0131br\u0131s\",\"isPartOf\":{\"@id\":\"https:\\\/\\\/haberverkibris.com\\\/#website\"},\"primaryImageOfPage\":{\"@id\":\"https:\\\/\\\/haberverkibris.com\\\/index.php\\\/2026\\\/05\\\/01\\\/kayip-olarak-bildirilen-yasli-kadinin-cansiz-bedeni-su-kanalinda-bulundu\\\/#primaryimage\"},\"image\":{\"@id\":\"https:\\\/\\\/haberverkibris.com\\\/index.php\\\/2026\\\/05\\\/01\\\/kayip-olarak-bildirilen-yasli-kadinin-cansiz-bedeni-su-kanalinda-bulundu\\\/#primaryimage\"},\"thumbnailUrl\":\"https:\\\/\\\/haberverkibris.com\\\/wp-content\\\/uploads\\\/2026\\\/04\\\/1761130292193polisss23.jpg\",\"datePublished\":\"2026-05-01T18:46:36+00:00\",\"dateModified\":\"2026-05-01T18:46:49+00:00\",\"author\":{\"@id\":\"https:\\\/\\\/haberverkibris.com\\\/#\\\/schema\\\/person\\\/29d65381ed43765483b5a185ded66a56\"},\"breadcrumb\":{\"@id\":\"https:\\\/\\\/haberverkibris.com\\\/index.php\\\/2026\\\/05\\\/01\\\/kayip-olarak-bildirilen-yasli-kadinin-cansiz-bedeni-su-kanalinda-bulundu\\\/#breadcrumb\"},\"inLanguage\":\"tr\",\"potentialAction\":[{\"@type\":\"ReadAction\",\"target\":[\"https:\\\/\\\/haberverkibris.com\\\/index.php\\\/2026\\\/05\\\/01\\\/kayip-olarak-bildirilen-yasli-kadinin-cansiz-bedeni-su-kanalinda-bulundu\\\/\"]}]},{\"@type\":\"ImageObject\",\"inLanguage\":\"tr\",\"@id\":\"https:\\\/\\\/haberverkibris.com\\\/index.php\\\/2026\\\/05\\\/01\\\/kayip-olarak-bildirilen-yasli-kadinin-cansiz-bedeni-su-kanalinda-bulundu\\\/#primaryimage\",\"url\":\"https:\\\/\\\/haberverkibris.com\\\/wp-content\\\/uploads\\\/2026\\\/04\\\/1761130292193polisss23.jpg\",\"contentUrl\":\"https:\\\/\\\/haberverkibris.com\\\/wp-content\\\/uploads\\\/2026\\\/04\\\/1761130292193polisss23.jpg\",\"width\":880,\"height\":440},{\"@type\":\"BreadcrumbList\",\"@id\":\"https:\\\/\\\/haberverkibris.com\\\/index.php\\\/2026\\\/05\\\/01\\\/kayip-olarak-bildirilen-yasli-kadinin-cansiz-bedeni-su-kanalinda-bulundu\\\/#breadcrumb\",\"itemListElement\":[{\"@type\":\"ListItem\",\"position\":1,\"name\":\"Anasayfa\",\"item\":\"https:\\\/\\\/haberverkibris.com\\\/\"},{\"@type\":\"ListItem\",\"position\":2,\"name\":\"Kay\u0131p olarak bildirilen ya\u015fl\u0131 kad\u0131n\u0131n cans\u0131z bedeni su kanal\u0131nda bulundu\"}]},{\"@type\":\"WebSite\",\"@id\":\"https:\\\/\\\/haberverkibris.com\\\/#website\",\"url\":\"https:\\\/\\\/haberverkibris.com\\\/\",\"name\":\"Kuzeyin Sesi\",\"description\":\"Do\u011fru Haberin Adresi\",\"potentialAction\":[{\"@type\":\"SearchAction\",\"target\":{\"@type\":\"EntryPoint\",\"urlTemplate\":\"https:\\\/\\\/haberverkibris.com\\\/?s={search_term_string}\"},\"query-input\":{\"@type\":\"PropertyValueSpecification\",\"valueRequired\":true,\"valueName\":\"search_term_string\"}}],\"inLanguage\":\"tr\"},{\"@type\":\"Person\",\"@id\":\"https:\\\/\\\/haberverkibris.com\\\/#\\\/schema\\\/person\\\/29d65381ed43765483b5a185ded66a56\",\"name\":\"Haberver K\u0131br\u0131s\",\"image\":{\"@type\":\"ImageObject\",\"inLanguage\":\"tr\",\"@id\":\"https:\\\/\\\/secure.gravatar.com\\\/avatar\\\/bab33852abfd8b282518d6ed81826833d77c3c882d9ab608add591ccace47a44?s=96&d=mm&r=g\",\"url\":\"https:\\\/\\\/secure.gravatar.com\\\/avatar\\\/bab33852abfd8b282518d6ed81826833d77c3c882d9ab608add591ccace47a44?s=96&d=mm&r=g\",\"contentUrl\":\"https:\\\/\\\/secure.gravatar.com\\\/avatar\\\/bab33852abfd8b282518d6ed81826833d77c3c882d9ab608add591ccace47a44?s=96&d=mm&r=g\",\"caption\":\"Haberver K\u0131br\u0131s\"},\"sameAs\":[\"https:\\\/\\\/haberverkibris.com\"],\"url\":\"https:\\\/\\\/haberverkibris.com\\\/index.php\\\/author\\\/guven\\\/\"}]}<\/script>\n<!-- \/ Yoast SEO plugin. -->","yoast_head_json":{"title":"Kay\u0131p olarak bildirilen ya\u015fl\u0131 kad\u0131n\u0131n cans\u0131z bedeni su kanal\u0131nda bulundu - Haber Ver K\u0131br\u0131s","robots":{"index":"index","follow":"follow","max-snippet":"max-snippet:-1","max-image-preview":"max-image-preview:large","max-video-preview":"max-video-preview:-1"},"canonical":"https:\/\/haberverkibris.com\/index.php\/2026\/05\/01\/kayip-olarak-bildirilen-yasli-kadinin-cansiz-bedeni-su-kanalinda-bulundu\/","og_locale":"tr_TR","og_type":"article","og_title":"Kay\u0131p olarak bildirilen ya\u015fl\u0131 kad\u0131n\u0131n cans\u0131z bedeni su kanal\u0131nda bulundu - Haber Ver K\u0131br\u0131s","og_description":"Kay\u0131p olarak bildirilen 70 ya\u015f\u0131ndaki Ayla \u00c7etinler&#8217;in cans\u0131z bedeni su kanal\u0131nda bulundu. Polisten yap\u0131lan a\u00e7\u0131klama \u015f\u00f6yle: 01.05.2026 tarihinde, Lefke&#8217;de sakin Ayla \u00c7ET\u0130NLER (K-70)&#8217;in kay\u0131p oldu\u011fu y\u00f6n\u00fcnde saat 17.30 s\u0131ralar\u0131nda ailesi taraf\u0131ndan polise bilgi verilmi\u015ftir. Yap\u0131lan ba\u015fvuru \u00fczerine polis taraf\u0131ndan b\u00f6lgede yap\u0131lan aramalar sonucu s\u00f6z konusu \u015fahs\u0131n cans\u0131z bedeni saat 18.30 s\u0131ralar\u0131nda Lefke Venedik Surlar\u0131 Mevkiinde, [&hellip;]","og_url":"https:\/\/haberverkibris.com\/index.php\/2026\/05\/01\/kayip-olarak-bildirilen-yasli-kadinin-cansiz-bedeni-su-kanalinda-bulundu\/","og_site_name":"Haber Ver K\u0131br\u0131s","article_publisher":"https:\/\/www.facebook.com\/kuzeyinsesii","article_published_time":"2026-05-01T18:46:36+00:00","article_modified_time":"2026-05-01T18:46:49+00:00","og_image":[{"width":880,"height":440,"url":"https:\/\/haberverkibris.com\/wp-content\/uploads\/2026\/04\/1761130292193polisss23.jpg","type":"image\/jpeg"}],"author":"Haberver K\u0131br\u0131s","twitter_card":"summary_large_image","twitter_creator":"@kuzeyinsesii","twitter_site":"@kuzeyinsesii","twitter_misc":{"Yazan:":"Haberver K\u0131br\u0131s"},"schema":{"@context":"https:\/\/schema.org","@graph":[{"@type":"Article","@id":"https:\/\/haberverkibris.com\/index.php\/2026\/05\/01\/kayip-olarak-bildirilen-yasli-kadinin-cansiz-bedeni-su-kanalinda-bulundu\/#article","isPartOf":{"@id":"https:\/\/haberverkibris.com\/index.php\/2026\/05\/01\/kayip-olarak-bildirilen-yasli-kadinin-cansiz-bedeni-su-kanalinda-bulundu\/"},"author":{"name":"Haberver K\u0131br\u0131s","@id":"https:\/\/haberverkibris.com\/#\/schema\/person\/29d65381ed43765483b5a185ded66a56"},"headline":"Kay\u0131p olarak bildirilen ya\u015fl\u0131 kad\u0131n\u0131n cans\u0131z bedeni su kanal\u0131nda bulundu","datePublished":"2026-05-01T18:46:36+00:00","dateModified":"2026-05-01T18:46:49+00:00","mainEntityOfPage":{"@id":"https:\/\/haberverkibris.com\/index.php\/2026\/05\/01\/kayip-olarak-bildirilen-yasli-kadinin-cansiz-bedeni-su-kanalinda-bulundu\/"},"wordCount":112,"commentCount":0,"image":{"@id":"https:\/\/haberverkibris.com\/index.php\/2026\/05\/01\/kayip-olarak-bildirilen-yasli-kadinin-cansiz-bedeni-su-kanalinda-bulundu\/#primaryimage"},"thumbnailUrl":"https:\/\/haberverkibris.com\/wp-content\/uploads\/2026\/04\/1761130292193polisss23.jpg","articleSection":["K\u0131br\u0131s"],"inLanguage":"tr","potentialAction":[{"@type":"CommentAction","name":"Comment","target":["https:\/\/haberverkibris.com\/index.php\/2026\/05\/01\/kayip-olarak-bildirilen-yasli-kadinin-cansiz-bedeni-su-kanalinda-bulundu\/#respond"]}]},{"@type":"WebPage","@id":"https:\/\/haberverkibris.com\/index.php\/2026\/05\/01\/kayip-olarak-bildirilen-yasli-kadinin-cansiz-bedeni-su-kanalinda-bulundu\/","url":"https:\/\/haberverkibris.com\/index.php\/2026\/05\/01\/kayip-olarak-bildirilen-yasli-kadinin-cansiz-bedeni-su-kanalinda-bulundu\/","name":"Kay\u0131p olarak bildirilen ya\u015fl\u0131 kad\u0131n\u0131n cans\u0131z bedeni su kanal\u0131nda bulundu - Haber Ver K\u0131br\u0131s","isPartOf":{"@id":"https:\/\/haberverkibris.com\/#website"},"primaryImageOfPage":{"@id":"https:\/\/haberverkibris.com\/index.php\/2026\/05\/01\/kayip-olarak-bildirilen-yasli-kadinin-cansiz-bedeni-su-kanalinda-bulundu\/#primaryimage"},"image":{"@id":"https:\/\/haberverkibris.com\/index.php\/2026\/05\/01\/kayip-olarak-bildirilen-yasli-kadinin-cansiz-bedeni-su-kanalinda-bulundu\/#primaryimage"},"thumbnailUrl":"https:\/\/haberverkibris.com\/wp-content\/uploads\/2026\/04\/1761130292193polisss23.jpg","datePublished":"2026-05-01T18:46:36+00:00","dateModified":"2026-05-01T18:46:49+00:00","author":{"@id":"https:\/\/haberverkibris.com\/#\/schema\/person\/29d65381ed43765483b5a185ded66a56"},"breadcrumb":{"@id":"https:\/\/haberverkibris.com\/index.php\/2026\/05\/01\/kayip-olarak-bildirilen-yasli-kadinin-cansiz-bedeni-su-kanalinda-bulundu\/#breadcrumb"},"inLanguage":"tr","potentialAction":[{"@type":"ReadAction","target":["https:\/\/haberverkibris.com\/index.php\/2026\/05\/01\/kayip-olarak-bildirilen-yasli-kadinin-cansiz-bedeni-su-kanalinda-bulundu\/"]}]},{"@type":"ImageObject","inLanguage":"tr","@id":"https:\/\/haberverkibris.com\/index.php\/2026\/05\/01\/kayip-olarak-bildirilen-yasli-kadinin-cansiz-bedeni-su-kanalinda-bulundu\/#primaryimage","url":"https:\/\/haberverkibris.com\/wp-content\/uploads\/2026\/04\/1761130292193polisss23.jpg","contentUrl":"https:\/\/haberverkibris.com\/wp-content\/uploads\/2026\/04\/1761130292193polisss23.jpg","width":880,"height":440},{"@type":"BreadcrumbList","@id":"https:\/\/haberverkibris.com\/index.php\/2026\/05\/01\/kayip-olarak-bildirilen-yasli-kadinin-cansiz-bedeni-su-kanalinda-bulundu\/#breadcrumb","itemListElement":[{"@type":"ListItem","position":1,"name":"Anasayfa","item":"https:\/\/haberverkibris.com\/"},{"@type":"ListItem","position":2,"name":"Kay\u0131p olarak bildirilen ya\u015fl\u0131 kad\u0131n\u0131n cans\u0131z bedeni su kanal\u0131nda bulundu"}]},{"@type":"WebSite","@id":"https:\/\/haberverkibris.com\/#website","url":"https:\/\/haberverkibris.com\/","name":"Kuzeyin Sesi","description":"Do\u011fru Haberin Adresi","potentialAction":[{"@type":"SearchAction","target":{"@type":"EntryPoint","urlTemplate":"https:\/\/haberverkibris.com\/?s={search_term_string}"},"query-input":{"@type":"PropertyValueSpecification","valueRequired":true,"valueName":"search_term_string"}}],"inLanguage":"tr"},{"@type":"Person","@id":"https:\/\/haberverkibris.com\/#\/schema\/person\/29d65381ed43765483b5a185ded66a56","name":"Haberver K\u0131br\u0131s","image":{"@type":"ImageObject","inLanguage":"tr","@id":"https:\/\/secure.gravatar.com\/avatar\/bab33852abfd8b282518d6ed81826833d77c3c882d9ab608add591ccace47a44?s=96&d=mm&r=g","url":"https:\/\/secure.gravatar.com\/avatar\/bab33852abfd8b282518d6ed81826833d77c3c882d9ab608add591ccace47a44?s=96&d=mm&r=g","contentUrl":"https:\/\/secure.gravatar.com\/avatar\/bab33852abfd8b282518d6ed81826833d77c3c882d9ab608add591ccace47a44?s=96&d=mm&r=g","caption":"Haberver K\u0131br\u0131s"},"sameAs":["https:\/\/haberverkibris.com"],"url":"https:\/\/haberverkibris.com\/index.php\/author\/guven\/"}]}},"_links":{"self":[{"href":"https:\/\/haberverkibris.com\/index.php\/wp-json\/wp\/v2\/posts\/34707","targetHints":{"allow":["GET"]}}],"collection":[{"href":"https:\/\/haberverkibris.com\/index.php\/wp-json\/wp\/v2\/posts"}],"about":[{"href":"https:\/\/haberverkibris.com\/index.php\/wp-json\/wp\/v2\/types\/post"}],"author":[{"embeddable":true,"href":"https:\/\/haberverkibris.com\/index.php\/wp-json\/wp\/v2\/users\/1"}],"replies":[{"embeddable":true,"href":"https:\/\/haberverkibris.com\/index.php\/wp-json\/wp\/v2\/comments?post=34707"}],"version-history":[{"count":1,"href":"https:\/\/haberverkibris.com\/index.php\/wp-json\/wp\/v2\/posts\/34707\/revisions"}],"predecessor-version":[{"id":34708,"href":"https:\/\/haberverkibris.com\/index.php\/wp-json\/wp\/v2\/posts\/34707\/revisions\/34708"}],"wp:featuredmedia":[{"embeddable":true,"href":"https:\/\/haberverkibris.com\/index.php\/wp-json\/wp\/v2\/media\/33859"}],"wp:attachment":[{"href":"https:\/\/haberverkibris.com\/index.php\/wp-json\/wp\/v2\/media?parent=34707"}],"wp:term":[{"taxonomy":"category","embeddable":true,"href":"https:\/\/haberverkibris.com\/index.php\/wp-json\/wp\/v2\/categories?post=34707"},{"taxonomy":"post_tag","embeddable":true,"href":"https:\/\/haberverkibris.com\/index.php\/wp-json\/wp\/v2\/tags?post=34707"}],"curies":[{"name":"wp","href":"https:\/\/api.w.org\/{rel}","templated":true}]}}