{"id":34689,"date":"2026-05-01T17:04:44","date_gmt":"2026-05-01T14:04:44","guid":{"rendered":"https:\/\/haberverkibris.com\/index.php\/2026\/05\/01\/banksyden-londranin-merkezine-gece-yarisi-operasyonu-nasil-yapti\/"},"modified":"2026-05-01T17:04:44","modified_gmt":"2026-05-01T14:04:44","slug":"banksyden-londranin-merkezine-gece-yarisi-operasyonu-nasil-yapti","status":"publish","type":"post","link":"https:\/\/haberverkibris.com\/index.php\/2026\/05\/01\/banksyden-londranin-merkezine-gece-yarisi-operasyonu-nasil-yapti\/","title":{"rendered":"Banksy\u2019den Londra\u2019n\u0131n merkezine gece yar\u0131s\u0131 operasyonu: Nas\u0131l yapt\u0131?"},"content":{"rendered":"<div>\n<p>&#13;<br \/>\n\tLondra\u2019n\u0131n merkezindeki Waterloo Place\u2019e, y\u00fcz\u00fc bayrakla \u00f6rt\u00fclm\u00fc\u015f tak\u0131m elbiseli bir lideri temsil eden devasa bir heykelin yerle\u015ftirilmesi, &#8220;Bu kadar g\u00fcvenlik varken nas\u0131l ba\u015far\u0131ld\u0131?&#8221; sorusunu ak\u0131llara getirdi.<\/p>\n<p>&#13;<br \/>\n\tSanat\u00e7\u0131n\u0131n payla\u015ft\u0131\u011f\u0131 g\u00f6r\u00fcnt\u00fcler, aylarca s\u00fcren haz\u0131rl\u0131\u011f\u0131n ard\u0131ndan uygulaman\u0131n sadece dakikalar i\u00e7inde tamamland\u0131\u011f\u0131n\u0131 g\u00f6steriyor. Gece karanl\u0131\u011f\u0131nda, trafik konileri ve turuncu yelekli profesyonel bir ekiple b\u00f6lgeye giren Banksy, devasa bir vin\u00e7 yard\u0131m\u0131yla yap\u0131t\u0131n\u0131 kaide \u00fczerine oturttu. Uzmanlar, operasyonun arkas\u0131nda Metallica konserlerini 24 saatte kurabilecek kapasitede, son derece deneyimli ve profesyonel bir ekibin oldu\u011funu belirtiyor.<\/p>\n<p><\/p>\n<p>&#13;<br \/>\n\tH\u00fck\u00fcmet binalar\u0131 ve b\u00fcy\u00fckel\u00e7iliklerin tam ortas\u0131na dikilen heykel, kamuoyunda b\u00fcy\u00fck bir be\u011feni toplarken Westminster \u015eehir Konseyi olaydan \u00f6nceden haberdar edilmediklerini a\u00e7\u0131klad\u0131. Buna ra\u011fmen konsey, heykelin \u015fehrin sanat ortam\u0131na heyecan verici bir katk\u0131 sundu\u011funu belirterek eseri koruma alt\u0131na ald\u0131klar\u0131n\u0131 ve halk\u0131n ziyaretine a\u00e7\u0131k kalaca\u011f\u0131n\u0131 duyurdu.<\/p>\n<p>&#13;<br \/>\n\tTarihi fig\u00fcrlerin heykelleriyle \u00e7evrili bir meydanda, u\u00e7urumun kenar\u0131ndaki bir lideri tasvir eden bu \u00e7al\u0131\u015fma, Banksy\u2019nin g\u00fcncel siyasi liderlik anlay\u0131\u015f\u0131na y\u00f6nelik sert bir ele\u015ftirisi olarak yorumlan\u0131yor.<\/p>\n<\/p><\/div>\n","protected":false},"excerpt":{"rendered":"<p>&#13; Londra\u2019n\u0131n merkezindeki Waterloo Place\u2019e, y\u00fcz\u00fc bayrakla \u00f6rt\u00fclm\u00fc\u015f tak\u0131m elbiseli bir lideri temsil eden devasa bir heykelin yerle\u015ftirilmesi, &#8220;Bu kadar g\u00fcvenlik varken nas\u0131l ba\u015far\u0131ld\u0131?&#8221; sorusunu ak\u0131llara getirdi. &#13; Sanat\u00e7\u0131n\u0131n payla\u015ft\u0131\u011f\u0131 g\u00f6r\u00fcnt\u00fcler, aylarca s\u00fcren haz\u0131rl\u0131\u011f\u0131n ard\u0131ndan uygulaman\u0131n sadece dakikalar i\u00e7inde tamamland\u0131\u011f\u0131n\u0131 g\u00f6steriyor. Gece karanl\u0131\u011f\u0131nda, trafik konileri ve turuncu yelekli profesyonel bir ekiple b\u00f6lgeye giren Banksy, devasa [&hellip;]<\/p>\n","protected":false},"author":1,"featured_media":34690,"comment_status":"open","ping_status":"open","sticky":false,"template":"","format":"standard","meta":{"jnews-multi-image_gallery":[],"jnews_single_post":[],"jnews_primary_category":[],"jnews_social_meta":[],"jnews_override_counter":[],"footnotes":""},"categories":[2],"tags":[],"class_list":["post-34689","post","type-post","status-publish","format-standard","has-post-thumbnail","hentry","category-dunya"],"yoast_head":"<!-- This site is optimized with the Yoast SEO plugin v27.5 - https:\/\/yoast.com\/product\/yoast-seo-wordpress\/ -->\n<title>Banksy\u2019den Londra\u2019n\u0131n merkezine gece yar\u0131s\u0131 operasyonu: Nas\u0131l yapt\u0131? - Haber Ver K\u0131br\u0131s<\/title>\n<meta name=\"robots\" content=\"index, follow, max-snippet:-1, max-image-preview:large, max-video-preview:-1\" \/>\n<link rel=\"canonical\" href=\"https:\/\/haberverkibris.com\/index.php\/2026\/05\/01\/banksyden-londranin-merkezine-gece-yarisi-operasyonu-nasil-yapti\/\" \/>\n<meta property=\"og:locale\" content=\"tr_TR\" \/>\n<meta property=\"og:type\" content=\"article\" \/>\n<meta property=\"og:title\" content=\"Banksy\u2019den Londra\u2019n\u0131n merkezine gece yar\u0131s\u0131 operasyonu: Nas\u0131l yapt\u0131? - Haber Ver K\u0131br\u0131s\" \/>\n<meta property=\"og:description\" content=\"&#013; Londra\u2019n\u0131n merkezindeki Waterloo Place\u2019e, y\u00fcz\u00fc bayrakla \u00f6rt\u00fclm\u00fc\u015f tak\u0131m elbiseli bir lideri temsil eden devasa bir heykelin yerle\u015ftirilmesi, &#8220;Bu kadar g\u00fcvenlik varken nas\u0131l ba\u015far\u0131ld\u0131?&#8221; sorusunu ak\u0131llara getirdi. &#013; Sanat\u00e7\u0131n\u0131n payla\u015ft\u0131\u011f\u0131 g\u00f6r\u00fcnt\u00fcler, aylarca s\u00fcren haz\u0131rl\u0131\u011f\u0131n ard\u0131ndan uygulaman\u0131n sadece dakikalar i\u00e7inde tamamland\u0131\u011f\u0131n\u0131 g\u00f6steriyor. Gece karanl\u0131\u011f\u0131nda, trafik konileri ve turuncu yelekli profesyonel bir ekiple b\u00f6lgeye giren Banksy, devasa [&hellip;]\" \/>\n<meta property=\"og:url\" content=\"https:\/\/haberverkibris.com\/index.php\/2026\/05\/01\/banksyden-londranin-merkezine-gece-yarisi-operasyonu-nasil-yapti\/\" \/>\n<meta property=\"og:site_name\" content=\"Haber Ver K\u0131br\u0131s\" \/>\n<meta property=\"article:publisher\" content=\"https:\/\/www.facebook.com\/kuzeyinsesii\" \/>\n<meta property=\"article:published_time\" content=\"2026-05-01T14:04:44+00:00\" \/>\n<meta property=\"og:image\" content=\"https:\/\/www.trthaber.com\/dosyalar\/images\/aa_picture_20260430_41251209.jpg\" \/>\n<meta name=\"author\" content=\"Haberver K\u0131br\u0131s\" \/>\n<meta name=\"twitter:card\" content=\"summary_large_image\" \/>\n<meta name=\"twitter:creator\" content=\"@kuzeyinsesii\" \/>\n<meta name=\"twitter:site\" content=\"@kuzeyinsesii\" \/>\n<meta name=\"twitter:label1\" content=\"Yazan:\" \/>\n\t<meta name=\"twitter:data1\" content=\"Haberver K\u0131br\u0131s\" \/>\n\t<meta name=\"twitter:label2\" content=\"Tahmini okuma s\u00fcresi\" \/>\n\t<meta name=\"twitter:data2\" content=\"1 dakika\" \/>\n<script type=\"application\/ld+json\" class=\"yoast-schema-graph\">{\"@context\":\"https:\\\/\\\/schema.org\",\"@graph\":[{\"@type\":\"Article\",\"@id\":\"https:\\\/\\\/haberverkibris.com\\\/index.php\\\/2026\\\/05\\\/01\\\/banksyden-londranin-merkezine-gece-yarisi-operasyonu-nasil-yapti\\\/#article\",\"isPartOf\":{\"@id\":\"https:\\\/\\\/haberverkibris.com\\\/index.php\\\/2026\\\/05\\\/01\\\/banksyden-londranin-merkezine-gece-yarisi-operasyonu-nasil-yapti\\\/\"},\"author\":{\"name\":\"Haberver K\u0131br\u0131s\",\"@id\":\"https:\\\/\\\/haberverkibris.com\\\/#\\\/schema\\\/person\\\/29d65381ed43765483b5a185ded66a56\"},\"headline\":\"Banksy\u2019den Londra\u2019n\u0131n merkezine gece yar\u0131s\u0131 operasyonu: Nas\u0131l yapt\u0131?\",\"datePublished\":\"2026-05-01T14:04:44+00:00\",\"mainEntityOfPage\":{\"@id\":\"https:\\\/\\\/haberverkibris.com\\\/index.php\\\/2026\\\/05\\\/01\\\/banksyden-londranin-merkezine-gece-yarisi-operasyonu-nasil-yapti\\\/\"},\"wordCount\":222,\"commentCount\":0,\"image\":{\"@id\":\"https:\\\/\\\/haberverkibris.com\\\/index.php\\\/2026\\\/05\\\/01\\\/banksyden-londranin-merkezine-gece-yarisi-operasyonu-nasil-yapti\\\/#primaryimage\"},\"thumbnailUrl\":\"https:\\\/\\\/haberverkibris.com\\\/wp-content\\\/uploads\\\/2026\\\/05\\\/banksy-heykel-aa-2457645.jpg\",\"articleSection\":[\"D\u00fcnya\"],\"inLanguage\":\"tr\",\"potentialAction\":[{\"@type\":\"CommentAction\",\"name\":\"Comment\",\"target\":[\"https:\\\/\\\/haberverkibris.com\\\/index.php\\\/2026\\\/05\\\/01\\\/banksyden-londranin-merkezine-gece-yarisi-operasyonu-nasil-yapti\\\/#respond\"]}]},{\"@type\":\"WebPage\",\"@id\":\"https:\\\/\\\/haberverkibris.com\\\/index.php\\\/2026\\\/05\\\/01\\\/banksyden-londranin-merkezine-gece-yarisi-operasyonu-nasil-yapti\\\/\",\"url\":\"https:\\\/\\\/haberverkibris.com\\\/index.php\\\/2026\\\/05\\\/01\\\/banksyden-londranin-merkezine-gece-yarisi-operasyonu-nasil-yapti\\\/\",\"name\":\"Banksy\u2019den Londra\u2019n\u0131n merkezine gece yar\u0131s\u0131 operasyonu: Nas\u0131l yapt\u0131? - Haber Ver K\u0131br\u0131s\",\"isPartOf\":{\"@id\":\"https:\\\/\\\/haberverkibris.com\\\/#website\"},\"primaryImageOfPage\":{\"@id\":\"https:\\\/\\\/haberverkibris.com\\\/index.php\\\/2026\\\/05\\\/01\\\/banksyden-londranin-merkezine-gece-yarisi-operasyonu-nasil-yapti\\\/#primaryimage\"},\"image\":{\"@id\":\"https:\\\/\\\/haberverkibris.com\\\/index.php\\\/2026\\\/05\\\/01\\\/banksyden-londranin-merkezine-gece-yarisi-operasyonu-nasil-yapti\\\/#primaryimage\"},\"thumbnailUrl\":\"https:\\\/\\\/haberverkibris.com\\\/wp-content\\\/uploads\\\/2026\\\/05\\\/banksy-heykel-aa-2457645.jpg\",\"datePublished\":\"2026-05-01T14:04:44+00:00\",\"author\":{\"@id\":\"https:\\\/\\\/haberverkibris.com\\\/#\\\/schema\\\/person\\\/29d65381ed43765483b5a185ded66a56\"},\"breadcrumb\":{\"@id\":\"https:\\\/\\\/haberverkibris.com\\\/index.php\\\/2026\\\/05\\\/01\\\/banksyden-londranin-merkezine-gece-yarisi-operasyonu-nasil-yapti\\\/#breadcrumb\"},\"inLanguage\":\"tr\",\"potentialAction\":[{\"@type\":\"ReadAction\",\"target\":[\"https:\\\/\\\/haberverkibris.com\\\/index.php\\\/2026\\\/05\\\/01\\\/banksyden-londranin-merkezine-gece-yarisi-operasyonu-nasil-yapti\\\/\"]}]},{\"@type\":\"ImageObject\",\"inLanguage\":\"tr\",\"@id\":\"https:\\\/\\\/haberverkibris.com\\\/index.php\\\/2026\\\/05\\\/01\\\/banksyden-londranin-merkezine-gece-yarisi-operasyonu-nasil-yapti\\\/#primaryimage\",\"url\":\"https:\\\/\\\/haberverkibris.com\\\/wp-content\\\/uploads\\\/2026\\\/05\\\/banksy-heykel-aa-2457645.jpg\",\"contentUrl\":\"https:\\\/\\\/haberverkibris.com\\\/wp-content\\\/uploads\\\/2026\\\/05\\\/banksy-heykel-aa-2457645.jpg\",\"width\":1280,\"height\":720},{\"@type\":\"BreadcrumbList\",\"@id\":\"https:\\\/\\\/haberverkibris.com\\\/index.php\\\/2026\\\/05\\\/01\\\/banksyden-londranin-merkezine-gece-yarisi-operasyonu-nasil-yapti\\\/#breadcrumb\",\"itemListElement\":[{\"@type\":\"ListItem\",\"position\":1,\"name\":\"Anasayfa\",\"item\":\"https:\\\/\\\/haberverkibris.com\\\/\"},{\"@type\":\"ListItem\",\"position\":2,\"name\":\"Banksy\u2019den Londra\u2019n\u0131n merkezine gece yar\u0131s\u0131 operasyonu: Nas\u0131l yapt\u0131?\"}]},{\"@type\":\"WebSite\",\"@id\":\"https:\\\/\\\/haberverkibris.com\\\/#website\",\"url\":\"https:\\\/\\\/haberverkibris.com\\\/\",\"name\":\"Kuzeyin Sesi\",\"description\":\"Do\u011fru Haberin Adresi\",\"potentialAction\":[{\"@type\":\"SearchAction\",\"target\":{\"@type\":\"EntryPoint\",\"urlTemplate\":\"https:\\\/\\\/haberverkibris.com\\\/?s={search_term_string}\"},\"query-input\":{\"@type\":\"PropertyValueSpecification\",\"valueRequired\":true,\"valueName\":\"search_term_string\"}}],\"inLanguage\":\"tr\"},{\"@type\":\"Person\",\"@id\":\"https:\\\/\\\/haberverkibris.com\\\/#\\\/schema\\\/person\\\/29d65381ed43765483b5a185ded66a56\",\"name\":\"Haberver K\u0131br\u0131s\",\"image\":{\"@type\":\"ImageObject\",\"inLanguage\":\"tr\",\"@id\":\"https:\\\/\\\/secure.gravatar.com\\\/avatar\\\/bab33852abfd8b282518d6ed81826833d77c3c882d9ab608add591ccace47a44?s=96&d=mm&r=g\",\"url\":\"https:\\\/\\\/secure.gravatar.com\\\/avatar\\\/bab33852abfd8b282518d6ed81826833d77c3c882d9ab608add591ccace47a44?s=96&d=mm&r=g\",\"contentUrl\":\"https:\\\/\\\/secure.gravatar.com\\\/avatar\\\/bab33852abfd8b282518d6ed81826833d77c3c882d9ab608add591ccace47a44?s=96&d=mm&r=g\",\"caption\":\"Haberver K\u0131br\u0131s\"},\"sameAs\":[\"https:\\\/\\\/haberverkibris.com\"],\"url\":\"https:\\\/\\\/haberverkibris.com\\\/index.php\\\/author\\\/guven\\\/\"}]}<\/script>\n<!-- \/ Yoast SEO plugin. -->","yoast_head_json":{"title":"Banksy\u2019den Londra\u2019n\u0131n merkezine gece yar\u0131s\u0131 operasyonu: Nas\u0131l yapt\u0131? - Haber Ver K\u0131br\u0131s","robots":{"index":"index","follow":"follow","max-snippet":"max-snippet:-1","max-image-preview":"max-image-preview:large","max-video-preview":"max-video-preview:-1"},"canonical":"https:\/\/haberverkibris.com\/index.php\/2026\/05\/01\/banksyden-londranin-merkezine-gece-yarisi-operasyonu-nasil-yapti\/","og_locale":"tr_TR","og_type":"article","og_title":"Banksy\u2019den Londra\u2019n\u0131n merkezine gece yar\u0131s\u0131 operasyonu: Nas\u0131l yapt\u0131? - Haber Ver K\u0131br\u0131s","og_description":"&#13; Londra\u2019n\u0131n merkezindeki Waterloo Place\u2019e, y\u00fcz\u00fc bayrakla \u00f6rt\u00fclm\u00fc\u015f tak\u0131m elbiseli bir lideri temsil eden devasa bir heykelin yerle\u015ftirilmesi, &#8220;Bu kadar g\u00fcvenlik varken nas\u0131l ba\u015far\u0131ld\u0131?&#8221; sorusunu ak\u0131llara getirdi. &#13; Sanat\u00e7\u0131n\u0131n payla\u015ft\u0131\u011f\u0131 g\u00f6r\u00fcnt\u00fcler, aylarca s\u00fcren haz\u0131rl\u0131\u011f\u0131n ard\u0131ndan uygulaman\u0131n sadece dakikalar i\u00e7inde tamamland\u0131\u011f\u0131n\u0131 g\u00f6steriyor. Gece karanl\u0131\u011f\u0131nda, trafik konileri ve turuncu yelekli profesyonel bir ekiple b\u00f6lgeye giren Banksy, devasa [&hellip;]","og_url":"https:\/\/haberverkibris.com\/index.php\/2026\/05\/01\/banksyden-londranin-merkezine-gece-yarisi-operasyonu-nasil-yapti\/","og_site_name":"Haber Ver K\u0131br\u0131s","article_publisher":"https:\/\/www.facebook.com\/kuzeyinsesii","article_published_time":"2026-05-01T14:04:44+00:00","og_image":[{"url":"https:\/\/www.trthaber.com\/dosyalar\/images\/aa_picture_20260430_41251209.jpg","type":"","width":"","height":""}],"author":"Haberver K\u0131br\u0131s","twitter_card":"summary_large_image","twitter_creator":"@kuzeyinsesii","twitter_site":"@kuzeyinsesii","twitter_misc":{"Yazan:":"Haberver K\u0131br\u0131s","Tahmini okuma s\u00fcresi":"1 dakika"},"schema":{"@context":"https:\/\/schema.org","@graph":[{"@type":"Article","@id":"https:\/\/haberverkibris.com\/index.php\/2026\/05\/01\/banksyden-londranin-merkezine-gece-yarisi-operasyonu-nasil-yapti\/#article","isPartOf":{"@id":"https:\/\/haberverkibris.com\/index.php\/2026\/05\/01\/banksyden-londranin-merkezine-gece-yarisi-operasyonu-nasil-yapti\/"},"author":{"name":"Haberver K\u0131br\u0131s","@id":"https:\/\/haberverkibris.com\/#\/schema\/person\/29d65381ed43765483b5a185ded66a56"},"headline":"Banksy\u2019den Londra\u2019n\u0131n merkezine gece yar\u0131s\u0131 operasyonu: Nas\u0131l yapt\u0131?","datePublished":"2026-05-01T14:04:44+00:00","mainEntityOfPage":{"@id":"https:\/\/haberverkibris.com\/index.php\/2026\/05\/01\/banksyden-londranin-merkezine-gece-yarisi-operasyonu-nasil-yapti\/"},"wordCount":222,"commentCount":0,"image":{"@id":"https:\/\/haberverkibris.com\/index.php\/2026\/05\/01\/banksyden-londranin-merkezine-gece-yarisi-operasyonu-nasil-yapti\/#primaryimage"},"thumbnailUrl":"https:\/\/haberverkibris.com\/wp-content\/uploads\/2026\/05\/banksy-heykel-aa-2457645.jpg","articleSection":["D\u00fcnya"],"inLanguage":"tr","potentialAction":[{"@type":"CommentAction","name":"Comment","target":["https:\/\/haberverkibris.com\/index.php\/2026\/05\/01\/banksyden-londranin-merkezine-gece-yarisi-operasyonu-nasil-yapti\/#respond"]}]},{"@type":"WebPage","@id":"https:\/\/haberverkibris.com\/index.php\/2026\/05\/01\/banksyden-londranin-merkezine-gece-yarisi-operasyonu-nasil-yapti\/","url":"https:\/\/haberverkibris.com\/index.php\/2026\/05\/01\/banksyden-londranin-merkezine-gece-yarisi-operasyonu-nasil-yapti\/","name":"Banksy\u2019den Londra\u2019n\u0131n merkezine gece yar\u0131s\u0131 operasyonu: Nas\u0131l yapt\u0131? - Haber Ver K\u0131br\u0131s","isPartOf":{"@id":"https:\/\/haberverkibris.com\/#website"},"primaryImageOfPage":{"@id":"https:\/\/haberverkibris.com\/index.php\/2026\/05\/01\/banksyden-londranin-merkezine-gece-yarisi-operasyonu-nasil-yapti\/#primaryimage"},"image":{"@id":"https:\/\/haberverkibris.com\/index.php\/2026\/05\/01\/banksyden-londranin-merkezine-gece-yarisi-operasyonu-nasil-yapti\/#primaryimage"},"thumbnailUrl":"https:\/\/haberverkibris.com\/wp-content\/uploads\/2026\/05\/banksy-heykel-aa-2457645.jpg","datePublished":"2026-05-01T14:04:44+00:00","author":{"@id":"https:\/\/haberverkibris.com\/#\/schema\/person\/29d65381ed43765483b5a185ded66a56"},"breadcrumb":{"@id":"https:\/\/haberverkibris.com\/index.php\/2026\/05\/01\/banksyden-londranin-merkezine-gece-yarisi-operasyonu-nasil-yapti\/#breadcrumb"},"inLanguage":"tr","potentialAction":[{"@type":"ReadAction","target":["https:\/\/haberverkibris.com\/index.php\/2026\/05\/01\/banksyden-londranin-merkezine-gece-yarisi-operasyonu-nasil-yapti\/"]}]},{"@type":"ImageObject","inLanguage":"tr","@id":"https:\/\/haberverkibris.com\/index.php\/2026\/05\/01\/banksyden-londranin-merkezine-gece-yarisi-operasyonu-nasil-yapti\/#primaryimage","url":"https:\/\/haberverkibris.com\/wp-content\/uploads\/2026\/05\/banksy-heykel-aa-2457645.jpg","contentUrl":"https:\/\/haberverkibris.com\/wp-content\/uploads\/2026\/05\/banksy-heykel-aa-2457645.jpg","width":1280,"height":720},{"@type":"BreadcrumbList","@id":"https:\/\/haberverkibris.com\/index.php\/2026\/05\/01\/banksyden-londranin-merkezine-gece-yarisi-operasyonu-nasil-yapti\/#breadcrumb","itemListElement":[{"@type":"ListItem","position":1,"name":"Anasayfa","item":"https:\/\/haberverkibris.com\/"},{"@type":"ListItem","position":2,"name":"Banksy\u2019den Londra\u2019n\u0131n merkezine gece yar\u0131s\u0131 operasyonu: Nas\u0131l yapt\u0131?"}]},{"@type":"WebSite","@id":"https:\/\/haberverkibris.com\/#website","url":"https:\/\/haberverkibris.com\/","name":"Kuzeyin Sesi","description":"Do\u011fru Haberin Adresi","potentialAction":[{"@type":"SearchAction","target":{"@type":"EntryPoint","urlTemplate":"https:\/\/haberverkibris.com\/?s={search_term_string}"},"query-input":{"@type":"PropertyValueSpecification","valueRequired":true,"valueName":"search_term_string"}}],"inLanguage":"tr"},{"@type":"Person","@id":"https:\/\/haberverkibris.com\/#\/schema\/person\/29d65381ed43765483b5a185ded66a56","name":"Haberver K\u0131br\u0131s","image":{"@type":"ImageObject","inLanguage":"tr","@id":"https:\/\/secure.gravatar.com\/avatar\/bab33852abfd8b282518d6ed81826833d77c3c882d9ab608add591ccace47a44?s=96&d=mm&r=g","url":"https:\/\/secure.gravatar.com\/avatar\/bab33852abfd8b282518d6ed81826833d77c3c882d9ab608add591ccace47a44?s=96&d=mm&r=g","contentUrl":"https:\/\/secure.gravatar.com\/avatar\/bab33852abfd8b282518d6ed81826833d77c3c882d9ab608add591ccace47a44?s=96&d=mm&r=g","caption":"Haberver K\u0131br\u0131s"},"sameAs":["https:\/\/haberverkibris.com"],"url":"https:\/\/haberverkibris.com\/index.php\/author\/guven\/"}]}},"_links":{"self":[{"href":"https:\/\/haberverkibris.com\/index.php\/wp-json\/wp\/v2\/posts\/34689","targetHints":{"allow":["GET"]}}],"collection":[{"href":"https:\/\/haberverkibris.com\/index.php\/wp-json\/wp\/v2\/posts"}],"about":[{"href":"https:\/\/haberverkibris.com\/index.php\/wp-json\/wp\/v2\/types\/post"}],"author":[{"embeddable":true,"href":"https:\/\/haberverkibris.com\/index.php\/wp-json\/wp\/v2\/users\/1"}],"replies":[{"embeddable":true,"href":"https:\/\/haberverkibris.com\/index.php\/wp-json\/wp\/v2\/comments?post=34689"}],"version-history":[{"count":0,"href":"https:\/\/haberverkibris.com\/index.php\/wp-json\/wp\/v2\/posts\/34689\/revisions"}],"wp:featuredmedia":[{"embeddable":true,"href":"https:\/\/haberverkibris.com\/index.php\/wp-json\/wp\/v2\/media\/34690"}],"wp:attachment":[{"href":"https:\/\/haberverkibris.com\/index.php\/wp-json\/wp\/v2\/media?parent=34689"}],"wp:term":[{"taxonomy":"category","embeddable":true,"href":"https:\/\/haberverkibris.com\/index.php\/wp-json\/wp\/v2\/categories?post=34689"},{"taxonomy":"post_tag","embeddable":true,"href":"https:\/\/haberverkibris.com\/index.php\/wp-json\/wp\/v2\/tags?post=34689"}],"curies":[{"name":"wp","href":"https:\/\/api.w.org\/{rel}","templated":true}]}}