{"id":34685,"date":"2026-05-01T15:58:34","date_gmt":"2026-05-01T12:58:34","guid":{"rendered":"https:\/\/haberverkibris.com\/index.php\/2026\/05\/01\/bakan-ertugruloglu-trtnin-62-kurulus-yil-donumunu-kutladi\/"},"modified":"2026-05-01T15:58:44","modified_gmt":"2026-05-01T12:58:44","slug":"bakan-ertugruloglu-trtnin-62-kurulus-yil-donumunu-kutladi","status":"publish","type":"post","link":"https:\/\/haberverkibris.com\/index.php\/2026\/05\/01\/bakan-ertugruloglu-trtnin-62-kurulus-yil-donumunu-kutladi\/","title":{"rendered":"Bakan Ertu\u011frulo\u011flu TRT\u2019nin 62. kurulu\u015f y\u0131l d\u00f6n\u00fcm\u00fcn\u00fc kutlad\u0131"},"content":{"rendered":"<p style=\"font-weight: 300\">D\u0131\u015fi\u015fleri Bakan\u0131 Tahsin Ertu\u011frulo\u011flu, T\u00fcrkiye Radyo Televizyon Kurumu\u2019nun (TRT) 62. kurulu\u015f y\u0131l d\u00f6n\u00fcm\u00fcn\u00fc kutlad\u0131; TRT\u2019nin\u00a0<span style=\"font-weight: 300 !important\">K\u0131br\u0131s T\u00fcrk\u00fcn\u00fcn hakl\u0131 sesini de d\u00fcnyaya ula\u015ft\u0131ran bir k\u00f6pr\u00fc oldu\u011funu vurgulad\u0131.<\/span><\/p>\n<p style=\"font-weight: 300\">Bakan Ertu\u011frulo\u011flu kutlama mesaj\u0131nda, \u201c<span style=\"font-weight: 300 !important\">K\u0131br\u0131s T\u00fcrk\u00fcn\u00fcn hakl\u0131 sesini de d\u00fcnyaya ula\u015ft\u0131ran bir k\u00f6pr\u00fc olan, ge\u00e7mi\u015fin miras\u0131n\u0131 gelece\u011fin vizyonuyla birle\u015ftiren TRT\u2019nin 62. kurulu\u015f y\u0131l d\u00f6n\u00fcm\u00fcn\u00fc kutlar\u0131m<\/span>. Hem bellek hem gelecek olma sorumlulu\u011fuyla ge\u00e7en yar\u0131m asr\u0131 a\u015fk\u0131n TRT\u2019nin bu gurur yolculu\u011funda, eme\u011fi ge\u00e7en herkesi kutluyor, nice ba\u015far\u0131l\u0131 y\u0131llar diliyorum.\u201d dedi.<\/p>\n","protected":false},"excerpt":{"rendered":"<p>D\u0131\u015fi\u015fleri Bakan\u0131 Tahsin Ertu\u011frulo\u011flu, T\u00fcrkiye Radyo Televizyon Kurumu\u2019nun (TRT) 62. kurulu\u015f y\u0131l d\u00f6n\u00fcm\u00fcn\u00fc kutlad\u0131; TRT\u2019nin\u00a0K\u0131br\u0131s T\u00fcrk\u00fcn\u00fcn hakl\u0131 sesini de d\u00fcnyaya ula\u015ft\u0131ran bir k\u00f6pr\u00fc oldu\u011funu vurgulad\u0131. Bakan Ertu\u011frulo\u011flu kutlama mesaj\u0131nda, \u201cK\u0131br\u0131s T\u00fcrk\u00fcn\u00fcn hakl\u0131 sesini de d\u00fcnyaya ula\u015ft\u0131ran bir k\u00f6pr\u00fc olan, ge\u00e7mi\u015fin miras\u0131n\u0131 gelece\u011fin vizyonuyla birle\u015ftiren TRT\u2019nin 62. kurulu\u015f y\u0131l d\u00f6n\u00fcm\u00fcn\u00fc kutlar\u0131m. Hem bellek hem gelecek olma [&hellip;]<\/p>\n","protected":false},"author":1,"featured_media":34686,"comment_status":"open","ping_status":"open","sticky":false,"template":"","format":"standard","meta":{"jnews-multi-image_gallery":[],"jnews_single_post":[],"jnews_primary_category":[],"jnews_social_meta":[],"jnews_override_counter":[],"footnotes":""},"categories":[1],"tags":[],"class_list":["post-34685","post","type-post","status-publish","format-standard","has-post-thumbnail","hentry","category-kibris"],"yoast_head":"<!-- This site is optimized with the Yoast SEO plugin v27.5 - https:\/\/yoast.com\/product\/yoast-seo-wordpress\/ -->\n<title>Bakan Ertu\u011frulo\u011flu TRT\u2019nin 62. kurulu\u015f y\u0131l d\u00f6n\u00fcm\u00fcn\u00fc kutlad\u0131 - Haber Ver K\u0131br\u0131s<\/title>\n<meta name=\"robots\" content=\"index, follow, max-snippet:-1, max-image-preview:large, max-video-preview:-1\" \/>\n<link rel=\"canonical\" href=\"https:\/\/haberverkibris.com\/index.php\/2026\/05\/01\/bakan-ertugruloglu-trtnin-62-kurulus-yil-donumunu-kutladi\/\" \/>\n<meta property=\"og:locale\" content=\"tr_TR\" \/>\n<meta property=\"og:type\" content=\"article\" \/>\n<meta property=\"og:title\" content=\"Bakan Ertu\u011frulo\u011flu TRT\u2019nin 62. kurulu\u015f y\u0131l d\u00f6n\u00fcm\u00fcn\u00fc kutlad\u0131 - Haber Ver K\u0131br\u0131s\" \/>\n<meta property=\"og:description\" content=\"D\u0131\u015fi\u015fleri Bakan\u0131 Tahsin Ertu\u011frulo\u011flu, T\u00fcrkiye Radyo Televizyon Kurumu\u2019nun (TRT) 62. kurulu\u015f y\u0131l d\u00f6n\u00fcm\u00fcn\u00fc kutlad\u0131; TRT\u2019nin\u00a0K\u0131br\u0131s T\u00fcrk\u00fcn\u00fcn hakl\u0131 sesini de d\u00fcnyaya ula\u015ft\u0131ran bir k\u00f6pr\u00fc oldu\u011funu vurgulad\u0131. Bakan Ertu\u011frulo\u011flu kutlama mesaj\u0131nda, \u201cK\u0131br\u0131s T\u00fcrk\u00fcn\u00fcn hakl\u0131 sesini de d\u00fcnyaya ula\u015ft\u0131ran bir k\u00f6pr\u00fc olan, ge\u00e7mi\u015fin miras\u0131n\u0131 gelece\u011fin vizyonuyla birle\u015ftiren TRT\u2019nin 62. kurulu\u015f y\u0131l d\u00f6n\u00fcm\u00fcn\u00fc kutlar\u0131m. Hem bellek hem gelecek olma [&hellip;]\" \/>\n<meta property=\"og:url\" content=\"https:\/\/haberverkibris.com\/index.php\/2026\/05\/01\/bakan-ertugruloglu-trtnin-62-kurulus-yil-donumunu-kutladi\/\" \/>\n<meta property=\"og:site_name\" content=\"Haber Ver K\u0131br\u0131s\" \/>\n<meta property=\"article:publisher\" content=\"https:\/\/www.facebook.com\/kuzeyinsesii\" \/>\n<meta property=\"article:published_time\" content=\"2026-05-01T12:58:34+00:00\" \/>\n<meta property=\"article:modified_time\" content=\"2026-05-01T12:58:44+00:00\" \/>\n<meta property=\"og:image\" content=\"https:\/\/haberverkibris.com\/wp-content\/uploads\/2026\/05\/1763110364965tahsin-1.jpg\" \/>\n\t<meta property=\"og:image:width\" content=\"1423\" \/>\n\t<meta property=\"og:image:height\" content=\"1000\" \/>\n\t<meta property=\"og:image:type\" content=\"image\/jpeg\" \/>\n<meta name=\"author\" content=\"Haberver K\u0131br\u0131s\" \/>\n<meta name=\"twitter:card\" content=\"summary_large_image\" \/>\n<meta name=\"twitter:creator\" content=\"@kuzeyinsesii\" \/>\n<meta name=\"twitter:site\" content=\"@kuzeyinsesii\" \/>\n<meta name=\"twitter:label1\" content=\"Yazan:\" \/>\n\t<meta name=\"twitter:data1\" content=\"Haberver K\u0131br\u0131s\" \/>\n\t<meta name=\"twitter:label2\" content=\"Tahmini okuma s\u00fcresi\" \/>\n\t<meta name=\"twitter:data2\" content=\"1 dakika\" \/>\n<script type=\"application\/ld+json\" class=\"yoast-schema-graph\">{\"@context\":\"https:\\\/\\\/schema.org\",\"@graph\":[{\"@type\":\"Article\",\"@id\":\"https:\\\/\\\/haberverkibris.com\\\/index.php\\\/2026\\\/05\\\/01\\\/bakan-ertugruloglu-trtnin-62-kurulus-yil-donumunu-kutladi\\\/#article\",\"isPartOf\":{\"@id\":\"https:\\\/\\\/haberverkibris.com\\\/index.php\\\/2026\\\/05\\\/01\\\/bakan-ertugruloglu-trtnin-62-kurulus-yil-donumunu-kutladi\\\/\"},\"author\":{\"name\":\"Haberver K\u0131br\u0131s\",\"@id\":\"https:\\\/\\\/haberverkibris.com\\\/#\\\/schema\\\/person\\\/29d65381ed43765483b5a185ded66a56\"},\"headline\":\"Bakan Ertu\u011frulo\u011flu TRT\u2019nin 62. kurulu\u015f y\u0131l d\u00f6n\u00fcm\u00fcn\u00fc kutlad\u0131\",\"datePublished\":\"2026-05-01T12:58:34+00:00\",\"dateModified\":\"2026-05-01T12:58:44+00:00\",\"mainEntityOfPage\":{\"@id\":\"https:\\\/\\\/haberverkibris.com\\\/index.php\\\/2026\\\/05\\\/01\\\/bakan-ertugruloglu-trtnin-62-kurulus-yil-donumunu-kutladi\\\/\"},\"wordCount\":142,\"commentCount\":0,\"image\":{\"@id\":\"https:\\\/\\\/haberverkibris.com\\\/index.php\\\/2026\\\/05\\\/01\\\/bakan-ertugruloglu-trtnin-62-kurulus-yil-donumunu-kutladi\\\/#primaryimage\"},\"thumbnailUrl\":\"https:\\\/\\\/haberverkibris.com\\\/wp-content\\\/uploads\\\/2026\\\/05\\\/1763110364965tahsin-1.jpg\",\"articleSection\":[\"K\u0131br\u0131s\"],\"inLanguage\":\"tr\",\"potentialAction\":[{\"@type\":\"CommentAction\",\"name\":\"Comment\",\"target\":[\"https:\\\/\\\/haberverkibris.com\\\/index.php\\\/2026\\\/05\\\/01\\\/bakan-ertugruloglu-trtnin-62-kurulus-yil-donumunu-kutladi\\\/#respond\"]}]},{\"@type\":\"WebPage\",\"@id\":\"https:\\\/\\\/haberverkibris.com\\\/index.php\\\/2026\\\/05\\\/01\\\/bakan-ertugruloglu-trtnin-62-kurulus-yil-donumunu-kutladi\\\/\",\"url\":\"https:\\\/\\\/haberverkibris.com\\\/index.php\\\/2026\\\/05\\\/01\\\/bakan-ertugruloglu-trtnin-62-kurulus-yil-donumunu-kutladi\\\/\",\"name\":\"Bakan Ertu\u011frulo\u011flu TRT\u2019nin 62. kurulu\u015f y\u0131l d\u00f6n\u00fcm\u00fcn\u00fc kutlad\u0131 - Haber Ver K\u0131br\u0131s\",\"isPartOf\":{\"@id\":\"https:\\\/\\\/haberverkibris.com\\\/#website\"},\"primaryImageOfPage\":{\"@id\":\"https:\\\/\\\/haberverkibris.com\\\/index.php\\\/2026\\\/05\\\/01\\\/bakan-ertugruloglu-trtnin-62-kurulus-yil-donumunu-kutladi\\\/#primaryimage\"},\"image\":{\"@id\":\"https:\\\/\\\/haberverkibris.com\\\/index.php\\\/2026\\\/05\\\/01\\\/bakan-ertugruloglu-trtnin-62-kurulus-yil-donumunu-kutladi\\\/#primaryimage\"},\"thumbnailUrl\":\"https:\\\/\\\/haberverkibris.com\\\/wp-content\\\/uploads\\\/2026\\\/05\\\/1763110364965tahsin-1.jpg\",\"datePublished\":\"2026-05-01T12:58:34+00:00\",\"dateModified\":\"2026-05-01T12:58:44+00:00\",\"author\":{\"@id\":\"https:\\\/\\\/haberverkibris.com\\\/#\\\/schema\\\/person\\\/29d65381ed43765483b5a185ded66a56\"},\"breadcrumb\":{\"@id\":\"https:\\\/\\\/haberverkibris.com\\\/index.php\\\/2026\\\/05\\\/01\\\/bakan-ertugruloglu-trtnin-62-kurulus-yil-donumunu-kutladi\\\/#breadcrumb\"},\"inLanguage\":\"tr\",\"potentialAction\":[{\"@type\":\"ReadAction\",\"target\":[\"https:\\\/\\\/haberverkibris.com\\\/index.php\\\/2026\\\/05\\\/01\\\/bakan-ertugruloglu-trtnin-62-kurulus-yil-donumunu-kutladi\\\/\"]}]},{\"@type\":\"ImageObject\",\"inLanguage\":\"tr\",\"@id\":\"https:\\\/\\\/haberverkibris.com\\\/index.php\\\/2026\\\/05\\\/01\\\/bakan-ertugruloglu-trtnin-62-kurulus-yil-donumunu-kutladi\\\/#primaryimage\",\"url\":\"https:\\\/\\\/haberverkibris.com\\\/wp-content\\\/uploads\\\/2026\\\/05\\\/1763110364965tahsin-1.jpg\",\"contentUrl\":\"https:\\\/\\\/haberverkibris.com\\\/wp-content\\\/uploads\\\/2026\\\/05\\\/1763110364965tahsin-1.jpg\",\"width\":1423,\"height\":1000},{\"@type\":\"BreadcrumbList\",\"@id\":\"https:\\\/\\\/haberverkibris.com\\\/index.php\\\/2026\\\/05\\\/01\\\/bakan-ertugruloglu-trtnin-62-kurulus-yil-donumunu-kutladi\\\/#breadcrumb\",\"itemListElement\":[{\"@type\":\"ListItem\",\"position\":1,\"name\":\"Anasayfa\",\"item\":\"https:\\\/\\\/haberverkibris.com\\\/\"},{\"@type\":\"ListItem\",\"position\":2,\"name\":\"Bakan Ertu\u011frulo\u011flu TRT\u2019nin 62. kurulu\u015f y\u0131l d\u00f6n\u00fcm\u00fcn\u00fc kutlad\u0131\"}]},{\"@type\":\"WebSite\",\"@id\":\"https:\\\/\\\/haberverkibris.com\\\/#website\",\"url\":\"https:\\\/\\\/haberverkibris.com\\\/\",\"name\":\"Kuzeyin Sesi\",\"description\":\"Do\u011fru Haberin Adresi\",\"potentialAction\":[{\"@type\":\"SearchAction\",\"target\":{\"@type\":\"EntryPoint\",\"urlTemplate\":\"https:\\\/\\\/haberverkibris.com\\\/?s={search_term_string}\"},\"query-input\":{\"@type\":\"PropertyValueSpecification\",\"valueRequired\":true,\"valueName\":\"search_term_string\"}}],\"inLanguage\":\"tr\"},{\"@type\":\"Person\",\"@id\":\"https:\\\/\\\/haberverkibris.com\\\/#\\\/schema\\\/person\\\/29d65381ed43765483b5a185ded66a56\",\"name\":\"Haberver K\u0131br\u0131s\",\"image\":{\"@type\":\"ImageObject\",\"inLanguage\":\"tr\",\"@id\":\"https:\\\/\\\/secure.gravatar.com\\\/avatar\\\/bab33852abfd8b282518d6ed81826833d77c3c882d9ab608add591ccace47a44?s=96&d=mm&r=g\",\"url\":\"https:\\\/\\\/secure.gravatar.com\\\/avatar\\\/bab33852abfd8b282518d6ed81826833d77c3c882d9ab608add591ccace47a44?s=96&d=mm&r=g\",\"contentUrl\":\"https:\\\/\\\/secure.gravatar.com\\\/avatar\\\/bab33852abfd8b282518d6ed81826833d77c3c882d9ab608add591ccace47a44?s=96&d=mm&r=g\",\"caption\":\"Haberver K\u0131br\u0131s\"},\"sameAs\":[\"https:\\\/\\\/haberverkibris.com\"],\"url\":\"https:\\\/\\\/haberverkibris.com\\\/index.php\\\/author\\\/guven\\\/\"}]}<\/script>\n<!-- \/ Yoast SEO plugin. -->","yoast_head_json":{"title":"Bakan Ertu\u011frulo\u011flu TRT\u2019nin 62. kurulu\u015f y\u0131l d\u00f6n\u00fcm\u00fcn\u00fc kutlad\u0131 - Haber Ver K\u0131br\u0131s","robots":{"index":"index","follow":"follow","max-snippet":"max-snippet:-1","max-image-preview":"max-image-preview:large","max-video-preview":"max-video-preview:-1"},"canonical":"https:\/\/haberverkibris.com\/index.php\/2026\/05\/01\/bakan-ertugruloglu-trtnin-62-kurulus-yil-donumunu-kutladi\/","og_locale":"tr_TR","og_type":"article","og_title":"Bakan Ertu\u011frulo\u011flu TRT\u2019nin 62. kurulu\u015f y\u0131l d\u00f6n\u00fcm\u00fcn\u00fc kutlad\u0131 - Haber Ver K\u0131br\u0131s","og_description":"D\u0131\u015fi\u015fleri Bakan\u0131 Tahsin Ertu\u011frulo\u011flu, T\u00fcrkiye Radyo Televizyon Kurumu\u2019nun (TRT) 62. kurulu\u015f y\u0131l d\u00f6n\u00fcm\u00fcn\u00fc kutlad\u0131; TRT\u2019nin\u00a0K\u0131br\u0131s T\u00fcrk\u00fcn\u00fcn hakl\u0131 sesini de d\u00fcnyaya ula\u015ft\u0131ran bir k\u00f6pr\u00fc oldu\u011funu vurgulad\u0131. Bakan Ertu\u011frulo\u011flu kutlama mesaj\u0131nda, \u201cK\u0131br\u0131s T\u00fcrk\u00fcn\u00fcn hakl\u0131 sesini de d\u00fcnyaya ula\u015ft\u0131ran bir k\u00f6pr\u00fc olan, ge\u00e7mi\u015fin miras\u0131n\u0131 gelece\u011fin vizyonuyla birle\u015ftiren TRT\u2019nin 62. kurulu\u015f y\u0131l d\u00f6n\u00fcm\u00fcn\u00fc kutlar\u0131m. Hem bellek hem gelecek olma [&hellip;]","og_url":"https:\/\/haberverkibris.com\/index.php\/2026\/05\/01\/bakan-ertugruloglu-trtnin-62-kurulus-yil-donumunu-kutladi\/","og_site_name":"Haber Ver K\u0131br\u0131s","article_publisher":"https:\/\/www.facebook.com\/kuzeyinsesii","article_published_time":"2026-05-01T12:58:34+00:00","article_modified_time":"2026-05-01T12:58:44+00:00","og_image":[{"width":1423,"height":1000,"url":"https:\/\/haberverkibris.com\/wp-content\/uploads\/2026\/05\/1763110364965tahsin-1.jpg","type":"image\/jpeg"}],"author":"Haberver K\u0131br\u0131s","twitter_card":"summary_large_image","twitter_creator":"@kuzeyinsesii","twitter_site":"@kuzeyinsesii","twitter_misc":{"Yazan:":"Haberver K\u0131br\u0131s","Tahmini okuma s\u00fcresi":"1 dakika"},"schema":{"@context":"https:\/\/schema.org","@graph":[{"@type":"Article","@id":"https:\/\/haberverkibris.com\/index.php\/2026\/05\/01\/bakan-ertugruloglu-trtnin-62-kurulus-yil-donumunu-kutladi\/#article","isPartOf":{"@id":"https:\/\/haberverkibris.com\/index.php\/2026\/05\/01\/bakan-ertugruloglu-trtnin-62-kurulus-yil-donumunu-kutladi\/"},"author":{"name":"Haberver K\u0131br\u0131s","@id":"https:\/\/haberverkibris.com\/#\/schema\/person\/29d65381ed43765483b5a185ded66a56"},"headline":"Bakan Ertu\u011frulo\u011flu TRT\u2019nin 62. kurulu\u015f y\u0131l d\u00f6n\u00fcm\u00fcn\u00fc kutlad\u0131","datePublished":"2026-05-01T12:58:34+00:00","dateModified":"2026-05-01T12:58:44+00:00","mainEntityOfPage":{"@id":"https:\/\/haberverkibris.com\/index.php\/2026\/05\/01\/bakan-ertugruloglu-trtnin-62-kurulus-yil-donumunu-kutladi\/"},"wordCount":142,"commentCount":0,"image":{"@id":"https:\/\/haberverkibris.com\/index.php\/2026\/05\/01\/bakan-ertugruloglu-trtnin-62-kurulus-yil-donumunu-kutladi\/#primaryimage"},"thumbnailUrl":"https:\/\/haberverkibris.com\/wp-content\/uploads\/2026\/05\/1763110364965tahsin-1.jpg","articleSection":["K\u0131br\u0131s"],"inLanguage":"tr","potentialAction":[{"@type":"CommentAction","name":"Comment","target":["https:\/\/haberverkibris.com\/index.php\/2026\/05\/01\/bakan-ertugruloglu-trtnin-62-kurulus-yil-donumunu-kutladi\/#respond"]}]},{"@type":"WebPage","@id":"https:\/\/haberverkibris.com\/index.php\/2026\/05\/01\/bakan-ertugruloglu-trtnin-62-kurulus-yil-donumunu-kutladi\/","url":"https:\/\/haberverkibris.com\/index.php\/2026\/05\/01\/bakan-ertugruloglu-trtnin-62-kurulus-yil-donumunu-kutladi\/","name":"Bakan Ertu\u011frulo\u011flu TRT\u2019nin 62. kurulu\u015f y\u0131l d\u00f6n\u00fcm\u00fcn\u00fc kutlad\u0131 - Haber Ver K\u0131br\u0131s","isPartOf":{"@id":"https:\/\/haberverkibris.com\/#website"},"primaryImageOfPage":{"@id":"https:\/\/haberverkibris.com\/index.php\/2026\/05\/01\/bakan-ertugruloglu-trtnin-62-kurulus-yil-donumunu-kutladi\/#primaryimage"},"image":{"@id":"https:\/\/haberverkibris.com\/index.php\/2026\/05\/01\/bakan-ertugruloglu-trtnin-62-kurulus-yil-donumunu-kutladi\/#primaryimage"},"thumbnailUrl":"https:\/\/haberverkibris.com\/wp-content\/uploads\/2026\/05\/1763110364965tahsin-1.jpg","datePublished":"2026-05-01T12:58:34+00:00","dateModified":"2026-05-01T12:58:44+00:00","author":{"@id":"https:\/\/haberverkibris.com\/#\/schema\/person\/29d65381ed43765483b5a185ded66a56"},"breadcrumb":{"@id":"https:\/\/haberverkibris.com\/index.php\/2026\/05\/01\/bakan-ertugruloglu-trtnin-62-kurulus-yil-donumunu-kutladi\/#breadcrumb"},"inLanguage":"tr","potentialAction":[{"@type":"ReadAction","target":["https:\/\/haberverkibris.com\/index.php\/2026\/05\/01\/bakan-ertugruloglu-trtnin-62-kurulus-yil-donumunu-kutladi\/"]}]},{"@type":"ImageObject","inLanguage":"tr","@id":"https:\/\/haberverkibris.com\/index.php\/2026\/05\/01\/bakan-ertugruloglu-trtnin-62-kurulus-yil-donumunu-kutladi\/#primaryimage","url":"https:\/\/haberverkibris.com\/wp-content\/uploads\/2026\/05\/1763110364965tahsin-1.jpg","contentUrl":"https:\/\/haberverkibris.com\/wp-content\/uploads\/2026\/05\/1763110364965tahsin-1.jpg","width":1423,"height":1000},{"@type":"BreadcrumbList","@id":"https:\/\/haberverkibris.com\/index.php\/2026\/05\/01\/bakan-ertugruloglu-trtnin-62-kurulus-yil-donumunu-kutladi\/#breadcrumb","itemListElement":[{"@type":"ListItem","position":1,"name":"Anasayfa","item":"https:\/\/haberverkibris.com\/"},{"@type":"ListItem","position":2,"name":"Bakan Ertu\u011frulo\u011flu TRT\u2019nin 62. kurulu\u015f y\u0131l d\u00f6n\u00fcm\u00fcn\u00fc kutlad\u0131"}]},{"@type":"WebSite","@id":"https:\/\/haberverkibris.com\/#website","url":"https:\/\/haberverkibris.com\/","name":"Kuzeyin Sesi","description":"Do\u011fru Haberin Adresi","potentialAction":[{"@type":"SearchAction","target":{"@type":"EntryPoint","urlTemplate":"https:\/\/haberverkibris.com\/?s={search_term_string}"},"query-input":{"@type":"PropertyValueSpecification","valueRequired":true,"valueName":"search_term_string"}}],"inLanguage":"tr"},{"@type":"Person","@id":"https:\/\/haberverkibris.com\/#\/schema\/person\/29d65381ed43765483b5a185ded66a56","name":"Haberver K\u0131br\u0131s","image":{"@type":"ImageObject","inLanguage":"tr","@id":"https:\/\/secure.gravatar.com\/avatar\/bab33852abfd8b282518d6ed81826833d77c3c882d9ab608add591ccace47a44?s=96&d=mm&r=g","url":"https:\/\/secure.gravatar.com\/avatar\/bab33852abfd8b282518d6ed81826833d77c3c882d9ab608add591ccace47a44?s=96&d=mm&r=g","contentUrl":"https:\/\/secure.gravatar.com\/avatar\/bab33852abfd8b282518d6ed81826833d77c3c882d9ab608add591ccace47a44?s=96&d=mm&r=g","caption":"Haberver K\u0131br\u0131s"},"sameAs":["https:\/\/haberverkibris.com"],"url":"https:\/\/haberverkibris.com\/index.php\/author\/guven\/"}]}},"_links":{"self":[{"href":"https:\/\/haberverkibris.com\/index.php\/wp-json\/wp\/v2\/posts\/34685","targetHints":{"allow":["GET"]}}],"collection":[{"href":"https:\/\/haberverkibris.com\/index.php\/wp-json\/wp\/v2\/posts"}],"about":[{"href":"https:\/\/haberverkibris.com\/index.php\/wp-json\/wp\/v2\/types\/post"}],"author":[{"embeddable":true,"href":"https:\/\/haberverkibris.com\/index.php\/wp-json\/wp\/v2\/users\/1"}],"replies":[{"embeddable":true,"href":"https:\/\/haberverkibris.com\/index.php\/wp-json\/wp\/v2\/comments?post=34685"}],"version-history":[{"count":1,"href":"https:\/\/haberverkibris.com\/index.php\/wp-json\/wp\/v2\/posts\/34685\/revisions"}],"predecessor-version":[{"id":34687,"href":"https:\/\/haberverkibris.com\/index.php\/wp-json\/wp\/v2\/posts\/34685\/revisions\/34687"}],"wp:featuredmedia":[{"embeddable":true,"href":"https:\/\/haberverkibris.com\/index.php\/wp-json\/wp\/v2\/media\/34686"}],"wp:attachment":[{"href":"https:\/\/haberverkibris.com\/index.php\/wp-json\/wp\/v2\/media?parent=34685"}],"wp:term":[{"taxonomy":"category","embeddable":true,"href":"https:\/\/haberverkibris.com\/index.php\/wp-json\/wp\/v2\/categories?post=34685"},{"taxonomy":"post_tag","embeddable":true,"href":"https:\/\/haberverkibris.com\/index.php\/wp-json\/wp\/v2\/tags?post=34685"}],"curies":[{"name":"wp","href":"https:\/\/api.w.org\/{rel}","templated":true}]}}