{"id":34682,"date":"2026-05-01T15:52:23","date_gmt":"2026-05-01T12:52:23","guid":{"rendered":"https:\/\/haberverkibris.com\/index.php\/2026\/05\/01\/hp-gorustugumuz-herkesin-adayligi-soz-konusu-degil\/"},"modified":"2026-05-01T15:52:35","modified_gmt":"2026-05-01T12:52:35","slug":"hp-gorustugumuz-herkesin-adayligi-soz-konusu-degil","status":"publish","type":"post","link":"https:\/\/haberverkibris.com\/index.php\/2026\/05\/01\/hp-gorustugumuz-herkesin-adayligi-soz-konusu-degil\/","title":{"rendered":"HP: G\u00f6r\u00fc\u015ft\u00fc\u011f\u00fcm\u00fcz herkesin adayl\u0131\u011f\u0131 s\u00f6z konusu de\u011fil"},"content":{"rendered":"<p style=\"font-weight: 300\">\u00a0Halk\u0131n Partisi (HP) Genel Sekreteri Turgut Alas, parti yetkililerinin g\u00f6r\u00fc\u015fme talebi olan herkesle g\u00f6r\u00fc\u015ft\u00fc\u011f\u00fcn\u00fc ve diyalog yolunu her zaman a\u00e7\u0131k tuttu\u011funu kaydetti ancak, g\u00f6r\u00fc\u015ft\u00fckleri herkesin adayl\u0131\u011f\u0131n\u0131n s\u00f6z konusu olmad\u0131\u011f\u0131n\u0131 belirtti.<\/p>\n<p style=\"font-weight: 300\">Alas yaz\u0131l\u0131 a\u00e7\u0131klama yaparak bas\u0131nda yer alan HP\u2019nin 5. Cumhurba\u015fkan\u0131 Ersin Tatar\u2019\u0131n e\u015fi Sibel Tatar&#8217;a adayl\u0131k teklifinde bulundu\u011fu iddialar\u0131na yan\u0131t verdi.<\/p>\n<p style=\"font-weight: 300\">Alas, HP Genel Ba\u015fkan\u0131 Kudret \u00d6zersay\u2019\u0131n \u201cherkes ile g\u00f6r\u00fc\u015ft\u00fc\u011f\u00fcn\u00fc, bundan daha do\u011fal bir \u015fey bulunmad\u0131\u011f\u0131n\u0131, ancak bunu adayl\u0131k teklifi gibi de\u011ferlendirmenin do\u011fru olmad\u0131\u011f\u0131n\u0131\u201d kaydetti.<\/p>\n<p style=\"font-weight: 300\">HP\u2019nin &#8220;y\u00fckseli\u015fte olan, hem toplumun hem de farkl\u0131 siyasi kesimlerin ilgi oda\u011f\u0131nda bulunan bir parti\u201d olu\u011funu savunan Alas, \u201cHalk\u0131n Partisi, Ba\u015fkan\u0131 ba\u015fta olmak \u00fczere yetkili ki\u015fileri ile g\u00f6r\u00fc\u015fme talebi olan herkesle g\u00f6r\u00fc\u015f\u00fcr ve diyalog yolunu her zaman a\u00e7\u0131k tutar, \u00e7\u00fcnk\u00fc iktidara talip olan Halk\u0131n Partisi toplumun t\u00fcm kesimlerini adil, e\u015fit ve tarafs\u0131z bir \u015fekilde y\u00f6netmesi gerekti\u011finin bilinci ile davran\u0131r. Bunun yan\u0131nda Halk\u0131n Partisi&#8217;nin g\u00f6r\u00fc\u015ft\u00fc\u011f\u00fc ve diyalog kurdu\u011fu herkesin Halk\u0131n Partisi&#8217;nden aday olaca\u011f\u0131 gibi bir durum da s\u00f6z konusu de\u011fildir.\u201d dedi.<\/p>\n","protected":false},"excerpt":{"rendered":"<p>\u00a0Halk\u0131n Partisi (HP) Genel Sekreteri Turgut Alas, parti yetkililerinin g\u00f6r\u00fc\u015fme talebi olan herkesle g\u00f6r\u00fc\u015ft\u00fc\u011f\u00fcn\u00fc ve diyalog yolunu her zaman a\u00e7\u0131k tuttu\u011funu kaydetti ancak, g\u00f6r\u00fc\u015ft\u00fckleri herkesin adayl\u0131\u011f\u0131n\u0131n s\u00f6z konusu olmad\u0131\u011f\u0131n\u0131 belirtti. Alas yaz\u0131l\u0131 a\u00e7\u0131klama yaparak bas\u0131nda yer alan HP\u2019nin 5. Cumhurba\u015fkan\u0131 Ersin Tatar\u2019\u0131n e\u015fi Sibel Tatar&#8217;a adayl\u0131k teklifinde bulundu\u011fu iddialar\u0131na yan\u0131t verdi. Alas, HP Genel Ba\u015fkan\u0131 [&hellip;]<\/p>\n","protected":false},"author":1,"featured_media":34683,"comment_status":"open","ping_status":"open","sticky":false,"template":"","format":"standard","meta":{"jnews-multi-image_gallery":[],"jnews_single_post":[],"jnews_primary_category":[],"jnews_social_meta":[],"jnews_override_counter":[],"footnotes":""},"categories":[1],"tags":[],"class_list":["post-34682","post","type-post","status-publish","format-standard","has-post-thumbnail","hentry","category-kibris"],"yoast_head":"<!-- This site is optimized with the Yoast SEO plugin v27.5 - https:\/\/yoast.com\/product\/yoast-seo-wordpress\/ -->\n<title>HP: G\u00f6r\u00fc\u015ft\u00fc\u011f\u00fcm\u00fcz herkesin adayl\u0131\u011f\u0131 s\u00f6z konusu de\u011fil - Haber Ver K\u0131br\u0131s<\/title>\n<meta name=\"robots\" content=\"index, follow, max-snippet:-1, max-image-preview:large, max-video-preview:-1\" \/>\n<link rel=\"canonical\" href=\"https:\/\/haberverkibris.com\/index.php\/2026\/05\/01\/hp-gorustugumuz-herkesin-adayligi-soz-konusu-degil\/\" \/>\n<meta property=\"og:locale\" content=\"tr_TR\" \/>\n<meta property=\"og:type\" content=\"article\" \/>\n<meta property=\"og:title\" content=\"HP: G\u00f6r\u00fc\u015ft\u00fc\u011f\u00fcm\u00fcz herkesin adayl\u0131\u011f\u0131 s\u00f6z konusu de\u011fil - Haber Ver K\u0131br\u0131s\" \/>\n<meta property=\"og:description\" content=\"\u00a0Halk\u0131n Partisi (HP) Genel Sekreteri Turgut Alas, parti yetkililerinin g\u00f6r\u00fc\u015fme talebi olan herkesle g\u00f6r\u00fc\u015ft\u00fc\u011f\u00fcn\u00fc ve diyalog yolunu her zaman a\u00e7\u0131k tuttu\u011funu kaydetti ancak, g\u00f6r\u00fc\u015ft\u00fckleri herkesin adayl\u0131\u011f\u0131n\u0131n s\u00f6z konusu olmad\u0131\u011f\u0131n\u0131 belirtti. Alas yaz\u0131l\u0131 a\u00e7\u0131klama yaparak bas\u0131nda yer alan HP\u2019nin 5. Cumhurba\u015fkan\u0131 Ersin Tatar\u2019\u0131n e\u015fi Sibel Tatar&#8217;a adayl\u0131k teklifinde bulundu\u011fu iddialar\u0131na yan\u0131t verdi. Alas, HP Genel Ba\u015fkan\u0131 [&hellip;]\" \/>\n<meta property=\"og:url\" content=\"https:\/\/haberverkibris.com\/index.php\/2026\/05\/01\/hp-gorustugumuz-herkesin-adayligi-soz-konusu-degil\/\" \/>\n<meta property=\"og:site_name\" content=\"Haber Ver K\u0131br\u0131s\" \/>\n<meta property=\"article:publisher\" content=\"https:\/\/www.facebook.com\/kuzeyinsesii\" \/>\n<meta property=\"article:published_time\" content=\"2026-05-01T12:52:23+00:00\" \/>\n<meta property=\"article:modified_time\" content=\"2026-05-01T12:52:35+00:00\" \/>\n<meta property=\"og:image\" content=\"https:\/\/haberverkibris.com\/wp-content\/uploads\/2026\/05\/halkin-partisi.jpeg\" \/>\n\t<meta property=\"og:image:width\" content=\"2048\" \/>\n\t<meta property=\"og:image:height\" content=\"1396\" \/>\n\t<meta property=\"og:image:type\" content=\"image\/jpeg\" \/>\n<meta name=\"author\" content=\"Haberver K\u0131br\u0131s\" \/>\n<meta name=\"twitter:card\" content=\"summary_large_image\" \/>\n<meta name=\"twitter:creator\" content=\"@kuzeyinsesii\" \/>\n<meta name=\"twitter:site\" content=\"@kuzeyinsesii\" \/>\n<meta name=\"twitter:label1\" content=\"Yazan:\" \/>\n\t<meta name=\"twitter:data1\" content=\"Haberver K\u0131br\u0131s\" \/>\n\t<meta name=\"twitter:label2\" content=\"Tahmini okuma s\u00fcresi\" \/>\n\t<meta name=\"twitter:data2\" content=\"1 dakika\" \/>\n<script type=\"application\/ld+json\" class=\"yoast-schema-graph\">{\"@context\":\"https:\\\/\\\/schema.org\",\"@graph\":[{\"@type\":\"Article\",\"@id\":\"https:\\\/\\\/haberverkibris.com\\\/index.php\\\/2026\\\/05\\\/01\\\/hp-gorustugumuz-herkesin-adayligi-soz-konusu-degil\\\/#article\",\"isPartOf\":{\"@id\":\"https:\\\/\\\/haberverkibris.com\\\/index.php\\\/2026\\\/05\\\/01\\\/hp-gorustugumuz-herkesin-adayligi-soz-konusu-degil\\\/\"},\"author\":{\"name\":\"Haberver K\u0131br\u0131s\",\"@id\":\"https:\\\/\\\/haberverkibris.com\\\/#\\\/schema\\\/person\\\/29d65381ed43765483b5a185ded66a56\"},\"headline\":\"HP: G\u00f6r\u00fc\u015ft\u00fc\u011f\u00fcm\u00fcz herkesin adayl\u0131\u011f\u0131 s\u00f6z konusu de\u011fil\",\"datePublished\":\"2026-05-01T12:52:23+00:00\",\"dateModified\":\"2026-05-01T12:52:35+00:00\",\"mainEntityOfPage\":{\"@id\":\"https:\\\/\\\/haberverkibris.com\\\/index.php\\\/2026\\\/05\\\/01\\\/hp-gorustugumuz-herkesin-adayligi-soz-konusu-degil\\\/\"},\"wordCount\":236,\"commentCount\":0,\"image\":{\"@id\":\"https:\\\/\\\/haberverkibris.com\\\/index.php\\\/2026\\\/05\\\/01\\\/hp-gorustugumuz-herkesin-adayligi-soz-konusu-degil\\\/#primaryimage\"},\"thumbnailUrl\":\"https:\\\/\\\/haberverkibris.com\\\/wp-content\\\/uploads\\\/2026\\\/05\\\/halkin-partisi.jpeg\",\"articleSection\":[\"K\u0131br\u0131s\"],\"inLanguage\":\"tr\",\"potentialAction\":[{\"@type\":\"CommentAction\",\"name\":\"Comment\",\"target\":[\"https:\\\/\\\/haberverkibris.com\\\/index.php\\\/2026\\\/05\\\/01\\\/hp-gorustugumuz-herkesin-adayligi-soz-konusu-degil\\\/#respond\"]}]},{\"@type\":\"WebPage\",\"@id\":\"https:\\\/\\\/haberverkibris.com\\\/index.php\\\/2026\\\/05\\\/01\\\/hp-gorustugumuz-herkesin-adayligi-soz-konusu-degil\\\/\",\"url\":\"https:\\\/\\\/haberverkibris.com\\\/index.php\\\/2026\\\/05\\\/01\\\/hp-gorustugumuz-herkesin-adayligi-soz-konusu-degil\\\/\",\"name\":\"HP: G\u00f6r\u00fc\u015ft\u00fc\u011f\u00fcm\u00fcz herkesin adayl\u0131\u011f\u0131 s\u00f6z konusu de\u011fil - Haber Ver K\u0131br\u0131s\",\"isPartOf\":{\"@id\":\"https:\\\/\\\/haberverkibris.com\\\/#website\"},\"primaryImageOfPage\":{\"@id\":\"https:\\\/\\\/haberverkibris.com\\\/index.php\\\/2026\\\/05\\\/01\\\/hp-gorustugumuz-herkesin-adayligi-soz-konusu-degil\\\/#primaryimage\"},\"image\":{\"@id\":\"https:\\\/\\\/haberverkibris.com\\\/index.php\\\/2026\\\/05\\\/01\\\/hp-gorustugumuz-herkesin-adayligi-soz-konusu-degil\\\/#primaryimage\"},\"thumbnailUrl\":\"https:\\\/\\\/haberverkibris.com\\\/wp-content\\\/uploads\\\/2026\\\/05\\\/halkin-partisi.jpeg\",\"datePublished\":\"2026-05-01T12:52:23+00:00\",\"dateModified\":\"2026-05-01T12:52:35+00:00\",\"author\":{\"@id\":\"https:\\\/\\\/haberverkibris.com\\\/#\\\/schema\\\/person\\\/29d65381ed43765483b5a185ded66a56\"},\"breadcrumb\":{\"@id\":\"https:\\\/\\\/haberverkibris.com\\\/index.php\\\/2026\\\/05\\\/01\\\/hp-gorustugumuz-herkesin-adayligi-soz-konusu-degil\\\/#breadcrumb\"},\"inLanguage\":\"tr\",\"potentialAction\":[{\"@type\":\"ReadAction\",\"target\":[\"https:\\\/\\\/haberverkibris.com\\\/index.php\\\/2026\\\/05\\\/01\\\/hp-gorustugumuz-herkesin-adayligi-soz-konusu-degil\\\/\"]}]},{\"@type\":\"ImageObject\",\"inLanguage\":\"tr\",\"@id\":\"https:\\\/\\\/haberverkibris.com\\\/index.php\\\/2026\\\/05\\\/01\\\/hp-gorustugumuz-herkesin-adayligi-soz-konusu-degil\\\/#primaryimage\",\"url\":\"https:\\\/\\\/haberverkibris.com\\\/wp-content\\\/uploads\\\/2026\\\/05\\\/halkin-partisi.jpeg\",\"contentUrl\":\"https:\\\/\\\/haberverkibris.com\\\/wp-content\\\/uploads\\\/2026\\\/05\\\/halkin-partisi.jpeg\",\"width\":2048,\"height\":1396},{\"@type\":\"BreadcrumbList\",\"@id\":\"https:\\\/\\\/haberverkibris.com\\\/index.php\\\/2026\\\/05\\\/01\\\/hp-gorustugumuz-herkesin-adayligi-soz-konusu-degil\\\/#breadcrumb\",\"itemListElement\":[{\"@type\":\"ListItem\",\"position\":1,\"name\":\"Anasayfa\",\"item\":\"https:\\\/\\\/haberverkibris.com\\\/\"},{\"@type\":\"ListItem\",\"position\":2,\"name\":\"HP: G\u00f6r\u00fc\u015ft\u00fc\u011f\u00fcm\u00fcz herkesin adayl\u0131\u011f\u0131 s\u00f6z konusu de\u011fil\"}]},{\"@type\":\"WebSite\",\"@id\":\"https:\\\/\\\/haberverkibris.com\\\/#website\",\"url\":\"https:\\\/\\\/haberverkibris.com\\\/\",\"name\":\"Kuzeyin Sesi\",\"description\":\"Do\u011fru Haberin Adresi\",\"potentialAction\":[{\"@type\":\"SearchAction\",\"target\":{\"@type\":\"EntryPoint\",\"urlTemplate\":\"https:\\\/\\\/haberverkibris.com\\\/?s={search_term_string}\"},\"query-input\":{\"@type\":\"PropertyValueSpecification\",\"valueRequired\":true,\"valueName\":\"search_term_string\"}}],\"inLanguage\":\"tr\"},{\"@type\":\"Person\",\"@id\":\"https:\\\/\\\/haberverkibris.com\\\/#\\\/schema\\\/person\\\/29d65381ed43765483b5a185ded66a56\",\"name\":\"Haberver K\u0131br\u0131s\",\"image\":{\"@type\":\"ImageObject\",\"inLanguage\":\"tr\",\"@id\":\"https:\\\/\\\/secure.gravatar.com\\\/avatar\\\/bab33852abfd8b282518d6ed81826833d77c3c882d9ab608add591ccace47a44?s=96&d=mm&r=g\",\"url\":\"https:\\\/\\\/secure.gravatar.com\\\/avatar\\\/bab33852abfd8b282518d6ed81826833d77c3c882d9ab608add591ccace47a44?s=96&d=mm&r=g\",\"contentUrl\":\"https:\\\/\\\/secure.gravatar.com\\\/avatar\\\/bab33852abfd8b282518d6ed81826833d77c3c882d9ab608add591ccace47a44?s=96&d=mm&r=g\",\"caption\":\"Haberver K\u0131br\u0131s\"},\"sameAs\":[\"https:\\\/\\\/haberverkibris.com\"],\"url\":\"https:\\\/\\\/haberverkibris.com\\\/index.php\\\/author\\\/guven\\\/\"}]}<\/script>\n<!-- \/ Yoast SEO plugin. -->","yoast_head_json":{"title":"HP: G\u00f6r\u00fc\u015ft\u00fc\u011f\u00fcm\u00fcz herkesin adayl\u0131\u011f\u0131 s\u00f6z konusu de\u011fil - Haber Ver K\u0131br\u0131s","robots":{"index":"index","follow":"follow","max-snippet":"max-snippet:-1","max-image-preview":"max-image-preview:large","max-video-preview":"max-video-preview:-1"},"canonical":"https:\/\/haberverkibris.com\/index.php\/2026\/05\/01\/hp-gorustugumuz-herkesin-adayligi-soz-konusu-degil\/","og_locale":"tr_TR","og_type":"article","og_title":"HP: G\u00f6r\u00fc\u015ft\u00fc\u011f\u00fcm\u00fcz herkesin adayl\u0131\u011f\u0131 s\u00f6z konusu de\u011fil - Haber Ver K\u0131br\u0131s","og_description":"\u00a0Halk\u0131n Partisi (HP) Genel Sekreteri Turgut Alas, parti yetkililerinin g\u00f6r\u00fc\u015fme talebi olan herkesle g\u00f6r\u00fc\u015ft\u00fc\u011f\u00fcn\u00fc ve diyalog yolunu her zaman a\u00e7\u0131k tuttu\u011funu kaydetti ancak, g\u00f6r\u00fc\u015ft\u00fckleri herkesin adayl\u0131\u011f\u0131n\u0131n s\u00f6z konusu olmad\u0131\u011f\u0131n\u0131 belirtti. Alas yaz\u0131l\u0131 a\u00e7\u0131klama yaparak bas\u0131nda yer alan HP\u2019nin 5. Cumhurba\u015fkan\u0131 Ersin Tatar\u2019\u0131n e\u015fi Sibel Tatar&#8217;a adayl\u0131k teklifinde bulundu\u011fu iddialar\u0131na yan\u0131t verdi. Alas, HP Genel Ba\u015fkan\u0131 [&hellip;]","og_url":"https:\/\/haberverkibris.com\/index.php\/2026\/05\/01\/hp-gorustugumuz-herkesin-adayligi-soz-konusu-degil\/","og_site_name":"Haber Ver K\u0131br\u0131s","article_publisher":"https:\/\/www.facebook.com\/kuzeyinsesii","article_published_time":"2026-05-01T12:52:23+00:00","article_modified_time":"2026-05-01T12:52:35+00:00","og_image":[{"width":2048,"height":1396,"url":"https:\/\/haberverkibris.com\/wp-content\/uploads\/2026\/05\/halkin-partisi.jpeg","type":"image\/jpeg"}],"author":"Haberver K\u0131br\u0131s","twitter_card":"summary_large_image","twitter_creator":"@kuzeyinsesii","twitter_site":"@kuzeyinsesii","twitter_misc":{"Yazan:":"Haberver K\u0131br\u0131s","Tahmini okuma s\u00fcresi":"1 dakika"},"schema":{"@context":"https:\/\/schema.org","@graph":[{"@type":"Article","@id":"https:\/\/haberverkibris.com\/index.php\/2026\/05\/01\/hp-gorustugumuz-herkesin-adayligi-soz-konusu-degil\/#article","isPartOf":{"@id":"https:\/\/haberverkibris.com\/index.php\/2026\/05\/01\/hp-gorustugumuz-herkesin-adayligi-soz-konusu-degil\/"},"author":{"name":"Haberver K\u0131br\u0131s","@id":"https:\/\/haberverkibris.com\/#\/schema\/person\/29d65381ed43765483b5a185ded66a56"},"headline":"HP: G\u00f6r\u00fc\u015ft\u00fc\u011f\u00fcm\u00fcz herkesin adayl\u0131\u011f\u0131 s\u00f6z konusu de\u011fil","datePublished":"2026-05-01T12:52:23+00:00","dateModified":"2026-05-01T12:52:35+00:00","mainEntityOfPage":{"@id":"https:\/\/haberverkibris.com\/index.php\/2026\/05\/01\/hp-gorustugumuz-herkesin-adayligi-soz-konusu-degil\/"},"wordCount":236,"commentCount":0,"image":{"@id":"https:\/\/haberverkibris.com\/index.php\/2026\/05\/01\/hp-gorustugumuz-herkesin-adayligi-soz-konusu-degil\/#primaryimage"},"thumbnailUrl":"https:\/\/haberverkibris.com\/wp-content\/uploads\/2026\/05\/halkin-partisi.jpeg","articleSection":["K\u0131br\u0131s"],"inLanguage":"tr","potentialAction":[{"@type":"CommentAction","name":"Comment","target":["https:\/\/haberverkibris.com\/index.php\/2026\/05\/01\/hp-gorustugumuz-herkesin-adayligi-soz-konusu-degil\/#respond"]}]},{"@type":"WebPage","@id":"https:\/\/haberverkibris.com\/index.php\/2026\/05\/01\/hp-gorustugumuz-herkesin-adayligi-soz-konusu-degil\/","url":"https:\/\/haberverkibris.com\/index.php\/2026\/05\/01\/hp-gorustugumuz-herkesin-adayligi-soz-konusu-degil\/","name":"HP: G\u00f6r\u00fc\u015ft\u00fc\u011f\u00fcm\u00fcz herkesin adayl\u0131\u011f\u0131 s\u00f6z konusu de\u011fil - Haber Ver K\u0131br\u0131s","isPartOf":{"@id":"https:\/\/haberverkibris.com\/#website"},"primaryImageOfPage":{"@id":"https:\/\/haberverkibris.com\/index.php\/2026\/05\/01\/hp-gorustugumuz-herkesin-adayligi-soz-konusu-degil\/#primaryimage"},"image":{"@id":"https:\/\/haberverkibris.com\/index.php\/2026\/05\/01\/hp-gorustugumuz-herkesin-adayligi-soz-konusu-degil\/#primaryimage"},"thumbnailUrl":"https:\/\/haberverkibris.com\/wp-content\/uploads\/2026\/05\/halkin-partisi.jpeg","datePublished":"2026-05-01T12:52:23+00:00","dateModified":"2026-05-01T12:52:35+00:00","author":{"@id":"https:\/\/haberverkibris.com\/#\/schema\/person\/29d65381ed43765483b5a185ded66a56"},"breadcrumb":{"@id":"https:\/\/haberverkibris.com\/index.php\/2026\/05\/01\/hp-gorustugumuz-herkesin-adayligi-soz-konusu-degil\/#breadcrumb"},"inLanguage":"tr","potentialAction":[{"@type":"ReadAction","target":["https:\/\/haberverkibris.com\/index.php\/2026\/05\/01\/hp-gorustugumuz-herkesin-adayligi-soz-konusu-degil\/"]}]},{"@type":"ImageObject","inLanguage":"tr","@id":"https:\/\/haberverkibris.com\/index.php\/2026\/05\/01\/hp-gorustugumuz-herkesin-adayligi-soz-konusu-degil\/#primaryimage","url":"https:\/\/haberverkibris.com\/wp-content\/uploads\/2026\/05\/halkin-partisi.jpeg","contentUrl":"https:\/\/haberverkibris.com\/wp-content\/uploads\/2026\/05\/halkin-partisi.jpeg","width":2048,"height":1396},{"@type":"BreadcrumbList","@id":"https:\/\/haberverkibris.com\/index.php\/2026\/05\/01\/hp-gorustugumuz-herkesin-adayligi-soz-konusu-degil\/#breadcrumb","itemListElement":[{"@type":"ListItem","position":1,"name":"Anasayfa","item":"https:\/\/haberverkibris.com\/"},{"@type":"ListItem","position":2,"name":"HP: G\u00f6r\u00fc\u015ft\u00fc\u011f\u00fcm\u00fcz herkesin adayl\u0131\u011f\u0131 s\u00f6z konusu de\u011fil"}]},{"@type":"WebSite","@id":"https:\/\/haberverkibris.com\/#website","url":"https:\/\/haberverkibris.com\/","name":"Kuzeyin Sesi","description":"Do\u011fru Haberin Adresi","potentialAction":[{"@type":"SearchAction","target":{"@type":"EntryPoint","urlTemplate":"https:\/\/haberverkibris.com\/?s={search_term_string}"},"query-input":{"@type":"PropertyValueSpecification","valueRequired":true,"valueName":"search_term_string"}}],"inLanguage":"tr"},{"@type":"Person","@id":"https:\/\/haberverkibris.com\/#\/schema\/person\/29d65381ed43765483b5a185ded66a56","name":"Haberver K\u0131br\u0131s","image":{"@type":"ImageObject","inLanguage":"tr","@id":"https:\/\/secure.gravatar.com\/avatar\/bab33852abfd8b282518d6ed81826833d77c3c882d9ab608add591ccace47a44?s=96&d=mm&r=g","url":"https:\/\/secure.gravatar.com\/avatar\/bab33852abfd8b282518d6ed81826833d77c3c882d9ab608add591ccace47a44?s=96&d=mm&r=g","contentUrl":"https:\/\/secure.gravatar.com\/avatar\/bab33852abfd8b282518d6ed81826833d77c3c882d9ab608add591ccace47a44?s=96&d=mm&r=g","caption":"Haberver K\u0131br\u0131s"},"sameAs":["https:\/\/haberverkibris.com"],"url":"https:\/\/haberverkibris.com\/index.php\/author\/guven\/"}]}},"_links":{"self":[{"href":"https:\/\/haberverkibris.com\/index.php\/wp-json\/wp\/v2\/posts\/34682","targetHints":{"allow":["GET"]}}],"collection":[{"href":"https:\/\/haberverkibris.com\/index.php\/wp-json\/wp\/v2\/posts"}],"about":[{"href":"https:\/\/haberverkibris.com\/index.php\/wp-json\/wp\/v2\/types\/post"}],"author":[{"embeddable":true,"href":"https:\/\/haberverkibris.com\/index.php\/wp-json\/wp\/v2\/users\/1"}],"replies":[{"embeddable":true,"href":"https:\/\/haberverkibris.com\/index.php\/wp-json\/wp\/v2\/comments?post=34682"}],"version-history":[{"count":1,"href":"https:\/\/haberverkibris.com\/index.php\/wp-json\/wp\/v2\/posts\/34682\/revisions"}],"predecessor-version":[{"id":34684,"href":"https:\/\/haberverkibris.com\/index.php\/wp-json\/wp\/v2\/posts\/34682\/revisions\/34684"}],"wp:featuredmedia":[{"embeddable":true,"href":"https:\/\/haberverkibris.com\/index.php\/wp-json\/wp\/v2\/media\/34683"}],"wp:attachment":[{"href":"https:\/\/haberverkibris.com\/index.php\/wp-json\/wp\/v2\/media?parent=34682"}],"wp:term":[{"taxonomy":"category","embeddable":true,"href":"https:\/\/haberverkibris.com\/index.php\/wp-json\/wp\/v2\/categories?post=34682"},{"taxonomy":"post_tag","embeddable":true,"href":"https:\/\/haberverkibris.com\/index.php\/wp-json\/wp\/v2\/tags?post=34682"}],"curies":[{"name":"wp","href":"https:\/\/api.w.org\/{rel}","templated":true}]}}