{"id":34676,"date":"2026-05-01T15:40:29","date_gmt":"2026-05-01T12:40:29","guid":{"rendered":"https:\/\/haberverkibris.com\/index.php\/2026\/05\/01\/yarindan-itibaren-sali-gunune-kadar-yagmur-bekleniyor\/"},"modified":"2026-05-01T15:40:42","modified_gmt":"2026-05-01T12:40:42","slug":"yarindan-itibaren-sali-gunune-kadar-yagmur-bekleniyor","status":"publish","type":"post","link":"https:\/\/haberverkibris.com\/index.php\/2026\/05\/01\/yarindan-itibaren-sali-gunune-kadar-yagmur-bekleniyor\/","title":{"rendered":"Yar\u0131ndan itibaren sal\u0131 g\u00fcn\u00fcne kadar ya\u011fmur bekleniyor"},"content":{"rendered":"<p style=\"font-weight: 300\"><span style=\"font-weight: 300 !important\">Meteoroloji Dairesi\u00a0<\/span><span style=\"font-weight: 300 !important\">yar\u0131ndan itibaren sal\u0131 g\u00fcn\u00fcne kadar ya\u011fmur beklendi\u011fini; sal\u0131ya kadar \u015fiddetli ve g\u00f6k g\u00fcr\u00fclt\u00fcl\u00fc olacak ya\u011fmurun sal\u0131 g\u00fcn\u00fc daha hafif olaca\u011f\u0131n\u0131 duyurdu.<\/span><\/p>\n<p style=\"font-weight: 300\"><span style=\"font-weight: 300 !important\">Meteoroloji Dairesi&#8217;nin 2-8 May\u0131s tarihlerini kapsayan hava tahmin raporuna g\u00f6re, en y<\/span><span style=\"font-weight: 300 !important\">\u00fcksek hava s<\/span><span style=\"font-weight: 300 !important\">\u0131cakl\u0131\u011f\u0131 i<\/span><span style=\"font-weight: 300 !important\">\u00e7 kesimlerde periyodun ilk yar\u0131s\u0131nda 21-24;\u00a0ikici yar\u0131s\u0131nda\u00a0\u00a027-30 derece; sahillerde ise periyot boyunca 21-24 derece dolaylar\u0131nda seyredecek.<\/span><\/p>\n<p style=\"font-weight: 300\"><span style=\"font-weight: 300 !important\">\u00a0<\/span><span style=\"font-weight: 300 !important\">R\u00fczg\u00e2r\u0131n\u00a0 g<\/span><span style=\"font-weight: 300 !important\">enellikle periyodun ilk yar\u0131s\u0131nda g\u00fcney ve bat\u0131, ikinci yar\u0131s\u0131nda ise kuzey ve bat\u0131 y\u00f6nlerden orta kuvvette<\/span><span style=\"font-weight: 300 !important\">\u00a0ya\u011f\u0131\u015f an\u0131nda yer yer kuvvetli, pazar ve pazartesi g\u00fcnleri ise f\u0131rt\u0131na \u015feklinde esmesi bekleniyor.<\/span><\/p>\n<p style=\"font-weight: 300\"><span style=\"font-weight: 300 !important\">B\u00f6lge periyodun ilk yar\u0131s\u0131nda al\u00e7ak bas\u0131n\u00e7 sistemi ile \u00fcst atmosferdeki so\u011fuk ve nemli; ikinci yar\u0131s\u0131nda y\u00fcksek bas\u0131n\u00e7 sistemi ile \u0131l\u0131k ve nispeten nemli hava k\u00fctlesinin etkisi alt\u0131nda kalacak.<\/span><\/p>\n<p style=\"font-weight: 300\"><span style=\"font-weight: 300 !important\">Hava yar\u0131n p<\/span><span style=\"font-weight: 300 !important\">ar\u00e7al\u0131, \u00e7ok bulutlu, ak\u015fam saatlerinden itibaren yer yer sa\u011fanak veya g\u00f6k<\/span><span style=\"font-weight: 300 !important\">\u00a0<\/span><span style=\"font-weight: 300 !important\">g\u00fcr\u00fclt\u00fcl\u00fc sa\u011fanak ya\u011f\u0131\u015fl\u0131, sabah saatleri yer yer sisli; pazar ve pazartesi\u00a0p<\/span><span style=\"font-weight: 300 !important\">ar\u00e7al\u0131 ve \u00e7ok bulutlu yer yer sa\u011fanak veya g\u00f6k g\u00fcr\u00fclt\u00fcl\u00fc sa\u011fanak ya\u011f\u0131\u015fl\u0131;\u00a0 sal\u0131 a<\/span><span style=\"font-weight: 300 !important\">z bulutlu \u00f6\u011fle saatleri par\u00e7al\u0131 bulutlu yer yer hafif sa\u011fanak ya\u011f\u0131\u015fl\u0131; \u00e7ar\u015famba,\u00a0 per\u015fembe ve cuma ise\u00a0<\/span><span style=\"font-weight: 300 !important\">a\u00e7\u0131k ve az bulutlu ge\u00e7ecek.<\/span><\/p>\n","protected":false},"excerpt":{"rendered":"<p>Meteoroloji Dairesi\u00a0yar\u0131ndan itibaren sal\u0131 g\u00fcn\u00fcne kadar ya\u011fmur beklendi\u011fini; sal\u0131ya kadar \u015fiddetli ve g\u00f6k g\u00fcr\u00fclt\u00fcl\u00fc olacak ya\u011fmurun sal\u0131 g\u00fcn\u00fc daha hafif olaca\u011f\u0131n\u0131 duyurdu. Meteoroloji Dairesi&#8217;nin 2-8 May\u0131s tarihlerini kapsayan hava tahmin raporuna g\u00f6re, en y\u00fcksek hava s\u0131cakl\u0131\u011f\u0131 i\u00e7 kesimlerde periyodun ilk yar\u0131s\u0131nda 21-24;\u00a0ikici yar\u0131s\u0131nda\u00a0\u00a027-30 derece; sahillerde ise periyot boyunca 21-24 derece dolaylar\u0131nda seyredecek. \u00a0R\u00fczg\u00e2r\u0131n\u00a0 genellikle periyodun [&hellip;]<\/p>\n","protected":false},"author":1,"featured_media":34677,"comment_status":"open","ping_status":"open","sticky":false,"template":"","format":"standard","meta":{"jnews-multi-image_gallery":[],"jnews_single_post":[],"jnews_primary_category":[],"jnews_social_meta":[],"jnews_override_counter":[],"footnotes":""},"categories":[1],"tags":[],"class_list":["post-34676","post","type-post","status-publish","format-standard","has-post-thumbnail","hentry","category-kibris"],"yoast_head":"<!-- This site is optimized with the Yoast SEO plugin v27.5 - https:\/\/yoast.com\/product\/yoast-seo-wordpress\/ -->\n<title>Yar\u0131ndan itibaren sal\u0131 g\u00fcn\u00fcne kadar ya\u011fmur bekleniyor - Haber Ver K\u0131br\u0131s<\/title>\n<meta name=\"robots\" content=\"index, follow, max-snippet:-1, max-image-preview:large, max-video-preview:-1\" \/>\n<link rel=\"canonical\" href=\"https:\/\/haberverkibris.com\/index.php\/2026\/05\/01\/yarindan-itibaren-sali-gunune-kadar-yagmur-bekleniyor\/\" \/>\n<meta property=\"og:locale\" content=\"tr_TR\" \/>\n<meta property=\"og:type\" content=\"article\" \/>\n<meta property=\"og:title\" content=\"Yar\u0131ndan itibaren sal\u0131 g\u00fcn\u00fcne kadar ya\u011fmur bekleniyor - Haber Ver K\u0131br\u0131s\" \/>\n<meta property=\"og:description\" content=\"Meteoroloji Dairesi\u00a0yar\u0131ndan itibaren sal\u0131 g\u00fcn\u00fcne kadar ya\u011fmur beklendi\u011fini; sal\u0131ya kadar \u015fiddetli ve g\u00f6k g\u00fcr\u00fclt\u00fcl\u00fc olacak ya\u011fmurun sal\u0131 g\u00fcn\u00fc daha hafif olaca\u011f\u0131n\u0131 duyurdu. Meteoroloji Dairesi&#8217;nin 2-8 May\u0131s tarihlerini kapsayan hava tahmin raporuna g\u00f6re, en y\u00fcksek hava s\u0131cakl\u0131\u011f\u0131 i\u00e7 kesimlerde periyodun ilk yar\u0131s\u0131nda 21-24;\u00a0ikici yar\u0131s\u0131nda\u00a0\u00a027-30 derece; sahillerde ise periyot boyunca 21-24 derece dolaylar\u0131nda seyredecek. \u00a0R\u00fczg\u00e2r\u0131n\u00a0 genellikle periyodun [&hellip;]\" \/>\n<meta property=\"og:url\" content=\"https:\/\/haberverkibris.com\/index.php\/2026\/05\/01\/yarindan-itibaren-sali-gunune-kadar-yagmur-bekleniyor\/\" \/>\n<meta property=\"og:site_name\" content=\"Haber Ver K\u0131br\u0131s\" \/>\n<meta property=\"article:publisher\" content=\"https:\/\/www.facebook.com\/kuzeyinsesii\" \/>\n<meta property=\"article:published_time\" content=\"2026-05-01T12:40:29+00:00\" \/>\n<meta property=\"article:modified_time\" content=\"2026-05-01T12:40:42+00:00\" \/>\n<meta property=\"og:image\" content=\"https:\/\/haberverkibris.com\/wp-content\/uploads\/2026\/05\/yagmur.jpg\" \/>\n\t<meta property=\"og:image:width\" content=\"864\" \/>\n\t<meta property=\"og:image:height\" content=\"486\" \/>\n\t<meta property=\"og:image:type\" content=\"image\/jpeg\" \/>\n<meta name=\"author\" content=\"Haberver K\u0131br\u0131s\" \/>\n<meta name=\"twitter:card\" content=\"summary_large_image\" \/>\n<meta name=\"twitter:creator\" content=\"@kuzeyinsesii\" \/>\n<meta name=\"twitter:site\" content=\"@kuzeyinsesii\" \/>\n<meta name=\"twitter:label1\" content=\"Yazan:\" \/>\n\t<meta name=\"twitter:data1\" content=\"Haberver K\u0131br\u0131s\" \/>\n\t<meta name=\"twitter:label2\" content=\"Tahmini okuma s\u00fcresi\" \/>\n\t<meta name=\"twitter:data2\" content=\"1 dakika\" \/>\n<script type=\"application\/ld+json\" class=\"yoast-schema-graph\">{\"@context\":\"https:\\\/\\\/schema.org\",\"@graph\":[{\"@type\":\"Article\",\"@id\":\"https:\\\/\\\/haberverkibris.com\\\/index.php\\\/2026\\\/05\\\/01\\\/yarindan-itibaren-sali-gunune-kadar-yagmur-bekleniyor\\\/#article\",\"isPartOf\":{\"@id\":\"https:\\\/\\\/haberverkibris.com\\\/index.php\\\/2026\\\/05\\\/01\\\/yarindan-itibaren-sali-gunune-kadar-yagmur-bekleniyor\\\/\"},\"author\":{\"name\":\"Haberver K\u0131br\u0131s\",\"@id\":\"https:\\\/\\\/haberverkibris.com\\\/#\\\/schema\\\/person\\\/29d65381ed43765483b5a185ded66a56\"},\"headline\":\"Yar\u0131ndan itibaren sal\u0131 g\u00fcn\u00fcne kadar ya\u011fmur bekleniyor\",\"datePublished\":\"2026-05-01T12:40:29+00:00\",\"dateModified\":\"2026-05-01T12:40:42+00:00\",\"mainEntityOfPage\":{\"@id\":\"https:\\\/\\\/haberverkibris.com\\\/index.php\\\/2026\\\/05\\\/01\\\/yarindan-itibaren-sali-gunune-kadar-yagmur-bekleniyor\\\/\"},\"wordCount\":261,\"commentCount\":0,\"image\":{\"@id\":\"https:\\\/\\\/haberverkibris.com\\\/index.php\\\/2026\\\/05\\\/01\\\/yarindan-itibaren-sali-gunune-kadar-yagmur-bekleniyor\\\/#primaryimage\"},\"thumbnailUrl\":\"https:\\\/\\\/haberverkibris.com\\\/wp-content\\\/uploads\\\/2026\\\/05\\\/yagmur.jpg\",\"articleSection\":[\"K\u0131br\u0131s\"],\"inLanguage\":\"tr\",\"potentialAction\":[{\"@type\":\"CommentAction\",\"name\":\"Comment\",\"target\":[\"https:\\\/\\\/haberverkibris.com\\\/index.php\\\/2026\\\/05\\\/01\\\/yarindan-itibaren-sali-gunune-kadar-yagmur-bekleniyor\\\/#respond\"]}]},{\"@type\":\"WebPage\",\"@id\":\"https:\\\/\\\/haberverkibris.com\\\/index.php\\\/2026\\\/05\\\/01\\\/yarindan-itibaren-sali-gunune-kadar-yagmur-bekleniyor\\\/\",\"url\":\"https:\\\/\\\/haberverkibris.com\\\/index.php\\\/2026\\\/05\\\/01\\\/yarindan-itibaren-sali-gunune-kadar-yagmur-bekleniyor\\\/\",\"name\":\"Yar\u0131ndan itibaren sal\u0131 g\u00fcn\u00fcne kadar ya\u011fmur bekleniyor - Haber Ver K\u0131br\u0131s\",\"isPartOf\":{\"@id\":\"https:\\\/\\\/haberverkibris.com\\\/#website\"},\"primaryImageOfPage\":{\"@id\":\"https:\\\/\\\/haberverkibris.com\\\/index.php\\\/2026\\\/05\\\/01\\\/yarindan-itibaren-sali-gunune-kadar-yagmur-bekleniyor\\\/#primaryimage\"},\"image\":{\"@id\":\"https:\\\/\\\/haberverkibris.com\\\/index.php\\\/2026\\\/05\\\/01\\\/yarindan-itibaren-sali-gunune-kadar-yagmur-bekleniyor\\\/#primaryimage\"},\"thumbnailUrl\":\"https:\\\/\\\/haberverkibris.com\\\/wp-content\\\/uploads\\\/2026\\\/05\\\/yagmur.jpg\",\"datePublished\":\"2026-05-01T12:40:29+00:00\",\"dateModified\":\"2026-05-01T12:40:42+00:00\",\"author\":{\"@id\":\"https:\\\/\\\/haberverkibris.com\\\/#\\\/schema\\\/person\\\/29d65381ed43765483b5a185ded66a56\"},\"breadcrumb\":{\"@id\":\"https:\\\/\\\/haberverkibris.com\\\/index.php\\\/2026\\\/05\\\/01\\\/yarindan-itibaren-sali-gunune-kadar-yagmur-bekleniyor\\\/#breadcrumb\"},\"inLanguage\":\"tr\",\"potentialAction\":[{\"@type\":\"ReadAction\",\"target\":[\"https:\\\/\\\/haberverkibris.com\\\/index.php\\\/2026\\\/05\\\/01\\\/yarindan-itibaren-sali-gunune-kadar-yagmur-bekleniyor\\\/\"]}]},{\"@type\":\"ImageObject\",\"inLanguage\":\"tr\",\"@id\":\"https:\\\/\\\/haberverkibris.com\\\/index.php\\\/2026\\\/05\\\/01\\\/yarindan-itibaren-sali-gunune-kadar-yagmur-bekleniyor\\\/#primaryimage\",\"url\":\"https:\\\/\\\/haberverkibris.com\\\/wp-content\\\/uploads\\\/2026\\\/05\\\/yagmur.jpg\",\"contentUrl\":\"https:\\\/\\\/haberverkibris.com\\\/wp-content\\\/uploads\\\/2026\\\/05\\\/yagmur.jpg\",\"width\":864,\"height\":486},{\"@type\":\"BreadcrumbList\",\"@id\":\"https:\\\/\\\/haberverkibris.com\\\/index.php\\\/2026\\\/05\\\/01\\\/yarindan-itibaren-sali-gunune-kadar-yagmur-bekleniyor\\\/#breadcrumb\",\"itemListElement\":[{\"@type\":\"ListItem\",\"position\":1,\"name\":\"Anasayfa\",\"item\":\"https:\\\/\\\/haberverkibris.com\\\/\"},{\"@type\":\"ListItem\",\"position\":2,\"name\":\"Yar\u0131ndan itibaren sal\u0131 g\u00fcn\u00fcne kadar ya\u011fmur bekleniyor\"}]},{\"@type\":\"WebSite\",\"@id\":\"https:\\\/\\\/haberverkibris.com\\\/#website\",\"url\":\"https:\\\/\\\/haberverkibris.com\\\/\",\"name\":\"Kuzeyin Sesi\",\"description\":\"Do\u011fru Haberin Adresi\",\"potentialAction\":[{\"@type\":\"SearchAction\",\"target\":{\"@type\":\"EntryPoint\",\"urlTemplate\":\"https:\\\/\\\/haberverkibris.com\\\/?s={search_term_string}\"},\"query-input\":{\"@type\":\"PropertyValueSpecification\",\"valueRequired\":true,\"valueName\":\"search_term_string\"}}],\"inLanguage\":\"tr\"},{\"@type\":\"Person\",\"@id\":\"https:\\\/\\\/haberverkibris.com\\\/#\\\/schema\\\/person\\\/29d65381ed43765483b5a185ded66a56\",\"name\":\"Haberver K\u0131br\u0131s\",\"image\":{\"@type\":\"ImageObject\",\"inLanguage\":\"tr\",\"@id\":\"https:\\\/\\\/secure.gravatar.com\\\/avatar\\\/bab33852abfd8b282518d6ed81826833d77c3c882d9ab608add591ccace47a44?s=96&d=mm&r=g\",\"url\":\"https:\\\/\\\/secure.gravatar.com\\\/avatar\\\/bab33852abfd8b282518d6ed81826833d77c3c882d9ab608add591ccace47a44?s=96&d=mm&r=g\",\"contentUrl\":\"https:\\\/\\\/secure.gravatar.com\\\/avatar\\\/bab33852abfd8b282518d6ed81826833d77c3c882d9ab608add591ccace47a44?s=96&d=mm&r=g\",\"caption\":\"Haberver K\u0131br\u0131s\"},\"sameAs\":[\"https:\\\/\\\/haberverkibris.com\"],\"url\":\"https:\\\/\\\/haberverkibris.com\\\/index.php\\\/author\\\/guven\\\/\"}]}<\/script>\n<!-- \/ Yoast SEO plugin. -->","yoast_head_json":{"title":"Yar\u0131ndan itibaren sal\u0131 g\u00fcn\u00fcne kadar ya\u011fmur bekleniyor - Haber Ver K\u0131br\u0131s","robots":{"index":"index","follow":"follow","max-snippet":"max-snippet:-1","max-image-preview":"max-image-preview:large","max-video-preview":"max-video-preview:-1"},"canonical":"https:\/\/haberverkibris.com\/index.php\/2026\/05\/01\/yarindan-itibaren-sali-gunune-kadar-yagmur-bekleniyor\/","og_locale":"tr_TR","og_type":"article","og_title":"Yar\u0131ndan itibaren sal\u0131 g\u00fcn\u00fcne kadar ya\u011fmur bekleniyor - Haber Ver K\u0131br\u0131s","og_description":"Meteoroloji Dairesi\u00a0yar\u0131ndan itibaren sal\u0131 g\u00fcn\u00fcne kadar ya\u011fmur beklendi\u011fini; sal\u0131ya kadar \u015fiddetli ve g\u00f6k g\u00fcr\u00fclt\u00fcl\u00fc olacak ya\u011fmurun sal\u0131 g\u00fcn\u00fc daha hafif olaca\u011f\u0131n\u0131 duyurdu. Meteoroloji Dairesi&#8217;nin 2-8 May\u0131s tarihlerini kapsayan hava tahmin raporuna g\u00f6re, en y\u00fcksek hava s\u0131cakl\u0131\u011f\u0131 i\u00e7 kesimlerde periyodun ilk yar\u0131s\u0131nda 21-24;\u00a0ikici yar\u0131s\u0131nda\u00a0\u00a027-30 derece; sahillerde ise periyot boyunca 21-24 derece dolaylar\u0131nda seyredecek. \u00a0R\u00fczg\u00e2r\u0131n\u00a0 genellikle periyodun [&hellip;]","og_url":"https:\/\/haberverkibris.com\/index.php\/2026\/05\/01\/yarindan-itibaren-sali-gunune-kadar-yagmur-bekleniyor\/","og_site_name":"Haber Ver K\u0131br\u0131s","article_publisher":"https:\/\/www.facebook.com\/kuzeyinsesii","article_published_time":"2026-05-01T12:40:29+00:00","article_modified_time":"2026-05-01T12:40:42+00:00","og_image":[{"width":864,"height":486,"url":"https:\/\/haberverkibris.com\/wp-content\/uploads\/2026\/05\/yagmur.jpg","type":"image\/jpeg"}],"author":"Haberver K\u0131br\u0131s","twitter_card":"summary_large_image","twitter_creator":"@kuzeyinsesii","twitter_site":"@kuzeyinsesii","twitter_misc":{"Yazan:":"Haberver K\u0131br\u0131s","Tahmini okuma s\u00fcresi":"1 dakika"},"schema":{"@context":"https:\/\/schema.org","@graph":[{"@type":"Article","@id":"https:\/\/haberverkibris.com\/index.php\/2026\/05\/01\/yarindan-itibaren-sali-gunune-kadar-yagmur-bekleniyor\/#article","isPartOf":{"@id":"https:\/\/haberverkibris.com\/index.php\/2026\/05\/01\/yarindan-itibaren-sali-gunune-kadar-yagmur-bekleniyor\/"},"author":{"name":"Haberver K\u0131br\u0131s","@id":"https:\/\/haberverkibris.com\/#\/schema\/person\/29d65381ed43765483b5a185ded66a56"},"headline":"Yar\u0131ndan itibaren sal\u0131 g\u00fcn\u00fcne kadar ya\u011fmur bekleniyor","datePublished":"2026-05-01T12:40:29+00:00","dateModified":"2026-05-01T12:40:42+00:00","mainEntityOfPage":{"@id":"https:\/\/haberverkibris.com\/index.php\/2026\/05\/01\/yarindan-itibaren-sali-gunune-kadar-yagmur-bekleniyor\/"},"wordCount":261,"commentCount":0,"image":{"@id":"https:\/\/haberverkibris.com\/index.php\/2026\/05\/01\/yarindan-itibaren-sali-gunune-kadar-yagmur-bekleniyor\/#primaryimage"},"thumbnailUrl":"https:\/\/haberverkibris.com\/wp-content\/uploads\/2026\/05\/yagmur.jpg","articleSection":["K\u0131br\u0131s"],"inLanguage":"tr","potentialAction":[{"@type":"CommentAction","name":"Comment","target":["https:\/\/haberverkibris.com\/index.php\/2026\/05\/01\/yarindan-itibaren-sali-gunune-kadar-yagmur-bekleniyor\/#respond"]}]},{"@type":"WebPage","@id":"https:\/\/haberverkibris.com\/index.php\/2026\/05\/01\/yarindan-itibaren-sali-gunune-kadar-yagmur-bekleniyor\/","url":"https:\/\/haberverkibris.com\/index.php\/2026\/05\/01\/yarindan-itibaren-sali-gunune-kadar-yagmur-bekleniyor\/","name":"Yar\u0131ndan itibaren sal\u0131 g\u00fcn\u00fcne kadar ya\u011fmur bekleniyor - Haber Ver K\u0131br\u0131s","isPartOf":{"@id":"https:\/\/haberverkibris.com\/#website"},"primaryImageOfPage":{"@id":"https:\/\/haberverkibris.com\/index.php\/2026\/05\/01\/yarindan-itibaren-sali-gunune-kadar-yagmur-bekleniyor\/#primaryimage"},"image":{"@id":"https:\/\/haberverkibris.com\/index.php\/2026\/05\/01\/yarindan-itibaren-sali-gunune-kadar-yagmur-bekleniyor\/#primaryimage"},"thumbnailUrl":"https:\/\/haberverkibris.com\/wp-content\/uploads\/2026\/05\/yagmur.jpg","datePublished":"2026-05-01T12:40:29+00:00","dateModified":"2026-05-01T12:40:42+00:00","author":{"@id":"https:\/\/haberverkibris.com\/#\/schema\/person\/29d65381ed43765483b5a185ded66a56"},"breadcrumb":{"@id":"https:\/\/haberverkibris.com\/index.php\/2026\/05\/01\/yarindan-itibaren-sali-gunune-kadar-yagmur-bekleniyor\/#breadcrumb"},"inLanguage":"tr","potentialAction":[{"@type":"ReadAction","target":["https:\/\/haberverkibris.com\/index.php\/2026\/05\/01\/yarindan-itibaren-sali-gunune-kadar-yagmur-bekleniyor\/"]}]},{"@type":"ImageObject","inLanguage":"tr","@id":"https:\/\/haberverkibris.com\/index.php\/2026\/05\/01\/yarindan-itibaren-sali-gunune-kadar-yagmur-bekleniyor\/#primaryimage","url":"https:\/\/haberverkibris.com\/wp-content\/uploads\/2026\/05\/yagmur.jpg","contentUrl":"https:\/\/haberverkibris.com\/wp-content\/uploads\/2026\/05\/yagmur.jpg","width":864,"height":486},{"@type":"BreadcrumbList","@id":"https:\/\/haberverkibris.com\/index.php\/2026\/05\/01\/yarindan-itibaren-sali-gunune-kadar-yagmur-bekleniyor\/#breadcrumb","itemListElement":[{"@type":"ListItem","position":1,"name":"Anasayfa","item":"https:\/\/haberverkibris.com\/"},{"@type":"ListItem","position":2,"name":"Yar\u0131ndan itibaren sal\u0131 g\u00fcn\u00fcne kadar ya\u011fmur bekleniyor"}]},{"@type":"WebSite","@id":"https:\/\/haberverkibris.com\/#website","url":"https:\/\/haberverkibris.com\/","name":"Kuzeyin Sesi","description":"Do\u011fru Haberin Adresi","potentialAction":[{"@type":"SearchAction","target":{"@type":"EntryPoint","urlTemplate":"https:\/\/haberverkibris.com\/?s={search_term_string}"},"query-input":{"@type":"PropertyValueSpecification","valueRequired":true,"valueName":"search_term_string"}}],"inLanguage":"tr"},{"@type":"Person","@id":"https:\/\/haberverkibris.com\/#\/schema\/person\/29d65381ed43765483b5a185ded66a56","name":"Haberver K\u0131br\u0131s","image":{"@type":"ImageObject","inLanguage":"tr","@id":"https:\/\/secure.gravatar.com\/avatar\/bab33852abfd8b282518d6ed81826833d77c3c882d9ab608add591ccace47a44?s=96&d=mm&r=g","url":"https:\/\/secure.gravatar.com\/avatar\/bab33852abfd8b282518d6ed81826833d77c3c882d9ab608add591ccace47a44?s=96&d=mm&r=g","contentUrl":"https:\/\/secure.gravatar.com\/avatar\/bab33852abfd8b282518d6ed81826833d77c3c882d9ab608add591ccace47a44?s=96&d=mm&r=g","caption":"Haberver K\u0131br\u0131s"},"sameAs":["https:\/\/haberverkibris.com"],"url":"https:\/\/haberverkibris.com\/index.php\/author\/guven\/"}]}},"_links":{"self":[{"href":"https:\/\/haberverkibris.com\/index.php\/wp-json\/wp\/v2\/posts\/34676","targetHints":{"allow":["GET"]}}],"collection":[{"href":"https:\/\/haberverkibris.com\/index.php\/wp-json\/wp\/v2\/posts"}],"about":[{"href":"https:\/\/haberverkibris.com\/index.php\/wp-json\/wp\/v2\/types\/post"}],"author":[{"embeddable":true,"href":"https:\/\/haberverkibris.com\/index.php\/wp-json\/wp\/v2\/users\/1"}],"replies":[{"embeddable":true,"href":"https:\/\/haberverkibris.com\/index.php\/wp-json\/wp\/v2\/comments?post=34676"}],"version-history":[{"count":1,"href":"https:\/\/haberverkibris.com\/index.php\/wp-json\/wp\/v2\/posts\/34676\/revisions"}],"predecessor-version":[{"id":34678,"href":"https:\/\/haberverkibris.com\/index.php\/wp-json\/wp\/v2\/posts\/34676\/revisions\/34678"}],"wp:featuredmedia":[{"embeddable":true,"href":"https:\/\/haberverkibris.com\/index.php\/wp-json\/wp\/v2\/media\/34677"}],"wp:attachment":[{"href":"https:\/\/haberverkibris.com\/index.php\/wp-json\/wp\/v2\/media?parent=34676"}],"wp:term":[{"taxonomy":"category","embeddable":true,"href":"https:\/\/haberverkibris.com\/index.php\/wp-json\/wp\/v2\/categories?post=34676"},{"taxonomy":"post_tag","embeddable":true,"href":"https:\/\/haberverkibris.com\/index.php\/wp-json\/wp\/v2\/tags?post=34676"}],"curies":[{"name":"wp","href":"https:\/\/api.w.org\/{rel}","templated":true}]}}