{"id":34674,"date":"2026-05-01T15:14:48","date_gmt":"2026-05-01T12:14:48","guid":{"rendered":"https:\/\/haberverkibris.com\/index.php\/2026\/05\/01\/gianni-infantino-fifa-baskanligina-yeniden-aday-olacak\/"},"modified":"2026-05-01T15:14:48","modified_gmt":"2026-05-01T12:14:48","slug":"gianni-infantino-fifa-baskanligina-yeniden-aday-olacak","status":"publish","type":"post","link":"https:\/\/haberverkibris.com\/index.php\/2026\/05\/01\/gianni-infantino-fifa-baskanligina-yeniden-aday-olacak\/","title":{"rendered":"Gianni Infantino, FIFA ba\u015fkanl\u0131\u011f\u0131na yeniden aday olacak"},"content":{"rendered":"<p><\/p>\n<div>\n<p>&#13;<br \/>\n\tKanada&#8217;n\u0131n Vancouver kentinde d\u00fczenlenen FIFA Kongresi&#8217;nde konu\u015fan 56 ya\u015f\u0131ndaki Infantino, &#8220;Gelecek y\u0131l yap\u0131lacak FIFA ba\u015fkanl\u0131k se\u00e7imi i\u00e7in aday olaca\u011f\u0131m\u0131 size teyit etmek istiyorum.&#8221; dedi.<\/p>\n<p>&#13;<br \/>\n\tFIFA ba\u015fkanl\u0131k koltu\u011funa 2016&#8217;da oturan, 2019 ve 2023 y\u0131llar\u0131nda se\u00e7imlere tek aday olarak giren Infantino, Asya, Afrika ve G\u00fcney Amerika konfederasyonlar\u0131n\u0131n deste\u011fini alm\u0131\u015f durumda. Bu \u00fc\u00e7 konfederasyon, 211 \u00fcye federasyonun 110&#8217;unu temsil ediyor.<\/p>\n<p>&#13;<br \/>\n\t2026 D\u00fcnya Kupas\u0131&#8217;na kat\u0131lan 48 tak\u0131ma verilecek para \u00f6d\u00fcl\u00fcn\u00fc 2&#8217;\u015fer milyon dolar daha art\u0131ran Infantino, \u00fcye federasyonlara 2,7 milyar dolar da\u011f\u0131t\u0131laca\u011f\u0131 s\u00f6z\u00fcn\u00fc verdi.<\/p>\n<p>&#13;<br \/>\n\tFIFA ba\u015fkanl\u0131\u011f\u0131 se\u00e7imleri 18 Mart 2027&#8217;de, Fas&#8217;\u0131n ba\u015fkenti Rabat&#8217;ta yap\u0131lacak.<\/p>\n<\/p><\/div>\n","protected":false},"excerpt":{"rendered":"<p>&#13; Kanada&#8217;n\u0131n Vancouver kentinde d\u00fczenlenen FIFA Kongresi&#8217;nde konu\u015fan 56 ya\u015f\u0131ndaki Infantino, &#8220;Gelecek y\u0131l yap\u0131lacak FIFA ba\u015fkanl\u0131k se\u00e7imi i\u00e7in aday olaca\u011f\u0131m\u0131 size teyit etmek istiyorum.&#8221; dedi. &#13; FIFA ba\u015fkanl\u0131k koltu\u011funa 2016&#8217;da oturan, 2019 ve 2023 y\u0131llar\u0131nda se\u00e7imlere tek aday olarak giren Infantino, Asya, Afrika ve G\u00fcney Amerika konfederasyonlar\u0131n\u0131n deste\u011fini alm\u0131\u015f durumda. Bu \u00fc\u00e7 konfederasyon, 211 \u00fcye [&hellip;]<\/p>\n","protected":false},"author":1,"featured_media":34675,"comment_status":"open","ping_status":"open","sticky":false,"template":"","format":"standard","meta":{"jnews-multi-image_gallery":[],"jnews_single_post":[],"jnews_primary_category":[],"jnews_social_meta":[],"jnews_override_counter":[],"footnotes":""},"categories":[4],"tags":[],"class_list":["post-34674","post","type-post","status-publish","format-standard","has-post-thumbnail","hentry","category-spor"],"yoast_head":"<!-- This site is optimized with the Yoast SEO plugin v27.5 - https:\/\/yoast.com\/product\/yoast-seo-wordpress\/ -->\n<title>Gianni Infantino, FIFA ba\u015fkanl\u0131\u011f\u0131na yeniden aday olacak - Haber Ver K\u0131br\u0131s<\/title>\n<meta name=\"robots\" content=\"index, follow, max-snippet:-1, max-image-preview:large, max-video-preview:-1\" \/>\n<link rel=\"canonical\" href=\"https:\/\/haberverkibris.com\/index.php\/2026\/05\/01\/gianni-infantino-fifa-baskanligina-yeniden-aday-olacak\/\" \/>\n<meta property=\"og:locale\" content=\"tr_TR\" \/>\n<meta property=\"og:type\" content=\"article\" \/>\n<meta property=\"og:title\" content=\"Gianni Infantino, FIFA ba\u015fkanl\u0131\u011f\u0131na yeniden aday olacak - Haber Ver K\u0131br\u0131s\" \/>\n<meta property=\"og:description\" content=\"&#013; Kanada&#8217;n\u0131n Vancouver kentinde d\u00fczenlenen FIFA Kongresi&#8217;nde konu\u015fan 56 ya\u015f\u0131ndaki Infantino, &#8220;Gelecek y\u0131l yap\u0131lacak FIFA ba\u015fkanl\u0131k se\u00e7imi i\u00e7in aday olaca\u011f\u0131m\u0131 size teyit etmek istiyorum.&#8221; dedi. &#013; FIFA ba\u015fkanl\u0131k koltu\u011funa 2016&#8217;da oturan, 2019 ve 2023 y\u0131llar\u0131nda se\u00e7imlere tek aday olarak giren Infantino, Asya, Afrika ve G\u00fcney Amerika konfederasyonlar\u0131n\u0131n deste\u011fini alm\u0131\u015f durumda. Bu \u00fc\u00e7 konfederasyon, 211 \u00fcye [&hellip;]\" \/>\n<meta property=\"og:url\" content=\"https:\/\/haberverkibris.com\/index.php\/2026\/05\/01\/gianni-infantino-fifa-baskanligina-yeniden-aday-olacak\/\" \/>\n<meta property=\"og:site_name\" content=\"Haber Ver K\u0131br\u0131s\" \/>\n<meta property=\"article:publisher\" content=\"https:\/\/www.facebook.com\/kuzeyinsesii\" \/>\n<meta property=\"article:published_time\" content=\"2026-05-01T12:14:48+00:00\" \/>\n<meta property=\"og:image\" content=\"https:\/\/trthaberstatic.cdn.wp.trt.com.tr\/resimler\/1564000\/gianni-infantino-aa-1564385.jpg\" \/>\n<meta name=\"author\" content=\"Haberver K\u0131br\u0131s\" \/>\n<meta name=\"twitter:card\" content=\"summary_large_image\" \/>\n<meta name=\"twitter:creator\" content=\"@kuzeyinsesii\" \/>\n<meta name=\"twitter:site\" content=\"@kuzeyinsesii\" \/>\n<meta name=\"twitter:label1\" content=\"Yazan:\" \/>\n\t<meta name=\"twitter:data1\" content=\"Haberver K\u0131br\u0131s\" \/>\n\t<meta name=\"twitter:label2\" content=\"Tahmini okuma s\u00fcresi\" \/>\n\t<meta name=\"twitter:data2\" content=\"1 dakika\" \/>\n<script type=\"application\/ld+json\" class=\"yoast-schema-graph\">{\"@context\":\"https:\\\/\\\/schema.org\",\"@graph\":[{\"@type\":\"Article\",\"@id\":\"https:\\\/\\\/haberverkibris.com\\\/index.php\\\/2026\\\/05\\\/01\\\/gianni-infantino-fifa-baskanligina-yeniden-aday-olacak\\\/#article\",\"isPartOf\":{\"@id\":\"https:\\\/\\\/haberverkibris.com\\\/index.php\\\/2026\\\/05\\\/01\\\/gianni-infantino-fifa-baskanligina-yeniden-aday-olacak\\\/\"},\"author\":{\"name\":\"Haberver K\u0131br\u0131s\",\"@id\":\"https:\\\/\\\/haberverkibris.com\\\/#\\\/schema\\\/person\\\/29d65381ed43765483b5a185ded66a56\"},\"headline\":\"Gianni Infantino, FIFA ba\u015fkanl\u0131\u011f\u0131na yeniden aday olacak\",\"datePublished\":\"2026-05-01T12:14:48+00:00\",\"mainEntityOfPage\":{\"@id\":\"https:\\\/\\\/haberverkibris.com\\\/index.php\\\/2026\\\/05\\\/01\\\/gianni-infantino-fifa-baskanligina-yeniden-aday-olacak\\\/\"},\"wordCount\":130,\"commentCount\":0,\"image\":{\"@id\":\"https:\\\/\\\/haberverkibris.com\\\/index.php\\\/2026\\\/05\\\/01\\\/gianni-infantino-fifa-baskanligina-yeniden-aday-olacak\\\/#primaryimage\"},\"thumbnailUrl\":\"https:\\\/\\\/haberverkibris.com\\\/wp-content\\\/uploads\\\/2026\\\/05\\\/gianni-infantino-aa-1564385.jpg\",\"articleSection\":[\"Spor\"],\"inLanguage\":\"tr\",\"potentialAction\":[{\"@type\":\"CommentAction\",\"name\":\"Comment\",\"target\":[\"https:\\\/\\\/haberverkibris.com\\\/index.php\\\/2026\\\/05\\\/01\\\/gianni-infantino-fifa-baskanligina-yeniden-aday-olacak\\\/#respond\"]}]},{\"@type\":\"WebPage\",\"@id\":\"https:\\\/\\\/haberverkibris.com\\\/index.php\\\/2026\\\/05\\\/01\\\/gianni-infantino-fifa-baskanligina-yeniden-aday-olacak\\\/\",\"url\":\"https:\\\/\\\/haberverkibris.com\\\/index.php\\\/2026\\\/05\\\/01\\\/gianni-infantino-fifa-baskanligina-yeniden-aday-olacak\\\/\",\"name\":\"Gianni Infantino, FIFA ba\u015fkanl\u0131\u011f\u0131na yeniden aday olacak - Haber Ver K\u0131br\u0131s\",\"isPartOf\":{\"@id\":\"https:\\\/\\\/haberverkibris.com\\\/#website\"},\"primaryImageOfPage\":{\"@id\":\"https:\\\/\\\/haberverkibris.com\\\/index.php\\\/2026\\\/05\\\/01\\\/gianni-infantino-fifa-baskanligina-yeniden-aday-olacak\\\/#primaryimage\"},\"image\":{\"@id\":\"https:\\\/\\\/haberverkibris.com\\\/index.php\\\/2026\\\/05\\\/01\\\/gianni-infantino-fifa-baskanligina-yeniden-aday-olacak\\\/#primaryimage\"},\"thumbnailUrl\":\"https:\\\/\\\/haberverkibris.com\\\/wp-content\\\/uploads\\\/2026\\\/05\\\/gianni-infantino-aa-1564385.jpg\",\"datePublished\":\"2026-05-01T12:14:48+00:00\",\"author\":{\"@id\":\"https:\\\/\\\/haberverkibris.com\\\/#\\\/schema\\\/person\\\/29d65381ed43765483b5a185ded66a56\"},\"breadcrumb\":{\"@id\":\"https:\\\/\\\/haberverkibris.com\\\/index.php\\\/2026\\\/05\\\/01\\\/gianni-infantino-fifa-baskanligina-yeniden-aday-olacak\\\/#breadcrumb\"},\"inLanguage\":\"tr\",\"potentialAction\":[{\"@type\":\"ReadAction\",\"target\":[\"https:\\\/\\\/haberverkibris.com\\\/index.php\\\/2026\\\/05\\\/01\\\/gianni-infantino-fifa-baskanligina-yeniden-aday-olacak\\\/\"]}]},{\"@type\":\"ImageObject\",\"inLanguage\":\"tr\",\"@id\":\"https:\\\/\\\/haberverkibris.com\\\/index.php\\\/2026\\\/05\\\/01\\\/gianni-infantino-fifa-baskanligina-yeniden-aday-olacak\\\/#primaryimage\",\"url\":\"https:\\\/\\\/haberverkibris.com\\\/wp-content\\\/uploads\\\/2026\\\/05\\\/gianni-infantino-aa-1564385.jpg\",\"contentUrl\":\"https:\\\/\\\/haberverkibris.com\\\/wp-content\\\/uploads\\\/2026\\\/05\\\/gianni-infantino-aa-1564385.jpg\",\"width\":1280,\"height\":720},{\"@type\":\"BreadcrumbList\",\"@id\":\"https:\\\/\\\/haberverkibris.com\\\/index.php\\\/2026\\\/05\\\/01\\\/gianni-infantino-fifa-baskanligina-yeniden-aday-olacak\\\/#breadcrumb\",\"itemListElement\":[{\"@type\":\"ListItem\",\"position\":1,\"name\":\"Anasayfa\",\"item\":\"https:\\\/\\\/haberverkibris.com\\\/\"},{\"@type\":\"ListItem\",\"position\":2,\"name\":\"Gianni Infantino, FIFA ba\u015fkanl\u0131\u011f\u0131na yeniden aday olacak\"}]},{\"@type\":\"WebSite\",\"@id\":\"https:\\\/\\\/haberverkibris.com\\\/#website\",\"url\":\"https:\\\/\\\/haberverkibris.com\\\/\",\"name\":\"Kuzeyin Sesi\",\"description\":\"Do\u011fru Haberin Adresi\",\"potentialAction\":[{\"@type\":\"SearchAction\",\"target\":{\"@type\":\"EntryPoint\",\"urlTemplate\":\"https:\\\/\\\/haberverkibris.com\\\/?s={search_term_string}\"},\"query-input\":{\"@type\":\"PropertyValueSpecification\",\"valueRequired\":true,\"valueName\":\"search_term_string\"}}],\"inLanguage\":\"tr\"},{\"@type\":\"Person\",\"@id\":\"https:\\\/\\\/haberverkibris.com\\\/#\\\/schema\\\/person\\\/29d65381ed43765483b5a185ded66a56\",\"name\":\"Haberver K\u0131br\u0131s\",\"image\":{\"@type\":\"ImageObject\",\"inLanguage\":\"tr\",\"@id\":\"https:\\\/\\\/secure.gravatar.com\\\/avatar\\\/bab33852abfd8b282518d6ed81826833d77c3c882d9ab608add591ccace47a44?s=96&d=mm&r=g\",\"url\":\"https:\\\/\\\/secure.gravatar.com\\\/avatar\\\/bab33852abfd8b282518d6ed81826833d77c3c882d9ab608add591ccace47a44?s=96&d=mm&r=g\",\"contentUrl\":\"https:\\\/\\\/secure.gravatar.com\\\/avatar\\\/bab33852abfd8b282518d6ed81826833d77c3c882d9ab608add591ccace47a44?s=96&d=mm&r=g\",\"caption\":\"Haberver K\u0131br\u0131s\"},\"sameAs\":[\"https:\\\/\\\/haberverkibris.com\"],\"url\":\"https:\\\/\\\/haberverkibris.com\\\/index.php\\\/author\\\/guven\\\/\"}]}<\/script>\n<!-- \/ Yoast SEO plugin. -->","yoast_head_json":{"title":"Gianni Infantino, FIFA ba\u015fkanl\u0131\u011f\u0131na yeniden aday olacak - Haber Ver K\u0131br\u0131s","robots":{"index":"index","follow":"follow","max-snippet":"max-snippet:-1","max-image-preview":"max-image-preview:large","max-video-preview":"max-video-preview:-1"},"canonical":"https:\/\/haberverkibris.com\/index.php\/2026\/05\/01\/gianni-infantino-fifa-baskanligina-yeniden-aday-olacak\/","og_locale":"tr_TR","og_type":"article","og_title":"Gianni Infantino, FIFA ba\u015fkanl\u0131\u011f\u0131na yeniden aday olacak - Haber Ver K\u0131br\u0131s","og_description":"&#13; Kanada&#8217;n\u0131n Vancouver kentinde d\u00fczenlenen FIFA Kongresi&#8217;nde konu\u015fan 56 ya\u015f\u0131ndaki Infantino, &#8220;Gelecek y\u0131l yap\u0131lacak FIFA ba\u015fkanl\u0131k se\u00e7imi i\u00e7in aday olaca\u011f\u0131m\u0131 size teyit etmek istiyorum.&#8221; dedi. &#13; FIFA ba\u015fkanl\u0131k koltu\u011funa 2016&#8217;da oturan, 2019 ve 2023 y\u0131llar\u0131nda se\u00e7imlere tek aday olarak giren Infantino, Asya, Afrika ve G\u00fcney Amerika konfederasyonlar\u0131n\u0131n deste\u011fini alm\u0131\u015f durumda. Bu \u00fc\u00e7 konfederasyon, 211 \u00fcye [&hellip;]","og_url":"https:\/\/haberverkibris.com\/index.php\/2026\/05\/01\/gianni-infantino-fifa-baskanligina-yeniden-aday-olacak\/","og_site_name":"Haber Ver K\u0131br\u0131s","article_publisher":"https:\/\/www.facebook.com\/kuzeyinsesii","article_published_time":"2026-05-01T12:14:48+00:00","og_image":[{"url":"https:\/\/trthaberstatic.cdn.wp.trt.com.tr\/resimler\/1564000\/gianni-infantino-aa-1564385.jpg","type":"","width":"","height":""}],"author":"Haberver K\u0131br\u0131s","twitter_card":"summary_large_image","twitter_creator":"@kuzeyinsesii","twitter_site":"@kuzeyinsesii","twitter_misc":{"Yazan:":"Haberver K\u0131br\u0131s","Tahmini okuma s\u00fcresi":"1 dakika"},"schema":{"@context":"https:\/\/schema.org","@graph":[{"@type":"Article","@id":"https:\/\/haberverkibris.com\/index.php\/2026\/05\/01\/gianni-infantino-fifa-baskanligina-yeniden-aday-olacak\/#article","isPartOf":{"@id":"https:\/\/haberverkibris.com\/index.php\/2026\/05\/01\/gianni-infantino-fifa-baskanligina-yeniden-aday-olacak\/"},"author":{"name":"Haberver K\u0131br\u0131s","@id":"https:\/\/haberverkibris.com\/#\/schema\/person\/29d65381ed43765483b5a185ded66a56"},"headline":"Gianni Infantino, FIFA ba\u015fkanl\u0131\u011f\u0131na yeniden aday olacak","datePublished":"2026-05-01T12:14:48+00:00","mainEntityOfPage":{"@id":"https:\/\/haberverkibris.com\/index.php\/2026\/05\/01\/gianni-infantino-fifa-baskanligina-yeniden-aday-olacak\/"},"wordCount":130,"commentCount":0,"image":{"@id":"https:\/\/haberverkibris.com\/index.php\/2026\/05\/01\/gianni-infantino-fifa-baskanligina-yeniden-aday-olacak\/#primaryimage"},"thumbnailUrl":"https:\/\/haberverkibris.com\/wp-content\/uploads\/2026\/05\/gianni-infantino-aa-1564385.jpg","articleSection":["Spor"],"inLanguage":"tr","potentialAction":[{"@type":"CommentAction","name":"Comment","target":["https:\/\/haberverkibris.com\/index.php\/2026\/05\/01\/gianni-infantino-fifa-baskanligina-yeniden-aday-olacak\/#respond"]}]},{"@type":"WebPage","@id":"https:\/\/haberverkibris.com\/index.php\/2026\/05\/01\/gianni-infantino-fifa-baskanligina-yeniden-aday-olacak\/","url":"https:\/\/haberverkibris.com\/index.php\/2026\/05\/01\/gianni-infantino-fifa-baskanligina-yeniden-aday-olacak\/","name":"Gianni Infantino, FIFA ba\u015fkanl\u0131\u011f\u0131na yeniden aday olacak - Haber Ver K\u0131br\u0131s","isPartOf":{"@id":"https:\/\/haberverkibris.com\/#website"},"primaryImageOfPage":{"@id":"https:\/\/haberverkibris.com\/index.php\/2026\/05\/01\/gianni-infantino-fifa-baskanligina-yeniden-aday-olacak\/#primaryimage"},"image":{"@id":"https:\/\/haberverkibris.com\/index.php\/2026\/05\/01\/gianni-infantino-fifa-baskanligina-yeniden-aday-olacak\/#primaryimage"},"thumbnailUrl":"https:\/\/haberverkibris.com\/wp-content\/uploads\/2026\/05\/gianni-infantino-aa-1564385.jpg","datePublished":"2026-05-01T12:14:48+00:00","author":{"@id":"https:\/\/haberverkibris.com\/#\/schema\/person\/29d65381ed43765483b5a185ded66a56"},"breadcrumb":{"@id":"https:\/\/haberverkibris.com\/index.php\/2026\/05\/01\/gianni-infantino-fifa-baskanligina-yeniden-aday-olacak\/#breadcrumb"},"inLanguage":"tr","potentialAction":[{"@type":"ReadAction","target":["https:\/\/haberverkibris.com\/index.php\/2026\/05\/01\/gianni-infantino-fifa-baskanligina-yeniden-aday-olacak\/"]}]},{"@type":"ImageObject","inLanguage":"tr","@id":"https:\/\/haberverkibris.com\/index.php\/2026\/05\/01\/gianni-infantino-fifa-baskanligina-yeniden-aday-olacak\/#primaryimage","url":"https:\/\/haberverkibris.com\/wp-content\/uploads\/2026\/05\/gianni-infantino-aa-1564385.jpg","contentUrl":"https:\/\/haberverkibris.com\/wp-content\/uploads\/2026\/05\/gianni-infantino-aa-1564385.jpg","width":1280,"height":720},{"@type":"BreadcrumbList","@id":"https:\/\/haberverkibris.com\/index.php\/2026\/05\/01\/gianni-infantino-fifa-baskanligina-yeniden-aday-olacak\/#breadcrumb","itemListElement":[{"@type":"ListItem","position":1,"name":"Anasayfa","item":"https:\/\/haberverkibris.com\/"},{"@type":"ListItem","position":2,"name":"Gianni Infantino, FIFA ba\u015fkanl\u0131\u011f\u0131na yeniden aday olacak"}]},{"@type":"WebSite","@id":"https:\/\/haberverkibris.com\/#website","url":"https:\/\/haberverkibris.com\/","name":"Kuzeyin Sesi","description":"Do\u011fru Haberin Adresi","potentialAction":[{"@type":"SearchAction","target":{"@type":"EntryPoint","urlTemplate":"https:\/\/haberverkibris.com\/?s={search_term_string}"},"query-input":{"@type":"PropertyValueSpecification","valueRequired":true,"valueName":"search_term_string"}}],"inLanguage":"tr"},{"@type":"Person","@id":"https:\/\/haberverkibris.com\/#\/schema\/person\/29d65381ed43765483b5a185ded66a56","name":"Haberver K\u0131br\u0131s","image":{"@type":"ImageObject","inLanguage":"tr","@id":"https:\/\/secure.gravatar.com\/avatar\/bab33852abfd8b282518d6ed81826833d77c3c882d9ab608add591ccace47a44?s=96&d=mm&r=g","url":"https:\/\/secure.gravatar.com\/avatar\/bab33852abfd8b282518d6ed81826833d77c3c882d9ab608add591ccace47a44?s=96&d=mm&r=g","contentUrl":"https:\/\/secure.gravatar.com\/avatar\/bab33852abfd8b282518d6ed81826833d77c3c882d9ab608add591ccace47a44?s=96&d=mm&r=g","caption":"Haberver K\u0131br\u0131s"},"sameAs":["https:\/\/haberverkibris.com"],"url":"https:\/\/haberverkibris.com\/index.php\/author\/guven\/"}]}},"_links":{"self":[{"href":"https:\/\/haberverkibris.com\/index.php\/wp-json\/wp\/v2\/posts\/34674","targetHints":{"allow":["GET"]}}],"collection":[{"href":"https:\/\/haberverkibris.com\/index.php\/wp-json\/wp\/v2\/posts"}],"about":[{"href":"https:\/\/haberverkibris.com\/index.php\/wp-json\/wp\/v2\/types\/post"}],"author":[{"embeddable":true,"href":"https:\/\/haberverkibris.com\/index.php\/wp-json\/wp\/v2\/users\/1"}],"replies":[{"embeddable":true,"href":"https:\/\/haberverkibris.com\/index.php\/wp-json\/wp\/v2\/comments?post=34674"}],"version-history":[{"count":0,"href":"https:\/\/haberverkibris.com\/index.php\/wp-json\/wp\/v2\/posts\/34674\/revisions"}],"wp:featuredmedia":[{"embeddable":true,"href":"https:\/\/haberverkibris.com\/index.php\/wp-json\/wp\/v2\/media\/34675"}],"wp:attachment":[{"href":"https:\/\/haberverkibris.com\/index.php\/wp-json\/wp\/v2\/media?parent=34674"}],"wp:term":[{"taxonomy":"category","embeddable":true,"href":"https:\/\/haberverkibris.com\/index.php\/wp-json\/wp\/v2\/categories?post=34674"},{"taxonomy":"post_tag","embeddable":true,"href":"https:\/\/haberverkibris.com\/index.php\/wp-json\/wp\/v2\/tags?post=34674"}],"curies":[{"name":"wp","href":"https:\/\/api.w.org\/{rel}","templated":true}]}}