{"id":34672,"date":"2026-05-01T15:02:40","date_gmt":"2026-05-01T12:02:40","guid":{"rendered":"https:\/\/haberverkibris.com\/index.php\/2026\/05\/01\/misirda-ilk-kez-bir-mumyanin-karninda-edebi-metin-bulundu\/"},"modified":"2026-05-01T15:02:40","modified_gmt":"2026-05-01T12:02:40","slug":"misirda-ilk-kez-bir-mumyanin-karninda-edebi-metin-bulundu","status":"publish","type":"post","link":"https:\/\/haberverkibris.com\/index.php\/2026\/05\/01\/misirda-ilk-kez-bir-mumyanin-karninda-edebi-metin-bulundu\/","title":{"rendered":"M\u0131s\u0131r&#8217;da ilk kez bir mumyan\u0131n karn\u0131nda edebi metin bulundu"},"content":{"rendered":"<p><\/p>\n<div>\n<p>&#13;<br \/>\n\tBarselona \u00dcniversitesi&#8217;nden uzmanlar, mumyalama s\u00fcrecinde dini rit\u00fcel metinleri yerine ilk kez edebi bir metnin kullan\u0131ld\u0131\u011f\u0131n\u0131, bunun d\u00fcnya \u00e7ap\u0131nda bir ilk oldu\u011funu a\u00e7\u0131klad\u0131.<\/p>\n<p>&#13;<br \/>\n\tKahire&#8217;nin yakla\u015f\u0131k 200 kilometre g\u00fcneyinde bulunan Roma d\u00f6nemine ait mumyan\u0131n \u00fczerindeki papir\u00fcs\u00fcn, \u0130lyada\u2019n\u0131n ikinci kitab\u0131nda yer alan &#8220;Gemi Katalo\u011fu&#8221; b\u00f6l\u00fcm\u00fcnden par\u00e7alar i\u00e7erdi\u011fi tespit edildi.<\/p>\n<p>&#13;<br \/>\n\tPapir\u00fcs\u00fcn olduk\u00e7a k\u0131r\u0131lgan olmas\u0131 nedeniyle \u00e7al\u0131\u015fmalar\u0131n titizlikle s\u00fcrd\u00fc\u011f\u00fc, metnin tam i\u00e7eri\u011finin y\u00fcksek teknolojili r\u00f6ntgen y\u00f6ntemleriyle netle\u015ftirilece\u011fi belirtildi.<\/p>\n<h2>&#13;<br \/>\n\tGizemli bir rit\u00fcel mi, mumyac\u0131 imzas\u0131 m\u0131?<\/h2>\n<p>&#13;<br \/>\n\tKlasik filolog Ignasi-Xavier Adiego, edebi bir metnin neden bu \u015fekilde kullan\u0131ld\u0131\u011f\u0131na dair hen\u00fcz kesin bir sonuca varamad\u0131klar\u0131n\u0131 ifade etti.<\/p>\n<p>&#13;<br \/>\n\tDaha \u00f6nce bulunan rit\u00fcel metinlerinin koruyucu ama\u00e7la yerle\u015ftirildi\u011fi d\u00fc\u015f\u00fcn\u00fcl\u00fcrken, bir destan par\u00e7as\u0131n\u0131n ayn\u0131 i\u015flevi g\u00f6r\u00fcp g\u00f6rmedi\u011fi veya mumyac\u0131n\u0131n bir t\u00fcr &#8220;imzas\u0131&#8221; m\u0131 oldu\u011fu ara\u015ft\u0131r\u0131l\u0131yor.<\/p>\n<h2>&#13;<br \/>\n\tAlt\u0131n dilli mumyalar ve antik kal\u0131nt\u0131lar<\/h2>\n<p>&#13;<br \/>\n\tM\u0131s\u0131r Turizm ve Tarihi Eserler Bakanl\u0131\u011f\u0131 taraf\u0131ndan yap\u0131lan a\u00e7\u0131klamada, kaz\u0131 alan\u0131nda \u00fc\u00e7 kire\u00e7ta\u015f\u0131 mezar\u0131n daha bulundu\u011fu bildirildi. Bu mezarlarda dillerinde alt\u0131n varak bulunan \u00fc\u00e7 mumya ile dilinde bak\u0131r bulunan bir ba\u015fka mumya daha tespit edildi.<\/p>\n<p>&#13;<br \/>\n\tBarselona \u00dcniversitesi ekibi, uzun y\u0131llard\u0131r antik Oxyrhynchus kentinde kaz\u0131 \u00e7al\u0131\u015fmalar\u0131n\u0131 s\u00fcrd\u00fcr\u00fcyordu. B\u00f6lgedeki mumyalarda daha \u00f6nce mumyalama s\u00fcreciyle ilgili dini form\u00fcllerin yer ald\u0131\u011f\u0131 paketler bulunmu\u015f, ancak edebi bir eserle hi\u00e7 kar\u015f\u0131la\u015f\u0131lmam\u0131\u015ft\u0131.<\/p>\n<p>&#13;<br \/>\n\tAra\u015ft\u0131rmalar hen\u00fcz ba\u015flang\u0131\u00e7 a\u015famas\u0131nda olsa da arkeologlar mezarlarda dikkat \u00e7ekici bulgulara rastlamaya devam ediyor.<\/p>\n<p>&#13;<br \/>\n\tOdalardan birinde yeti\u015fkin bir insana ait yak\u0131lm\u0131\u015f kal\u0131nt\u0131lar\u0131n yan\u0131 s\u0131ra bir bebek kemikleri ve bir kedi kafas\u0131 i\u00e7eren b\u00fcy\u00fck bir kavanoz bulundu. \u0130kinci bir odada ise benzer \u015fekilde iki ki\u015fiye ait yak\u0131lm\u0131\u015f kal\u0131nt\u0131lar tespit edildi.<\/p>\n<p>&#13;<br \/>\n\tPapir\u00fcs\u00fcn zarar g\u00f6rmemesi i\u00e7in X-ray gibi tahribats\u0131z y\u00f6ntemlerle yap\u0131lacak incelemeler, metnin neden se\u00e7ildi\u011fine \u0131\u015f\u0131k tutacak.<\/p>\n<p>&#13;<br \/>\n\tUzmanlar, bu ke\u015ffin antik M\u0131s\u0131r\u2019daki cenaze rit\u00fcelleri ve o d\u00f6nemde Yunan edebiyat\u0131n\u0131n toplumdaki yeri konusundaki bilgileri temelden de\u011fi\u015ftirebilece\u011fini \u00f6ng\u00f6r\u00fcyor.<\/p>\n<\/p><\/div>\n","protected":false},"excerpt":{"rendered":"<p>&#13; Barselona \u00dcniversitesi&#8217;nden uzmanlar, mumyalama s\u00fcrecinde dini rit\u00fcel metinleri yerine ilk kez edebi bir metnin kullan\u0131ld\u0131\u011f\u0131n\u0131, bunun d\u00fcnya \u00e7ap\u0131nda bir ilk oldu\u011funu a\u00e7\u0131klad\u0131. &#13; Kahire&#8217;nin yakla\u015f\u0131k 200 kilometre g\u00fcneyinde bulunan Roma d\u00f6nemine ait mumyan\u0131n \u00fczerindeki papir\u00fcs\u00fcn, \u0130lyada\u2019n\u0131n ikinci kitab\u0131nda yer alan &#8220;Gemi Katalo\u011fu&#8221; b\u00f6l\u00fcm\u00fcnden par\u00e7alar i\u00e7erdi\u011fi tespit edildi. &#13; Papir\u00fcs\u00fcn olduk\u00e7a k\u0131r\u0131lgan olmas\u0131 nedeniyle \u00e7al\u0131\u015fmalar\u0131n [&hellip;]<\/p>\n","protected":false},"author":1,"featured_media":34673,"comment_status":"open","ping_status":"open","sticky":false,"template":"","format":"standard","meta":{"jnews-multi-image_gallery":[],"jnews_single_post":[],"jnews_primary_category":[],"jnews_social_meta":[],"jnews_override_counter":[],"footnotes":""},"categories":[2],"tags":[],"class_list":["post-34672","post","type-post","status-publish","format-standard","has-post-thumbnail","hentry","category-dunya"],"yoast_head":"<!-- This site is optimized with the Yoast SEO plugin v27.5 - https:\/\/yoast.com\/product\/yoast-seo-wordpress\/ -->\n<title>M\u0131s\u0131r&#039;da ilk kez bir mumyan\u0131n karn\u0131nda edebi metin bulundu - Haber Ver K\u0131br\u0131s<\/title>\n<meta name=\"robots\" content=\"index, follow, max-snippet:-1, max-image-preview:large, max-video-preview:-1\" \/>\n<link rel=\"canonical\" href=\"https:\/\/haberverkibris.com\/index.php\/2026\/05\/01\/misirda-ilk-kez-bir-mumyanin-karninda-edebi-metin-bulundu\/\" \/>\n<meta property=\"og:locale\" content=\"tr_TR\" \/>\n<meta property=\"og:type\" content=\"article\" \/>\n<meta property=\"og:title\" content=\"M\u0131s\u0131r&#039;da ilk kez bir mumyan\u0131n karn\u0131nda edebi metin bulundu - Haber Ver K\u0131br\u0131s\" \/>\n<meta property=\"og:description\" content=\"&#013; Barselona \u00dcniversitesi&#8217;nden uzmanlar, mumyalama s\u00fcrecinde dini rit\u00fcel metinleri yerine ilk kez edebi bir metnin kullan\u0131ld\u0131\u011f\u0131n\u0131, bunun d\u00fcnya \u00e7ap\u0131nda bir ilk oldu\u011funu a\u00e7\u0131klad\u0131. &#013; Kahire&#8217;nin yakla\u015f\u0131k 200 kilometre g\u00fcneyinde bulunan Roma d\u00f6nemine ait mumyan\u0131n \u00fczerindeki papir\u00fcs\u00fcn, \u0130lyada\u2019n\u0131n ikinci kitab\u0131nda yer alan &#8220;Gemi Katalo\u011fu&#8221; b\u00f6l\u00fcm\u00fcnden par\u00e7alar i\u00e7erdi\u011fi tespit edildi. &#013; Papir\u00fcs\u00fcn olduk\u00e7a k\u0131r\u0131lgan olmas\u0131 nedeniyle \u00e7al\u0131\u015fmalar\u0131n [&hellip;]\" \/>\n<meta property=\"og:url\" content=\"https:\/\/haberverkibris.com\/index.php\/2026\/05\/01\/misirda-ilk-kez-bir-mumyanin-karninda-edebi-metin-bulundu\/\" \/>\n<meta property=\"og:site_name\" content=\"Haber Ver K\u0131br\u0131s\" \/>\n<meta property=\"article:publisher\" content=\"https:\/\/www.facebook.com\/kuzeyinsesii\" \/>\n<meta property=\"article:published_time\" content=\"2026-05-01T12:02:40+00:00\" \/>\n<meta property=\"og:image\" content=\"https:\/\/trthaberstatic.cdn.wp.trt.com.tr\/resimler\/2456000\/mumya-2457607.jpg\" \/>\n<meta name=\"author\" content=\"Haberver K\u0131br\u0131s\" \/>\n<meta name=\"twitter:card\" content=\"summary_large_image\" \/>\n<meta name=\"twitter:creator\" content=\"@kuzeyinsesii\" \/>\n<meta name=\"twitter:site\" content=\"@kuzeyinsesii\" \/>\n<meta name=\"twitter:label1\" content=\"Yazan:\" \/>\n\t<meta name=\"twitter:data1\" content=\"Haberver K\u0131br\u0131s\" \/>\n\t<meta name=\"twitter:label2\" content=\"Tahmini okuma s\u00fcresi\" \/>\n\t<meta name=\"twitter:data2\" content=\"2 dakika\" \/>\n<script type=\"application\/ld+json\" class=\"yoast-schema-graph\">{\"@context\":\"https:\\\/\\\/schema.org\",\"@graph\":[{\"@type\":\"Article\",\"@id\":\"https:\\\/\\\/haberverkibris.com\\\/index.php\\\/2026\\\/05\\\/01\\\/misirda-ilk-kez-bir-mumyanin-karninda-edebi-metin-bulundu\\\/#article\",\"isPartOf\":{\"@id\":\"https:\\\/\\\/haberverkibris.com\\\/index.php\\\/2026\\\/05\\\/01\\\/misirda-ilk-kez-bir-mumyanin-karninda-edebi-metin-bulundu\\\/\"},\"author\":{\"name\":\"Haberver K\u0131br\u0131s\",\"@id\":\"https:\\\/\\\/haberverkibris.com\\\/#\\\/schema\\\/person\\\/29d65381ed43765483b5a185ded66a56\"},\"headline\":\"M\u0131s\u0131r&#8217;da ilk kez bir mumyan\u0131n karn\u0131nda edebi metin bulundu\",\"datePublished\":\"2026-05-01T12:02:40+00:00\",\"mainEntityOfPage\":{\"@id\":\"https:\\\/\\\/haberverkibris.com\\\/index.php\\\/2026\\\/05\\\/01\\\/misirda-ilk-kez-bir-mumyanin-karninda-edebi-metin-bulundu\\\/\"},\"wordCount\":417,\"commentCount\":0,\"image\":{\"@id\":\"https:\\\/\\\/haberverkibris.com\\\/index.php\\\/2026\\\/05\\\/01\\\/misirda-ilk-kez-bir-mumyanin-karninda-edebi-metin-bulundu\\\/#primaryimage\"},\"thumbnailUrl\":\"https:\\\/\\\/haberverkibris.com\\\/wp-content\\\/uploads\\\/2026\\\/05\\\/mumya-2457607.jpg\",\"articleSection\":[\"D\u00fcnya\"],\"inLanguage\":\"tr\",\"potentialAction\":[{\"@type\":\"CommentAction\",\"name\":\"Comment\",\"target\":[\"https:\\\/\\\/haberverkibris.com\\\/index.php\\\/2026\\\/05\\\/01\\\/misirda-ilk-kez-bir-mumyanin-karninda-edebi-metin-bulundu\\\/#respond\"]}]},{\"@type\":\"WebPage\",\"@id\":\"https:\\\/\\\/haberverkibris.com\\\/index.php\\\/2026\\\/05\\\/01\\\/misirda-ilk-kez-bir-mumyanin-karninda-edebi-metin-bulundu\\\/\",\"url\":\"https:\\\/\\\/haberverkibris.com\\\/index.php\\\/2026\\\/05\\\/01\\\/misirda-ilk-kez-bir-mumyanin-karninda-edebi-metin-bulundu\\\/\",\"name\":\"M\u0131s\u0131r'da ilk kez bir mumyan\u0131n karn\u0131nda edebi metin bulundu - Haber Ver K\u0131br\u0131s\",\"isPartOf\":{\"@id\":\"https:\\\/\\\/haberverkibris.com\\\/#website\"},\"primaryImageOfPage\":{\"@id\":\"https:\\\/\\\/haberverkibris.com\\\/index.php\\\/2026\\\/05\\\/01\\\/misirda-ilk-kez-bir-mumyanin-karninda-edebi-metin-bulundu\\\/#primaryimage\"},\"image\":{\"@id\":\"https:\\\/\\\/haberverkibris.com\\\/index.php\\\/2026\\\/05\\\/01\\\/misirda-ilk-kez-bir-mumyanin-karninda-edebi-metin-bulundu\\\/#primaryimage\"},\"thumbnailUrl\":\"https:\\\/\\\/haberverkibris.com\\\/wp-content\\\/uploads\\\/2026\\\/05\\\/mumya-2457607.jpg\",\"datePublished\":\"2026-05-01T12:02:40+00:00\",\"author\":{\"@id\":\"https:\\\/\\\/haberverkibris.com\\\/#\\\/schema\\\/person\\\/29d65381ed43765483b5a185ded66a56\"},\"breadcrumb\":{\"@id\":\"https:\\\/\\\/haberverkibris.com\\\/index.php\\\/2026\\\/05\\\/01\\\/misirda-ilk-kez-bir-mumyanin-karninda-edebi-metin-bulundu\\\/#breadcrumb\"},\"inLanguage\":\"tr\",\"potentialAction\":[{\"@type\":\"ReadAction\",\"target\":[\"https:\\\/\\\/haberverkibris.com\\\/index.php\\\/2026\\\/05\\\/01\\\/misirda-ilk-kez-bir-mumyanin-karninda-edebi-metin-bulundu\\\/\"]}]},{\"@type\":\"ImageObject\",\"inLanguage\":\"tr\",\"@id\":\"https:\\\/\\\/haberverkibris.com\\\/index.php\\\/2026\\\/05\\\/01\\\/misirda-ilk-kez-bir-mumyanin-karninda-edebi-metin-bulundu\\\/#primaryimage\",\"url\":\"https:\\\/\\\/haberverkibris.com\\\/wp-content\\\/uploads\\\/2026\\\/05\\\/mumya-2457607.jpg\",\"contentUrl\":\"https:\\\/\\\/haberverkibris.com\\\/wp-content\\\/uploads\\\/2026\\\/05\\\/mumya-2457607.jpg\",\"width\":1280,\"height\":720},{\"@type\":\"BreadcrumbList\",\"@id\":\"https:\\\/\\\/haberverkibris.com\\\/index.php\\\/2026\\\/05\\\/01\\\/misirda-ilk-kez-bir-mumyanin-karninda-edebi-metin-bulundu\\\/#breadcrumb\",\"itemListElement\":[{\"@type\":\"ListItem\",\"position\":1,\"name\":\"Anasayfa\",\"item\":\"https:\\\/\\\/haberverkibris.com\\\/\"},{\"@type\":\"ListItem\",\"position\":2,\"name\":\"M\u0131s\u0131r&#8217;da ilk kez bir mumyan\u0131n karn\u0131nda edebi metin bulundu\"}]},{\"@type\":\"WebSite\",\"@id\":\"https:\\\/\\\/haberverkibris.com\\\/#website\",\"url\":\"https:\\\/\\\/haberverkibris.com\\\/\",\"name\":\"Kuzeyin Sesi\",\"description\":\"Do\u011fru Haberin Adresi\",\"potentialAction\":[{\"@type\":\"SearchAction\",\"target\":{\"@type\":\"EntryPoint\",\"urlTemplate\":\"https:\\\/\\\/haberverkibris.com\\\/?s={search_term_string}\"},\"query-input\":{\"@type\":\"PropertyValueSpecification\",\"valueRequired\":true,\"valueName\":\"search_term_string\"}}],\"inLanguage\":\"tr\"},{\"@type\":\"Person\",\"@id\":\"https:\\\/\\\/haberverkibris.com\\\/#\\\/schema\\\/person\\\/29d65381ed43765483b5a185ded66a56\",\"name\":\"Haberver K\u0131br\u0131s\",\"image\":{\"@type\":\"ImageObject\",\"inLanguage\":\"tr\",\"@id\":\"https:\\\/\\\/secure.gravatar.com\\\/avatar\\\/bab33852abfd8b282518d6ed81826833d77c3c882d9ab608add591ccace47a44?s=96&d=mm&r=g\",\"url\":\"https:\\\/\\\/secure.gravatar.com\\\/avatar\\\/bab33852abfd8b282518d6ed81826833d77c3c882d9ab608add591ccace47a44?s=96&d=mm&r=g\",\"contentUrl\":\"https:\\\/\\\/secure.gravatar.com\\\/avatar\\\/bab33852abfd8b282518d6ed81826833d77c3c882d9ab608add591ccace47a44?s=96&d=mm&r=g\",\"caption\":\"Haberver K\u0131br\u0131s\"},\"sameAs\":[\"https:\\\/\\\/haberverkibris.com\"],\"url\":\"https:\\\/\\\/haberverkibris.com\\\/index.php\\\/author\\\/guven\\\/\"}]}<\/script>\n<!-- \/ Yoast SEO plugin. -->","yoast_head_json":{"title":"M\u0131s\u0131r'da ilk kez bir mumyan\u0131n karn\u0131nda edebi metin bulundu - Haber Ver K\u0131br\u0131s","robots":{"index":"index","follow":"follow","max-snippet":"max-snippet:-1","max-image-preview":"max-image-preview:large","max-video-preview":"max-video-preview:-1"},"canonical":"https:\/\/haberverkibris.com\/index.php\/2026\/05\/01\/misirda-ilk-kez-bir-mumyanin-karninda-edebi-metin-bulundu\/","og_locale":"tr_TR","og_type":"article","og_title":"M\u0131s\u0131r'da ilk kez bir mumyan\u0131n karn\u0131nda edebi metin bulundu - Haber Ver K\u0131br\u0131s","og_description":"&#13; Barselona \u00dcniversitesi&#8217;nden uzmanlar, mumyalama s\u00fcrecinde dini rit\u00fcel metinleri yerine ilk kez edebi bir metnin kullan\u0131ld\u0131\u011f\u0131n\u0131, bunun d\u00fcnya \u00e7ap\u0131nda bir ilk oldu\u011funu a\u00e7\u0131klad\u0131. &#13; Kahire&#8217;nin yakla\u015f\u0131k 200 kilometre g\u00fcneyinde bulunan Roma d\u00f6nemine ait mumyan\u0131n \u00fczerindeki papir\u00fcs\u00fcn, \u0130lyada\u2019n\u0131n ikinci kitab\u0131nda yer alan &#8220;Gemi Katalo\u011fu&#8221; b\u00f6l\u00fcm\u00fcnden par\u00e7alar i\u00e7erdi\u011fi tespit edildi. &#13; Papir\u00fcs\u00fcn olduk\u00e7a k\u0131r\u0131lgan olmas\u0131 nedeniyle \u00e7al\u0131\u015fmalar\u0131n [&hellip;]","og_url":"https:\/\/haberverkibris.com\/index.php\/2026\/05\/01\/misirda-ilk-kez-bir-mumyanin-karninda-edebi-metin-bulundu\/","og_site_name":"Haber Ver K\u0131br\u0131s","article_publisher":"https:\/\/www.facebook.com\/kuzeyinsesii","article_published_time":"2026-05-01T12:02:40+00:00","og_image":[{"url":"https:\/\/trthaberstatic.cdn.wp.trt.com.tr\/resimler\/2456000\/mumya-2457607.jpg","type":"","width":"","height":""}],"author":"Haberver K\u0131br\u0131s","twitter_card":"summary_large_image","twitter_creator":"@kuzeyinsesii","twitter_site":"@kuzeyinsesii","twitter_misc":{"Yazan:":"Haberver K\u0131br\u0131s","Tahmini okuma s\u00fcresi":"2 dakika"},"schema":{"@context":"https:\/\/schema.org","@graph":[{"@type":"Article","@id":"https:\/\/haberverkibris.com\/index.php\/2026\/05\/01\/misirda-ilk-kez-bir-mumyanin-karninda-edebi-metin-bulundu\/#article","isPartOf":{"@id":"https:\/\/haberverkibris.com\/index.php\/2026\/05\/01\/misirda-ilk-kez-bir-mumyanin-karninda-edebi-metin-bulundu\/"},"author":{"name":"Haberver K\u0131br\u0131s","@id":"https:\/\/haberverkibris.com\/#\/schema\/person\/29d65381ed43765483b5a185ded66a56"},"headline":"M\u0131s\u0131r&#8217;da ilk kez bir mumyan\u0131n karn\u0131nda edebi metin bulundu","datePublished":"2026-05-01T12:02:40+00:00","mainEntityOfPage":{"@id":"https:\/\/haberverkibris.com\/index.php\/2026\/05\/01\/misirda-ilk-kez-bir-mumyanin-karninda-edebi-metin-bulundu\/"},"wordCount":417,"commentCount":0,"image":{"@id":"https:\/\/haberverkibris.com\/index.php\/2026\/05\/01\/misirda-ilk-kez-bir-mumyanin-karninda-edebi-metin-bulundu\/#primaryimage"},"thumbnailUrl":"https:\/\/haberverkibris.com\/wp-content\/uploads\/2026\/05\/mumya-2457607.jpg","articleSection":["D\u00fcnya"],"inLanguage":"tr","potentialAction":[{"@type":"CommentAction","name":"Comment","target":["https:\/\/haberverkibris.com\/index.php\/2026\/05\/01\/misirda-ilk-kez-bir-mumyanin-karninda-edebi-metin-bulundu\/#respond"]}]},{"@type":"WebPage","@id":"https:\/\/haberverkibris.com\/index.php\/2026\/05\/01\/misirda-ilk-kez-bir-mumyanin-karninda-edebi-metin-bulundu\/","url":"https:\/\/haberverkibris.com\/index.php\/2026\/05\/01\/misirda-ilk-kez-bir-mumyanin-karninda-edebi-metin-bulundu\/","name":"M\u0131s\u0131r'da ilk kez bir mumyan\u0131n karn\u0131nda edebi metin bulundu - Haber Ver K\u0131br\u0131s","isPartOf":{"@id":"https:\/\/haberverkibris.com\/#website"},"primaryImageOfPage":{"@id":"https:\/\/haberverkibris.com\/index.php\/2026\/05\/01\/misirda-ilk-kez-bir-mumyanin-karninda-edebi-metin-bulundu\/#primaryimage"},"image":{"@id":"https:\/\/haberverkibris.com\/index.php\/2026\/05\/01\/misirda-ilk-kez-bir-mumyanin-karninda-edebi-metin-bulundu\/#primaryimage"},"thumbnailUrl":"https:\/\/haberverkibris.com\/wp-content\/uploads\/2026\/05\/mumya-2457607.jpg","datePublished":"2026-05-01T12:02:40+00:00","author":{"@id":"https:\/\/haberverkibris.com\/#\/schema\/person\/29d65381ed43765483b5a185ded66a56"},"breadcrumb":{"@id":"https:\/\/haberverkibris.com\/index.php\/2026\/05\/01\/misirda-ilk-kez-bir-mumyanin-karninda-edebi-metin-bulundu\/#breadcrumb"},"inLanguage":"tr","potentialAction":[{"@type":"ReadAction","target":["https:\/\/haberverkibris.com\/index.php\/2026\/05\/01\/misirda-ilk-kez-bir-mumyanin-karninda-edebi-metin-bulundu\/"]}]},{"@type":"ImageObject","inLanguage":"tr","@id":"https:\/\/haberverkibris.com\/index.php\/2026\/05\/01\/misirda-ilk-kez-bir-mumyanin-karninda-edebi-metin-bulundu\/#primaryimage","url":"https:\/\/haberverkibris.com\/wp-content\/uploads\/2026\/05\/mumya-2457607.jpg","contentUrl":"https:\/\/haberverkibris.com\/wp-content\/uploads\/2026\/05\/mumya-2457607.jpg","width":1280,"height":720},{"@type":"BreadcrumbList","@id":"https:\/\/haberverkibris.com\/index.php\/2026\/05\/01\/misirda-ilk-kez-bir-mumyanin-karninda-edebi-metin-bulundu\/#breadcrumb","itemListElement":[{"@type":"ListItem","position":1,"name":"Anasayfa","item":"https:\/\/haberverkibris.com\/"},{"@type":"ListItem","position":2,"name":"M\u0131s\u0131r&#8217;da ilk kez bir mumyan\u0131n karn\u0131nda edebi metin bulundu"}]},{"@type":"WebSite","@id":"https:\/\/haberverkibris.com\/#website","url":"https:\/\/haberverkibris.com\/","name":"Kuzeyin Sesi","description":"Do\u011fru Haberin Adresi","potentialAction":[{"@type":"SearchAction","target":{"@type":"EntryPoint","urlTemplate":"https:\/\/haberverkibris.com\/?s={search_term_string}"},"query-input":{"@type":"PropertyValueSpecification","valueRequired":true,"valueName":"search_term_string"}}],"inLanguage":"tr"},{"@type":"Person","@id":"https:\/\/haberverkibris.com\/#\/schema\/person\/29d65381ed43765483b5a185ded66a56","name":"Haberver K\u0131br\u0131s","image":{"@type":"ImageObject","inLanguage":"tr","@id":"https:\/\/secure.gravatar.com\/avatar\/bab33852abfd8b282518d6ed81826833d77c3c882d9ab608add591ccace47a44?s=96&d=mm&r=g","url":"https:\/\/secure.gravatar.com\/avatar\/bab33852abfd8b282518d6ed81826833d77c3c882d9ab608add591ccace47a44?s=96&d=mm&r=g","contentUrl":"https:\/\/secure.gravatar.com\/avatar\/bab33852abfd8b282518d6ed81826833d77c3c882d9ab608add591ccace47a44?s=96&d=mm&r=g","caption":"Haberver K\u0131br\u0131s"},"sameAs":["https:\/\/haberverkibris.com"],"url":"https:\/\/haberverkibris.com\/index.php\/author\/guven\/"}]}},"_links":{"self":[{"href":"https:\/\/haberverkibris.com\/index.php\/wp-json\/wp\/v2\/posts\/34672","targetHints":{"allow":["GET"]}}],"collection":[{"href":"https:\/\/haberverkibris.com\/index.php\/wp-json\/wp\/v2\/posts"}],"about":[{"href":"https:\/\/haberverkibris.com\/index.php\/wp-json\/wp\/v2\/types\/post"}],"author":[{"embeddable":true,"href":"https:\/\/haberverkibris.com\/index.php\/wp-json\/wp\/v2\/users\/1"}],"replies":[{"embeddable":true,"href":"https:\/\/haberverkibris.com\/index.php\/wp-json\/wp\/v2\/comments?post=34672"}],"version-history":[{"count":0,"href":"https:\/\/haberverkibris.com\/index.php\/wp-json\/wp\/v2\/posts\/34672\/revisions"}],"wp:featuredmedia":[{"embeddable":true,"href":"https:\/\/haberverkibris.com\/index.php\/wp-json\/wp\/v2\/media\/34673"}],"wp:attachment":[{"href":"https:\/\/haberverkibris.com\/index.php\/wp-json\/wp\/v2\/media?parent=34672"}],"wp:term":[{"taxonomy":"category","embeddable":true,"href":"https:\/\/haberverkibris.com\/index.php\/wp-json\/wp\/v2\/categories?post=34672"},{"taxonomy":"post_tag","embeddable":true,"href":"https:\/\/haberverkibris.com\/index.php\/wp-json\/wp\/v2\/tags?post=34672"}],"curies":[{"name":"wp","href":"https:\/\/api.w.org\/{rel}","templated":true}]}}