{"id":34428,"date":"2026-04-29T13:59:30","date_gmt":"2026-04-29T10:59:30","guid":{"rendered":"https:\/\/haberverkibris.com\/index.php\/2026\/04\/29\/disisleri-bakani-ertugruloglu-iphrc-baskani-dr-guidayi-kabul-etti\/"},"modified":"2026-04-29T13:59:41","modified_gmt":"2026-04-29T10:59:41","slug":"disisleri-bakani-ertugruloglu-iphrc-baskani-dr-guidayi-kabul-etti","status":"publish","type":"post","link":"https:\/\/haberverkibris.com\/index.php\/2026\/04\/29\/disisleri-bakani-ertugruloglu-iphrc-baskani-dr-guidayi-kabul-etti\/","title":{"rendered":"D\u0131\u015fi\u015fleri Bakan\u0131 Ertu\u011frulo\u011flu, IPHRC Ba\u015fkan\u0131 Dr. Guida\u2019y\u0131 kabul etti"},"content":{"rendered":"<p style=\"font-weight: 300\"><span style=\"font-weight: 300 !important\">D\u0131\u015fi\u015fleri Bakan\u0131 Tahsin Ertu\u011frulo\u011flu, \u0130slam \u0130\u015fbirli\u011fi Te\u015fkilat\u0131 Ba\u011f\u0131ms\u0131z Daimi \u0130nsan Haklar\u0131 Komisyonu (IPHRC) Ba\u015fkan\u0131 Dr. Saidou Dogon Guida ba\u015fkanl\u0131\u011f\u0131ndaki heyeti kabul etti.<\/span><\/p>\n<p style=\"font-weight: 300\">D\u0131\u015fi\u015fleri Bakanl\u0131\u011f\u0131\u2019ndan yap\u0131lan a\u00e7\u0131klamaya g\u00f6re Ertu\u011frulo\u011flu, Do\u011fu Akdeniz \u00dcniversitesi\u2019nde (DA\u00dc) d\u00fczenlenen uluslararas\u0131 konferansa kat\u0131lmak \u00fczere KKTC\u2019de bulunan heyeti a\u011f\u0131rlamaktan memnun oldu\u011funu belirtti.<\/p>\n<p style=\"font-weight: 300\">Heyete, KKTC\u2019nin K\u0131br\u0131s konusundaki egemen e\u015fit iki devletli \u00e7\u00f6z\u00fcm vizyonu hakk\u0131nda bilgi veren D\u0131\u015fi\u015fleri Bakan\u0131 Ertu\u011frulo\u011flu, \u0130slam \u00fclkelerinin deste\u011finin \u00f6nemine i\u015faret etti.<\/p>\n<p style=\"font-weight: 300\">IPHRC Ba\u015fkan Yard\u0131mc\u0131s\u0131 Dr. Hac\u0131 Ali A\u00e7\u0131kg\u00fcl\u2019\u00fcn de yer ald\u0131\u011f\u0131 g\u00f6r\u00fc\u015fmede, kar\u015f\u0131l\u0131kl\u0131 ili\u015fkilerin geli\u015ftirilmesi hususunda g\u00f6r\u00fc\u015f al\u0131\u015fveri\u015finde bulunuldu.<\/p>\n","protected":false},"excerpt":{"rendered":"<p>D\u0131\u015fi\u015fleri Bakan\u0131 Tahsin Ertu\u011frulo\u011flu, \u0130slam \u0130\u015fbirli\u011fi Te\u015fkilat\u0131 Ba\u011f\u0131ms\u0131z Daimi \u0130nsan Haklar\u0131 Komisyonu (IPHRC) Ba\u015fkan\u0131 Dr. Saidou Dogon Guida ba\u015fkanl\u0131\u011f\u0131ndaki heyeti kabul etti. D\u0131\u015fi\u015fleri Bakanl\u0131\u011f\u0131\u2019ndan yap\u0131lan a\u00e7\u0131klamaya g\u00f6re Ertu\u011frulo\u011flu, Do\u011fu Akdeniz \u00dcniversitesi\u2019nde (DA\u00dc) d\u00fczenlenen uluslararas\u0131 konferansa kat\u0131lmak \u00fczere KKTC\u2019de bulunan heyeti a\u011f\u0131rlamaktan memnun oldu\u011funu belirtti. Heyete, KKTC\u2019nin K\u0131br\u0131s konusundaki egemen e\u015fit iki devletli \u00e7\u00f6z\u00fcm vizyonu hakk\u0131nda [&hellip;]<\/p>\n","protected":false},"author":1,"featured_media":34429,"comment_status":"open","ping_status":"open","sticky":false,"template":"","format":"standard","meta":{"jnews-multi-image_gallery":[],"jnews_single_post":[],"jnews_primary_category":[],"jnews_social_meta":[],"jnews_override_counter":[],"footnotes":""},"categories":[1],"tags":[],"class_list":["post-34428","post","type-post","status-publish","format-standard","has-post-thumbnail","hentry","category-kibris"],"yoast_head":"<!-- This site is optimized with the Yoast SEO plugin v27.5 - https:\/\/yoast.com\/product\/yoast-seo-wordpress\/ -->\n<title>D\u0131\u015fi\u015fleri Bakan\u0131 Ertu\u011frulo\u011flu, IPHRC Ba\u015fkan\u0131 Dr. Guida\u2019y\u0131 kabul etti - Haber Ver K\u0131br\u0131s<\/title>\n<meta name=\"robots\" content=\"index, follow, max-snippet:-1, max-image-preview:large, max-video-preview:-1\" \/>\n<link rel=\"canonical\" href=\"https:\/\/haberverkibris.com\/index.php\/2026\/04\/29\/disisleri-bakani-ertugruloglu-iphrc-baskani-dr-guidayi-kabul-etti\/\" \/>\n<meta property=\"og:locale\" content=\"tr_TR\" \/>\n<meta property=\"og:type\" content=\"article\" \/>\n<meta property=\"og:title\" content=\"D\u0131\u015fi\u015fleri Bakan\u0131 Ertu\u011frulo\u011flu, IPHRC Ba\u015fkan\u0131 Dr. Guida\u2019y\u0131 kabul etti - Haber Ver K\u0131br\u0131s\" \/>\n<meta property=\"og:description\" content=\"D\u0131\u015fi\u015fleri Bakan\u0131 Tahsin Ertu\u011frulo\u011flu, \u0130slam \u0130\u015fbirli\u011fi Te\u015fkilat\u0131 Ba\u011f\u0131ms\u0131z Daimi \u0130nsan Haklar\u0131 Komisyonu (IPHRC) Ba\u015fkan\u0131 Dr. Saidou Dogon Guida ba\u015fkanl\u0131\u011f\u0131ndaki heyeti kabul etti. D\u0131\u015fi\u015fleri Bakanl\u0131\u011f\u0131\u2019ndan yap\u0131lan a\u00e7\u0131klamaya g\u00f6re Ertu\u011frulo\u011flu, Do\u011fu Akdeniz \u00dcniversitesi\u2019nde (DA\u00dc) d\u00fczenlenen uluslararas\u0131 konferansa kat\u0131lmak \u00fczere KKTC\u2019de bulunan heyeti a\u011f\u0131rlamaktan memnun oldu\u011funu belirtti. Heyete, KKTC\u2019nin K\u0131br\u0131s konusundaki egemen e\u015fit iki devletli \u00e7\u00f6z\u00fcm vizyonu hakk\u0131nda [&hellip;]\" \/>\n<meta property=\"og:url\" content=\"https:\/\/haberverkibris.com\/index.php\/2026\/04\/29\/disisleri-bakani-ertugruloglu-iphrc-baskani-dr-guidayi-kabul-etti\/\" \/>\n<meta property=\"og:site_name\" content=\"Haber Ver K\u0131br\u0131s\" \/>\n<meta property=\"article:publisher\" content=\"https:\/\/www.facebook.com\/kuzeyinsesii\" \/>\n<meta property=\"article:published_time\" content=\"2026-04-29T10:59:30+00:00\" \/>\n<meta property=\"article:modified_time\" content=\"2026-04-29T10:59:41+00:00\" \/>\n<meta property=\"og:image\" content=\"https:\/\/haberverkibris.com\/wp-content\/uploads\/2026\/04\/isisleri-1.jpg\" \/>\n\t<meta property=\"og:image:width\" content=\"2048\" \/>\n\t<meta property=\"og:image:height\" content=\"1454\" \/>\n\t<meta property=\"og:image:type\" content=\"image\/jpeg\" \/>\n<meta name=\"author\" content=\"Haberver K\u0131br\u0131s\" \/>\n<meta name=\"twitter:card\" content=\"summary_large_image\" \/>\n<meta name=\"twitter:creator\" content=\"@kuzeyinsesii\" \/>\n<meta name=\"twitter:site\" content=\"@kuzeyinsesii\" \/>\n<meta name=\"twitter:label1\" content=\"Yazan:\" \/>\n\t<meta name=\"twitter:data1\" content=\"Haberver K\u0131br\u0131s\" \/>\n\t<meta name=\"twitter:label2\" content=\"Tahmini okuma s\u00fcresi\" \/>\n\t<meta name=\"twitter:data2\" content=\"1 dakika\" \/>\n<script type=\"application\/ld+json\" class=\"yoast-schema-graph\">{\"@context\":\"https:\\\/\\\/schema.org\",\"@graph\":[{\"@type\":\"Article\",\"@id\":\"https:\\\/\\\/haberverkibris.com\\\/index.php\\\/2026\\\/04\\\/29\\\/disisleri-bakani-ertugruloglu-iphrc-baskani-dr-guidayi-kabul-etti\\\/#article\",\"isPartOf\":{\"@id\":\"https:\\\/\\\/haberverkibris.com\\\/index.php\\\/2026\\\/04\\\/29\\\/disisleri-bakani-ertugruloglu-iphrc-baskani-dr-guidayi-kabul-etti\\\/\"},\"author\":{\"name\":\"Haberver K\u0131br\u0131s\",\"@id\":\"https:\\\/\\\/haberverkibris.com\\\/#\\\/schema\\\/person\\\/29d65381ed43765483b5a185ded66a56\"},\"headline\":\"D\u0131\u015fi\u015fleri Bakan\u0131 Ertu\u011frulo\u011flu, IPHRC Ba\u015fkan\u0131 Dr. Guida\u2019y\u0131 kabul etti\",\"datePublished\":\"2026-04-29T10:59:30+00:00\",\"dateModified\":\"2026-04-29T10:59:41+00:00\",\"mainEntityOfPage\":{\"@id\":\"https:\\\/\\\/haberverkibris.com\\\/index.php\\\/2026\\\/04\\\/29\\\/disisleri-bakani-ertugruloglu-iphrc-baskani-dr-guidayi-kabul-etti\\\/\"},\"wordCount\":152,\"commentCount\":0,\"image\":{\"@id\":\"https:\\\/\\\/haberverkibris.com\\\/index.php\\\/2026\\\/04\\\/29\\\/disisleri-bakani-ertugruloglu-iphrc-baskani-dr-guidayi-kabul-etti\\\/#primaryimage\"},\"thumbnailUrl\":\"https:\\\/\\\/haberverkibris.com\\\/wp-content\\\/uploads\\\/2026\\\/04\\\/isisleri-1.jpg\",\"articleSection\":[\"K\u0131br\u0131s\"],\"inLanguage\":\"tr\",\"potentialAction\":[{\"@type\":\"CommentAction\",\"name\":\"Comment\",\"target\":[\"https:\\\/\\\/haberverkibris.com\\\/index.php\\\/2026\\\/04\\\/29\\\/disisleri-bakani-ertugruloglu-iphrc-baskani-dr-guidayi-kabul-etti\\\/#respond\"]}]},{\"@type\":\"WebPage\",\"@id\":\"https:\\\/\\\/haberverkibris.com\\\/index.php\\\/2026\\\/04\\\/29\\\/disisleri-bakani-ertugruloglu-iphrc-baskani-dr-guidayi-kabul-etti\\\/\",\"url\":\"https:\\\/\\\/haberverkibris.com\\\/index.php\\\/2026\\\/04\\\/29\\\/disisleri-bakani-ertugruloglu-iphrc-baskani-dr-guidayi-kabul-etti\\\/\",\"name\":\"D\u0131\u015fi\u015fleri Bakan\u0131 Ertu\u011frulo\u011flu, IPHRC Ba\u015fkan\u0131 Dr. Guida\u2019y\u0131 kabul etti - Haber Ver K\u0131br\u0131s\",\"isPartOf\":{\"@id\":\"https:\\\/\\\/haberverkibris.com\\\/#website\"},\"primaryImageOfPage\":{\"@id\":\"https:\\\/\\\/haberverkibris.com\\\/index.php\\\/2026\\\/04\\\/29\\\/disisleri-bakani-ertugruloglu-iphrc-baskani-dr-guidayi-kabul-etti\\\/#primaryimage\"},\"image\":{\"@id\":\"https:\\\/\\\/haberverkibris.com\\\/index.php\\\/2026\\\/04\\\/29\\\/disisleri-bakani-ertugruloglu-iphrc-baskani-dr-guidayi-kabul-etti\\\/#primaryimage\"},\"thumbnailUrl\":\"https:\\\/\\\/haberverkibris.com\\\/wp-content\\\/uploads\\\/2026\\\/04\\\/isisleri-1.jpg\",\"datePublished\":\"2026-04-29T10:59:30+00:00\",\"dateModified\":\"2026-04-29T10:59:41+00:00\",\"author\":{\"@id\":\"https:\\\/\\\/haberverkibris.com\\\/#\\\/schema\\\/person\\\/29d65381ed43765483b5a185ded66a56\"},\"breadcrumb\":{\"@id\":\"https:\\\/\\\/haberverkibris.com\\\/index.php\\\/2026\\\/04\\\/29\\\/disisleri-bakani-ertugruloglu-iphrc-baskani-dr-guidayi-kabul-etti\\\/#breadcrumb\"},\"inLanguage\":\"tr\",\"potentialAction\":[{\"@type\":\"ReadAction\",\"target\":[\"https:\\\/\\\/haberverkibris.com\\\/index.php\\\/2026\\\/04\\\/29\\\/disisleri-bakani-ertugruloglu-iphrc-baskani-dr-guidayi-kabul-etti\\\/\"]}]},{\"@type\":\"ImageObject\",\"inLanguage\":\"tr\",\"@id\":\"https:\\\/\\\/haberverkibris.com\\\/index.php\\\/2026\\\/04\\\/29\\\/disisleri-bakani-ertugruloglu-iphrc-baskani-dr-guidayi-kabul-etti\\\/#primaryimage\",\"url\":\"https:\\\/\\\/haberverkibris.com\\\/wp-content\\\/uploads\\\/2026\\\/04\\\/isisleri-1.jpg\",\"contentUrl\":\"https:\\\/\\\/haberverkibris.com\\\/wp-content\\\/uploads\\\/2026\\\/04\\\/isisleri-1.jpg\",\"width\":2048,\"height\":1454},{\"@type\":\"BreadcrumbList\",\"@id\":\"https:\\\/\\\/haberverkibris.com\\\/index.php\\\/2026\\\/04\\\/29\\\/disisleri-bakani-ertugruloglu-iphrc-baskani-dr-guidayi-kabul-etti\\\/#breadcrumb\",\"itemListElement\":[{\"@type\":\"ListItem\",\"position\":1,\"name\":\"Anasayfa\",\"item\":\"https:\\\/\\\/haberverkibris.com\\\/\"},{\"@type\":\"ListItem\",\"position\":2,\"name\":\"D\u0131\u015fi\u015fleri Bakan\u0131 Ertu\u011frulo\u011flu, IPHRC Ba\u015fkan\u0131 Dr. Guida\u2019y\u0131 kabul etti\"}]},{\"@type\":\"WebSite\",\"@id\":\"https:\\\/\\\/haberverkibris.com\\\/#website\",\"url\":\"https:\\\/\\\/haberverkibris.com\\\/\",\"name\":\"Kuzeyin Sesi\",\"description\":\"Do\u011fru Haberin Adresi\",\"potentialAction\":[{\"@type\":\"SearchAction\",\"target\":{\"@type\":\"EntryPoint\",\"urlTemplate\":\"https:\\\/\\\/haberverkibris.com\\\/?s={search_term_string}\"},\"query-input\":{\"@type\":\"PropertyValueSpecification\",\"valueRequired\":true,\"valueName\":\"search_term_string\"}}],\"inLanguage\":\"tr\"},{\"@type\":\"Person\",\"@id\":\"https:\\\/\\\/haberverkibris.com\\\/#\\\/schema\\\/person\\\/29d65381ed43765483b5a185ded66a56\",\"name\":\"Haberver K\u0131br\u0131s\",\"image\":{\"@type\":\"ImageObject\",\"inLanguage\":\"tr\",\"@id\":\"https:\\\/\\\/secure.gravatar.com\\\/avatar\\\/bab33852abfd8b282518d6ed81826833d77c3c882d9ab608add591ccace47a44?s=96&d=mm&r=g\",\"url\":\"https:\\\/\\\/secure.gravatar.com\\\/avatar\\\/bab33852abfd8b282518d6ed81826833d77c3c882d9ab608add591ccace47a44?s=96&d=mm&r=g\",\"contentUrl\":\"https:\\\/\\\/secure.gravatar.com\\\/avatar\\\/bab33852abfd8b282518d6ed81826833d77c3c882d9ab608add591ccace47a44?s=96&d=mm&r=g\",\"caption\":\"Haberver K\u0131br\u0131s\"},\"sameAs\":[\"https:\\\/\\\/haberverkibris.com\"],\"url\":\"https:\\\/\\\/haberverkibris.com\\\/index.php\\\/author\\\/guven\\\/\"}]}<\/script>\n<!-- \/ Yoast SEO plugin. -->","yoast_head_json":{"title":"D\u0131\u015fi\u015fleri Bakan\u0131 Ertu\u011frulo\u011flu, IPHRC Ba\u015fkan\u0131 Dr. Guida\u2019y\u0131 kabul etti - Haber Ver K\u0131br\u0131s","robots":{"index":"index","follow":"follow","max-snippet":"max-snippet:-1","max-image-preview":"max-image-preview:large","max-video-preview":"max-video-preview:-1"},"canonical":"https:\/\/haberverkibris.com\/index.php\/2026\/04\/29\/disisleri-bakani-ertugruloglu-iphrc-baskani-dr-guidayi-kabul-etti\/","og_locale":"tr_TR","og_type":"article","og_title":"D\u0131\u015fi\u015fleri Bakan\u0131 Ertu\u011frulo\u011flu, IPHRC Ba\u015fkan\u0131 Dr. Guida\u2019y\u0131 kabul etti - Haber Ver K\u0131br\u0131s","og_description":"D\u0131\u015fi\u015fleri Bakan\u0131 Tahsin Ertu\u011frulo\u011flu, \u0130slam \u0130\u015fbirli\u011fi Te\u015fkilat\u0131 Ba\u011f\u0131ms\u0131z Daimi \u0130nsan Haklar\u0131 Komisyonu (IPHRC) Ba\u015fkan\u0131 Dr. Saidou Dogon Guida ba\u015fkanl\u0131\u011f\u0131ndaki heyeti kabul etti. D\u0131\u015fi\u015fleri Bakanl\u0131\u011f\u0131\u2019ndan yap\u0131lan a\u00e7\u0131klamaya g\u00f6re Ertu\u011frulo\u011flu, Do\u011fu Akdeniz \u00dcniversitesi\u2019nde (DA\u00dc) d\u00fczenlenen uluslararas\u0131 konferansa kat\u0131lmak \u00fczere KKTC\u2019de bulunan heyeti a\u011f\u0131rlamaktan memnun oldu\u011funu belirtti. Heyete, KKTC\u2019nin K\u0131br\u0131s konusundaki egemen e\u015fit iki devletli \u00e7\u00f6z\u00fcm vizyonu hakk\u0131nda [&hellip;]","og_url":"https:\/\/haberverkibris.com\/index.php\/2026\/04\/29\/disisleri-bakani-ertugruloglu-iphrc-baskani-dr-guidayi-kabul-etti\/","og_site_name":"Haber Ver K\u0131br\u0131s","article_publisher":"https:\/\/www.facebook.com\/kuzeyinsesii","article_published_time":"2026-04-29T10:59:30+00:00","article_modified_time":"2026-04-29T10:59:41+00:00","og_image":[{"width":2048,"height":1454,"url":"https:\/\/haberverkibris.com\/wp-content\/uploads\/2026\/04\/isisleri-1.jpg","type":"image\/jpeg"}],"author":"Haberver K\u0131br\u0131s","twitter_card":"summary_large_image","twitter_creator":"@kuzeyinsesii","twitter_site":"@kuzeyinsesii","twitter_misc":{"Yazan:":"Haberver K\u0131br\u0131s","Tahmini okuma s\u00fcresi":"1 dakika"},"schema":{"@context":"https:\/\/schema.org","@graph":[{"@type":"Article","@id":"https:\/\/haberverkibris.com\/index.php\/2026\/04\/29\/disisleri-bakani-ertugruloglu-iphrc-baskani-dr-guidayi-kabul-etti\/#article","isPartOf":{"@id":"https:\/\/haberverkibris.com\/index.php\/2026\/04\/29\/disisleri-bakani-ertugruloglu-iphrc-baskani-dr-guidayi-kabul-etti\/"},"author":{"name":"Haberver K\u0131br\u0131s","@id":"https:\/\/haberverkibris.com\/#\/schema\/person\/29d65381ed43765483b5a185ded66a56"},"headline":"D\u0131\u015fi\u015fleri Bakan\u0131 Ertu\u011frulo\u011flu, IPHRC Ba\u015fkan\u0131 Dr. Guida\u2019y\u0131 kabul etti","datePublished":"2026-04-29T10:59:30+00:00","dateModified":"2026-04-29T10:59:41+00:00","mainEntityOfPage":{"@id":"https:\/\/haberverkibris.com\/index.php\/2026\/04\/29\/disisleri-bakani-ertugruloglu-iphrc-baskani-dr-guidayi-kabul-etti\/"},"wordCount":152,"commentCount":0,"image":{"@id":"https:\/\/haberverkibris.com\/index.php\/2026\/04\/29\/disisleri-bakani-ertugruloglu-iphrc-baskani-dr-guidayi-kabul-etti\/#primaryimage"},"thumbnailUrl":"https:\/\/haberverkibris.com\/wp-content\/uploads\/2026\/04\/isisleri-1.jpg","articleSection":["K\u0131br\u0131s"],"inLanguage":"tr","potentialAction":[{"@type":"CommentAction","name":"Comment","target":["https:\/\/haberverkibris.com\/index.php\/2026\/04\/29\/disisleri-bakani-ertugruloglu-iphrc-baskani-dr-guidayi-kabul-etti\/#respond"]}]},{"@type":"WebPage","@id":"https:\/\/haberverkibris.com\/index.php\/2026\/04\/29\/disisleri-bakani-ertugruloglu-iphrc-baskani-dr-guidayi-kabul-etti\/","url":"https:\/\/haberverkibris.com\/index.php\/2026\/04\/29\/disisleri-bakani-ertugruloglu-iphrc-baskani-dr-guidayi-kabul-etti\/","name":"D\u0131\u015fi\u015fleri Bakan\u0131 Ertu\u011frulo\u011flu, IPHRC Ba\u015fkan\u0131 Dr. Guida\u2019y\u0131 kabul etti - Haber Ver K\u0131br\u0131s","isPartOf":{"@id":"https:\/\/haberverkibris.com\/#website"},"primaryImageOfPage":{"@id":"https:\/\/haberverkibris.com\/index.php\/2026\/04\/29\/disisleri-bakani-ertugruloglu-iphrc-baskani-dr-guidayi-kabul-etti\/#primaryimage"},"image":{"@id":"https:\/\/haberverkibris.com\/index.php\/2026\/04\/29\/disisleri-bakani-ertugruloglu-iphrc-baskani-dr-guidayi-kabul-etti\/#primaryimage"},"thumbnailUrl":"https:\/\/haberverkibris.com\/wp-content\/uploads\/2026\/04\/isisleri-1.jpg","datePublished":"2026-04-29T10:59:30+00:00","dateModified":"2026-04-29T10:59:41+00:00","author":{"@id":"https:\/\/haberverkibris.com\/#\/schema\/person\/29d65381ed43765483b5a185ded66a56"},"breadcrumb":{"@id":"https:\/\/haberverkibris.com\/index.php\/2026\/04\/29\/disisleri-bakani-ertugruloglu-iphrc-baskani-dr-guidayi-kabul-etti\/#breadcrumb"},"inLanguage":"tr","potentialAction":[{"@type":"ReadAction","target":["https:\/\/haberverkibris.com\/index.php\/2026\/04\/29\/disisleri-bakani-ertugruloglu-iphrc-baskani-dr-guidayi-kabul-etti\/"]}]},{"@type":"ImageObject","inLanguage":"tr","@id":"https:\/\/haberverkibris.com\/index.php\/2026\/04\/29\/disisleri-bakani-ertugruloglu-iphrc-baskani-dr-guidayi-kabul-etti\/#primaryimage","url":"https:\/\/haberverkibris.com\/wp-content\/uploads\/2026\/04\/isisleri-1.jpg","contentUrl":"https:\/\/haberverkibris.com\/wp-content\/uploads\/2026\/04\/isisleri-1.jpg","width":2048,"height":1454},{"@type":"BreadcrumbList","@id":"https:\/\/haberverkibris.com\/index.php\/2026\/04\/29\/disisleri-bakani-ertugruloglu-iphrc-baskani-dr-guidayi-kabul-etti\/#breadcrumb","itemListElement":[{"@type":"ListItem","position":1,"name":"Anasayfa","item":"https:\/\/haberverkibris.com\/"},{"@type":"ListItem","position":2,"name":"D\u0131\u015fi\u015fleri Bakan\u0131 Ertu\u011frulo\u011flu, IPHRC Ba\u015fkan\u0131 Dr. Guida\u2019y\u0131 kabul etti"}]},{"@type":"WebSite","@id":"https:\/\/haberverkibris.com\/#website","url":"https:\/\/haberverkibris.com\/","name":"Kuzeyin Sesi","description":"Do\u011fru Haberin Adresi","potentialAction":[{"@type":"SearchAction","target":{"@type":"EntryPoint","urlTemplate":"https:\/\/haberverkibris.com\/?s={search_term_string}"},"query-input":{"@type":"PropertyValueSpecification","valueRequired":true,"valueName":"search_term_string"}}],"inLanguage":"tr"},{"@type":"Person","@id":"https:\/\/haberverkibris.com\/#\/schema\/person\/29d65381ed43765483b5a185ded66a56","name":"Haberver K\u0131br\u0131s","image":{"@type":"ImageObject","inLanguage":"tr","@id":"https:\/\/secure.gravatar.com\/avatar\/bab33852abfd8b282518d6ed81826833d77c3c882d9ab608add591ccace47a44?s=96&d=mm&r=g","url":"https:\/\/secure.gravatar.com\/avatar\/bab33852abfd8b282518d6ed81826833d77c3c882d9ab608add591ccace47a44?s=96&d=mm&r=g","contentUrl":"https:\/\/secure.gravatar.com\/avatar\/bab33852abfd8b282518d6ed81826833d77c3c882d9ab608add591ccace47a44?s=96&d=mm&r=g","caption":"Haberver K\u0131br\u0131s"},"sameAs":["https:\/\/haberverkibris.com"],"url":"https:\/\/haberverkibris.com\/index.php\/author\/guven\/"}]}},"_links":{"self":[{"href":"https:\/\/haberverkibris.com\/index.php\/wp-json\/wp\/v2\/posts\/34428","targetHints":{"allow":["GET"]}}],"collection":[{"href":"https:\/\/haberverkibris.com\/index.php\/wp-json\/wp\/v2\/posts"}],"about":[{"href":"https:\/\/haberverkibris.com\/index.php\/wp-json\/wp\/v2\/types\/post"}],"author":[{"embeddable":true,"href":"https:\/\/haberverkibris.com\/index.php\/wp-json\/wp\/v2\/users\/1"}],"replies":[{"embeddable":true,"href":"https:\/\/haberverkibris.com\/index.php\/wp-json\/wp\/v2\/comments?post=34428"}],"version-history":[{"count":1,"href":"https:\/\/haberverkibris.com\/index.php\/wp-json\/wp\/v2\/posts\/34428\/revisions"}],"predecessor-version":[{"id":34430,"href":"https:\/\/haberverkibris.com\/index.php\/wp-json\/wp\/v2\/posts\/34428\/revisions\/34430"}],"wp:featuredmedia":[{"embeddable":true,"href":"https:\/\/haberverkibris.com\/index.php\/wp-json\/wp\/v2\/media\/34429"}],"wp:attachment":[{"href":"https:\/\/haberverkibris.com\/index.php\/wp-json\/wp\/v2\/media?parent=34428"}],"wp:term":[{"taxonomy":"category","embeddable":true,"href":"https:\/\/haberverkibris.com\/index.php\/wp-json\/wp\/v2\/categories?post=34428"},{"taxonomy":"post_tag","embeddable":true,"href":"https:\/\/haberverkibris.com\/index.php\/wp-json\/wp\/v2\/tags?post=34428"}],"curies":[{"name":"wp","href":"https:\/\/api.w.org\/{rel}","templated":true}]}}