{"id":34426,"date":"2026-04-29T13:46:29","date_gmt":"2026-04-29T10:46:29","guid":{"rendered":"https:\/\/haberverkibris.com\/index.php\/2026\/04\/29\/girnede-polisi-darp-ve-gorevinden-men-eden-alkollu-sahis-tutuklandi\/"},"modified":"2026-04-29T13:46:40","modified_gmt":"2026-04-29T10:46:40","slug":"girnede-polisi-darp-ve-gorevinden-men-eden-alkollu-sahis-tutuklandi","status":"publish","type":"post","link":"https:\/\/haberverkibris.com\/index.php\/2026\/04\/29\/girnede-polisi-darp-ve-gorevinden-men-eden-alkollu-sahis-tutuklandi\/","title":{"rendered":"Girne\u2019de polisi darp ve g\u00f6revinden men eden alkoll\u00fc \u015fah\u0131s tutukland\u0131"},"content":{"rendered":"<p style=\"font-weight: 300\">Girne\u2019de d\u00fcn \u201cvahim zarar, polisi darp ve g\u00f6revinden men ile sarho\u015fluk ve rahats\u0131zl\u0131k\u201d su\u00e7lar\u0131ndan bir ki\u015fi tutukland\u0131.<\/p>\n<p style=\"font-weight: 300\">Polisten verilen bilgiye g\u00f6re, nefes \u00f6rne\u011fi vermeyi reddeden alkoll\u00fc zanl\u0131 A.S.(E-45), sarho\u015f oldu\u011fu s\u0131rada, y\u00fcksek sesle ba\u011f\u0131r\u0131p \u00e7a\u011f\u0131rarak \u00e7evreye rahats\u0131zl\u0131k verdi.<\/p>\n<p style=\"font-weight: 300\">S\u00f6z konusu \u015fah\u0131s, kendisine m\u00fcdahale edilip tutukland\u0131\u011f\u0131 ve polis arac\u0131yla polis merkezine sevk edildi\u011fi esnada, g\u00f6revli polis memurlar\u0131n\u0131 darp edip g\u00f6revlerinden men etti, bir polis memurunun da sa\u011f elindeki parma\u011f\u0131n k\u0131r\u0131lmas\u0131na sebep oldu.<\/p>\n<p style=\"font-weight: 300\">Bahse konu \u015fah\u0131s su\u00e7\u00fcst\u00fc tutuklan\u0131rken, soru\u015fturma devam ediyor.<\/p>\n","protected":false},"excerpt":{"rendered":"<p>Girne\u2019de d\u00fcn \u201cvahim zarar, polisi darp ve g\u00f6revinden men ile sarho\u015fluk ve rahats\u0131zl\u0131k\u201d su\u00e7lar\u0131ndan bir ki\u015fi tutukland\u0131. Polisten verilen bilgiye g\u00f6re, nefes \u00f6rne\u011fi vermeyi reddeden alkoll\u00fc zanl\u0131 A.S.(E-45), sarho\u015f oldu\u011fu s\u0131rada, y\u00fcksek sesle ba\u011f\u0131r\u0131p \u00e7a\u011f\u0131rarak \u00e7evreye rahats\u0131zl\u0131k verdi. S\u00f6z konusu \u015fah\u0131s, kendisine m\u00fcdahale edilip tutukland\u0131\u011f\u0131 ve polis arac\u0131yla polis merkezine sevk edildi\u011fi esnada, g\u00f6revli polis [&hellip;]<\/p>\n","protected":false},"author":1,"featured_media":33947,"comment_status":"open","ping_status":"open","sticky":false,"template":"","format":"standard","meta":{"jnews-multi-image_gallery":[],"jnews_single_post":[],"jnews_primary_category":[],"jnews_social_meta":[],"jnews_override_counter":[],"footnotes":""},"categories":[1],"tags":[],"class_list":["post-34426","post","type-post","status-publish","format-standard","has-post-thumbnail","hentry","category-kibris"],"yoast_head":"<!-- This site is optimized with the Yoast SEO plugin v27.5 - https:\/\/yoast.com\/product\/yoast-seo-wordpress\/ -->\n<title>Girne\u2019de polisi darp ve g\u00f6revinden men eden alkoll\u00fc \u015fah\u0131s tutukland\u0131 - Haber Ver K\u0131br\u0131s<\/title>\n<meta name=\"robots\" content=\"index, follow, max-snippet:-1, max-image-preview:large, max-video-preview:-1\" \/>\n<link rel=\"canonical\" href=\"https:\/\/haberverkibris.com\/index.php\/2026\/04\/29\/girnede-polisi-darp-ve-gorevinden-men-eden-alkollu-sahis-tutuklandi\/\" \/>\n<meta property=\"og:locale\" content=\"tr_TR\" \/>\n<meta property=\"og:type\" content=\"article\" \/>\n<meta property=\"og:title\" content=\"Girne\u2019de polisi darp ve g\u00f6revinden men eden alkoll\u00fc \u015fah\u0131s tutukland\u0131 - Haber Ver K\u0131br\u0131s\" \/>\n<meta property=\"og:description\" content=\"Girne\u2019de d\u00fcn \u201cvahim zarar, polisi darp ve g\u00f6revinden men ile sarho\u015fluk ve rahats\u0131zl\u0131k\u201d su\u00e7lar\u0131ndan bir ki\u015fi tutukland\u0131. Polisten verilen bilgiye g\u00f6re, nefes \u00f6rne\u011fi vermeyi reddeden alkoll\u00fc zanl\u0131 A.S.(E-45), sarho\u015f oldu\u011fu s\u0131rada, y\u00fcksek sesle ba\u011f\u0131r\u0131p \u00e7a\u011f\u0131rarak \u00e7evreye rahats\u0131zl\u0131k verdi. S\u00f6z konusu \u015fah\u0131s, kendisine m\u00fcdahale edilip tutukland\u0131\u011f\u0131 ve polis arac\u0131yla polis merkezine sevk edildi\u011fi esnada, g\u00f6revli polis [&hellip;]\" \/>\n<meta property=\"og:url\" content=\"https:\/\/haberverkibris.com\/index.php\/2026\/04\/29\/girnede-polisi-darp-ve-gorevinden-men-eden-alkollu-sahis-tutuklandi\/\" \/>\n<meta property=\"og:site_name\" content=\"Haber Ver K\u0131br\u0131s\" \/>\n<meta property=\"article:publisher\" content=\"https:\/\/www.facebook.com\/kuzeyinsesii\" \/>\n<meta property=\"article:published_time\" content=\"2026-04-29T10:46:29+00:00\" \/>\n<meta property=\"article:modified_time\" content=\"2026-04-29T10:46:40+00:00\" \/>\n<meta property=\"og:image\" content=\"https:\/\/haberverkibris.com\/wp-content\/uploads\/2026\/04\/polis.jpg\" \/>\n\t<meta property=\"og:image:width\" content=\"880\" \/>\n\t<meta property=\"og:image:height\" content=\"440\" \/>\n\t<meta property=\"og:image:type\" content=\"image\/jpeg\" \/>\n<meta name=\"author\" content=\"Haberver K\u0131br\u0131s\" \/>\n<meta name=\"twitter:card\" content=\"summary_large_image\" \/>\n<meta name=\"twitter:creator\" content=\"@kuzeyinsesii\" \/>\n<meta name=\"twitter:site\" content=\"@kuzeyinsesii\" \/>\n<meta name=\"twitter:label1\" content=\"Yazan:\" \/>\n\t<meta name=\"twitter:data1\" content=\"Haberver K\u0131br\u0131s\" \/>\n\t<meta name=\"twitter:label2\" content=\"Tahmini okuma s\u00fcresi\" \/>\n\t<meta name=\"twitter:data2\" content=\"1 dakika\" \/>\n<script type=\"application\/ld+json\" class=\"yoast-schema-graph\">{\"@context\":\"https:\\\/\\\/schema.org\",\"@graph\":[{\"@type\":\"Article\",\"@id\":\"https:\\\/\\\/haberverkibris.com\\\/index.php\\\/2026\\\/04\\\/29\\\/girnede-polisi-darp-ve-gorevinden-men-eden-alkollu-sahis-tutuklandi\\\/#article\",\"isPartOf\":{\"@id\":\"https:\\\/\\\/haberverkibris.com\\\/index.php\\\/2026\\\/04\\\/29\\\/girnede-polisi-darp-ve-gorevinden-men-eden-alkollu-sahis-tutuklandi\\\/\"},\"author\":{\"name\":\"Haberver K\u0131br\u0131s\",\"@id\":\"https:\\\/\\\/haberverkibris.com\\\/#\\\/schema\\\/person\\\/29d65381ed43765483b5a185ded66a56\"},\"headline\":\"Girne\u2019de polisi darp ve g\u00f6revinden men eden alkoll\u00fc \u015fah\u0131s tutukland\u0131\",\"datePublished\":\"2026-04-29T10:46:29+00:00\",\"dateModified\":\"2026-04-29T10:46:40+00:00\",\"mainEntityOfPage\":{\"@id\":\"https:\\\/\\\/haberverkibris.com\\\/index.php\\\/2026\\\/04\\\/29\\\/girnede-polisi-darp-ve-gorevinden-men-eden-alkollu-sahis-tutuklandi\\\/\"},\"wordCount\":129,\"commentCount\":0,\"image\":{\"@id\":\"https:\\\/\\\/haberverkibris.com\\\/index.php\\\/2026\\\/04\\\/29\\\/girnede-polisi-darp-ve-gorevinden-men-eden-alkollu-sahis-tutuklandi\\\/#primaryimage\"},\"thumbnailUrl\":\"https:\\\/\\\/haberverkibris.com\\\/wp-content\\\/uploads\\\/2026\\\/04\\\/polis.jpg\",\"articleSection\":[\"K\u0131br\u0131s\"],\"inLanguage\":\"tr\",\"potentialAction\":[{\"@type\":\"CommentAction\",\"name\":\"Comment\",\"target\":[\"https:\\\/\\\/haberverkibris.com\\\/index.php\\\/2026\\\/04\\\/29\\\/girnede-polisi-darp-ve-gorevinden-men-eden-alkollu-sahis-tutuklandi\\\/#respond\"]}]},{\"@type\":\"WebPage\",\"@id\":\"https:\\\/\\\/haberverkibris.com\\\/index.php\\\/2026\\\/04\\\/29\\\/girnede-polisi-darp-ve-gorevinden-men-eden-alkollu-sahis-tutuklandi\\\/\",\"url\":\"https:\\\/\\\/haberverkibris.com\\\/index.php\\\/2026\\\/04\\\/29\\\/girnede-polisi-darp-ve-gorevinden-men-eden-alkollu-sahis-tutuklandi\\\/\",\"name\":\"Girne\u2019de polisi darp ve g\u00f6revinden men eden alkoll\u00fc \u015fah\u0131s tutukland\u0131 - Haber Ver K\u0131br\u0131s\",\"isPartOf\":{\"@id\":\"https:\\\/\\\/haberverkibris.com\\\/#website\"},\"primaryImageOfPage\":{\"@id\":\"https:\\\/\\\/haberverkibris.com\\\/index.php\\\/2026\\\/04\\\/29\\\/girnede-polisi-darp-ve-gorevinden-men-eden-alkollu-sahis-tutuklandi\\\/#primaryimage\"},\"image\":{\"@id\":\"https:\\\/\\\/haberverkibris.com\\\/index.php\\\/2026\\\/04\\\/29\\\/girnede-polisi-darp-ve-gorevinden-men-eden-alkollu-sahis-tutuklandi\\\/#primaryimage\"},\"thumbnailUrl\":\"https:\\\/\\\/haberverkibris.com\\\/wp-content\\\/uploads\\\/2026\\\/04\\\/polis.jpg\",\"datePublished\":\"2026-04-29T10:46:29+00:00\",\"dateModified\":\"2026-04-29T10:46:40+00:00\",\"author\":{\"@id\":\"https:\\\/\\\/haberverkibris.com\\\/#\\\/schema\\\/person\\\/29d65381ed43765483b5a185ded66a56\"},\"breadcrumb\":{\"@id\":\"https:\\\/\\\/haberverkibris.com\\\/index.php\\\/2026\\\/04\\\/29\\\/girnede-polisi-darp-ve-gorevinden-men-eden-alkollu-sahis-tutuklandi\\\/#breadcrumb\"},\"inLanguage\":\"tr\",\"potentialAction\":[{\"@type\":\"ReadAction\",\"target\":[\"https:\\\/\\\/haberverkibris.com\\\/index.php\\\/2026\\\/04\\\/29\\\/girnede-polisi-darp-ve-gorevinden-men-eden-alkollu-sahis-tutuklandi\\\/\"]}]},{\"@type\":\"ImageObject\",\"inLanguage\":\"tr\",\"@id\":\"https:\\\/\\\/haberverkibris.com\\\/index.php\\\/2026\\\/04\\\/29\\\/girnede-polisi-darp-ve-gorevinden-men-eden-alkollu-sahis-tutuklandi\\\/#primaryimage\",\"url\":\"https:\\\/\\\/haberverkibris.com\\\/wp-content\\\/uploads\\\/2026\\\/04\\\/polis.jpg\",\"contentUrl\":\"https:\\\/\\\/haberverkibris.com\\\/wp-content\\\/uploads\\\/2026\\\/04\\\/polis.jpg\",\"width\":880,\"height\":440},{\"@type\":\"BreadcrumbList\",\"@id\":\"https:\\\/\\\/haberverkibris.com\\\/index.php\\\/2026\\\/04\\\/29\\\/girnede-polisi-darp-ve-gorevinden-men-eden-alkollu-sahis-tutuklandi\\\/#breadcrumb\",\"itemListElement\":[{\"@type\":\"ListItem\",\"position\":1,\"name\":\"Anasayfa\",\"item\":\"https:\\\/\\\/haberverkibris.com\\\/\"},{\"@type\":\"ListItem\",\"position\":2,\"name\":\"Girne\u2019de polisi darp ve g\u00f6revinden men eden alkoll\u00fc \u015fah\u0131s tutukland\u0131\"}]},{\"@type\":\"WebSite\",\"@id\":\"https:\\\/\\\/haberverkibris.com\\\/#website\",\"url\":\"https:\\\/\\\/haberverkibris.com\\\/\",\"name\":\"Kuzeyin Sesi\",\"description\":\"Do\u011fru Haberin Adresi\",\"potentialAction\":[{\"@type\":\"SearchAction\",\"target\":{\"@type\":\"EntryPoint\",\"urlTemplate\":\"https:\\\/\\\/haberverkibris.com\\\/?s={search_term_string}\"},\"query-input\":{\"@type\":\"PropertyValueSpecification\",\"valueRequired\":true,\"valueName\":\"search_term_string\"}}],\"inLanguage\":\"tr\"},{\"@type\":\"Person\",\"@id\":\"https:\\\/\\\/haberverkibris.com\\\/#\\\/schema\\\/person\\\/29d65381ed43765483b5a185ded66a56\",\"name\":\"Haberver K\u0131br\u0131s\",\"image\":{\"@type\":\"ImageObject\",\"inLanguage\":\"tr\",\"@id\":\"https:\\\/\\\/secure.gravatar.com\\\/avatar\\\/bab33852abfd8b282518d6ed81826833d77c3c882d9ab608add591ccace47a44?s=96&d=mm&r=g\",\"url\":\"https:\\\/\\\/secure.gravatar.com\\\/avatar\\\/bab33852abfd8b282518d6ed81826833d77c3c882d9ab608add591ccace47a44?s=96&d=mm&r=g\",\"contentUrl\":\"https:\\\/\\\/secure.gravatar.com\\\/avatar\\\/bab33852abfd8b282518d6ed81826833d77c3c882d9ab608add591ccace47a44?s=96&d=mm&r=g\",\"caption\":\"Haberver K\u0131br\u0131s\"},\"sameAs\":[\"https:\\\/\\\/haberverkibris.com\"],\"url\":\"https:\\\/\\\/haberverkibris.com\\\/index.php\\\/author\\\/guven\\\/\"}]}<\/script>\n<!-- \/ Yoast SEO plugin. -->","yoast_head_json":{"title":"Girne\u2019de polisi darp ve g\u00f6revinden men eden alkoll\u00fc \u015fah\u0131s tutukland\u0131 - Haber Ver K\u0131br\u0131s","robots":{"index":"index","follow":"follow","max-snippet":"max-snippet:-1","max-image-preview":"max-image-preview:large","max-video-preview":"max-video-preview:-1"},"canonical":"https:\/\/haberverkibris.com\/index.php\/2026\/04\/29\/girnede-polisi-darp-ve-gorevinden-men-eden-alkollu-sahis-tutuklandi\/","og_locale":"tr_TR","og_type":"article","og_title":"Girne\u2019de polisi darp ve g\u00f6revinden men eden alkoll\u00fc \u015fah\u0131s tutukland\u0131 - Haber Ver K\u0131br\u0131s","og_description":"Girne\u2019de d\u00fcn \u201cvahim zarar, polisi darp ve g\u00f6revinden men ile sarho\u015fluk ve rahats\u0131zl\u0131k\u201d su\u00e7lar\u0131ndan bir ki\u015fi tutukland\u0131. Polisten verilen bilgiye g\u00f6re, nefes \u00f6rne\u011fi vermeyi reddeden alkoll\u00fc zanl\u0131 A.S.(E-45), sarho\u015f oldu\u011fu s\u0131rada, y\u00fcksek sesle ba\u011f\u0131r\u0131p \u00e7a\u011f\u0131rarak \u00e7evreye rahats\u0131zl\u0131k verdi. S\u00f6z konusu \u015fah\u0131s, kendisine m\u00fcdahale edilip tutukland\u0131\u011f\u0131 ve polis arac\u0131yla polis merkezine sevk edildi\u011fi esnada, g\u00f6revli polis [&hellip;]","og_url":"https:\/\/haberverkibris.com\/index.php\/2026\/04\/29\/girnede-polisi-darp-ve-gorevinden-men-eden-alkollu-sahis-tutuklandi\/","og_site_name":"Haber Ver K\u0131br\u0131s","article_publisher":"https:\/\/www.facebook.com\/kuzeyinsesii","article_published_time":"2026-04-29T10:46:29+00:00","article_modified_time":"2026-04-29T10:46:40+00:00","og_image":[{"width":880,"height":440,"url":"https:\/\/haberverkibris.com\/wp-content\/uploads\/2026\/04\/polis.jpg","type":"image\/jpeg"}],"author":"Haberver K\u0131br\u0131s","twitter_card":"summary_large_image","twitter_creator":"@kuzeyinsesii","twitter_site":"@kuzeyinsesii","twitter_misc":{"Yazan:":"Haberver K\u0131br\u0131s","Tahmini okuma s\u00fcresi":"1 dakika"},"schema":{"@context":"https:\/\/schema.org","@graph":[{"@type":"Article","@id":"https:\/\/haberverkibris.com\/index.php\/2026\/04\/29\/girnede-polisi-darp-ve-gorevinden-men-eden-alkollu-sahis-tutuklandi\/#article","isPartOf":{"@id":"https:\/\/haberverkibris.com\/index.php\/2026\/04\/29\/girnede-polisi-darp-ve-gorevinden-men-eden-alkollu-sahis-tutuklandi\/"},"author":{"name":"Haberver K\u0131br\u0131s","@id":"https:\/\/haberverkibris.com\/#\/schema\/person\/29d65381ed43765483b5a185ded66a56"},"headline":"Girne\u2019de polisi darp ve g\u00f6revinden men eden alkoll\u00fc \u015fah\u0131s tutukland\u0131","datePublished":"2026-04-29T10:46:29+00:00","dateModified":"2026-04-29T10:46:40+00:00","mainEntityOfPage":{"@id":"https:\/\/haberverkibris.com\/index.php\/2026\/04\/29\/girnede-polisi-darp-ve-gorevinden-men-eden-alkollu-sahis-tutuklandi\/"},"wordCount":129,"commentCount":0,"image":{"@id":"https:\/\/haberverkibris.com\/index.php\/2026\/04\/29\/girnede-polisi-darp-ve-gorevinden-men-eden-alkollu-sahis-tutuklandi\/#primaryimage"},"thumbnailUrl":"https:\/\/haberverkibris.com\/wp-content\/uploads\/2026\/04\/polis.jpg","articleSection":["K\u0131br\u0131s"],"inLanguage":"tr","potentialAction":[{"@type":"CommentAction","name":"Comment","target":["https:\/\/haberverkibris.com\/index.php\/2026\/04\/29\/girnede-polisi-darp-ve-gorevinden-men-eden-alkollu-sahis-tutuklandi\/#respond"]}]},{"@type":"WebPage","@id":"https:\/\/haberverkibris.com\/index.php\/2026\/04\/29\/girnede-polisi-darp-ve-gorevinden-men-eden-alkollu-sahis-tutuklandi\/","url":"https:\/\/haberverkibris.com\/index.php\/2026\/04\/29\/girnede-polisi-darp-ve-gorevinden-men-eden-alkollu-sahis-tutuklandi\/","name":"Girne\u2019de polisi darp ve g\u00f6revinden men eden alkoll\u00fc \u015fah\u0131s tutukland\u0131 - Haber Ver K\u0131br\u0131s","isPartOf":{"@id":"https:\/\/haberverkibris.com\/#website"},"primaryImageOfPage":{"@id":"https:\/\/haberverkibris.com\/index.php\/2026\/04\/29\/girnede-polisi-darp-ve-gorevinden-men-eden-alkollu-sahis-tutuklandi\/#primaryimage"},"image":{"@id":"https:\/\/haberverkibris.com\/index.php\/2026\/04\/29\/girnede-polisi-darp-ve-gorevinden-men-eden-alkollu-sahis-tutuklandi\/#primaryimage"},"thumbnailUrl":"https:\/\/haberverkibris.com\/wp-content\/uploads\/2026\/04\/polis.jpg","datePublished":"2026-04-29T10:46:29+00:00","dateModified":"2026-04-29T10:46:40+00:00","author":{"@id":"https:\/\/haberverkibris.com\/#\/schema\/person\/29d65381ed43765483b5a185ded66a56"},"breadcrumb":{"@id":"https:\/\/haberverkibris.com\/index.php\/2026\/04\/29\/girnede-polisi-darp-ve-gorevinden-men-eden-alkollu-sahis-tutuklandi\/#breadcrumb"},"inLanguage":"tr","potentialAction":[{"@type":"ReadAction","target":["https:\/\/haberverkibris.com\/index.php\/2026\/04\/29\/girnede-polisi-darp-ve-gorevinden-men-eden-alkollu-sahis-tutuklandi\/"]}]},{"@type":"ImageObject","inLanguage":"tr","@id":"https:\/\/haberverkibris.com\/index.php\/2026\/04\/29\/girnede-polisi-darp-ve-gorevinden-men-eden-alkollu-sahis-tutuklandi\/#primaryimage","url":"https:\/\/haberverkibris.com\/wp-content\/uploads\/2026\/04\/polis.jpg","contentUrl":"https:\/\/haberverkibris.com\/wp-content\/uploads\/2026\/04\/polis.jpg","width":880,"height":440},{"@type":"BreadcrumbList","@id":"https:\/\/haberverkibris.com\/index.php\/2026\/04\/29\/girnede-polisi-darp-ve-gorevinden-men-eden-alkollu-sahis-tutuklandi\/#breadcrumb","itemListElement":[{"@type":"ListItem","position":1,"name":"Anasayfa","item":"https:\/\/haberverkibris.com\/"},{"@type":"ListItem","position":2,"name":"Girne\u2019de polisi darp ve g\u00f6revinden men eden alkoll\u00fc \u015fah\u0131s tutukland\u0131"}]},{"@type":"WebSite","@id":"https:\/\/haberverkibris.com\/#website","url":"https:\/\/haberverkibris.com\/","name":"Kuzeyin Sesi","description":"Do\u011fru Haberin Adresi","potentialAction":[{"@type":"SearchAction","target":{"@type":"EntryPoint","urlTemplate":"https:\/\/haberverkibris.com\/?s={search_term_string}"},"query-input":{"@type":"PropertyValueSpecification","valueRequired":true,"valueName":"search_term_string"}}],"inLanguage":"tr"},{"@type":"Person","@id":"https:\/\/haberverkibris.com\/#\/schema\/person\/29d65381ed43765483b5a185ded66a56","name":"Haberver K\u0131br\u0131s","image":{"@type":"ImageObject","inLanguage":"tr","@id":"https:\/\/secure.gravatar.com\/avatar\/bab33852abfd8b282518d6ed81826833d77c3c882d9ab608add591ccace47a44?s=96&d=mm&r=g","url":"https:\/\/secure.gravatar.com\/avatar\/bab33852abfd8b282518d6ed81826833d77c3c882d9ab608add591ccace47a44?s=96&d=mm&r=g","contentUrl":"https:\/\/secure.gravatar.com\/avatar\/bab33852abfd8b282518d6ed81826833d77c3c882d9ab608add591ccace47a44?s=96&d=mm&r=g","caption":"Haberver K\u0131br\u0131s"},"sameAs":["https:\/\/haberverkibris.com"],"url":"https:\/\/haberverkibris.com\/index.php\/author\/guven\/"}]}},"_links":{"self":[{"href":"https:\/\/haberverkibris.com\/index.php\/wp-json\/wp\/v2\/posts\/34426","targetHints":{"allow":["GET"]}}],"collection":[{"href":"https:\/\/haberverkibris.com\/index.php\/wp-json\/wp\/v2\/posts"}],"about":[{"href":"https:\/\/haberverkibris.com\/index.php\/wp-json\/wp\/v2\/types\/post"}],"author":[{"embeddable":true,"href":"https:\/\/haberverkibris.com\/index.php\/wp-json\/wp\/v2\/users\/1"}],"replies":[{"embeddable":true,"href":"https:\/\/haberverkibris.com\/index.php\/wp-json\/wp\/v2\/comments?post=34426"}],"version-history":[{"count":1,"href":"https:\/\/haberverkibris.com\/index.php\/wp-json\/wp\/v2\/posts\/34426\/revisions"}],"predecessor-version":[{"id":34427,"href":"https:\/\/haberverkibris.com\/index.php\/wp-json\/wp\/v2\/posts\/34426\/revisions\/34427"}],"wp:featuredmedia":[{"embeddable":true,"href":"https:\/\/haberverkibris.com\/index.php\/wp-json\/wp\/v2\/media\/33947"}],"wp:attachment":[{"href":"https:\/\/haberverkibris.com\/index.php\/wp-json\/wp\/v2\/media?parent=34426"}],"wp:term":[{"taxonomy":"category","embeddable":true,"href":"https:\/\/haberverkibris.com\/index.php\/wp-json\/wp\/v2\/categories?post=34426"},{"taxonomy":"post_tag","embeddable":true,"href":"https:\/\/haberverkibris.com\/index.php\/wp-json\/wp\/v2\/tags?post=34426"}],"curies":[{"name":"wp","href":"https:\/\/api.w.org\/{rel}","templated":true}]}}