{"id":34423,"date":"2026-04-29T13:34:29","date_gmt":"2026-04-29T10:34:29","guid":{"rendered":"https:\/\/haberverkibris.com\/index.php\/2026\/04\/29\/tdp-genel-baskani-celer-ekonomide-gelinen-nokta-tehlikeli\/"},"modified":"2026-04-29T13:34:43","modified_gmt":"2026-04-29T10:34:43","slug":"tdp-genel-baskani-celer-ekonomide-gelinen-nokta-tehlikeli","status":"publish","type":"post","link":"https:\/\/haberverkibris.com\/index.php\/2026\/04\/29\/tdp-genel-baskani-celer-ekonomide-gelinen-nokta-tehlikeli\/","title":{"rendered":"TDP Genel Ba\u015fkan\u0131 \u00c7eler: \u201cEkonomide gelinen nokta tehlikeli\u201d"},"content":{"rendered":"<p style=\"font-weight: 300\"><span style=\"font-weight: 300 !important\">Toplumcu Demokrasi Partisi (TDP) Genel Ba\u015fkan\u0131 Zeki \u00c7eler,<\/span><span style=\"font-weight: 300 !important\">\u00a0<\/span><span style=\"font-weight: 300 !important\">ekonomide gelinen noktay\u0131 \u201ctehlikeli\u201d olarak nitelendirerek, mevcut sistemin \u00e7\u00f6kt\u00fc\u011f\u00fcn\u00fc savundu. \u00c7eler, \u201cYar\u0131n se\u00e7im olsa haz\u0131r\u0131z\u201d dedi.<\/span><\/p>\n<p style=\"font-weight: 300\"><span style=\"font-weight: 300 !important\">TDP\u2019den yap\u0131lan a\u00e7\u0131klamaya g\u00f6re \u00c7eler, Mustafa Alkan\u2019\u0131n K\u0131br\u0131s Gen\u00e7 TV\u2019de haz\u0131rlay\u0131p sundu\u011fu programa kat\u0131larak, \u00fclke g\u00fcndemine ili\u015fkin de\u011ferlendirmelerde bulundu.<\/span><\/p>\n<p style=\"font-weight: 300\"><span style=\"font-weight: 300 !important\">\u00dclkede genel bir moral bozuklu\u011fu oldu\u011funu savunan \u00c7eler, dar gelirli kesimlerin temel ihtiya\u00e7lara eri\u015fimde zorland\u0131\u011f\u0131n\u0131 s\u00f6yledi. \u00c7eler, \u201cToplumun b\u00fcy\u00fck bir kesimi mutsuz. Hem ekonomik hem de siyasal anlamda ciddi bir de\u011fi\u015fim beklentisi var\u201d dedi.<\/span><\/p>\n<p style=\"font-weight: 300\"><span style=\"font-weight: 300 !important\">TDP\u2019nin en b\u00fcy\u00fck g\u00fcc\u00fcn\u00fcn kadrolar\u0131 oldu\u011funu kaydeden \u00c7eler, sa\u011fl\u0131k, e\u011fitim ve ekonomi alan\u0131nda haz\u0131r programlar\u0131 oldu\u011funu belirterek, \u201cGenel sa\u011fl\u0131k sigortas\u0131, e\u011fitimde f\u0131rsat e\u015fitli\u011fi ve \u00fcretim temelli ekonomi modelimiz haz\u0131r\u201d diye konu\u015ftu.<\/span><\/p>\n<p style=\"font-weight: 300\"><span style=\"font-weight: 300 !important\">Se\u00e7im s\u00fcrecinde sosyal demokrat g\u00fc\u00e7lerin i\u015f birli\u011finin \u00f6nemli oldu\u011funu ifade eden \u00c7eler, \u00f6zellikle yerel se\u00e7imlerde g\u00fc\u00e7l\u00fc adaylar \u00fczerinden ortakla\u015fman\u0131n m\u00fcmk\u00fcn olabilece\u011fini dile getirdi. \u00c7eler, \u201cTDP alternatif bir parti olarak geliyor. \u00d6n\u00fcm\u00fczdeki s\u00fcre\u00e7te sahada daha g\u00fc\u00e7l\u00fc olaca\u011f\u0131z\u201d dedi.<\/span><\/p>\n<p style=\"font-weight: 300\"><span style=\"font-weight: 300 !important\">-\u201cEkonomi art\u0131k s\u00fcrd\u00fcr\u00fclemez noktada\u201d<\/span><\/p>\n<p style=\"font-weight: 300\"><span style=\"font-weight: 300 !important\">Ekonomide gelinen noktay\u0131 \u201ctehlikeli\u201d olarak nitelendiren \u00c7eler, mevcut sistemin \u00e7\u00f6kt\u00fc\u011f\u00fcn\u00fc savundu. \u00c7eler, \u201cBorcu bor\u00e7la kapatma a\u015famas\u0131n\u0131 ge\u00e7tik, borcun borcunu bor\u00e7la kapatma noktas\u0131nday\u0131z. Bu sistem de\u011fi\u015fmek zorunda\u201d ifadelerini kulland\u0131. H\u00fck\u00fcmette olduklar\u0131 d\u00f6neme i\u015faret eden \u00c7eler, do\u011fru y\u00f6netimle b\u00fct\u00e7enin art\u0131ya ge\u00e7irilebildi\u011fini kaydetti.<\/span><\/p>\n<p style=\"font-weight: 300\"><span style=\"font-weight: 300 !important\">Son d\u00f6nemde izlenen politikalar\u0131n toplumu kutupla\u015ft\u0131rd\u0131\u011f\u0131n\u0131 ileri s\u00fcren \u00c7eler, \u201cPolisle halk\u0131, \u00f6\u011fretmenle veliyi, hasta ile sa\u011fl\u0131k\u00e7\u0131y\u0131 kar\u015f\u0131 kar\u015f\u0131ya getiren bir s\u00fcre\u00e7 ya\u015fand\u0131\u201d dedi.<\/span><\/p>\n<p style=\"font-weight: 300\"><span style=\"font-weight: 300 !important\">H\u00fck\u00fcmetin a\u00e7\u0131klad\u0131\u011f\u0131 tasarruf paketini ele\u015ftiren \u00c7eler, bunun ger\u00e7ek bir tasarruf olmad\u0131\u011f\u0131n\u0131\u00a0 iddia etti. \u00c7eler, \u201c\u00d6nce verilen te\u015fvikleri kestiler, sonra geri veriyoruz diye sundular. Bu destek de\u011fil, var olan\u0131n iadesidir\u201d diye konu\u015ftu.<\/span><\/p>\n<p style=\"font-weight: 300\"><span style=\"font-weight: 300 !important\">Son d\u00f6nemdeki k\u0131rsal kesim arazisi da\u011f\u0131t\u0131mlar\u0131n\u0131 da ele\u015ftiren \u00c7eler, bunun se\u00e7im yat\u0131r\u0131m\u0131 oldu\u011funu iddia etti. \u00c7eler, \u201c\u0130htiya\u00e7 vard\u0131r ama adil yap\u0131lm\u0131yor.&#8221; dedi.<\/span><\/p>\n<p style=\"font-weight: 300\"><span style=\"font-weight: 300 !important\">Baz\u0131 K\u0131br\u0131sl\u0131 T\u00fcrklere uygulanan T\u00fcrkiye\u2019ye giri\u015f yasa\u011f\u0131na da de\u011finen \u00c7eler, \u201cSu\u00e7 yok, dava yok ama yasak var. Bu keyfi bir uygulamad\u0131r ve ili\u015fkilerimize zarar verir\u201d ifadelerini kulland\u0131.<\/span><\/p>\n<p style=\"font-weight: 300\"><span style=\"font-weight: 300 !important\">Erken se\u00e7im tart\u0131\u015fmalar\u0131na da de\u011finen \u00c7eler, h\u00fck\u00fcmetin se\u00e7imden ka\u00e7t\u0131\u011f\u0131n\u0131 ileri s\u00fcrerek, \u201cNe kadar erken olursa o kadar iyi. Yar\u0131n karar al\u0131nsa 45 g\u00fcn i\u00e7inde se\u00e7ime haz\u0131r\u0131z\u201d dedi.<\/span><\/p>\n","protected":false},"excerpt":{"rendered":"<p>Toplumcu Demokrasi Partisi (TDP) Genel Ba\u015fkan\u0131 Zeki \u00c7eler,\u00a0ekonomide gelinen noktay\u0131 \u201ctehlikeli\u201d olarak nitelendirerek, mevcut sistemin \u00e7\u00f6kt\u00fc\u011f\u00fcn\u00fc savundu. \u00c7eler, \u201cYar\u0131n se\u00e7im olsa haz\u0131r\u0131z\u201d dedi. TDP\u2019den yap\u0131lan a\u00e7\u0131klamaya g\u00f6re \u00c7eler, Mustafa Alkan\u2019\u0131n K\u0131br\u0131s Gen\u00e7 TV\u2019de haz\u0131rlay\u0131p sundu\u011fu programa kat\u0131larak, \u00fclke g\u00fcndemine ili\u015fkin de\u011ferlendirmelerde bulundu. \u00dclkede genel bir moral bozuklu\u011fu oldu\u011funu savunan \u00c7eler, dar gelirli kesimlerin temel ihtiya\u00e7lara [&hellip;]<\/p>\n","protected":false},"author":1,"featured_media":34424,"comment_status":"open","ping_status":"open","sticky":false,"template":"","format":"standard","meta":{"jnews-multi-image_gallery":[],"jnews_single_post":[],"jnews_primary_category":[],"jnews_social_meta":[],"jnews_override_counter":[],"footnotes":""},"categories":[1],"tags":[],"class_list":["post-34423","post","type-post","status-publish","format-standard","has-post-thumbnail","hentry","category-kibris"],"yoast_head":"<!-- This site is optimized with the Yoast SEO plugin v27.5 - https:\/\/yoast.com\/product\/yoast-seo-wordpress\/ -->\n<title>TDP Genel Ba\u015fkan\u0131 \u00c7eler: \u201cEkonomide gelinen nokta tehlikeli\u201d - Haber Ver K\u0131br\u0131s<\/title>\n<meta name=\"robots\" content=\"index, follow, max-snippet:-1, max-image-preview:large, max-video-preview:-1\" \/>\n<link rel=\"canonical\" href=\"https:\/\/haberverkibris.com\/index.php\/2026\/04\/29\/tdp-genel-baskani-celer-ekonomide-gelinen-nokta-tehlikeli\/\" \/>\n<meta property=\"og:locale\" content=\"tr_TR\" \/>\n<meta property=\"og:type\" content=\"article\" \/>\n<meta property=\"og:title\" content=\"TDP Genel Ba\u015fkan\u0131 \u00c7eler: \u201cEkonomide gelinen nokta tehlikeli\u201d - Haber Ver K\u0131br\u0131s\" \/>\n<meta property=\"og:description\" content=\"Toplumcu Demokrasi Partisi (TDP) Genel Ba\u015fkan\u0131 Zeki \u00c7eler,\u00a0ekonomide gelinen noktay\u0131 \u201ctehlikeli\u201d olarak nitelendirerek, mevcut sistemin \u00e7\u00f6kt\u00fc\u011f\u00fcn\u00fc savundu. \u00c7eler, \u201cYar\u0131n se\u00e7im olsa haz\u0131r\u0131z\u201d dedi. TDP\u2019den yap\u0131lan a\u00e7\u0131klamaya g\u00f6re \u00c7eler, Mustafa Alkan\u2019\u0131n K\u0131br\u0131s Gen\u00e7 TV\u2019de haz\u0131rlay\u0131p sundu\u011fu programa kat\u0131larak, \u00fclke g\u00fcndemine ili\u015fkin de\u011ferlendirmelerde bulundu. \u00dclkede genel bir moral bozuklu\u011fu oldu\u011funu savunan \u00c7eler, dar gelirli kesimlerin temel ihtiya\u00e7lara [&hellip;]\" \/>\n<meta property=\"og:url\" content=\"https:\/\/haberverkibris.com\/index.php\/2026\/04\/29\/tdp-genel-baskani-celer-ekonomide-gelinen-nokta-tehlikeli\/\" \/>\n<meta property=\"og:site_name\" content=\"Haber Ver K\u0131br\u0131s\" \/>\n<meta property=\"article:publisher\" content=\"https:\/\/www.facebook.com\/kuzeyinsesii\" \/>\n<meta property=\"article:published_time\" content=\"2026-04-29T10:34:29+00:00\" \/>\n<meta property=\"article:modified_time\" content=\"2026-04-29T10:34:43+00:00\" \/>\n<meta property=\"og:image\" content=\"https:\/\/haberverkibris.com\/wp-content\/uploads\/2026\/04\/tdp-1024x683.jpg\" \/>\n\t<meta property=\"og:image:width\" content=\"1024\" \/>\n\t<meta property=\"og:image:height\" content=\"683\" \/>\n\t<meta property=\"og:image:type\" content=\"image\/jpeg\" \/>\n<meta name=\"author\" content=\"Haberver K\u0131br\u0131s\" \/>\n<meta name=\"twitter:card\" content=\"summary_large_image\" \/>\n<meta name=\"twitter:creator\" content=\"@kuzeyinsesii\" \/>\n<meta name=\"twitter:site\" content=\"@kuzeyinsesii\" \/>\n<meta name=\"twitter:label1\" content=\"Yazan:\" \/>\n\t<meta name=\"twitter:data1\" content=\"Haberver K\u0131br\u0131s\" \/>\n\t<meta name=\"twitter:label2\" content=\"Tahmini okuma s\u00fcresi\" \/>\n\t<meta name=\"twitter:data2\" content=\"2 dakika\" \/>\n<script type=\"application\/ld+json\" class=\"yoast-schema-graph\">{\"@context\":\"https:\\\/\\\/schema.org\",\"@graph\":[{\"@type\":\"Article\",\"@id\":\"https:\\\/\\\/haberverkibris.com\\\/index.php\\\/2026\\\/04\\\/29\\\/tdp-genel-baskani-celer-ekonomide-gelinen-nokta-tehlikeli\\\/#article\",\"isPartOf\":{\"@id\":\"https:\\\/\\\/haberverkibris.com\\\/index.php\\\/2026\\\/04\\\/29\\\/tdp-genel-baskani-celer-ekonomide-gelinen-nokta-tehlikeli\\\/\"},\"author\":{\"name\":\"Haberver K\u0131br\u0131s\",\"@id\":\"https:\\\/\\\/haberverkibris.com\\\/#\\\/schema\\\/person\\\/29d65381ed43765483b5a185ded66a56\"},\"headline\":\"TDP Genel Ba\u015fkan\u0131 \u00c7eler: \u201cEkonomide gelinen nokta tehlikeli\u201d\",\"datePublished\":\"2026-04-29T10:34:29+00:00\",\"dateModified\":\"2026-04-29T10:34:43+00:00\",\"mainEntityOfPage\":{\"@id\":\"https:\\\/\\\/haberverkibris.com\\\/index.php\\\/2026\\\/04\\\/29\\\/tdp-genel-baskani-celer-ekonomide-gelinen-nokta-tehlikeli\\\/\"},\"wordCount\":484,\"commentCount\":0,\"image\":{\"@id\":\"https:\\\/\\\/haberverkibris.com\\\/index.php\\\/2026\\\/04\\\/29\\\/tdp-genel-baskani-celer-ekonomide-gelinen-nokta-tehlikeli\\\/#primaryimage\"},\"thumbnailUrl\":\"https:\\\/\\\/haberverkibris.com\\\/wp-content\\\/uploads\\\/2026\\\/04\\\/tdp-1024x683.jpg\",\"articleSection\":[\"K\u0131br\u0131s\"],\"inLanguage\":\"tr\",\"potentialAction\":[{\"@type\":\"CommentAction\",\"name\":\"Comment\",\"target\":[\"https:\\\/\\\/haberverkibris.com\\\/index.php\\\/2026\\\/04\\\/29\\\/tdp-genel-baskani-celer-ekonomide-gelinen-nokta-tehlikeli\\\/#respond\"]}]},{\"@type\":\"WebPage\",\"@id\":\"https:\\\/\\\/haberverkibris.com\\\/index.php\\\/2026\\\/04\\\/29\\\/tdp-genel-baskani-celer-ekonomide-gelinen-nokta-tehlikeli\\\/\",\"url\":\"https:\\\/\\\/haberverkibris.com\\\/index.php\\\/2026\\\/04\\\/29\\\/tdp-genel-baskani-celer-ekonomide-gelinen-nokta-tehlikeli\\\/\",\"name\":\"TDP Genel Ba\u015fkan\u0131 \u00c7eler: \u201cEkonomide gelinen nokta tehlikeli\u201d - Haber Ver K\u0131br\u0131s\",\"isPartOf\":{\"@id\":\"https:\\\/\\\/haberverkibris.com\\\/#website\"},\"primaryImageOfPage\":{\"@id\":\"https:\\\/\\\/haberverkibris.com\\\/index.php\\\/2026\\\/04\\\/29\\\/tdp-genel-baskani-celer-ekonomide-gelinen-nokta-tehlikeli\\\/#primaryimage\"},\"image\":{\"@id\":\"https:\\\/\\\/haberverkibris.com\\\/index.php\\\/2026\\\/04\\\/29\\\/tdp-genel-baskani-celer-ekonomide-gelinen-nokta-tehlikeli\\\/#primaryimage\"},\"thumbnailUrl\":\"https:\\\/\\\/haberverkibris.com\\\/wp-content\\\/uploads\\\/2026\\\/04\\\/tdp-1024x683.jpg\",\"datePublished\":\"2026-04-29T10:34:29+00:00\",\"dateModified\":\"2026-04-29T10:34:43+00:00\",\"author\":{\"@id\":\"https:\\\/\\\/haberverkibris.com\\\/#\\\/schema\\\/person\\\/29d65381ed43765483b5a185ded66a56\"},\"breadcrumb\":{\"@id\":\"https:\\\/\\\/haberverkibris.com\\\/index.php\\\/2026\\\/04\\\/29\\\/tdp-genel-baskani-celer-ekonomide-gelinen-nokta-tehlikeli\\\/#breadcrumb\"},\"inLanguage\":\"tr\",\"potentialAction\":[{\"@type\":\"ReadAction\",\"target\":[\"https:\\\/\\\/haberverkibris.com\\\/index.php\\\/2026\\\/04\\\/29\\\/tdp-genel-baskani-celer-ekonomide-gelinen-nokta-tehlikeli\\\/\"]}]},{\"@type\":\"ImageObject\",\"inLanguage\":\"tr\",\"@id\":\"https:\\\/\\\/haberverkibris.com\\\/index.php\\\/2026\\\/04\\\/29\\\/tdp-genel-baskani-celer-ekonomide-gelinen-nokta-tehlikeli\\\/#primaryimage\",\"url\":\"https:\\\/\\\/haberverkibris.com\\\/wp-content\\\/uploads\\\/2026\\\/04\\\/tdp-1024x683.jpg\",\"contentUrl\":\"https:\\\/\\\/haberverkibris.com\\\/wp-content\\\/uploads\\\/2026\\\/04\\\/tdp-1024x683.jpg\",\"width\":1024,\"height\":683},{\"@type\":\"BreadcrumbList\",\"@id\":\"https:\\\/\\\/haberverkibris.com\\\/index.php\\\/2026\\\/04\\\/29\\\/tdp-genel-baskani-celer-ekonomide-gelinen-nokta-tehlikeli\\\/#breadcrumb\",\"itemListElement\":[{\"@type\":\"ListItem\",\"position\":1,\"name\":\"Anasayfa\",\"item\":\"https:\\\/\\\/haberverkibris.com\\\/\"},{\"@type\":\"ListItem\",\"position\":2,\"name\":\"TDP Genel Ba\u015fkan\u0131 \u00c7eler: \u201cEkonomide gelinen nokta tehlikeli\u201d\"}]},{\"@type\":\"WebSite\",\"@id\":\"https:\\\/\\\/haberverkibris.com\\\/#website\",\"url\":\"https:\\\/\\\/haberverkibris.com\\\/\",\"name\":\"Kuzeyin Sesi\",\"description\":\"Do\u011fru Haberin Adresi\",\"potentialAction\":[{\"@type\":\"SearchAction\",\"target\":{\"@type\":\"EntryPoint\",\"urlTemplate\":\"https:\\\/\\\/haberverkibris.com\\\/?s={search_term_string}\"},\"query-input\":{\"@type\":\"PropertyValueSpecification\",\"valueRequired\":true,\"valueName\":\"search_term_string\"}}],\"inLanguage\":\"tr\"},{\"@type\":\"Person\",\"@id\":\"https:\\\/\\\/haberverkibris.com\\\/#\\\/schema\\\/person\\\/29d65381ed43765483b5a185ded66a56\",\"name\":\"Haberver K\u0131br\u0131s\",\"image\":{\"@type\":\"ImageObject\",\"inLanguage\":\"tr\",\"@id\":\"https:\\\/\\\/secure.gravatar.com\\\/avatar\\\/bab33852abfd8b282518d6ed81826833d77c3c882d9ab608add591ccace47a44?s=96&d=mm&r=g\",\"url\":\"https:\\\/\\\/secure.gravatar.com\\\/avatar\\\/bab33852abfd8b282518d6ed81826833d77c3c882d9ab608add591ccace47a44?s=96&d=mm&r=g\",\"contentUrl\":\"https:\\\/\\\/secure.gravatar.com\\\/avatar\\\/bab33852abfd8b282518d6ed81826833d77c3c882d9ab608add591ccace47a44?s=96&d=mm&r=g\",\"caption\":\"Haberver K\u0131br\u0131s\"},\"sameAs\":[\"https:\\\/\\\/haberverkibris.com\"],\"url\":\"https:\\\/\\\/haberverkibris.com\\\/index.php\\\/author\\\/guven\\\/\"}]}<\/script>\n<!-- \/ Yoast SEO plugin. -->","yoast_head_json":{"title":"TDP Genel Ba\u015fkan\u0131 \u00c7eler: \u201cEkonomide gelinen nokta tehlikeli\u201d - Haber Ver K\u0131br\u0131s","robots":{"index":"index","follow":"follow","max-snippet":"max-snippet:-1","max-image-preview":"max-image-preview:large","max-video-preview":"max-video-preview:-1"},"canonical":"https:\/\/haberverkibris.com\/index.php\/2026\/04\/29\/tdp-genel-baskani-celer-ekonomide-gelinen-nokta-tehlikeli\/","og_locale":"tr_TR","og_type":"article","og_title":"TDP Genel Ba\u015fkan\u0131 \u00c7eler: \u201cEkonomide gelinen nokta tehlikeli\u201d - Haber Ver K\u0131br\u0131s","og_description":"Toplumcu Demokrasi Partisi (TDP) Genel Ba\u015fkan\u0131 Zeki \u00c7eler,\u00a0ekonomide gelinen noktay\u0131 \u201ctehlikeli\u201d olarak nitelendirerek, mevcut sistemin \u00e7\u00f6kt\u00fc\u011f\u00fcn\u00fc savundu. \u00c7eler, \u201cYar\u0131n se\u00e7im olsa haz\u0131r\u0131z\u201d dedi. TDP\u2019den yap\u0131lan a\u00e7\u0131klamaya g\u00f6re \u00c7eler, Mustafa Alkan\u2019\u0131n K\u0131br\u0131s Gen\u00e7 TV\u2019de haz\u0131rlay\u0131p sundu\u011fu programa kat\u0131larak, \u00fclke g\u00fcndemine ili\u015fkin de\u011ferlendirmelerde bulundu. \u00dclkede genel bir moral bozuklu\u011fu oldu\u011funu savunan \u00c7eler, dar gelirli kesimlerin temel ihtiya\u00e7lara [&hellip;]","og_url":"https:\/\/haberverkibris.com\/index.php\/2026\/04\/29\/tdp-genel-baskani-celer-ekonomide-gelinen-nokta-tehlikeli\/","og_site_name":"Haber Ver K\u0131br\u0131s","article_publisher":"https:\/\/www.facebook.com\/kuzeyinsesii","article_published_time":"2026-04-29T10:34:29+00:00","article_modified_time":"2026-04-29T10:34:43+00:00","og_image":[{"width":1024,"height":683,"url":"https:\/\/haberverkibris.com\/wp-content\/uploads\/2026\/04\/tdp-1024x683.jpg","type":"image\/jpeg"}],"author":"Haberver K\u0131br\u0131s","twitter_card":"summary_large_image","twitter_creator":"@kuzeyinsesii","twitter_site":"@kuzeyinsesii","twitter_misc":{"Yazan:":"Haberver K\u0131br\u0131s","Tahmini okuma s\u00fcresi":"2 dakika"},"schema":{"@context":"https:\/\/schema.org","@graph":[{"@type":"Article","@id":"https:\/\/haberverkibris.com\/index.php\/2026\/04\/29\/tdp-genel-baskani-celer-ekonomide-gelinen-nokta-tehlikeli\/#article","isPartOf":{"@id":"https:\/\/haberverkibris.com\/index.php\/2026\/04\/29\/tdp-genel-baskani-celer-ekonomide-gelinen-nokta-tehlikeli\/"},"author":{"name":"Haberver K\u0131br\u0131s","@id":"https:\/\/haberverkibris.com\/#\/schema\/person\/29d65381ed43765483b5a185ded66a56"},"headline":"TDP Genel Ba\u015fkan\u0131 \u00c7eler: \u201cEkonomide gelinen nokta tehlikeli\u201d","datePublished":"2026-04-29T10:34:29+00:00","dateModified":"2026-04-29T10:34:43+00:00","mainEntityOfPage":{"@id":"https:\/\/haberverkibris.com\/index.php\/2026\/04\/29\/tdp-genel-baskani-celer-ekonomide-gelinen-nokta-tehlikeli\/"},"wordCount":484,"commentCount":0,"image":{"@id":"https:\/\/haberverkibris.com\/index.php\/2026\/04\/29\/tdp-genel-baskani-celer-ekonomide-gelinen-nokta-tehlikeli\/#primaryimage"},"thumbnailUrl":"https:\/\/haberverkibris.com\/wp-content\/uploads\/2026\/04\/tdp-1024x683.jpg","articleSection":["K\u0131br\u0131s"],"inLanguage":"tr","potentialAction":[{"@type":"CommentAction","name":"Comment","target":["https:\/\/haberverkibris.com\/index.php\/2026\/04\/29\/tdp-genel-baskani-celer-ekonomide-gelinen-nokta-tehlikeli\/#respond"]}]},{"@type":"WebPage","@id":"https:\/\/haberverkibris.com\/index.php\/2026\/04\/29\/tdp-genel-baskani-celer-ekonomide-gelinen-nokta-tehlikeli\/","url":"https:\/\/haberverkibris.com\/index.php\/2026\/04\/29\/tdp-genel-baskani-celer-ekonomide-gelinen-nokta-tehlikeli\/","name":"TDP Genel Ba\u015fkan\u0131 \u00c7eler: \u201cEkonomide gelinen nokta tehlikeli\u201d - Haber Ver K\u0131br\u0131s","isPartOf":{"@id":"https:\/\/haberverkibris.com\/#website"},"primaryImageOfPage":{"@id":"https:\/\/haberverkibris.com\/index.php\/2026\/04\/29\/tdp-genel-baskani-celer-ekonomide-gelinen-nokta-tehlikeli\/#primaryimage"},"image":{"@id":"https:\/\/haberverkibris.com\/index.php\/2026\/04\/29\/tdp-genel-baskani-celer-ekonomide-gelinen-nokta-tehlikeli\/#primaryimage"},"thumbnailUrl":"https:\/\/haberverkibris.com\/wp-content\/uploads\/2026\/04\/tdp-1024x683.jpg","datePublished":"2026-04-29T10:34:29+00:00","dateModified":"2026-04-29T10:34:43+00:00","author":{"@id":"https:\/\/haberverkibris.com\/#\/schema\/person\/29d65381ed43765483b5a185ded66a56"},"breadcrumb":{"@id":"https:\/\/haberverkibris.com\/index.php\/2026\/04\/29\/tdp-genel-baskani-celer-ekonomide-gelinen-nokta-tehlikeli\/#breadcrumb"},"inLanguage":"tr","potentialAction":[{"@type":"ReadAction","target":["https:\/\/haberverkibris.com\/index.php\/2026\/04\/29\/tdp-genel-baskani-celer-ekonomide-gelinen-nokta-tehlikeli\/"]}]},{"@type":"ImageObject","inLanguage":"tr","@id":"https:\/\/haberverkibris.com\/index.php\/2026\/04\/29\/tdp-genel-baskani-celer-ekonomide-gelinen-nokta-tehlikeli\/#primaryimage","url":"https:\/\/haberverkibris.com\/wp-content\/uploads\/2026\/04\/tdp-1024x683.jpg","contentUrl":"https:\/\/haberverkibris.com\/wp-content\/uploads\/2026\/04\/tdp-1024x683.jpg","width":1024,"height":683},{"@type":"BreadcrumbList","@id":"https:\/\/haberverkibris.com\/index.php\/2026\/04\/29\/tdp-genel-baskani-celer-ekonomide-gelinen-nokta-tehlikeli\/#breadcrumb","itemListElement":[{"@type":"ListItem","position":1,"name":"Anasayfa","item":"https:\/\/haberverkibris.com\/"},{"@type":"ListItem","position":2,"name":"TDP Genel Ba\u015fkan\u0131 \u00c7eler: \u201cEkonomide gelinen nokta tehlikeli\u201d"}]},{"@type":"WebSite","@id":"https:\/\/haberverkibris.com\/#website","url":"https:\/\/haberverkibris.com\/","name":"Kuzeyin Sesi","description":"Do\u011fru Haberin Adresi","potentialAction":[{"@type":"SearchAction","target":{"@type":"EntryPoint","urlTemplate":"https:\/\/haberverkibris.com\/?s={search_term_string}"},"query-input":{"@type":"PropertyValueSpecification","valueRequired":true,"valueName":"search_term_string"}}],"inLanguage":"tr"},{"@type":"Person","@id":"https:\/\/haberverkibris.com\/#\/schema\/person\/29d65381ed43765483b5a185ded66a56","name":"Haberver K\u0131br\u0131s","image":{"@type":"ImageObject","inLanguage":"tr","@id":"https:\/\/secure.gravatar.com\/avatar\/bab33852abfd8b282518d6ed81826833d77c3c882d9ab608add591ccace47a44?s=96&d=mm&r=g","url":"https:\/\/secure.gravatar.com\/avatar\/bab33852abfd8b282518d6ed81826833d77c3c882d9ab608add591ccace47a44?s=96&d=mm&r=g","contentUrl":"https:\/\/secure.gravatar.com\/avatar\/bab33852abfd8b282518d6ed81826833d77c3c882d9ab608add591ccace47a44?s=96&d=mm&r=g","caption":"Haberver K\u0131br\u0131s"},"sameAs":["https:\/\/haberverkibris.com"],"url":"https:\/\/haberverkibris.com\/index.php\/author\/guven\/"}]}},"_links":{"self":[{"href":"https:\/\/haberverkibris.com\/index.php\/wp-json\/wp\/v2\/posts\/34423","targetHints":{"allow":["GET"]}}],"collection":[{"href":"https:\/\/haberverkibris.com\/index.php\/wp-json\/wp\/v2\/posts"}],"about":[{"href":"https:\/\/haberverkibris.com\/index.php\/wp-json\/wp\/v2\/types\/post"}],"author":[{"embeddable":true,"href":"https:\/\/haberverkibris.com\/index.php\/wp-json\/wp\/v2\/users\/1"}],"replies":[{"embeddable":true,"href":"https:\/\/haberverkibris.com\/index.php\/wp-json\/wp\/v2\/comments?post=34423"}],"version-history":[{"count":1,"href":"https:\/\/haberverkibris.com\/index.php\/wp-json\/wp\/v2\/posts\/34423\/revisions"}],"predecessor-version":[{"id":34425,"href":"https:\/\/haberverkibris.com\/index.php\/wp-json\/wp\/v2\/posts\/34423\/revisions\/34425"}],"wp:featuredmedia":[{"embeddable":true,"href":"https:\/\/haberverkibris.com\/index.php\/wp-json\/wp\/v2\/media\/34424"}],"wp:attachment":[{"href":"https:\/\/haberverkibris.com\/index.php\/wp-json\/wp\/v2\/media?parent=34423"}],"wp:term":[{"taxonomy":"category","embeddable":true,"href":"https:\/\/haberverkibris.com\/index.php\/wp-json\/wp\/v2\/categories?post=34423"},{"taxonomy":"post_tag","embeddable":true,"href":"https:\/\/haberverkibris.com\/index.php\/wp-json\/wp\/v2\/tags?post=34423"}],"curies":[{"name":"wp","href":"https:\/\/api.w.org\/{rel}","templated":true}]}}