{"id":34420,"date":"2026-04-29T13:28:32","date_gmt":"2026-04-29T10:28:32","guid":{"rendered":"https:\/\/haberverkibris.com\/index.php\/2026\/04\/29\/kaleburnunda-ani-olum-91-yasindaki-sesli-hayatini-kaybetti\/"},"modified":"2026-04-29T13:28:44","modified_gmt":"2026-04-29T10:28:44","slug":"kaleburnunda-ani-olum-91-yasindaki-sesli-hayatini-kaybetti","status":"publish","type":"post","link":"https:\/\/haberverkibris.com\/index.php\/2026\/04\/29\/kaleburnunda-ani-olum-91-yasindaki-sesli-hayatini-kaybetti\/","title":{"rendered":"Kaleburnu\u2019nda ani \u00f6l\u00fcm\u2026 91 ya\u015f\u0131ndaki Sesli hayat\u0131n\u0131 kaybetti"},"content":{"rendered":"<p style=\"font-weight: 300\">Kaleburnu\u2019nda ya\u015fayan 91 ya\u015f\u0131ndaki Hamza Sesli, d\u00fcn ak\u015fam evinde aniden rahats\u0131zlanarak ya\u015fam\u0131n\u0131 yitirdi.<\/p>\n<p style=\"font-weight: 300\">Polisten verilen bilgiye g\u00f6re, Sesli\u2019nin cans\u0131z bedeni \u00fczerinde g\u00f6revli doktor taraf\u0131ndan yap\u0131lan fiziki muayenede, darp veya cebir izine rastlanmad\u0131.<\/p>\n<p style=\"font-weight: 300\">Sesli\u2019nin \u00f6l\u00fcm sebebi, otopsinin ard\u0131ndan tespit edilecek.<\/p>\n","protected":false},"excerpt":{"rendered":"<p>Kaleburnu\u2019nda ya\u015fayan 91 ya\u015f\u0131ndaki Hamza Sesli, d\u00fcn ak\u015fam evinde aniden rahats\u0131zlanarak ya\u015fam\u0131n\u0131 yitirdi. Polisten verilen bilgiye g\u00f6re, Sesli\u2019nin cans\u0131z bedeni \u00fczerinde g\u00f6revli doktor taraf\u0131ndan yap\u0131lan fiziki muayenede, darp veya cebir izine rastlanmad\u0131. Sesli\u2019nin \u00f6l\u00fcm sebebi, otopsinin ard\u0131ndan tespit edilecek.<\/p>\n","protected":false},"author":1,"featured_media":34421,"comment_status":"open","ping_status":"open","sticky":false,"template":"","format":"standard","meta":{"jnews-multi-image_gallery":[],"jnews_single_post":[],"jnews_primary_category":[],"jnews_social_meta":[],"jnews_override_counter":[],"footnotes":""},"categories":[1],"tags":[],"class_list":["post-34420","post","type-post","status-publish","format-standard","has-post-thumbnail","hentry","category-kibris"],"yoast_head":"<!-- This site is optimized with the Yoast SEO plugin v27.5 - https:\/\/yoast.com\/product\/yoast-seo-wordpress\/ -->\n<title>Kaleburnu\u2019nda ani \u00f6l\u00fcm\u2026 91 ya\u015f\u0131ndaki Sesli hayat\u0131n\u0131 kaybetti - Haber Ver K\u0131br\u0131s<\/title>\n<meta name=\"robots\" content=\"index, follow, max-snippet:-1, max-image-preview:large, max-video-preview:-1\" \/>\n<link rel=\"canonical\" href=\"https:\/\/haberverkibris.com\/index.php\/2026\/04\/29\/kaleburnunda-ani-olum-91-yasindaki-sesli-hayatini-kaybetti\/\" \/>\n<meta property=\"og:locale\" content=\"tr_TR\" \/>\n<meta property=\"og:type\" content=\"article\" \/>\n<meta property=\"og:title\" content=\"Kaleburnu\u2019nda ani \u00f6l\u00fcm\u2026 91 ya\u015f\u0131ndaki Sesli hayat\u0131n\u0131 kaybetti - Haber Ver K\u0131br\u0131s\" \/>\n<meta property=\"og:description\" content=\"Kaleburnu\u2019nda ya\u015fayan 91 ya\u015f\u0131ndaki Hamza Sesli, d\u00fcn ak\u015fam evinde aniden rahats\u0131zlanarak ya\u015fam\u0131n\u0131 yitirdi. Polisten verilen bilgiye g\u00f6re, Sesli\u2019nin cans\u0131z bedeni \u00fczerinde g\u00f6revli doktor taraf\u0131ndan yap\u0131lan fiziki muayenede, darp veya cebir izine rastlanmad\u0131. Sesli\u2019nin \u00f6l\u00fcm sebebi, otopsinin ard\u0131ndan tespit edilecek.\" \/>\n<meta property=\"og:url\" content=\"https:\/\/haberverkibris.com\/index.php\/2026\/04\/29\/kaleburnunda-ani-olum-91-yasindaki-sesli-hayatini-kaybetti\/\" \/>\n<meta property=\"og:site_name\" content=\"Haber Ver K\u0131br\u0131s\" \/>\n<meta property=\"article:publisher\" content=\"https:\/\/www.facebook.com\/kuzeyinsesii\" \/>\n<meta property=\"article:published_time\" content=\"2026-04-29T10:28:32+00:00\" \/>\n<meta property=\"article:modified_time\" content=\"2026-04-29T10:28:44+00:00\" \/>\n<meta property=\"og:image\" content=\"https:\/\/haberverkibris.com\/wp-content\/uploads\/2026\/04\/hayati.jpg\" \/>\n\t<meta property=\"og:image:width\" content=\"460\" \/>\n\t<meta property=\"og:image:height\" content=\"276\" \/>\n\t<meta property=\"og:image:type\" content=\"image\/jpeg\" \/>\n<meta name=\"author\" content=\"Haberver K\u0131br\u0131s\" \/>\n<meta name=\"twitter:card\" content=\"summary_large_image\" \/>\n<meta name=\"twitter:creator\" content=\"@kuzeyinsesii\" \/>\n<meta name=\"twitter:site\" content=\"@kuzeyinsesii\" \/>\n<meta name=\"twitter:label1\" content=\"Yazan:\" \/>\n\t<meta name=\"twitter:data1\" content=\"Haberver K\u0131br\u0131s\" \/>\n<script type=\"application\/ld+json\" class=\"yoast-schema-graph\">{\"@context\":\"https:\\\/\\\/schema.org\",\"@graph\":[{\"@type\":\"Article\",\"@id\":\"https:\\\/\\\/haberverkibris.com\\\/index.php\\\/2026\\\/04\\\/29\\\/kaleburnunda-ani-olum-91-yasindaki-sesli-hayatini-kaybetti\\\/#article\",\"isPartOf\":{\"@id\":\"https:\\\/\\\/haberverkibris.com\\\/index.php\\\/2026\\\/04\\\/29\\\/kaleburnunda-ani-olum-91-yasindaki-sesli-hayatini-kaybetti\\\/\"},\"author\":{\"name\":\"Haberver K\u0131br\u0131s\",\"@id\":\"https:\\\/\\\/haberverkibris.com\\\/#\\\/schema\\\/person\\\/29d65381ed43765483b5a185ded66a56\"},\"headline\":\"Kaleburnu\u2019nda ani \u00f6l\u00fcm\u2026 91 ya\u015f\u0131ndaki Sesli hayat\u0131n\u0131 kaybetti\",\"datePublished\":\"2026-04-29T10:28:32+00:00\",\"dateModified\":\"2026-04-29T10:28:44+00:00\",\"mainEntityOfPage\":{\"@id\":\"https:\\\/\\\/haberverkibris.com\\\/index.php\\\/2026\\\/04\\\/29\\\/kaleburnunda-ani-olum-91-yasindaki-sesli-hayatini-kaybetti\\\/\"},\"wordCount\":66,\"commentCount\":0,\"image\":{\"@id\":\"https:\\\/\\\/haberverkibris.com\\\/index.php\\\/2026\\\/04\\\/29\\\/kaleburnunda-ani-olum-91-yasindaki-sesli-hayatini-kaybetti\\\/#primaryimage\"},\"thumbnailUrl\":\"https:\\\/\\\/haberverkibris.com\\\/wp-content\\\/uploads\\\/2026\\\/04\\\/hayati.jpg\",\"articleSection\":[\"K\u0131br\u0131s\"],\"inLanguage\":\"tr\",\"potentialAction\":[{\"@type\":\"CommentAction\",\"name\":\"Comment\",\"target\":[\"https:\\\/\\\/haberverkibris.com\\\/index.php\\\/2026\\\/04\\\/29\\\/kaleburnunda-ani-olum-91-yasindaki-sesli-hayatini-kaybetti\\\/#respond\"]}]},{\"@type\":\"WebPage\",\"@id\":\"https:\\\/\\\/haberverkibris.com\\\/index.php\\\/2026\\\/04\\\/29\\\/kaleburnunda-ani-olum-91-yasindaki-sesli-hayatini-kaybetti\\\/\",\"url\":\"https:\\\/\\\/haberverkibris.com\\\/index.php\\\/2026\\\/04\\\/29\\\/kaleburnunda-ani-olum-91-yasindaki-sesli-hayatini-kaybetti\\\/\",\"name\":\"Kaleburnu\u2019nda ani \u00f6l\u00fcm\u2026 91 ya\u015f\u0131ndaki Sesli hayat\u0131n\u0131 kaybetti - Haber Ver K\u0131br\u0131s\",\"isPartOf\":{\"@id\":\"https:\\\/\\\/haberverkibris.com\\\/#website\"},\"primaryImageOfPage\":{\"@id\":\"https:\\\/\\\/haberverkibris.com\\\/index.php\\\/2026\\\/04\\\/29\\\/kaleburnunda-ani-olum-91-yasindaki-sesli-hayatini-kaybetti\\\/#primaryimage\"},\"image\":{\"@id\":\"https:\\\/\\\/haberverkibris.com\\\/index.php\\\/2026\\\/04\\\/29\\\/kaleburnunda-ani-olum-91-yasindaki-sesli-hayatini-kaybetti\\\/#primaryimage\"},\"thumbnailUrl\":\"https:\\\/\\\/haberverkibris.com\\\/wp-content\\\/uploads\\\/2026\\\/04\\\/hayati.jpg\",\"datePublished\":\"2026-04-29T10:28:32+00:00\",\"dateModified\":\"2026-04-29T10:28:44+00:00\",\"author\":{\"@id\":\"https:\\\/\\\/haberverkibris.com\\\/#\\\/schema\\\/person\\\/29d65381ed43765483b5a185ded66a56\"},\"breadcrumb\":{\"@id\":\"https:\\\/\\\/haberverkibris.com\\\/index.php\\\/2026\\\/04\\\/29\\\/kaleburnunda-ani-olum-91-yasindaki-sesli-hayatini-kaybetti\\\/#breadcrumb\"},\"inLanguage\":\"tr\",\"potentialAction\":[{\"@type\":\"ReadAction\",\"target\":[\"https:\\\/\\\/haberverkibris.com\\\/index.php\\\/2026\\\/04\\\/29\\\/kaleburnunda-ani-olum-91-yasindaki-sesli-hayatini-kaybetti\\\/\"]}]},{\"@type\":\"ImageObject\",\"inLanguage\":\"tr\",\"@id\":\"https:\\\/\\\/haberverkibris.com\\\/index.php\\\/2026\\\/04\\\/29\\\/kaleburnunda-ani-olum-91-yasindaki-sesli-hayatini-kaybetti\\\/#primaryimage\",\"url\":\"https:\\\/\\\/haberverkibris.com\\\/wp-content\\\/uploads\\\/2026\\\/04\\\/hayati.jpg\",\"contentUrl\":\"https:\\\/\\\/haberverkibris.com\\\/wp-content\\\/uploads\\\/2026\\\/04\\\/hayati.jpg\",\"width\":460,\"height\":276},{\"@type\":\"BreadcrumbList\",\"@id\":\"https:\\\/\\\/haberverkibris.com\\\/index.php\\\/2026\\\/04\\\/29\\\/kaleburnunda-ani-olum-91-yasindaki-sesli-hayatini-kaybetti\\\/#breadcrumb\",\"itemListElement\":[{\"@type\":\"ListItem\",\"position\":1,\"name\":\"Anasayfa\",\"item\":\"https:\\\/\\\/haberverkibris.com\\\/\"},{\"@type\":\"ListItem\",\"position\":2,\"name\":\"Kaleburnu\u2019nda ani \u00f6l\u00fcm\u2026 91 ya\u015f\u0131ndaki Sesli hayat\u0131n\u0131 kaybetti\"}]},{\"@type\":\"WebSite\",\"@id\":\"https:\\\/\\\/haberverkibris.com\\\/#website\",\"url\":\"https:\\\/\\\/haberverkibris.com\\\/\",\"name\":\"Kuzeyin Sesi\",\"description\":\"Do\u011fru Haberin Adresi\",\"potentialAction\":[{\"@type\":\"SearchAction\",\"target\":{\"@type\":\"EntryPoint\",\"urlTemplate\":\"https:\\\/\\\/haberverkibris.com\\\/?s={search_term_string}\"},\"query-input\":{\"@type\":\"PropertyValueSpecification\",\"valueRequired\":true,\"valueName\":\"search_term_string\"}}],\"inLanguage\":\"tr\"},{\"@type\":\"Person\",\"@id\":\"https:\\\/\\\/haberverkibris.com\\\/#\\\/schema\\\/person\\\/29d65381ed43765483b5a185ded66a56\",\"name\":\"Haberver K\u0131br\u0131s\",\"image\":{\"@type\":\"ImageObject\",\"inLanguage\":\"tr\",\"@id\":\"https:\\\/\\\/secure.gravatar.com\\\/avatar\\\/bab33852abfd8b282518d6ed81826833d77c3c882d9ab608add591ccace47a44?s=96&d=mm&r=g\",\"url\":\"https:\\\/\\\/secure.gravatar.com\\\/avatar\\\/bab33852abfd8b282518d6ed81826833d77c3c882d9ab608add591ccace47a44?s=96&d=mm&r=g\",\"contentUrl\":\"https:\\\/\\\/secure.gravatar.com\\\/avatar\\\/bab33852abfd8b282518d6ed81826833d77c3c882d9ab608add591ccace47a44?s=96&d=mm&r=g\",\"caption\":\"Haberver K\u0131br\u0131s\"},\"sameAs\":[\"https:\\\/\\\/haberverkibris.com\"],\"url\":\"https:\\\/\\\/haberverkibris.com\\\/index.php\\\/author\\\/guven\\\/\"}]}<\/script>\n<!-- \/ Yoast SEO plugin. -->","yoast_head_json":{"title":"Kaleburnu\u2019nda ani \u00f6l\u00fcm\u2026 91 ya\u015f\u0131ndaki Sesli hayat\u0131n\u0131 kaybetti - Haber Ver K\u0131br\u0131s","robots":{"index":"index","follow":"follow","max-snippet":"max-snippet:-1","max-image-preview":"max-image-preview:large","max-video-preview":"max-video-preview:-1"},"canonical":"https:\/\/haberverkibris.com\/index.php\/2026\/04\/29\/kaleburnunda-ani-olum-91-yasindaki-sesli-hayatini-kaybetti\/","og_locale":"tr_TR","og_type":"article","og_title":"Kaleburnu\u2019nda ani \u00f6l\u00fcm\u2026 91 ya\u015f\u0131ndaki Sesli hayat\u0131n\u0131 kaybetti - Haber Ver K\u0131br\u0131s","og_description":"Kaleburnu\u2019nda ya\u015fayan 91 ya\u015f\u0131ndaki Hamza Sesli, d\u00fcn ak\u015fam evinde aniden rahats\u0131zlanarak ya\u015fam\u0131n\u0131 yitirdi. Polisten verilen bilgiye g\u00f6re, Sesli\u2019nin cans\u0131z bedeni \u00fczerinde g\u00f6revli doktor taraf\u0131ndan yap\u0131lan fiziki muayenede, darp veya cebir izine rastlanmad\u0131. Sesli\u2019nin \u00f6l\u00fcm sebebi, otopsinin ard\u0131ndan tespit edilecek.","og_url":"https:\/\/haberverkibris.com\/index.php\/2026\/04\/29\/kaleburnunda-ani-olum-91-yasindaki-sesli-hayatini-kaybetti\/","og_site_name":"Haber Ver K\u0131br\u0131s","article_publisher":"https:\/\/www.facebook.com\/kuzeyinsesii","article_published_time":"2026-04-29T10:28:32+00:00","article_modified_time":"2026-04-29T10:28:44+00:00","og_image":[{"width":460,"height":276,"url":"https:\/\/haberverkibris.com\/wp-content\/uploads\/2026\/04\/hayati.jpg","type":"image\/jpeg"}],"author":"Haberver K\u0131br\u0131s","twitter_card":"summary_large_image","twitter_creator":"@kuzeyinsesii","twitter_site":"@kuzeyinsesii","twitter_misc":{"Yazan:":"Haberver K\u0131br\u0131s"},"schema":{"@context":"https:\/\/schema.org","@graph":[{"@type":"Article","@id":"https:\/\/haberverkibris.com\/index.php\/2026\/04\/29\/kaleburnunda-ani-olum-91-yasindaki-sesli-hayatini-kaybetti\/#article","isPartOf":{"@id":"https:\/\/haberverkibris.com\/index.php\/2026\/04\/29\/kaleburnunda-ani-olum-91-yasindaki-sesli-hayatini-kaybetti\/"},"author":{"name":"Haberver K\u0131br\u0131s","@id":"https:\/\/haberverkibris.com\/#\/schema\/person\/29d65381ed43765483b5a185ded66a56"},"headline":"Kaleburnu\u2019nda ani \u00f6l\u00fcm\u2026 91 ya\u015f\u0131ndaki Sesli hayat\u0131n\u0131 kaybetti","datePublished":"2026-04-29T10:28:32+00:00","dateModified":"2026-04-29T10:28:44+00:00","mainEntityOfPage":{"@id":"https:\/\/haberverkibris.com\/index.php\/2026\/04\/29\/kaleburnunda-ani-olum-91-yasindaki-sesli-hayatini-kaybetti\/"},"wordCount":66,"commentCount":0,"image":{"@id":"https:\/\/haberverkibris.com\/index.php\/2026\/04\/29\/kaleburnunda-ani-olum-91-yasindaki-sesli-hayatini-kaybetti\/#primaryimage"},"thumbnailUrl":"https:\/\/haberverkibris.com\/wp-content\/uploads\/2026\/04\/hayati.jpg","articleSection":["K\u0131br\u0131s"],"inLanguage":"tr","potentialAction":[{"@type":"CommentAction","name":"Comment","target":["https:\/\/haberverkibris.com\/index.php\/2026\/04\/29\/kaleburnunda-ani-olum-91-yasindaki-sesli-hayatini-kaybetti\/#respond"]}]},{"@type":"WebPage","@id":"https:\/\/haberverkibris.com\/index.php\/2026\/04\/29\/kaleburnunda-ani-olum-91-yasindaki-sesli-hayatini-kaybetti\/","url":"https:\/\/haberverkibris.com\/index.php\/2026\/04\/29\/kaleburnunda-ani-olum-91-yasindaki-sesli-hayatini-kaybetti\/","name":"Kaleburnu\u2019nda ani \u00f6l\u00fcm\u2026 91 ya\u015f\u0131ndaki Sesli hayat\u0131n\u0131 kaybetti - Haber Ver K\u0131br\u0131s","isPartOf":{"@id":"https:\/\/haberverkibris.com\/#website"},"primaryImageOfPage":{"@id":"https:\/\/haberverkibris.com\/index.php\/2026\/04\/29\/kaleburnunda-ani-olum-91-yasindaki-sesli-hayatini-kaybetti\/#primaryimage"},"image":{"@id":"https:\/\/haberverkibris.com\/index.php\/2026\/04\/29\/kaleburnunda-ani-olum-91-yasindaki-sesli-hayatini-kaybetti\/#primaryimage"},"thumbnailUrl":"https:\/\/haberverkibris.com\/wp-content\/uploads\/2026\/04\/hayati.jpg","datePublished":"2026-04-29T10:28:32+00:00","dateModified":"2026-04-29T10:28:44+00:00","author":{"@id":"https:\/\/haberverkibris.com\/#\/schema\/person\/29d65381ed43765483b5a185ded66a56"},"breadcrumb":{"@id":"https:\/\/haberverkibris.com\/index.php\/2026\/04\/29\/kaleburnunda-ani-olum-91-yasindaki-sesli-hayatini-kaybetti\/#breadcrumb"},"inLanguage":"tr","potentialAction":[{"@type":"ReadAction","target":["https:\/\/haberverkibris.com\/index.php\/2026\/04\/29\/kaleburnunda-ani-olum-91-yasindaki-sesli-hayatini-kaybetti\/"]}]},{"@type":"ImageObject","inLanguage":"tr","@id":"https:\/\/haberverkibris.com\/index.php\/2026\/04\/29\/kaleburnunda-ani-olum-91-yasindaki-sesli-hayatini-kaybetti\/#primaryimage","url":"https:\/\/haberverkibris.com\/wp-content\/uploads\/2026\/04\/hayati.jpg","contentUrl":"https:\/\/haberverkibris.com\/wp-content\/uploads\/2026\/04\/hayati.jpg","width":460,"height":276},{"@type":"BreadcrumbList","@id":"https:\/\/haberverkibris.com\/index.php\/2026\/04\/29\/kaleburnunda-ani-olum-91-yasindaki-sesli-hayatini-kaybetti\/#breadcrumb","itemListElement":[{"@type":"ListItem","position":1,"name":"Anasayfa","item":"https:\/\/haberverkibris.com\/"},{"@type":"ListItem","position":2,"name":"Kaleburnu\u2019nda ani \u00f6l\u00fcm\u2026 91 ya\u015f\u0131ndaki Sesli hayat\u0131n\u0131 kaybetti"}]},{"@type":"WebSite","@id":"https:\/\/haberverkibris.com\/#website","url":"https:\/\/haberverkibris.com\/","name":"Kuzeyin Sesi","description":"Do\u011fru Haberin Adresi","potentialAction":[{"@type":"SearchAction","target":{"@type":"EntryPoint","urlTemplate":"https:\/\/haberverkibris.com\/?s={search_term_string}"},"query-input":{"@type":"PropertyValueSpecification","valueRequired":true,"valueName":"search_term_string"}}],"inLanguage":"tr"},{"@type":"Person","@id":"https:\/\/haberverkibris.com\/#\/schema\/person\/29d65381ed43765483b5a185ded66a56","name":"Haberver K\u0131br\u0131s","image":{"@type":"ImageObject","inLanguage":"tr","@id":"https:\/\/secure.gravatar.com\/avatar\/bab33852abfd8b282518d6ed81826833d77c3c882d9ab608add591ccace47a44?s=96&d=mm&r=g","url":"https:\/\/secure.gravatar.com\/avatar\/bab33852abfd8b282518d6ed81826833d77c3c882d9ab608add591ccace47a44?s=96&d=mm&r=g","contentUrl":"https:\/\/secure.gravatar.com\/avatar\/bab33852abfd8b282518d6ed81826833d77c3c882d9ab608add591ccace47a44?s=96&d=mm&r=g","caption":"Haberver K\u0131br\u0131s"},"sameAs":["https:\/\/haberverkibris.com"],"url":"https:\/\/haberverkibris.com\/index.php\/author\/guven\/"}]}},"_links":{"self":[{"href":"https:\/\/haberverkibris.com\/index.php\/wp-json\/wp\/v2\/posts\/34420","targetHints":{"allow":["GET"]}}],"collection":[{"href":"https:\/\/haberverkibris.com\/index.php\/wp-json\/wp\/v2\/posts"}],"about":[{"href":"https:\/\/haberverkibris.com\/index.php\/wp-json\/wp\/v2\/types\/post"}],"author":[{"embeddable":true,"href":"https:\/\/haberverkibris.com\/index.php\/wp-json\/wp\/v2\/users\/1"}],"replies":[{"embeddable":true,"href":"https:\/\/haberverkibris.com\/index.php\/wp-json\/wp\/v2\/comments?post=34420"}],"version-history":[{"count":1,"href":"https:\/\/haberverkibris.com\/index.php\/wp-json\/wp\/v2\/posts\/34420\/revisions"}],"predecessor-version":[{"id":34422,"href":"https:\/\/haberverkibris.com\/index.php\/wp-json\/wp\/v2\/posts\/34420\/revisions\/34422"}],"wp:featuredmedia":[{"embeddable":true,"href":"https:\/\/haberverkibris.com\/index.php\/wp-json\/wp\/v2\/media\/34421"}],"wp:attachment":[{"href":"https:\/\/haberverkibris.com\/index.php\/wp-json\/wp\/v2\/media?parent=34420"}],"wp:term":[{"taxonomy":"category","embeddable":true,"href":"https:\/\/haberverkibris.com\/index.php\/wp-json\/wp\/v2\/categories?post=34420"},{"taxonomy":"post_tag","embeddable":true,"href":"https:\/\/haberverkibris.com\/index.php\/wp-json\/wp\/v2\/tags?post=34420"}],"curies":[{"name":"wp","href":"https:\/\/api.w.org\/{rel}","templated":true}]}}