{"id":34417,"date":"2026-04-29T13:11:37","date_gmt":"2026-04-29T10:11:37","guid":{"rendered":"https:\/\/haberverkibris.com\/index.php\/2026\/04\/29\/gecitkalede-bes-saatlik-elektrik-kesintisi\/"},"modified":"2026-04-29T13:11:50","modified_gmt":"2026-04-29T10:11:50","slug":"gecitkalede-bes-saatlik-elektrik-kesintisi","status":"publish","type":"post","link":"https:\/\/haberverkibris.com\/index.php\/2026\/04\/29\/gecitkalede-bes-saatlik-elektrik-kesintisi\/","title":{"rendered":"Ge\u00e7itkale\u2019de be\u015f saatlik elektrik kesintisi"},"content":{"rendered":"<p style=\"font-weight: 300\"><span style=\"font-weight: 300 !important\">K\u0131br\u0131s T\u00fcrk Elektrik Kurumu (K\u0131b-Tek), yar\u0131n Ge\u00e7itkale b\u00f6lgesinde be\u015f saatlik elektrik kesintisi yap\u0131laca\u011f\u0131n\u0131 duyurdu.<\/span><\/p>\n<p style=\"font-weight: 300\"><span style=\"font-weight: 300 !important\">K\u0131b-Tek\u2019ten verilen bilgiye g\u00f6re, Ge\u00e7itkale Trafo Merkezi&#8217;nde yap\u0131lacak y\u0131ll\u0131k bak\u0131m \u00e7al\u0131\u015fmas\u0131 nedeniyle yar\u0131n 10.00 ile 15.00 saatleri aras\u0131nda elektrik kesintisi yap\u0131lacak b\u00f6lgeler \u015f\u00f6yle:<\/span><\/p>\n<p style=\"font-weight: 300\"><span style=\"font-weight: 300 !important\">\u201cAkova, Y\u0131ld\u0131r\u0131m, Akova A\u011f\u0131llar, Cemer Su, Bo\u011fazi\u00e7i, S\u0131n\u0131r\u00fcst\u00fc, \u00d6t\u00fcken, Ayg\u00fcn, Kuzucuk, Alani\u00e7i, Alani\u00e7i A\u011f\u0131llar, D\u00f6rtyol, Korkuteli, D\u00f6rtyol A\u011f\u0131llar B\u00f6lgesi, Pirhan, \u0130n\u00f6n\u00fc, \u0130n\u00f6n\u00fc A\u011f\u0131llar, Murata\u011fa, Y\u0131ld\u0131r\u0131m \u00e7\u0131k\u0131\u015f\u0131 seralar b\u00f6lgesi ve A\u011f\u0131llar, S\u00fctl\u00fcce, P\u0131narl\u0131, Uluk\u0131\u015fla, Nergisli, Aslank\u00f6y, Onalt tesisleri, Aslank\u00f6y askeri tesisler , Uluk\u0131\u015fla ve askeri tesisler, G\u00f6nendere, Tirmen, Tirmen i\u00e7me suyu pompas\u0131 ve Ergenekon, Ge\u00e7itkale, Ge\u00e7itkale A\u011f\u0131llar ve \u00c7aml\u0131ca.\u201d<\/span><\/p>\n","protected":false},"excerpt":{"rendered":"<p>K\u0131br\u0131s T\u00fcrk Elektrik Kurumu (K\u0131b-Tek), yar\u0131n Ge\u00e7itkale b\u00f6lgesinde be\u015f saatlik elektrik kesintisi yap\u0131laca\u011f\u0131n\u0131 duyurdu. K\u0131b-Tek\u2019ten verilen bilgiye g\u00f6re, Ge\u00e7itkale Trafo Merkezi&#8217;nde yap\u0131lacak y\u0131ll\u0131k bak\u0131m \u00e7al\u0131\u015fmas\u0131 nedeniyle yar\u0131n 10.00 ile 15.00 saatleri aras\u0131nda elektrik kesintisi yap\u0131lacak b\u00f6lgeler \u015f\u00f6yle: \u201cAkova, Y\u0131ld\u0131r\u0131m, Akova A\u011f\u0131llar, Cemer Su, Bo\u011fazi\u00e7i, S\u0131n\u0131r\u00fcst\u00fc, \u00d6t\u00fcken, Ayg\u00fcn, Kuzucuk, Alani\u00e7i, Alani\u00e7i A\u011f\u0131llar, D\u00f6rtyol, Korkuteli, D\u00f6rtyol A\u011f\u0131llar [&hellip;]<\/p>\n","protected":false},"author":1,"featured_media":34418,"comment_status":"open","ping_status":"open","sticky":false,"template":"","format":"standard","meta":{"jnews-multi-image_gallery":[],"jnews_single_post":[],"jnews_primary_category":[],"jnews_social_meta":[],"jnews_override_counter":[],"footnotes":""},"categories":[1],"tags":[],"class_list":["post-34417","post","type-post","status-publish","format-standard","has-post-thumbnail","hentry","category-kibris"],"yoast_head":"<!-- This site is optimized with the Yoast SEO plugin v27.5 - https:\/\/yoast.com\/product\/yoast-seo-wordpress\/ -->\n<title>Ge\u00e7itkale\u2019de be\u015f saatlik elektrik kesintisi - Haber Ver K\u0131br\u0131s<\/title>\n<meta name=\"robots\" content=\"index, follow, max-snippet:-1, max-image-preview:large, max-video-preview:-1\" \/>\n<link rel=\"canonical\" href=\"https:\/\/haberverkibris.com\/index.php\/2026\/04\/29\/gecitkalede-bes-saatlik-elektrik-kesintisi\/\" \/>\n<meta property=\"og:locale\" content=\"tr_TR\" \/>\n<meta property=\"og:type\" content=\"article\" \/>\n<meta property=\"og:title\" content=\"Ge\u00e7itkale\u2019de be\u015f saatlik elektrik kesintisi - Haber Ver K\u0131br\u0131s\" \/>\n<meta property=\"og:description\" content=\"K\u0131br\u0131s T\u00fcrk Elektrik Kurumu (K\u0131b-Tek), yar\u0131n Ge\u00e7itkale b\u00f6lgesinde be\u015f saatlik elektrik kesintisi yap\u0131laca\u011f\u0131n\u0131 duyurdu. K\u0131b-Tek\u2019ten verilen bilgiye g\u00f6re, Ge\u00e7itkale Trafo Merkezi&#8217;nde yap\u0131lacak y\u0131ll\u0131k bak\u0131m \u00e7al\u0131\u015fmas\u0131 nedeniyle yar\u0131n 10.00 ile 15.00 saatleri aras\u0131nda elektrik kesintisi yap\u0131lacak b\u00f6lgeler \u015f\u00f6yle: \u201cAkova, Y\u0131ld\u0131r\u0131m, Akova A\u011f\u0131llar, Cemer Su, Bo\u011fazi\u00e7i, S\u0131n\u0131r\u00fcst\u00fc, \u00d6t\u00fcken, Ayg\u00fcn, Kuzucuk, Alani\u00e7i, Alani\u00e7i A\u011f\u0131llar, D\u00f6rtyol, Korkuteli, D\u00f6rtyol A\u011f\u0131llar [&hellip;]\" \/>\n<meta property=\"og:url\" content=\"https:\/\/haberverkibris.com\/index.php\/2026\/04\/29\/gecitkalede-bes-saatlik-elektrik-kesintisi\/\" \/>\n<meta property=\"og:site_name\" content=\"Haber Ver K\u0131br\u0131s\" \/>\n<meta property=\"article:publisher\" content=\"https:\/\/www.facebook.com\/kuzeyinsesii\" \/>\n<meta property=\"article:published_time\" content=\"2026-04-29T10:11:37+00:00\" \/>\n<meta property=\"article:modified_time\" content=\"2026-04-29T10:11:50+00:00\" \/>\n<meta property=\"og:image\" content=\"https:\/\/haberverkibris.com\/wp-content\/uploads\/2026\/04\/elk.jpg\" \/>\n\t<meta property=\"og:image:width\" content=\"706\" \/>\n\t<meta property=\"og:image:height\" content=\"431\" \/>\n\t<meta property=\"og:image:type\" content=\"image\/jpeg\" \/>\n<meta name=\"author\" content=\"Haberver K\u0131br\u0131s\" \/>\n<meta name=\"twitter:card\" content=\"summary_large_image\" \/>\n<meta name=\"twitter:creator\" content=\"@kuzeyinsesii\" \/>\n<meta name=\"twitter:site\" content=\"@kuzeyinsesii\" \/>\n<meta name=\"twitter:label1\" content=\"Yazan:\" \/>\n\t<meta name=\"twitter:data1\" content=\"Haberver K\u0131br\u0131s\" \/>\n\t<meta name=\"twitter:label2\" content=\"Tahmini okuma s\u00fcresi\" \/>\n\t<meta name=\"twitter:data2\" content=\"1 dakika\" \/>\n<script type=\"application\/ld+json\" class=\"yoast-schema-graph\">{\"@context\":\"https:\\\/\\\/schema.org\",\"@graph\":[{\"@type\":\"Article\",\"@id\":\"https:\\\/\\\/haberverkibris.com\\\/index.php\\\/2026\\\/04\\\/29\\\/gecitkalede-bes-saatlik-elektrik-kesintisi\\\/#article\",\"isPartOf\":{\"@id\":\"https:\\\/\\\/haberverkibris.com\\\/index.php\\\/2026\\\/04\\\/29\\\/gecitkalede-bes-saatlik-elektrik-kesintisi\\\/\"},\"author\":{\"name\":\"Haberver K\u0131br\u0131s\",\"@id\":\"https:\\\/\\\/haberverkibris.com\\\/#\\\/schema\\\/person\\\/29d65381ed43765483b5a185ded66a56\"},\"headline\":\"Ge\u00e7itkale\u2019de be\u015f saatlik elektrik kesintisi\",\"datePublished\":\"2026-04-29T10:11:37+00:00\",\"dateModified\":\"2026-04-29T10:11:50+00:00\",\"mainEntityOfPage\":{\"@id\":\"https:\\\/\\\/haberverkibris.com\\\/index.php\\\/2026\\\/04\\\/29\\\/gecitkalede-bes-saatlik-elektrik-kesintisi\\\/\"},\"wordCount\":162,\"commentCount\":0,\"image\":{\"@id\":\"https:\\\/\\\/haberverkibris.com\\\/index.php\\\/2026\\\/04\\\/29\\\/gecitkalede-bes-saatlik-elektrik-kesintisi\\\/#primaryimage\"},\"thumbnailUrl\":\"https:\\\/\\\/haberverkibris.com\\\/wp-content\\\/uploads\\\/2026\\\/04\\\/elk.jpg\",\"articleSection\":[\"K\u0131br\u0131s\"],\"inLanguage\":\"tr\",\"potentialAction\":[{\"@type\":\"CommentAction\",\"name\":\"Comment\",\"target\":[\"https:\\\/\\\/haberverkibris.com\\\/index.php\\\/2026\\\/04\\\/29\\\/gecitkalede-bes-saatlik-elektrik-kesintisi\\\/#respond\"]}]},{\"@type\":\"WebPage\",\"@id\":\"https:\\\/\\\/haberverkibris.com\\\/index.php\\\/2026\\\/04\\\/29\\\/gecitkalede-bes-saatlik-elektrik-kesintisi\\\/\",\"url\":\"https:\\\/\\\/haberverkibris.com\\\/index.php\\\/2026\\\/04\\\/29\\\/gecitkalede-bes-saatlik-elektrik-kesintisi\\\/\",\"name\":\"Ge\u00e7itkale\u2019de be\u015f saatlik elektrik kesintisi - Haber Ver K\u0131br\u0131s\",\"isPartOf\":{\"@id\":\"https:\\\/\\\/haberverkibris.com\\\/#website\"},\"primaryImageOfPage\":{\"@id\":\"https:\\\/\\\/haberverkibris.com\\\/index.php\\\/2026\\\/04\\\/29\\\/gecitkalede-bes-saatlik-elektrik-kesintisi\\\/#primaryimage\"},\"image\":{\"@id\":\"https:\\\/\\\/haberverkibris.com\\\/index.php\\\/2026\\\/04\\\/29\\\/gecitkalede-bes-saatlik-elektrik-kesintisi\\\/#primaryimage\"},\"thumbnailUrl\":\"https:\\\/\\\/haberverkibris.com\\\/wp-content\\\/uploads\\\/2026\\\/04\\\/elk.jpg\",\"datePublished\":\"2026-04-29T10:11:37+00:00\",\"dateModified\":\"2026-04-29T10:11:50+00:00\",\"author\":{\"@id\":\"https:\\\/\\\/haberverkibris.com\\\/#\\\/schema\\\/person\\\/29d65381ed43765483b5a185ded66a56\"},\"breadcrumb\":{\"@id\":\"https:\\\/\\\/haberverkibris.com\\\/index.php\\\/2026\\\/04\\\/29\\\/gecitkalede-bes-saatlik-elektrik-kesintisi\\\/#breadcrumb\"},\"inLanguage\":\"tr\",\"potentialAction\":[{\"@type\":\"ReadAction\",\"target\":[\"https:\\\/\\\/haberverkibris.com\\\/index.php\\\/2026\\\/04\\\/29\\\/gecitkalede-bes-saatlik-elektrik-kesintisi\\\/\"]}]},{\"@type\":\"ImageObject\",\"inLanguage\":\"tr\",\"@id\":\"https:\\\/\\\/haberverkibris.com\\\/index.php\\\/2026\\\/04\\\/29\\\/gecitkalede-bes-saatlik-elektrik-kesintisi\\\/#primaryimage\",\"url\":\"https:\\\/\\\/haberverkibris.com\\\/wp-content\\\/uploads\\\/2026\\\/04\\\/elk.jpg\",\"contentUrl\":\"https:\\\/\\\/haberverkibris.com\\\/wp-content\\\/uploads\\\/2026\\\/04\\\/elk.jpg\",\"width\":706,\"height\":431},{\"@type\":\"BreadcrumbList\",\"@id\":\"https:\\\/\\\/haberverkibris.com\\\/index.php\\\/2026\\\/04\\\/29\\\/gecitkalede-bes-saatlik-elektrik-kesintisi\\\/#breadcrumb\",\"itemListElement\":[{\"@type\":\"ListItem\",\"position\":1,\"name\":\"Anasayfa\",\"item\":\"https:\\\/\\\/haberverkibris.com\\\/\"},{\"@type\":\"ListItem\",\"position\":2,\"name\":\"Ge\u00e7itkale\u2019de be\u015f saatlik elektrik kesintisi\"}]},{\"@type\":\"WebSite\",\"@id\":\"https:\\\/\\\/haberverkibris.com\\\/#website\",\"url\":\"https:\\\/\\\/haberverkibris.com\\\/\",\"name\":\"Kuzeyin Sesi\",\"description\":\"Do\u011fru Haberin Adresi\",\"potentialAction\":[{\"@type\":\"SearchAction\",\"target\":{\"@type\":\"EntryPoint\",\"urlTemplate\":\"https:\\\/\\\/haberverkibris.com\\\/?s={search_term_string}\"},\"query-input\":{\"@type\":\"PropertyValueSpecification\",\"valueRequired\":true,\"valueName\":\"search_term_string\"}}],\"inLanguage\":\"tr\"},{\"@type\":\"Person\",\"@id\":\"https:\\\/\\\/haberverkibris.com\\\/#\\\/schema\\\/person\\\/29d65381ed43765483b5a185ded66a56\",\"name\":\"Haberver K\u0131br\u0131s\",\"image\":{\"@type\":\"ImageObject\",\"inLanguage\":\"tr\",\"@id\":\"https:\\\/\\\/secure.gravatar.com\\\/avatar\\\/bab33852abfd8b282518d6ed81826833d77c3c882d9ab608add591ccace47a44?s=96&d=mm&r=g\",\"url\":\"https:\\\/\\\/secure.gravatar.com\\\/avatar\\\/bab33852abfd8b282518d6ed81826833d77c3c882d9ab608add591ccace47a44?s=96&d=mm&r=g\",\"contentUrl\":\"https:\\\/\\\/secure.gravatar.com\\\/avatar\\\/bab33852abfd8b282518d6ed81826833d77c3c882d9ab608add591ccace47a44?s=96&d=mm&r=g\",\"caption\":\"Haberver K\u0131br\u0131s\"},\"sameAs\":[\"https:\\\/\\\/haberverkibris.com\"],\"url\":\"https:\\\/\\\/haberverkibris.com\\\/index.php\\\/author\\\/guven\\\/\"}]}<\/script>\n<!-- \/ Yoast SEO plugin. -->","yoast_head_json":{"title":"Ge\u00e7itkale\u2019de be\u015f saatlik elektrik kesintisi - Haber Ver K\u0131br\u0131s","robots":{"index":"index","follow":"follow","max-snippet":"max-snippet:-1","max-image-preview":"max-image-preview:large","max-video-preview":"max-video-preview:-1"},"canonical":"https:\/\/haberverkibris.com\/index.php\/2026\/04\/29\/gecitkalede-bes-saatlik-elektrik-kesintisi\/","og_locale":"tr_TR","og_type":"article","og_title":"Ge\u00e7itkale\u2019de be\u015f saatlik elektrik kesintisi - Haber Ver K\u0131br\u0131s","og_description":"K\u0131br\u0131s T\u00fcrk Elektrik Kurumu (K\u0131b-Tek), yar\u0131n Ge\u00e7itkale b\u00f6lgesinde be\u015f saatlik elektrik kesintisi yap\u0131laca\u011f\u0131n\u0131 duyurdu. K\u0131b-Tek\u2019ten verilen bilgiye g\u00f6re, Ge\u00e7itkale Trafo Merkezi&#8217;nde yap\u0131lacak y\u0131ll\u0131k bak\u0131m \u00e7al\u0131\u015fmas\u0131 nedeniyle yar\u0131n 10.00 ile 15.00 saatleri aras\u0131nda elektrik kesintisi yap\u0131lacak b\u00f6lgeler \u015f\u00f6yle: \u201cAkova, Y\u0131ld\u0131r\u0131m, Akova A\u011f\u0131llar, Cemer Su, Bo\u011fazi\u00e7i, S\u0131n\u0131r\u00fcst\u00fc, \u00d6t\u00fcken, Ayg\u00fcn, Kuzucuk, Alani\u00e7i, Alani\u00e7i A\u011f\u0131llar, D\u00f6rtyol, Korkuteli, D\u00f6rtyol A\u011f\u0131llar [&hellip;]","og_url":"https:\/\/haberverkibris.com\/index.php\/2026\/04\/29\/gecitkalede-bes-saatlik-elektrik-kesintisi\/","og_site_name":"Haber Ver K\u0131br\u0131s","article_publisher":"https:\/\/www.facebook.com\/kuzeyinsesii","article_published_time":"2026-04-29T10:11:37+00:00","article_modified_time":"2026-04-29T10:11:50+00:00","og_image":[{"width":706,"height":431,"url":"https:\/\/haberverkibris.com\/wp-content\/uploads\/2026\/04\/elk.jpg","type":"image\/jpeg"}],"author":"Haberver K\u0131br\u0131s","twitter_card":"summary_large_image","twitter_creator":"@kuzeyinsesii","twitter_site":"@kuzeyinsesii","twitter_misc":{"Yazan:":"Haberver K\u0131br\u0131s","Tahmini okuma s\u00fcresi":"1 dakika"},"schema":{"@context":"https:\/\/schema.org","@graph":[{"@type":"Article","@id":"https:\/\/haberverkibris.com\/index.php\/2026\/04\/29\/gecitkalede-bes-saatlik-elektrik-kesintisi\/#article","isPartOf":{"@id":"https:\/\/haberverkibris.com\/index.php\/2026\/04\/29\/gecitkalede-bes-saatlik-elektrik-kesintisi\/"},"author":{"name":"Haberver K\u0131br\u0131s","@id":"https:\/\/haberverkibris.com\/#\/schema\/person\/29d65381ed43765483b5a185ded66a56"},"headline":"Ge\u00e7itkale\u2019de be\u015f saatlik elektrik kesintisi","datePublished":"2026-04-29T10:11:37+00:00","dateModified":"2026-04-29T10:11:50+00:00","mainEntityOfPage":{"@id":"https:\/\/haberverkibris.com\/index.php\/2026\/04\/29\/gecitkalede-bes-saatlik-elektrik-kesintisi\/"},"wordCount":162,"commentCount":0,"image":{"@id":"https:\/\/haberverkibris.com\/index.php\/2026\/04\/29\/gecitkalede-bes-saatlik-elektrik-kesintisi\/#primaryimage"},"thumbnailUrl":"https:\/\/haberverkibris.com\/wp-content\/uploads\/2026\/04\/elk.jpg","articleSection":["K\u0131br\u0131s"],"inLanguage":"tr","potentialAction":[{"@type":"CommentAction","name":"Comment","target":["https:\/\/haberverkibris.com\/index.php\/2026\/04\/29\/gecitkalede-bes-saatlik-elektrik-kesintisi\/#respond"]}]},{"@type":"WebPage","@id":"https:\/\/haberverkibris.com\/index.php\/2026\/04\/29\/gecitkalede-bes-saatlik-elektrik-kesintisi\/","url":"https:\/\/haberverkibris.com\/index.php\/2026\/04\/29\/gecitkalede-bes-saatlik-elektrik-kesintisi\/","name":"Ge\u00e7itkale\u2019de be\u015f saatlik elektrik kesintisi - Haber Ver K\u0131br\u0131s","isPartOf":{"@id":"https:\/\/haberverkibris.com\/#website"},"primaryImageOfPage":{"@id":"https:\/\/haberverkibris.com\/index.php\/2026\/04\/29\/gecitkalede-bes-saatlik-elektrik-kesintisi\/#primaryimage"},"image":{"@id":"https:\/\/haberverkibris.com\/index.php\/2026\/04\/29\/gecitkalede-bes-saatlik-elektrik-kesintisi\/#primaryimage"},"thumbnailUrl":"https:\/\/haberverkibris.com\/wp-content\/uploads\/2026\/04\/elk.jpg","datePublished":"2026-04-29T10:11:37+00:00","dateModified":"2026-04-29T10:11:50+00:00","author":{"@id":"https:\/\/haberverkibris.com\/#\/schema\/person\/29d65381ed43765483b5a185ded66a56"},"breadcrumb":{"@id":"https:\/\/haberverkibris.com\/index.php\/2026\/04\/29\/gecitkalede-bes-saatlik-elektrik-kesintisi\/#breadcrumb"},"inLanguage":"tr","potentialAction":[{"@type":"ReadAction","target":["https:\/\/haberverkibris.com\/index.php\/2026\/04\/29\/gecitkalede-bes-saatlik-elektrik-kesintisi\/"]}]},{"@type":"ImageObject","inLanguage":"tr","@id":"https:\/\/haberverkibris.com\/index.php\/2026\/04\/29\/gecitkalede-bes-saatlik-elektrik-kesintisi\/#primaryimage","url":"https:\/\/haberverkibris.com\/wp-content\/uploads\/2026\/04\/elk.jpg","contentUrl":"https:\/\/haberverkibris.com\/wp-content\/uploads\/2026\/04\/elk.jpg","width":706,"height":431},{"@type":"BreadcrumbList","@id":"https:\/\/haberverkibris.com\/index.php\/2026\/04\/29\/gecitkalede-bes-saatlik-elektrik-kesintisi\/#breadcrumb","itemListElement":[{"@type":"ListItem","position":1,"name":"Anasayfa","item":"https:\/\/haberverkibris.com\/"},{"@type":"ListItem","position":2,"name":"Ge\u00e7itkale\u2019de be\u015f saatlik elektrik kesintisi"}]},{"@type":"WebSite","@id":"https:\/\/haberverkibris.com\/#website","url":"https:\/\/haberverkibris.com\/","name":"Kuzeyin Sesi","description":"Do\u011fru Haberin Adresi","potentialAction":[{"@type":"SearchAction","target":{"@type":"EntryPoint","urlTemplate":"https:\/\/haberverkibris.com\/?s={search_term_string}"},"query-input":{"@type":"PropertyValueSpecification","valueRequired":true,"valueName":"search_term_string"}}],"inLanguage":"tr"},{"@type":"Person","@id":"https:\/\/haberverkibris.com\/#\/schema\/person\/29d65381ed43765483b5a185ded66a56","name":"Haberver K\u0131br\u0131s","image":{"@type":"ImageObject","inLanguage":"tr","@id":"https:\/\/secure.gravatar.com\/avatar\/bab33852abfd8b282518d6ed81826833d77c3c882d9ab608add591ccace47a44?s=96&d=mm&r=g","url":"https:\/\/secure.gravatar.com\/avatar\/bab33852abfd8b282518d6ed81826833d77c3c882d9ab608add591ccace47a44?s=96&d=mm&r=g","contentUrl":"https:\/\/secure.gravatar.com\/avatar\/bab33852abfd8b282518d6ed81826833d77c3c882d9ab608add591ccace47a44?s=96&d=mm&r=g","caption":"Haberver K\u0131br\u0131s"},"sameAs":["https:\/\/haberverkibris.com"],"url":"https:\/\/haberverkibris.com\/index.php\/author\/guven\/"}]}},"_links":{"self":[{"href":"https:\/\/haberverkibris.com\/index.php\/wp-json\/wp\/v2\/posts\/34417","targetHints":{"allow":["GET"]}}],"collection":[{"href":"https:\/\/haberverkibris.com\/index.php\/wp-json\/wp\/v2\/posts"}],"about":[{"href":"https:\/\/haberverkibris.com\/index.php\/wp-json\/wp\/v2\/types\/post"}],"author":[{"embeddable":true,"href":"https:\/\/haberverkibris.com\/index.php\/wp-json\/wp\/v2\/users\/1"}],"replies":[{"embeddable":true,"href":"https:\/\/haberverkibris.com\/index.php\/wp-json\/wp\/v2\/comments?post=34417"}],"version-history":[{"count":1,"href":"https:\/\/haberverkibris.com\/index.php\/wp-json\/wp\/v2\/posts\/34417\/revisions"}],"predecessor-version":[{"id":34419,"href":"https:\/\/haberverkibris.com\/index.php\/wp-json\/wp\/v2\/posts\/34417\/revisions\/34419"}],"wp:featuredmedia":[{"embeddable":true,"href":"https:\/\/haberverkibris.com\/index.php\/wp-json\/wp\/v2\/media\/34418"}],"wp:attachment":[{"href":"https:\/\/haberverkibris.com\/index.php\/wp-json\/wp\/v2\/media?parent=34417"}],"wp:term":[{"taxonomy":"category","embeddable":true,"href":"https:\/\/haberverkibris.com\/index.php\/wp-json\/wp\/v2\/categories?post=34417"},{"taxonomy":"post_tag","embeddable":true,"href":"https:\/\/haberverkibris.com\/index.php\/wp-json\/wp\/v2\/tags?post=34417"}],"curies":[{"name":"wp","href":"https:\/\/api.w.org\/{rel}","templated":true}]}}