{"id":34411,"date":"2026-04-29T12:58:59","date_gmt":"2026-04-29T09:58:59","guid":{"rendered":"https:\/\/haberverkibris.com\/index.php\/2026\/04\/29\/ustel-askeri-anlasmalarla-adayi-tehlikeye-atmaktan-ve-altindan-kalkamayacaginiz-adimlar-atmaktan-vazgecin\/"},"modified":"2026-04-29T12:59:12","modified_gmt":"2026-04-29T09:59:12","slug":"ustel-askeri-anlasmalarla-adayi-tehlikeye-atmaktan-ve-altindan-kalkamayacaginiz-adimlar-atmaktan-vazgecin","status":"publish","type":"post","link":"https:\/\/haberverkibris.com\/index.php\/2026\/04\/29\/ustel-askeri-anlasmalarla-adayi-tehlikeye-atmaktan-ve-altindan-kalkamayacaginiz-adimlar-atmaktan-vazgecin\/","title":{"rendered":"\u00dcstel: Askeri anla\u015fmalarla aday\u0131 tehlikeye atmaktan ve alt\u0131ndan kalkamayaca\u011f\u0131n\u0131z ad\u0131mlar atmaktan vazge\u00e7in"},"content":{"rendered":"<p data-start=\"81\" data-end=\"272\">Ba\u015fbakan\u0131 <span class=\"hover:entity-accent entity-underline inline cursor-pointer align-baseline\"><span class=\"whitespace-normal\">\u00dcnal \u00dcstel<\/span><\/span>, G\u00fcney K\u0131br\u0131s Rum Y\u00f6netimi\u2019nin yabanc\u0131 \u00fclkelerle yapt\u0131\u011f\u0131 askeri anla\u015fmalara ili\u015fkin a\u00e7\u0131klamalarda bulundu.<\/p>\n<p data-start=\"274\" data-end=\"507\">\u00dcstel, yaz\u0131l\u0131 a\u00e7\u0131klamas\u0131nda, G\u00fcney K\u0131br\u0131s Rum Y\u00f6netimi lideri <span class=\"hover:entity-accent entity-underline inline cursor-pointer align-baseline\"><span class=\"whitespace-normal\">Nikos Hristodulidis<\/span><\/span>\u2019in de\u011ferlendirmelerine tepki g\u00f6stererek, Rum taraf\u0131n\u0131n adadaki siyasi ve hukuki ger\u00e7ekleri g\u00f6rmezden gelmeye devam etti\u011fini belirtti.<\/p>\n<p data-start=\"509\" data-end=\"748\">Rum lider Hristodulidis\u2019in \u201cK\u0131br\u0131s Cumhuriyeti Ba\u015fkan\u0131y\u0131m, anla\u015fmalar yapmaya devam edece\u011fiz\u201d y\u00f6n\u00fcndeki ifadelerini ele\u015ftiren \u00dcstel, bu yakla\u015f\u0131m\u0131n K\u0131br\u0131s T\u00fcrk halk\u0131n\u0131n kurucu ortakl\u0131k haklar\u0131n\u0131 ve siyasi e\u015fitli\u011fini yok sayd\u0131\u011f\u0131n\u0131 vurgulad\u0131.<\/p>\n<p>\u00dcstel&#8217;in a\u00e7\u0131klamas\u0131 \u015f\u00f6yle:<\/p>\n<p>&nbsp;<\/p>\n<blockquote>\n<p>&#8220;G\u00fcney K\u0131br\u0131s Rum Y\u00f6netimi lideri Nikos Hristodulidis\u2019in, G\u00fcney K\u0131br\u0131s\u2019\u0131n Fransa ba\u015fta olmak \u00fczere yabanc\u0131 devletlerle yapt\u0131\u011f\u0131 tek tarafl\u0131 askeri anla\u015fmalara y\u00f6nelik hakl\u0131 ele\u015ftirilerimize verdi\u011fi yan\u0131t, Rum taraf\u0131n\u0131n adadaki siyasi ve hukuki ger\u00e7ekleri kabullenmekten ne denli uzak oldu\u011funu bir kez daha ortaya koymu\u015ftur.<\/p>\n<p>&nbsp;<\/p>\n<p>Hristodulidis\u2019in, \u201cBen K\u0131br\u0131s Cumhuriyeti Ba\u015fkan\u0131y\u0131m. Art\u0131k herkesin bunu anlamas\u0131n\u0131n vakti geldi. Avrupa Birli\u011fi \u00fcyesi bir devletiz, Birle\u015fmi\u015f Milletler \u00fcyesi bir devletiz ve anla\u015fmalar imzalamaya devam edece\u011fiz\u201d \u015feklindeki a\u00e7\u0131klamas\u0131; K\u0131br\u0131s T\u00fcrk halk\u0131n\u0131n kurucu ortakl\u0131k haklar\u0131n\u0131 ve siyasi e\u015fitli\u011fini yok sayan zihniyetin devam etti\u011finin a\u00e7\u0131k bir ifadesidir.<\/p>\n<p>&nbsp;<\/p>\n<p>\u00d6ncelikle bilinmelidir ki; 1960 y\u0131l\u0131nda kurulan K\u0131br\u0131s Cumhuriyeti, K\u0131br\u0131s T\u00fcrk halk\u0131 ile K\u0131br\u0131s Rum halk\u0131n\u0131n e\u015fit ortakl\u0131\u011f\u0131 temelinde tesis edilmi\u015ftir. Bu ortakl\u0131k; Garanti Anla\u015fmas\u0131, \u0130ttifak Anla\u015fmas\u0131 ve anayasal d\u00fczenlemelerle g\u00fcvence alt\u0131na al\u0131nm\u0131\u015ft\u0131r. Ancak Rum taraf\u0131, 1963 y\u0131l\u0131nda K\u0131br\u0131s T\u00fcrk halk\u0131n\u0131 devlet kurumlar\u0131ndan silah zoruyla d\u0131\u015flayarak bu ortakl\u0131k d\u00fczenini, gasp ve i\u015fgal ederek, fiilen ortadan kald\u0131rm\u0131\u015f; ard\u0131ndan da tek me\u015fru otoriteymi\u015f gibi davranmaya ba\u015flam\u0131\u015ft\u0131r.<\/p>\n<p>&nbsp;<\/p>\n<p>Dolay\u0131s\u0131yla Hristodulidis\u2019in temsil etti\u011fini iddia etti\u011fi yap\u0131, K\u0131br\u0131s Cumhuriyeti\u2019nin kurucu ortakl\u0131k niteli\u011fini yitirmi\u015f bir yap\u0131d\u0131r.<\/p>\n<p>&nbsp;<\/p>\n<p>Yani Hristodulidis\u2019in \u201cistedi\u011fim \u00fclkeyle istedi\u011fim anla\u015fmay\u0131 yapar\u0131m\u201d anlay\u0131\u015f\u0131yla hareket etmesi, hukuki dayanaklardan da yoksundur.<\/p>\n<p>&nbsp;<\/p>\n<p>Son d\u00f6nemde \u00f6zellikle Fransa ile yap\u0131lan savunma anla\u015fmalar\u0131, yabanc\u0131 askeri varl\u0131\u011f\u0131n art\u0131r\u0131lmas\u0131na y\u00f6nelik giri\u015fimler ve \u0130srail ba\u015fta olmak \u00fczere farkl\u0131 akt\u00f6rlerle geli\u015ftirilen askeri i\u015f birlikleri; G\u00fcney K\u0131br\u0131s\u2019\u0131 Do\u011fu Akdeniz\u2019de bir askeri \u00fcs ve silahlanma merkezine d\u00f6n\u00fc\u015ft\u00fcrme riskini beraberinde getirmektedir.<\/p>\n<p>&nbsp;<\/p>\n<p>Bu yakla\u015f\u0131m yaln\u0131zca G\u00fcney K\u0131br\u0131s\u2019\u0131n de\u011fil, Ada\u2019n\u0131n genelinin ve t\u00fcm b\u00f6lgenin g\u00fcvenli\u011fini tehdit etmektedir.<\/p>\n<p>&nbsp;<\/p>\n<p>Orta Do\u011fu\u2019daki \u00e7at\u0131\u015fmalar\u0131n derinle\u015fti\u011fi bir d\u00f6nemde, G\u00fcney K\u0131br\u0131s\u2019\u0131n bu y\u00f6nde ad\u0131mlar atarak kendisini ve aday\u0131 b\u00fcy\u00fck g\u00fc\u00e7 rekabetinin par\u00e7as\u0131 haline getirmesi son derece sorumsuz bir yakla\u015f\u0131md\u0131r.<\/p>\n<p>&nbsp;<\/p>\n<p>Bu politikalar, yaln\u0131zca K\u0131br\u0131s Rum halk\u0131n\u0131 de\u011fil, T\u00fcrk halk\u0131n\u0131 da ciddi g\u00fcvenlik riskleriyle kar\u015f\u0131 kar\u015f\u0131ya b\u0131rakmaktad\u0131r.<\/p>\n<p>&nbsp;<\/p>\n<p>\u0130\u015fte tam da bu nedenle adada iki ayr\u0131 halk ve iki ayr\u0131 devlet bulundu\u011funu vurguluyoruz. Zira K\u0131br\u0131s T\u00fcrk halk\u0131n\u0131n hak ve hukukunu yok sayan bir anlay\u0131\u015f\u0131n, t\u00fcm aday\u0131 temsil etti\u011fini iddia etmesi kabul edilemezdir.<\/p>\n<p>&nbsp;<\/p>\n<p>Rum liderli\u011fine \u00e7a\u011fr\u0131m\u0131z a\u00e7\u0131kt\u0131r:<\/p>\n<p>Aday\u0131 yabanc\u0131 askeri g\u00fc\u00e7lerin \u00e7\u0131kar alan\u0131na d\u00f6n\u00fc\u015ft\u00fcrmekten vazge\u00e7in. Aday\u0131 \u00e7at\u0131\u015fmalar\u0131n merkezine ta\u015f\u0131may\u0131n.<\/p>\n<p>&nbsp;<\/p>\n<p>K\u0131br\u0131s T\u00fcrk halk\u0131, Anavatan T\u00fcrkiye\u2019nin etkin ve fiili garant\u00f6rl\u00fc\u011f\u00fc alt\u0131nda, 50 y\u0131l\u0131 a\u015fk\u0131n s\u00fcredir bar\u0131\u015f ve huzur i\u00e7erisinde ya\u015famaktad\u0131r.<\/p>\n<p>&nbsp;<\/p>\n<p>Bu ger\u00e7ek ortadad\u0131r.<\/p>\n<p>&nbsp;<\/p>\n<p>Ve bu ger\u00e7e\u011fi de\u011fi\u015ftirmeye kimsenin g\u00fcc\u00fc yetmeyecektir.\u201d<\/p>\n<\/blockquote>\n","protected":false},"excerpt":{"rendered":"<p>Ba\u015fbakan\u0131 \u00dcnal \u00dcstel, G\u00fcney K\u0131br\u0131s Rum Y\u00f6netimi\u2019nin yabanc\u0131 \u00fclkelerle yapt\u0131\u011f\u0131 askeri anla\u015fmalara ili\u015fkin a\u00e7\u0131klamalarda bulundu. \u00dcstel, yaz\u0131l\u0131 a\u00e7\u0131klamas\u0131nda, G\u00fcney K\u0131br\u0131s Rum Y\u00f6netimi lideri Nikos Hristodulidis\u2019in de\u011ferlendirmelerine tepki g\u00f6stererek, Rum taraf\u0131n\u0131n adadaki siyasi ve hukuki ger\u00e7ekleri g\u00f6rmezden gelmeye devam etti\u011fini belirtti. Rum lider Hristodulidis\u2019in \u201cK\u0131br\u0131s Cumhuriyeti Ba\u015fkan\u0131y\u0131m, anla\u015fmalar yapmaya devam edece\u011fiz\u201d y\u00f6n\u00fcndeki ifadelerini ele\u015ftiren \u00dcstel, bu [&hellip;]<\/p>\n","protected":false},"author":1,"featured_media":34242,"comment_status":"open","ping_status":"open","sticky":false,"template":"","format":"standard","meta":{"jnews-multi-image_gallery":[],"jnews_single_post":[],"jnews_primary_category":[],"jnews_social_meta":[],"jnews_override_counter":[],"footnotes":""},"categories":[1],"tags":[],"class_list":["post-34411","post","type-post","status-publish","format-standard","has-post-thumbnail","hentry","category-kibris"],"yoast_head":"<!-- This site is optimized with the Yoast SEO plugin v27.5 - https:\/\/yoast.com\/product\/yoast-seo-wordpress\/ -->\n<title>\u00dcstel: Askeri anla\u015fmalarla aday\u0131 tehlikeye atmaktan ve alt\u0131ndan kalkamayaca\u011f\u0131n\u0131z ad\u0131mlar atmaktan vazge\u00e7in - Haber Ver K\u0131br\u0131s<\/title>\n<meta name=\"robots\" content=\"index, follow, max-snippet:-1, max-image-preview:large, max-video-preview:-1\" \/>\n<link rel=\"canonical\" href=\"https:\/\/haberverkibris.com\/index.php\/2026\/04\/29\/ustel-askeri-anlasmalarla-adayi-tehlikeye-atmaktan-ve-altindan-kalkamayacaginiz-adimlar-atmaktan-vazgecin\/\" \/>\n<meta property=\"og:locale\" content=\"tr_TR\" \/>\n<meta property=\"og:type\" content=\"article\" \/>\n<meta property=\"og:title\" content=\"\u00dcstel: Askeri anla\u015fmalarla aday\u0131 tehlikeye atmaktan ve alt\u0131ndan kalkamayaca\u011f\u0131n\u0131z ad\u0131mlar atmaktan vazge\u00e7in - Haber Ver K\u0131br\u0131s\" \/>\n<meta property=\"og:description\" content=\"Ba\u015fbakan\u0131 \u00dcnal \u00dcstel, G\u00fcney K\u0131br\u0131s Rum Y\u00f6netimi\u2019nin yabanc\u0131 \u00fclkelerle yapt\u0131\u011f\u0131 askeri anla\u015fmalara ili\u015fkin a\u00e7\u0131klamalarda bulundu. \u00dcstel, yaz\u0131l\u0131 a\u00e7\u0131klamas\u0131nda, G\u00fcney K\u0131br\u0131s Rum Y\u00f6netimi lideri Nikos Hristodulidis\u2019in de\u011ferlendirmelerine tepki g\u00f6stererek, Rum taraf\u0131n\u0131n adadaki siyasi ve hukuki ger\u00e7ekleri g\u00f6rmezden gelmeye devam etti\u011fini belirtti. Rum lider Hristodulidis\u2019in \u201cK\u0131br\u0131s Cumhuriyeti Ba\u015fkan\u0131y\u0131m, anla\u015fmalar yapmaya devam edece\u011fiz\u201d y\u00f6n\u00fcndeki ifadelerini ele\u015ftiren \u00dcstel, bu [&hellip;]\" \/>\n<meta property=\"og:url\" content=\"https:\/\/haberverkibris.com\/index.php\/2026\/04\/29\/ustel-askeri-anlasmalarla-adayi-tehlikeye-atmaktan-ve-altindan-kalkamayacaginiz-adimlar-atmaktan-vazgecin\/\" \/>\n<meta property=\"og:site_name\" content=\"Haber Ver K\u0131br\u0131s\" \/>\n<meta property=\"article:publisher\" content=\"https:\/\/www.facebook.com\/kuzeyinsesii\" \/>\n<meta property=\"article:published_time\" content=\"2026-04-29T09:58:59+00:00\" \/>\n<meta property=\"article:modified_time\" content=\"2026-04-29T09:59:12+00:00\" \/>\n<meta property=\"og:image\" content=\"https:\/\/haberverkibris.com\/wp-content\/uploads\/2026\/04\/basbakan-ustel-kisilik-haklarina-saldiri-dusunce-ya-da-medya-ozgurlugu-degildir-e1753685628291.jpeg\" \/>\n\t<meta property=\"og:image:width\" content=\"1080\" \/>\n\t<meta property=\"og:image:height\" content=\"646\" \/>\n\t<meta property=\"og:image:type\" content=\"image\/jpeg\" \/>\n<meta name=\"author\" content=\"Haberver K\u0131br\u0131s\" \/>\n<meta name=\"twitter:card\" content=\"summary_large_image\" \/>\n<meta name=\"twitter:creator\" content=\"@kuzeyinsesii\" \/>\n<meta name=\"twitter:site\" content=\"@kuzeyinsesii\" \/>\n<meta name=\"twitter:label1\" content=\"Yazan:\" \/>\n\t<meta name=\"twitter:data1\" content=\"Haberver K\u0131br\u0131s\" \/>\n\t<meta name=\"twitter:label2\" content=\"Tahmini okuma s\u00fcresi\" \/>\n\t<meta name=\"twitter:data2\" content=\"3 dakika\" \/>\n<script type=\"application\/ld+json\" class=\"yoast-schema-graph\">{\"@context\":\"https:\\\/\\\/schema.org\",\"@graph\":[{\"@type\":\"Article\",\"@id\":\"https:\\\/\\\/haberverkibris.com\\\/index.php\\\/2026\\\/04\\\/29\\\/ustel-askeri-anlasmalarla-adayi-tehlikeye-atmaktan-ve-altindan-kalkamayacaginiz-adimlar-atmaktan-vazgecin\\\/#article\",\"isPartOf\":{\"@id\":\"https:\\\/\\\/haberverkibris.com\\\/index.php\\\/2026\\\/04\\\/29\\\/ustel-askeri-anlasmalarla-adayi-tehlikeye-atmaktan-ve-altindan-kalkamayacaginiz-adimlar-atmaktan-vazgecin\\\/\"},\"author\":{\"name\":\"Haberver K\u0131br\u0131s\",\"@id\":\"https:\\\/\\\/haberverkibris.com\\\/#\\\/schema\\\/person\\\/29d65381ed43765483b5a185ded66a56\"},\"headline\":\"\u00dcstel: Askeri anla\u015fmalarla aday\u0131 tehlikeye atmaktan ve alt\u0131ndan kalkamayaca\u011f\u0131n\u0131z ad\u0131mlar atmaktan vazge\u00e7in\",\"datePublished\":\"2026-04-29T09:58:59+00:00\",\"dateModified\":\"2026-04-29T09:59:12+00:00\",\"mainEntityOfPage\":{\"@id\":\"https:\\\/\\\/haberverkibris.com\\\/index.php\\\/2026\\\/04\\\/29\\\/ustel-askeri-anlasmalarla-adayi-tehlikeye-atmaktan-ve-altindan-kalkamayacaginiz-adimlar-atmaktan-vazgecin\\\/\"},\"wordCount\":712,\"commentCount\":0,\"image\":{\"@id\":\"https:\\\/\\\/haberverkibris.com\\\/index.php\\\/2026\\\/04\\\/29\\\/ustel-askeri-anlasmalarla-adayi-tehlikeye-atmaktan-ve-altindan-kalkamayacaginiz-adimlar-atmaktan-vazgecin\\\/#primaryimage\"},\"thumbnailUrl\":\"https:\\\/\\\/haberverkibris.com\\\/wp-content\\\/uploads\\\/2026\\\/04\\\/basbakan-ustel-kisilik-haklarina-saldiri-dusunce-ya-da-medya-ozgurlugu-degildir-e1753685628291.jpeg\",\"articleSection\":[\"K\u0131br\u0131s\"],\"inLanguage\":\"tr\",\"potentialAction\":[{\"@type\":\"CommentAction\",\"name\":\"Comment\",\"target\":[\"https:\\\/\\\/haberverkibris.com\\\/index.php\\\/2026\\\/04\\\/29\\\/ustel-askeri-anlasmalarla-adayi-tehlikeye-atmaktan-ve-altindan-kalkamayacaginiz-adimlar-atmaktan-vazgecin\\\/#respond\"]}]},{\"@type\":\"WebPage\",\"@id\":\"https:\\\/\\\/haberverkibris.com\\\/index.php\\\/2026\\\/04\\\/29\\\/ustel-askeri-anlasmalarla-adayi-tehlikeye-atmaktan-ve-altindan-kalkamayacaginiz-adimlar-atmaktan-vazgecin\\\/\",\"url\":\"https:\\\/\\\/haberverkibris.com\\\/index.php\\\/2026\\\/04\\\/29\\\/ustel-askeri-anlasmalarla-adayi-tehlikeye-atmaktan-ve-altindan-kalkamayacaginiz-adimlar-atmaktan-vazgecin\\\/\",\"name\":\"\u00dcstel: Askeri anla\u015fmalarla aday\u0131 tehlikeye atmaktan ve alt\u0131ndan kalkamayaca\u011f\u0131n\u0131z ad\u0131mlar atmaktan vazge\u00e7in - Haber Ver K\u0131br\u0131s\",\"isPartOf\":{\"@id\":\"https:\\\/\\\/haberverkibris.com\\\/#website\"},\"primaryImageOfPage\":{\"@id\":\"https:\\\/\\\/haberverkibris.com\\\/index.php\\\/2026\\\/04\\\/29\\\/ustel-askeri-anlasmalarla-adayi-tehlikeye-atmaktan-ve-altindan-kalkamayacaginiz-adimlar-atmaktan-vazgecin\\\/#primaryimage\"},\"image\":{\"@id\":\"https:\\\/\\\/haberverkibris.com\\\/index.php\\\/2026\\\/04\\\/29\\\/ustel-askeri-anlasmalarla-adayi-tehlikeye-atmaktan-ve-altindan-kalkamayacaginiz-adimlar-atmaktan-vazgecin\\\/#primaryimage\"},\"thumbnailUrl\":\"https:\\\/\\\/haberverkibris.com\\\/wp-content\\\/uploads\\\/2026\\\/04\\\/basbakan-ustel-kisilik-haklarina-saldiri-dusunce-ya-da-medya-ozgurlugu-degildir-e1753685628291.jpeg\",\"datePublished\":\"2026-04-29T09:58:59+00:00\",\"dateModified\":\"2026-04-29T09:59:12+00:00\",\"author\":{\"@id\":\"https:\\\/\\\/haberverkibris.com\\\/#\\\/schema\\\/person\\\/29d65381ed43765483b5a185ded66a56\"},\"breadcrumb\":{\"@id\":\"https:\\\/\\\/haberverkibris.com\\\/index.php\\\/2026\\\/04\\\/29\\\/ustel-askeri-anlasmalarla-adayi-tehlikeye-atmaktan-ve-altindan-kalkamayacaginiz-adimlar-atmaktan-vazgecin\\\/#breadcrumb\"},\"inLanguage\":\"tr\",\"potentialAction\":[{\"@type\":\"ReadAction\",\"target\":[\"https:\\\/\\\/haberverkibris.com\\\/index.php\\\/2026\\\/04\\\/29\\\/ustel-askeri-anlasmalarla-adayi-tehlikeye-atmaktan-ve-altindan-kalkamayacaginiz-adimlar-atmaktan-vazgecin\\\/\"]}]},{\"@type\":\"ImageObject\",\"inLanguage\":\"tr\",\"@id\":\"https:\\\/\\\/haberverkibris.com\\\/index.php\\\/2026\\\/04\\\/29\\\/ustel-askeri-anlasmalarla-adayi-tehlikeye-atmaktan-ve-altindan-kalkamayacaginiz-adimlar-atmaktan-vazgecin\\\/#primaryimage\",\"url\":\"https:\\\/\\\/haberverkibris.com\\\/wp-content\\\/uploads\\\/2026\\\/04\\\/basbakan-ustel-kisilik-haklarina-saldiri-dusunce-ya-da-medya-ozgurlugu-degildir-e1753685628291.jpeg\",\"contentUrl\":\"https:\\\/\\\/haberverkibris.com\\\/wp-content\\\/uploads\\\/2026\\\/04\\\/basbakan-ustel-kisilik-haklarina-saldiri-dusunce-ya-da-medya-ozgurlugu-degildir-e1753685628291.jpeg\",\"width\":1080,\"height\":646},{\"@type\":\"BreadcrumbList\",\"@id\":\"https:\\\/\\\/haberverkibris.com\\\/index.php\\\/2026\\\/04\\\/29\\\/ustel-askeri-anlasmalarla-adayi-tehlikeye-atmaktan-ve-altindan-kalkamayacaginiz-adimlar-atmaktan-vazgecin\\\/#breadcrumb\",\"itemListElement\":[{\"@type\":\"ListItem\",\"position\":1,\"name\":\"Anasayfa\",\"item\":\"https:\\\/\\\/haberverkibris.com\\\/\"},{\"@type\":\"ListItem\",\"position\":2,\"name\":\"\u00dcstel: Askeri anla\u015fmalarla aday\u0131 tehlikeye atmaktan ve alt\u0131ndan kalkamayaca\u011f\u0131n\u0131z ad\u0131mlar atmaktan vazge\u00e7in\"}]},{\"@type\":\"WebSite\",\"@id\":\"https:\\\/\\\/haberverkibris.com\\\/#website\",\"url\":\"https:\\\/\\\/haberverkibris.com\\\/\",\"name\":\"Kuzeyin Sesi\",\"description\":\"Do\u011fru Haberin Adresi\",\"potentialAction\":[{\"@type\":\"SearchAction\",\"target\":{\"@type\":\"EntryPoint\",\"urlTemplate\":\"https:\\\/\\\/haberverkibris.com\\\/?s={search_term_string}\"},\"query-input\":{\"@type\":\"PropertyValueSpecification\",\"valueRequired\":true,\"valueName\":\"search_term_string\"}}],\"inLanguage\":\"tr\"},{\"@type\":\"Person\",\"@id\":\"https:\\\/\\\/haberverkibris.com\\\/#\\\/schema\\\/person\\\/29d65381ed43765483b5a185ded66a56\",\"name\":\"Haberver K\u0131br\u0131s\",\"image\":{\"@type\":\"ImageObject\",\"inLanguage\":\"tr\",\"@id\":\"https:\\\/\\\/secure.gravatar.com\\\/avatar\\\/bab33852abfd8b282518d6ed81826833d77c3c882d9ab608add591ccace47a44?s=96&d=mm&r=g\",\"url\":\"https:\\\/\\\/secure.gravatar.com\\\/avatar\\\/bab33852abfd8b282518d6ed81826833d77c3c882d9ab608add591ccace47a44?s=96&d=mm&r=g\",\"contentUrl\":\"https:\\\/\\\/secure.gravatar.com\\\/avatar\\\/bab33852abfd8b282518d6ed81826833d77c3c882d9ab608add591ccace47a44?s=96&d=mm&r=g\",\"caption\":\"Haberver K\u0131br\u0131s\"},\"sameAs\":[\"https:\\\/\\\/haberverkibris.com\"],\"url\":\"https:\\\/\\\/haberverkibris.com\\\/index.php\\\/author\\\/guven\\\/\"}]}<\/script>\n<!-- \/ Yoast SEO plugin. -->","yoast_head_json":{"title":"\u00dcstel: Askeri anla\u015fmalarla aday\u0131 tehlikeye atmaktan ve alt\u0131ndan kalkamayaca\u011f\u0131n\u0131z ad\u0131mlar atmaktan vazge\u00e7in - Haber Ver K\u0131br\u0131s","robots":{"index":"index","follow":"follow","max-snippet":"max-snippet:-1","max-image-preview":"max-image-preview:large","max-video-preview":"max-video-preview:-1"},"canonical":"https:\/\/haberverkibris.com\/index.php\/2026\/04\/29\/ustel-askeri-anlasmalarla-adayi-tehlikeye-atmaktan-ve-altindan-kalkamayacaginiz-adimlar-atmaktan-vazgecin\/","og_locale":"tr_TR","og_type":"article","og_title":"\u00dcstel: Askeri anla\u015fmalarla aday\u0131 tehlikeye atmaktan ve alt\u0131ndan kalkamayaca\u011f\u0131n\u0131z ad\u0131mlar atmaktan vazge\u00e7in - Haber Ver K\u0131br\u0131s","og_description":"Ba\u015fbakan\u0131 \u00dcnal \u00dcstel, G\u00fcney K\u0131br\u0131s Rum Y\u00f6netimi\u2019nin yabanc\u0131 \u00fclkelerle yapt\u0131\u011f\u0131 askeri anla\u015fmalara ili\u015fkin a\u00e7\u0131klamalarda bulundu. \u00dcstel, yaz\u0131l\u0131 a\u00e7\u0131klamas\u0131nda, G\u00fcney K\u0131br\u0131s Rum Y\u00f6netimi lideri Nikos Hristodulidis\u2019in de\u011ferlendirmelerine tepki g\u00f6stererek, Rum taraf\u0131n\u0131n adadaki siyasi ve hukuki ger\u00e7ekleri g\u00f6rmezden gelmeye devam etti\u011fini belirtti. Rum lider Hristodulidis\u2019in \u201cK\u0131br\u0131s Cumhuriyeti Ba\u015fkan\u0131y\u0131m, anla\u015fmalar yapmaya devam edece\u011fiz\u201d y\u00f6n\u00fcndeki ifadelerini ele\u015ftiren \u00dcstel, bu [&hellip;]","og_url":"https:\/\/haberverkibris.com\/index.php\/2026\/04\/29\/ustel-askeri-anlasmalarla-adayi-tehlikeye-atmaktan-ve-altindan-kalkamayacaginiz-adimlar-atmaktan-vazgecin\/","og_site_name":"Haber Ver K\u0131br\u0131s","article_publisher":"https:\/\/www.facebook.com\/kuzeyinsesii","article_published_time":"2026-04-29T09:58:59+00:00","article_modified_time":"2026-04-29T09:59:12+00:00","og_image":[{"width":1080,"height":646,"url":"https:\/\/haberverkibris.com\/wp-content\/uploads\/2026\/04\/basbakan-ustel-kisilik-haklarina-saldiri-dusunce-ya-da-medya-ozgurlugu-degildir-e1753685628291.jpeg","type":"image\/jpeg"}],"author":"Haberver K\u0131br\u0131s","twitter_card":"summary_large_image","twitter_creator":"@kuzeyinsesii","twitter_site":"@kuzeyinsesii","twitter_misc":{"Yazan:":"Haberver K\u0131br\u0131s","Tahmini okuma s\u00fcresi":"3 dakika"},"schema":{"@context":"https:\/\/schema.org","@graph":[{"@type":"Article","@id":"https:\/\/haberverkibris.com\/index.php\/2026\/04\/29\/ustel-askeri-anlasmalarla-adayi-tehlikeye-atmaktan-ve-altindan-kalkamayacaginiz-adimlar-atmaktan-vazgecin\/#article","isPartOf":{"@id":"https:\/\/haberverkibris.com\/index.php\/2026\/04\/29\/ustel-askeri-anlasmalarla-adayi-tehlikeye-atmaktan-ve-altindan-kalkamayacaginiz-adimlar-atmaktan-vazgecin\/"},"author":{"name":"Haberver K\u0131br\u0131s","@id":"https:\/\/haberverkibris.com\/#\/schema\/person\/29d65381ed43765483b5a185ded66a56"},"headline":"\u00dcstel: Askeri anla\u015fmalarla aday\u0131 tehlikeye atmaktan ve alt\u0131ndan kalkamayaca\u011f\u0131n\u0131z ad\u0131mlar atmaktan vazge\u00e7in","datePublished":"2026-04-29T09:58:59+00:00","dateModified":"2026-04-29T09:59:12+00:00","mainEntityOfPage":{"@id":"https:\/\/haberverkibris.com\/index.php\/2026\/04\/29\/ustel-askeri-anlasmalarla-adayi-tehlikeye-atmaktan-ve-altindan-kalkamayacaginiz-adimlar-atmaktan-vazgecin\/"},"wordCount":712,"commentCount":0,"image":{"@id":"https:\/\/haberverkibris.com\/index.php\/2026\/04\/29\/ustel-askeri-anlasmalarla-adayi-tehlikeye-atmaktan-ve-altindan-kalkamayacaginiz-adimlar-atmaktan-vazgecin\/#primaryimage"},"thumbnailUrl":"https:\/\/haberverkibris.com\/wp-content\/uploads\/2026\/04\/basbakan-ustel-kisilik-haklarina-saldiri-dusunce-ya-da-medya-ozgurlugu-degildir-e1753685628291.jpeg","articleSection":["K\u0131br\u0131s"],"inLanguage":"tr","potentialAction":[{"@type":"CommentAction","name":"Comment","target":["https:\/\/haberverkibris.com\/index.php\/2026\/04\/29\/ustel-askeri-anlasmalarla-adayi-tehlikeye-atmaktan-ve-altindan-kalkamayacaginiz-adimlar-atmaktan-vazgecin\/#respond"]}]},{"@type":"WebPage","@id":"https:\/\/haberverkibris.com\/index.php\/2026\/04\/29\/ustel-askeri-anlasmalarla-adayi-tehlikeye-atmaktan-ve-altindan-kalkamayacaginiz-adimlar-atmaktan-vazgecin\/","url":"https:\/\/haberverkibris.com\/index.php\/2026\/04\/29\/ustel-askeri-anlasmalarla-adayi-tehlikeye-atmaktan-ve-altindan-kalkamayacaginiz-adimlar-atmaktan-vazgecin\/","name":"\u00dcstel: Askeri anla\u015fmalarla aday\u0131 tehlikeye atmaktan ve alt\u0131ndan kalkamayaca\u011f\u0131n\u0131z ad\u0131mlar atmaktan vazge\u00e7in - Haber Ver K\u0131br\u0131s","isPartOf":{"@id":"https:\/\/haberverkibris.com\/#website"},"primaryImageOfPage":{"@id":"https:\/\/haberverkibris.com\/index.php\/2026\/04\/29\/ustel-askeri-anlasmalarla-adayi-tehlikeye-atmaktan-ve-altindan-kalkamayacaginiz-adimlar-atmaktan-vazgecin\/#primaryimage"},"image":{"@id":"https:\/\/haberverkibris.com\/index.php\/2026\/04\/29\/ustel-askeri-anlasmalarla-adayi-tehlikeye-atmaktan-ve-altindan-kalkamayacaginiz-adimlar-atmaktan-vazgecin\/#primaryimage"},"thumbnailUrl":"https:\/\/haberverkibris.com\/wp-content\/uploads\/2026\/04\/basbakan-ustel-kisilik-haklarina-saldiri-dusunce-ya-da-medya-ozgurlugu-degildir-e1753685628291.jpeg","datePublished":"2026-04-29T09:58:59+00:00","dateModified":"2026-04-29T09:59:12+00:00","author":{"@id":"https:\/\/haberverkibris.com\/#\/schema\/person\/29d65381ed43765483b5a185ded66a56"},"breadcrumb":{"@id":"https:\/\/haberverkibris.com\/index.php\/2026\/04\/29\/ustel-askeri-anlasmalarla-adayi-tehlikeye-atmaktan-ve-altindan-kalkamayacaginiz-adimlar-atmaktan-vazgecin\/#breadcrumb"},"inLanguage":"tr","potentialAction":[{"@type":"ReadAction","target":["https:\/\/haberverkibris.com\/index.php\/2026\/04\/29\/ustel-askeri-anlasmalarla-adayi-tehlikeye-atmaktan-ve-altindan-kalkamayacaginiz-adimlar-atmaktan-vazgecin\/"]}]},{"@type":"ImageObject","inLanguage":"tr","@id":"https:\/\/haberverkibris.com\/index.php\/2026\/04\/29\/ustel-askeri-anlasmalarla-adayi-tehlikeye-atmaktan-ve-altindan-kalkamayacaginiz-adimlar-atmaktan-vazgecin\/#primaryimage","url":"https:\/\/haberverkibris.com\/wp-content\/uploads\/2026\/04\/basbakan-ustel-kisilik-haklarina-saldiri-dusunce-ya-da-medya-ozgurlugu-degildir-e1753685628291.jpeg","contentUrl":"https:\/\/haberverkibris.com\/wp-content\/uploads\/2026\/04\/basbakan-ustel-kisilik-haklarina-saldiri-dusunce-ya-da-medya-ozgurlugu-degildir-e1753685628291.jpeg","width":1080,"height":646},{"@type":"BreadcrumbList","@id":"https:\/\/haberverkibris.com\/index.php\/2026\/04\/29\/ustel-askeri-anlasmalarla-adayi-tehlikeye-atmaktan-ve-altindan-kalkamayacaginiz-adimlar-atmaktan-vazgecin\/#breadcrumb","itemListElement":[{"@type":"ListItem","position":1,"name":"Anasayfa","item":"https:\/\/haberverkibris.com\/"},{"@type":"ListItem","position":2,"name":"\u00dcstel: Askeri anla\u015fmalarla aday\u0131 tehlikeye atmaktan ve alt\u0131ndan kalkamayaca\u011f\u0131n\u0131z ad\u0131mlar atmaktan vazge\u00e7in"}]},{"@type":"WebSite","@id":"https:\/\/haberverkibris.com\/#website","url":"https:\/\/haberverkibris.com\/","name":"Kuzeyin Sesi","description":"Do\u011fru Haberin Adresi","potentialAction":[{"@type":"SearchAction","target":{"@type":"EntryPoint","urlTemplate":"https:\/\/haberverkibris.com\/?s={search_term_string}"},"query-input":{"@type":"PropertyValueSpecification","valueRequired":true,"valueName":"search_term_string"}}],"inLanguage":"tr"},{"@type":"Person","@id":"https:\/\/haberverkibris.com\/#\/schema\/person\/29d65381ed43765483b5a185ded66a56","name":"Haberver K\u0131br\u0131s","image":{"@type":"ImageObject","inLanguage":"tr","@id":"https:\/\/secure.gravatar.com\/avatar\/bab33852abfd8b282518d6ed81826833d77c3c882d9ab608add591ccace47a44?s=96&d=mm&r=g","url":"https:\/\/secure.gravatar.com\/avatar\/bab33852abfd8b282518d6ed81826833d77c3c882d9ab608add591ccace47a44?s=96&d=mm&r=g","contentUrl":"https:\/\/secure.gravatar.com\/avatar\/bab33852abfd8b282518d6ed81826833d77c3c882d9ab608add591ccace47a44?s=96&d=mm&r=g","caption":"Haberver K\u0131br\u0131s"},"sameAs":["https:\/\/haberverkibris.com"],"url":"https:\/\/haberverkibris.com\/index.php\/author\/guven\/"}]}},"_links":{"self":[{"href":"https:\/\/haberverkibris.com\/index.php\/wp-json\/wp\/v2\/posts\/34411","targetHints":{"allow":["GET"]}}],"collection":[{"href":"https:\/\/haberverkibris.com\/index.php\/wp-json\/wp\/v2\/posts"}],"about":[{"href":"https:\/\/haberverkibris.com\/index.php\/wp-json\/wp\/v2\/types\/post"}],"author":[{"embeddable":true,"href":"https:\/\/haberverkibris.com\/index.php\/wp-json\/wp\/v2\/users\/1"}],"replies":[{"embeddable":true,"href":"https:\/\/haberverkibris.com\/index.php\/wp-json\/wp\/v2\/comments?post=34411"}],"version-history":[{"count":1,"href":"https:\/\/haberverkibris.com\/index.php\/wp-json\/wp\/v2\/posts\/34411\/revisions"}],"predecessor-version":[{"id":34412,"href":"https:\/\/haberverkibris.com\/index.php\/wp-json\/wp\/v2\/posts\/34411\/revisions\/34412"}],"wp:featuredmedia":[{"embeddable":true,"href":"https:\/\/haberverkibris.com\/index.php\/wp-json\/wp\/v2\/media\/34242"}],"wp:attachment":[{"href":"https:\/\/haberverkibris.com\/index.php\/wp-json\/wp\/v2\/media?parent=34411"}],"wp:term":[{"taxonomy":"category","embeddable":true,"href":"https:\/\/haberverkibris.com\/index.php\/wp-json\/wp\/v2\/categories?post=34411"},{"taxonomy":"post_tag","embeddable":true,"href":"https:\/\/haberverkibris.com\/index.php\/wp-json\/wp\/v2\/tags?post=34411"}],"curies":[{"name":"wp","href":"https:\/\/api.w.org\/{rel}","templated":true}]}}