{"id":34383,"date":"2026-04-29T11:38:37","date_gmt":"2026-04-29T08:38:37","guid":{"rendered":"https:\/\/haberverkibris.com\/index.php\/2026\/04\/29\/turanli-kibris-halkina-kibrisin-altin-anahtarini-verdik\/"},"modified":"2026-04-29T11:38:50","modified_gmt":"2026-04-29T08:38:50","slug":"turanli-kibris-halkina-kibrisin-altin-anahtarini-verdik","status":"publish","type":"post","link":"https:\/\/haberverkibris.com\/index.php\/2026\/04\/29\/turanli-kibris-halkina-kibrisin-altin-anahtarini-verdik\/","title":{"rendered":"Turanl\u0131: K\u0131br\u0131s halk\u0131na K\u0131br\u0131s\u2019\u0131n alt\u0131n anahtar\u0131n\u0131 verdik"},"content":{"rendered":"<p><strong><u>T&amp;T Havaliman\u0131 \u0130\u015fletmecili\u011fi Y\u00f6netim Kurulu Ba\u015fkan\u0131 Emrullah Turanl\u0131, en son teknoloji ile donat\u0131lan do\u011fa dostu yap\u0131s\u0131 ve modern mimarisi ile g\u00f6z dolduran teknolojik bir eser olan Ercan Havaliman\u0131\u2019n\u0131 K\u0131br\u0131s halk\u0131na kazand\u0131rd\u0131klar\u0131n\u0131 ifade etti.<\/u><\/strong><\/p>\n<p>&nbsp;<\/p>\n<p>T&amp;T Havaliman\u0131 \u0130\u015fletmecili\u011fi Y\u00f6netim Kurulu Ba\u015fkan\u0131 Emrullah Turanl\u0131, 13 y\u0131l \u00f6nce Kuzey K\u0131br\u0131s\u2019a bir inan\u00e7la geldi\u011fini ve Ercan Havaliman\u0131\u2019n\u0131n ihalesini \u00e7ok y\u00fcksek bir bedelle kazand\u0131klar\u0131n\u0131 ve K\u0131br\u0131s halk\u0131n\u0131n bundan \u00e7ok kazan\u00e7l\u0131 \u00e7\u0131kt\u0131\u011f\u0131n\u0131 s\u00f6yleyerek, \u201cK\u0131br\u0131s\u2019\u0131n esnaf\u0131ndan, bas\u0131n\u0131na ve emek\u00e7isine kadar hep birlikte b\u00f6ylesine b\u00fcy\u00fck bir yap\u0131y\u0131, K\u0131br\u0131s\u2019\u0131n alt\u0131n anahtar\u0131n\u0131 hak eden K\u0131br\u0131s halk\u0131na bu eseri kazand\u0131rd\u0131k\u201d dedi.<\/p>\n<p>Ercan Havaliman\u0131\u2019n\u0131n manevi de\u011ferinin maddi de\u011ferinden y\u00fcksek oldu\u011funu ifade eden Turanl\u0131, havaliman\u0131na giren insanlar\u0131n oran\u0131n g\u00f6rkemli yap\u0131s\u0131, atmosferi ve teknolojik altyap\u0131s\u0131na g\u0131pta ile bak\u0131lacak bir yer oldu\u011funu s\u00f6ylemlerden duydu\u011funu belirtti. Bug\u00fcn D\u00fcnyan\u0131n hi\u00e7bir \u00fclkesinde cironun KDV dahil y\u00fczde 56\u2019n\u0131n devlete veren bir firma bulunmad\u0131\u011f\u0131n\u0131n alt\u0131n\u0131 \u00e7izen Turanl\u0131, \u201cK\u0131br\u0131s, K\u0131br\u0131s halk\u0131 buradan kazand\u0131. Kazanmaya da devam ediyor\u201d dedi.<\/p>\n<p>&nbsp;<\/p>\n<p><strong>\u201cHi\u00e7bir zaman hayat\u0131mda \u2018ba\u015faramayaca\u011f\u0131m\u2019 endi\u015fem olmad\u0131\u201d<\/strong><\/p>\n<p>&nbsp;<\/p>\n<p>K\u0131br\u0131s Gen\u00e7 TV\u2019de yay\u0131nlanan \u201cG\u00fcndem \u00d6zel\u201d program\u0131nda kat\u0131larak hayat\u0131ndan k\u0131sa kesitleri de anlatan Turanl\u0131, \u201cBen, \u00e7ok zor bir co\u011frafyada \u00e7al\u0131\u015f\u0131p b\u00fcy\u00fcd\u00fcm. Ama, hi\u00e7bir zaman hayat\u0131mda ba\u015faramayaca\u011f\u0131m endi\u015fem olmad\u0131. Az kazand\u0131k veya \u00e7ok kazand\u0131k. Ama, hi\u00e7bir zaman endi\u015fe ya\u015famad\u0131m ve ben hayat\u0131mda koymu\u015f oldu\u011fum hedeflerime ula\u015fmaya \u00e7al\u0131\u015f\u0131yorum. Baz\u0131lar\u0131na ula\u015ft\u0131m di\u011fer hedeflere de \u00f6mr\u00fcm\u00fcn yetti\u011fi kadar ula\u015fmaya \u00e7al\u0131\u015faca\u011f\u0131m. Ben, doland\u0131r\u0131c\u0131l\u0131k yapmadan \u00e7al\u0131\u015farak insano\u011fluna yara\u015f\u0131r iyi i\u015fler ve do\u011fru projeler yapmaya devam ediyorum\u201d dedi.<\/p>\n<p>&nbsp;<\/p>\n<p><strong>Kuzey K\u0131br\u0131s\u2019ta ciddi projelere ba\u015flad\u0131k<\/strong><\/p>\n<p>&nbsp;<\/p>\n<p>Ta\u015fyap\u0131 \u015firketi olarak Kuzey K\u0131br\u0131s\u2019ta ciddi projelere ba\u015flad\u0131klar\u0131n\u0131, Girne\u2019de bu konuda b\u00fcy\u00fck yat\u0131r\u0131mlar yapt\u0131klar\u0131n\u0131, D\u00f6rtyol\u2019da orta halli insanlara konut yapacaklar\u0131n\u0131, Ma\u011fusa\u2019da da ciddi projeleri oldu\u011funu ifade eden Turanl\u0131, \u201cGirne\u2019de K\u0131br\u0131s\u2019ta Venediklilerden sonra yap\u0131lan en ciddi ve derin bir \u00e7al\u0131\u015fma yap\u0131yoruz. Eksi 22 metre a\u015fa\u011f\u0131ya iniyoruz. Eksi 7\u2019sinde s\u0131\u011f\u0131nak yap\u0131yoruz. Bug\u00fcne kadar bu proje K\u0131br\u0131s tarihinde olmam\u0131\u015f bir \u015feydir. Buras\u0131 insanlar\u0131n s\u0131\u011f\u0131naca\u011f\u0131 yer de\u011fil, insanlar\u0131n ya\u015fayaca\u011f\u0131 yeri in\u015fa ediyoruz. T\u00fcrkiye\u2019de de ilk kez bunu ben yapt\u0131m\u201d dedi<\/p>\n<p>&nbsp;<\/p>\n<p><strong>\u201cVizyon K\u0131br\u0131s K\u0131br\u0131s\u2019a de\u011fer katacak bir projedir\u201d<\/strong><\/p>\n<p>&nbsp;<\/p>\n<p>T&amp;T Havaliman\u0131 \u0130\u015fletmecili\u011fi Y\u00f6netim Kurulu Ba\u015fkan\u0131 Emrullah Turanl\u0131, K\u0131br\u0131s\u2019a de\u011fer katacak \u201cVizyon K\u0131br\u0131s\u201d projesi ile ilgili de detayl\u0131 a\u00e7\u0131klamalarda bulundu.<\/p>\n<p>Turanl\u0131, yapt\u0131klar\u0131 \u201cVizyon K\u0131br\u0131s\u201d \u00e7al\u0131\u015fmas\u0131n\u0131n K\u0131br\u0131s\u2019\u0131n daha \u00f6nceden hak etti\u011fi ve olmas\u0131 gereken olmazsa olmaz bir proje oldu\u011funu kaydederek, \u201cBu projeleri ben yapar\u0131m demiyorum. Ba\u015fta, yurt d\u0131\u015f\u0131nda ya\u015fayan K\u0131br\u0131sl\u0131 T\u00fcrkler ve yerli i\u015f adamlar\u0131 da bu projeleri yaps\u0131n. Kuzey K\u0131br\u0131s\u2019a ve gen\u00e7lere iyi bir gelecek b\u0131rakma ad\u0131na b\u00f6ylesine g\u00fczel ve ileriye d\u00f6n\u00fck yat\u0131r\u0131mlar\u0131n hayata ge\u00e7irilmesi gerekiyor. Titizlikle haz\u0131rlanm\u0131\u015f fizibilitelere dayanan bu strateji, K\u0131br\u0131s T\u00fcrk halk\u0131na hak etti\u011fi refah\u0131 sa\u011flayabilir, do\u011fay\u0131 koruyarak gelecek nesillere d\u00fcnya standartlar\u0131nda bir miras b\u0131rakabiliriz\u201d dedi.<\/p>\n<p>\u201cVizyon K\u0131br\u0131s\u201d projesini T\u00fcrkiye\u2019deki i\u015f adamlar\u0131na s\u00fcrekli toplant\u0131lar yaparak anlatt\u0131klar\u0131n\u0131 kaydeden Turanl\u0131, \u201cKuzey K\u0131br\u0131s\u2019a ne kadar fazla i\u015f insan\u0131 gelip yat\u0131r\u0131m yaparsa \u00fclke kalk\u0131nacak, K\u0131br\u0131s insan\u0131 kazanacak\u201d dedi.<\/p>\n<p>&nbsp;<\/p>\n<p><strong>\u201cKuzey K\u0131br\u0131s temiz enerjiye ge\u00e7meli\u201d<\/strong><\/p>\n<p>&nbsp;<\/p>\n<p>Kuzey K\u0131br\u0131s\u2019ta yat\u0131r\u0131mlar\u0131n artmas\u0131yla birlikte \u00fclkedeki mevcut enerji siteminin bunu kald\u0131ramayaca\u011f\u0131n\u0131 \u00e7\u00fcnk\u00fc, \u00fclkede kirli enerjinin kullan\u0131ld\u0131\u011f\u0131n\u0131 s\u00f6yleyen Emrullah Turanl\u0131 s\u00f6zlerine \u015f\u00f6yle devam etti:<\/p>\n<p>\u201cEnerji \u00fcretimi mutlaka gaz ve solar panel olan temiz enerji olan g\u00fcne\u015f enerjisine ge\u00e7mesi gerekir. EL-Sen Sendikas\u0131 ve bas\u0131n buna destek verirse K\u0131br\u0131s bu enerjiyi kazan\u0131r ve Kuzey K\u0131br\u0131s iki y\u0131l sonra g\u00fcne\u015f ve gazla enerji \u00fcretebilen tertemiz bir enerjiye sahip olur.<\/p>\n<p>K\u0131br\u0131s, Arap yar\u0131madas\u0131n\u0131n kar\u015f\u0131s\u0131ndad\u0131r. Gemikona\u011f\u0131 liman\u0131n\u0131n bir an \u00f6nce yap\u0131larak \u00fclkeye kazand\u0131r\u0131lmas\u0131 \u015fartt\u0131r. Devletin cebinden be\u015f kuru\u015f \u00e7\u0131kmadan yap\u0131labilecek projelerdir. Finans\u0131n\u0131 biz de yapabiliriz. Ba\u015fka esnaflar da yapabilir. Anlatmaya \u00e7al\u0131\u015ft\u0131\u011f\u0131m bu konu \u00fclkenin daha iyiye gitmesi i\u00e7in bizim veya ba\u015fkalar\u0131n\u0131n ellerinden ne geliyorsa yapmas\u0131d\u0131r. Enerji olduktan sonra enerjiye ba\u011fl\u0131 topraks\u0131z tar\u0131m da yapabiliriz. B\u00f6ylece t\u00fcm Avrupa\u2019ya gece g\u00fcnd\u00fcz ihracat yap\u0131labilir. T\u00fcm bu \u2018Vizyon K\u0131br\u0131s\u2019taki projeleri ilgili bakanl\u0131klara vermeye haz\u0131r\u0131m. Ma\u011fusa da art\u0131k turizme kazand\u0131r\u0131lmas\u0131 gerekirken o b\u00f6lge denizden kopuktur. Kapal\u0131 Mara\u015f\u2019\u0131n \u00e7\u00f6z\u00fcm oluncaya kadar dostluklar i\u00e7in unutmam\u0131z ve di\u011fer b\u00f6lgeleri geli\u015ftirmemiz ve turizme a\u00e7mam\u0131z gerekiyor. Bunlar\u0131n tamam\u0131 devletten tek kuru\u015f \u00e7\u0131kmayacak yat\u0131r\u0131mc\u0131n\u0131n yapaca\u011f\u0131 projelerdir. \u00dclkede 120 bin civar\u0131nda \u00f6\u011frenci vard\u0131r. Burada uygulamal\u0131 e\u011fitim verilerek e\u011fitilen \u00f6\u011frencileri yurt d\u0131\u015f\u0131na yollama imk\u00e2n\u0131m\u0131z vard\u0131r. Ayr\u0131ca Kuzey K\u0131br\u0131s\u2019ta hafif metro i\u015finin de yap\u0131lmas\u0131 \u015fartt\u0131r ve arazi de buna uygundur. Ben, t\u00fcm bu s\u00f6ylediklerimi yapmaya talibim. Ya bize verirler ya da ba\u015fkas\u0131na. \u0130hale yap\u0131ls\u0131n kime kal\u0131rsa o yaps\u0131n K\u0131br\u0131s kazans\u0131n. K\u0131br\u0131s halk\u0131 kazans\u0131n.\u201d<\/p>\n<p><strong>\u00a0<\/strong><\/p>\n<p><strong>\u201cOrta\u011f\u0131m t\u00fcm mahkemeleri kaybetti. \u00dcz\u00fcnt\u00fc duydum\u201d<\/strong><\/p>\n<p>&nbsp;<\/p>\n<p>Turanl\u0131, i\u015f orta\u011f\u0131, vergi aff\u0131 iddias\u0131 ve 59 milyon Euro hakk\u0131nda \u00e7\u0131kan s\u00f6ylemlere ise \u015funlar\u0131 s\u00f6yledi:<\/p>\n<p>\u201cOrta\u011f\u0131m ile ilgili hi\u00e7bir zaman k\u00f6t\u00fc bir \u015fey s\u00f6ylemdim. Ancak, o benim hakk\u0131mda s\u00f6yledi. \u2018Beni ortakl\u0131\u011f\u0131n i\u00e7ine koymuyor\u2019 diyor. Bu yaland\u0131r. \u015eirket, kar etti\u011fi zaman kar pay\u0131ndan pay\u0131n\u0131 alacakt\u0131r. Orta\u011f\u0131m anla\u015fmal\u0131 orta\u011f\u0131md\u0131r. Anla\u015fmal\u0131 yat\u0131r\u0131md\u0131r. Para koymad\u0131. \u015eirket, kar ettikten sonra kar\u0131n KKTC\u2019ye g\u00f6re y\u00fczde 20\u2019si, kendi anla\u015fmam\u0131za g\u00f6re y\u00fczde 15\u2019ini alacak. Bug\u00fcne kadar yap\u0131lan t\u00fcm iddialar\u0131 as\u0131ls\u0131z ve yaland\u0131r. T\u00fcm mahkemeleri kaybetti. Bundan \u00fcz\u00fcnt\u00fc duyuyorum. Ke\u015fke b\u00f6yle davranmasayd\u0131. Ben burada m\u00fcteahhit de\u011filim yat\u0131r\u0131mc\u0131y\u0131m. Kendim kazanm\u0131\u015f oldu\u011fum ihalenin yat\u0131r\u0131m\u0131n\u0131 yap\u0131yorum. \u00c7o\u011fu zaman burada anlams\u0131z hadiseler ya\u015fad\u0131m. Ard\u0131ndan felaket oldu ve sadece zaman de\u011fil bu maliyet art\u0131\u015f\u0131na nenden oldu. Bana bir tek Euro vergi aff\u0131 yap\u0131lmad\u0131. Olmayan KDV benden tahsil edildi. \u0130halede 100 milyon Euro olarak \u00e7\u0131k\u0131ld\u0131 ama i\u00e7erisinde KDV yoktu.<\/p>\n<p>59 milyon Euro\u2019yu herkes vergi aff\u0131 olarak zannediyor. Benim alaca\u011f\u0131m 59 de\u011fil 250 milyon Euro\u2019dur. Bana bask\u0131 kurdular ve bizim 2016 y\u0131l\u0131nda bu konuda devlete a\u00e7m\u0131\u015f oldu\u011fumuz dava var. \u0130halenin hemen ard\u0131ndan devletin bize Ercan Havaliman\u0131 arazilerini teslim etmesi laz\u0131m. Aksi halde pisti ve terminal binas\u0131n\u0131 yapamazd\u0131k. 2017 y\u0131l\u0131nda bize o zamanki Bay\u0131nd\u0131rl\u0131k ve Ula\u015ft\u0131rma Bakan\u0131 k\u0131smi teslim yapt\u0131. Ama, sadece terminali yapabiliyorduk. Pistin \u00fczerinde orman vard\u0131r. Bize sonra havaliman\u0131n\u0131n yerini de\u011fi\u015ftirece\u011fiz dediler. Biz de oradaki a\u011fa\u00e7lar\u0131 ba\u015fka yere naklettik. Havaliman\u0131n\u0131 zaman\u0131nda yapamad\u0131\u011f\u0131m\u0131z i\u00e7in maliyetlerimiz artt\u0131. Bug\u00fcn oldu hen\u00fcz havaliman\u0131n\u0131n arazileri bana teslim edilmedi. \u0130\u015fte t\u00fcm bunlar bu paran\u0131n tazminat\u0131d\u0131r. Halen bana 1.5 milyon metrekare bana teslim edilmedi. Toplam alan ise 2.5 milyon metrekaredir. Bizim fiyatlar\u0131m\u0131z 3 lira iken 13 liraya \u00e7\u0131kt\u0131. Buras\u0131 \u00f6zelle\u015fmi\u015ftir. Taksiciler y\u0131lard\u0131r kira \u00f6demiyor. Arsalar teslim edilmesi diye biz g\u00fcne\u015f panellerinin yar\u0131s\u0131n\u0131 yapabildik.\u201d<\/p>\n<p>Ercan Havaliman\u0131\u2019ndaki kirac\u0131lar ile ilgili olarak da konu\u015fan Turanl\u0131, \u201cBenim \u00fc\u00e7 kirac\u0131m var. Biri Duty Free kirac\u0131s\u0131. Bir tanesi otopark ve reklam kirac\u0131s\u0131 di\u011feri ise restoran ve b\u00fcfeler kirac\u0131s\u0131d\u0131r. Bir kirac\u0131mdan \u00f6rnek olarak 10 lira istedim 5 liraya verdirdiler. Duty Free firmas\u0131na da kira garantisinde de indirim yapt\u0131k. Kanerler ile \u00e7ok iyi bir birlikteli\u011fimiz var. Ben, sizin t\u00fcm vatanda\u015flar\u0131n\u0131za destek oldum\u201d dedi.<\/p>\n<p>&nbsp;<\/p>\n<p><strong>Ercan\u2019daki trafik sorunun \u00e7\u00f6z\u00fcm\u00fc i\u00e7in \u00e7al\u0131\u015f\u0131yoruz <\/strong><\/p>\n<p>&nbsp;<\/p>\n<p>Ercan Havaliman\u0131\u2019ndaki trafik sorununu da dile getiren \u00a0Emrullah Turanl\u0131, Ba\u015fbakan ve Bay\u0131nd\u0131rl\u0131k ve Ula\u015ft\u0131rma Bakanl\u0131\u011f\u0131\u2019na konuyu s\u00fcrekli aktarmalar\u0131na ra\u011fmen \u00e7\u00f6z\u00fcm bulunamad\u0131\u011f\u0131n\u0131 son olarak ilgili bakanl\u0131\u011f\u0131n havaliman\u0131 i\u00e7erisinde yer alan yolun denetim ve kontrol\u00fcn\u00fc Bakanlar Kurulu karar\u0131 ile De\u011firmenlik Ak\u0131nc\u0131lar Belediyesi\u2019ne devretti\u011fini ifade etti.\u00a0 Turanl\u0131, Belediye Ba\u015fkan\u0131 heyeti ile T&amp;T yetkililerin \u015fu anda konuyu g\u00f6r\u00fc\u015ft\u00fcklerini ve en k\u0131sa zamanda bir \u00e7\u00f6z\u00fcm yolu bulmay\u0131 ama\u00e7lad\u0131klar\u0131n\u0131 s\u00f6yledi.<\/p>\n<p>&nbsp;<\/p>\n<p><strong>\u201cBen K\u0131br\u0131s\u2019\u0131 seviyorum. K\u0131br\u0131s halk\u0131n\u0131 seviyorum\u201d\u00a0\u00a0\u00a0\u00a0\u00a0\u00a0 <\/strong><\/p>\n<p>&nbsp;<\/p>\n<p>Turanl\u0131, ya\u015fad\u0131\u011f\u0131 t\u00fcm s\u0131k\u0131nt\u0131lara ra\u011fmen adadan gitmedi\u011fini \u00a0sorusuna ise \u015fu cevab\u0131 verdi:<\/p>\n<p>\u201cBen K\u0131br\u0131s\u2019\u0131 \u00e7ok seviyorum. Girne\u2019de evim var. Stresimi denize girerek at\u0131yorum. Ben K\u0131br\u0131s\u2019tan hi\u00e7 gitmeyece\u011fim. Kovsan\u0131z gitmem. K\u0131br\u0131s halk\u0131n\u0131 seviyorum. Ben ba\u015far\u0131l\u0131 bir adam\u0131m. T\u00fcrkiye\u2019de Partilerimizin i\u00e7ene bula\u015fm\u0131\u015f kemirgenler bana 3 milyar Euro zarar verdiler. Ben T\u00fcrkiye\u2019de ve \u00fclkemde ba\u015far\u0131l\u0131 olaca\u011f\u0131m kazand\u0131rd\u0131m ve kazanmaya da devam edece\u011fim.<\/p>\n","protected":false},"excerpt":{"rendered":"<p>T&amp;T Havaliman\u0131 \u0130\u015fletmecili\u011fi Y\u00f6netim Kurulu Ba\u015fkan\u0131 Emrullah Turanl\u0131, en son teknoloji ile donat\u0131lan do\u011fa dostu yap\u0131s\u0131 ve modern mimarisi ile g\u00f6z dolduran teknolojik bir eser olan Ercan Havaliman\u0131\u2019n\u0131 K\u0131br\u0131s halk\u0131na kazand\u0131rd\u0131klar\u0131n\u0131 ifade etti. &nbsp; T&amp;T Havaliman\u0131 \u0130\u015fletmecili\u011fi Y\u00f6netim Kurulu Ba\u015fkan\u0131 Emrullah Turanl\u0131, 13 y\u0131l \u00f6nce Kuzey K\u0131br\u0131s\u2019a bir inan\u00e7la geldi\u011fini ve Ercan Havaliman\u0131\u2019n\u0131n ihalesini \u00e7ok [&hellip;]<\/p>\n","protected":false},"author":1,"featured_media":34384,"comment_status":"open","ping_status":"open","sticky":false,"template":"","format":"standard","meta":{"jnews-multi-image_gallery":[],"jnews_single_post":[],"jnews_primary_category":[],"jnews_social_meta":[],"jnews_override_counter":[],"footnotes":""},"categories":[1],"tags":[],"class_list":["post-34383","post","type-post","status-publish","format-standard","has-post-thumbnail","hentry","category-kibris"],"yoast_head":"<!-- This site is optimized with the Yoast SEO plugin v27.5 - https:\/\/yoast.com\/product\/yoast-seo-wordpress\/ -->\n<title>Turanl\u0131: K\u0131br\u0131s halk\u0131na K\u0131br\u0131s\u2019\u0131n alt\u0131n anahtar\u0131n\u0131 verdik - Haber Ver K\u0131br\u0131s<\/title>\n<meta name=\"robots\" content=\"index, follow, max-snippet:-1, max-image-preview:large, max-video-preview:-1\" \/>\n<link rel=\"canonical\" href=\"https:\/\/haberverkibris.com\/index.php\/2026\/04\/29\/turanli-kibris-halkina-kibrisin-altin-anahtarini-verdik\/\" \/>\n<meta property=\"og:locale\" content=\"tr_TR\" \/>\n<meta property=\"og:type\" content=\"article\" \/>\n<meta property=\"og:title\" content=\"Turanl\u0131: K\u0131br\u0131s halk\u0131na K\u0131br\u0131s\u2019\u0131n alt\u0131n anahtar\u0131n\u0131 verdik - Haber Ver K\u0131br\u0131s\" \/>\n<meta property=\"og:description\" content=\"T&amp;T Havaliman\u0131 \u0130\u015fletmecili\u011fi Y\u00f6netim Kurulu Ba\u015fkan\u0131 Emrullah Turanl\u0131, en son teknoloji ile donat\u0131lan do\u011fa dostu yap\u0131s\u0131 ve modern mimarisi ile g\u00f6z dolduran teknolojik bir eser olan Ercan Havaliman\u0131\u2019n\u0131 K\u0131br\u0131s halk\u0131na kazand\u0131rd\u0131klar\u0131n\u0131 ifade etti. &nbsp; T&amp;T Havaliman\u0131 \u0130\u015fletmecili\u011fi Y\u00f6netim Kurulu Ba\u015fkan\u0131 Emrullah Turanl\u0131, 13 y\u0131l \u00f6nce Kuzey K\u0131br\u0131s\u2019a bir inan\u00e7la geldi\u011fini ve Ercan Havaliman\u0131\u2019n\u0131n ihalesini \u00e7ok [&hellip;]\" \/>\n<meta property=\"og:url\" content=\"https:\/\/haberverkibris.com\/index.php\/2026\/04\/29\/turanli-kibris-halkina-kibrisin-altin-anahtarini-verdik\/\" \/>\n<meta property=\"og:site_name\" content=\"Haber Ver K\u0131br\u0131s\" \/>\n<meta property=\"article:publisher\" content=\"https:\/\/www.facebook.com\/kuzeyinsesii\" \/>\n<meta property=\"article:published_time\" content=\"2026-04-29T08:38:37+00:00\" \/>\n<meta property=\"article:modified_time\" content=\"2026-04-29T08:38:50+00:00\" \/>\n<meta property=\"og:image\" content=\"https:\/\/haberverkibris.com\/wp-content\/uploads\/2026\/04\/WhatsApp-Image-2026-04-29-at-11.23.20-1.jpeg\" \/>\n\t<meta property=\"og:image:width\" content=\"663\" \/>\n\t<meta property=\"og:image:height\" content=\"536\" \/>\n\t<meta property=\"og:image:type\" content=\"image\/jpeg\" \/>\n<meta name=\"author\" content=\"Haberver K\u0131br\u0131s\" \/>\n<meta name=\"twitter:card\" content=\"summary_large_image\" \/>\n<meta name=\"twitter:creator\" content=\"@kuzeyinsesii\" \/>\n<meta name=\"twitter:site\" content=\"@kuzeyinsesii\" \/>\n<meta name=\"twitter:label1\" content=\"Yazan:\" \/>\n\t<meta name=\"twitter:data1\" content=\"Haberver K\u0131br\u0131s\" \/>\n\t<meta name=\"twitter:label2\" content=\"Tahmini okuma s\u00fcresi\" \/>\n\t<meta name=\"twitter:data2\" content=\"9 dakika\" \/>\n<script type=\"application\/ld+json\" class=\"yoast-schema-graph\">{\"@context\":\"https:\\\/\\\/schema.org\",\"@graph\":[{\"@type\":\"Article\",\"@id\":\"https:\\\/\\\/haberverkibris.com\\\/index.php\\\/2026\\\/04\\\/29\\\/turanli-kibris-halkina-kibrisin-altin-anahtarini-verdik\\\/#article\",\"isPartOf\":{\"@id\":\"https:\\\/\\\/haberverkibris.com\\\/index.php\\\/2026\\\/04\\\/29\\\/turanli-kibris-halkina-kibrisin-altin-anahtarini-verdik\\\/\"},\"author\":{\"name\":\"Haberver K\u0131br\u0131s\",\"@id\":\"https:\\\/\\\/haberverkibris.com\\\/#\\\/schema\\\/person\\\/29d65381ed43765483b5a185ded66a56\"},\"headline\":\"Turanl\u0131: K\u0131br\u0131s halk\u0131na K\u0131br\u0131s\u2019\u0131n alt\u0131n anahtar\u0131n\u0131 verdik\",\"datePublished\":\"2026-04-29T08:38:37+00:00\",\"dateModified\":\"2026-04-29T08:38:50+00:00\",\"mainEntityOfPage\":{\"@id\":\"https:\\\/\\\/haberverkibris.com\\\/index.php\\\/2026\\\/04\\\/29\\\/turanli-kibris-halkina-kibrisin-altin-anahtarini-verdik\\\/\"},\"wordCount\":1752,\"commentCount\":0,\"image\":{\"@id\":\"https:\\\/\\\/haberverkibris.com\\\/index.php\\\/2026\\\/04\\\/29\\\/turanli-kibris-halkina-kibrisin-altin-anahtarini-verdik\\\/#primaryimage\"},\"thumbnailUrl\":\"https:\\\/\\\/haberverkibris.com\\\/wp-content\\\/uploads\\\/2026\\\/04\\\/WhatsApp-Image-2026-04-29-at-11.23.20-1.jpeg\",\"articleSection\":[\"K\u0131br\u0131s\"],\"inLanguage\":\"tr\",\"potentialAction\":[{\"@type\":\"CommentAction\",\"name\":\"Comment\",\"target\":[\"https:\\\/\\\/haberverkibris.com\\\/index.php\\\/2026\\\/04\\\/29\\\/turanli-kibris-halkina-kibrisin-altin-anahtarini-verdik\\\/#respond\"]}]},{\"@type\":\"WebPage\",\"@id\":\"https:\\\/\\\/haberverkibris.com\\\/index.php\\\/2026\\\/04\\\/29\\\/turanli-kibris-halkina-kibrisin-altin-anahtarini-verdik\\\/\",\"url\":\"https:\\\/\\\/haberverkibris.com\\\/index.php\\\/2026\\\/04\\\/29\\\/turanli-kibris-halkina-kibrisin-altin-anahtarini-verdik\\\/\",\"name\":\"Turanl\u0131: K\u0131br\u0131s halk\u0131na K\u0131br\u0131s\u2019\u0131n alt\u0131n anahtar\u0131n\u0131 verdik - Haber Ver K\u0131br\u0131s\",\"isPartOf\":{\"@id\":\"https:\\\/\\\/haberverkibris.com\\\/#website\"},\"primaryImageOfPage\":{\"@id\":\"https:\\\/\\\/haberverkibris.com\\\/index.php\\\/2026\\\/04\\\/29\\\/turanli-kibris-halkina-kibrisin-altin-anahtarini-verdik\\\/#primaryimage\"},\"image\":{\"@id\":\"https:\\\/\\\/haberverkibris.com\\\/index.php\\\/2026\\\/04\\\/29\\\/turanli-kibris-halkina-kibrisin-altin-anahtarini-verdik\\\/#primaryimage\"},\"thumbnailUrl\":\"https:\\\/\\\/haberverkibris.com\\\/wp-content\\\/uploads\\\/2026\\\/04\\\/WhatsApp-Image-2026-04-29-at-11.23.20-1.jpeg\",\"datePublished\":\"2026-04-29T08:38:37+00:00\",\"dateModified\":\"2026-04-29T08:38:50+00:00\",\"author\":{\"@id\":\"https:\\\/\\\/haberverkibris.com\\\/#\\\/schema\\\/person\\\/29d65381ed43765483b5a185ded66a56\"},\"breadcrumb\":{\"@id\":\"https:\\\/\\\/haberverkibris.com\\\/index.php\\\/2026\\\/04\\\/29\\\/turanli-kibris-halkina-kibrisin-altin-anahtarini-verdik\\\/#breadcrumb\"},\"inLanguage\":\"tr\",\"potentialAction\":[{\"@type\":\"ReadAction\",\"target\":[\"https:\\\/\\\/haberverkibris.com\\\/index.php\\\/2026\\\/04\\\/29\\\/turanli-kibris-halkina-kibrisin-altin-anahtarini-verdik\\\/\"]}]},{\"@type\":\"ImageObject\",\"inLanguage\":\"tr\",\"@id\":\"https:\\\/\\\/haberverkibris.com\\\/index.php\\\/2026\\\/04\\\/29\\\/turanli-kibris-halkina-kibrisin-altin-anahtarini-verdik\\\/#primaryimage\",\"url\":\"https:\\\/\\\/haberverkibris.com\\\/wp-content\\\/uploads\\\/2026\\\/04\\\/WhatsApp-Image-2026-04-29-at-11.23.20-1.jpeg\",\"contentUrl\":\"https:\\\/\\\/haberverkibris.com\\\/wp-content\\\/uploads\\\/2026\\\/04\\\/WhatsApp-Image-2026-04-29-at-11.23.20-1.jpeg\",\"width\":663,\"height\":536},{\"@type\":\"BreadcrumbList\",\"@id\":\"https:\\\/\\\/haberverkibris.com\\\/index.php\\\/2026\\\/04\\\/29\\\/turanli-kibris-halkina-kibrisin-altin-anahtarini-verdik\\\/#breadcrumb\",\"itemListElement\":[{\"@type\":\"ListItem\",\"position\":1,\"name\":\"Anasayfa\",\"item\":\"https:\\\/\\\/haberverkibris.com\\\/\"},{\"@type\":\"ListItem\",\"position\":2,\"name\":\"Turanl\u0131: K\u0131br\u0131s halk\u0131na K\u0131br\u0131s\u2019\u0131n alt\u0131n anahtar\u0131n\u0131 verdik\"}]},{\"@type\":\"WebSite\",\"@id\":\"https:\\\/\\\/haberverkibris.com\\\/#website\",\"url\":\"https:\\\/\\\/haberverkibris.com\\\/\",\"name\":\"Kuzeyin Sesi\",\"description\":\"Do\u011fru Haberin Adresi\",\"potentialAction\":[{\"@type\":\"SearchAction\",\"target\":{\"@type\":\"EntryPoint\",\"urlTemplate\":\"https:\\\/\\\/haberverkibris.com\\\/?s={search_term_string}\"},\"query-input\":{\"@type\":\"PropertyValueSpecification\",\"valueRequired\":true,\"valueName\":\"search_term_string\"}}],\"inLanguage\":\"tr\"},{\"@type\":\"Person\",\"@id\":\"https:\\\/\\\/haberverkibris.com\\\/#\\\/schema\\\/person\\\/29d65381ed43765483b5a185ded66a56\",\"name\":\"Haberver K\u0131br\u0131s\",\"image\":{\"@type\":\"ImageObject\",\"inLanguage\":\"tr\",\"@id\":\"https:\\\/\\\/secure.gravatar.com\\\/avatar\\\/bab33852abfd8b282518d6ed81826833d77c3c882d9ab608add591ccace47a44?s=96&d=mm&r=g\",\"url\":\"https:\\\/\\\/secure.gravatar.com\\\/avatar\\\/bab33852abfd8b282518d6ed81826833d77c3c882d9ab608add591ccace47a44?s=96&d=mm&r=g\",\"contentUrl\":\"https:\\\/\\\/secure.gravatar.com\\\/avatar\\\/bab33852abfd8b282518d6ed81826833d77c3c882d9ab608add591ccace47a44?s=96&d=mm&r=g\",\"caption\":\"Haberver K\u0131br\u0131s\"},\"sameAs\":[\"https:\\\/\\\/haberverkibris.com\"],\"url\":\"https:\\\/\\\/haberverkibris.com\\\/index.php\\\/author\\\/guven\\\/\"}]}<\/script>\n<!-- \/ Yoast SEO plugin. -->","yoast_head_json":{"title":"Turanl\u0131: K\u0131br\u0131s halk\u0131na K\u0131br\u0131s\u2019\u0131n alt\u0131n anahtar\u0131n\u0131 verdik - Haber Ver K\u0131br\u0131s","robots":{"index":"index","follow":"follow","max-snippet":"max-snippet:-1","max-image-preview":"max-image-preview:large","max-video-preview":"max-video-preview:-1"},"canonical":"https:\/\/haberverkibris.com\/index.php\/2026\/04\/29\/turanli-kibris-halkina-kibrisin-altin-anahtarini-verdik\/","og_locale":"tr_TR","og_type":"article","og_title":"Turanl\u0131: K\u0131br\u0131s halk\u0131na K\u0131br\u0131s\u2019\u0131n alt\u0131n anahtar\u0131n\u0131 verdik - Haber Ver K\u0131br\u0131s","og_description":"T&amp;T Havaliman\u0131 \u0130\u015fletmecili\u011fi Y\u00f6netim Kurulu Ba\u015fkan\u0131 Emrullah Turanl\u0131, en son teknoloji ile donat\u0131lan do\u011fa dostu yap\u0131s\u0131 ve modern mimarisi ile g\u00f6z dolduran teknolojik bir eser olan Ercan Havaliman\u0131\u2019n\u0131 K\u0131br\u0131s halk\u0131na kazand\u0131rd\u0131klar\u0131n\u0131 ifade etti. &nbsp; T&amp;T Havaliman\u0131 \u0130\u015fletmecili\u011fi Y\u00f6netim Kurulu Ba\u015fkan\u0131 Emrullah Turanl\u0131, 13 y\u0131l \u00f6nce Kuzey K\u0131br\u0131s\u2019a bir inan\u00e7la geldi\u011fini ve Ercan Havaliman\u0131\u2019n\u0131n ihalesini \u00e7ok [&hellip;]","og_url":"https:\/\/haberverkibris.com\/index.php\/2026\/04\/29\/turanli-kibris-halkina-kibrisin-altin-anahtarini-verdik\/","og_site_name":"Haber Ver K\u0131br\u0131s","article_publisher":"https:\/\/www.facebook.com\/kuzeyinsesii","article_published_time":"2026-04-29T08:38:37+00:00","article_modified_time":"2026-04-29T08:38:50+00:00","og_image":[{"width":663,"height":536,"url":"https:\/\/haberverkibris.com\/wp-content\/uploads\/2026\/04\/WhatsApp-Image-2026-04-29-at-11.23.20-1.jpeg","type":"image\/jpeg"}],"author":"Haberver K\u0131br\u0131s","twitter_card":"summary_large_image","twitter_creator":"@kuzeyinsesii","twitter_site":"@kuzeyinsesii","twitter_misc":{"Yazan:":"Haberver K\u0131br\u0131s","Tahmini okuma s\u00fcresi":"9 dakika"},"schema":{"@context":"https:\/\/schema.org","@graph":[{"@type":"Article","@id":"https:\/\/haberverkibris.com\/index.php\/2026\/04\/29\/turanli-kibris-halkina-kibrisin-altin-anahtarini-verdik\/#article","isPartOf":{"@id":"https:\/\/haberverkibris.com\/index.php\/2026\/04\/29\/turanli-kibris-halkina-kibrisin-altin-anahtarini-verdik\/"},"author":{"name":"Haberver K\u0131br\u0131s","@id":"https:\/\/haberverkibris.com\/#\/schema\/person\/29d65381ed43765483b5a185ded66a56"},"headline":"Turanl\u0131: K\u0131br\u0131s halk\u0131na K\u0131br\u0131s\u2019\u0131n alt\u0131n anahtar\u0131n\u0131 verdik","datePublished":"2026-04-29T08:38:37+00:00","dateModified":"2026-04-29T08:38:50+00:00","mainEntityOfPage":{"@id":"https:\/\/haberverkibris.com\/index.php\/2026\/04\/29\/turanli-kibris-halkina-kibrisin-altin-anahtarini-verdik\/"},"wordCount":1752,"commentCount":0,"image":{"@id":"https:\/\/haberverkibris.com\/index.php\/2026\/04\/29\/turanli-kibris-halkina-kibrisin-altin-anahtarini-verdik\/#primaryimage"},"thumbnailUrl":"https:\/\/haberverkibris.com\/wp-content\/uploads\/2026\/04\/WhatsApp-Image-2026-04-29-at-11.23.20-1.jpeg","articleSection":["K\u0131br\u0131s"],"inLanguage":"tr","potentialAction":[{"@type":"CommentAction","name":"Comment","target":["https:\/\/haberverkibris.com\/index.php\/2026\/04\/29\/turanli-kibris-halkina-kibrisin-altin-anahtarini-verdik\/#respond"]}]},{"@type":"WebPage","@id":"https:\/\/haberverkibris.com\/index.php\/2026\/04\/29\/turanli-kibris-halkina-kibrisin-altin-anahtarini-verdik\/","url":"https:\/\/haberverkibris.com\/index.php\/2026\/04\/29\/turanli-kibris-halkina-kibrisin-altin-anahtarini-verdik\/","name":"Turanl\u0131: K\u0131br\u0131s halk\u0131na K\u0131br\u0131s\u2019\u0131n alt\u0131n anahtar\u0131n\u0131 verdik - Haber Ver K\u0131br\u0131s","isPartOf":{"@id":"https:\/\/haberverkibris.com\/#website"},"primaryImageOfPage":{"@id":"https:\/\/haberverkibris.com\/index.php\/2026\/04\/29\/turanli-kibris-halkina-kibrisin-altin-anahtarini-verdik\/#primaryimage"},"image":{"@id":"https:\/\/haberverkibris.com\/index.php\/2026\/04\/29\/turanli-kibris-halkina-kibrisin-altin-anahtarini-verdik\/#primaryimage"},"thumbnailUrl":"https:\/\/haberverkibris.com\/wp-content\/uploads\/2026\/04\/WhatsApp-Image-2026-04-29-at-11.23.20-1.jpeg","datePublished":"2026-04-29T08:38:37+00:00","dateModified":"2026-04-29T08:38:50+00:00","author":{"@id":"https:\/\/haberverkibris.com\/#\/schema\/person\/29d65381ed43765483b5a185ded66a56"},"breadcrumb":{"@id":"https:\/\/haberverkibris.com\/index.php\/2026\/04\/29\/turanli-kibris-halkina-kibrisin-altin-anahtarini-verdik\/#breadcrumb"},"inLanguage":"tr","potentialAction":[{"@type":"ReadAction","target":["https:\/\/haberverkibris.com\/index.php\/2026\/04\/29\/turanli-kibris-halkina-kibrisin-altin-anahtarini-verdik\/"]}]},{"@type":"ImageObject","inLanguage":"tr","@id":"https:\/\/haberverkibris.com\/index.php\/2026\/04\/29\/turanli-kibris-halkina-kibrisin-altin-anahtarini-verdik\/#primaryimage","url":"https:\/\/haberverkibris.com\/wp-content\/uploads\/2026\/04\/WhatsApp-Image-2026-04-29-at-11.23.20-1.jpeg","contentUrl":"https:\/\/haberverkibris.com\/wp-content\/uploads\/2026\/04\/WhatsApp-Image-2026-04-29-at-11.23.20-1.jpeg","width":663,"height":536},{"@type":"BreadcrumbList","@id":"https:\/\/haberverkibris.com\/index.php\/2026\/04\/29\/turanli-kibris-halkina-kibrisin-altin-anahtarini-verdik\/#breadcrumb","itemListElement":[{"@type":"ListItem","position":1,"name":"Anasayfa","item":"https:\/\/haberverkibris.com\/"},{"@type":"ListItem","position":2,"name":"Turanl\u0131: K\u0131br\u0131s halk\u0131na K\u0131br\u0131s\u2019\u0131n alt\u0131n anahtar\u0131n\u0131 verdik"}]},{"@type":"WebSite","@id":"https:\/\/haberverkibris.com\/#website","url":"https:\/\/haberverkibris.com\/","name":"Kuzeyin Sesi","description":"Do\u011fru Haberin Adresi","potentialAction":[{"@type":"SearchAction","target":{"@type":"EntryPoint","urlTemplate":"https:\/\/haberverkibris.com\/?s={search_term_string}"},"query-input":{"@type":"PropertyValueSpecification","valueRequired":true,"valueName":"search_term_string"}}],"inLanguage":"tr"},{"@type":"Person","@id":"https:\/\/haberverkibris.com\/#\/schema\/person\/29d65381ed43765483b5a185ded66a56","name":"Haberver K\u0131br\u0131s","image":{"@type":"ImageObject","inLanguage":"tr","@id":"https:\/\/secure.gravatar.com\/avatar\/bab33852abfd8b282518d6ed81826833d77c3c882d9ab608add591ccace47a44?s=96&d=mm&r=g","url":"https:\/\/secure.gravatar.com\/avatar\/bab33852abfd8b282518d6ed81826833d77c3c882d9ab608add591ccace47a44?s=96&d=mm&r=g","contentUrl":"https:\/\/secure.gravatar.com\/avatar\/bab33852abfd8b282518d6ed81826833d77c3c882d9ab608add591ccace47a44?s=96&d=mm&r=g","caption":"Haberver K\u0131br\u0131s"},"sameAs":["https:\/\/haberverkibris.com"],"url":"https:\/\/haberverkibris.com\/index.php\/author\/guven\/"}]}},"_links":{"self":[{"href":"https:\/\/haberverkibris.com\/index.php\/wp-json\/wp\/v2\/posts\/34383","targetHints":{"allow":["GET"]}}],"collection":[{"href":"https:\/\/haberverkibris.com\/index.php\/wp-json\/wp\/v2\/posts"}],"about":[{"href":"https:\/\/haberverkibris.com\/index.php\/wp-json\/wp\/v2\/types\/post"}],"author":[{"embeddable":true,"href":"https:\/\/haberverkibris.com\/index.php\/wp-json\/wp\/v2\/users\/1"}],"replies":[{"embeddable":true,"href":"https:\/\/haberverkibris.com\/index.php\/wp-json\/wp\/v2\/comments?post=34383"}],"version-history":[{"count":1,"href":"https:\/\/haberverkibris.com\/index.php\/wp-json\/wp\/v2\/posts\/34383\/revisions"}],"predecessor-version":[{"id":34385,"href":"https:\/\/haberverkibris.com\/index.php\/wp-json\/wp\/v2\/posts\/34383\/revisions\/34385"}],"wp:featuredmedia":[{"embeddable":true,"href":"https:\/\/haberverkibris.com\/index.php\/wp-json\/wp\/v2\/media\/34384"}],"wp:attachment":[{"href":"https:\/\/haberverkibris.com\/index.php\/wp-json\/wp\/v2\/media?parent=34383"}],"wp:term":[{"taxonomy":"category","embeddable":true,"href":"https:\/\/haberverkibris.com\/index.php\/wp-json\/wp\/v2\/categories?post=34383"},{"taxonomy":"post_tag","embeddable":true,"href":"https:\/\/haberverkibris.com\/index.php\/wp-json\/wp\/v2\/tags?post=34383"}],"curies":[{"name":"wp","href":"https:\/\/api.w.org\/{rel}","templated":true}]}}