{"id":34380,"date":"2026-04-29T11:14:45","date_gmt":"2026-04-29T08:14:45","guid":{"rendered":"https:\/\/haberverkibris.com\/index.php\/2026\/04\/29\/kibris-turk-genclik-senatosunun-1-donem-uyeleri-belirlendi\/"},"modified":"2026-04-29T11:14:57","modified_gmt":"2026-04-29T08:14:57","slug":"kibris-turk-genclik-senatosunun-1-donem-uyeleri-belirlendi","status":"publish","type":"post","link":"https:\/\/haberverkibris.com\/index.php\/2026\/04\/29\/kibris-turk-genclik-senatosunun-1-donem-uyeleri-belirlendi\/","title":{"rendered":"K\u0131br\u0131s T\u00fcrk Gen\u00e7lik Senatosu\u2019nun 1. d\u00f6nem \u00fcyeleri belirlendi"},"content":{"rendered":"<p style=\"font-weight: 300\"><span style=\"font-weight: 300 !important\">K\u0131br\u0131s T\u00fcrk Gen\u00e7lik Senatosu\u2019nun 1. d\u00f6nem \u00fcyeleri belirlendi.<\/span><\/p>\n<p style=\"font-weight: 300\"><span style=\"font-weight: 300 !important\">\u0130lk kez faaliyete ge\u00e7ecek Senato\u2019da g\u00f6rev alacak \u00fcyeler, 1 May\u0131s itibar\u0131yla g\u00f6revlerine ba\u015flayacak.\u00a0<\/span><span style=\"font-weight: 300 !important\">Gen\u00e7lik Federasyonu b\u00fcnyesinde olu\u015fturulan Gen\u00e7lik Senatosu\u2019nun, gen\u00e7lik politikalar\u0131 ve \u00fclke meselelerine farkl\u0131 alanlardan katk\u0131 sunmas\u0131 hedefleniyor.\u00a0<\/span><\/p>\n<p style=\"font-weight: 300\"><span style=\"font-weight: 300 !important\">Gen\u00e7lik Federasyonu&#8217;ndan yap\u0131lan a\u00e7\u0131klamada, senato \u00fcyelerinin, Gen\u00e7lik Federasyonu Merkez Konseyi\u2019nin \u00f6nerisi ve K\u0131br\u0131s T\u00fcrk Gen\u00e7lik Meclisi\u2019nin oylar\u0131yla belirlendi\u011fi belirtilerek, \u00fcyelerin belirlenmesinde, farkl\u0131 sekt\u00f6r ve disiplinlerden gelen, K\u0131br\u0131sl\u0131 T\u00fcrk gen\u00e7li\u011fini temsil edebilecek isimlere yer verildi\u011fi kaydedildi.<\/span><\/p>\n<ol>\n<li style=\"font-weight: 300\"><span style=\"font-weight: 300 !important\"> D\u00f6nem Gen\u00e7lik Senatosu \u00fcyeleri \u015fu isimlerden olu\u015ftu:<\/span><\/li>\n<\/ol>\n<p style=\"font-weight: 300\"><span style=\"font-weight: 300 !important\">\u201cG\u00f6rkem Akilhoca, Eren Akta\u015f, Zeynep Tuna Ark\u0131n, Mehmet Atakol, Onat Ataman, Yasemin Ayg\u0131n, Vedia Bak\u0131ro\u011flu, Hatice Benan Bi\u00e7ent\u00fcrk, Adil Bey, Ya\u011f\u0131\u015f Bey, Deniz Besim, Ali Furkan \u00c7etiner, Denis Dinand, Yaren Fad\u0131lo\u011fullar\u0131, Erten Gazi, Meltem G\u00f6k\u00e7ebel, \u015eenay G\u00f6k\u00e7ebel, Mehmet G\u00f6ksu, O\u011fuz Ufuk Haksever, Turhan H\u0131zl\u0131, Ege Ka\u00e7maz, Mete Morris, Selin \u00d6rek, \u0130layda \u00d6zbeko\u011flu, Mustafa \u00d6zbilgehan, Mustafa \u00d6zkaynak, Selin \u00d6zuslu, Soner \u00d6zyal\u00e7\u0131n, Enes Talha Sara\u00e7, Azra Say, Ard\u0131\u00e7 Ta\u015fc\u0131o\u011flu, G\u00f6rsev Tepe, S\u00fcrel Pembe Ulu\u00e7ay, G\u00fcl\u015fen \u00dcnveren, Mert Y\u00fccel, Nesrin Y\u00fcceula\u015f.\u201d<\/span><\/p>\n","protected":false},"excerpt":{"rendered":"<p>K\u0131br\u0131s T\u00fcrk Gen\u00e7lik Senatosu\u2019nun 1. d\u00f6nem \u00fcyeleri belirlendi. \u0130lk kez faaliyete ge\u00e7ecek Senato\u2019da g\u00f6rev alacak \u00fcyeler, 1 May\u0131s itibar\u0131yla g\u00f6revlerine ba\u015flayacak.\u00a0Gen\u00e7lik Federasyonu b\u00fcnyesinde olu\u015fturulan Gen\u00e7lik Senatosu\u2019nun, gen\u00e7lik politikalar\u0131 ve \u00fclke meselelerine farkl\u0131 alanlardan katk\u0131 sunmas\u0131 hedefleniyor.\u00a0 Gen\u00e7lik Federasyonu&#8217;ndan yap\u0131lan a\u00e7\u0131klamada, senato \u00fcyelerinin, Gen\u00e7lik Federasyonu Merkez Konseyi\u2019nin \u00f6nerisi ve K\u0131br\u0131s T\u00fcrk Gen\u00e7lik Meclisi\u2019nin oylar\u0131yla belirlendi\u011fi belirtilerek, [&hellip;]<\/p>\n","protected":false},"author":1,"featured_media":34381,"comment_status":"open","ping_status":"open","sticky":false,"template":"","format":"standard","meta":{"jnews-multi-image_gallery":[],"jnews_single_post":[],"jnews_primary_category":[],"jnews_social_meta":[],"jnews_override_counter":[],"footnotes":""},"categories":[1],"tags":[],"class_list":["post-34380","post","type-post","status-publish","format-standard","has-post-thumbnail","hentry","category-kibris"],"yoast_head":"<!-- This site is optimized with the Yoast SEO plugin v27.5 - https:\/\/yoast.com\/product\/yoast-seo-wordpress\/ -->\n<title>K\u0131br\u0131s T\u00fcrk Gen\u00e7lik Senatosu\u2019nun 1. d\u00f6nem \u00fcyeleri belirlendi - Haber Ver K\u0131br\u0131s<\/title>\n<meta name=\"robots\" content=\"index, follow, max-snippet:-1, max-image-preview:large, max-video-preview:-1\" \/>\n<link rel=\"canonical\" href=\"https:\/\/haberverkibris.com\/index.php\/2026\/04\/29\/kibris-turk-genclik-senatosunun-1-donem-uyeleri-belirlendi\/\" \/>\n<meta property=\"og:locale\" content=\"tr_TR\" \/>\n<meta property=\"og:type\" content=\"article\" \/>\n<meta property=\"og:title\" content=\"K\u0131br\u0131s T\u00fcrk Gen\u00e7lik Senatosu\u2019nun 1. d\u00f6nem \u00fcyeleri belirlendi - Haber Ver K\u0131br\u0131s\" \/>\n<meta property=\"og:description\" content=\"K\u0131br\u0131s T\u00fcrk Gen\u00e7lik Senatosu\u2019nun 1. d\u00f6nem \u00fcyeleri belirlendi. \u0130lk kez faaliyete ge\u00e7ecek Senato\u2019da g\u00f6rev alacak \u00fcyeler, 1 May\u0131s itibar\u0131yla g\u00f6revlerine ba\u015flayacak.\u00a0Gen\u00e7lik Federasyonu b\u00fcnyesinde olu\u015fturulan Gen\u00e7lik Senatosu\u2019nun, gen\u00e7lik politikalar\u0131 ve \u00fclke meselelerine farkl\u0131 alanlardan katk\u0131 sunmas\u0131 hedefleniyor.\u00a0 Gen\u00e7lik Federasyonu&#8217;ndan yap\u0131lan a\u00e7\u0131klamada, senato \u00fcyelerinin, Gen\u00e7lik Federasyonu Merkez Konseyi\u2019nin \u00f6nerisi ve K\u0131br\u0131s T\u00fcrk Gen\u00e7lik Meclisi\u2019nin oylar\u0131yla belirlendi\u011fi belirtilerek, [&hellip;]\" \/>\n<meta property=\"og:url\" content=\"https:\/\/haberverkibris.com\/index.php\/2026\/04\/29\/kibris-turk-genclik-senatosunun-1-donem-uyeleri-belirlendi\/\" \/>\n<meta property=\"og:site_name\" content=\"Haber Ver K\u0131br\u0131s\" \/>\n<meta property=\"article:publisher\" content=\"https:\/\/www.facebook.com\/kuzeyinsesii\" \/>\n<meta property=\"article:published_time\" content=\"2026-04-29T08:14:45+00:00\" \/>\n<meta property=\"article:modified_time\" content=\"2026-04-29T08:14:57+00:00\" \/>\n<meta property=\"og:image\" content=\"https:\/\/haberverkibris.com\/wp-content\/uploads\/2026\/04\/1777445201673Ekran-Goruntusu-317.png\" \/>\n\t<meta property=\"og:image:width\" content=\"836\" \/>\n\t<meta property=\"og:image:height\" content=\"575\" \/>\n\t<meta property=\"og:image:type\" content=\"image\/png\" \/>\n<meta name=\"author\" content=\"Haberver K\u0131br\u0131s\" \/>\n<meta name=\"twitter:card\" content=\"summary_large_image\" \/>\n<meta name=\"twitter:creator\" content=\"@kuzeyinsesii\" \/>\n<meta name=\"twitter:site\" content=\"@kuzeyinsesii\" \/>\n<meta name=\"twitter:label1\" content=\"Yazan:\" \/>\n\t<meta name=\"twitter:data1\" content=\"Haberver K\u0131br\u0131s\" \/>\n\t<meta name=\"twitter:label2\" content=\"Tahmini okuma s\u00fcresi\" \/>\n\t<meta name=\"twitter:data2\" content=\"1 dakika\" \/>\n<script type=\"application\/ld+json\" class=\"yoast-schema-graph\">{\"@context\":\"https:\\\/\\\/schema.org\",\"@graph\":[{\"@type\":\"Article\",\"@id\":\"https:\\\/\\\/haberverkibris.com\\\/index.php\\\/2026\\\/04\\\/29\\\/kibris-turk-genclik-senatosunun-1-donem-uyeleri-belirlendi\\\/#article\",\"isPartOf\":{\"@id\":\"https:\\\/\\\/haberverkibris.com\\\/index.php\\\/2026\\\/04\\\/29\\\/kibris-turk-genclik-senatosunun-1-donem-uyeleri-belirlendi\\\/\"},\"author\":{\"name\":\"Haberver K\u0131br\u0131s\",\"@id\":\"https:\\\/\\\/haberverkibris.com\\\/#\\\/schema\\\/person\\\/29d65381ed43765483b5a185ded66a56\"},\"headline\":\"K\u0131br\u0131s T\u00fcrk Gen\u00e7lik Senatosu\u2019nun 1. d\u00f6nem \u00fcyeleri belirlendi\",\"datePublished\":\"2026-04-29T08:14:45+00:00\",\"dateModified\":\"2026-04-29T08:14:57+00:00\",\"mainEntityOfPage\":{\"@id\":\"https:\\\/\\\/haberverkibris.com\\\/index.php\\\/2026\\\/04\\\/29\\\/kibris-turk-genclik-senatosunun-1-donem-uyeleri-belirlendi\\\/\"},\"wordCount\":239,\"commentCount\":0,\"image\":{\"@id\":\"https:\\\/\\\/haberverkibris.com\\\/index.php\\\/2026\\\/04\\\/29\\\/kibris-turk-genclik-senatosunun-1-donem-uyeleri-belirlendi\\\/#primaryimage\"},\"thumbnailUrl\":\"https:\\\/\\\/haberverkibris.com\\\/wp-content\\\/uploads\\\/2026\\\/04\\\/1777445201673Ekran-Goruntusu-317.png\",\"articleSection\":[\"K\u0131br\u0131s\"],\"inLanguage\":\"tr\",\"potentialAction\":[{\"@type\":\"CommentAction\",\"name\":\"Comment\",\"target\":[\"https:\\\/\\\/haberverkibris.com\\\/index.php\\\/2026\\\/04\\\/29\\\/kibris-turk-genclik-senatosunun-1-donem-uyeleri-belirlendi\\\/#respond\"]}]},{\"@type\":\"WebPage\",\"@id\":\"https:\\\/\\\/haberverkibris.com\\\/index.php\\\/2026\\\/04\\\/29\\\/kibris-turk-genclik-senatosunun-1-donem-uyeleri-belirlendi\\\/\",\"url\":\"https:\\\/\\\/haberverkibris.com\\\/index.php\\\/2026\\\/04\\\/29\\\/kibris-turk-genclik-senatosunun-1-donem-uyeleri-belirlendi\\\/\",\"name\":\"K\u0131br\u0131s T\u00fcrk Gen\u00e7lik Senatosu\u2019nun 1. d\u00f6nem \u00fcyeleri belirlendi - Haber Ver K\u0131br\u0131s\",\"isPartOf\":{\"@id\":\"https:\\\/\\\/haberverkibris.com\\\/#website\"},\"primaryImageOfPage\":{\"@id\":\"https:\\\/\\\/haberverkibris.com\\\/index.php\\\/2026\\\/04\\\/29\\\/kibris-turk-genclik-senatosunun-1-donem-uyeleri-belirlendi\\\/#primaryimage\"},\"image\":{\"@id\":\"https:\\\/\\\/haberverkibris.com\\\/index.php\\\/2026\\\/04\\\/29\\\/kibris-turk-genclik-senatosunun-1-donem-uyeleri-belirlendi\\\/#primaryimage\"},\"thumbnailUrl\":\"https:\\\/\\\/haberverkibris.com\\\/wp-content\\\/uploads\\\/2026\\\/04\\\/1777445201673Ekran-Goruntusu-317.png\",\"datePublished\":\"2026-04-29T08:14:45+00:00\",\"dateModified\":\"2026-04-29T08:14:57+00:00\",\"author\":{\"@id\":\"https:\\\/\\\/haberverkibris.com\\\/#\\\/schema\\\/person\\\/29d65381ed43765483b5a185ded66a56\"},\"breadcrumb\":{\"@id\":\"https:\\\/\\\/haberverkibris.com\\\/index.php\\\/2026\\\/04\\\/29\\\/kibris-turk-genclik-senatosunun-1-donem-uyeleri-belirlendi\\\/#breadcrumb\"},\"inLanguage\":\"tr\",\"potentialAction\":[{\"@type\":\"ReadAction\",\"target\":[\"https:\\\/\\\/haberverkibris.com\\\/index.php\\\/2026\\\/04\\\/29\\\/kibris-turk-genclik-senatosunun-1-donem-uyeleri-belirlendi\\\/\"]}]},{\"@type\":\"ImageObject\",\"inLanguage\":\"tr\",\"@id\":\"https:\\\/\\\/haberverkibris.com\\\/index.php\\\/2026\\\/04\\\/29\\\/kibris-turk-genclik-senatosunun-1-donem-uyeleri-belirlendi\\\/#primaryimage\",\"url\":\"https:\\\/\\\/haberverkibris.com\\\/wp-content\\\/uploads\\\/2026\\\/04\\\/1777445201673Ekran-Goruntusu-317.png\",\"contentUrl\":\"https:\\\/\\\/haberverkibris.com\\\/wp-content\\\/uploads\\\/2026\\\/04\\\/1777445201673Ekran-Goruntusu-317.png\",\"width\":836,\"height\":575},{\"@type\":\"BreadcrumbList\",\"@id\":\"https:\\\/\\\/haberverkibris.com\\\/index.php\\\/2026\\\/04\\\/29\\\/kibris-turk-genclik-senatosunun-1-donem-uyeleri-belirlendi\\\/#breadcrumb\",\"itemListElement\":[{\"@type\":\"ListItem\",\"position\":1,\"name\":\"Anasayfa\",\"item\":\"https:\\\/\\\/haberverkibris.com\\\/\"},{\"@type\":\"ListItem\",\"position\":2,\"name\":\"K\u0131br\u0131s T\u00fcrk Gen\u00e7lik Senatosu\u2019nun 1. d\u00f6nem \u00fcyeleri belirlendi\"}]},{\"@type\":\"WebSite\",\"@id\":\"https:\\\/\\\/haberverkibris.com\\\/#website\",\"url\":\"https:\\\/\\\/haberverkibris.com\\\/\",\"name\":\"Kuzeyin Sesi\",\"description\":\"Do\u011fru Haberin Adresi\",\"potentialAction\":[{\"@type\":\"SearchAction\",\"target\":{\"@type\":\"EntryPoint\",\"urlTemplate\":\"https:\\\/\\\/haberverkibris.com\\\/?s={search_term_string}\"},\"query-input\":{\"@type\":\"PropertyValueSpecification\",\"valueRequired\":true,\"valueName\":\"search_term_string\"}}],\"inLanguage\":\"tr\"},{\"@type\":\"Person\",\"@id\":\"https:\\\/\\\/haberverkibris.com\\\/#\\\/schema\\\/person\\\/29d65381ed43765483b5a185ded66a56\",\"name\":\"Haberver K\u0131br\u0131s\",\"image\":{\"@type\":\"ImageObject\",\"inLanguage\":\"tr\",\"@id\":\"https:\\\/\\\/secure.gravatar.com\\\/avatar\\\/bab33852abfd8b282518d6ed81826833d77c3c882d9ab608add591ccace47a44?s=96&d=mm&r=g\",\"url\":\"https:\\\/\\\/secure.gravatar.com\\\/avatar\\\/bab33852abfd8b282518d6ed81826833d77c3c882d9ab608add591ccace47a44?s=96&d=mm&r=g\",\"contentUrl\":\"https:\\\/\\\/secure.gravatar.com\\\/avatar\\\/bab33852abfd8b282518d6ed81826833d77c3c882d9ab608add591ccace47a44?s=96&d=mm&r=g\",\"caption\":\"Haberver K\u0131br\u0131s\"},\"sameAs\":[\"https:\\\/\\\/haberverkibris.com\"],\"url\":\"https:\\\/\\\/haberverkibris.com\\\/index.php\\\/author\\\/guven\\\/\"}]}<\/script>\n<!-- \/ Yoast SEO plugin. -->","yoast_head_json":{"title":"K\u0131br\u0131s T\u00fcrk Gen\u00e7lik Senatosu\u2019nun 1. d\u00f6nem \u00fcyeleri belirlendi - Haber Ver K\u0131br\u0131s","robots":{"index":"index","follow":"follow","max-snippet":"max-snippet:-1","max-image-preview":"max-image-preview:large","max-video-preview":"max-video-preview:-1"},"canonical":"https:\/\/haberverkibris.com\/index.php\/2026\/04\/29\/kibris-turk-genclik-senatosunun-1-donem-uyeleri-belirlendi\/","og_locale":"tr_TR","og_type":"article","og_title":"K\u0131br\u0131s T\u00fcrk Gen\u00e7lik Senatosu\u2019nun 1. d\u00f6nem \u00fcyeleri belirlendi - Haber Ver K\u0131br\u0131s","og_description":"K\u0131br\u0131s T\u00fcrk Gen\u00e7lik Senatosu\u2019nun 1. d\u00f6nem \u00fcyeleri belirlendi. \u0130lk kez faaliyete ge\u00e7ecek Senato\u2019da g\u00f6rev alacak \u00fcyeler, 1 May\u0131s itibar\u0131yla g\u00f6revlerine ba\u015flayacak.\u00a0Gen\u00e7lik Federasyonu b\u00fcnyesinde olu\u015fturulan Gen\u00e7lik Senatosu\u2019nun, gen\u00e7lik politikalar\u0131 ve \u00fclke meselelerine farkl\u0131 alanlardan katk\u0131 sunmas\u0131 hedefleniyor.\u00a0 Gen\u00e7lik Federasyonu&#8217;ndan yap\u0131lan a\u00e7\u0131klamada, senato \u00fcyelerinin, Gen\u00e7lik Federasyonu Merkez Konseyi\u2019nin \u00f6nerisi ve K\u0131br\u0131s T\u00fcrk Gen\u00e7lik Meclisi\u2019nin oylar\u0131yla belirlendi\u011fi belirtilerek, [&hellip;]","og_url":"https:\/\/haberverkibris.com\/index.php\/2026\/04\/29\/kibris-turk-genclik-senatosunun-1-donem-uyeleri-belirlendi\/","og_site_name":"Haber Ver K\u0131br\u0131s","article_publisher":"https:\/\/www.facebook.com\/kuzeyinsesii","article_published_time":"2026-04-29T08:14:45+00:00","article_modified_time":"2026-04-29T08:14:57+00:00","og_image":[{"width":836,"height":575,"url":"https:\/\/haberverkibris.com\/wp-content\/uploads\/2026\/04\/1777445201673Ekran-Goruntusu-317.png","type":"image\/png"}],"author":"Haberver K\u0131br\u0131s","twitter_card":"summary_large_image","twitter_creator":"@kuzeyinsesii","twitter_site":"@kuzeyinsesii","twitter_misc":{"Yazan:":"Haberver K\u0131br\u0131s","Tahmini okuma s\u00fcresi":"1 dakika"},"schema":{"@context":"https:\/\/schema.org","@graph":[{"@type":"Article","@id":"https:\/\/haberverkibris.com\/index.php\/2026\/04\/29\/kibris-turk-genclik-senatosunun-1-donem-uyeleri-belirlendi\/#article","isPartOf":{"@id":"https:\/\/haberverkibris.com\/index.php\/2026\/04\/29\/kibris-turk-genclik-senatosunun-1-donem-uyeleri-belirlendi\/"},"author":{"name":"Haberver K\u0131br\u0131s","@id":"https:\/\/haberverkibris.com\/#\/schema\/person\/29d65381ed43765483b5a185ded66a56"},"headline":"K\u0131br\u0131s T\u00fcrk Gen\u00e7lik Senatosu\u2019nun 1. d\u00f6nem \u00fcyeleri belirlendi","datePublished":"2026-04-29T08:14:45+00:00","dateModified":"2026-04-29T08:14:57+00:00","mainEntityOfPage":{"@id":"https:\/\/haberverkibris.com\/index.php\/2026\/04\/29\/kibris-turk-genclik-senatosunun-1-donem-uyeleri-belirlendi\/"},"wordCount":239,"commentCount":0,"image":{"@id":"https:\/\/haberverkibris.com\/index.php\/2026\/04\/29\/kibris-turk-genclik-senatosunun-1-donem-uyeleri-belirlendi\/#primaryimage"},"thumbnailUrl":"https:\/\/haberverkibris.com\/wp-content\/uploads\/2026\/04\/1777445201673Ekran-Goruntusu-317.png","articleSection":["K\u0131br\u0131s"],"inLanguage":"tr","potentialAction":[{"@type":"CommentAction","name":"Comment","target":["https:\/\/haberverkibris.com\/index.php\/2026\/04\/29\/kibris-turk-genclik-senatosunun-1-donem-uyeleri-belirlendi\/#respond"]}]},{"@type":"WebPage","@id":"https:\/\/haberverkibris.com\/index.php\/2026\/04\/29\/kibris-turk-genclik-senatosunun-1-donem-uyeleri-belirlendi\/","url":"https:\/\/haberverkibris.com\/index.php\/2026\/04\/29\/kibris-turk-genclik-senatosunun-1-donem-uyeleri-belirlendi\/","name":"K\u0131br\u0131s T\u00fcrk Gen\u00e7lik Senatosu\u2019nun 1. d\u00f6nem \u00fcyeleri belirlendi - Haber Ver K\u0131br\u0131s","isPartOf":{"@id":"https:\/\/haberverkibris.com\/#website"},"primaryImageOfPage":{"@id":"https:\/\/haberverkibris.com\/index.php\/2026\/04\/29\/kibris-turk-genclik-senatosunun-1-donem-uyeleri-belirlendi\/#primaryimage"},"image":{"@id":"https:\/\/haberverkibris.com\/index.php\/2026\/04\/29\/kibris-turk-genclik-senatosunun-1-donem-uyeleri-belirlendi\/#primaryimage"},"thumbnailUrl":"https:\/\/haberverkibris.com\/wp-content\/uploads\/2026\/04\/1777445201673Ekran-Goruntusu-317.png","datePublished":"2026-04-29T08:14:45+00:00","dateModified":"2026-04-29T08:14:57+00:00","author":{"@id":"https:\/\/haberverkibris.com\/#\/schema\/person\/29d65381ed43765483b5a185ded66a56"},"breadcrumb":{"@id":"https:\/\/haberverkibris.com\/index.php\/2026\/04\/29\/kibris-turk-genclik-senatosunun-1-donem-uyeleri-belirlendi\/#breadcrumb"},"inLanguage":"tr","potentialAction":[{"@type":"ReadAction","target":["https:\/\/haberverkibris.com\/index.php\/2026\/04\/29\/kibris-turk-genclik-senatosunun-1-donem-uyeleri-belirlendi\/"]}]},{"@type":"ImageObject","inLanguage":"tr","@id":"https:\/\/haberverkibris.com\/index.php\/2026\/04\/29\/kibris-turk-genclik-senatosunun-1-donem-uyeleri-belirlendi\/#primaryimage","url":"https:\/\/haberverkibris.com\/wp-content\/uploads\/2026\/04\/1777445201673Ekran-Goruntusu-317.png","contentUrl":"https:\/\/haberverkibris.com\/wp-content\/uploads\/2026\/04\/1777445201673Ekran-Goruntusu-317.png","width":836,"height":575},{"@type":"BreadcrumbList","@id":"https:\/\/haberverkibris.com\/index.php\/2026\/04\/29\/kibris-turk-genclik-senatosunun-1-donem-uyeleri-belirlendi\/#breadcrumb","itemListElement":[{"@type":"ListItem","position":1,"name":"Anasayfa","item":"https:\/\/haberverkibris.com\/"},{"@type":"ListItem","position":2,"name":"K\u0131br\u0131s T\u00fcrk Gen\u00e7lik Senatosu\u2019nun 1. d\u00f6nem \u00fcyeleri belirlendi"}]},{"@type":"WebSite","@id":"https:\/\/haberverkibris.com\/#website","url":"https:\/\/haberverkibris.com\/","name":"Kuzeyin Sesi","description":"Do\u011fru Haberin Adresi","potentialAction":[{"@type":"SearchAction","target":{"@type":"EntryPoint","urlTemplate":"https:\/\/haberverkibris.com\/?s={search_term_string}"},"query-input":{"@type":"PropertyValueSpecification","valueRequired":true,"valueName":"search_term_string"}}],"inLanguage":"tr"},{"@type":"Person","@id":"https:\/\/haberverkibris.com\/#\/schema\/person\/29d65381ed43765483b5a185ded66a56","name":"Haberver K\u0131br\u0131s","image":{"@type":"ImageObject","inLanguage":"tr","@id":"https:\/\/secure.gravatar.com\/avatar\/bab33852abfd8b282518d6ed81826833d77c3c882d9ab608add591ccace47a44?s=96&d=mm&r=g","url":"https:\/\/secure.gravatar.com\/avatar\/bab33852abfd8b282518d6ed81826833d77c3c882d9ab608add591ccace47a44?s=96&d=mm&r=g","contentUrl":"https:\/\/secure.gravatar.com\/avatar\/bab33852abfd8b282518d6ed81826833d77c3c882d9ab608add591ccace47a44?s=96&d=mm&r=g","caption":"Haberver K\u0131br\u0131s"},"sameAs":["https:\/\/haberverkibris.com"],"url":"https:\/\/haberverkibris.com\/index.php\/author\/guven\/"}]}},"_links":{"self":[{"href":"https:\/\/haberverkibris.com\/index.php\/wp-json\/wp\/v2\/posts\/34380","targetHints":{"allow":["GET"]}}],"collection":[{"href":"https:\/\/haberverkibris.com\/index.php\/wp-json\/wp\/v2\/posts"}],"about":[{"href":"https:\/\/haberverkibris.com\/index.php\/wp-json\/wp\/v2\/types\/post"}],"author":[{"embeddable":true,"href":"https:\/\/haberverkibris.com\/index.php\/wp-json\/wp\/v2\/users\/1"}],"replies":[{"embeddable":true,"href":"https:\/\/haberverkibris.com\/index.php\/wp-json\/wp\/v2\/comments?post=34380"}],"version-history":[{"count":1,"href":"https:\/\/haberverkibris.com\/index.php\/wp-json\/wp\/v2\/posts\/34380\/revisions"}],"predecessor-version":[{"id":34382,"href":"https:\/\/haberverkibris.com\/index.php\/wp-json\/wp\/v2\/posts\/34380\/revisions\/34382"}],"wp:featuredmedia":[{"embeddable":true,"href":"https:\/\/haberverkibris.com\/index.php\/wp-json\/wp\/v2\/media\/34381"}],"wp:attachment":[{"href":"https:\/\/haberverkibris.com\/index.php\/wp-json\/wp\/v2\/media?parent=34380"}],"wp:term":[{"taxonomy":"category","embeddable":true,"href":"https:\/\/haberverkibris.com\/index.php\/wp-json\/wp\/v2\/categories?post=34380"},{"taxonomy":"post_tag","embeddable":true,"href":"https:\/\/haberverkibris.com\/index.php\/wp-json\/wp\/v2\/tags?post=34380"}],"curies":[{"name":"wp","href":"https:\/\/api.w.org\/{rel}","templated":true}]}}