{"id":34358,"date":"2026-04-29T08:04:34","date_gmt":"2026-04-29T05:04:34","guid":{"rendered":"https:\/\/haberverkibris.com\/index.php\/2026\/04\/29\/abd-ve-iranin-hurmuz-bogazindaki-ablukasiyla-ilgili-neler-oluyor\/"},"modified":"2026-04-29T08:04:34","modified_gmt":"2026-04-29T05:04:34","slug":"abd-ve-iranin-hurmuz-bogazindaki-ablukasiyla-ilgili-neler-oluyor","status":"publish","type":"post","link":"https:\/\/haberverkibris.com\/index.php\/2026\/04\/29\/abd-ve-iranin-hurmuz-bogazindaki-ablukasiyla-ilgili-neler-oluyor\/","title":{"rendered":"ABD ve \u0130ran&#8217;\u0131n H\u00fcrm\u00fcz Bo\u011faz\u0131&#8217;ndaki ablukas\u0131yla ilgili neler oluyor?"},"content":{"rendered":"<p><\/p>\n<div>\n<p>&#13;<br \/>\n\t4 Mart&#8217;ta H\u00fcrm\u00fcz Bo\u011faz\u0131 \u00fczerinde &#8220;tam kontrol&#8221; sa\u011flad\u0131\u011f\u0131n\u0131 a\u00e7\u0131klayan \u0130ran Devrim Muhaf\u0131zlar\u0131 Ordusu, stratejik su yolunu &#8220;d\u00fc\u015fman unsurlara&#8221; kapatt\u0131\u011f\u0131n\u0131 duyurdu.<\/p>\n<p>&#13;<br \/>\n\tGe\u00e7i\u015f yapmak isteyen gemilerden \u00c7in yuan\u0131 cinsinden y\u00fcksek tutarl\u0131 &#8220;ge\u00e7i\u015f \u00fccretleri&#8221; talep eden Tahran y\u00f6netimi, bo\u011faz\u0131 adeta bir kontrol noktas\u0131na \u00e7evirdi.<\/p>\n<p>&#13;<br \/>\n\t8 Nisan&#8217;da sa\u011flanan ge\u00e7ici ate\u015fkese ra\u011fmen L\u00fcbnan&#8217;daki \u00e7at\u0131\u015fmalar\u0131 gerek\u00e7e g\u00f6steren \u0130ran, bo\u011fazdaki k\u0131s\u0131tlamalar\u0131 kald\u0131rmay\u0131 reddetti.<\/p>\n<h2>&#13;<br \/>\n\tABD&#8217;den &#8220;kar\u015f\u0131 abluka&#8221; hamlesi<\/h2>\n<p>&#13;<br \/>\n\tPakistan&#8217;daki bar\u0131\u015f g\u00f6r\u00fc\u015fmelerinin sonu\u00e7suz kalmas\u0131 \u00fczerine ABD, 13 Nisan&#8217;da \u0130ran limanlar\u0131na y\u00f6nelik kendi ablukas\u0131n\u0131 ba\u015flatt\u0131.<\/p>\n<p>&#13;<br \/>\n\tOperasyonun Kapsam\u0131: ABD Merkez Kuvvetler Komutanl\u0131\u011f\u0131 (CENTCOM), \u0130ran k\u0131y\u0131 \u015feridinin tamam\u0131n\u0131 kapsayan bir abluka uyguluyor.<\/p>\n<p>&#13;<br \/>\n\t\u015eimdiye kadar \u0130ran ba\u011flant\u0131l\u0131 en az 39 gemi rotas\u0131ndan sapt\u0131r\u0131ld\u0131, 2 petrol tankerine ise el konuldu.<\/p>\n<p>&#13;<br \/>\n\tTrump, \u0130ran&#8217;a yasa d\u0131\u015f\u0131 ge\u00e7i\u015f \u00fccreti \u00f6deyen hi\u00e7bir geminin g\u00fcvenli ge\u00e7i\u015f hakk\u0131na sahip olmayaca\u011f\u0131n\u0131 a\u00e7\u0131klad\u0131.<\/p>\n<h2>&#13;<br \/>\n\tK\u00fcresel ekonomi ve insani kriz riski<\/h2>\n<p>&#13;<br \/>\n\tH\u00fcrm\u00fcz Bo\u011faz\u0131&#8217;ndaki bu t\u0131kan\u0131kl\u0131k, d\u00fcnya genelinde yak\u0131t ve g\u00fcbre fiyatlar\u0131n\u0131n h\u0131zla y\u00fckselmesine neden oldu.<\/p>\n<p>&#13;<br \/>\n\tBirle\u015fmi\u015f Milletler, bu durumun k\u00fcresel bir g\u0131da acil durumunu tetikleyebilece\u011fi ve milyonlarca insan\u0131 a\u00e7l\u0131k s\u0131n\u0131r\u0131na itebilece\u011fi konusunda uyar\u0131da bulunuyor.<\/p>\n<p>&#13;<br \/>\n\tUluslararas\u0131 Denizcilik \u00d6rg\u00fct\u00fc (IMO) verilerine g\u00f6re, yakla\u015f\u0131k 2.000 gemi ve 20.000 denizci Basra K\u00f6rfezi&#8217;nde mahsur kalm\u0131\u015f durumda.<\/p>\n<p>&#13;<br \/>\n\tB\u00f6lgedeki tanker trafi\u011fi kriz \u00f6ncesine g\u00f6re y\u00fczde 70 oran\u0131nda azal\u0131rken, 150&#8217;den fazla gemi risk nedeniyle bo\u011faz d\u0131\u015f\u0131nda demirlemi\u015f halde bekliyor\u00a0\u00a0<\/p>\n<\/p><\/div>\n","protected":false},"excerpt":{"rendered":"<p>&#13; 4 Mart&#8217;ta H\u00fcrm\u00fcz Bo\u011faz\u0131 \u00fczerinde &#8220;tam kontrol&#8221; sa\u011flad\u0131\u011f\u0131n\u0131 a\u00e7\u0131klayan \u0130ran Devrim Muhaf\u0131zlar\u0131 Ordusu, stratejik su yolunu &#8220;d\u00fc\u015fman unsurlara&#8221; kapatt\u0131\u011f\u0131n\u0131 duyurdu. &#13; Ge\u00e7i\u015f yapmak isteyen gemilerden \u00c7in yuan\u0131 cinsinden y\u00fcksek tutarl\u0131 &#8220;ge\u00e7i\u015f \u00fccretleri&#8221; talep eden Tahran y\u00f6netimi, bo\u011faz\u0131 adeta bir kontrol noktas\u0131na \u00e7evirdi. &#13; 8 Nisan&#8217;da sa\u011flanan ge\u00e7ici ate\u015fkese ra\u011fmen L\u00fcbnan&#8217;daki \u00e7at\u0131\u015fmalar\u0131 gerek\u00e7e g\u00f6steren \u0130ran, [&hellip;]<\/p>\n","protected":false},"author":1,"featured_media":33997,"comment_status":"open","ping_status":"open","sticky":false,"template":"","format":"standard","meta":{"jnews-multi-image_gallery":[],"jnews_single_post":[],"jnews_primary_category":[],"jnews_social_meta":[],"jnews_override_counter":[],"footnotes":""},"categories":[2],"tags":[],"class_list":["post-34358","post","type-post","status-publish","format-standard","has-post-thumbnail","hentry","category-dunya"],"yoast_head":"<!-- This site is optimized with the Yoast SEO plugin v27.5 - https:\/\/yoast.com\/product\/yoast-seo-wordpress\/ -->\n<title>ABD ve \u0130ran&#039;\u0131n H\u00fcrm\u00fcz Bo\u011faz\u0131&#039;ndaki ablukas\u0131yla ilgili neler oluyor? - Haber Ver K\u0131br\u0131s<\/title>\n<meta name=\"robots\" content=\"index, follow, max-snippet:-1, max-image-preview:large, max-video-preview:-1\" \/>\n<link rel=\"canonical\" href=\"https:\/\/haberverkibris.com\/index.php\/2026\/04\/29\/abd-ve-iranin-hurmuz-bogazindaki-ablukasiyla-ilgili-neler-oluyor\/\" \/>\n<meta property=\"og:locale\" content=\"tr_TR\" \/>\n<meta property=\"og:type\" content=\"article\" \/>\n<meta property=\"og:title\" content=\"ABD ve \u0130ran&#039;\u0131n H\u00fcrm\u00fcz Bo\u011faz\u0131&#039;ndaki ablukas\u0131yla ilgili neler oluyor? - Haber Ver K\u0131br\u0131s\" \/>\n<meta property=\"og:description\" content=\"&#013; 4 Mart&#8217;ta H\u00fcrm\u00fcz Bo\u011faz\u0131 \u00fczerinde &#8220;tam kontrol&#8221; sa\u011flad\u0131\u011f\u0131n\u0131 a\u00e7\u0131klayan \u0130ran Devrim Muhaf\u0131zlar\u0131 Ordusu, stratejik su yolunu &#8220;d\u00fc\u015fman unsurlara&#8221; kapatt\u0131\u011f\u0131n\u0131 duyurdu. &#013; Ge\u00e7i\u015f yapmak isteyen gemilerden \u00c7in yuan\u0131 cinsinden y\u00fcksek tutarl\u0131 &#8220;ge\u00e7i\u015f \u00fccretleri&#8221; talep eden Tahran y\u00f6netimi, bo\u011faz\u0131 adeta bir kontrol noktas\u0131na \u00e7evirdi. &#013; 8 Nisan&#8217;da sa\u011flanan ge\u00e7ici ate\u015fkese ra\u011fmen L\u00fcbnan&#8217;daki \u00e7at\u0131\u015fmalar\u0131 gerek\u00e7e g\u00f6steren \u0130ran, [&hellip;]\" \/>\n<meta property=\"og:url\" content=\"https:\/\/haberverkibris.com\/index.php\/2026\/04\/29\/abd-ve-iranin-hurmuz-bogazindaki-ablukasiyla-ilgili-neler-oluyor\/\" \/>\n<meta property=\"og:site_name\" content=\"Haber Ver K\u0131br\u0131s\" \/>\n<meta property=\"article:publisher\" content=\"https:\/\/www.facebook.com\/kuzeyinsesii\" \/>\n<meta property=\"article:published_time\" content=\"2026-04-29T05:04:34+00:00\" \/>\n<meta property=\"og:image\" content=\"https:\/\/trthaberstatic.cdn.wp.trt.com.tr\/resimler\/2442000\/hurmuz-a-2443244.jpg\" \/>\n<meta name=\"author\" content=\"Haberver K\u0131br\u0131s\" \/>\n<meta name=\"twitter:card\" content=\"summary_large_image\" \/>\n<meta name=\"twitter:creator\" content=\"@kuzeyinsesii\" \/>\n<meta name=\"twitter:site\" content=\"@kuzeyinsesii\" \/>\n<meta name=\"twitter:label1\" content=\"Yazan:\" \/>\n\t<meta name=\"twitter:data1\" content=\"Haberver K\u0131br\u0131s\" \/>\n\t<meta name=\"twitter:label2\" content=\"Tahmini okuma s\u00fcresi\" \/>\n\t<meta name=\"twitter:data2\" content=\"1 dakika\" \/>\n<script type=\"application\/ld+json\" class=\"yoast-schema-graph\">{\"@context\":\"https:\\\/\\\/schema.org\",\"@graph\":[{\"@type\":\"Article\",\"@id\":\"https:\\\/\\\/haberverkibris.com\\\/index.php\\\/2026\\\/04\\\/29\\\/abd-ve-iranin-hurmuz-bogazindaki-ablukasiyla-ilgili-neler-oluyor\\\/#article\",\"isPartOf\":{\"@id\":\"https:\\\/\\\/haberverkibris.com\\\/index.php\\\/2026\\\/04\\\/29\\\/abd-ve-iranin-hurmuz-bogazindaki-ablukasiyla-ilgili-neler-oluyor\\\/\"},\"author\":{\"name\":\"Haberver K\u0131br\u0131s\",\"@id\":\"https:\\\/\\\/haberverkibris.com\\\/#\\\/schema\\\/person\\\/29d65381ed43765483b5a185ded66a56\"},\"headline\":\"ABD ve \u0130ran&#8217;\u0131n H\u00fcrm\u00fcz Bo\u011faz\u0131&#8217;ndaki ablukas\u0131yla ilgili neler oluyor?\",\"datePublished\":\"2026-04-29T05:04:34+00:00\",\"mainEntityOfPage\":{\"@id\":\"https:\\\/\\\/haberverkibris.com\\\/index.php\\\/2026\\\/04\\\/29\\\/abd-ve-iranin-hurmuz-bogazindaki-ablukasiyla-ilgili-neler-oluyor\\\/\"},\"wordCount\":298,\"commentCount\":0,\"image\":{\"@id\":\"https:\\\/\\\/haberverkibris.com\\\/index.php\\\/2026\\\/04\\\/29\\\/abd-ve-iranin-hurmuz-bogazindaki-ablukasiyla-ilgili-neler-oluyor\\\/#primaryimage\"},\"thumbnailUrl\":\"https:\\\/\\\/haberverkibris.com\\\/wp-content\\\/uploads\\\/2026\\\/04\\\/hurmuz-a-2443244.jpg\",\"articleSection\":[\"D\u00fcnya\"],\"inLanguage\":\"tr\",\"potentialAction\":[{\"@type\":\"CommentAction\",\"name\":\"Comment\",\"target\":[\"https:\\\/\\\/haberverkibris.com\\\/index.php\\\/2026\\\/04\\\/29\\\/abd-ve-iranin-hurmuz-bogazindaki-ablukasiyla-ilgili-neler-oluyor\\\/#respond\"]}]},{\"@type\":\"WebPage\",\"@id\":\"https:\\\/\\\/haberverkibris.com\\\/index.php\\\/2026\\\/04\\\/29\\\/abd-ve-iranin-hurmuz-bogazindaki-ablukasiyla-ilgili-neler-oluyor\\\/\",\"url\":\"https:\\\/\\\/haberverkibris.com\\\/index.php\\\/2026\\\/04\\\/29\\\/abd-ve-iranin-hurmuz-bogazindaki-ablukasiyla-ilgili-neler-oluyor\\\/\",\"name\":\"ABD ve \u0130ran'\u0131n H\u00fcrm\u00fcz Bo\u011faz\u0131'ndaki ablukas\u0131yla ilgili neler oluyor? - Haber Ver K\u0131br\u0131s\",\"isPartOf\":{\"@id\":\"https:\\\/\\\/haberverkibris.com\\\/#website\"},\"primaryImageOfPage\":{\"@id\":\"https:\\\/\\\/haberverkibris.com\\\/index.php\\\/2026\\\/04\\\/29\\\/abd-ve-iranin-hurmuz-bogazindaki-ablukasiyla-ilgili-neler-oluyor\\\/#primaryimage\"},\"image\":{\"@id\":\"https:\\\/\\\/haberverkibris.com\\\/index.php\\\/2026\\\/04\\\/29\\\/abd-ve-iranin-hurmuz-bogazindaki-ablukasiyla-ilgili-neler-oluyor\\\/#primaryimage\"},\"thumbnailUrl\":\"https:\\\/\\\/haberverkibris.com\\\/wp-content\\\/uploads\\\/2026\\\/04\\\/hurmuz-a-2443244.jpg\",\"datePublished\":\"2026-04-29T05:04:34+00:00\",\"author\":{\"@id\":\"https:\\\/\\\/haberverkibris.com\\\/#\\\/schema\\\/person\\\/29d65381ed43765483b5a185ded66a56\"},\"breadcrumb\":{\"@id\":\"https:\\\/\\\/haberverkibris.com\\\/index.php\\\/2026\\\/04\\\/29\\\/abd-ve-iranin-hurmuz-bogazindaki-ablukasiyla-ilgili-neler-oluyor\\\/#breadcrumb\"},\"inLanguage\":\"tr\",\"potentialAction\":[{\"@type\":\"ReadAction\",\"target\":[\"https:\\\/\\\/haberverkibris.com\\\/index.php\\\/2026\\\/04\\\/29\\\/abd-ve-iranin-hurmuz-bogazindaki-ablukasiyla-ilgili-neler-oluyor\\\/\"]}]},{\"@type\":\"ImageObject\",\"inLanguage\":\"tr\",\"@id\":\"https:\\\/\\\/haberverkibris.com\\\/index.php\\\/2026\\\/04\\\/29\\\/abd-ve-iranin-hurmuz-bogazindaki-ablukasiyla-ilgili-neler-oluyor\\\/#primaryimage\",\"url\":\"https:\\\/\\\/haberverkibris.com\\\/wp-content\\\/uploads\\\/2026\\\/04\\\/hurmuz-a-2443244.jpg\",\"contentUrl\":\"https:\\\/\\\/haberverkibris.com\\\/wp-content\\\/uploads\\\/2026\\\/04\\\/hurmuz-a-2443244.jpg\",\"width\":1280,\"height\":720},{\"@type\":\"BreadcrumbList\",\"@id\":\"https:\\\/\\\/haberverkibris.com\\\/index.php\\\/2026\\\/04\\\/29\\\/abd-ve-iranin-hurmuz-bogazindaki-ablukasiyla-ilgili-neler-oluyor\\\/#breadcrumb\",\"itemListElement\":[{\"@type\":\"ListItem\",\"position\":1,\"name\":\"Anasayfa\",\"item\":\"https:\\\/\\\/haberverkibris.com\\\/\"},{\"@type\":\"ListItem\",\"position\":2,\"name\":\"ABD ve \u0130ran&#8217;\u0131n H\u00fcrm\u00fcz Bo\u011faz\u0131&#8217;ndaki ablukas\u0131yla ilgili neler oluyor?\"}]},{\"@type\":\"WebSite\",\"@id\":\"https:\\\/\\\/haberverkibris.com\\\/#website\",\"url\":\"https:\\\/\\\/haberverkibris.com\\\/\",\"name\":\"Kuzeyin Sesi\",\"description\":\"Do\u011fru Haberin Adresi\",\"potentialAction\":[{\"@type\":\"SearchAction\",\"target\":{\"@type\":\"EntryPoint\",\"urlTemplate\":\"https:\\\/\\\/haberverkibris.com\\\/?s={search_term_string}\"},\"query-input\":{\"@type\":\"PropertyValueSpecification\",\"valueRequired\":true,\"valueName\":\"search_term_string\"}}],\"inLanguage\":\"tr\"},{\"@type\":\"Person\",\"@id\":\"https:\\\/\\\/haberverkibris.com\\\/#\\\/schema\\\/person\\\/29d65381ed43765483b5a185ded66a56\",\"name\":\"Haberver K\u0131br\u0131s\",\"image\":{\"@type\":\"ImageObject\",\"inLanguage\":\"tr\",\"@id\":\"https:\\\/\\\/secure.gravatar.com\\\/avatar\\\/bab33852abfd8b282518d6ed81826833d77c3c882d9ab608add591ccace47a44?s=96&d=mm&r=g\",\"url\":\"https:\\\/\\\/secure.gravatar.com\\\/avatar\\\/bab33852abfd8b282518d6ed81826833d77c3c882d9ab608add591ccace47a44?s=96&d=mm&r=g\",\"contentUrl\":\"https:\\\/\\\/secure.gravatar.com\\\/avatar\\\/bab33852abfd8b282518d6ed81826833d77c3c882d9ab608add591ccace47a44?s=96&d=mm&r=g\",\"caption\":\"Haberver K\u0131br\u0131s\"},\"sameAs\":[\"https:\\\/\\\/haberverkibris.com\"],\"url\":\"https:\\\/\\\/haberverkibris.com\\\/index.php\\\/author\\\/guven\\\/\"}]}<\/script>\n<!-- \/ Yoast SEO plugin. -->","yoast_head_json":{"title":"ABD ve \u0130ran'\u0131n H\u00fcrm\u00fcz Bo\u011faz\u0131'ndaki ablukas\u0131yla ilgili neler oluyor? - Haber Ver K\u0131br\u0131s","robots":{"index":"index","follow":"follow","max-snippet":"max-snippet:-1","max-image-preview":"max-image-preview:large","max-video-preview":"max-video-preview:-1"},"canonical":"https:\/\/haberverkibris.com\/index.php\/2026\/04\/29\/abd-ve-iranin-hurmuz-bogazindaki-ablukasiyla-ilgili-neler-oluyor\/","og_locale":"tr_TR","og_type":"article","og_title":"ABD ve \u0130ran'\u0131n H\u00fcrm\u00fcz Bo\u011faz\u0131'ndaki ablukas\u0131yla ilgili neler oluyor? - Haber Ver K\u0131br\u0131s","og_description":"&#13; 4 Mart&#8217;ta H\u00fcrm\u00fcz Bo\u011faz\u0131 \u00fczerinde &#8220;tam kontrol&#8221; sa\u011flad\u0131\u011f\u0131n\u0131 a\u00e7\u0131klayan \u0130ran Devrim Muhaf\u0131zlar\u0131 Ordusu, stratejik su yolunu &#8220;d\u00fc\u015fman unsurlara&#8221; kapatt\u0131\u011f\u0131n\u0131 duyurdu. &#13; Ge\u00e7i\u015f yapmak isteyen gemilerden \u00c7in yuan\u0131 cinsinden y\u00fcksek tutarl\u0131 &#8220;ge\u00e7i\u015f \u00fccretleri&#8221; talep eden Tahran y\u00f6netimi, bo\u011faz\u0131 adeta bir kontrol noktas\u0131na \u00e7evirdi. &#13; 8 Nisan&#8217;da sa\u011flanan ge\u00e7ici ate\u015fkese ra\u011fmen L\u00fcbnan&#8217;daki \u00e7at\u0131\u015fmalar\u0131 gerek\u00e7e g\u00f6steren \u0130ran, [&hellip;]","og_url":"https:\/\/haberverkibris.com\/index.php\/2026\/04\/29\/abd-ve-iranin-hurmuz-bogazindaki-ablukasiyla-ilgili-neler-oluyor\/","og_site_name":"Haber Ver K\u0131br\u0131s","article_publisher":"https:\/\/www.facebook.com\/kuzeyinsesii","article_published_time":"2026-04-29T05:04:34+00:00","og_image":[{"url":"https:\/\/trthaberstatic.cdn.wp.trt.com.tr\/resimler\/2442000\/hurmuz-a-2443244.jpg","type":"","width":"","height":""}],"author":"Haberver K\u0131br\u0131s","twitter_card":"summary_large_image","twitter_creator":"@kuzeyinsesii","twitter_site":"@kuzeyinsesii","twitter_misc":{"Yazan:":"Haberver K\u0131br\u0131s","Tahmini okuma s\u00fcresi":"1 dakika"},"schema":{"@context":"https:\/\/schema.org","@graph":[{"@type":"Article","@id":"https:\/\/haberverkibris.com\/index.php\/2026\/04\/29\/abd-ve-iranin-hurmuz-bogazindaki-ablukasiyla-ilgili-neler-oluyor\/#article","isPartOf":{"@id":"https:\/\/haberverkibris.com\/index.php\/2026\/04\/29\/abd-ve-iranin-hurmuz-bogazindaki-ablukasiyla-ilgili-neler-oluyor\/"},"author":{"name":"Haberver K\u0131br\u0131s","@id":"https:\/\/haberverkibris.com\/#\/schema\/person\/29d65381ed43765483b5a185ded66a56"},"headline":"ABD ve \u0130ran&#8217;\u0131n H\u00fcrm\u00fcz Bo\u011faz\u0131&#8217;ndaki ablukas\u0131yla ilgili neler oluyor?","datePublished":"2026-04-29T05:04:34+00:00","mainEntityOfPage":{"@id":"https:\/\/haberverkibris.com\/index.php\/2026\/04\/29\/abd-ve-iranin-hurmuz-bogazindaki-ablukasiyla-ilgili-neler-oluyor\/"},"wordCount":298,"commentCount":0,"image":{"@id":"https:\/\/haberverkibris.com\/index.php\/2026\/04\/29\/abd-ve-iranin-hurmuz-bogazindaki-ablukasiyla-ilgili-neler-oluyor\/#primaryimage"},"thumbnailUrl":"https:\/\/haberverkibris.com\/wp-content\/uploads\/2026\/04\/hurmuz-a-2443244.jpg","articleSection":["D\u00fcnya"],"inLanguage":"tr","potentialAction":[{"@type":"CommentAction","name":"Comment","target":["https:\/\/haberverkibris.com\/index.php\/2026\/04\/29\/abd-ve-iranin-hurmuz-bogazindaki-ablukasiyla-ilgili-neler-oluyor\/#respond"]}]},{"@type":"WebPage","@id":"https:\/\/haberverkibris.com\/index.php\/2026\/04\/29\/abd-ve-iranin-hurmuz-bogazindaki-ablukasiyla-ilgili-neler-oluyor\/","url":"https:\/\/haberverkibris.com\/index.php\/2026\/04\/29\/abd-ve-iranin-hurmuz-bogazindaki-ablukasiyla-ilgili-neler-oluyor\/","name":"ABD ve \u0130ran'\u0131n H\u00fcrm\u00fcz Bo\u011faz\u0131'ndaki ablukas\u0131yla ilgili neler oluyor? - Haber Ver K\u0131br\u0131s","isPartOf":{"@id":"https:\/\/haberverkibris.com\/#website"},"primaryImageOfPage":{"@id":"https:\/\/haberverkibris.com\/index.php\/2026\/04\/29\/abd-ve-iranin-hurmuz-bogazindaki-ablukasiyla-ilgili-neler-oluyor\/#primaryimage"},"image":{"@id":"https:\/\/haberverkibris.com\/index.php\/2026\/04\/29\/abd-ve-iranin-hurmuz-bogazindaki-ablukasiyla-ilgili-neler-oluyor\/#primaryimage"},"thumbnailUrl":"https:\/\/haberverkibris.com\/wp-content\/uploads\/2026\/04\/hurmuz-a-2443244.jpg","datePublished":"2026-04-29T05:04:34+00:00","author":{"@id":"https:\/\/haberverkibris.com\/#\/schema\/person\/29d65381ed43765483b5a185ded66a56"},"breadcrumb":{"@id":"https:\/\/haberverkibris.com\/index.php\/2026\/04\/29\/abd-ve-iranin-hurmuz-bogazindaki-ablukasiyla-ilgili-neler-oluyor\/#breadcrumb"},"inLanguage":"tr","potentialAction":[{"@type":"ReadAction","target":["https:\/\/haberverkibris.com\/index.php\/2026\/04\/29\/abd-ve-iranin-hurmuz-bogazindaki-ablukasiyla-ilgili-neler-oluyor\/"]}]},{"@type":"ImageObject","inLanguage":"tr","@id":"https:\/\/haberverkibris.com\/index.php\/2026\/04\/29\/abd-ve-iranin-hurmuz-bogazindaki-ablukasiyla-ilgili-neler-oluyor\/#primaryimage","url":"https:\/\/haberverkibris.com\/wp-content\/uploads\/2026\/04\/hurmuz-a-2443244.jpg","contentUrl":"https:\/\/haberverkibris.com\/wp-content\/uploads\/2026\/04\/hurmuz-a-2443244.jpg","width":1280,"height":720},{"@type":"BreadcrumbList","@id":"https:\/\/haberverkibris.com\/index.php\/2026\/04\/29\/abd-ve-iranin-hurmuz-bogazindaki-ablukasiyla-ilgili-neler-oluyor\/#breadcrumb","itemListElement":[{"@type":"ListItem","position":1,"name":"Anasayfa","item":"https:\/\/haberverkibris.com\/"},{"@type":"ListItem","position":2,"name":"ABD ve \u0130ran&#8217;\u0131n H\u00fcrm\u00fcz Bo\u011faz\u0131&#8217;ndaki ablukas\u0131yla ilgili neler oluyor?"}]},{"@type":"WebSite","@id":"https:\/\/haberverkibris.com\/#website","url":"https:\/\/haberverkibris.com\/","name":"Kuzeyin Sesi","description":"Do\u011fru Haberin Adresi","potentialAction":[{"@type":"SearchAction","target":{"@type":"EntryPoint","urlTemplate":"https:\/\/haberverkibris.com\/?s={search_term_string}"},"query-input":{"@type":"PropertyValueSpecification","valueRequired":true,"valueName":"search_term_string"}}],"inLanguage":"tr"},{"@type":"Person","@id":"https:\/\/haberverkibris.com\/#\/schema\/person\/29d65381ed43765483b5a185ded66a56","name":"Haberver K\u0131br\u0131s","image":{"@type":"ImageObject","inLanguage":"tr","@id":"https:\/\/secure.gravatar.com\/avatar\/bab33852abfd8b282518d6ed81826833d77c3c882d9ab608add591ccace47a44?s=96&d=mm&r=g","url":"https:\/\/secure.gravatar.com\/avatar\/bab33852abfd8b282518d6ed81826833d77c3c882d9ab608add591ccace47a44?s=96&d=mm&r=g","contentUrl":"https:\/\/secure.gravatar.com\/avatar\/bab33852abfd8b282518d6ed81826833d77c3c882d9ab608add591ccace47a44?s=96&d=mm&r=g","caption":"Haberver K\u0131br\u0131s"},"sameAs":["https:\/\/haberverkibris.com"],"url":"https:\/\/haberverkibris.com\/index.php\/author\/guven\/"}]}},"_links":{"self":[{"href":"https:\/\/haberverkibris.com\/index.php\/wp-json\/wp\/v2\/posts\/34358","targetHints":{"allow":["GET"]}}],"collection":[{"href":"https:\/\/haberverkibris.com\/index.php\/wp-json\/wp\/v2\/posts"}],"about":[{"href":"https:\/\/haberverkibris.com\/index.php\/wp-json\/wp\/v2\/types\/post"}],"author":[{"embeddable":true,"href":"https:\/\/haberverkibris.com\/index.php\/wp-json\/wp\/v2\/users\/1"}],"replies":[{"embeddable":true,"href":"https:\/\/haberverkibris.com\/index.php\/wp-json\/wp\/v2\/comments?post=34358"}],"version-history":[{"count":0,"href":"https:\/\/haberverkibris.com\/index.php\/wp-json\/wp\/v2\/posts\/34358\/revisions"}],"wp:featuredmedia":[{"embeddable":true,"href":"https:\/\/haberverkibris.com\/index.php\/wp-json\/wp\/v2\/media\/33997"}],"wp:attachment":[{"href":"https:\/\/haberverkibris.com\/index.php\/wp-json\/wp\/v2\/media?parent=34358"}],"wp:term":[{"taxonomy":"category","embeddable":true,"href":"https:\/\/haberverkibris.com\/index.php\/wp-json\/wp\/v2\/categories?post=34358"},{"taxonomy":"post_tag","embeddable":true,"href":"https:\/\/haberverkibris.com\/index.php\/wp-json\/wp\/v2\/tags?post=34358"}],"curies":[{"name":"wp","href":"https:\/\/api.w.org\/{rel}","templated":true}]}}