{"id":34355,"date":"2026-04-29T06:03:04","date_gmt":"2026-04-29T03:03:04","guid":{"rendered":"https:\/\/haberverkibris.com\/index.php\/2026\/04\/29\/abddeki-silahli-saldirinin-suphelisi-abd-baskanina-suikast-girisimi-suclamasiyla-yargilanacak\/"},"modified":"2026-04-29T06:03:04","modified_gmt":"2026-04-29T03:03:04","slug":"abddeki-silahli-saldirinin-suphelisi-abd-baskanina-suikast-girisimi-suclamasiyla-yargilanacak","status":"publish","type":"post","link":"https:\/\/haberverkibris.com\/index.php\/2026\/04\/29\/abddeki-silahli-saldirinin-suphelisi-abd-baskanina-suikast-girisimi-suclamasiyla-yargilanacak\/","title":{"rendered":"ABD&#8217;deki silahl\u0131 sald\u0131r\u0131n\u0131n \u015f\u00fcphelisi, &#8220;ABD Ba\u015fkan\u0131&#8217;na suikast giri\u015fimi&#8221; su\u00e7lamas\u0131yla yarg\u0131lanacak"},"content":{"rendered":"<p><\/p>\n<div>\n<p>&#13;<br \/>\n\t25 Nisan Cumartesi g\u00fcn\u00fc Washington&#8217;da d\u00fczenlenen ve Trump&#8217;\u0131n da kat\u0131ld\u0131\u011f\u0131 Beyaz Saray Muhabirleri Derne\u011fi yeme\u011finde ya\u015fanan silahl\u0131 sald\u0131r\u0131 giri\u015fiminin tek \u015f\u00fcphelisi, bug\u00fcn hakim kar\u015f\u0131s\u0131na \u00e7\u0131karken; ABD&#8217;li yetkililer de olayla ilgili bas\u0131n toplant\u0131s\u0131 d\u00fczenledi.<\/p>\n<p>&#13;<br \/>\n\tColumbia B\u00f6lgesi Ba\u015fsavc\u0131s\u0131 Jeanine Pirro, Allen aleyhinde haz\u0131rlanan iddianameyi kamuoyuyla payla\u015f\u0131rken, \u015f\u00fcphelinin &#8220;ABD Ba\u015fkan\u0131&#8217;na suikast giri\u015fimi&#8221; dahil 3 ayr\u0131 su\u00e7tan yarg\u0131lanaca\u011f\u0131n\u0131 a\u00e7\u0131klad\u0131.<\/p>\n<p>&#13;<br \/>\n\t&#8220;Bu olay, ABD Ba\u015fkan\u0131&#8217;na y\u00f6nelik bir suikast giri\u015fimiydi; san\u0131k niyetini a\u00e7\u0131k\u00e7a ortaya koydu ve bu niyet, elinden geldi\u011fince \u00e7ok say\u0131da \u00fcst d\u00fczey kabine \u00fcyesini ortadan kald\u0131rmakt\u0131.&#8221; ifadesini kullanan Pirro, Allen\u2019\u0131n duru\u015fma \u00f6ncesinde tutuklu kalmas\u0131n\u0131 talep ettiklerini ve ilk duru\u015fman\u0131n 30 Nisan\u2019da yap\u0131laca\u011f\u0131n\u0131 belirtti.<\/p>\n<p>&#13;<br \/>\n\tPirro, \u015f\u00fcphelinin Trump&#8217;a y\u00f6nelik suikast giri\u015fiminin yan\u0131 s\u0131ra &#8220;a\u011f\u0131r su\u00e7 i\u015fleme niyetiyle ate\u015fli silah ta\u015f\u0131mak&#8221; ve &#8220;\u015fiddet i\u00e7eren bir su\u00e7 s\u0131ras\u0131nda ate\u015fli silah kullanmak&#8221; ile su\u00e7land\u0131\u011f\u0131n\u0131 kaydetti.<\/p>\n<h2>&#13;<br \/>\n\t\u00d6m\u00fcr boyu hapis cezas\u0131 alabilir<\/h2>\n<p>&#13;<br \/>\n\tABD&#8217;li Ba\u015fsavc\u0131, hakk\u0131ndaki su\u00e7lamalar\u0131 kabul etmeyen Allen&#8217;\u0131n &#8220;\u00f6m\u00fcr boyu hapis cezas\u0131&#8221; alabilece\u011fini ifade etti.<\/p>\n<p>&#13;<br \/>\n\tABD Adalet Bakanl\u0131\u011f\u0131 Vekili Todd Blanche, ba\u015fta Gizli Servis ve Federal Soru\u015fturma B\u00fcrosu (FBI) g\u00f6revlileri olmak \u00fczere o gece g\u00f6rev yapan t\u00fcm g\u00fcvenlik birimlerinin &#8220;cesurca g\u00f6revlerini yapt\u0131klar\u0131n\u0131&#8221; ve &#8220;adaletin yerini bulaca\u011f\u0131n\u0131&#8221; s\u00f6yledi.<\/p>\n<p>&#13;<br \/>\n\tBlanche, &#8220;Gizli Servis&#8217;in g\u00f6revinde ihmal oldu\u011fu&#8221; y\u00f6n\u00fcndeki iddialar\u0131 reddederek, Gizli Servis g\u00f6revlilerinin &#8220;\u00e7ok h\u0131zl\u0131 bir \u015fekilde&#8221; olaya m\u00fcdahale ederek \u015f\u00fcphelinin salona girmesini engellediklerini ifade etti.<\/p>\n<h2>&#13;<br \/>\n\tBeyaz Saray Muhabirleri Derne\u011fi yeme\u011findeki sald\u0131r\u0131<\/h2>\n<p>&#13;<br \/>\n\tBeyaz Saray Muhabirleri Derne\u011fi taraf\u0131ndan d\u00fczenlenen yemekte silah sesleri duyulmas\u0131 \u00fczerine, ABD Ba\u015fkan\u0131 Donald Trump, korumalar\u0131 taraf\u0131ndan salondan \u00e7\u0131kar\u0131lm\u0131\u015ft\u0131.<\/p>\n<p>&#13;<br \/>\n\tCanl\u0131 yay\u0131nda verilen etkinlikte, yemek servisinin ba\u015flamas\u0131ndan k\u0131sa s\u00fcre sonra sesler y\u00fckselirken, Trump&#8217;\u0131n koruma ekipleri uzun namlulu silahlarla salonda g\u00f6r\u00fclm\u00fc\u015ft\u00fc.<\/p>\n<p>&#13;<br \/>\n\tTrump, olay\u0131n ard\u0131ndan sosyal medya hesab\u0131ndan yapt\u0131\u011f\u0131 payla\u015f\u0131mda, \u015f\u00fcphelinin yakaland\u0131\u011f\u0131n\u0131 duyurmu\u015f, \u015f\u00fcphelinin otel lobisinde elbiseleri \u00e7\u0131kar\u0131lm\u0131\u015f \u015fekilde y\u00fcz\u00fcst\u00fc yatt\u0131\u011f\u0131 g\u00f6r\u00fcnt\u00fcler sosyal medyaya yans\u0131m\u0131\u015ft\u0131.<\/p>\n<p>&#13;<br \/>\n\tOlayda bir Gizli Servis ajan\u0131n\u0131n yaraland\u0131\u011f\u0131n\u0131 ve durumunun iyi oldu\u011funu aktaran Trump, sald\u0131r\u0131n\u0131n \u0130ran sava\u015f\u0131yla ba\u011flant\u0131l\u0131 olup olmad\u0131\u011f\u0131 sorusuna, &#8220;Sanm\u0131yorum ama asla bilemezsiniz.&#8221; yan\u0131t\u0131n\u0131 vermi\u015fti.<\/p>\n<\/p><\/div>\n","protected":false},"excerpt":{"rendered":"<p>&#13; 25 Nisan Cumartesi g\u00fcn\u00fc Washington&#8217;da d\u00fczenlenen ve Trump&#8217;\u0131n da kat\u0131ld\u0131\u011f\u0131 Beyaz Saray Muhabirleri Derne\u011fi yeme\u011finde ya\u015fanan silahl\u0131 sald\u0131r\u0131 giri\u015fiminin tek \u015f\u00fcphelisi, bug\u00fcn hakim kar\u015f\u0131s\u0131na \u00e7\u0131karken; ABD&#8217;li yetkililer de olayla ilgili bas\u0131n toplant\u0131s\u0131 d\u00fczenledi. &#13; Columbia B\u00f6lgesi Ba\u015fsavc\u0131s\u0131 Jeanine Pirro, Allen aleyhinde haz\u0131rlanan iddianameyi kamuoyuyla payla\u015f\u0131rken, \u015f\u00fcphelinin &#8220;ABD Ba\u015fkan\u0131&#8217;na suikast giri\u015fimi&#8221; dahil 3 ayr\u0131 su\u00e7tan [&hellip;]<\/p>\n","protected":false},"author":1,"featured_media":34020,"comment_status":"open","ping_status":"open","sticky":false,"template":"","format":"standard","meta":{"jnews-multi-image_gallery":[],"jnews_single_post":[],"jnews_primary_category":[],"jnews_social_meta":[],"jnews_override_counter":[],"footnotes":""},"categories":[2],"tags":[],"class_list":["post-34355","post","type-post","status-publish","format-standard","has-post-thumbnail","hentry","category-dunya"],"yoast_head":"<!-- This site is optimized with the Yoast SEO plugin v27.5 - https:\/\/yoast.com\/product\/yoast-seo-wordpress\/ -->\n<title>ABD&#039;deki silahl\u0131 sald\u0131r\u0131n\u0131n \u015f\u00fcphelisi, &quot;ABD Ba\u015fkan\u0131&#039;na suikast giri\u015fimi&quot; su\u00e7lamas\u0131yla yarg\u0131lanacak - Haber Ver K\u0131br\u0131s<\/title>\n<meta name=\"robots\" content=\"index, follow, max-snippet:-1, max-image-preview:large, max-video-preview:-1\" \/>\n<link rel=\"canonical\" href=\"https:\/\/haberverkibris.com\/index.php\/2026\/04\/29\/abddeki-silahli-saldirinin-suphelisi-abd-baskanina-suikast-girisimi-suclamasiyla-yargilanacak\/\" \/>\n<meta property=\"og:locale\" content=\"tr_TR\" \/>\n<meta property=\"og:type\" content=\"article\" \/>\n<meta property=\"og:title\" content=\"ABD&#039;deki silahl\u0131 sald\u0131r\u0131n\u0131n \u015f\u00fcphelisi, &quot;ABD Ba\u015fkan\u0131&#039;na suikast giri\u015fimi&quot; su\u00e7lamas\u0131yla yarg\u0131lanacak - Haber Ver K\u0131br\u0131s\" \/>\n<meta property=\"og:description\" content=\"&#013; 25 Nisan Cumartesi g\u00fcn\u00fc Washington&#8217;da d\u00fczenlenen ve Trump&#8217;\u0131n da kat\u0131ld\u0131\u011f\u0131 Beyaz Saray Muhabirleri Derne\u011fi yeme\u011finde ya\u015fanan silahl\u0131 sald\u0131r\u0131 giri\u015fiminin tek \u015f\u00fcphelisi, bug\u00fcn hakim kar\u015f\u0131s\u0131na \u00e7\u0131karken; ABD&#8217;li yetkililer de olayla ilgili bas\u0131n toplant\u0131s\u0131 d\u00fczenledi. &#013; Columbia B\u00f6lgesi Ba\u015fsavc\u0131s\u0131 Jeanine Pirro, Allen aleyhinde haz\u0131rlanan iddianameyi kamuoyuyla payla\u015f\u0131rken, \u015f\u00fcphelinin &#8220;ABD Ba\u015fkan\u0131&#8217;na suikast giri\u015fimi&#8221; dahil 3 ayr\u0131 su\u00e7tan [&hellip;]\" \/>\n<meta property=\"og:url\" content=\"https:\/\/haberverkibris.com\/index.php\/2026\/04\/29\/abddeki-silahli-saldirinin-suphelisi-abd-baskanina-suikast-girisimi-suclamasiyla-yargilanacak\/\" \/>\n<meta property=\"og:site_name\" content=\"Haber Ver K\u0131br\u0131s\" \/>\n<meta property=\"article:publisher\" content=\"https:\/\/www.facebook.com\/kuzeyinsesii\" \/>\n<meta property=\"article:published_time\" content=\"2026-04-29T03:03:04+00:00\" \/>\n<meta property=\"og:image\" content=\"https:\/\/trthaberstatic.cdn.wp.trt.com.tr\/resimler\/2456000\/abd-saldiri-olay-yeri-reu-2456390.jpg\" \/>\n<meta name=\"author\" content=\"Haberver K\u0131br\u0131s\" \/>\n<meta name=\"twitter:card\" content=\"summary_large_image\" \/>\n<meta name=\"twitter:creator\" content=\"@kuzeyinsesii\" \/>\n<meta name=\"twitter:site\" content=\"@kuzeyinsesii\" \/>\n<meta name=\"twitter:label1\" content=\"Yazan:\" \/>\n\t<meta name=\"twitter:data1\" content=\"Haberver K\u0131br\u0131s\" \/>\n\t<meta name=\"twitter:label2\" content=\"Tahmini okuma s\u00fcresi\" \/>\n\t<meta name=\"twitter:data2\" content=\"2 dakika\" \/>\n<script type=\"application\/ld+json\" class=\"yoast-schema-graph\">{\"@context\":\"https:\\\/\\\/schema.org\",\"@graph\":[{\"@type\":\"Article\",\"@id\":\"https:\\\/\\\/haberverkibris.com\\\/index.php\\\/2026\\\/04\\\/29\\\/abddeki-silahli-saldirinin-suphelisi-abd-baskanina-suikast-girisimi-suclamasiyla-yargilanacak\\\/#article\",\"isPartOf\":{\"@id\":\"https:\\\/\\\/haberverkibris.com\\\/index.php\\\/2026\\\/04\\\/29\\\/abddeki-silahli-saldirinin-suphelisi-abd-baskanina-suikast-girisimi-suclamasiyla-yargilanacak\\\/\"},\"author\":{\"name\":\"Haberver K\u0131br\u0131s\",\"@id\":\"https:\\\/\\\/haberverkibris.com\\\/#\\\/schema\\\/person\\\/29d65381ed43765483b5a185ded66a56\"},\"headline\":\"ABD&#8217;deki silahl\u0131 sald\u0131r\u0131n\u0131n \u015f\u00fcphelisi, &#8220;ABD Ba\u015fkan\u0131&#8217;na suikast giri\u015fimi&#8221; su\u00e7lamas\u0131yla yarg\u0131lanacak\",\"datePublished\":\"2026-04-29T03:03:04+00:00\",\"mainEntityOfPage\":{\"@id\":\"https:\\\/\\\/haberverkibris.com\\\/index.php\\\/2026\\\/04\\\/29\\\/abddeki-silahli-saldirinin-suphelisi-abd-baskanina-suikast-girisimi-suclamasiyla-yargilanacak\\\/\"},\"wordCount\":448,\"commentCount\":0,\"image\":{\"@id\":\"https:\\\/\\\/haberverkibris.com\\\/index.php\\\/2026\\\/04\\\/29\\\/abddeki-silahli-saldirinin-suphelisi-abd-baskanina-suikast-girisimi-suclamasiyla-yargilanacak\\\/#primaryimage\"},\"thumbnailUrl\":\"https:\\\/\\\/haberverkibris.com\\\/wp-content\\\/uploads\\\/2026\\\/04\\\/abd-saldiri-olay-yeri-reu-2456390.jpg\",\"articleSection\":[\"D\u00fcnya\"],\"inLanguage\":\"tr\",\"potentialAction\":[{\"@type\":\"CommentAction\",\"name\":\"Comment\",\"target\":[\"https:\\\/\\\/haberverkibris.com\\\/index.php\\\/2026\\\/04\\\/29\\\/abddeki-silahli-saldirinin-suphelisi-abd-baskanina-suikast-girisimi-suclamasiyla-yargilanacak\\\/#respond\"]}]},{\"@type\":\"WebPage\",\"@id\":\"https:\\\/\\\/haberverkibris.com\\\/index.php\\\/2026\\\/04\\\/29\\\/abddeki-silahli-saldirinin-suphelisi-abd-baskanina-suikast-girisimi-suclamasiyla-yargilanacak\\\/\",\"url\":\"https:\\\/\\\/haberverkibris.com\\\/index.php\\\/2026\\\/04\\\/29\\\/abddeki-silahli-saldirinin-suphelisi-abd-baskanina-suikast-girisimi-suclamasiyla-yargilanacak\\\/\",\"name\":\"ABD'deki silahl\u0131 sald\u0131r\u0131n\u0131n \u015f\u00fcphelisi, \\\"ABD Ba\u015fkan\u0131'na suikast giri\u015fimi\\\" su\u00e7lamas\u0131yla yarg\u0131lanacak - Haber Ver K\u0131br\u0131s\",\"isPartOf\":{\"@id\":\"https:\\\/\\\/haberverkibris.com\\\/#website\"},\"primaryImageOfPage\":{\"@id\":\"https:\\\/\\\/haberverkibris.com\\\/index.php\\\/2026\\\/04\\\/29\\\/abddeki-silahli-saldirinin-suphelisi-abd-baskanina-suikast-girisimi-suclamasiyla-yargilanacak\\\/#primaryimage\"},\"image\":{\"@id\":\"https:\\\/\\\/haberverkibris.com\\\/index.php\\\/2026\\\/04\\\/29\\\/abddeki-silahli-saldirinin-suphelisi-abd-baskanina-suikast-girisimi-suclamasiyla-yargilanacak\\\/#primaryimage\"},\"thumbnailUrl\":\"https:\\\/\\\/haberverkibris.com\\\/wp-content\\\/uploads\\\/2026\\\/04\\\/abd-saldiri-olay-yeri-reu-2456390.jpg\",\"datePublished\":\"2026-04-29T03:03:04+00:00\",\"author\":{\"@id\":\"https:\\\/\\\/haberverkibris.com\\\/#\\\/schema\\\/person\\\/29d65381ed43765483b5a185ded66a56\"},\"breadcrumb\":{\"@id\":\"https:\\\/\\\/haberverkibris.com\\\/index.php\\\/2026\\\/04\\\/29\\\/abddeki-silahli-saldirinin-suphelisi-abd-baskanina-suikast-girisimi-suclamasiyla-yargilanacak\\\/#breadcrumb\"},\"inLanguage\":\"tr\",\"potentialAction\":[{\"@type\":\"ReadAction\",\"target\":[\"https:\\\/\\\/haberverkibris.com\\\/index.php\\\/2026\\\/04\\\/29\\\/abddeki-silahli-saldirinin-suphelisi-abd-baskanina-suikast-girisimi-suclamasiyla-yargilanacak\\\/\"]}]},{\"@type\":\"ImageObject\",\"inLanguage\":\"tr\",\"@id\":\"https:\\\/\\\/haberverkibris.com\\\/index.php\\\/2026\\\/04\\\/29\\\/abddeki-silahli-saldirinin-suphelisi-abd-baskanina-suikast-girisimi-suclamasiyla-yargilanacak\\\/#primaryimage\",\"url\":\"https:\\\/\\\/haberverkibris.com\\\/wp-content\\\/uploads\\\/2026\\\/04\\\/abd-saldiri-olay-yeri-reu-2456390.jpg\",\"contentUrl\":\"https:\\\/\\\/haberverkibris.com\\\/wp-content\\\/uploads\\\/2026\\\/04\\\/abd-saldiri-olay-yeri-reu-2456390.jpg\",\"width\":1280,\"height\":720},{\"@type\":\"BreadcrumbList\",\"@id\":\"https:\\\/\\\/haberverkibris.com\\\/index.php\\\/2026\\\/04\\\/29\\\/abddeki-silahli-saldirinin-suphelisi-abd-baskanina-suikast-girisimi-suclamasiyla-yargilanacak\\\/#breadcrumb\",\"itemListElement\":[{\"@type\":\"ListItem\",\"position\":1,\"name\":\"Anasayfa\",\"item\":\"https:\\\/\\\/haberverkibris.com\\\/\"},{\"@type\":\"ListItem\",\"position\":2,\"name\":\"ABD&#8217;deki silahl\u0131 sald\u0131r\u0131n\u0131n \u015f\u00fcphelisi, &#8220;ABD Ba\u015fkan\u0131&#8217;na suikast giri\u015fimi&#8221; su\u00e7lamas\u0131yla yarg\u0131lanacak\"}]},{\"@type\":\"WebSite\",\"@id\":\"https:\\\/\\\/haberverkibris.com\\\/#website\",\"url\":\"https:\\\/\\\/haberverkibris.com\\\/\",\"name\":\"Kuzeyin Sesi\",\"description\":\"Do\u011fru Haberin Adresi\",\"potentialAction\":[{\"@type\":\"SearchAction\",\"target\":{\"@type\":\"EntryPoint\",\"urlTemplate\":\"https:\\\/\\\/haberverkibris.com\\\/?s={search_term_string}\"},\"query-input\":{\"@type\":\"PropertyValueSpecification\",\"valueRequired\":true,\"valueName\":\"search_term_string\"}}],\"inLanguage\":\"tr\"},{\"@type\":\"Person\",\"@id\":\"https:\\\/\\\/haberverkibris.com\\\/#\\\/schema\\\/person\\\/29d65381ed43765483b5a185ded66a56\",\"name\":\"Haberver K\u0131br\u0131s\",\"image\":{\"@type\":\"ImageObject\",\"inLanguage\":\"tr\",\"@id\":\"https:\\\/\\\/secure.gravatar.com\\\/avatar\\\/bab33852abfd8b282518d6ed81826833d77c3c882d9ab608add591ccace47a44?s=96&d=mm&r=g\",\"url\":\"https:\\\/\\\/secure.gravatar.com\\\/avatar\\\/bab33852abfd8b282518d6ed81826833d77c3c882d9ab608add591ccace47a44?s=96&d=mm&r=g\",\"contentUrl\":\"https:\\\/\\\/secure.gravatar.com\\\/avatar\\\/bab33852abfd8b282518d6ed81826833d77c3c882d9ab608add591ccace47a44?s=96&d=mm&r=g\",\"caption\":\"Haberver K\u0131br\u0131s\"},\"sameAs\":[\"https:\\\/\\\/haberverkibris.com\"],\"url\":\"https:\\\/\\\/haberverkibris.com\\\/index.php\\\/author\\\/guven\\\/\"}]}<\/script>\n<!-- \/ Yoast SEO plugin. -->","yoast_head_json":{"title":"ABD'deki silahl\u0131 sald\u0131r\u0131n\u0131n \u015f\u00fcphelisi, \"ABD Ba\u015fkan\u0131'na suikast giri\u015fimi\" su\u00e7lamas\u0131yla yarg\u0131lanacak - Haber Ver K\u0131br\u0131s","robots":{"index":"index","follow":"follow","max-snippet":"max-snippet:-1","max-image-preview":"max-image-preview:large","max-video-preview":"max-video-preview:-1"},"canonical":"https:\/\/haberverkibris.com\/index.php\/2026\/04\/29\/abddeki-silahli-saldirinin-suphelisi-abd-baskanina-suikast-girisimi-suclamasiyla-yargilanacak\/","og_locale":"tr_TR","og_type":"article","og_title":"ABD'deki silahl\u0131 sald\u0131r\u0131n\u0131n \u015f\u00fcphelisi, \"ABD Ba\u015fkan\u0131'na suikast giri\u015fimi\" su\u00e7lamas\u0131yla yarg\u0131lanacak - Haber Ver K\u0131br\u0131s","og_description":"&#13; 25 Nisan Cumartesi g\u00fcn\u00fc Washington&#8217;da d\u00fczenlenen ve Trump&#8217;\u0131n da kat\u0131ld\u0131\u011f\u0131 Beyaz Saray Muhabirleri Derne\u011fi yeme\u011finde ya\u015fanan silahl\u0131 sald\u0131r\u0131 giri\u015fiminin tek \u015f\u00fcphelisi, bug\u00fcn hakim kar\u015f\u0131s\u0131na \u00e7\u0131karken; ABD&#8217;li yetkililer de olayla ilgili bas\u0131n toplant\u0131s\u0131 d\u00fczenledi. &#13; Columbia B\u00f6lgesi Ba\u015fsavc\u0131s\u0131 Jeanine Pirro, Allen aleyhinde haz\u0131rlanan iddianameyi kamuoyuyla payla\u015f\u0131rken, \u015f\u00fcphelinin &#8220;ABD Ba\u015fkan\u0131&#8217;na suikast giri\u015fimi&#8221; dahil 3 ayr\u0131 su\u00e7tan [&hellip;]","og_url":"https:\/\/haberverkibris.com\/index.php\/2026\/04\/29\/abddeki-silahli-saldirinin-suphelisi-abd-baskanina-suikast-girisimi-suclamasiyla-yargilanacak\/","og_site_name":"Haber Ver K\u0131br\u0131s","article_publisher":"https:\/\/www.facebook.com\/kuzeyinsesii","article_published_time":"2026-04-29T03:03:04+00:00","og_image":[{"url":"https:\/\/trthaberstatic.cdn.wp.trt.com.tr\/resimler\/2456000\/abd-saldiri-olay-yeri-reu-2456390.jpg","type":"","width":"","height":""}],"author":"Haberver K\u0131br\u0131s","twitter_card":"summary_large_image","twitter_creator":"@kuzeyinsesii","twitter_site":"@kuzeyinsesii","twitter_misc":{"Yazan:":"Haberver K\u0131br\u0131s","Tahmini okuma s\u00fcresi":"2 dakika"},"schema":{"@context":"https:\/\/schema.org","@graph":[{"@type":"Article","@id":"https:\/\/haberverkibris.com\/index.php\/2026\/04\/29\/abddeki-silahli-saldirinin-suphelisi-abd-baskanina-suikast-girisimi-suclamasiyla-yargilanacak\/#article","isPartOf":{"@id":"https:\/\/haberverkibris.com\/index.php\/2026\/04\/29\/abddeki-silahli-saldirinin-suphelisi-abd-baskanina-suikast-girisimi-suclamasiyla-yargilanacak\/"},"author":{"name":"Haberver K\u0131br\u0131s","@id":"https:\/\/haberverkibris.com\/#\/schema\/person\/29d65381ed43765483b5a185ded66a56"},"headline":"ABD&#8217;deki silahl\u0131 sald\u0131r\u0131n\u0131n \u015f\u00fcphelisi, &#8220;ABD Ba\u015fkan\u0131&#8217;na suikast giri\u015fimi&#8221; su\u00e7lamas\u0131yla yarg\u0131lanacak","datePublished":"2026-04-29T03:03:04+00:00","mainEntityOfPage":{"@id":"https:\/\/haberverkibris.com\/index.php\/2026\/04\/29\/abddeki-silahli-saldirinin-suphelisi-abd-baskanina-suikast-girisimi-suclamasiyla-yargilanacak\/"},"wordCount":448,"commentCount":0,"image":{"@id":"https:\/\/haberverkibris.com\/index.php\/2026\/04\/29\/abddeki-silahli-saldirinin-suphelisi-abd-baskanina-suikast-girisimi-suclamasiyla-yargilanacak\/#primaryimage"},"thumbnailUrl":"https:\/\/haberverkibris.com\/wp-content\/uploads\/2026\/04\/abd-saldiri-olay-yeri-reu-2456390.jpg","articleSection":["D\u00fcnya"],"inLanguage":"tr","potentialAction":[{"@type":"CommentAction","name":"Comment","target":["https:\/\/haberverkibris.com\/index.php\/2026\/04\/29\/abddeki-silahli-saldirinin-suphelisi-abd-baskanina-suikast-girisimi-suclamasiyla-yargilanacak\/#respond"]}]},{"@type":"WebPage","@id":"https:\/\/haberverkibris.com\/index.php\/2026\/04\/29\/abddeki-silahli-saldirinin-suphelisi-abd-baskanina-suikast-girisimi-suclamasiyla-yargilanacak\/","url":"https:\/\/haberverkibris.com\/index.php\/2026\/04\/29\/abddeki-silahli-saldirinin-suphelisi-abd-baskanina-suikast-girisimi-suclamasiyla-yargilanacak\/","name":"ABD'deki silahl\u0131 sald\u0131r\u0131n\u0131n \u015f\u00fcphelisi, \"ABD Ba\u015fkan\u0131'na suikast giri\u015fimi\" su\u00e7lamas\u0131yla yarg\u0131lanacak - Haber Ver K\u0131br\u0131s","isPartOf":{"@id":"https:\/\/haberverkibris.com\/#website"},"primaryImageOfPage":{"@id":"https:\/\/haberverkibris.com\/index.php\/2026\/04\/29\/abddeki-silahli-saldirinin-suphelisi-abd-baskanina-suikast-girisimi-suclamasiyla-yargilanacak\/#primaryimage"},"image":{"@id":"https:\/\/haberverkibris.com\/index.php\/2026\/04\/29\/abddeki-silahli-saldirinin-suphelisi-abd-baskanina-suikast-girisimi-suclamasiyla-yargilanacak\/#primaryimage"},"thumbnailUrl":"https:\/\/haberverkibris.com\/wp-content\/uploads\/2026\/04\/abd-saldiri-olay-yeri-reu-2456390.jpg","datePublished":"2026-04-29T03:03:04+00:00","author":{"@id":"https:\/\/haberverkibris.com\/#\/schema\/person\/29d65381ed43765483b5a185ded66a56"},"breadcrumb":{"@id":"https:\/\/haberverkibris.com\/index.php\/2026\/04\/29\/abddeki-silahli-saldirinin-suphelisi-abd-baskanina-suikast-girisimi-suclamasiyla-yargilanacak\/#breadcrumb"},"inLanguage":"tr","potentialAction":[{"@type":"ReadAction","target":["https:\/\/haberverkibris.com\/index.php\/2026\/04\/29\/abddeki-silahli-saldirinin-suphelisi-abd-baskanina-suikast-girisimi-suclamasiyla-yargilanacak\/"]}]},{"@type":"ImageObject","inLanguage":"tr","@id":"https:\/\/haberverkibris.com\/index.php\/2026\/04\/29\/abddeki-silahli-saldirinin-suphelisi-abd-baskanina-suikast-girisimi-suclamasiyla-yargilanacak\/#primaryimage","url":"https:\/\/haberverkibris.com\/wp-content\/uploads\/2026\/04\/abd-saldiri-olay-yeri-reu-2456390.jpg","contentUrl":"https:\/\/haberverkibris.com\/wp-content\/uploads\/2026\/04\/abd-saldiri-olay-yeri-reu-2456390.jpg","width":1280,"height":720},{"@type":"BreadcrumbList","@id":"https:\/\/haberverkibris.com\/index.php\/2026\/04\/29\/abddeki-silahli-saldirinin-suphelisi-abd-baskanina-suikast-girisimi-suclamasiyla-yargilanacak\/#breadcrumb","itemListElement":[{"@type":"ListItem","position":1,"name":"Anasayfa","item":"https:\/\/haberverkibris.com\/"},{"@type":"ListItem","position":2,"name":"ABD&#8217;deki silahl\u0131 sald\u0131r\u0131n\u0131n \u015f\u00fcphelisi, &#8220;ABD Ba\u015fkan\u0131&#8217;na suikast giri\u015fimi&#8221; su\u00e7lamas\u0131yla yarg\u0131lanacak"}]},{"@type":"WebSite","@id":"https:\/\/haberverkibris.com\/#website","url":"https:\/\/haberverkibris.com\/","name":"Kuzeyin Sesi","description":"Do\u011fru Haberin Adresi","potentialAction":[{"@type":"SearchAction","target":{"@type":"EntryPoint","urlTemplate":"https:\/\/haberverkibris.com\/?s={search_term_string}"},"query-input":{"@type":"PropertyValueSpecification","valueRequired":true,"valueName":"search_term_string"}}],"inLanguage":"tr"},{"@type":"Person","@id":"https:\/\/haberverkibris.com\/#\/schema\/person\/29d65381ed43765483b5a185ded66a56","name":"Haberver K\u0131br\u0131s","image":{"@type":"ImageObject","inLanguage":"tr","@id":"https:\/\/secure.gravatar.com\/avatar\/bab33852abfd8b282518d6ed81826833d77c3c882d9ab608add591ccace47a44?s=96&d=mm&r=g","url":"https:\/\/secure.gravatar.com\/avatar\/bab33852abfd8b282518d6ed81826833d77c3c882d9ab608add591ccace47a44?s=96&d=mm&r=g","contentUrl":"https:\/\/secure.gravatar.com\/avatar\/bab33852abfd8b282518d6ed81826833d77c3c882d9ab608add591ccace47a44?s=96&d=mm&r=g","caption":"Haberver K\u0131br\u0131s"},"sameAs":["https:\/\/haberverkibris.com"],"url":"https:\/\/haberverkibris.com\/index.php\/author\/guven\/"}]}},"_links":{"self":[{"href":"https:\/\/haberverkibris.com\/index.php\/wp-json\/wp\/v2\/posts\/34355","targetHints":{"allow":["GET"]}}],"collection":[{"href":"https:\/\/haberverkibris.com\/index.php\/wp-json\/wp\/v2\/posts"}],"about":[{"href":"https:\/\/haberverkibris.com\/index.php\/wp-json\/wp\/v2\/types\/post"}],"author":[{"embeddable":true,"href":"https:\/\/haberverkibris.com\/index.php\/wp-json\/wp\/v2\/users\/1"}],"replies":[{"embeddable":true,"href":"https:\/\/haberverkibris.com\/index.php\/wp-json\/wp\/v2\/comments?post=34355"}],"version-history":[{"count":0,"href":"https:\/\/haberverkibris.com\/index.php\/wp-json\/wp\/v2\/posts\/34355\/revisions"}],"wp:featuredmedia":[{"embeddable":true,"href":"https:\/\/haberverkibris.com\/index.php\/wp-json\/wp\/v2\/media\/34020"}],"wp:attachment":[{"href":"https:\/\/haberverkibris.com\/index.php\/wp-json\/wp\/v2\/media?parent=34355"}],"wp:term":[{"taxonomy":"category","embeddable":true,"href":"https:\/\/haberverkibris.com\/index.php\/wp-json\/wp\/v2\/categories?post=34355"},{"taxonomy":"post_tag","embeddable":true,"href":"https:\/\/haberverkibris.com\/index.php\/wp-json\/wp\/v2\/tags?post=34355"}],"curies":[{"name":"wp","href":"https:\/\/api.w.org\/{rel}","templated":true}]}}