{"id":34351,"date":"2026-04-29T03:59:52","date_gmt":"2026-04-29T00:59:52","guid":{"rendered":"https:\/\/haberverkibris.com\/index.php\/2026\/04\/29\/dunyada-super-el-nino-alarmi-asiri-hava-olaylari-kapida\/"},"modified":"2026-04-29T03:59:52","modified_gmt":"2026-04-29T00:59:52","slug":"dunyada-super-el-nino-alarmi-asiri-hava-olaylari-kapida","status":"publish","type":"post","link":"https:\/\/haberverkibris.com\/index.php\/2026\/04\/29\/dunyada-super-el-nino-alarmi-asiri-hava-olaylari-kapida\/","title":{"rendered":"D\u00fcnyada &#8216;S\u00fcper El Nino&#8217; alarm\u0131: A\u015f\u0131r\u0131 hava olaylar\u0131 kap\u0131da"},"content":{"rendered":"<p><\/p>\n<div>\n<p>&#13;<br \/>\n\tD\u00fcnya Meteoroloji \u00d6rg\u00fct\u00fc (WMO), Pasifik Okyanusu&#8217;nun orta ve do\u011fu kesimlerinde deniz y\u00fczeyi s\u0131cakl\u0131klar\u0131n\u0131n h\u0131zla y\u00fckseldi\u011fini belirterek, May\u0131s ve Temmuz aylar\u0131 aras\u0131nda El Nino ko\u015fullar\u0131n\u0131n olu\u015fma ihtimalinin olduk\u00e7a y\u00fcksek oldu\u011funu bildirdi.<\/p>\n<h2>&#13;<br \/>\n\tB\u00f6lgelere g\u00f6re beklenen etkiler<\/h2>\n<p>&#13;<br \/>\n\tEl Nino&#8217;nun k\u00fcresel \u00e7apta s\u0131cakl\u0131k ve ya\u011f\u0131\u015f d\u00fczenini de\u011fi\u015ftirmesi beklenirken, farkl\u0131 co\u011frafyalarda \u015fu etkiler \u00f6ng\u00f6r\u00fcld\u00fc:<\/p>\n<p>&#13;<br \/>\n\t<strong>Asya ve Avustralya:<\/strong> Hindistan ve Avustralya&#8217;n\u0131n baz\u0131 b\u00f6lgelerinde \u015fimdiden a\u015f\u0131r\u0131 s\u0131cak ve kurakl\u0131k g\u00f6r\u00fcld\u00fc. Hindistan&#8217;da muson ya\u011fmurlar\u0131n\u0131n son \u00fc\u00e7 y\u0131lda ilk kez ortalaman\u0131n alt\u0131nda kalabilece\u011fi uyar\u0131s\u0131 yap\u0131ld\u0131.<\/p>\n<p>&#13;<br \/>\n\t<strong>Amerika K\u0131tas\u0131: <\/strong>ABD&#8217;nin orta bat\u0131 b\u00f6lgelerinde (Midwest) tar\u0131m i\u00e7in ideal ko\u015fullar olu\u015fsa da, hasat d\u00f6neminde a\u015f\u0131r\u0131 ya\u011f\u0131\u015f riskine kar\u015f\u0131 dikkatli olunmas\u0131 istendi. G\u00fcney Amerika&#8217;da ise a\u015f\u0131r\u0131 ya\u011f\u0131\u015flar soya fasulyesi ve m\u0131s\u0131r hasad\u0131n\u0131 olumsuz etkileyebilir.<\/p>\n<p>&#13;<br \/>\n\t<strong>Avrupa:<\/strong> Yaz aylar\u0131ndaki yo\u011fun ya\u011f\u0131\u015flar m\u0131s\u0131r \u00fcretimi i\u00e7in faydal\u0131 olabilirken, bu\u011fday hasad\u0131n\u0131n El Nino tam olarak yerle\u015fmeden ba\u015flamas\u0131 bekleniyor.<\/p>\n<h2>&#13;<br \/>\n\tK\u00fcresel g\u0131da arz\u0131 ve ekonomi \u00fczerinde bask\u0131<\/h2>\n<p>&#13;<br \/>\n\tUzmanlar, El Nino&#8217;nun tar\u0131msal \u00fcretimi d\u00fc\u015f\u00fcrerek k\u00fcresel g\u0131da fiyatlar\u0131n\u0131 art\u0131rabilece\u011fine dikkati \u00e7ekti.<\/p>\n<p>&#13;<br \/>\n\t\u00d6zellikle 2015-2016 y\u0131llar\u0131nda ya\u015fanan benzer \u015fiddetteki El Nino olay\u0131, G\u00fcneydo\u011fu Asya&#8217;da ciddi kurakl\u0131\u011fa neden olarak pirin\u00e7, palm ya\u011f\u0131 ve \u015feker \u00fcretiminde b\u00fcy\u00fck kay\u0131plara yol a\u00e7m\u0131\u015ft\u0131.<\/p>\n<p>&#13;<br \/>\n\tAyr\u0131ca, Orta Do\u011fu&#8217;daki \u00e7at\u0131\u015fmalar nedeniyle g\u00fcbre tedarikinde ya\u015fanan aksakl\u0131klar ve y\u00fcksek maliyetler, kurakl\u0131kla birle\u015fti\u011finde \u00e7ift\u00e7ilerin verim kayb\u0131n\u0131 daha da derinle\u015ftirecek bir k\u0131s\u0131rd\u00f6ng\u00fcye girmesinden endi\u015fe ediliyor.<\/p>\n<\/p><\/div>\n","protected":false},"excerpt":{"rendered":"<p>&#13; D\u00fcnya Meteoroloji \u00d6rg\u00fct\u00fc (WMO), Pasifik Okyanusu&#8217;nun orta ve do\u011fu kesimlerinde deniz y\u00fczeyi s\u0131cakl\u0131klar\u0131n\u0131n h\u0131zla y\u00fckseldi\u011fini belirterek, May\u0131s ve Temmuz aylar\u0131 aras\u0131nda El Nino ko\u015fullar\u0131n\u0131n olu\u015fma ihtimalinin olduk\u00e7a y\u00fcksek oldu\u011funu bildirdi. &#13; B\u00f6lgelere g\u00f6re beklenen etkiler &#13; El Nino&#8217;nun k\u00fcresel \u00e7apta s\u0131cakl\u0131k ve ya\u011f\u0131\u015f d\u00fczenini de\u011fi\u015ftirmesi beklenirken, farkl\u0131 co\u011frafyalarda \u015fu etkiler \u00f6ng\u00f6r\u00fcld\u00fc: &#13; Asya ve [&hellip;]<\/p>\n","protected":false},"author":1,"featured_media":34352,"comment_status":"open","ping_status":"open","sticky":false,"template":"","format":"standard","meta":{"jnews-multi-image_gallery":[],"jnews_single_post":[],"jnews_primary_category":[],"jnews_social_meta":[],"jnews_override_counter":[],"footnotes":""},"categories":[2],"tags":[],"class_list":["post-34351","post","type-post","status-publish","format-standard","has-post-thumbnail","hentry","category-dunya"],"yoast_head":"<!-- This site is optimized with the Yoast SEO plugin v27.5 - https:\/\/yoast.com\/product\/yoast-seo-wordpress\/ -->\n<title>D\u00fcnyada &#039;S\u00fcper El Nino&#039; alarm\u0131: A\u015f\u0131r\u0131 hava olaylar\u0131 kap\u0131da - Haber Ver K\u0131br\u0131s<\/title>\n<meta name=\"robots\" content=\"index, follow, max-snippet:-1, max-image-preview:large, max-video-preview:-1\" \/>\n<link rel=\"canonical\" href=\"https:\/\/haberverkibris.com\/index.php\/2026\/04\/29\/dunyada-super-el-nino-alarmi-asiri-hava-olaylari-kapida\/\" \/>\n<meta property=\"og:locale\" content=\"tr_TR\" \/>\n<meta property=\"og:type\" content=\"article\" \/>\n<meta property=\"og:title\" content=\"D\u00fcnyada &#039;S\u00fcper El Nino&#039; alarm\u0131: A\u015f\u0131r\u0131 hava olaylar\u0131 kap\u0131da - Haber Ver K\u0131br\u0131s\" \/>\n<meta property=\"og:description\" content=\"&#013; D\u00fcnya Meteoroloji \u00d6rg\u00fct\u00fc (WMO), Pasifik Okyanusu&#8217;nun orta ve do\u011fu kesimlerinde deniz y\u00fczeyi s\u0131cakl\u0131klar\u0131n\u0131n h\u0131zla y\u00fckseldi\u011fini belirterek, May\u0131s ve Temmuz aylar\u0131 aras\u0131nda El Nino ko\u015fullar\u0131n\u0131n olu\u015fma ihtimalinin olduk\u00e7a y\u00fcksek oldu\u011funu bildirdi. &#013; B\u00f6lgelere g\u00f6re beklenen etkiler &#013; El Nino&#8217;nun k\u00fcresel \u00e7apta s\u0131cakl\u0131k ve ya\u011f\u0131\u015f d\u00fczenini de\u011fi\u015ftirmesi beklenirken, farkl\u0131 co\u011frafyalarda \u015fu etkiler \u00f6ng\u00f6r\u00fcld\u00fc: &#013; Asya ve [&hellip;]\" \/>\n<meta property=\"og:url\" content=\"https:\/\/haberverkibris.com\/index.php\/2026\/04\/29\/dunyada-super-el-nino-alarmi-asiri-hava-olaylari-kapida\/\" \/>\n<meta property=\"og:site_name\" content=\"Haber Ver K\u0131br\u0131s\" \/>\n<meta property=\"article:publisher\" content=\"https:\/\/www.facebook.com\/kuzeyinsesii\" \/>\n<meta property=\"article:published_time\" content=\"2026-04-29T00:59:52+00:00\" \/>\n<meta property=\"og:image\" content=\"https:\/\/trthaberstatic.cdn.wp.trt.com.tr\/resimler\/2238000\/el-nino-2239376.jpg\" \/>\n<meta name=\"author\" content=\"Haberver K\u0131br\u0131s\" \/>\n<meta name=\"twitter:card\" content=\"summary_large_image\" \/>\n<meta name=\"twitter:creator\" content=\"@kuzeyinsesii\" \/>\n<meta name=\"twitter:site\" content=\"@kuzeyinsesii\" \/>\n<meta name=\"twitter:label1\" content=\"Yazan:\" \/>\n\t<meta name=\"twitter:data1\" content=\"Haberver K\u0131br\u0131s\" \/>\n\t<meta name=\"twitter:label2\" content=\"Tahmini okuma s\u00fcresi\" \/>\n\t<meta name=\"twitter:data2\" content=\"2 dakika\" \/>\n<script type=\"application\/ld+json\" class=\"yoast-schema-graph\">{\"@context\":\"https:\\\/\\\/schema.org\",\"@graph\":[{\"@type\":\"Article\",\"@id\":\"https:\\\/\\\/haberverkibris.com\\\/index.php\\\/2026\\\/04\\\/29\\\/dunyada-super-el-nino-alarmi-asiri-hava-olaylari-kapida\\\/#article\",\"isPartOf\":{\"@id\":\"https:\\\/\\\/haberverkibris.com\\\/index.php\\\/2026\\\/04\\\/29\\\/dunyada-super-el-nino-alarmi-asiri-hava-olaylari-kapida\\\/\"},\"author\":{\"name\":\"Haberver K\u0131br\u0131s\",\"@id\":\"https:\\\/\\\/haberverkibris.com\\\/#\\\/schema\\\/person\\\/29d65381ed43765483b5a185ded66a56\"},\"headline\":\"D\u00fcnyada &#8216;S\u00fcper El Nino&#8217; alarm\u0131: A\u015f\u0131r\u0131 hava olaylar\u0131 kap\u0131da\",\"datePublished\":\"2026-04-29T00:59:52+00:00\",\"mainEntityOfPage\":{\"@id\":\"https:\\\/\\\/haberverkibris.com\\\/index.php\\\/2026\\\/04\\\/29\\\/dunyada-super-el-nino-alarmi-asiri-hava-olaylari-kapida\\\/\"},\"wordCount\":329,\"commentCount\":0,\"image\":{\"@id\":\"https:\\\/\\\/haberverkibris.com\\\/index.php\\\/2026\\\/04\\\/29\\\/dunyada-super-el-nino-alarmi-asiri-hava-olaylari-kapida\\\/#primaryimage\"},\"thumbnailUrl\":\"https:\\\/\\\/haberverkibris.com\\\/wp-content\\\/uploads\\\/2026\\\/04\\\/el-nino-2239376.jpg\",\"articleSection\":[\"D\u00fcnya\"],\"inLanguage\":\"tr\",\"potentialAction\":[{\"@type\":\"CommentAction\",\"name\":\"Comment\",\"target\":[\"https:\\\/\\\/haberverkibris.com\\\/index.php\\\/2026\\\/04\\\/29\\\/dunyada-super-el-nino-alarmi-asiri-hava-olaylari-kapida\\\/#respond\"]}]},{\"@type\":\"WebPage\",\"@id\":\"https:\\\/\\\/haberverkibris.com\\\/index.php\\\/2026\\\/04\\\/29\\\/dunyada-super-el-nino-alarmi-asiri-hava-olaylari-kapida\\\/\",\"url\":\"https:\\\/\\\/haberverkibris.com\\\/index.php\\\/2026\\\/04\\\/29\\\/dunyada-super-el-nino-alarmi-asiri-hava-olaylari-kapida\\\/\",\"name\":\"D\u00fcnyada 'S\u00fcper El Nino' alarm\u0131: A\u015f\u0131r\u0131 hava olaylar\u0131 kap\u0131da - Haber Ver K\u0131br\u0131s\",\"isPartOf\":{\"@id\":\"https:\\\/\\\/haberverkibris.com\\\/#website\"},\"primaryImageOfPage\":{\"@id\":\"https:\\\/\\\/haberverkibris.com\\\/index.php\\\/2026\\\/04\\\/29\\\/dunyada-super-el-nino-alarmi-asiri-hava-olaylari-kapida\\\/#primaryimage\"},\"image\":{\"@id\":\"https:\\\/\\\/haberverkibris.com\\\/index.php\\\/2026\\\/04\\\/29\\\/dunyada-super-el-nino-alarmi-asiri-hava-olaylari-kapida\\\/#primaryimage\"},\"thumbnailUrl\":\"https:\\\/\\\/haberverkibris.com\\\/wp-content\\\/uploads\\\/2026\\\/04\\\/el-nino-2239376.jpg\",\"datePublished\":\"2026-04-29T00:59:52+00:00\",\"author\":{\"@id\":\"https:\\\/\\\/haberverkibris.com\\\/#\\\/schema\\\/person\\\/29d65381ed43765483b5a185ded66a56\"},\"breadcrumb\":{\"@id\":\"https:\\\/\\\/haberverkibris.com\\\/index.php\\\/2026\\\/04\\\/29\\\/dunyada-super-el-nino-alarmi-asiri-hava-olaylari-kapida\\\/#breadcrumb\"},\"inLanguage\":\"tr\",\"potentialAction\":[{\"@type\":\"ReadAction\",\"target\":[\"https:\\\/\\\/haberverkibris.com\\\/index.php\\\/2026\\\/04\\\/29\\\/dunyada-super-el-nino-alarmi-asiri-hava-olaylari-kapida\\\/\"]}]},{\"@type\":\"ImageObject\",\"inLanguage\":\"tr\",\"@id\":\"https:\\\/\\\/haberverkibris.com\\\/index.php\\\/2026\\\/04\\\/29\\\/dunyada-super-el-nino-alarmi-asiri-hava-olaylari-kapida\\\/#primaryimage\",\"url\":\"https:\\\/\\\/haberverkibris.com\\\/wp-content\\\/uploads\\\/2026\\\/04\\\/el-nino-2239376.jpg\",\"contentUrl\":\"https:\\\/\\\/haberverkibris.com\\\/wp-content\\\/uploads\\\/2026\\\/04\\\/el-nino-2239376.jpg\",\"width\":1280,\"height\":720},{\"@type\":\"BreadcrumbList\",\"@id\":\"https:\\\/\\\/haberverkibris.com\\\/index.php\\\/2026\\\/04\\\/29\\\/dunyada-super-el-nino-alarmi-asiri-hava-olaylari-kapida\\\/#breadcrumb\",\"itemListElement\":[{\"@type\":\"ListItem\",\"position\":1,\"name\":\"Anasayfa\",\"item\":\"https:\\\/\\\/haberverkibris.com\\\/\"},{\"@type\":\"ListItem\",\"position\":2,\"name\":\"D\u00fcnyada &#8216;S\u00fcper El Nino&#8217; alarm\u0131: A\u015f\u0131r\u0131 hava olaylar\u0131 kap\u0131da\"}]},{\"@type\":\"WebSite\",\"@id\":\"https:\\\/\\\/haberverkibris.com\\\/#website\",\"url\":\"https:\\\/\\\/haberverkibris.com\\\/\",\"name\":\"Kuzeyin Sesi\",\"description\":\"Do\u011fru Haberin Adresi\",\"potentialAction\":[{\"@type\":\"SearchAction\",\"target\":{\"@type\":\"EntryPoint\",\"urlTemplate\":\"https:\\\/\\\/haberverkibris.com\\\/?s={search_term_string}\"},\"query-input\":{\"@type\":\"PropertyValueSpecification\",\"valueRequired\":true,\"valueName\":\"search_term_string\"}}],\"inLanguage\":\"tr\"},{\"@type\":\"Person\",\"@id\":\"https:\\\/\\\/haberverkibris.com\\\/#\\\/schema\\\/person\\\/29d65381ed43765483b5a185ded66a56\",\"name\":\"Haberver K\u0131br\u0131s\",\"image\":{\"@type\":\"ImageObject\",\"inLanguage\":\"tr\",\"@id\":\"https:\\\/\\\/secure.gravatar.com\\\/avatar\\\/bab33852abfd8b282518d6ed81826833d77c3c882d9ab608add591ccace47a44?s=96&d=mm&r=g\",\"url\":\"https:\\\/\\\/secure.gravatar.com\\\/avatar\\\/bab33852abfd8b282518d6ed81826833d77c3c882d9ab608add591ccace47a44?s=96&d=mm&r=g\",\"contentUrl\":\"https:\\\/\\\/secure.gravatar.com\\\/avatar\\\/bab33852abfd8b282518d6ed81826833d77c3c882d9ab608add591ccace47a44?s=96&d=mm&r=g\",\"caption\":\"Haberver K\u0131br\u0131s\"},\"sameAs\":[\"https:\\\/\\\/haberverkibris.com\"],\"url\":\"https:\\\/\\\/haberverkibris.com\\\/index.php\\\/author\\\/guven\\\/\"}]}<\/script>\n<!-- \/ Yoast SEO plugin. -->","yoast_head_json":{"title":"D\u00fcnyada 'S\u00fcper El Nino' alarm\u0131: A\u015f\u0131r\u0131 hava olaylar\u0131 kap\u0131da - Haber Ver K\u0131br\u0131s","robots":{"index":"index","follow":"follow","max-snippet":"max-snippet:-1","max-image-preview":"max-image-preview:large","max-video-preview":"max-video-preview:-1"},"canonical":"https:\/\/haberverkibris.com\/index.php\/2026\/04\/29\/dunyada-super-el-nino-alarmi-asiri-hava-olaylari-kapida\/","og_locale":"tr_TR","og_type":"article","og_title":"D\u00fcnyada 'S\u00fcper El Nino' alarm\u0131: A\u015f\u0131r\u0131 hava olaylar\u0131 kap\u0131da - Haber Ver K\u0131br\u0131s","og_description":"&#13; D\u00fcnya Meteoroloji \u00d6rg\u00fct\u00fc (WMO), Pasifik Okyanusu&#8217;nun orta ve do\u011fu kesimlerinde deniz y\u00fczeyi s\u0131cakl\u0131klar\u0131n\u0131n h\u0131zla y\u00fckseldi\u011fini belirterek, May\u0131s ve Temmuz aylar\u0131 aras\u0131nda El Nino ko\u015fullar\u0131n\u0131n olu\u015fma ihtimalinin olduk\u00e7a y\u00fcksek oldu\u011funu bildirdi. &#13; B\u00f6lgelere g\u00f6re beklenen etkiler &#13; El Nino&#8217;nun k\u00fcresel \u00e7apta s\u0131cakl\u0131k ve ya\u011f\u0131\u015f d\u00fczenini de\u011fi\u015ftirmesi beklenirken, farkl\u0131 co\u011frafyalarda \u015fu etkiler \u00f6ng\u00f6r\u00fcld\u00fc: &#13; Asya ve [&hellip;]","og_url":"https:\/\/haberverkibris.com\/index.php\/2026\/04\/29\/dunyada-super-el-nino-alarmi-asiri-hava-olaylari-kapida\/","og_site_name":"Haber Ver K\u0131br\u0131s","article_publisher":"https:\/\/www.facebook.com\/kuzeyinsesii","article_published_time":"2026-04-29T00:59:52+00:00","og_image":[{"url":"https:\/\/trthaberstatic.cdn.wp.trt.com.tr\/resimler\/2238000\/el-nino-2239376.jpg","type":"","width":"","height":""}],"author":"Haberver K\u0131br\u0131s","twitter_card":"summary_large_image","twitter_creator":"@kuzeyinsesii","twitter_site":"@kuzeyinsesii","twitter_misc":{"Yazan:":"Haberver K\u0131br\u0131s","Tahmini okuma s\u00fcresi":"2 dakika"},"schema":{"@context":"https:\/\/schema.org","@graph":[{"@type":"Article","@id":"https:\/\/haberverkibris.com\/index.php\/2026\/04\/29\/dunyada-super-el-nino-alarmi-asiri-hava-olaylari-kapida\/#article","isPartOf":{"@id":"https:\/\/haberverkibris.com\/index.php\/2026\/04\/29\/dunyada-super-el-nino-alarmi-asiri-hava-olaylari-kapida\/"},"author":{"name":"Haberver K\u0131br\u0131s","@id":"https:\/\/haberverkibris.com\/#\/schema\/person\/29d65381ed43765483b5a185ded66a56"},"headline":"D\u00fcnyada &#8216;S\u00fcper El Nino&#8217; alarm\u0131: A\u015f\u0131r\u0131 hava olaylar\u0131 kap\u0131da","datePublished":"2026-04-29T00:59:52+00:00","mainEntityOfPage":{"@id":"https:\/\/haberverkibris.com\/index.php\/2026\/04\/29\/dunyada-super-el-nino-alarmi-asiri-hava-olaylari-kapida\/"},"wordCount":329,"commentCount":0,"image":{"@id":"https:\/\/haberverkibris.com\/index.php\/2026\/04\/29\/dunyada-super-el-nino-alarmi-asiri-hava-olaylari-kapida\/#primaryimage"},"thumbnailUrl":"https:\/\/haberverkibris.com\/wp-content\/uploads\/2026\/04\/el-nino-2239376.jpg","articleSection":["D\u00fcnya"],"inLanguage":"tr","potentialAction":[{"@type":"CommentAction","name":"Comment","target":["https:\/\/haberverkibris.com\/index.php\/2026\/04\/29\/dunyada-super-el-nino-alarmi-asiri-hava-olaylari-kapida\/#respond"]}]},{"@type":"WebPage","@id":"https:\/\/haberverkibris.com\/index.php\/2026\/04\/29\/dunyada-super-el-nino-alarmi-asiri-hava-olaylari-kapida\/","url":"https:\/\/haberverkibris.com\/index.php\/2026\/04\/29\/dunyada-super-el-nino-alarmi-asiri-hava-olaylari-kapida\/","name":"D\u00fcnyada 'S\u00fcper El Nino' alarm\u0131: A\u015f\u0131r\u0131 hava olaylar\u0131 kap\u0131da - Haber Ver K\u0131br\u0131s","isPartOf":{"@id":"https:\/\/haberverkibris.com\/#website"},"primaryImageOfPage":{"@id":"https:\/\/haberverkibris.com\/index.php\/2026\/04\/29\/dunyada-super-el-nino-alarmi-asiri-hava-olaylari-kapida\/#primaryimage"},"image":{"@id":"https:\/\/haberverkibris.com\/index.php\/2026\/04\/29\/dunyada-super-el-nino-alarmi-asiri-hava-olaylari-kapida\/#primaryimage"},"thumbnailUrl":"https:\/\/haberverkibris.com\/wp-content\/uploads\/2026\/04\/el-nino-2239376.jpg","datePublished":"2026-04-29T00:59:52+00:00","author":{"@id":"https:\/\/haberverkibris.com\/#\/schema\/person\/29d65381ed43765483b5a185ded66a56"},"breadcrumb":{"@id":"https:\/\/haberverkibris.com\/index.php\/2026\/04\/29\/dunyada-super-el-nino-alarmi-asiri-hava-olaylari-kapida\/#breadcrumb"},"inLanguage":"tr","potentialAction":[{"@type":"ReadAction","target":["https:\/\/haberverkibris.com\/index.php\/2026\/04\/29\/dunyada-super-el-nino-alarmi-asiri-hava-olaylari-kapida\/"]}]},{"@type":"ImageObject","inLanguage":"tr","@id":"https:\/\/haberverkibris.com\/index.php\/2026\/04\/29\/dunyada-super-el-nino-alarmi-asiri-hava-olaylari-kapida\/#primaryimage","url":"https:\/\/haberverkibris.com\/wp-content\/uploads\/2026\/04\/el-nino-2239376.jpg","contentUrl":"https:\/\/haberverkibris.com\/wp-content\/uploads\/2026\/04\/el-nino-2239376.jpg","width":1280,"height":720},{"@type":"BreadcrumbList","@id":"https:\/\/haberverkibris.com\/index.php\/2026\/04\/29\/dunyada-super-el-nino-alarmi-asiri-hava-olaylari-kapida\/#breadcrumb","itemListElement":[{"@type":"ListItem","position":1,"name":"Anasayfa","item":"https:\/\/haberverkibris.com\/"},{"@type":"ListItem","position":2,"name":"D\u00fcnyada &#8216;S\u00fcper El Nino&#8217; alarm\u0131: A\u015f\u0131r\u0131 hava olaylar\u0131 kap\u0131da"}]},{"@type":"WebSite","@id":"https:\/\/haberverkibris.com\/#website","url":"https:\/\/haberverkibris.com\/","name":"Kuzeyin Sesi","description":"Do\u011fru Haberin Adresi","potentialAction":[{"@type":"SearchAction","target":{"@type":"EntryPoint","urlTemplate":"https:\/\/haberverkibris.com\/?s={search_term_string}"},"query-input":{"@type":"PropertyValueSpecification","valueRequired":true,"valueName":"search_term_string"}}],"inLanguage":"tr"},{"@type":"Person","@id":"https:\/\/haberverkibris.com\/#\/schema\/person\/29d65381ed43765483b5a185ded66a56","name":"Haberver K\u0131br\u0131s","image":{"@type":"ImageObject","inLanguage":"tr","@id":"https:\/\/secure.gravatar.com\/avatar\/bab33852abfd8b282518d6ed81826833d77c3c882d9ab608add591ccace47a44?s=96&d=mm&r=g","url":"https:\/\/secure.gravatar.com\/avatar\/bab33852abfd8b282518d6ed81826833d77c3c882d9ab608add591ccace47a44?s=96&d=mm&r=g","contentUrl":"https:\/\/secure.gravatar.com\/avatar\/bab33852abfd8b282518d6ed81826833d77c3c882d9ab608add591ccace47a44?s=96&d=mm&r=g","caption":"Haberver K\u0131br\u0131s"},"sameAs":["https:\/\/haberverkibris.com"],"url":"https:\/\/haberverkibris.com\/index.php\/author\/guven\/"}]}},"_links":{"self":[{"href":"https:\/\/haberverkibris.com\/index.php\/wp-json\/wp\/v2\/posts\/34351","targetHints":{"allow":["GET"]}}],"collection":[{"href":"https:\/\/haberverkibris.com\/index.php\/wp-json\/wp\/v2\/posts"}],"about":[{"href":"https:\/\/haberverkibris.com\/index.php\/wp-json\/wp\/v2\/types\/post"}],"author":[{"embeddable":true,"href":"https:\/\/haberverkibris.com\/index.php\/wp-json\/wp\/v2\/users\/1"}],"replies":[{"embeddable":true,"href":"https:\/\/haberverkibris.com\/index.php\/wp-json\/wp\/v2\/comments?post=34351"}],"version-history":[{"count":0,"href":"https:\/\/haberverkibris.com\/index.php\/wp-json\/wp\/v2\/posts\/34351\/revisions"}],"wp:featuredmedia":[{"embeddable":true,"href":"https:\/\/haberverkibris.com\/index.php\/wp-json\/wp\/v2\/media\/34352"}],"wp:attachment":[{"href":"https:\/\/haberverkibris.com\/index.php\/wp-json\/wp\/v2\/media?parent=34351"}],"wp:term":[{"taxonomy":"category","embeddable":true,"href":"https:\/\/haberverkibris.com\/index.php\/wp-json\/wp\/v2\/categories?post=34351"},{"taxonomy":"post_tag","embeddable":true,"href":"https:\/\/haberverkibris.com\/index.php\/wp-json\/wp\/v2\/tags?post=34351"}],"curies":[{"name":"wp","href":"https:\/\/api.w.org\/{rel}","templated":true}]}}