{"id":34349,"date":"2026-04-29T02:58:35","date_gmt":"2026-04-28T23:58:35","guid":{"rendered":"https:\/\/haberverkibris.com\/index.php\/2026\/04\/29\/kuzey-korenin-13-yillik-infaz-haritasi\/"},"modified":"2026-04-29T02:58:35","modified_gmt":"2026-04-28T23:58:35","slug":"kuzey-korenin-13-yillik-infaz-haritasi","status":"publish","type":"post","link":"https:\/\/haberverkibris.com\/index.php\/2026\/04\/29\/kuzey-korenin-13-yillik-infaz-haritasi\/","title":{"rendered":"Kuzey Kore&#8217;nin 13 y\u0131ll\u0131k infaz haritas\u0131"},"content":{"rendered":"<p><\/p>\n<div>\n<p>&#13;<br \/>\n\tRapora g\u00f6re, Ocak 2020&#8217;de s\u0131n\u0131rlar\u0131n kapat\u0131lmas\u0131ndan sonraki be\u015f y\u0131ll\u0131k s\u00fcre\u00e7te belgelenen infaz ve idam cezas\u0131 vakalar\u0131, \u00f6nceki d\u00f6neme k\u0131yasla y\u00fczde 117 oran\u0131nda art\u0131\u015f g\u00f6sterdi.<\/p>\n<p>&#13;<br \/>\n\t\u0130dam edilen veya \u00f6l\u00fcme mahkum edilen ki\u015filerin say\u0131s\u0131n\u0131n ise \u00fc\u00e7 kattan fazla artt\u0131\u011f\u0131 belirtildi.<\/p>\n<h2>&#13;<br \/>\n\t46 infaz b\u00f6lgesi tespit edildi<\/h2>\n<p>&#13;<br \/>\n\t265 Kuzey Koreli s\u0131\u011f\u0131nmac\u0131n\u0131n ifadelerine ve i\u00e7erideki kaynaklara dayand\u0131r\u0131lan rapor, 2011-2024 y\u0131llar\u0131 aras\u0131nda en az 358 ki\u015fiyi kapsayan 136 infaz olay\u0131n\u0131 belgeledi.<\/p>\n<p>&#13;<br \/>\n\tTespit edilen 46 infaz b\u00f6lgesinden 40&#8217;\u0131n\u0131n koordinatlar\u0131 payla\u015f\u0131ld\u0131. \u0130nfazlar\u0131n yakla\u015f\u0131k y\u00fczde 70&#8217;inin, halk\u0131n zorla izletildi\u011fi halka a\u00e7\u0131k alanlarda ger\u00e7ekle\u015ftirildi\u011fi ifade edildi.<\/p>\n<h2>&#13;<br \/>\n\tG\u00fcney Kore k\u00fclt\u00fcr\u00fc en b\u00fcy\u00fck &#8220;su\u00e7&#8221;<\/h2>\n<p>&#13;<br \/>\n\tRejimin, pandemiyi ve uluslararas\u0131 denetimin eksikli\u011fini f\u0131rsat bilerek idamla cezaland\u0131r\u0131lan su\u00e7lar\u0131n kapsam\u0131n\u0131 geni\u015fletti\u011fi iddia edildi.<\/p>\n<p>&#13;<br \/>\n\tG\u00fcney Kore film, dizi ve m\u00fcziklerinin (K-Pop) yay\u0131lmas\u0131, dini faaliyetler ve &#8220;bat\u0131l inan\u00e7&#8221; uygulamalar\u0131yla ba\u011flant\u0131l\u0131 idam vakalar\u0131 y\u00fczde 250 oran\u0131nda artt\u0131.<\/p>\n<p>&#13;<br \/>\n\tDaha \u00f6nce en yayg\u0131n idam gerek\u00e7esi olan cinayet su\u00e7lar\u0131 ise y\u00fczde 44 oran\u0131nda geriledi.<\/p>\n<p>&#13;<br \/>\n\tUluslararas\u0131 Af \u00d6rg\u00fct\u00fc de ge\u00e7ti\u011fimiz aylarda, &#8220;Squid Game&#8221; veya &#8220;Crash Landing on You&#8221; gibi k\u00fcresel hitleri izlemenin ya da BTS gibi gruplar\u0131 dinlemenin Kuzey Kore&#8217;de idam dahil en a\u011f\u0131r cezalarla sonu\u00e7lanabilece\u011fine dair tan\u0131kl\u0131klar elde etti\u011fini a\u00e7\u0131klam\u0131\u015ft\u0131.<\/p>\n<h2>&#13;<br \/>\n\tSiyasi infazlarda b\u00fcy\u00fck art\u0131\u015f<\/h2>\n<p>&#13;<br \/>\n\tRapordaki di\u011fer \u00e7arp\u0131c\u0131 veriler ise \u015funlar:<\/p>\n<p>&#13;<br \/>\n\tKim Jong-un&#8217;un emirlerini \u00e7i\u011fnemek veya iktidardaki \u0130\u015f\u00e7i Partisi&#8217;ni ele\u015ftirmek gibi siyasi nedenlerle idam edilenlerin say\u0131s\u0131 y\u00fczde 600 artt\u0131.<\/p>\n<p>&#13;<br \/>\n\t\u0130nfazlar\u0131n co\u011frafi da\u011f\u0131l\u0131m\u0131 geni\u015fledi; pandemi \u00f6ncesi 8 yerle\u015fim yerinde yo\u011funla\u015fan infazlar, s\u0131n\u0131rlar\u0131n kapanmas\u0131n\u0131n ard\u0131ndan 19 farkl\u0131 b\u00f6lgeye yay\u0131ld\u0131.<\/p>\n<p>&#13;<br \/>\n\tTJWG uzmanlar\u0131, Kim Jong-un&#8217;un k\u0131z\u0131 Ju-ae&#8217;yi veliaht olarak konumland\u0131rmaya haz\u0131rland\u0131\u011f\u0131 bu d\u00f6nemde, rejimin otoritesini peki\u015ftirmek i\u00e7in infazlar\u0131 daha da yo\u011funla\u015ft\u0131rabilece\u011fi uyar\u0131s\u0131nda bulundu.<\/p>\n<p>&#13;<br \/>\n\tKurulun bu bulgular\u0131, yaz aylar\u0131nda Paris&#8217;te d\u00fczenlenecek D\u00fcnya \u00d6l\u00fcm Cezas\u0131na Kar\u015f\u0131 Kongre&#8217;de sunmas\u0131 bekleniyor.<\/p>\n<\/p><\/div>\n","protected":false},"excerpt":{"rendered":"<p>&#13; Rapora g\u00f6re, Ocak 2020&#8217;de s\u0131n\u0131rlar\u0131n kapat\u0131lmas\u0131ndan sonraki be\u015f y\u0131ll\u0131k s\u00fcre\u00e7te belgelenen infaz ve idam cezas\u0131 vakalar\u0131, \u00f6nceki d\u00f6neme k\u0131yasla y\u00fczde 117 oran\u0131nda art\u0131\u015f g\u00f6sterdi. &#13; \u0130dam edilen veya \u00f6l\u00fcme mahkum edilen ki\u015filerin say\u0131s\u0131n\u0131n ise \u00fc\u00e7 kattan fazla artt\u0131\u011f\u0131 belirtildi. &#13; 46 infaz b\u00f6lgesi tespit edildi &#13; 265 Kuzey Koreli s\u0131\u011f\u0131nmac\u0131n\u0131n ifadelerine ve i\u00e7erideki kaynaklara [&hellip;]<\/p>\n","protected":false},"author":1,"featured_media":34350,"comment_status":"open","ping_status":"open","sticky":false,"template":"","format":"standard","meta":{"jnews-multi-image_gallery":[],"jnews_single_post":[],"jnews_primary_category":[],"jnews_social_meta":[],"jnews_override_counter":[],"footnotes":""},"categories":[2],"tags":[],"class_list":["post-34349","post","type-post","status-publish","format-standard","has-post-thumbnail","hentry","category-dunya"],"yoast_head":"<!-- This site is optimized with the Yoast SEO plugin v27.5 - https:\/\/yoast.com\/product\/yoast-seo-wordpress\/ -->\n<title>Kuzey Kore&#039;nin 13 y\u0131ll\u0131k infaz haritas\u0131 - Haber Ver K\u0131br\u0131s<\/title>\n<meta name=\"robots\" content=\"index, follow, max-snippet:-1, max-image-preview:large, max-video-preview:-1\" \/>\n<link rel=\"canonical\" href=\"https:\/\/haberverkibris.com\/index.php\/2026\/04\/29\/kuzey-korenin-13-yillik-infaz-haritasi\/\" \/>\n<meta property=\"og:locale\" content=\"tr_TR\" \/>\n<meta property=\"og:type\" content=\"article\" \/>\n<meta property=\"og:title\" content=\"Kuzey Kore&#039;nin 13 y\u0131ll\u0131k infaz haritas\u0131 - Haber Ver K\u0131br\u0131s\" \/>\n<meta property=\"og:description\" content=\"&#013; Rapora g\u00f6re, Ocak 2020&#8217;de s\u0131n\u0131rlar\u0131n kapat\u0131lmas\u0131ndan sonraki be\u015f y\u0131ll\u0131k s\u00fcre\u00e7te belgelenen infaz ve idam cezas\u0131 vakalar\u0131, \u00f6nceki d\u00f6neme k\u0131yasla y\u00fczde 117 oran\u0131nda art\u0131\u015f g\u00f6sterdi. &#013; \u0130dam edilen veya \u00f6l\u00fcme mahkum edilen ki\u015filerin say\u0131s\u0131n\u0131n ise \u00fc\u00e7 kattan fazla artt\u0131\u011f\u0131 belirtildi. &#013; 46 infaz b\u00f6lgesi tespit edildi &#013; 265 Kuzey Koreli s\u0131\u011f\u0131nmac\u0131n\u0131n ifadelerine ve i\u00e7erideki kaynaklara [&hellip;]\" \/>\n<meta property=\"og:url\" content=\"https:\/\/haberverkibris.com\/index.php\/2026\/04\/29\/kuzey-korenin-13-yillik-infaz-haritasi\/\" \/>\n<meta property=\"og:site_name\" content=\"Haber Ver K\u0131br\u0131s\" \/>\n<meta property=\"article:publisher\" content=\"https:\/\/www.facebook.com\/kuzeyinsesii\" \/>\n<meta property=\"article:published_time\" content=\"2026-04-28T23:58:35+00:00\" \/>\n<meta property=\"og:image\" content=\"https:\/\/trthaberstatic.cdn.wp.trt.com.tr\/resimler\/1912000\/kuzey-kore-iha-1912659.jpg\" \/>\n<meta name=\"author\" content=\"Haberver K\u0131br\u0131s\" \/>\n<meta name=\"twitter:card\" content=\"summary_large_image\" \/>\n<meta name=\"twitter:creator\" content=\"@kuzeyinsesii\" \/>\n<meta name=\"twitter:site\" content=\"@kuzeyinsesii\" \/>\n<meta name=\"twitter:label1\" content=\"Yazan:\" \/>\n\t<meta name=\"twitter:data1\" content=\"Haberver K\u0131br\u0131s\" \/>\n\t<meta name=\"twitter:label2\" content=\"Tahmini okuma s\u00fcresi\" \/>\n\t<meta name=\"twitter:data2\" content=\"2 dakika\" \/>\n<script type=\"application\/ld+json\" class=\"yoast-schema-graph\">{\"@context\":\"https:\\\/\\\/schema.org\",\"@graph\":[{\"@type\":\"Article\",\"@id\":\"https:\\\/\\\/haberverkibris.com\\\/index.php\\\/2026\\\/04\\\/29\\\/kuzey-korenin-13-yillik-infaz-haritasi\\\/#article\",\"isPartOf\":{\"@id\":\"https:\\\/\\\/haberverkibris.com\\\/index.php\\\/2026\\\/04\\\/29\\\/kuzey-korenin-13-yillik-infaz-haritasi\\\/\"},\"author\":{\"name\":\"Haberver K\u0131br\u0131s\",\"@id\":\"https:\\\/\\\/haberverkibris.com\\\/#\\\/schema\\\/person\\\/29d65381ed43765483b5a185ded66a56\"},\"headline\":\"Kuzey Kore&#8217;nin 13 y\u0131ll\u0131k infaz haritas\u0131\",\"datePublished\":\"2026-04-28T23:58:35+00:00\",\"mainEntityOfPage\":{\"@id\":\"https:\\\/\\\/haberverkibris.com\\\/index.php\\\/2026\\\/04\\\/29\\\/kuzey-korenin-13-yillik-infaz-haritasi\\\/\"},\"wordCount\":387,\"commentCount\":0,\"image\":{\"@id\":\"https:\\\/\\\/haberverkibris.com\\\/index.php\\\/2026\\\/04\\\/29\\\/kuzey-korenin-13-yillik-infaz-haritasi\\\/#primaryimage\"},\"thumbnailUrl\":\"https:\\\/\\\/haberverkibris.com\\\/wp-content\\\/uploads\\\/2026\\\/04\\\/kuzey-kore-iha-1912659.jpg\",\"articleSection\":[\"D\u00fcnya\"],\"inLanguage\":\"tr\",\"potentialAction\":[{\"@type\":\"CommentAction\",\"name\":\"Comment\",\"target\":[\"https:\\\/\\\/haberverkibris.com\\\/index.php\\\/2026\\\/04\\\/29\\\/kuzey-korenin-13-yillik-infaz-haritasi\\\/#respond\"]}]},{\"@type\":\"WebPage\",\"@id\":\"https:\\\/\\\/haberverkibris.com\\\/index.php\\\/2026\\\/04\\\/29\\\/kuzey-korenin-13-yillik-infaz-haritasi\\\/\",\"url\":\"https:\\\/\\\/haberverkibris.com\\\/index.php\\\/2026\\\/04\\\/29\\\/kuzey-korenin-13-yillik-infaz-haritasi\\\/\",\"name\":\"Kuzey Kore'nin 13 y\u0131ll\u0131k infaz haritas\u0131 - Haber Ver K\u0131br\u0131s\",\"isPartOf\":{\"@id\":\"https:\\\/\\\/haberverkibris.com\\\/#website\"},\"primaryImageOfPage\":{\"@id\":\"https:\\\/\\\/haberverkibris.com\\\/index.php\\\/2026\\\/04\\\/29\\\/kuzey-korenin-13-yillik-infaz-haritasi\\\/#primaryimage\"},\"image\":{\"@id\":\"https:\\\/\\\/haberverkibris.com\\\/index.php\\\/2026\\\/04\\\/29\\\/kuzey-korenin-13-yillik-infaz-haritasi\\\/#primaryimage\"},\"thumbnailUrl\":\"https:\\\/\\\/haberverkibris.com\\\/wp-content\\\/uploads\\\/2026\\\/04\\\/kuzey-kore-iha-1912659.jpg\",\"datePublished\":\"2026-04-28T23:58:35+00:00\",\"author\":{\"@id\":\"https:\\\/\\\/haberverkibris.com\\\/#\\\/schema\\\/person\\\/29d65381ed43765483b5a185ded66a56\"},\"breadcrumb\":{\"@id\":\"https:\\\/\\\/haberverkibris.com\\\/index.php\\\/2026\\\/04\\\/29\\\/kuzey-korenin-13-yillik-infaz-haritasi\\\/#breadcrumb\"},\"inLanguage\":\"tr\",\"potentialAction\":[{\"@type\":\"ReadAction\",\"target\":[\"https:\\\/\\\/haberverkibris.com\\\/index.php\\\/2026\\\/04\\\/29\\\/kuzey-korenin-13-yillik-infaz-haritasi\\\/\"]}]},{\"@type\":\"ImageObject\",\"inLanguage\":\"tr\",\"@id\":\"https:\\\/\\\/haberverkibris.com\\\/index.php\\\/2026\\\/04\\\/29\\\/kuzey-korenin-13-yillik-infaz-haritasi\\\/#primaryimage\",\"url\":\"https:\\\/\\\/haberverkibris.com\\\/wp-content\\\/uploads\\\/2026\\\/04\\\/kuzey-kore-iha-1912659.jpg\",\"contentUrl\":\"https:\\\/\\\/haberverkibris.com\\\/wp-content\\\/uploads\\\/2026\\\/04\\\/kuzey-kore-iha-1912659.jpg\",\"width\":1280,\"height\":720},{\"@type\":\"BreadcrumbList\",\"@id\":\"https:\\\/\\\/haberverkibris.com\\\/index.php\\\/2026\\\/04\\\/29\\\/kuzey-korenin-13-yillik-infaz-haritasi\\\/#breadcrumb\",\"itemListElement\":[{\"@type\":\"ListItem\",\"position\":1,\"name\":\"Anasayfa\",\"item\":\"https:\\\/\\\/haberverkibris.com\\\/\"},{\"@type\":\"ListItem\",\"position\":2,\"name\":\"Kuzey Kore&#8217;nin 13 y\u0131ll\u0131k infaz haritas\u0131\"}]},{\"@type\":\"WebSite\",\"@id\":\"https:\\\/\\\/haberverkibris.com\\\/#website\",\"url\":\"https:\\\/\\\/haberverkibris.com\\\/\",\"name\":\"Kuzeyin Sesi\",\"description\":\"Do\u011fru Haberin Adresi\",\"potentialAction\":[{\"@type\":\"SearchAction\",\"target\":{\"@type\":\"EntryPoint\",\"urlTemplate\":\"https:\\\/\\\/haberverkibris.com\\\/?s={search_term_string}\"},\"query-input\":{\"@type\":\"PropertyValueSpecification\",\"valueRequired\":true,\"valueName\":\"search_term_string\"}}],\"inLanguage\":\"tr\"},{\"@type\":\"Person\",\"@id\":\"https:\\\/\\\/haberverkibris.com\\\/#\\\/schema\\\/person\\\/29d65381ed43765483b5a185ded66a56\",\"name\":\"Haberver K\u0131br\u0131s\",\"image\":{\"@type\":\"ImageObject\",\"inLanguage\":\"tr\",\"@id\":\"https:\\\/\\\/secure.gravatar.com\\\/avatar\\\/bab33852abfd8b282518d6ed81826833d77c3c882d9ab608add591ccace47a44?s=96&d=mm&r=g\",\"url\":\"https:\\\/\\\/secure.gravatar.com\\\/avatar\\\/bab33852abfd8b282518d6ed81826833d77c3c882d9ab608add591ccace47a44?s=96&d=mm&r=g\",\"contentUrl\":\"https:\\\/\\\/secure.gravatar.com\\\/avatar\\\/bab33852abfd8b282518d6ed81826833d77c3c882d9ab608add591ccace47a44?s=96&d=mm&r=g\",\"caption\":\"Haberver K\u0131br\u0131s\"},\"sameAs\":[\"https:\\\/\\\/haberverkibris.com\"],\"url\":\"https:\\\/\\\/haberverkibris.com\\\/index.php\\\/author\\\/guven\\\/\"}]}<\/script>\n<!-- \/ Yoast SEO plugin. -->","yoast_head_json":{"title":"Kuzey Kore'nin 13 y\u0131ll\u0131k infaz haritas\u0131 - Haber Ver K\u0131br\u0131s","robots":{"index":"index","follow":"follow","max-snippet":"max-snippet:-1","max-image-preview":"max-image-preview:large","max-video-preview":"max-video-preview:-1"},"canonical":"https:\/\/haberverkibris.com\/index.php\/2026\/04\/29\/kuzey-korenin-13-yillik-infaz-haritasi\/","og_locale":"tr_TR","og_type":"article","og_title":"Kuzey Kore'nin 13 y\u0131ll\u0131k infaz haritas\u0131 - Haber Ver K\u0131br\u0131s","og_description":"&#13; Rapora g\u00f6re, Ocak 2020&#8217;de s\u0131n\u0131rlar\u0131n kapat\u0131lmas\u0131ndan sonraki be\u015f y\u0131ll\u0131k s\u00fcre\u00e7te belgelenen infaz ve idam cezas\u0131 vakalar\u0131, \u00f6nceki d\u00f6neme k\u0131yasla y\u00fczde 117 oran\u0131nda art\u0131\u015f g\u00f6sterdi. &#13; \u0130dam edilen veya \u00f6l\u00fcme mahkum edilen ki\u015filerin say\u0131s\u0131n\u0131n ise \u00fc\u00e7 kattan fazla artt\u0131\u011f\u0131 belirtildi. &#13; 46 infaz b\u00f6lgesi tespit edildi &#13; 265 Kuzey Koreli s\u0131\u011f\u0131nmac\u0131n\u0131n ifadelerine ve i\u00e7erideki kaynaklara [&hellip;]","og_url":"https:\/\/haberverkibris.com\/index.php\/2026\/04\/29\/kuzey-korenin-13-yillik-infaz-haritasi\/","og_site_name":"Haber Ver K\u0131br\u0131s","article_publisher":"https:\/\/www.facebook.com\/kuzeyinsesii","article_published_time":"2026-04-28T23:58:35+00:00","og_image":[{"url":"https:\/\/trthaberstatic.cdn.wp.trt.com.tr\/resimler\/1912000\/kuzey-kore-iha-1912659.jpg","type":"","width":"","height":""}],"author":"Haberver K\u0131br\u0131s","twitter_card":"summary_large_image","twitter_creator":"@kuzeyinsesii","twitter_site":"@kuzeyinsesii","twitter_misc":{"Yazan:":"Haberver K\u0131br\u0131s","Tahmini okuma s\u00fcresi":"2 dakika"},"schema":{"@context":"https:\/\/schema.org","@graph":[{"@type":"Article","@id":"https:\/\/haberverkibris.com\/index.php\/2026\/04\/29\/kuzey-korenin-13-yillik-infaz-haritasi\/#article","isPartOf":{"@id":"https:\/\/haberverkibris.com\/index.php\/2026\/04\/29\/kuzey-korenin-13-yillik-infaz-haritasi\/"},"author":{"name":"Haberver K\u0131br\u0131s","@id":"https:\/\/haberverkibris.com\/#\/schema\/person\/29d65381ed43765483b5a185ded66a56"},"headline":"Kuzey Kore&#8217;nin 13 y\u0131ll\u0131k infaz haritas\u0131","datePublished":"2026-04-28T23:58:35+00:00","mainEntityOfPage":{"@id":"https:\/\/haberverkibris.com\/index.php\/2026\/04\/29\/kuzey-korenin-13-yillik-infaz-haritasi\/"},"wordCount":387,"commentCount":0,"image":{"@id":"https:\/\/haberverkibris.com\/index.php\/2026\/04\/29\/kuzey-korenin-13-yillik-infaz-haritasi\/#primaryimage"},"thumbnailUrl":"https:\/\/haberverkibris.com\/wp-content\/uploads\/2026\/04\/kuzey-kore-iha-1912659.jpg","articleSection":["D\u00fcnya"],"inLanguage":"tr","potentialAction":[{"@type":"CommentAction","name":"Comment","target":["https:\/\/haberverkibris.com\/index.php\/2026\/04\/29\/kuzey-korenin-13-yillik-infaz-haritasi\/#respond"]}]},{"@type":"WebPage","@id":"https:\/\/haberverkibris.com\/index.php\/2026\/04\/29\/kuzey-korenin-13-yillik-infaz-haritasi\/","url":"https:\/\/haberverkibris.com\/index.php\/2026\/04\/29\/kuzey-korenin-13-yillik-infaz-haritasi\/","name":"Kuzey Kore'nin 13 y\u0131ll\u0131k infaz haritas\u0131 - Haber Ver K\u0131br\u0131s","isPartOf":{"@id":"https:\/\/haberverkibris.com\/#website"},"primaryImageOfPage":{"@id":"https:\/\/haberverkibris.com\/index.php\/2026\/04\/29\/kuzey-korenin-13-yillik-infaz-haritasi\/#primaryimage"},"image":{"@id":"https:\/\/haberverkibris.com\/index.php\/2026\/04\/29\/kuzey-korenin-13-yillik-infaz-haritasi\/#primaryimage"},"thumbnailUrl":"https:\/\/haberverkibris.com\/wp-content\/uploads\/2026\/04\/kuzey-kore-iha-1912659.jpg","datePublished":"2026-04-28T23:58:35+00:00","author":{"@id":"https:\/\/haberverkibris.com\/#\/schema\/person\/29d65381ed43765483b5a185ded66a56"},"breadcrumb":{"@id":"https:\/\/haberverkibris.com\/index.php\/2026\/04\/29\/kuzey-korenin-13-yillik-infaz-haritasi\/#breadcrumb"},"inLanguage":"tr","potentialAction":[{"@type":"ReadAction","target":["https:\/\/haberverkibris.com\/index.php\/2026\/04\/29\/kuzey-korenin-13-yillik-infaz-haritasi\/"]}]},{"@type":"ImageObject","inLanguage":"tr","@id":"https:\/\/haberverkibris.com\/index.php\/2026\/04\/29\/kuzey-korenin-13-yillik-infaz-haritasi\/#primaryimage","url":"https:\/\/haberverkibris.com\/wp-content\/uploads\/2026\/04\/kuzey-kore-iha-1912659.jpg","contentUrl":"https:\/\/haberverkibris.com\/wp-content\/uploads\/2026\/04\/kuzey-kore-iha-1912659.jpg","width":1280,"height":720},{"@type":"BreadcrumbList","@id":"https:\/\/haberverkibris.com\/index.php\/2026\/04\/29\/kuzey-korenin-13-yillik-infaz-haritasi\/#breadcrumb","itemListElement":[{"@type":"ListItem","position":1,"name":"Anasayfa","item":"https:\/\/haberverkibris.com\/"},{"@type":"ListItem","position":2,"name":"Kuzey Kore&#8217;nin 13 y\u0131ll\u0131k infaz haritas\u0131"}]},{"@type":"WebSite","@id":"https:\/\/haberverkibris.com\/#website","url":"https:\/\/haberverkibris.com\/","name":"Kuzeyin Sesi","description":"Do\u011fru Haberin Adresi","potentialAction":[{"@type":"SearchAction","target":{"@type":"EntryPoint","urlTemplate":"https:\/\/haberverkibris.com\/?s={search_term_string}"},"query-input":{"@type":"PropertyValueSpecification","valueRequired":true,"valueName":"search_term_string"}}],"inLanguage":"tr"},{"@type":"Person","@id":"https:\/\/haberverkibris.com\/#\/schema\/person\/29d65381ed43765483b5a185ded66a56","name":"Haberver K\u0131br\u0131s","image":{"@type":"ImageObject","inLanguage":"tr","@id":"https:\/\/secure.gravatar.com\/avatar\/bab33852abfd8b282518d6ed81826833d77c3c882d9ab608add591ccace47a44?s=96&d=mm&r=g","url":"https:\/\/secure.gravatar.com\/avatar\/bab33852abfd8b282518d6ed81826833d77c3c882d9ab608add591ccace47a44?s=96&d=mm&r=g","contentUrl":"https:\/\/secure.gravatar.com\/avatar\/bab33852abfd8b282518d6ed81826833d77c3c882d9ab608add591ccace47a44?s=96&d=mm&r=g","caption":"Haberver K\u0131br\u0131s"},"sameAs":["https:\/\/haberverkibris.com"],"url":"https:\/\/haberverkibris.com\/index.php\/author\/guven\/"}]}},"_links":{"self":[{"href":"https:\/\/haberverkibris.com\/index.php\/wp-json\/wp\/v2\/posts\/34349","targetHints":{"allow":["GET"]}}],"collection":[{"href":"https:\/\/haberverkibris.com\/index.php\/wp-json\/wp\/v2\/posts"}],"about":[{"href":"https:\/\/haberverkibris.com\/index.php\/wp-json\/wp\/v2\/types\/post"}],"author":[{"embeddable":true,"href":"https:\/\/haberverkibris.com\/index.php\/wp-json\/wp\/v2\/users\/1"}],"replies":[{"embeddable":true,"href":"https:\/\/haberverkibris.com\/index.php\/wp-json\/wp\/v2\/comments?post=34349"}],"version-history":[{"count":0,"href":"https:\/\/haberverkibris.com\/index.php\/wp-json\/wp\/v2\/posts\/34349\/revisions"}],"wp:featuredmedia":[{"embeddable":true,"href":"https:\/\/haberverkibris.com\/index.php\/wp-json\/wp\/v2\/media\/34350"}],"wp:attachment":[{"href":"https:\/\/haberverkibris.com\/index.php\/wp-json\/wp\/v2\/media?parent=34349"}],"wp:term":[{"taxonomy":"category","embeddable":true,"href":"https:\/\/haberverkibris.com\/index.php\/wp-json\/wp\/v2\/categories?post=34349"},{"taxonomy":"post_tag","embeddable":true,"href":"https:\/\/haberverkibris.com\/index.php\/wp-json\/wp\/v2\/tags?post=34349"}],"curies":[{"name":"wp","href":"https:\/\/api.w.org\/{rel}","templated":true}]}}