{"id":34343,"date":"2026-04-29T00:09:33","date_gmt":"2026-04-28T21:09:33","guid":{"rendered":"https:\/\/haberverkibris.com\/index.php\/2026\/04\/29\/besiktas-gain-eurocupta-ikinci-oldu\/"},"modified":"2026-04-29T00:09:33","modified_gmt":"2026-04-28T21:09:33","slug":"besiktas-gain-eurocupta-ikinci-oldu","status":"publish","type":"post","link":"https:\/\/haberverkibris.com\/index.php\/2026\/04\/29\/besiktas-gain-eurocupta-ikinci-oldu\/","title":{"rendered":"Be\u015fikta\u015f GA\u0130N EuroCup&#8217;ta ikinci oldu"},"content":{"rendered":"<div>\n<p>&#13;<br \/>\n\tKar\u015f\u0131l\u0131kl\u0131 basketlerle ba\u015flayan m\u00fcsabakan\u0131n 5. dakikas\u0131 11-9 ev sahibi ekibin \u00fcst\u00fcnl\u00fc\u011f\u00fcyle sona erdi. Rakibinin etkili h\u00fccumlar\u0131n\u0131 durdurmakta zorlanan siyah-beyazl\u0131lar, 8. dakikan\u0131n ba\u015f\u0131nda fark\u0131n 10 say\u0131ya \u00e7\u0131kmas\u0131n\u0131 \u00f6nleyemedi: 23-13. Kalan b\u00f6l\u00fcm dengeli ge\u00e7erken ilk \u00e7eyrek 25-17 Fransa temsilcisinin \u00fcst\u00fcnl\u00fc\u011f\u00fcyle kapand\u0131.<\/p>\n<p>&#13;<br \/>\n\t\u0130kinci periyoda 5-0&#8217;l\u0131k seriyle giren Be\u015fikta\u015f, 11. dakika biterken fark\u0131 3 say\u0131ya (25-22) indirdi. Siyah-beyazl\u0131lar, ritim buldu\u011fu m\u00fccadelenin 15. dakikas\u0131nda 29-29 e\u015fitli\u011fi sa\u011flad\u0131. Yakalad\u0131\u011f\u0131 6-0&#8217;l\u0131k seriyle Be\u015fikta\u015f&#8217;\u0131n \u00f6ne ge\u00e7mesini engelleyen Cosea JL Bourg, 18. dakikada skoru 35-29&#8217;a getirdi. Rakibine 11-0&#8217;l\u0131k seriyle kar\u015f\u0131l\u0131k veren Be\u015fikta\u015f, ilk yar\u0131n\u0131n bitimine 46 saniye kala 5 say\u0131 farkla 40-35 \u00f6ne ge\u00e7ti. Kalan s\u00fcrede \u00fcst\u00fcnl\u00fc\u011f\u00fcn\u00fc koruyan Dusan Alimpijevic&#8217;in \u00f6\u011frencileri, devre aras\u0131na 40-38 \u00f6nde girdi.<\/p>\n<p><\/p>\n<p>&#13;<br \/>\n\tDevre aras\u0131 \u00f6ncesinde yakalad\u0131\u011f\u0131 ritmi ikinci yar\u0131ya da yans\u0131tan Be\u015fikta\u015f, 6-0&#8217;l\u0131k seriyle ba\u015flad\u0131. Siyah-beyazl\u0131lar, 22. dakikada fark\u0131 8 say\u0131ya (38-46) \u00e7\u0131kard\u0131. Temposunu s\u00fcrd\u00fcremeyen Be\u015fikta\u015f, rakibinin \u00f6ne ge\u00e7mesine engel olamad\u0131 ve periyodu 55-52 geride bitirdi.<\/p>\n<p>&#13;<br \/>\n\tEv sahibi tak\u0131m, fark\u0131 birka\u00e7 kez 7 say\u0131ya kadar \u00e7\u0131kard\u0131\u011f\u0131 son \u00e7eyre\u011fin b\u00fcy\u00fck b\u00f6l\u00fcm\u00fcnde skor \u00fcst\u00fcnl\u00fc\u011f\u00fcn\u00fc korudu. Geri d\u00f6nmeye \u00e7al\u0131\u015fan Be\u015fikta\u015f, bitime 15 saniye kala Mathews&#8217;\u0131n 3 say\u0131l\u0131k basketiyle 71-71 beraberli\u011fi yakalad\u0131. H\u00fccum s\u0131ras\u0131n\u0131 iyi de\u011ferlendiren Cosea JL Bourg, Mokoka&#8217;n\u0131n bitine 1 saniye kala turnikesiyle skoru 73-71 yapt\u0131. Kalan s\u00fcre Be\u015fikta\u015f i\u00e7in yeterli olmad\u0131 ve ev sahibi ekip parkeden galip ayr\u0131ld\u0131.<\/p>\n<p>&#13;<br \/>\n\tSerinin \u0130stanbul&#8217;daki ilk ma\u00e7\u0131n\u0131 72-60 kazanan Cosea JL Bourg, \u015fampiyonlu\u011fa ula\u015ft\u0131. Siyah-beyazl\u0131 ekip, Avrupa Kupas\u0131&#8217;nda sezonu ikinci tamamlad\u0131.<\/p>\n<\/p><\/div>\n","protected":false},"excerpt":{"rendered":"<p>&#13; Kar\u015f\u0131l\u0131kl\u0131 basketlerle ba\u015flayan m\u00fcsabakan\u0131n 5. dakikas\u0131 11-9 ev sahibi ekibin \u00fcst\u00fcnl\u00fc\u011f\u00fcyle sona erdi. Rakibinin etkili h\u00fccumlar\u0131n\u0131 durdurmakta zorlanan siyah-beyazl\u0131lar, 8. dakikan\u0131n ba\u015f\u0131nda fark\u0131n 10 say\u0131ya \u00e7\u0131kmas\u0131n\u0131 \u00f6nleyemedi: 23-13. Kalan b\u00f6l\u00fcm dengeli ge\u00e7erken ilk \u00e7eyrek 25-17 Fransa temsilcisinin \u00fcst\u00fcnl\u00fc\u011f\u00fcyle kapand\u0131. &#13; \u0130kinci periyoda 5-0&#8217;l\u0131k seriyle giren Be\u015fikta\u015f, 11. dakika biterken fark\u0131 3 say\u0131ya (25-22) indirdi. [&hellip;]<\/p>\n","protected":false},"author":1,"featured_media":34344,"comment_status":"open","ping_status":"open","sticky":false,"template":"","format":"standard","meta":{"jnews-multi-image_gallery":[],"jnews_single_post":[],"jnews_primary_category":[],"jnews_social_meta":[],"jnews_override_counter":[],"footnotes":""},"categories":[4],"tags":[],"class_list":["post-34343","post","type-post","status-publish","format-standard","has-post-thumbnail","hentry","category-spor"],"yoast_head":"<!-- This site is optimized with the Yoast SEO plugin v27.5 - https:\/\/yoast.com\/product\/yoast-seo-wordpress\/ -->\n<title>Be\u015fikta\u015f GA\u0130N EuroCup&#039;ta ikinci oldu - Haber Ver K\u0131br\u0131s<\/title>\n<meta name=\"robots\" content=\"index, follow, max-snippet:-1, max-image-preview:large, max-video-preview:-1\" \/>\n<link rel=\"canonical\" href=\"https:\/\/haberverkibris.com\/index.php\/2026\/04\/29\/besiktas-gain-eurocupta-ikinci-oldu\/\" \/>\n<meta property=\"og:locale\" content=\"tr_TR\" \/>\n<meta property=\"og:type\" content=\"article\" \/>\n<meta property=\"og:title\" content=\"Be\u015fikta\u015f GA\u0130N EuroCup&#039;ta ikinci oldu - Haber Ver K\u0131br\u0131s\" \/>\n<meta property=\"og:description\" content=\"&#013; Kar\u015f\u0131l\u0131kl\u0131 basketlerle ba\u015flayan m\u00fcsabakan\u0131n 5. dakikas\u0131 11-9 ev sahibi ekibin \u00fcst\u00fcnl\u00fc\u011f\u00fcyle sona erdi. Rakibinin etkili h\u00fccumlar\u0131n\u0131 durdurmakta zorlanan siyah-beyazl\u0131lar, 8. dakikan\u0131n ba\u015f\u0131nda fark\u0131n 10 say\u0131ya \u00e7\u0131kmas\u0131n\u0131 \u00f6nleyemedi: 23-13. Kalan b\u00f6l\u00fcm dengeli ge\u00e7erken ilk \u00e7eyrek 25-17 Fransa temsilcisinin \u00fcst\u00fcnl\u00fc\u011f\u00fcyle kapand\u0131. &#013; \u0130kinci periyoda 5-0&#8217;l\u0131k seriyle giren Be\u015fikta\u015f, 11. dakika biterken fark\u0131 3 say\u0131ya (25-22) indirdi. [&hellip;]\" \/>\n<meta property=\"og:url\" content=\"https:\/\/haberverkibris.com\/index.php\/2026\/04\/29\/besiktas-gain-eurocupta-ikinci-oldu\/\" \/>\n<meta property=\"og:site_name\" content=\"Haber Ver K\u0131br\u0131s\" \/>\n<meta property=\"article:publisher\" content=\"https:\/\/www.facebook.com\/kuzeyinsesii\" \/>\n<meta property=\"article:published_time\" content=\"2026-04-28T21:09:33+00:00\" \/>\n<meta property=\"og:image\" content=\"https:\/\/www.trthaber.com\/dosyalar\/images\/AA-41236520.jpg\" \/>\n<meta name=\"author\" content=\"Haberver K\u0131br\u0131s\" \/>\n<meta name=\"twitter:card\" content=\"summary_large_image\" \/>\n<meta name=\"twitter:creator\" content=\"@kuzeyinsesii\" \/>\n<meta name=\"twitter:site\" content=\"@kuzeyinsesii\" \/>\n<meta name=\"twitter:label1\" content=\"Yazan:\" \/>\n\t<meta name=\"twitter:data1\" content=\"Haberver K\u0131br\u0131s\" \/>\n\t<meta name=\"twitter:label2\" content=\"Tahmini okuma s\u00fcresi\" \/>\n\t<meta name=\"twitter:data2\" content=\"1 dakika\" \/>\n<script type=\"application\/ld+json\" class=\"yoast-schema-graph\">{\"@context\":\"https:\\\/\\\/schema.org\",\"@graph\":[{\"@type\":\"Article\",\"@id\":\"https:\\\/\\\/haberverkibris.com\\\/index.php\\\/2026\\\/04\\\/29\\\/besiktas-gain-eurocupta-ikinci-oldu\\\/#article\",\"isPartOf\":{\"@id\":\"https:\\\/\\\/haberverkibris.com\\\/index.php\\\/2026\\\/04\\\/29\\\/besiktas-gain-eurocupta-ikinci-oldu\\\/\"},\"author\":{\"name\":\"Haberver K\u0131br\u0131s\",\"@id\":\"https:\\\/\\\/haberverkibris.com\\\/#\\\/schema\\\/person\\\/29d65381ed43765483b5a185ded66a56\"},\"headline\":\"Be\u015fikta\u015f GA\u0130N EuroCup&#8217;ta ikinci oldu\",\"datePublished\":\"2026-04-28T21:09:33+00:00\",\"mainEntityOfPage\":{\"@id\":\"https:\\\/\\\/haberverkibris.com\\\/index.php\\\/2026\\\/04\\\/29\\\/besiktas-gain-eurocupta-ikinci-oldu\\\/\"},\"wordCount\":307,\"commentCount\":0,\"image\":{\"@id\":\"https:\\\/\\\/haberverkibris.com\\\/index.php\\\/2026\\\/04\\\/29\\\/besiktas-gain-eurocupta-ikinci-oldu\\\/#primaryimage\"},\"thumbnailUrl\":\"https:\\\/\\\/haberverkibris.com\\\/wp-content\\\/uploads\\\/2026\\\/04\\\/besiktas-gainaa-2457245.jpg\",\"articleSection\":[\"Spor\"],\"inLanguage\":\"tr\",\"potentialAction\":[{\"@type\":\"CommentAction\",\"name\":\"Comment\",\"target\":[\"https:\\\/\\\/haberverkibris.com\\\/index.php\\\/2026\\\/04\\\/29\\\/besiktas-gain-eurocupta-ikinci-oldu\\\/#respond\"]}]},{\"@type\":\"WebPage\",\"@id\":\"https:\\\/\\\/haberverkibris.com\\\/index.php\\\/2026\\\/04\\\/29\\\/besiktas-gain-eurocupta-ikinci-oldu\\\/\",\"url\":\"https:\\\/\\\/haberverkibris.com\\\/index.php\\\/2026\\\/04\\\/29\\\/besiktas-gain-eurocupta-ikinci-oldu\\\/\",\"name\":\"Be\u015fikta\u015f GA\u0130N EuroCup'ta ikinci oldu - Haber Ver K\u0131br\u0131s\",\"isPartOf\":{\"@id\":\"https:\\\/\\\/haberverkibris.com\\\/#website\"},\"primaryImageOfPage\":{\"@id\":\"https:\\\/\\\/haberverkibris.com\\\/index.php\\\/2026\\\/04\\\/29\\\/besiktas-gain-eurocupta-ikinci-oldu\\\/#primaryimage\"},\"image\":{\"@id\":\"https:\\\/\\\/haberverkibris.com\\\/index.php\\\/2026\\\/04\\\/29\\\/besiktas-gain-eurocupta-ikinci-oldu\\\/#primaryimage\"},\"thumbnailUrl\":\"https:\\\/\\\/haberverkibris.com\\\/wp-content\\\/uploads\\\/2026\\\/04\\\/besiktas-gainaa-2457245.jpg\",\"datePublished\":\"2026-04-28T21:09:33+00:00\",\"author\":{\"@id\":\"https:\\\/\\\/haberverkibris.com\\\/#\\\/schema\\\/person\\\/29d65381ed43765483b5a185ded66a56\"},\"breadcrumb\":{\"@id\":\"https:\\\/\\\/haberverkibris.com\\\/index.php\\\/2026\\\/04\\\/29\\\/besiktas-gain-eurocupta-ikinci-oldu\\\/#breadcrumb\"},\"inLanguage\":\"tr\",\"potentialAction\":[{\"@type\":\"ReadAction\",\"target\":[\"https:\\\/\\\/haberverkibris.com\\\/index.php\\\/2026\\\/04\\\/29\\\/besiktas-gain-eurocupta-ikinci-oldu\\\/\"]}]},{\"@type\":\"ImageObject\",\"inLanguage\":\"tr\",\"@id\":\"https:\\\/\\\/haberverkibris.com\\\/index.php\\\/2026\\\/04\\\/29\\\/besiktas-gain-eurocupta-ikinci-oldu\\\/#primaryimage\",\"url\":\"https:\\\/\\\/haberverkibris.com\\\/wp-content\\\/uploads\\\/2026\\\/04\\\/besiktas-gainaa-2457245.jpg\",\"contentUrl\":\"https:\\\/\\\/haberverkibris.com\\\/wp-content\\\/uploads\\\/2026\\\/04\\\/besiktas-gainaa-2457245.jpg\",\"width\":1280,\"height\":720},{\"@type\":\"BreadcrumbList\",\"@id\":\"https:\\\/\\\/haberverkibris.com\\\/index.php\\\/2026\\\/04\\\/29\\\/besiktas-gain-eurocupta-ikinci-oldu\\\/#breadcrumb\",\"itemListElement\":[{\"@type\":\"ListItem\",\"position\":1,\"name\":\"Anasayfa\",\"item\":\"https:\\\/\\\/haberverkibris.com\\\/\"},{\"@type\":\"ListItem\",\"position\":2,\"name\":\"Be\u015fikta\u015f GA\u0130N EuroCup&#8217;ta ikinci oldu\"}]},{\"@type\":\"WebSite\",\"@id\":\"https:\\\/\\\/haberverkibris.com\\\/#website\",\"url\":\"https:\\\/\\\/haberverkibris.com\\\/\",\"name\":\"Kuzeyin Sesi\",\"description\":\"Do\u011fru Haberin Adresi\",\"potentialAction\":[{\"@type\":\"SearchAction\",\"target\":{\"@type\":\"EntryPoint\",\"urlTemplate\":\"https:\\\/\\\/haberverkibris.com\\\/?s={search_term_string}\"},\"query-input\":{\"@type\":\"PropertyValueSpecification\",\"valueRequired\":true,\"valueName\":\"search_term_string\"}}],\"inLanguage\":\"tr\"},{\"@type\":\"Person\",\"@id\":\"https:\\\/\\\/haberverkibris.com\\\/#\\\/schema\\\/person\\\/29d65381ed43765483b5a185ded66a56\",\"name\":\"Haberver K\u0131br\u0131s\",\"image\":{\"@type\":\"ImageObject\",\"inLanguage\":\"tr\",\"@id\":\"https:\\\/\\\/secure.gravatar.com\\\/avatar\\\/bab33852abfd8b282518d6ed81826833d77c3c882d9ab608add591ccace47a44?s=96&d=mm&r=g\",\"url\":\"https:\\\/\\\/secure.gravatar.com\\\/avatar\\\/bab33852abfd8b282518d6ed81826833d77c3c882d9ab608add591ccace47a44?s=96&d=mm&r=g\",\"contentUrl\":\"https:\\\/\\\/secure.gravatar.com\\\/avatar\\\/bab33852abfd8b282518d6ed81826833d77c3c882d9ab608add591ccace47a44?s=96&d=mm&r=g\",\"caption\":\"Haberver K\u0131br\u0131s\"},\"sameAs\":[\"https:\\\/\\\/haberverkibris.com\"],\"url\":\"https:\\\/\\\/haberverkibris.com\\\/index.php\\\/author\\\/guven\\\/\"}]}<\/script>\n<!-- \/ Yoast SEO plugin. -->","yoast_head_json":{"title":"Be\u015fikta\u015f GA\u0130N EuroCup'ta ikinci oldu - Haber Ver K\u0131br\u0131s","robots":{"index":"index","follow":"follow","max-snippet":"max-snippet:-1","max-image-preview":"max-image-preview:large","max-video-preview":"max-video-preview:-1"},"canonical":"https:\/\/haberverkibris.com\/index.php\/2026\/04\/29\/besiktas-gain-eurocupta-ikinci-oldu\/","og_locale":"tr_TR","og_type":"article","og_title":"Be\u015fikta\u015f GA\u0130N EuroCup'ta ikinci oldu - Haber Ver K\u0131br\u0131s","og_description":"&#13; Kar\u015f\u0131l\u0131kl\u0131 basketlerle ba\u015flayan m\u00fcsabakan\u0131n 5. dakikas\u0131 11-9 ev sahibi ekibin \u00fcst\u00fcnl\u00fc\u011f\u00fcyle sona erdi. Rakibinin etkili h\u00fccumlar\u0131n\u0131 durdurmakta zorlanan siyah-beyazl\u0131lar, 8. dakikan\u0131n ba\u015f\u0131nda fark\u0131n 10 say\u0131ya \u00e7\u0131kmas\u0131n\u0131 \u00f6nleyemedi: 23-13. Kalan b\u00f6l\u00fcm dengeli ge\u00e7erken ilk \u00e7eyrek 25-17 Fransa temsilcisinin \u00fcst\u00fcnl\u00fc\u011f\u00fcyle kapand\u0131. &#13; \u0130kinci periyoda 5-0&#8217;l\u0131k seriyle giren Be\u015fikta\u015f, 11. dakika biterken fark\u0131 3 say\u0131ya (25-22) indirdi. [&hellip;]","og_url":"https:\/\/haberverkibris.com\/index.php\/2026\/04\/29\/besiktas-gain-eurocupta-ikinci-oldu\/","og_site_name":"Haber Ver K\u0131br\u0131s","article_publisher":"https:\/\/www.facebook.com\/kuzeyinsesii","article_published_time":"2026-04-28T21:09:33+00:00","og_image":[{"url":"https:\/\/www.trthaber.com\/dosyalar\/images\/AA-41236520.jpg","type":"","width":"","height":""}],"author":"Haberver K\u0131br\u0131s","twitter_card":"summary_large_image","twitter_creator":"@kuzeyinsesii","twitter_site":"@kuzeyinsesii","twitter_misc":{"Yazan:":"Haberver K\u0131br\u0131s","Tahmini okuma s\u00fcresi":"1 dakika"},"schema":{"@context":"https:\/\/schema.org","@graph":[{"@type":"Article","@id":"https:\/\/haberverkibris.com\/index.php\/2026\/04\/29\/besiktas-gain-eurocupta-ikinci-oldu\/#article","isPartOf":{"@id":"https:\/\/haberverkibris.com\/index.php\/2026\/04\/29\/besiktas-gain-eurocupta-ikinci-oldu\/"},"author":{"name":"Haberver K\u0131br\u0131s","@id":"https:\/\/haberverkibris.com\/#\/schema\/person\/29d65381ed43765483b5a185ded66a56"},"headline":"Be\u015fikta\u015f GA\u0130N EuroCup&#8217;ta ikinci oldu","datePublished":"2026-04-28T21:09:33+00:00","mainEntityOfPage":{"@id":"https:\/\/haberverkibris.com\/index.php\/2026\/04\/29\/besiktas-gain-eurocupta-ikinci-oldu\/"},"wordCount":307,"commentCount":0,"image":{"@id":"https:\/\/haberverkibris.com\/index.php\/2026\/04\/29\/besiktas-gain-eurocupta-ikinci-oldu\/#primaryimage"},"thumbnailUrl":"https:\/\/haberverkibris.com\/wp-content\/uploads\/2026\/04\/besiktas-gainaa-2457245.jpg","articleSection":["Spor"],"inLanguage":"tr","potentialAction":[{"@type":"CommentAction","name":"Comment","target":["https:\/\/haberverkibris.com\/index.php\/2026\/04\/29\/besiktas-gain-eurocupta-ikinci-oldu\/#respond"]}]},{"@type":"WebPage","@id":"https:\/\/haberverkibris.com\/index.php\/2026\/04\/29\/besiktas-gain-eurocupta-ikinci-oldu\/","url":"https:\/\/haberverkibris.com\/index.php\/2026\/04\/29\/besiktas-gain-eurocupta-ikinci-oldu\/","name":"Be\u015fikta\u015f GA\u0130N EuroCup'ta ikinci oldu - Haber Ver K\u0131br\u0131s","isPartOf":{"@id":"https:\/\/haberverkibris.com\/#website"},"primaryImageOfPage":{"@id":"https:\/\/haberverkibris.com\/index.php\/2026\/04\/29\/besiktas-gain-eurocupta-ikinci-oldu\/#primaryimage"},"image":{"@id":"https:\/\/haberverkibris.com\/index.php\/2026\/04\/29\/besiktas-gain-eurocupta-ikinci-oldu\/#primaryimage"},"thumbnailUrl":"https:\/\/haberverkibris.com\/wp-content\/uploads\/2026\/04\/besiktas-gainaa-2457245.jpg","datePublished":"2026-04-28T21:09:33+00:00","author":{"@id":"https:\/\/haberverkibris.com\/#\/schema\/person\/29d65381ed43765483b5a185ded66a56"},"breadcrumb":{"@id":"https:\/\/haberverkibris.com\/index.php\/2026\/04\/29\/besiktas-gain-eurocupta-ikinci-oldu\/#breadcrumb"},"inLanguage":"tr","potentialAction":[{"@type":"ReadAction","target":["https:\/\/haberverkibris.com\/index.php\/2026\/04\/29\/besiktas-gain-eurocupta-ikinci-oldu\/"]}]},{"@type":"ImageObject","inLanguage":"tr","@id":"https:\/\/haberverkibris.com\/index.php\/2026\/04\/29\/besiktas-gain-eurocupta-ikinci-oldu\/#primaryimage","url":"https:\/\/haberverkibris.com\/wp-content\/uploads\/2026\/04\/besiktas-gainaa-2457245.jpg","contentUrl":"https:\/\/haberverkibris.com\/wp-content\/uploads\/2026\/04\/besiktas-gainaa-2457245.jpg","width":1280,"height":720},{"@type":"BreadcrumbList","@id":"https:\/\/haberverkibris.com\/index.php\/2026\/04\/29\/besiktas-gain-eurocupta-ikinci-oldu\/#breadcrumb","itemListElement":[{"@type":"ListItem","position":1,"name":"Anasayfa","item":"https:\/\/haberverkibris.com\/"},{"@type":"ListItem","position":2,"name":"Be\u015fikta\u015f GA\u0130N EuroCup&#8217;ta ikinci oldu"}]},{"@type":"WebSite","@id":"https:\/\/haberverkibris.com\/#website","url":"https:\/\/haberverkibris.com\/","name":"Kuzeyin Sesi","description":"Do\u011fru Haberin Adresi","potentialAction":[{"@type":"SearchAction","target":{"@type":"EntryPoint","urlTemplate":"https:\/\/haberverkibris.com\/?s={search_term_string}"},"query-input":{"@type":"PropertyValueSpecification","valueRequired":true,"valueName":"search_term_string"}}],"inLanguage":"tr"},{"@type":"Person","@id":"https:\/\/haberverkibris.com\/#\/schema\/person\/29d65381ed43765483b5a185ded66a56","name":"Haberver K\u0131br\u0131s","image":{"@type":"ImageObject","inLanguage":"tr","@id":"https:\/\/secure.gravatar.com\/avatar\/bab33852abfd8b282518d6ed81826833d77c3c882d9ab608add591ccace47a44?s=96&d=mm&r=g","url":"https:\/\/secure.gravatar.com\/avatar\/bab33852abfd8b282518d6ed81826833d77c3c882d9ab608add591ccace47a44?s=96&d=mm&r=g","contentUrl":"https:\/\/secure.gravatar.com\/avatar\/bab33852abfd8b282518d6ed81826833d77c3c882d9ab608add591ccace47a44?s=96&d=mm&r=g","caption":"Haberver K\u0131br\u0131s"},"sameAs":["https:\/\/haberverkibris.com"],"url":"https:\/\/haberverkibris.com\/index.php\/author\/guven\/"}]}},"_links":{"self":[{"href":"https:\/\/haberverkibris.com\/index.php\/wp-json\/wp\/v2\/posts\/34343","targetHints":{"allow":["GET"]}}],"collection":[{"href":"https:\/\/haberverkibris.com\/index.php\/wp-json\/wp\/v2\/posts"}],"about":[{"href":"https:\/\/haberverkibris.com\/index.php\/wp-json\/wp\/v2\/types\/post"}],"author":[{"embeddable":true,"href":"https:\/\/haberverkibris.com\/index.php\/wp-json\/wp\/v2\/users\/1"}],"replies":[{"embeddable":true,"href":"https:\/\/haberverkibris.com\/index.php\/wp-json\/wp\/v2\/comments?post=34343"}],"version-history":[{"count":0,"href":"https:\/\/haberverkibris.com\/index.php\/wp-json\/wp\/v2\/posts\/34343\/revisions"}],"wp:featuredmedia":[{"embeddable":true,"href":"https:\/\/haberverkibris.com\/index.php\/wp-json\/wp\/v2\/media\/34344"}],"wp:attachment":[{"href":"https:\/\/haberverkibris.com\/index.php\/wp-json\/wp\/v2\/media?parent=34343"}],"wp:term":[{"taxonomy":"category","embeddable":true,"href":"https:\/\/haberverkibris.com\/index.php\/wp-json\/wp\/v2\/categories?post=34343"},{"taxonomy":"post_tag","embeddable":true,"href":"https:\/\/haberverkibris.com\/index.php\/wp-json\/wp\/v2\/tags?post=34343"}],"curies":[{"name":"wp","href":"https:\/\/api.w.org\/{rel}","templated":true}]}}