{"id":34341,"date":"2026-04-28T23:55:35","date_gmt":"2026-04-28T20:55:35","guid":{"rendered":"https:\/\/haberverkibris.com\/index.php\/2026\/04\/28\/eski-almanya-cumhurbaskani-dunyanin-turkiyeye-ihtiyaci-turkiyenin-dunyaya-ihtiyacindan-daha-fazla\/"},"modified":"2026-04-28T23:55:35","modified_gmt":"2026-04-28T20:55:35","slug":"eski-almanya-cumhurbaskani-dunyanin-turkiyeye-ihtiyaci-turkiyenin-dunyaya-ihtiyacindan-daha-fazla","status":"publish","type":"post","link":"https:\/\/haberverkibris.com\/index.php\/2026\/04\/28\/eski-almanya-cumhurbaskani-dunyanin-turkiyeye-ihtiyaci-turkiyenin-dunyaya-ihtiyacindan-daha-fazla\/","title":{"rendered":"Eski Almanya Cumhurba\u015fkan\u0131: D\u00fcnyan\u0131n T\u00fcrkiye&#8217;ye ihtiyac\u0131, T\u00fcrkiye&#8217;nin d\u00fcnyaya ihtiyac\u0131ndan daha fazla"},"content":{"rendered":"<p><\/p>\n<div>\n<p>&#13;<br \/>\n\tWulff, Alman-T\u00fcrk \u0130\u015f Konseyi Y\u00f6netim Kurulu Toplant\u0131s\u0131&#8217;nda yapt\u0131\u011f\u0131 konu\u015fmada, Almanya&#8217;n\u0131n T\u00fcrkiye&#8217;nin en \u00f6nemli ticaret orta\u011f\u0131 oldu\u011funu s\u00f6yledi.<\/p>\n<p>&#13;<br \/>\n\tT\u00fcrkiye ve Almanya&#8217;n\u0131n potansiyelinin oldu\u011funu ifade eden Wulff, toplant\u0131n\u0131n amac\u0131n\u0131n net bir \u015fekilde i\u015f birli\u011fi f\u0131rsatlar\u0131n\u0131 dillendirmek, bunlar\u0131 tespit etmek ve mevcut potansiyeli kullanabilmek oldu\u011funun alt\u0131n\u0131 \u00e7izdi.<\/p>\n<p>&#13;<br \/>\n\tWulff, kendine g\u00fcvenen bir T\u00fcrkiye&#8217;yi g\u00f6rd\u00fc\u011f\u00fcn\u00fc dile getirerek, \u015funlar\u0131 kaydetti:<\/p>\n<p>&#13;<br \/>\n\t&#8220;D\u00fcnyan\u0131n T\u00fcrkiye&#8217;ye ihtiyac\u0131, T\u00fcrkiye&#8217;nin d\u00fcnyaya ihtiyac\u0131ndan daha fazla. \u015e\u00fcphesiz sahip oldu\u011fumuz en b\u00fcy\u00fck sermaye kar\u015f\u0131l\u0131kl\u0131 g\u00fcven. T\u00fcrklerle el s\u0131k\u0131\u015f\u0131yoruz. T\u00fcrkiye ile el s\u0131k\u0131\u015f\u0131yoruz ve kar\u015f\u0131l\u0131kl\u0131 olarak da Almanya&#8217;n\u0131n imaj\u0131 T\u00fcrkiye&#8217;de hala son derece iyi. Hal b\u00f6yle olunca da T\u00fcrkiye ve Almanya aras\u0131ndaki bu potansiyeli kullanmam\u0131z gerekiyor.<\/p>\n<p>&#13;<br \/>\n\tT\u00fcrkiye lehinde pek \u00e7ok \u015fey s\u00f6z konusu. Tedarik zincirinin H\u00fcrm\u00fcz Bo\u011faz\u0131&#8217;ndan Akdeniz limanlar\u0131na do\u011fru kayd\u0131\u011f\u0131n\u0131 g\u00f6r\u00fcyoruz. Akdeniz limanlar\u0131nda bir yo\u011funluk var. T\u00fcrkiye&#8217;nin jeopolitik ve stratejik olarak avantaj\u0131 burada yat\u0131yor. Ba\u015fka \u00f6zelliklerle birlikte personel maliyetleri g\u00f6rece olarak daha d\u00fc\u015f\u00fck. Almanya bu f\u0131rsatlardan faydalanmak istiyor.&#8221;<\/p>\n<p>&#13;<br \/>\n\tEski Almanya Cumhurba\u015fkan\u0131 Wulff, k\u00fcresel \u00f6l\u00e7ekte bak\u0131ld\u0131\u011f\u0131nda zaten \u00e7ok fazla kriz ve sava\u015f oldu\u011funu, eskiden s\u00f6ylendi\u011fi gibi &#8220;Almanya&#8217;n\u0131n hi\u00e7 sorunu yok&#8221; gibi bir durumun art\u0131k s\u00f6z konusu olmad\u0131\u011f\u0131n\u0131, Almanya&#8217;n\u0131n da art\u0131k sorunu bulundu\u011funu ve bunlar\u0131 \u00e7\u00f6zmekle me\u015fgul olduklar\u0131n\u0131 dile getirdi.<\/p>\n<p>&#13;<br \/>\n\tAlmanya&#8217;n\u0131n i\u00e7 politikas\u0131nda bu tart\u0131\u015fman\u0131n bundan dolay\u0131 devam etti\u011fini aktaran Wulff, d\u00fcnyadaki bu b\u00fcy\u00fck krizin asl\u0131nda f\u0131rsat oldu\u011funu, bu ba\u011flamda T\u00fcrkiye&#8217;nin d\u00fcnyada \u00e7ok b\u00fcy\u00fck bir rol oynayaca\u011f\u0131n\u0131 ifade etti.<\/p>\n<\/p><\/div>\n","protected":false},"excerpt":{"rendered":"<p>&#13; Wulff, Alman-T\u00fcrk \u0130\u015f Konseyi Y\u00f6netim Kurulu Toplant\u0131s\u0131&#8217;nda yapt\u0131\u011f\u0131 konu\u015fmada, Almanya&#8217;n\u0131n T\u00fcrkiye&#8217;nin en \u00f6nemli ticaret orta\u011f\u0131 oldu\u011funu s\u00f6yledi. &#13; T\u00fcrkiye ve Almanya&#8217;n\u0131n potansiyelinin oldu\u011funu ifade eden Wulff, toplant\u0131n\u0131n amac\u0131n\u0131n net bir \u015fekilde i\u015f birli\u011fi f\u0131rsatlar\u0131n\u0131 dillendirmek, bunlar\u0131 tespit etmek ve mevcut potansiyeli kullanabilmek oldu\u011funun alt\u0131n\u0131 \u00e7izdi. &#13; Wulff, kendine g\u00fcvenen bir T\u00fcrkiye&#8217;yi g\u00f6rd\u00fc\u011f\u00fcn\u00fc dile getirerek, [&hellip;]<\/p>\n","protected":false},"author":1,"featured_media":34342,"comment_status":"open","ping_status":"open","sticky":false,"template":"","format":"standard","meta":{"jnews-multi-image_gallery":[],"jnews_single_post":[],"jnews_primary_category":[],"jnews_social_meta":[],"jnews_override_counter":[],"footnotes":""},"categories":[2],"tags":[],"class_list":["post-34341","post","type-post","status-publish","format-standard","has-post-thumbnail","hentry","category-dunya"],"yoast_head":"<!-- This site is optimized with the Yoast SEO plugin v27.5 - https:\/\/yoast.com\/product\/yoast-seo-wordpress\/ -->\n<title>Eski Almanya Cumhurba\u015fkan\u0131: D\u00fcnyan\u0131n T\u00fcrkiye&#039;ye ihtiyac\u0131, T\u00fcrkiye&#039;nin d\u00fcnyaya ihtiyac\u0131ndan daha fazla - Haber Ver K\u0131br\u0131s<\/title>\n<meta name=\"robots\" content=\"index, follow, max-snippet:-1, max-image-preview:large, max-video-preview:-1\" \/>\n<link rel=\"canonical\" href=\"https:\/\/haberverkibris.com\/index.php\/2026\/04\/28\/eski-almanya-cumhurbaskani-dunyanin-turkiyeye-ihtiyaci-turkiyenin-dunyaya-ihtiyacindan-daha-fazla\/\" \/>\n<meta property=\"og:locale\" content=\"tr_TR\" \/>\n<meta property=\"og:type\" content=\"article\" \/>\n<meta property=\"og:title\" content=\"Eski Almanya Cumhurba\u015fkan\u0131: D\u00fcnyan\u0131n T\u00fcrkiye&#039;ye ihtiyac\u0131, T\u00fcrkiye&#039;nin d\u00fcnyaya ihtiyac\u0131ndan daha fazla - Haber Ver K\u0131br\u0131s\" \/>\n<meta property=\"og:description\" content=\"&#013; Wulff, Alman-T\u00fcrk \u0130\u015f Konseyi Y\u00f6netim Kurulu Toplant\u0131s\u0131&#8217;nda yapt\u0131\u011f\u0131 konu\u015fmada, Almanya&#8217;n\u0131n T\u00fcrkiye&#8217;nin en \u00f6nemli ticaret orta\u011f\u0131 oldu\u011funu s\u00f6yledi. &#013; T\u00fcrkiye ve Almanya&#8217;n\u0131n potansiyelinin oldu\u011funu ifade eden Wulff, toplant\u0131n\u0131n amac\u0131n\u0131n net bir \u015fekilde i\u015f birli\u011fi f\u0131rsatlar\u0131n\u0131 dillendirmek, bunlar\u0131 tespit etmek ve mevcut potansiyeli kullanabilmek oldu\u011funun alt\u0131n\u0131 \u00e7izdi. &#013; Wulff, kendine g\u00fcvenen bir T\u00fcrkiye&#8217;yi g\u00f6rd\u00fc\u011f\u00fcn\u00fc dile getirerek, [&hellip;]\" \/>\n<meta property=\"og:url\" content=\"https:\/\/haberverkibris.com\/index.php\/2026\/04\/28\/eski-almanya-cumhurbaskani-dunyanin-turkiyeye-ihtiyaci-turkiyenin-dunyaya-ihtiyacindan-daha-fazla\/\" \/>\n<meta property=\"og:site_name\" content=\"Haber Ver K\u0131br\u0131s\" \/>\n<meta property=\"article:publisher\" content=\"https:\/\/www.facebook.com\/kuzeyinsesii\" \/>\n<meta property=\"article:published_time\" content=\"2026-04-28T20:55:35+00:00\" \/>\n<meta property=\"og:image\" content=\"https:\/\/trthaberstatic.cdn.wp.trt.com.tr\/resimler\/2456000\/christian-wulff-afp-2457243.jpg\" \/>\n<meta name=\"author\" content=\"Haberver K\u0131br\u0131s\" \/>\n<meta name=\"twitter:card\" content=\"summary_large_image\" \/>\n<meta name=\"twitter:creator\" content=\"@kuzeyinsesii\" \/>\n<meta name=\"twitter:site\" content=\"@kuzeyinsesii\" \/>\n<meta name=\"twitter:label1\" content=\"Yazan:\" \/>\n\t<meta name=\"twitter:data1\" content=\"Haberver K\u0131br\u0131s\" \/>\n\t<meta name=\"twitter:label2\" content=\"Tahmini okuma s\u00fcresi\" \/>\n\t<meta name=\"twitter:data2\" content=\"2 dakika\" \/>\n<script type=\"application\/ld+json\" class=\"yoast-schema-graph\">{\"@context\":\"https:\\\/\\\/schema.org\",\"@graph\":[{\"@type\":\"Article\",\"@id\":\"https:\\\/\\\/haberverkibris.com\\\/index.php\\\/2026\\\/04\\\/28\\\/eski-almanya-cumhurbaskani-dunyanin-turkiyeye-ihtiyaci-turkiyenin-dunyaya-ihtiyacindan-daha-fazla\\\/#article\",\"isPartOf\":{\"@id\":\"https:\\\/\\\/haberverkibris.com\\\/index.php\\\/2026\\\/04\\\/28\\\/eski-almanya-cumhurbaskani-dunyanin-turkiyeye-ihtiyaci-turkiyenin-dunyaya-ihtiyacindan-daha-fazla\\\/\"},\"author\":{\"name\":\"Haberver K\u0131br\u0131s\",\"@id\":\"https:\\\/\\\/haberverkibris.com\\\/#\\\/schema\\\/person\\\/29d65381ed43765483b5a185ded66a56\"},\"headline\":\"Eski Almanya Cumhurba\u015fkan\u0131: D\u00fcnyan\u0131n T\u00fcrkiye&#8217;ye ihtiyac\u0131, T\u00fcrkiye&#8217;nin d\u00fcnyaya ihtiyac\u0131ndan daha fazla\",\"datePublished\":\"2026-04-28T20:55:35+00:00\",\"mainEntityOfPage\":{\"@id\":\"https:\\\/\\\/haberverkibris.com\\\/index.php\\\/2026\\\/04\\\/28\\\/eski-almanya-cumhurbaskani-dunyanin-turkiyeye-ihtiyaci-turkiyenin-dunyaya-ihtiyacindan-daha-fazla\\\/\"},\"wordCount\":348,\"commentCount\":0,\"image\":{\"@id\":\"https:\\\/\\\/haberverkibris.com\\\/index.php\\\/2026\\\/04\\\/28\\\/eski-almanya-cumhurbaskani-dunyanin-turkiyeye-ihtiyaci-turkiyenin-dunyaya-ihtiyacindan-daha-fazla\\\/#primaryimage\"},\"thumbnailUrl\":\"https:\\\/\\\/haberverkibris.com\\\/wp-content\\\/uploads\\\/2026\\\/04\\\/christian-wulff-afp-2457243.jpg\",\"articleSection\":[\"D\u00fcnya\"],\"inLanguage\":\"tr\",\"potentialAction\":[{\"@type\":\"CommentAction\",\"name\":\"Comment\",\"target\":[\"https:\\\/\\\/haberverkibris.com\\\/index.php\\\/2026\\\/04\\\/28\\\/eski-almanya-cumhurbaskani-dunyanin-turkiyeye-ihtiyaci-turkiyenin-dunyaya-ihtiyacindan-daha-fazla\\\/#respond\"]}]},{\"@type\":\"WebPage\",\"@id\":\"https:\\\/\\\/haberverkibris.com\\\/index.php\\\/2026\\\/04\\\/28\\\/eski-almanya-cumhurbaskani-dunyanin-turkiyeye-ihtiyaci-turkiyenin-dunyaya-ihtiyacindan-daha-fazla\\\/\",\"url\":\"https:\\\/\\\/haberverkibris.com\\\/index.php\\\/2026\\\/04\\\/28\\\/eski-almanya-cumhurbaskani-dunyanin-turkiyeye-ihtiyaci-turkiyenin-dunyaya-ihtiyacindan-daha-fazla\\\/\",\"name\":\"Eski Almanya Cumhurba\u015fkan\u0131: D\u00fcnyan\u0131n T\u00fcrkiye'ye ihtiyac\u0131, T\u00fcrkiye'nin d\u00fcnyaya ihtiyac\u0131ndan daha fazla - Haber Ver K\u0131br\u0131s\",\"isPartOf\":{\"@id\":\"https:\\\/\\\/haberverkibris.com\\\/#website\"},\"primaryImageOfPage\":{\"@id\":\"https:\\\/\\\/haberverkibris.com\\\/index.php\\\/2026\\\/04\\\/28\\\/eski-almanya-cumhurbaskani-dunyanin-turkiyeye-ihtiyaci-turkiyenin-dunyaya-ihtiyacindan-daha-fazla\\\/#primaryimage\"},\"image\":{\"@id\":\"https:\\\/\\\/haberverkibris.com\\\/index.php\\\/2026\\\/04\\\/28\\\/eski-almanya-cumhurbaskani-dunyanin-turkiyeye-ihtiyaci-turkiyenin-dunyaya-ihtiyacindan-daha-fazla\\\/#primaryimage\"},\"thumbnailUrl\":\"https:\\\/\\\/haberverkibris.com\\\/wp-content\\\/uploads\\\/2026\\\/04\\\/christian-wulff-afp-2457243.jpg\",\"datePublished\":\"2026-04-28T20:55:35+00:00\",\"author\":{\"@id\":\"https:\\\/\\\/haberverkibris.com\\\/#\\\/schema\\\/person\\\/29d65381ed43765483b5a185ded66a56\"},\"breadcrumb\":{\"@id\":\"https:\\\/\\\/haberverkibris.com\\\/index.php\\\/2026\\\/04\\\/28\\\/eski-almanya-cumhurbaskani-dunyanin-turkiyeye-ihtiyaci-turkiyenin-dunyaya-ihtiyacindan-daha-fazla\\\/#breadcrumb\"},\"inLanguage\":\"tr\",\"potentialAction\":[{\"@type\":\"ReadAction\",\"target\":[\"https:\\\/\\\/haberverkibris.com\\\/index.php\\\/2026\\\/04\\\/28\\\/eski-almanya-cumhurbaskani-dunyanin-turkiyeye-ihtiyaci-turkiyenin-dunyaya-ihtiyacindan-daha-fazla\\\/\"]}]},{\"@type\":\"ImageObject\",\"inLanguage\":\"tr\",\"@id\":\"https:\\\/\\\/haberverkibris.com\\\/index.php\\\/2026\\\/04\\\/28\\\/eski-almanya-cumhurbaskani-dunyanin-turkiyeye-ihtiyaci-turkiyenin-dunyaya-ihtiyacindan-daha-fazla\\\/#primaryimage\",\"url\":\"https:\\\/\\\/haberverkibris.com\\\/wp-content\\\/uploads\\\/2026\\\/04\\\/christian-wulff-afp-2457243.jpg\",\"contentUrl\":\"https:\\\/\\\/haberverkibris.com\\\/wp-content\\\/uploads\\\/2026\\\/04\\\/christian-wulff-afp-2457243.jpg\",\"width\":1280,\"height\":720},{\"@type\":\"BreadcrumbList\",\"@id\":\"https:\\\/\\\/haberverkibris.com\\\/index.php\\\/2026\\\/04\\\/28\\\/eski-almanya-cumhurbaskani-dunyanin-turkiyeye-ihtiyaci-turkiyenin-dunyaya-ihtiyacindan-daha-fazla\\\/#breadcrumb\",\"itemListElement\":[{\"@type\":\"ListItem\",\"position\":1,\"name\":\"Anasayfa\",\"item\":\"https:\\\/\\\/haberverkibris.com\\\/\"},{\"@type\":\"ListItem\",\"position\":2,\"name\":\"Eski Almanya Cumhurba\u015fkan\u0131: D\u00fcnyan\u0131n T\u00fcrkiye&#8217;ye ihtiyac\u0131, T\u00fcrkiye&#8217;nin d\u00fcnyaya ihtiyac\u0131ndan daha fazla\"}]},{\"@type\":\"WebSite\",\"@id\":\"https:\\\/\\\/haberverkibris.com\\\/#website\",\"url\":\"https:\\\/\\\/haberverkibris.com\\\/\",\"name\":\"Kuzeyin Sesi\",\"description\":\"Do\u011fru Haberin Adresi\",\"potentialAction\":[{\"@type\":\"SearchAction\",\"target\":{\"@type\":\"EntryPoint\",\"urlTemplate\":\"https:\\\/\\\/haberverkibris.com\\\/?s={search_term_string}\"},\"query-input\":{\"@type\":\"PropertyValueSpecification\",\"valueRequired\":true,\"valueName\":\"search_term_string\"}}],\"inLanguage\":\"tr\"},{\"@type\":\"Person\",\"@id\":\"https:\\\/\\\/haberverkibris.com\\\/#\\\/schema\\\/person\\\/29d65381ed43765483b5a185ded66a56\",\"name\":\"Haberver K\u0131br\u0131s\",\"image\":{\"@type\":\"ImageObject\",\"inLanguage\":\"tr\",\"@id\":\"https:\\\/\\\/secure.gravatar.com\\\/avatar\\\/bab33852abfd8b282518d6ed81826833d77c3c882d9ab608add591ccace47a44?s=96&d=mm&r=g\",\"url\":\"https:\\\/\\\/secure.gravatar.com\\\/avatar\\\/bab33852abfd8b282518d6ed81826833d77c3c882d9ab608add591ccace47a44?s=96&d=mm&r=g\",\"contentUrl\":\"https:\\\/\\\/secure.gravatar.com\\\/avatar\\\/bab33852abfd8b282518d6ed81826833d77c3c882d9ab608add591ccace47a44?s=96&d=mm&r=g\",\"caption\":\"Haberver K\u0131br\u0131s\"},\"sameAs\":[\"https:\\\/\\\/haberverkibris.com\"],\"url\":\"https:\\\/\\\/haberverkibris.com\\\/index.php\\\/author\\\/guven\\\/\"}]}<\/script>\n<!-- \/ Yoast SEO plugin. -->","yoast_head_json":{"title":"Eski Almanya Cumhurba\u015fkan\u0131: D\u00fcnyan\u0131n T\u00fcrkiye'ye ihtiyac\u0131, T\u00fcrkiye'nin d\u00fcnyaya ihtiyac\u0131ndan daha fazla - Haber Ver K\u0131br\u0131s","robots":{"index":"index","follow":"follow","max-snippet":"max-snippet:-1","max-image-preview":"max-image-preview:large","max-video-preview":"max-video-preview:-1"},"canonical":"https:\/\/haberverkibris.com\/index.php\/2026\/04\/28\/eski-almanya-cumhurbaskani-dunyanin-turkiyeye-ihtiyaci-turkiyenin-dunyaya-ihtiyacindan-daha-fazla\/","og_locale":"tr_TR","og_type":"article","og_title":"Eski Almanya Cumhurba\u015fkan\u0131: D\u00fcnyan\u0131n T\u00fcrkiye'ye ihtiyac\u0131, T\u00fcrkiye'nin d\u00fcnyaya ihtiyac\u0131ndan daha fazla - Haber Ver K\u0131br\u0131s","og_description":"&#13; Wulff, Alman-T\u00fcrk \u0130\u015f Konseyi Y\u00f6netim Kurulu Toplant\u0131s\u0131&#8217;nda yapt\u0131\u011f\u0131 konu\u015fmada, Almanya&#8217;n\u0131n T\u00fcrkiye&#8217;nin en \u00f6nemli ticaret orta\u011f\u0131 oldu\u011funu s\u00f6yledi. &#13; T\u00fcrkiye ve Almanya&#8217;n\u0131n potansiyelinin oldu\u011funu ifade eden Wulff, toplant\u0131n\u0131n amac\u0131n\u0131n net bir \u015fekilde i\u015f birli\u011fi f\u0131rsatlar\u0131n\u0131 dillendirmek, bunlar\u0131 tespit etmek ve mevcut potansiyeli kullanabilmek oldu\u011funun alt\u0131n\u0131 \u00e7izdi. &#13; Wulff, kendine g\u00fcvenen bir T\u00fcrkiye&#8217;yi g\u00f6rd\u00fc\u011f\u00fcn\u00fc dile getirerek, [&hellip;]","og_url":"https:\/\/haberverkibris.com\/index.php\/2026\/04\/28\/eski-almanya-cumhurbaskani-dunyanin-turkiyeye-ihtiyaci-turkiyenin-dunyaya-ihtiyacindan-daha-fazla\/","og_site_name":"Haber Ver K\u0131br\u0131s","article_publisher":"https:\/\/www.facebook.com\/kuzeyinsesii","article_published_time":"2026-04-28T20:55:35+00:00","og_image":[{"url":"https:\/\/trthaberstatic.cdn.wp.trt.com.tr\/resimler\/2456000\/christian-wulff-afp-2457243.jpg","type":"","width":"","height":""}],"author":"Haberver K\u0131br\u0131s","twitter_card":"summary_large_image","twitter_creator":"@kuzeyinsesii","twitter_site":"@kuzeyinsesii","twitter_misc":{"Yazan:":"Haberver K\u0131br\u0131s","Tahmini okuma s\u00fcresi":"2 dakika"},"schema":{"@context":"https:\/\/schema.org","@graph":[{"@type":"Article","@id":"https:\/\/haberverkibris.com\/index.php\/2026\/04\/28\/eski-almanya-cumhurbaskani-dunyanin-turkiyeye-ihtiyaci-turkiyenin-dunyaya-ihtiyacindan-daha-fazla\/#article","isPartOf":{"@id":"https:\/\/haberverkibris.com\/index.php\/2026\/04\/28\/eski-almanya-cumhurbaskani-dunyanin-turkiyeye-ihtiyaci-turkiyenin-dunyaya-ihtiyacindan-daha-fazla\/"},"author":{"name":"Haberver K\u0131br\u0131s","@id":"https:\/\/haberverkibris.com\/#\/schema\/person\/29d65381ed43765483b5a185ded66a56"},"headline":"Eski Almanya Cumhurba\u015fkan\u0131: D\u00fcnyan\u0131n T\u00fcrkiye&#8217;ye ihtiyac\u0131, T\u00fcrkiye&#8217;nin d\u00fcnyaya ihtiyac\u0131ndan daha fazla","datePublished":"2026-04-28T20:55:35+00:00","mainEntityOfPage":{"@id":"https:\/\/haberverkibris.com\/index.php\/2026\/04\/28\/eski-almanya-cumhurbaskani-dunyanin-turkiyeye-ihtiyaci-turkiyenin-dunyaya-ihtiyacindan-daha-fazla\/"},"wordCount":348,"commentCount":0,"image":{"@id":"https:\/\/haberverkibris.com\/index.php\/2026\/04\/28\/eski-almanya-cumhurbaskani-dunyanin-turkiyeye-ihtiyaci-turkiyenin-dunyaya-ihtiyacindan-daha-fazla\/#primaryimage"},"thumbnailUrl":"https:\/\/haberverkibris.com\/wp-content\/uploads\/2026\/04\/christian-wulff-afp-2457243.jpg","articleSection":["D\u00fcnya"],"inLanguage":"tr","potentialAction":[{"@type":"CommentAction","name":"Comment","target":["https:\/\/haberverkibris.com\/index.php\/2026\/04\/28\/eski-almanya-cumhurbaskani-dunyanin-turkiyeye-ihtiyaci-turkiyenin-dunyaya-ihtiyacindan-daha-fazla\/#respond"]}]},{"@type":"WebPage","@id":"https:\/\/haberverkibris.com\/index.php\/2026\/04\/28\/eski-almanya-cumhurbaskani-dunyanin-turkiyeye-ihtiyaci-turkiyenin-dunyaya-ihtiyacindan-daha-fazla\/","url":"https:\/\/haberverkibris.com\/index.php\/2026\/04\/28\/eski-almanya-cumhurbaskani-dunyanin-turkiyeye-ihtiyaci-turkiyenin-dunyaya-ihtiyacindan-daha-fazla\/","name":"Eski Almanya Cumhurba\u015fkan\u0131: D\u00fcnyan\u0131n T\u00fcrkiye'ye ihtiyac\u0131, T\u00fcrkiye'nin d\u00fcnyaya ihtiyac\u0131ndan daha fazla - Haber Ver K\u0131br\u0131s","isPartOf":{"@id":"https:\/\/haberverkibris.com\/#website"},"primaryImageOfPage":{"@id":"https:\/\/haberverkibris.com\/index.php\/2026\/04\/28\/eski-almanya-cumhurbaskani-dunyanin-turkiyeye-ihtiyaci-turkiyenin-dunyaya-ihtiyacindan-daha-fazla\/#primaryimage"},"image":{"@id":"https:\/\/haberverkibris.com\/index.php\/2026\/04\/28\/eski-almanya-cumhurbaskani-dunyanin-turkiyeye-ihtiyaci-turkiyenin-dunyaya-ihtiyacindan-daha-fazla\/#primaryimage"},"thumbnailUrl":"https:\/\/haberverkibris.com\/wp-content\/uploads\/2026\/04\/christian-wulff-afp-2457243.jpg","datePublished":"2026-04-28T20:55:35+00:00","author":{"@id":"https:\/\/haberverkibris.com\/#\/schema\/person\/29d65381ed43765483b5a185ded66a56"},"breadcrumb":{"@id":"https:\/\/haberverkibris.com\/index.php\/2026\/04\/28\/eski-almanya-cumhurbaskani-dunyanin-turkiyeye-ihtiyaci-turkiyenin-dunyaya-ihtiyacindan-daha-fazla\/#breadcrumb"},"inLanguage":"tr","potentialAction":[{"@type":"ReadAction","target":["https:\/\/haberverkibris.com\/index.php\/2026\/04\/28\/eski-almanya-cumhurbaskani-dunyanin-turkiyeye-ihtiyaci-turkiyenin-dunyaya-ihtiyacindan-daha-fazla\/"]}]},{"@type":"ImageObject","inLanguage":"tr","@id":"https:\/\/haberverkibris.com\/index.php\/2026\/04\/28\/eski-almanya-cumhurbaskani-dunyanin-turkiyeye-ihtiyaci-turkiyenin-dunyaya-ihtiyacindan-daha-fazla\/#primaryimage","url":"https:\/\/haberverkibris.com\/wp-content\/uploads\/2026\/04\/christian-wulff-afp-2457243.jpg","contentUrl":"https:\/\/haberverkibris.com\/wp-content\/uploads\/2026\/04\/christian-wulff-afp-2457243.jpg","width":1280,"height":720},{"@type":"BreadcrumbList","@id":"https:\/\/haberverkibris.com\/index.php\/2026\/04\/28\/eski-almanya-cumhurbaskani-dunyanin-turkiyeye-ihtiyaci-turkiyenin-dunyaya-ihtiyacindan-daha-fazla\/#breadcrumb","itemListElement":[{"@type":"ListItem","position":1,"name":"Anasayfa","item":"https:\/\/haberverkibris.com\/"},{"@type":"ListItem","position":2,"name":"Eski Almanya Cumhurba\u015fkan\u0131: D\u00fcnyan\u0131n T\u00fcrkiye&#8217;ye ihtiyac\u0131, T\u00fcrkiye&#8217;nin d\u00fcnyaya ihtiyac\u0131ndan daha fazla"}]},{"@type":"WebSite","@id":"https:\/\/haberverkibris.com\/#website","url":"https:\/\/haberverkibris.com\/","name":"Kuzeyin Sesi","description":"Do\u011fru Haberin Adresi","potentialAction":[{"@type":"SearchAction","target":{"@type":"EntryPoint","urlTemplate":"https:\/\/haberverkibris.com\/?s={search_term_string}"},"query-input":{"@type":"PropertyValueSpecification","valueRequired":true,"valueName":"search_term_string"}}],"inLanguage":"tr"},{"@type":"Person","@id":"https:\/\/haberverkibris.com\/#\/schema\/person\/29d65381ed43765483b5a185ded66a56","name":"Haberver K\u0131br\u0131s","image":{"@type":"ImageObject","inLanguage":"tr","@id":"https:\/\/secure.gravatar.com\/avatar\/bab33852abfd8b282518d6ed81826833d77c3c882d9ab608add591ccace47a44?s=96&d=mm&r=g","url":"https:\/\/secure.gravatar.com\/avatar\/bab33852abfd8b282518d6ed81826833d77c3c882d9ab608add591ccace47a44?s=96&d=mm&r=g","contentUrl":"https:\/\/secure.gravatar.com\/avatar\/bab33852abfd8b282518d6ed81826833d77c3c882d9ab608add591ccace47a44?s=96&d=mm&r=g","caption":"Haberver K\u0131br\u0131s"},"sameAs":["https:\/\/haberverkibris.com"],"url":"https:\/\/haberverkibris.com\/index.php\/author\/guven\/"}]}},"_links":{"self":[{"href":"https:\/\/haberverkibris.com\/index.php\/wp-json\/wp\/v2\/posts\/34341","targetHints":{"allow":["GET"]}}],"collection":[{"href":"https:\/\/haberverkibris.com\/index.php\/wp-json\/wp\/v2\/posts"}],"about":[{"href":"https:\/\/haberverkibris.com\/index.php\/wp-json\/wp\/v2\/types\/post"}],"author":[{"embeddable":true,"href":"https:\/\/haberverkibris.com\/index.php\/wp-json\/wp\/v2\/users\/1"}],"replies":[{"embeddable":true,"href":"https:\/\/haberverkibris.com\/index.php\/wp-json\/wp\/v2\/comments?post=34341"}],"version-history":[{"count":0,"href":"https:\/\/haberverkibris.com\/index.php\/wp-json\/wp\/v2\/posts\/34341\/revisions"}],"wp:featuredmedia":[{"embeddable":true,"href":"https:\/\/haberverkibris.com\/index.php\/wp-json\/wp\/v2\/media\/34342"}],"wp:attachment":[{"href":"https:\/\/haberverkibris.com\/index.php\/wp-json\/wp\/v2\/media?parent=34341"}],"wp:term":[{"taxonomy":"category","embeddable":true,"href":"https:\/\/haberverkibris.com\/index.php\/wp-json\/wp\/v2\/categories?post=34341"},{"taxonomy":"post_tag","embeddable":true,"href":"https:\/\/haberverkibris.com\/index.php\/wp-json\/wp\/v2\/tags?post=34341"}],"curies":[{"name":"wp","href":"https:\/\/api.w.org\/{rel}","templated":true}]}}