{"id":34339,"date":"2026-04-28T23:08:47","date_gmt":"2026-04-28T20:08:47","guid":{"rendered":"https:\/\/haberverkibris.com\/index.php\/2026\/04\/28\/agzini-kapatarak-ayrimcilik-yapan-futbolcuya-kirmizi-kart\/"},"modified":"2026-04-28T23:08:47","modified_gmt":"2026-04-28T20:08:47","slug":"agzini-kapatarak-ayrimcilik-yapan-futbolcuya-kirmizi-kart","status":"publish","type":"post","link":"https:\/\/haberverkibris.com\/index.php\/2026\/04\/28\/agzini-kapatarak-ayrimcilik-yapan-futbolcuya-kirmizi-kart\/","title":{"rendered":"A\u011fz\u0131n\u0131 kapatarak ayr\u0131mc\u0131l\u0131k yapan futbolcuya k\u0131rm\u0131z\u0131 kart"},"content":{"rendered":"<p><\/p>\n<div>\n<p>&#13;<br \/>\n\tIFAB&#8217;dan yap\u0131lan a\u00e7\u0131klamada, Kanada&#8217;n\u0131n Vancouver kentinde d\u00fczenlenen \u00f6zel toplant\u0131da, ayr\u0131mc\u0131 ve uygunsuz davran\u0131\u015flarla m\u00fccadele etmek amac\u0131yla FIFA taraf\u0131ndan \u00f6nerilen iki kural de\u011fi\u015fikli\u011finin oy birli\u011fiyle onayland\u0131\u011f\u0131 kaydedildi.<\/p>\n<p>&#13;<br \/>\n\tBu yaz d\u00fczenlenecek 2026 FIFA D\u00fcnya Kupas\u0131&#8217;nda da uygulanacak yeni kurallara g\u00f6re, ayr\u0131mc\u0131 davran\u0131\u015flar\u0131n\u0131 gizlemek i\u00e7in a\u011fz\u0131n\u0131 kapatan futbolculara, hakem karar\u0131na tepki olarak sahay\u0131 terk eden oyuncular veya oyuncular\u0131 buna te\u015fvik eden yetkililere k\u0131rm\u0131z\u0131 kart uygulamas\u0131 getirildi.<\/p>\n<p>&#13;<br \/>\n\t\u015eubat ay\u0131nda oynanan UEFA \u015eampiyonlar Ligi son 16 play-off turu ilk ma\u00e7\u0131nda, Real Madrid&#8217;in Brezilyal\u0131 y\u0131ld\u0131z\u0131 Vinicius Junior rakibi Gianluca Prestianni&#8217;nin kendisine \u0131rk\u00e7\u0131 ifadeler kulland\u0131\u011f\u0131n\u0131 iddia etmi\u015fti.<\/p>\n<p>&#13;<br \/>\n\tUEFA Disiplin Kurulu, Vinicius Junior ile ya\u015fad\u0131\u011f\u0131 tart\u0131\u015fma s\u0131ras\u0131nda a\u011fz\u0131n\u0131 kapatan ve iddialar\u0131 reddeden Arjantinli futbolcuyu ayr\u0131mc\u0131 davran\u0131\u015f\u0131ndan dolay\u0131 6 ma\u00e7tan men etmi\u015fti.<\/p>\n<\/p><\/div>\n","protected":false},"excerpt":{"rendered":"<p>&#13; IFAB&#8217;dan yap\u0131lan a\u00e7\u0131klamada, Kanada&#8217;n\u0131n Vancouver kentinde d\u00fczenlenen \u00f6zel toplant\u0131da, ayr\u0131mc\u0131 ve uygunsuz davran\u0131\u015flarla m\u00fccadele etmek amac\u0131yla FIFA taraf\u0131ndan \u00f6nerilen iki kural de\u011fi\u015fikli\u011finin oy birli\u011fiyle onayland\u0131\u011f\u0131 kaydedildi. &#13; Bu yaz d\u00fczenlenecek 2026 FIFA D\u00fcnya Kupas\u0131&#8217;nda da uygulanacak yeni kurallara g\u00f6re, ayr\u0131mc\u0131 davran\u0131\u015flar\u0131n\u0131 gizlemek i\u00e7in a\u011fz\u0131n\u0131 kapatan futbolculara, hakem karar\u0131na tepki olarak sahay\u0131 terk eden oyuncular [&hellip;]<\/p>\n","protected":false},"author":1,"featured_media":34340,"comment_status":"open","ping_status":"open","sticky":false,"template":"","format":"standard","meta":{"jnews-multi-image_gallery":[],"jnews_single_post":[],"jnews_primary_category":[],"jnews_social_meta":[],"jnews_override_counter":[],"footnotes":""},"categories":[4],"tags":[],"class_list":["post-34339","post","type-post","status-publish","format-standard","has-post-thumbnail","hentry","category-spor"],"yoast_head":"<!-- This site is optimized with the Yoast SEO plugin v27.5 - https:\/\/yoast.com\/product\/yoast-seo-wordpress\/ -->\n<title>A\u011fz\u0131n\u0131 kapatarak ayr\u0131mc\u0131l\u0131k yapan futbolcuya k\u0131rm\u0131z\u0131 kart - Haber Ver K\u0131br\u0131s<\/title>\n<meta name=\"robots\" content=\"index, follow, max-snippet:-1, max-image-preview:large, max-video-preview:-1\" \/>\n<link rel=\"canonical\" href=\"https:\/\/haberverkibris.com\/index.php\/2026\/04\/28\/agzini-kapatarak-ayrimcilik-yapan-futbolcuya-kirmizi-kart\/\" \/>\n<meta property=\"og:locale\" content=\"tr_TR\" \/>\n<meta property=\"og:type\" content=\"article\" \/>\n<meta property=\"og:title\" content=\"A\u011fz\u0131n\u0131 kapatarak ayr\u0131mc\u0131l\u0131k yapan futbolcuya k\u0131rm\u0131z\u0131 kart - Haber Ver K\u0131br\u0131s\" \/>\n<meta property=\"og:description\" content=\"&#013; IFAB&#8217;dan yap\u0131lan a\u00e7\u0131klamada, Kanada&#8217;n\u0131n Vancouver kentinde d\u00fczenlenen \u00f6zel toplant\u0131da, ayr\u0131mc\u0131 ve uygunsuz davran\u0131\u015flarla m\u00fccadele etmek amac\u0131yla FIFA taraf\u0131ndan \u00f6nerilen iki kural de\u011fi\u015fikli\u011finin oy birli\u011fiyle onayland\u0131\u011f\u0131 kaydedildi. &#013; Bu yaz d\u00fczenlenecek 2026 FIFA D\u00fcnya Kupas\u0131&#8217;nda da uygulanacak yeni kurallara g\u00f6re, ayr\u0131mc\u0131 davran\u0131\u015flar\u0131n\u0131 gizlemek i\u00e7in a\u011fz\u0131n\u0131 kapatan futbolculara, hakem karar\u0131na tepki olarak sahay\u0131 terk eden oyuncular [&hellip;]\" \/>\n<meta property=\"og:url\" content=\"https:\/\/haberverkibris.com\/index.php\/2026\/04\/28\/agzini-kapatarak-ayrimcilik-yapan-futbolcuya-kirmizi-kart\/\" \/>\n<meta property=\"og:site_name\" content=\"Haber Ver K\u0131br\u0131s\" \/>\n<meta property=\"article:publisher\" content=\"https:\/\/www.facebook.com\/kuzeyinsesii\" \/>\n<meta property=\"article:published_time\" content=\"2026-04-28T20:08:47+00:00\" \/>\n<meta property=\"og:image\" content=\"https:\/\/trthaberstatic.cdn.wp.trt.com.tr\/resimler\/1948000\/dunya-kupasi-kirmizi-kart-aa-1948426.jpg\" \/>\n<meta name=\"author\" content=\"Haberver K\u0131br\u0131s\" \/>\n<meta name=\"twitter:card\" content=\"summary_large_image\" \/>\n<meta name=\"twitter:creator\" content=\"@kuzeyinsesii\" \/>\n<meta name=\"twitter:site\" content=\"@kuzeyinsesii\" \/>\n<meta name=\"twitter:label1\" content=\"Yazan:\" \/>\n\t<meta name=\"twitter:data1\" content=\"Haberver K\u0131br\u0131s\" \/>\n\t<meta name=\"twitter:label2\" content=\"Tahmini okuma s\u00fcresi\" \/>\n\t<meta name=\"twitter:data2\" content=\"1 dakika\" \/>\n<script type=\"application\/ld+json\" class=\"yoast-schema-graph\">{\"@context\":\"https:\\\/\\\/schema.org\",\"@graph\":[{\"@type\":\"Article\",\"@id\":\"https:\\\/\\\/haberverkibris.com\\\/index.php\\\/2026\\\/04\\\/28\\\/agzini-kapatarak-ayrimcilik-yapan-futbolcuya-kirmizi-kart\\\/#article\",\"isPartOf\":{\"@id\":\"https:\\\/\\\/haberverkibris.com\\\/index.php\\\/2026\\\/04\\\/28\\\/agzini-kapatarak-ayrimcilik-yapan-futbolcuya-kirmizi-kart\\\/\"},\"author\":{\"name\":\"Haberver K\u0131br\u0131s\",\"@id\":\"https:\\\/\\\/haberverkibris.com\\\/#\\\/schema\\\/person\\\/29d65381ed43765483b5a185ded66a56\"},\"headline\":\"A\u011fz\u0131n\u0131 kapatarak ayr\u0131mc\u0131l\u0131k yapan futbolcuya k\u0131rm\u0131z\u0131 kart\",\"datePublished\":\"2026-04-28T20:08:47+00:00\",\"mainEntityOfPage\":{\"@id\":\"https:\\\/\\\/haberverkibris.com\\\/index.php\\\/2026\\\/04\\\/28\\\/agzini-kapatarak-ayrimcilik-yapan-futbolcuya-kirmizi-kart\\\/\"},\"wordCount\":172,\"commentCount\":0,\"image\":{\"@id\":\"https:\\\/\\\/haberverkibris.com\\\/index.php\\\/2026\\\/04\\\/28\\\/agzini-kapatarak-ayrimcilik-yapan-futbolcuya-kirmizi-kart\\\/#primaryimage\"},\"thumbnailUrl\":\"https:\\\/\\\/haberverkibris.com\\\/wp-content\\\/uploads\\\/2026\\\/04\\\/dunya-kupasi-kirmizi-kart-aa-1948426.jpg\",\"articleSection\":[\"Spor\"],\"inLanguage\":\"tr\",\"potentialAction\":[{\"@type\":\"CommentAction\",\"name\":\"Comment\",\"target\":[\"https:\\\/\\\/haberverkibris.com\\\/index.php\\\/2026\\\/04\\\/28\\\/agzini-kapatarak-ayrimcilik-yapan-futbolcuya-kirmizi-kart\\\/#respond\"]}]},{\"@type\":\"WebPage\",\"@id\":\"https:\\\/\\\/haberverkibris.com\\\/index.php\\\/2026\\\/04\\\/28\\\/agzini-kapatarak-ayrimcilik-yapan-futbolcuya-kirmizi-kart\\\/\",\"url\":\"https:\\\/\\\/haberverkibris.com\\\/index.php\\\/2026\\\/04\\\/28\\\/agzini-kapatarak-ayrimcilik-yapan-futbolcuya-kirmizi-kart\\\/\",\"name\":\"A\u011fz\u0131n\u0131 kapatarak ayr\u0131mc\u0131l\u0131k yapan futbolcuya k\u0131rm\u0131z\u0131 kart - Haber Ver K\u0131br\u0131s\",\"isPartOf\":{\"@id\":\"https:\\\/\\\/haberverkibris.com\\\/#website\"},\"primaryImageOfPage\":{\"@id\":\"https:\\\/\\\/haberverkibris.com\\\/index.php\\\/2026\\\/04\\\/28\\\/agzini-kapatarak-ayrimcilik-yapan-futbolcuya-kirmizi-kart\\\/#primaryimage\"},\"image\":{\"@id\":\"https:\\\/\\\/haberverkibris.com\\\/index.php\\\/2026\\\/04\\\/28\\\/agzini-kapatarak-ayrimcilik-yapan-futbolcuya-kirmizi-kart\\\/#primaryimage\"},\"thumbnailUrl\":\"https:\\\/\\\/haberverkibris.com\\\/wp-content\\\/uploads\\\/2026\\\/04\\\/dunya-kupasi-kirmizi-kart-aa-1948426.jpg\",\"datePublished\":\"2026-04-28T20:08:47+00:00\",\"author\":{\"@id\":\"https:\\\/\\\/haberverkibris.com\\\/#\\\/schema\\\/person\\\/29d65381ed43765483b5a185ded66a56\"},\"breadcrumb\":{\"@id\":\"https:\\\/\\\/haberverkibris.com\\\/index.php\\\/2026\\\/04\\\/28\\\/agzini-kapatarak-ayrimcilik-yapan-futbolcuya-kirmizi-kart\\\/#breadcrumb\"},\"inLanguage\":\"tr\",\"potentialAction\":[{\"@type\":\"ReadAction\",\"target\":[\"https:\\\/\\\/haberverkibris.com\\\/index.php\\\/2026\\\/04\\\/28\\\/agzini-kapatarak-ayrimcilik-yapan-futbolcuya-kirmizi-kart\\\/\"]}]},{\"@type\":\"ImageObject\",\"inLanguage\":\"tr\",\"@id\":\"https:\\\/\\\/haberverkibris.com\\\/index.php\\\/2026\\\/04\\\/28\\\/agzini-kapatarak-ayrimcilik-yapan-futbolcuya-kirmizi-kart\\\/#primaryimage\",\"url\":\"https:\\\/\\\/haberverkibris.com\\\/wp-content\\\/uploads\\\/2026\\\/04\\\/dunya-kupasi-kirmizi-kart-aa-1948426.jpg\",\"contentUrl\":\"https:\\\/\\\/haberverkibris.com\\\/wp-content\\\/uploads\\\/2026\\\/04\\\/dunya-kupasi-kirmizi-kart-aa-1948426.jpg\",\"width\":1280,\"height\":720},{\"@type\":\"BreadcrumbList\",\"@id\":\"https:\\\/\\\/haberverkibris.com\\\/index.php\\\/2026\\\/04\\\/28\\\/agzini-kapatarak-ayrimcilik-yapan-futbolcuya-kirmizi-kart\\\/#breadcrumb\",\"itemListElement\":[{\"@type\":\"ListItem\",\"position\":1,\"name\":\"Anasayfa\",\"item\":\"https:\\\/\\\/haberverkibris.com\\\/\"},{\"@type\":\"ListItem\",\"position\":2,\"name\":\"A\u011fz\u0131n\u0131 kapatarak ayr\u0131mc\u0131l\u0131k yapan futbolcuya k\u0131rm\u0131z\u0131 kart\"}]},{\"@type\":\"WebSite\",\"@id\":\"https:\\\/\\\/haberverkibris.com\\\/#website\",\"url\":\"https:\\\/\\\/haberverkibris.com\\\/\",\"name\":\"Kuzeyin Sesi\",\"description\":\"Do\u011fru Haberin Adresi\",\"potentialAction\":[{\"@type\":\"SearchAction\",\"target\":{\"@type\":\"EntryPoint\",\"urlTemplate\":\"https:\\\/\\\/haberverkibris.com\\\/?s={search_term_string}\"},\"query-input\":{\"@type\":\"PropertyValueSpecification\",\"valueRequired\":true,\"valueName\":\"search_term_string\"}}],\"inLanguage\":\"tr\"},{\"@type\":\"Person\",\"@id\":\"https:\\\/\\\/haberverkibris.com\\\/#\\\/schema\\\/person\\\/29d65381ed43765483b5a185ded66a56\",\"name\":\"Haberver K\u0131br\u0131s\",\"image\":{\"@type\":\"ImageObject\",\"inLanguage\":\"tr\",\"@id\":\"https:\\\/\\\/secure.gravatar.com\\\/avatar\\\/bab33852abfd8b282518d6ed81826833d77c3c882d9ab608add591ccace47a44?s=96&d=mm&r=g\",\"url\":\"https:\\\/\\\/secure.gravatar.com\\\/avatar\\\/bab33852abfd8b282518d6ed81826833d77c3c882d9ab608add591ccace47a44?s=96&d=mm&r=g\",\"contentUrl\":\"https:\\\/\\\/secure.gravatar.com\\\/avatar\\\/bab33852abfd8b282518d6ed81826833d77c3c882d9ab608add591ccace47a44?s=96&d=mm&r=g\",\"caption\":\"Haberver K\u0131br\u0131s\"},\"sameAs\":[\"https:\\\/\\\/haberverkibris.com\"],\"url\":\"https:\\\/\\\/haberverkibris.com\\\/index.php\\\/author\\\/guven\\\/\"}]}<\/script>\n<!-- \/ Yoast SEO plugin. -->","yoast_head_json":{"title":"A\u011fz\u0131n\u0131 kapatarak ayr\u0131mc\u0131l\u0131k yapan futbolcuya k\u0131rm\u0131z\u0131 kart - Haber Ver K\u0131br\u0131s","robots":{"index":"index","follow":"follow","max-snippet":"max-snippet:-1","max-image-preview":"max-image-preview:large","max-video-preview":"max-video-preview:-1"},"canonical":"https:\/\/haberverkibris.com\/index.php\/2026\/04\/28\/agzini-kapatarak-ayrimcilik-yapan-futbolcuya-kirmizi-kart\/","og_locale":"tr_TR","og_type":"article","og_title":"A\u011fz\u0131n\u0131 kapatarak ayr\u0131mc\u0131l\u0131k yapan futbolcuya k\u0131rm\u0131z\u0131 kart - Haber Ver K\u0131br\u0131s","og_description":"&#13; IFAB&#8217;dan yap\u0131lan a\u00e7\u0131klamada, Kanada&#8217;n\u0131n Vancouver kentinde d\u00fczenlenen \u00f6zel toplant\u0131da, ayr\u0131mc\u0131 ve uygunsuz davran\u0131\u015flarla m\u00fccadele etmek amac\u0131yla FIFA taraf\u0131ndan \u00f6nerilen iki kural de\u011fi\u015fikli\u011finin oy birli\u011fiyle onayland\u0131\u011f\u0131 kaydedildi. &#13; Bu yaz d\u00fczenlenecek 2026 FIFA D\u00fcnya Kupas\u0131&#8217;nda da uygulanacak yeni kurallara g\u00f6re, ayr\u0131mc\u0131 davran\u0131\u015flar\u0131n\u0131 gizlemek i\u00e7in a\u011fz\u0131n\u0131 kapatan futbolculara, hakem karar\u0131na tepki olarak sahay\u0131 terk eden oyuncular [&hellip;]","og_url":"https:\/\/haberverkibris.com\/index.php\/2026\/04\/28\/agzini-kapatarak-ayrimcilik-yapan-futbolcuya-kirmizi-kart\/","og_site_name":"Haber Ver K\u0131br\u0131s","article_publisher":"https:\/\/www.facebook.com\/kuzeyinsesii","article_published_time":"2026-04-28T20:08:47+00:00","og_image":[{"url":"https:\/\/trthaberstatic.cdn.wp.trt.com.tr\/resimler\/1948000\/dunya-kupasi-kirmizi-kart-aa-1948426.jpg","type":"","width":"","height":""}],"author":"Haberver K\u0131br\u0131s","twitter_card":"summary_large_image","twitter_creator":"@kuzeyinsesii","twitter_site":"@kuzeyinsesii","twitter_misc":{"Yazan:":"Haberver K\u0131br\u0131s","Tahmini okuma s\u00fcresi":"1 dakika"},"schema":{"@context":"https:\/\/schema.org","@graph":[{"@type":"Article","@id":"https:\/\/haberverkibris.com\/index.php\/2026\/04\/28\/agzini-kapatarak-ayrimcilik-yapan-futbolcuya-kirmizi-kart\/#article","isPartOf":{"@id":"https:\/\/haberverkibris.com\/index.php\/2026\/04\/28\/agzini-kapatarak-ayrimcilik-yapan-futbolcuya-kirmizi-kart\/"},"author":{"name":"Haberver K\u0131br\u0131s","@id":"https:\/\/haberverkibris.com\/#\/schema\/person\/29d65381ed43765483b5a185ded66a56"},"headline":"A\u011fz\u0131n\u0131 kapatarak ayr\u0131mc\u0131l\u0131k yapan futbolcuya k\u0131rm\u0131z\u0131 kart","datePublished":"2026-04-28T20:08:47+00:00","mainEntityOfPage":{"@id":"https:\/\/haberverkibris.com\/index.php\/2026\/04\/28\/agzini-kapatarak-ayrimcilik-yapan-futbolcuya-kirmizi-kart\/"},"wordCount":172,"commentCount":0,"image":{"@id":"https:\/\/haberverkibris.com\/index.php\/2026\/04\/28\/agzini-kapatarak-ayrimcilik-yapan-futbolcuya-kirmizi-kart\/#primaryimage"},"thumbnailUrl":"https:\/\/haberverkibris.com\/wp-content\/uploads\/2026\/04\/dunya-kupasi-kirmizi-kart-aa-1948426.jpg","articleSection":["Spor"],"inLanguage":"tr","potentialAction":[{"@type":"CommentAction","name":"Comment","target":["https:\/\/haberverkibris.com\/index.php\/2026\/04\/28\/agzini-kapatarak-ayrimcilik-yapan-futbolcuya-kirmizi-kart\/#respond"]}]},{"@type":"WebPage","@id":"https:\/\/haberverkibris.com\/index.php\/2026\/04\/28\/agzini-kapatarak-ayrimcilik-yapan-futbolcuya-kirmizi-kart\/","url":"https:\/\/haberverkibris.com\/index.php\/2026\/04\/28\/agzini-kapatarak-ayrimcilik-yapan-futbolcuya-kirmizi-kart\/","name":"A\u011fz\u0131n\u0131 kapatarak ayr\u0131mc\u0131l\u0131k yapan futbolcuya k\u0131rm\u0131z\u0131 kart - Haber Ver K\u0131br\u0131s","isPartOf":{"@id":"https:\/\/haberverkibris.com\/#website"},"primaryImageOfPage":{"@id":"https:\/\/haberverkibris.com\/index.php\/2026\/04\/28\/agzini-kapatarak-ayrimcilik-yapan-futbolcuya-kirmizi-kart\/#primaryimage"},"image":{"@id":"https:\/\/haberverkibris.com\/index.php\/2026\/04\/28\/agzini-kapatarak-ayrimcilik-yapan-futbolcuya-kirmizi-kart\/#primaryimage"},"thumbnailUrl":"https:\/\/haberverkibris.com\/wp-content\/uploads\/2026\/04\/dunya-kupasi-kirmizi-kart-aa-1948426.jpg","datePublished":"2026-04-28T20:08:47+00:00","author":{"@id":"https:\/\/haberverkibris.com\/#\/schema\/person\/29d65381ed43765483b5a185ded66a56"},"breadcrumb":{"@id":"https:\/\/haberverkibris.com\/index.php\/2026\/04\/28\/agzini-kapatarak-ayrimcilik-yapan-futbolcuya-kirmizi-kart\/#breadcrumb"},"inLanguage":"tr","potentialAction":[{"@type":"ReadAction","target":["https:\/\/haberverkibris.com\/index.php\/2026\/04\/28\/agzini-kapatarak-ayrimcilik-yapan-futbolcuya-kirmizi-kart\/"]}]},{"@type":"ImageObject","inLanguage":"tr","@id":"https:\/\/haberverkibris.com\/index.php\/2026\/04\/28\/agzini-kapatarak-ayrimcilik-yapan-futbolcuya-kirmizi-kart\/#primaryimage","url":"https:\/\/haberverkibris.com\/wp-content\/uploads\/2026\/04\/dunya-kupasi-kirmizi-kart-aa-1948426.jpg","contentUrl":"https:\/\/haberverkibris.com\/wp-content\/uploads\/2026\/04\/dunya-kupasi-kirmizi-kart-aa-1948426.jpg","width":1280,"height":720},{"@type":"BreadcrumbList","@id":"https:\/\/haberverkibris.com\/index.php\/2026\/04\/28\/agzini-kapatarak-ayrimcilik-yapan-futbolcuya-kirmizi-kart\/#breadcrumb","itemListElement":[{"@type":"ListItem","position":1,"name":"Anasayfa","item":"https:\/\/haberverkibris.com\/"},{"@type":"ListItem","position":2,"name":"A\u011fz\u0131n\u0131 kapatarak ayr\u0131mc\u0131l\u0131k yapan futbolcuya k\u0131rm\u0131z\u0131 kart"}]},{"@type":"WebSite","@id":"https:\/\/haberverkibris.com\/#website","url":"https:\/\/haberverkibris.com\/","name":"Kuzeyin Sesi","description":"Do\u011fru Haberin Adresi","potentialAction":[{"@type":"SearchAction","target":{"@type":"EntryPoint","urlTemplate":"https:\/\/haberverkibris.com\/?s={search_term_string}"},"query-input":{"@type":"PropertyValueSpecification","valueRequired":true,"valueName":"search_term_string"}}],"inLanguage":"tr"},{"@type":"Person","@id":"https:\/\/haberverkibris.com\/#\/schema\/person\/29d65381ed43765483b5a185ded66a56","name":"Haberver K\u0131br\u0131s","image":{"@type":"ImageObject","inLanguage":"tr","@id":"https:\/\/secure.gravatar.com\/avatar\/bab33852abfd8b282518d6ed81826833d77c3c882d9ab608add591ccace47a44?s=96&d=mm&r=g","url":"https:\/\/secure.gravatar.com\/avatar\/bab33852abfd8b282518d6ed81826833d77c3c882d9ab608add591ccace47a44?s=96&d=mm&r=g","contentUrl":"https:\/\/secure.gravatar.com\/avatar\/bab33852abfd8b282518d6ed81826833d77c3c882d9ab608add591ccace47a44?s=96&d=mm&r=g","caption":"Haberver K\u0131br\u0131s"},"sameAs":["https:\/\/haberverkibris.com"],"url":"https:\/\/haberverkibris.com\/index.php\/author\/guven\/"}]}},"_links":{"self":[{"href":"https:\/\/haberverkibris.com\/index.php\/wp-json\/wp\/v2\/posts\/34339","targetHints":{"allow":["GET"]}}],"collection":[{"href":"https:\/\/haberverkibris.com\/index.php\/wp-json\/wp\/v2\/posts"}],"about":[{"href":"https:\/\/haberverkibris.com\/index.php\/wp-json\/wp\/v2\/types\/post"}],"author":[{"embeddable":true,"href":"https:\/\/haberverkibris.com\/index.php\/wp-json\/wp\/v2\/users\/1"}],"replies":[{"embeddable":true,"href":"https:\/\/haberverkibris.com\/index.php\/wp-json\/wp\/v2\/comments?post=34339"}],"version-history":[{"count":0,"href":"https:\/\/haberverkibris.com\/index.php\/wp-json\/wp\/v2\/posts\/34339\/revisions"}],"wp:featuredmedia":[{"embeddable":true,"href":"https:\/\/haberverkibris.com\/index.php\/wp-json\/wp\/v2\/media\/34340"}],"wp:attachment":[{"href":"https:\/\/haberverkibris.com\/index.php\/wp-json\/wp\/v2\/media?parent=34339"}],"wp:term":[{"taxonomy":"category","embeddable":true,"href":"https:\/\/haberverkibris.com\/index.php\/wp-json\/wp\/v2\/categories?post=34339"},{"taxonomy":"post_tag","embeddable":true,"href":"https:\/\/haberverkibris.com\/index.php\/wp-json\/wp\/v2\/tags?post=34339"}],"curies":[{"name":"wp","href":"https:\/\/api.w.org\/{rel}","templated":true}]}}