{"id":34334,"date":"2026-04-28T22:20:53","date_gmt":"2026-04-28T19:20:53","guid":{"rendered":"https:\/\/haberverkibris.com\/index.php\/2026\/04\/28\/cumhurbaskani-erhurman-ne-otekilestiririm-ne-halkimin-yurttaslarimin-haklarini-savunmaktan-geri-dururum\/"},"modified":"2026-04-28T22:21:06","modified_gmt":"2026-04-28T19:21:06","slug":"cumhurbaskani-erhurman-ne-otekilestiririm-ne-halkimin-yurttaslarimin-haklarini-savunmaktan-geri-dururum","status":"publish","type":"post","link":"https:\/\/haberverkibris.com\/index.php\/2026\/04\/28\/cumhurbaskani-erhurman-ne-otekilestiririm-ne-halkimin-yurttaslarimin-haklarini-savunmaktan-geri-dururum\/","title":{"rendered":"Cumhurba\u015fkan\u0131 Erh\u00fcrman: Ne \u00f6tekile\u015ftiririm, ne halk\u0131m\u0131n, yurtta\u015flar\u0131m\u0131n haklar\u0131n\u0131 savunmaktan geri dururum"},"content":{"rendered":"<p data-start=\"0\" data-end=\"40\"><span class=\"hover:entity-accent entity-underline inline cursor-pointer align-baseline\"><span class=\"whitespace-normal\">Cumhurba\u015fkan\u0131 Tufan Erh\u00fcrman<\/span><\/span><span>, yay\u0131mlad\u0131\u011f\u0131 payla\u015f\u0131mda ele\u015ftirilere a\u00e7\u0131k oldu\u011funu ancak toplumun ayr\u0131\u015fmas\u0131na asla izin vermeyece\u011fini ifade etti. <\/span><\/p>\n<p data-start=\"0\" data-end=\"40\"><span>S\u00fcre\u00e7 boyunca \u00f6fkeyi, endi\u015feyi ve halk\u0131n ya\u015fad\u0131\u011f\u0131 kayg\u0131lar\u0131 hissetti\u011fini belirten Erh\u00fcrman, \u00e7\u00f6z\u00fcm yolunun isti\u015fare, diyalog ve diplomasi oldu\u011funu vurgulad\u0131.<\/span><\/p>\n<p data-start=\"520\" data-end=\"828\">Demokrasi, insan haklar\u0131 ve \u00e7\u00f6z\u00fcm iradesinden geri ad\u0131m atmayaca\u011f\u0131n\u0131 dile getiren Erh\u00fcrman, \u201cBu halktan bir \u015fey olmaz\u201d anlay\u0131\u015f\u0131n\u0131 reddetti\u011fini s\u00f6yledi. Halk\u0131n g\u00fcc\u00fcne ve yeti\u015fmi\u015f insan kayna\u011f\u0131na olan inanc\u0131n\u0131n tam oldu\u011funu belirten Erh\u00fcrman, m\u00fccadelesini sab\u0131r ve kararl\u0131l\u0131kla s\u00fcrd\u00fcrece\u011finin alt\u0131n\u0131 \u00e7izdi.<\/p>\n<p data-start=\"520\" data-end=\"828\">\n<p data-start=\"520\" data-end=\"828\">Erh\u00fcrman&#8217;\u0131n payla\u015f\u0131m\u0131n\u0131n tamam\u0131 \u015f\u00f6yle:<\/p>\n<p data-start=\"520\" data-end=\"828\">&#8220;Ele\u015ftiriyi dinlerim, \u00f6fkeyi anlar\u0131m, \u00fcz\u00fcnt\u00fcy\u00fc, endi\u015feyi y\u00fcre\u011fimde hissederim. Ama ne b\u00f6lerim, ne b\u00f6ld\u00fcr\u00fcr\u00fcm. Ne umut tacirli\u011fi yapar\u0131m, ne de umutsuzluk tacirli\u011fi yapmaya \u00e7al\u0131\u015fanlara f\u0131rsat veririm. Ne \u00f6tekile\u015ftiririm, ne halk\u0131m\u0131n, yurtta\u015flar\u0131m\u0131n haklar\u0131n\u0131 savunmaktan geri dururum. \u00c7ok denendi, hi\u00e7 ba\u015far\u0131lamad\u0131! Ben pani\u011fe kap\u0131l\u0131p sorunlar\u0131 kavgayla b\u00fcy\u00fctmek i\u00e7in de\u011fil, sorunlara isti\u015fareyle, diplomasiyle, diyalogla \u00e7\u00f6z\u00fcm \u00fcretmek i\u00e7in buraday\u0131m. Ne demokrasiden, insan haklar\u0131ndan, ne de \u00e7\u00f6z\u00fcm iradesinden vazge\u00e7erim. &#8220;Yetki bende de\u011fil, beni ilgilendirmez&#8221;in rehavetine, konformizmine kap\u0131lmaya niyetim olmad\u0131\u011f\u0131n\u0131 s\u00f6ylemi\u015ftim. Ayn\u0131 \u015fekilde, &#8220;bu memleketten, bu halktan bir \u015fey olmaz&#8221;\u0131n konformizmine de yer yok benim kitab\u0131mda. Dedim ya, \u00e7ok denendi, ba\u015far\u0131lamad\u0131! \u00d6fkelenmem, k\u0131r\u0131lmam, k\u00fcsmem, so\u011fukkanl\u0131l\u0131kla, sab\u0131rla ve kararl\u0131l\u0131kla devam ederim. Ne devrald\u0131\u011f\u0131m\u0131 da, bu \u00fclke, bu halk, en \u00e7ok da bu \u00fclkenin \u00e7ocuklar\u0131 i\u00e7in nereye do\u011fru y\u00fcr\u00fcmem gerekti\u011fini de biliyorum. Hep sokaktayd\u0131m, gene sokaktay\u0131m. Hep dinledim, yine dinliyorum. \u00d6zg\u00fcvenimin kayna\u011f\u0131, halk\u0131ma, bu halk\u0131n yeti\u015fmi\u015f insan g\u00fcc\u00fcne duydu\u011fum g\u00fcvendir ve bilinsin ki bunda zerre sars\u0131lma olmad\u0131\u011f\u0131 gibi, asla da olmayacakt\u0131r.&#8221;<\/p>\n","protected":false},"excerpt":{"rendered":"<p>Cumhurba\u015fkan\u0131 Tufan Erh\u00fcrman, yay\u0131mlad\u0131\u011f\u0131 payla\u015f\u0131mda ele\u015ftirilere a\u00e7\u0131k oldu\u011funu ancak toplumun ayr\u0131\u015fmas\u0131na asla izin vermeyece\u011fini ifade etti. S\u00fcre\u00e7 boyunca \u00f6fkeyi, endi\u015feyi ve halk\u0131n ya\u015fad\u0131\u011f\u0131 kayg\u0131lar\u0131 hissetti\u011fini belirten Erh\u00fcrman, \u00e7\u00f6z\u00fcm yolunun isti\u015fare, diyalog ve diplomasi oldu\u011funu vurgulad\u0131. Demokrasi, insan haklar\u0131 ve \u00e7\u00f6z\u00fcm iradesinden geri ad\u0131m atmayaca\u011f\u0131n\u0131 dile getiren Erh\u00fcrman, \u201cBu halktan bir \u015fey olmaz\u201d anlay\u0131\u015f\u0131n\u0131 reddetti\u011fini s\u00f6yledi. [&hellip;]<\/p>\n","protected":false},"author":1,"featured_media":34335,"comment_status":"open","ping_status":"open","sticky":false,"template":"","format":"standard","meta":{"jnews-multi-image_gallery":[],"jnews_single_post":[],"jnews_primary_category":[],"jnews_social_meta":[],"jnews_override_counter":[],"footnotes":""},"categories":[1],"tags":[],"class_list":["post-34334","post","type-post","status-publish","format-standard","has-post-thumbnail","hentry","category-kibris"],"yoast_head":"<!-- This site is optimized with the Yoast SEO plugin v27.5 - https:\/\/yoast.com\/product\/yoast-seo-wordpress\/ -->\n<title>Cumhurba\u015fkan\u0131 Erh\u00fcrman: Ne \u00f6tekile\u015ftiririm, ne halk\u0131m\u0131n, yurtta\u015flar\u0131m\u0131n haklar\u0131n\u0131 savunmaktan geri dururum - Haber Ver K\u0131br\u0131s<\/title>\n<meta name=\"robots\" content=\"index, follow, max-snippet:-1, max-image-preview:large, max-video-preview:-1\" \/>\n<link rel=\"canonical\" href=\"https:\/\/haberverkibris.com\/index.php\/2026\/04\/28\/cumhurbaskani-erhurman-ne-otekilestiririm-ne-halkimin-yurttaslarimin-haklarini-savunmaktan-geri-dururum\/\" \/>\n<meta property=\"og:locale\" content=\"tr_TR\" \/>\n<meta property=\"og:type\" content=\"article\" \/>\n<meta property=\"og:title\" content=\"Cumhurba\u015fkan\u0131 Erh\u00fcrman: Ne \u00f6tekile\u015ftiririm, ne halk\u0131m\u0131n, yurtta\u015flar\u0131m\u0131n haklar\u0131n\u0131 savunmaktan geri dururum - Haber Ver K\u0131br\u0131s\" \/>\n<meta property=\"og:description\" content=\"Cumhurba\u015fkan\u0131 Tufan Erh\u00fcrman, yay\u0131mlad\u0131\u011f\u0131 payla\u015f\u0131mda ele\u015ftirilere a\u00e7\u0131k oldu\u011funu ancak toplumun ayr\u0131\u015fmas\u0131na asla izin vermeyece\u011fini ifade etti. S\u00fcre\u00e7 boyunca \u00f6fkeyi, endi\u015feyi ve halk\u0131n ya\u015fad\u0131\u011f\u0131 kayg\u0131lar\u0131 hissetti\u011fini belirten Erh\u00fcrman, \u00e7\u00f6z\u00fcm yolunun isti\u015fare, diyalog ve diplomasi oldu\u011funu vurgulad\u0131. Demokrasi, insan haklar\u0131 ve \u00e7\u00f6z\u00fcm iradesinden geri ad\u0131m atmayaca\u011f\u0131n\u0131 dile getiren Erh\u00fcrman, \u201cBu halktan bir \u015fey olmaz\u201d anlay\u0131\u015f\u0131n\u0131 reddetti\u011fini s\u00f6yledi. [&hellip;]\" \/>\n<meta property=\"og:url\" content=\"https:\/\/haberverkibris.com\/index.php\/2026\/04\/28\/cumhurbaskani-erhurman-ne-otekilestiririm-ne-halkimin-yurttaslarimin-haklarini-savunmaktan-geri-dururum\/\" \/>\n<meta property=\"og:site_name\" content=\"Haber Ver K\u0131br\u0131s\" \/>\n<meta property=\"article:publisher\" content=\"https:\/\/www.facebook.com\/kuzeyinsesii\" \/>\n<meta property=\"article:published_time\" content=\"2026-04-28T19:20:53+00:00\" \/>\n<meta property=\"article:modified_time\" content=\"2026-04-28T19:21:06+00:00\" \/>\n<meta property=\"og:image\" content=\"https:\/\/haberverkibris.com\/wp-content\/uploads\/2026\/04\/negheh.jpg\" \/>\n\t<meta property=\"og:image:width\" content=\"630\" \/>\n\t<meta property=\"og:image:height\" content=\"315\" \/>\n\t<meta property=\"og:image:type\" content=\"image\/jpeg\" \/>\n<meta name=\"author\" content=\"Haberver K\u0131br\u0131s\" \/>\n<meta name=\"twitter:card\" content=\"summary_large_image\" \/>\n<meta name=\"twitter:creator\" content=\"@kuzeyinsesii\" \/>\n<meta name=\"twitter:site\" content=\"@kuzeyinsesii\" \/>\n<meta name=\"twitter:label1\" content=\"Yazan:\" \/>\n\t<meta name=\"twitter:data1\" content=\"Haberver K\u0131br\u0131s\" \/>\n\t<meta name=\"twitter:label2\" content=\"Tahmini okuma s\u00fcresi\" \/>\n\t<meta name=\"twitter:data2\" content=\"2 dakika\" \/>\n<script type=\"application\/ld+json\" class=\"yoast-schema-graph\">{\"@context\":\"https:\\\/\\\/schema.org\",\"@graph\":[{\"@type\":\"Article\",\"@id\":\"https:\\\/\\\/haberverkibris.com\\\/index.php\\\/2026\\\/04\\\/28\\\/cumhurbaskani-erhurman-ne-otekilestiririm-ne-halkimin-yurttaslarimin-haklarini-savunmaktan-geri-dururum\\\/#article\",\"isPartOf\":{\"@id\":\"https:\\\/\\\/haberverkibris.com\\\/index.php\\\/2026\\\/04\\\/28\\\/cumhurbaskani-erhurman-ne-otekilestiririm-ne-halkimin-yurttaslarimin-haklarini-savunmaktan-geri-dururum\\\/\"},\"author\":{\"name\":\"Haberver K\u0131br\u0131s\",\"@id\":\"https:\\\/\\\/haberverkibris.com\\\/#\\\/schema\\\/person\\\/29d65381ed43765483b5a185ded66a56\"},\"headline\":\"Cumhurba\u015fkan\u0131 Erh\u00fcrman: Ne \u00f6tekile\u015ftiririm, ne halk\u0131m\u0131n, yurtta\u015flar\u0131m\u0131n haklar\u0131n\u0131 savunmaktan geri dururum\",\"datePublished\":\"2026-04-28T19:20:53+00:00\",\"dateModified\":\"2026-04-28T19:21:06+00:00\",\"mainEntityOfPage\":{\"@id\":\"https:\\\/\\\/haberverkibris.com\\\/index.php\\\/2026\\\/04\\\/28\\\/cumhurbaskani-erhurman-ne-otekilestiririm-ne-halkimin-yurttaslarimin-haklarini-savunmaktan-geri-dururum\\\/\"},\"wordCount\":376,\"commentCount\":0,\"image\":{\"@id\":\"https:\\\/\\\/haberverkibris.com\\\/index.php\\\/2026\\\/04\\\/28\\\/cumhurbaskani-erhurman-ne-otekilestiririm-ne-halkimin-yurttaslarimin-haklarini-savunmaktan-geri-dururum\\\/#primaryimage\"},\"thumbnailUrl\":\"https:\\\/\\\/haberverkibris.com\\\/wp-content\\\/uploads\\\/2026\\\/04\\\/negheh.jpg\",\"articleSection\":[\"K\u0131br\u0131s\"],\"inLanguage\":\"tr\",\"potentialAction\":[{\"@type\":\"CommentAction\",\"name\":\"Comment\",\"target\":[\"https:\\\/\\\/haberverkibris.com\\\/index.php\\\/2026\\\/04\\\/28\\\/cumhurbaskani-erhurman-ne-otekilestiririm-ne-halkimin-yurttaslarimin-haklarini-savunmaktan-geri-dururum\\\/#respond\"]}]},{\"@type\":\"WebPage\",\"@id\":\"https:\\\/\\\/haberverkibris.com\\\/index.php\\\/2026\\\/04\\\/28\\\/cumhurbaskani-erhurman-ne-otekilestiririm-ne-halkimin-yurttaslarimin-haklarini-savunmaktan-geri-dururum\\\/\",\"url\":\"https:\\\/\\\/haberverkibris.com\\\/index.php\\\/2026\\\/04\\\/28\\\/cumhurbaskani-erhurman-ne-otekilestiririm-ne-halkimin-yurttaslarimin-haklarini-savunmaktan-geri-dururum\\\/\",\"name\":\"Cumhurba\u015fkan\u0131 Erh\u00fcrman: Ne \u00f6tekile\u015ftiririm, ne halk\u0131m\u0131n, yurtta\u015flar\u0131m\u0131n haklar\u0131n\u0131 savunmaktan geri dururum - Haber Ver K\u0131br\u0131s\",\"isPartOf\":{\"@id\":\"https:\\\/\\\/haberverkibris.com\\\/#website\"},\"primaryImageOfPage\":{\"@id\":\"https:\\\/\\\/haberverkibris.com\\\/index.php\\\/2026\\\/04\\\/28\\\/cumhurbaskani-erhurman-ne-otekilestiririm-ne-halkimin-yurttaslarimin-haklarini-savunmaktan-geri-dururum\\\/#primaryimage\"},\"image\":{\"@id\":\"https:\\\/\\\/haberverkibris.com\\\/index.php\\\/2026\\\/04\\\/28\\\/cumhurbaskani-erhurman-ne-otekilestiririm-ne-halkimin-yurttaslarimin-haklarini-savunmaktan-geri-dururum\\\/#primaryimage\"},\"thumbnailUrl\":\"https:\\\/\\\/haberverkibris.com\\\/wp-content\\\/uploads\\\/2026\\\/04\\\/negheh.jpg\",\"datePublished\":\"2026-04-28T19:20:53+00:00\",\"dateModified\":\"2026-04-28T19:21:06+00:00\",\"author\":{\"@id\":\"https:\\\/\\\/haberverkibris.com\\\/#\\\/schema\\\/person\\\/29d65381ed43765483b5a185ded66a56\"},\"breadcrumb\":{\"@id\":\"https:\\\/\\\/haberverkibris.com\\\/index.php\\\/2026\\\/04\\\/28\\\/cumhurbaskani-erhurman-ne-otekilestiririm-ne-halkimin-yurttaslarimin-haklarini-savunmaktan-geri-dururum\\\/#breadcrumb\"},\"inLanguage\":\"tr\",\"potentialAction\":[{\"@type\":\"ReadAction\",\"target\":[\"https:\\\/\\\/haberverkibris.com\\\/index.php\\\/2026\\\/04\\\/28\\\/cumhurbaskani-erhurman-ne-otekilestiririm-ne-halkimin-yurttaslarimin-haklarini-savunmaktan-geri-dururum\\\/\"]}]},{\"@type\":\"ImageObject\",\"inLanguage\":\"tr\",\"@id\":\"https:\\\/\\\/haberverkibris.com\\\/index.php\\\/2026\\\/04\\\/28\\\/cumhurbaskani-erhurman-ne-otekilestiririm-ne-halkimin-yurttaslarimin-haklarini-savunmaktan-geri-dururum\\\/#primaryimage\",\"url\":\"https:\\\/\\\/haberverkibris.com\\\/wp-content\\\/uploads\\\/2026\\\/04\\\/negheh.jpg\",\"contentUrl\":\"https:\\\/\\\/haberverkibris.com\\\/wp-content\\\/uploads\\\/2026\\\/04\\\/negheh.jpg\",\"width\":630,\"height\":315},{\"@type\":\"BreadcrumbList\",\"@id\":\"https:\\\/\\\/haberverkibris.com\\\/index.php\\\/2026\\\/04\\\/28\\\/cumhurbaskani-erhurman-ne-otekilestiririm-ne-halkimin-yurttaslarimin-haklarini-savunmaktan-geri-dururum\\\/#breadcrumb\",\"itemListElement\":[{\"@type\":\"ListItem\",\"position\":1,\"name\":\"Anasayfa\",\"item\":\"https:\\\/\\\/haberverkibris.com\\\/\"},{\"@type\":\"ListItem\",\"position\":2,\"name\":\"Cumhurba\u015fkan\u0131 Erh\u00fcrman: Ne \u00f6tekile\u015ftiririm, ne halk\u0131m\u0131n, yurtta\u015flar\u0131m\u0131n haklar\u0131n\u0131 savunmaktan geri dururum\"}]},{\"@type\":\"WebSite\",\"@id\":\"https:\\\/\\\/haberverkibris.com\\\/#website\",\"url\":\"https:\\\/\\\/haberverkibris.com\\\/\",\"name\":\"Kuzeyin Sesi\",\"description\":\"Do\u011fru Haberin Adresi\",\"potentialAction\":[{\"@type\":\"SearchAction\",\"target\":{\"@type\":\"EntryPoint\",\"urlTemplate\":\"https:\\\/\\\/haberverkibris.com\\\/?s={search_term_string}\"},\"query-input\":{\"@type\":\"PropertyValueSpecification\",\"valueRequired\":true,\"valueName\":\"search_term_string\"}}],\"inLanguage\":\"tr\"},{\"@type\":\"Person\",\"@id\":\"https:\\\/\\\/haberverkibris.com\\\/#\\\/schema\\\/person\\\/29d65381ed43765483b5a185ded66a56\",\"name\":\"Haberver K\u0131br\u0131s\",\"image\":{\"@type\":\"ImageObject\",\"inLanguage\":\"tr\",\"@id\":\"https:\\\/\\\/secure.gravatar.com\\\/avatar\\\/bab33852abfd8b282518d6ed81826833d77c3c882d9ab608add591ccace47a44?s=96&d=mm&r=g\",\"url\":\"https:\\\/\\\/secure.gravatar.com\\\/avatar\\\/bab33852abfd8b282518d6ed81826833d77c3c882d9ab608add591ccace47a44?s=96&d=mm&r=g\",\"contentUrl\":\"https:\\\/\\\/secure.gravatar.com\\\/avatar\\\/bab33852abfd8b282518d6ed81826833d77c3c882d9ab608add591ccace47a44?s=96&d=mm&r=g\",\"caption\":\"Haberver K\u0131br\u0131s\"},\"sameAs\":[\"https:\\\/\\\/haberverkibris.com\"],\"url\":\"https:\\\/\\\/haberverkibris.com\\\/index.php\\\/author\\\/guven\\\/\"}]}<\/script>\n<!-- \/ Yoast SEO plugin. -->","yoast_head_json":{"title":"Cumhurba\u015fkan\u0131 Erh\u00fcrman: Ne \u00f6tekile\u015ftiririm, ne halk\u0131m\u0131n, yurtta\u015flar\u0131m\u0131n haklar\u0131n\u0131 savunmaktan geri dururum - Haber Ver K\u0131br\u0131s","robots":{"index":"index","follow":"follow","max-snippet":"max-snippet:-1","max-image-preview":"max-image-preview:large","max-video-preview":"max-video-preview:-1"},"canonical":"https:\/\/haberverkibris.com\/index.php\/2026\/04\/28\/cumhurbaskani-erhurman-ne-otekilestiririm-ne-halkimin-yurttaslarimin-haklarini-savunmaktan-geri-dururum\/","og_locale":"tr_TR","og_type":"article","og_title":"Cumhurba\u015fkan\u0131 Erh\u00fcrman: Ne \u00f6tekile\u015ftiririm, ne halk\u0131m\u0131n, yurtta\u015flar\u0131m\u0131n haklar\u0131n\u0131 savunmaktan geri dururum - Haber Ver K\u0131br\u0131s","og_description":"Cumhurba\u015fkan\u0131 Tufan Erh\u00fcrman, yay\u0131mlad\u0131\u011f\u0131 payla\u015f\u0131mda ele\u015ftirilere a\u00e7\u0131k oldu\u011funu ancak toplumun ayr\u0131\u015fmas\u0131na asla izin vermeyece\u011fini ifade etti. S\u00fcre\u00e7 boyunca \u00f6fkeyi, endi\u015feyi ve halk\u0131n ya\u015fad\u0131\u011f\u0131 kayg\u0131lar\u0131 hissetti\u011fini belirten Erh\u00fcrman, \u00e7\u00f6z\u00fcm yolunun isti\u015fare, diyalog ve diplomasi oldu\u011funu vurgulad\u0131. Demokrasi, insan haklar\u0131 ve \u00e7\u00f6z\u00fcm iradesinden geri ad\u0131m atmayaca\u011f\u0131n\u0131 dile getiren Erh\u00fcrman, \u201cBu halktan bir \u015fey olmaz\u201d anlay\u0131\u015f\u0131n\u0131 reddetti\u011fini s\u00f6yledi. [&hellip;]","og_url":"https:\/\/haberverkibris.com\/index.php\/2026\/04\/28\/cumhurbaskani-erhurman-ne-otekilestiririm-ne-halkimin-yurttaslarimin-haklarini-savunmaktan-geri-dururum\/","og_site_name":"Haber Ver K\u0131br\u0131s","article_publisher":"https:\/\/www.facebook.com\/kuzeyinsesii","article_published_time":"2026-04-28T19:20:53+00:00","article_modified_time":"2026-04-28T19:21:06+00:00","og_image":[{"width":630,"height":315,"url":"https:\/\/haberverkibris.com\/wp-content\/uploads\/2026\/04\/negheh.jpg","type":"image\/jpeg"}],"author":"Haberver K\u0131br\u0131s","twitter_card":"summary_large_image","twitter_creator":"@kuzeyinsesii","twitter_site":"@kuzeyinsesii","twitter_misc":{"Yazan:":"Haberver K\u0131br\u0131s","Tahmini okuma s\u00fcresi":"2 dakika"},"schema":{"@context":"https:\/\/schema.org","@graph":[{"@type":"Article","@id":"https:\/\/haberverkibris.com\/index.php\/2026\/04\/28\/cumhurbaskani-erhurman-ne-otekilestiririm-ne-halkimin-yurttaslarimin-haklarini-savunmaktan-geri-dururum\/#article","isPartOf":{"@id":"https:\/\/haberverkibris.com\/index.php\/2026\/04\/28\/cumhurbaskani-erhurman-ne-otekilestiririm-ne-halkimin-yurttaslarimin-haklarini-savunmaktan-geri-dururum\/"},"author":{"name":"Haberver K\u0131br\u0131s","@id":"https:\/\/haberverkibris.com\/#\/schema\/person\/29d65381ed43765483b5a185ded66a56"},"headline":"Cumhurba\u015fkan\u0131 Erh\u00fcrman: Ne \u00f6tekile\u015ftiririm, ne halk\u0131m\u0131n, yurtta\u015flar\u0131m\u0131n haklar\u0131n\u0131 savunmaktan geri dururum","datePublished":"2026-04-28T19:20:53+00:00","dateModified":"2026-04-28T19:21:06+00:00","mainEntityOfPage":{"@id":"https:\/\/haberverkibris.com\/index.php\/2026\/04\/28\/cumhurbaskani-erhurman-ne-otekilestiririm-ne-halkimin-yurttaslarimin-haklarini-savunmaktan-geri-dururum\/"},"wordCount":376,"commentCount":0,"image":{"@id":"https:\/\/haberverkibris.com\/index.php\/2026\/04\/28\/cumhurbaskani-erhurman-ne-otekilestiririm-ne-halkimin-yurttaslarimin-haklarini-savunmaktan-geri-dururum\/#primaryimage"},"thumbnailUrl":"https:\/\/haberverkibris.com\/wp-content\/uploads\/2026\/04\/negheh.jpg","articleSection":["K\u0131br\u0131s"],"inLanguage":"tr","potentialAction":[{"@type":"CommentAction","name":"Comment","target":["https:\/\/haberverkibris.com\/index.php\/2026\/04\/28\/cumhurbaskani-erhurman-ne-otekilestiririm-ne-halkimin-yurttaslarimin-haklarini-savunmaktan-geri-dururum\/#respond"]}]},{"@type":"WebPage","@id":"https:\/\/haberverkibris.com\/index.php\/2026\/04\/28\/cumhurbaskani-erhurman-ne-otekilestiririm-ne-halkimin-yurttaslarimin-haklarini-savunmaktan-geri-dururum\/","url":"https:\/\/haberverkibris.com\/index.php\/2026\/04\/28\/cumhurbaskani-erhurman-ne-otekilestiririm-ne-halkimin-yurttaslarimin-haklarini-savunmaktan-geri-dururum\/","name":"Cumhurba\u015fkan\u0131 Erh\u00fcrman: Ne \u00f6tekile\u015ftiririm, ne halk\u0131m\u0131n, yurtta\u015flar\u0131m\u0131n haklar\u0131n\u0131 savunmaktan geri dururum - Haber Ver K\u0131br\u0131s","isPartOf":{"@id":"https:\/\/haberverkibris.com\/#website"},"primaryImageOfPage":{"@id":"https:\/\/haberverkibris.com\/index.php\/2026\/04\/28\/cumhurbaskani-erhurman-ne-otekilestiririm-ne-halkimin-yurttaslarimin-haklarini-savunmaktan-geri-dururum\/#primaryimage"},"image":{"@id":"https:\/\/haberverkibris.com\/index.php\/2026\/04\/28\/cumhurbaskani-erhurman-ne-otekilestiririm-ne-halkimin-yurttaslarimin-haklarini-savunmaktan-geri-dururum\/#primaryimage"},"thumbnailUrl":"https:\/\/haberverkibris.com\/wp-content\/uploads\/2026\/04\/negheh.jpg","datePublished":"2026-04-28T19:20:53+00:00","dateModified":"2026-04-28T19:21:06+00:00","author":{"@id":"https:\/\/haberverkibris.com\/#\/schema\/person\/29d65381ed43765483b5a185ded66a56"},"breadcrumb":{"@id":"https:\/\/haberverkibris.com\/index.php\/2026\/04\/28\/cumhurbaskani-erhurman-ne-otekilestiririm-ne-halkimin-yurttaslarimin-haklarini-savunmaktan-geri-dururum\/#breadcrumb"},"inLanguage":"tr","potentialAction":[{"@type":"ReadAction","target":["https:\/\/haberverkibris.com\/index.php\/2026\/04\/28\/cumhurbaskani-erhurman-ne-otekilestiririm-ne-halkimin-yurttaslarimin-haklarini-savunmaktan-geri-dururum\/"]}]},{"@type":"ImageObject","inLanguage":"tr","@id":"https:\/\/haberverkibris.com\/index.php\/2026\/04\/28\/cumhurbaskani-erhurman-ne-otekilestiririm-ne-halkimin-yurttaslarimin-haklarini-savunmaktan-geri-dururum\/#primaryimage","url":"https:\/\/haberverkibris.com\/wp-content\/uploads\/2026\/04\/negheh.jpg","contentUrl":"https:\/\/haberverkibris.com\/wp-content\/uploads\/2026\/04\/negheh.jpg","width":630,"height":315},{"@type":"BreadcrumbList","@id":"https:\/\/haberverkibris.com\/index.php\/2026\/04\/28\/cumhurbaskani-erhurman-ne-otekilestiririm-ne-halkimin-yurttaslarimin-haklarini-savunmaktan-geri-dururum\/#breadcrumb","itemListElement":[{"@type":"ListItem","position":1,"name":"Anasayfa","item":"https:\/\/haberverkibris.com\/"},{"@type":"ListItem","position":2,"name":"Cumhurba\u015fkan\u0131 Erh\u00fcrman: Ne \u00f6tekile\u015ftiririm, ne halk\u0131m\u0131n, yurtta\u015flar\u0131m\u0131n haklar\u0131n\u0131 savunmaktan geri dururum"}]},{"@type":"WebSite","@id":"https:\/\/haberverkibris.com\/#website","url":"https:\/\/haberverkibris.com\/","name":"Kuzeyin Sesi","description":"Do\u011fru Haberin Adresi","potentialAction":[{"@type":"SearchAction","target":{"@type":"EntryPoint","urlTemplate":"https:\/\/haberverkibris.com\/?s={search_term_string}"},"query-input":{"@type":"PropertyValueSpecification","valueRequired":true,"valueName":"search_term_string"}}],"inLanguage":"tr"},{"@type":"Person","@id":"https:\/\/haberverkibris.com\/#\/schema\/person\/29d65381ed43765483b5a185ded66a56","name":"Haberver K\u0131br\u0131s","image":{"@type":"ImageObject","inLanguage":"tr","@id":"https:\/\/secure.gravatar.com\/avatar\/bab33852abfd8b282518d6ed81826833d77c3c882d9ab608add591ccace47a44?s=96&d=mm&r=g","url":"https:\/\/secure.gravatar.com\/avatar\/bab33852abfd8b282518d6ed81826833d77c3c882d9ab608add591ccace47a44?s=96&d=mm&r=g","contentUrl":"https:\/\/secure.gravatar.com\/avatar\/bab33852abfd8b282518d6ed81826833d77c3c882d9ab608add591ccace47a44?s=96&d=mm&r=g","caption":"Haberver K\u0131br\u0131s"},"sameAs":["https:\/\/haberverkibris.com"],"url":"https:\/\/haberverkibris.com\/index.php\/author\/guven\/"}]}},"_links":{"self":[{"href":"https:\/\/haberverkibris.com\/index.php\/wp-json\/wp\/v2\/posts\/34334","targetHints":{"allow":["GET"]}}],"collection":[{"href":"https:\/\/haberverkibris.com\/index.php\/wp-json\/wp\/v2\/posts"}],"about":[{"href":"https:\/\/haberverkibris.com\/index.php\/wp-json\/wp\/v2\/types\/post"}],"author":[{"embeddable":true,"href":"https:\/\/haberverkibris.com\/index.php\/wp-json\/wp\/v2\/users\/1"}],"replies":[{"embeddable":true,"href":"https:\/\/haberverkibris.com\/index.php\/wp-json\/wp\/v2\/comments?post=34334"}],"version-history":[{"count":1,"href":"https:\/\/haberverkibris.com\/index.php\/wp-json\/wp\/v2\/posts\/34334\/revisions"}],"predecessor-version":[{"id":34336,"href":"https:\/\/haberverkibris.com\/index.php\/wp-json\/wp\/v2\/posts\/34334\/revisions\/34336"}],"wp:featuredmedia":[{"embeddable":true,"href":"https:\/\/haberverkibris.com\/index.php\/wp-json\/wp\/v2\/media\/34335"}],"wp:attachment":[{"href":"https:\/\/haberverkibris.com\/index.php\/wp-json\/wp\/v2\/media?parent=34334"}],"wp:term":[{"taxonomy":"category","embeddable":true,"href":"https:\/\/haberverkibris.com\/index.php\/wp-json\/wp\/v2\/categories?post=34334"},{"taxonomy":"post_tag","embeddable":true,"href":"https:\/\/haberverkibris.com\/index.php\/wp-json\/wp\/v2\/tags?post=34334"}],"curies":[{"name":"wp","href":"https:\/\/api.w.org\/{rel}","templated":true}]}}