{"id":34322,"date":"2026-04-28T19:40:43","date_gmt":"2026-04-28T16:40:43","guid":{"rendered":"https:\/\/haberverkibris.com\/index.php\/2026\/04\/28\/resmi-gazetede-yayimlanan-bes-yasa-tasarisi-halkin-bilgisine-sunuldu\/"},"modified":"2026-04-28T19:40:57","modified_gmt":"2026-04-28T16:40:57","slug":"resmi-gazetede-yayimlanan-bes-yasa-tasarisi-halkin-bilgisine-sunuldu","status":"publish","type":"post","link":"https:\/\/haberverkibris.com\/index.php\/2026\/04\/28\/resmi-gazetede-yayimlanan-bes-yasa-tasarisi-halkin-bilgisine-sunuldu\/","title":{"rendered":"Resmi Gazete\u2019de yay\u0131mlanan be\u015f yasa tasar\u0131s\u0131 halk\u0131n bilgisine sunuldu"},"content":{"rendered":"<p>Resmi Gazete&#8217;de bug\u00fcn yay\u0131mlanan be\u015f yasa tasar\u0131s\u0131 halk\u0131n bilgisine sunuldu.<\/p>\n<p>Buna g\u00f6re, Vergisini Zaman\u0131nda \u00d6deyen Kurumlar Vergisi ve Gelir Vergisi Y\u00fck\u00fcml\u00fclerine \u0130ndirim Yap\u0131lmas\u0131n\u0131 Sa\u011flayan (Ge\u00e7ici Kurallar) Yasa Tasar\u0131s\u0131, Hayvanlar\u0131n ve \u0130\u015fletmelerin Tan\u0131mlanmas\u0131 ve Kayd\u0131 (De\u011fi\u015fiklik) Yasa Tasar\u0131s\u0131, Gelir Vergisi (De\u011fi\u015fiklik) Yasa Tasar\u0131s\u0131, Asgari \u00dccretler (De\u011fi\u015fiklik) Yasa Tasar\u0131s\u0131 ve Katma De\u011fer Vergisi (De\u011fi\u015fiklik) Yasa Tasar\u0131s\u0131\u2019na ili\u015fkin g\u00f6r\u00fc\u015f ve \u00f6neriler 20 g\u00fcn i\u00e7inde Meclis Ba\u015fkanl\u0131\u011f\u0131\u2019na yaz\u0131l\u0131 olarak sunabilecek.<\/p>\n<p>&nbsp;<\/p>\n<p>&#8211; Vergisini Zaman\u0131nda \u00d6deyen Kurumlar Vergisi ve Gelir Vergisi Y\u00fck\u00fcml\u00fclerine \u0130ndirim Yap\u0131lmas\u0131n\u0131 Sa\u011flayan (Ge\u00e7ici Kurallar) Yasa Tasar\u0131s\u0131<\/p>\n<p>Bu yasada \u00f6ng\u00f6r\u00fclen d\u00fczenlemeyle 2025 y\u0131l\u0131 vergilendirme d\u00f6nemine ait kurumlar veya gelir vergisinin tamam\u0131n\u0131n kurumlar vergisi ile Gelir Vergisi Yasas\u0131&#8217;nda belirtilen ilk taksit vade tarihi ge\u00e7meden \u00f6denmesi te\u015fvik ediliyor.<\/p>\n<p>Bu do\u011frultuda; indirim hakk\u0131 devam eden m\u00fckelleflere ek y\u00fczde be\u015f indirim avantaj\u0131 sunulurken, indirim hakk\u0131n\u0131 bulunmayanlara da ilk taksit vade tarihi ge\u00e7meden \u00f6deme yapmalar\u0131 \u015fart\u0131yla k\u0131smi bir indirim imkan\u0131 tan\u0131n\u0131yor.<\/p>\n<p>D\u00fczenleme ile her iki y\u00fck\u00fcml\u00fc grubunun s\u00fcrece dahil edilerek vergiye g\u00f6n\u00fcll\u00fc uyumun artt\u0131r\u0131lmas\u0131 ve kamu tahsilat\u0131n\u0131n h\u0131zland\u0131r\u0131lmas\u0131 ama\u00e7land\u0131.<\/p>\n<p>&nbsp;<\/p>\n<p>&#8211; Hayvanlar\u0131n ve \u0130\u015fletmelerin Tan\u0131mlanmas\u0131 ve Kayd\u0131 (De\u011fi\u015fiklik) Yasa Tasar\u0131s\u0131<\/p>\n<p>\u201cHayvanlar\u0131n ve \u0130\u015fletmelerin Tan\u0131mlanmas\u0131 ve Kayd\u0131 (De\u011fi\u015fiklik) Yasa Tasar\u0131s\u0131\u201d ise \u00fcreticilerden tahsil edilen tan\u0131mlanma ve kay\u0131t \u00fccretinin g\u00fcncel ekonomik ko\u015fullara uygun hale getirilmesi amac\u0131yla haz\u0131rland\u0131.<\/p>\n<p>&nbsp;<\/p>\n<p>&#8211; Gelir Vergisi (De\u011fi\u015fiklik) Yasa Tasar\u0131s\u0131<\/p>\n<p>Gelir Vergisi (De\u011fi\u015fiklik) Yasa Tasar\u0131s\u0131 ise, bir ya da iki ay s\u0131k\u0131nt\u0131 ya\u015fam\u0131\u015f y\u00fck\u00fcml\u00fclerin yeniden indirim hakk\u0131ndan yararlanarak y\u00fck\u00fcml\u00fcl\u00fc\u011f\u00fcn\u00fc d\u00fczenli hale getirmesini te\u015fvik etmek amac\u0131yla haz\u0131rland\u0131.<\/p>\n<p>&nbsp;<\/p>\n<p>&#8211; Asgari \u00dccretler (De\u011fi\u015fiklik) Yasa Tasar\u0131s\u0131<\/p>\n<p>Asgari \u00dccretler (De\u011fi\u015fiklik) Yasa Tasar\u0131s\u0131 ile ilgili d\u00fczenleme, yabanc\u0131 uyruklu i\u015f\u00e7ilere uygun maliyetli konaklama ve ya\u015fam imk\u00e2n\u0131 sunulmas\u0131n\u0131 yasal bir zemine kavu\u015fturmak ; i\u015f\u00e7i ve i\u015fverenin yaz\u0131l\u0131 hizmet akdi ile mutab\u0131k kalmas\u0131 \u015fart\u0131yla, sa\u011flanan bu desteklerin asgari \u00fccretten toplamda maksimum y\u00fczde 40 oran\u0131nda mahsup edilmesine imk\u00e2n tan\u0131yor.<\/p>\n<p>&nbsp;<\/p>\n<p>-Katma De\u011fer Vergisi (De\u011fi\u015fiklik) Yasa Tasar\u0131s\u0131<\/p>\n<p>Katma De\u011fer Vergisi (De\u011fi\u015fiklik) Yasa Tasar\u0131s\u0131&#8217;ndaki d\u00fczenleme Gelir Vergisi (De\u011fi\u015fiklik) Yasa Tasar\u0131s\u0131 ile ayn\u0131 gerek\u00e7e ile yap\u0131ld\u0131.<\/p>\n<p>Buna g\u00f6re, yasal d\u00fczenleme bir ya da iki ay s\u0131k\u0131nt\u0131 ya\u015fam\u0131\u015f y\u00fck\u00fcml\u00fclerin yeniden indirim hakk\u0131ndan yararlanarak y\u00fck\u00fcml\u00fcl\u00fc\u011f\u00fcn\u00fc d\u00fczenli hale getirmesini te\u015fvik etmek amac\u0131yla haz\u0131rland\u0131.<\/p>\n","protected":false},"excerpt":{"rendered":"<p>Resmi Gazete&#8217;de bug\u00fcn yay\u0131mlanan be\u015f yasa tasar\u0131s\u0131 halk\u0131n bilgisine sunuldu. Buna g\u00f6re, Vergisini Zaman\u0131nda \u00d6deyen Kurumlar Vergisi ve Gelir Vergisi Y\u00fck\u00fcml\u00fclerine \u0130ndirim Yap\u0131lmas\u0131n\u0131 Sa\u011flayan (Ge\u00e7ici Kurallar) Yasa Tasar\u0131s\u0131, Hayvanlar\u0131n ve \u0130\u015fletmelerin Tan\u0131mlanmas\u0131 ve Kayd\u0131 (De\u011fi\u015fiklik) Yasa Tasar\u0131s\u0131, Gelir Vergisi (De\u011fi\u015fiklik) Yasa Tasar\u0131s\u0131, Asgari \u00dccretler (De\u011fi\u015fiklik) Yasa Tasar\u0131s\u0131 ve Katma De\u011fer Vergisi (De\u011fi\u015fiklik) Yasa Tasar\u0131s\u0131\u2019na ili\u015fkin [&hellip;]<\/p>\n","protected":false},"author":1,"featured_media":34323,"comment_status":"open","ping_status":"open","sticky":false,"template":"","format":"standard","meta":{"jnews-multi-image_gallery":[],"jnews_single_post":[],"jnews_primary_category":[],"jnews_social_meta":[],"jnews_override_counter":[],"footnotes":""},"categories":[1],"tags":[],"class_list":["post-34322","post","type-post","status-publish","format-standard","has-post-thumbnail","hentry","category-kibris"],"yoast_head":"<!-- This site is optimized with the Yoast SEO plugin v27.5 - https:\/\/yoast.com\/product\/yoast-seo-wordpress\/ -->\n<title>Resmi Gazete\u2019de yay\u0131mlanan be\u015f yasa tasar\u0131s\u0131 halk\u0131n bilgisine sunuldu - Haber Ver K\u0131br\u0131s<\/title>\n<meta name=\"robots\" content=\"index, follow, max-snippet:-1, max-image-preview:large, max-video-preview:-1\" \/>\n<link rel=\"canonical\" href=\"https:\/\/haberverkibris.com\/index.php\/2026\/04\/28\/resmi-gazetede-yayimlanan-bes-yasa-tasarisi-halkin-bilgisine-sunuldu\/\" \/>\n<meta property=\"og:locale\" content=\"tr_TR\" \/>\n<meta property=\"og:type\" content=\"article\" \/>\n<meta property=\"og:title\" content=\"Resmi Gazete\u2019de yay\u0131mlanan be\u015f yasa tasar\u0131s\u0131 halk\u0131n bilgisine sunuldu - Haber Ver K\u0131br\u0131s\" \/>\n<meta property=\"og:description\" content=\"Resmi Gazete&#8217;de bug\u00fcn yay\u0131mlanan be\u015f yasa tasar\u0131s\u0131 halk\u0131n bilgisine sunuldu. Buna g\u00f6re, Vergisini Zaman\u0131nda \u00d6deyen Kurumlar Vergisi ve Gelir Vergisi Y\u00fck\u00fcml\u00fclerine \u0130ndirim Yap\u0131lmas\u0131n\u0131 Sa\u011flayan (Ge\u00e7ici Kurallar) Yasa Tasar\u0131s\u0131, Hayvanlar\u0131n ve \u0130\u015fletmelerin Tan\u0131mlanmas\u0131 ve Kayd\u0131 (De\u011fi\u015fiklik) Yasa Tasar\u0131s\u0131, Gelir Vergisi (De\u011fi\u015fiklik) Yasa Tasar\u0131s\u0131, Asgari \u00dccretler (De\u011fi\u015fiklik) Yasa Tasar\u0131s\u0131 ve Katma De\u011fer Vergisi (De\u011fi\u015fiklik) Yasa Tasar\u0131s\u0131\u2019na ili\u015fkin [&hellip;]\" \/>\n<meta property=\"og:url\" content=\"https:\/\/haberverkibris.com\/index.php\/2026\/04\/28\/resmi-gazetede-yayimlanan-bes-yasa-tasarisi-halkin-bilgisine-sunuldu\/\" \/>\n<meta property=\"og:site_name\" content=\"Haber Ver K\u0131br\u0131s\" \/>\n<meta property=\"article:publisher\" content=\"https:\/\/www.facebook.com\/kuzeyinsesii\" \/>\n<meta property=\"article:published_time\" content=\"2026-04-28T16:40:43+00:00\" \/>\n<meta property=\"article:modified_time\" content=\"2026-04-28T16:40:57+00:00\" \/>\n<meta property=\"og:image\" content=\"https:\/\/haberverkibris.com\/wp-content\/uploads\/2026\/04\/v2resmi-gazete_1656500097.webp\" \/>\n\t<meta property=\"og:image:width\" content=\"971\" \/>\n\t<meta property=\"og:image:height\" content=\"551\" \/>\n\t<meta property=\"og:image:type\" content=\"image\/webp\" \/>\n<meta name=\"author\" content=\"Haberver K\u0131br\u0131s\" \/>\n<meta name=\"twitter:card\" content=\"summary_large_image\" \/>\n<meta name=\"twitter:creator\" content=\"@kuzeyinsesii\" \/>\n<meta name=\"twitter:site\" content=\"@kuzeyinsesii\" \/>\n<meta name=\"twitter:label1\" content=\"Yazan:\" \/>\n\t<meta name=\"twitter:data1\" content=\"Haberver K\u0131br\u0131s\" \/>\n\t<meta name=\"twitter:label2\" content=\"Tahmini okuma s\u00fcresi\" \/>\n\t<meta name=\"twitter:data2\" content=\"2 dakika\" \/>\n<script type=\"application\/ld+json\" class=\"yoast-schema-graph\">{\"@context\":\"https:\\\/\\\/schema.org\",\"@graph\":[{\"@type\":\"Article\",\"@id\":\"https:\\\/\\\/haberverkibris.com\\\/index.php\\\/2026\\\/04\\\/28\\\/resmi-gazetede-yayimlanan-bes-yasa-tasarisi-halkin-bilgisine-sunuldu\\\/#article\",\"isPartOf\":{\"@id\":\"https:\\\/\\\/haberverkibris.com\\\/index.php\\\/2026\\\/04\\\/28\\\/resmi-gazetede-yayimlanan-bes-yasa-tasarisi-halkin-bilgisine-sunuldu\\\/\"},\"author\":{\"name\":\"Haberver K\u0131br\u0131s\",\"@id\":\"https:\\\/\\\/haberverkibris.com\\\/#\\\/schema\\\/person\\\/29d65381ed43765483b5a185ded66a56\"},\"headline\":\"Resmi Gazete\u2019de yay\u0131mlanan be\u015f yasa tasar\u0131s\u0131 halk\u0131n bilgisine sunuldu\",\"datePublished\":\"2026-04-28T16:40:43+00:00\",\"dateModified\":\"2026-04-28T16:40:57+00:00\",\"mainEntityOfPage\":{\"@id\":\"https:\\\/\\\/haberverkibris.com\\\/index.php\\\/2026\\\/04\\\/28\\\/resmi-gazetede-yayimlanan-bes-yasa-tasarisi-halkin-bilgisine-sunuldu\\\/\"},\"wordCount\":508,\"commentCount\":0,\"image\":{\"@id\":\"https:\\\/\\\/haberverkibris.com\\\/index.php\\\/2026\\\/04\\\/28\\\/resmi-gazetede-yayimlanan-bes-yasa-tasarisi-halkin-bilgisine-sunuldu\\\/#primaryimage\"},\"thumbnailUrl\":\"https:\\\/\\\/haberverkibris.com\\\/wp-content\\\/uploads\\\/2026\\\/04\\\/v2resmi-gazete_1656500097.webp\",\"articleSection\":[\"K\u0131br\u0131s\"],\"inLanguage\":\"tr\",\"potentialAction\":[{\"@type\":\"CommentAction\",\"name\":\"Comment\",\"target\":[\"https:\\\/\\\/haberverkibris.com\\\/index.php\\\/2026\\\/04\\\/28\\\/resmi-gazetede-yayimlanan-bes-yasa-tasarisi-halkin-bilgisine-sunuldu\\\/#respond\"]}]},{\"@type\":\"WebPage\",\"@id\":\"https:\\\/\\\/haberverkibris.com\\\/index.php\\\/2026\\\/04\\\/28\\\/resmi-gazetede-yayimlanan-bes-yasa-tasarisi-halkin-bilgisine-sunuldu\\\/\",\"url\":\"https:\\\/\\\/haberverkibris.com\\\/index.php\\\/2026\\\/04\\\/28\\\/resmi-gazetede-yayimlanan-bes-yasa-tasarisi-halkin-bilgisine-sunuldu\\\/\",\"name\":\"Resmi Gazete\u2019de yay\u0131mlanan be\u015f yasa tasar\u0131s\u0131 halk\u0131n bilgisine sunuldu - Haber Ver K\u0131br\u0131s\",\"isPartOf\":{\"@id\":\"https:\\\/\\\/haberverkibris.com\\\/#website\"},\"primaryImageOfPage\":{\"@id\":\"https:\\\/\\\/haberverkibris.com\\\/index.php\\\/2026\\\/04\\\/28\\\/resmi-gazetede-yayimlanan-bes-yasa-tasarisi-halkin-bilgisine-sunuldu\\\/#primaryimage\"},\"image\":{\"@id\":\"https:\\\/\\\/haberverkibris.com\\\/index.php\\\/2026\\\/04\\\/28\\\/resmi-gazetede-yayimlanan-bes-yasa-tasarisi-halkin-bilgisine-sunuldu\\\/#primaryimage\"},\"thumbnailUrl\":\"https:\\\/\\\/haberverkibris.com\\\/wp-content\\\/uploads\\\/2026\\\/04\\\/v2resmi-gazete_1656500097.webp\",\"datePublished\":\"2026-04-28T16:40:43+00:00\",\"dateModified\":\"2026-04-28T16:40:57+00:00\",\"author\":{\"@id\":\"https:\\\/\\\/haberverkibris.com\\\/#\\\/schema\\\/person\\\/29d65381ed43765483b5a185ded66a56\"},\"breadcrumb\":{\"@id\":\"https:\\\/\\\/haberverkibris.com\\\/index.php\\\/2026\\\/04\\\/28\\\/resmi-gazetede-yayimlanan-bes-yasa-tasarisi-halkin-bilgisine-sunuldu\\\/#breadcrumb\"},\"inLanguage\":\"tr\",\"potentialAction\":[{\"@type\":\"ReadAction\",\"target\":[\"https:\\\/\\\/haberverkibris.com\\\/index.php\\\/2026\\\/04\\\/28\\\/resmi-gazetede-yayimlanan-bes-yasa-tasarisi-halkin-bilgisine-sunuldu\\\/\"]}]},{\"@type\":\"ImageObject\",\"inLanguage\":\"tr\",\"@id\":\"https:\\\/\\\/haberverkibris.com\\\/index.php\\\/2026\\\/04\\\/28\\\/resmi-gazetede-yayimlanan-bes-yasa-tasarisi-halkin-bilgisine-sunuldu\\\/#primaryimage\",\"url\":\"https:\\\/\\\/haberverkibris.com\\\/wp-content\\\/uploads\\\/2026\\\/04\\\/v2resmi-gazete_1656500097.webp\",\"contentUrl\":\"https:\\\/\\\/haberverkibris.com\\\/wp-content\\\/uploads\\\/2026\\\/04\\\/v2resmi-gazete_1656500097.webp\",\"width\":971,\"height\":551},{\"@type\":\"BreadcrumbList\",\"@id\":\"https:\\\/\\\/haberverkibris.com\\\/index.php\\\/2026\\\/04\\\/28\\\/resmi-gazetede-yayimlanan-bes-yasa-tasarisi-halkin-bilgisine-sunuldu\\\/#breadcrumb\",\"itemListElement\":[{\"@type\":\"ListItem\",\"position\":1,\"name\":\"Anasayfa\",\"item\":\"https:\\\/\\\/haberverkibris.com\\\/\"},{\"@type\":\"ListItem\",\"position\":2,\"name\":\"Resmi Gazete\u2019de yay\u0131mlanan be\u015f yasa tasar\u0131s\u0131 halk\u0131n bilgisine sunuldu\"}]},{\"@type\":\"WebSite\",\"@id\":\"https:\\\/\\\/haberverkibris.com\\\/#website\",\"url\":\"https:\\\/\\\/haberverkibris.com\\\/\",\"name\":\"Kuzeyin Sesi\",\"description\":\"Do\u011fru Haberin Adresi\",\"potentialAction\":[{\"@type\":\"SearchAction\",\"target\":{\"@type\":\"EntryPoint\",\"urlTemplate\":\"https:\\\/\\\/haberverkibris.com\\\/?s={search_term_string}\"},\"query-input\":{\"@type\":\"PropertyValueSpecification\",\"valueRequired\":true,\"valueName\":\"search_term_string\"}}],\"inLanguage\":\"tr\"},{\"@type\":\"Person\",\"@id\":\"https:\\\/\\\/haberverkibris.com\\\/#\\\/schema\\\/person\\\/29d65381ed43765483b5a185ded66a56\",\"name\":\"Haberver K\u0131br\u0131s\",\"image\":{\"@type\":\"ImageObject\",\"inLanguage\":\"tr\",\"@id\":\"https:\\\/\\\/secure.gravatar.com\\\/avatar\\\/bab33852abfd8b282518d6ed81826833d77c3c882d9ab608add591ccace47a44?s=96&d=mm&r=g\",\"url\":\"https:\\\/\\\/secure.gravatar.com\\\/avatar\\\/bab33852abfd8b282518d6ed81826833d77c3c882d9ab608add591ccace47a44?s=96&d=mm&r=g\",\"contentUrl\":\"https:\\\/\\\/secure.gravatar.com\\\/avatar\\\/bab33852abfd8b282518d6ed81826833d77c3c882d9ab608add591ccace47a44?s=96&d=mm&r=g\",\"caption\":\"Haberver K\u0131br\u0131s\"},\"sameAs\":[\"https:\\\/\\\/haberverkibris.com\"],\"url\":\"https:\\\/\\\/haberverkibris.com\\\/index.php\\\/author\\\/guven\\\/\"}]}<\/script>\n<!-- \/ Yoast SEO plugin. -->","yoast_head_json":{"title":"Resmi Gazete\u2019de yay\u0131mlanan be\u015f yasa tasar\u0131s\u0131 halk\u0131n bilgisine sunuldu - Haber Ver K\u0131br\u0131s","robots":{"index":"index","follow":"follow","max-snippet":"max-snippet:-1","max-image-preview":"max-image-preview:large","max-video-preview":"max-video-preview:-1"},"canonical":"https:\/\/haberverkibris.com\/index.php\/2026\/04\/28\/resmi-gazetede-yayimlanan-bes-yasa-tasarisi-halkin-bilgisine-sunuldu\/","og_locale":"tr_TR","og_type":"article","og_title":"Resmi Gazete\u2019de yay\u0131mlanan be\u015f yasa tasar\u0131s\u0131 halk\u0131n bilgisine sunuldu - Haber Ver K\u0131br\u0131s","og_description":"Resmi Gazete&#8217;de bug\u00fcn yay\u0131mlanan be\u015f yasa tasar\u0131s\u0131 halk\u0131n bilgisine sunuldu. Buna g\u00f6re, Vergisini Zaman\u0131nda \u00d6deyen Kurumlar Vergisi ve Gelir Vergisi Y\u00fck\u00fcml\u00fclerine \u0130ndirim Yap\u0131lmas\u0131n\u0131 Sa\u011flayan (Ge\u00e7ici Kurallar) Yasa Tasar\u0131s\u0131, Hayvanlar\u0131n ve \u0130\u015fletmelerin Tan\u0131mlanmas\u0131 ve Kayd\u0131 (De\u011fi\u015fiklik) Yasa Tasar\u0131s\u0131, Gelir Vergisi (De\u011fi\u015fiklik) Yasa Tasar\u0131s\u0131, Asgari \u00dccretler (De\u011fi\u015fiklik) Yasa Tasar\u0131s\u0131 ve Katma De\u011fer Vergisi (De\u011fi\u015fiklik) Yasa Tasar\u0131s\u0131\u2019na ili\u015fkin [&hellip;]","og_url":"https:\/\/haberverkibris.com\/index.php\/2026\/04\/28\/resmi-gazetede-yayimlanan-bes-yasa-tasarisi-halkin-bilgisine-sunuldu\/","og_site_name":"Haber Ver K\u0131br\u0131s","article_publisher":"https:\/\/www.facebook.com\/kuzeyinsesii","article_published_time":"2026-04-28T16:40:43+00:00","article_modified_time":"2026-04-28T16:40:57+00:00","og_image":[{"width":971,"height":551,"url":"https:\/\/haberverkibris.com\/wp-content\/uploads\/2026\/04\/v2resmi-gazete_1656500097.webp","type":"image\/webp"}],"author":"Haberver K\u0131br\u0131s","twitter_card":"summary_large_image","twitter_creator":"@kuzeyinsesii","twitter_site":"@kuzeyinsesii","twitter_misc":{"Yazan:":"Haberver K\u0131br\u0131s","Tahmini okuma s\u00fcresi":"2 dakika"},"schema":{"@context":"https:\/\/schema.org","@graph":[{"@type":"Article","@id":"https:\/\/haberverkibris.com\/index.php\/2026\/04\/28\/resmi-gazetede-yayimlanan-bes-yasa-tasarisi-halkin-bilgisine-sunuldu\/#article","isPartOf":{"@id":"https:\/\/haberverkibris.com\/index.php\/2026\/04\/28\/resmi-gazetede-yayimlanan-bes-yasa-tasarisi-halkin-bilgisine-sunuldu\/"},"author":{"name":"Haberver K\u0131br\u0131s","@id":"https:\/\/haberverkibris.com\/#\/schema\/person\/29d65381ed43765483b5a185ded66a56"},"headline":"Resmi Gazete\u2019de yay\u0131mlanan be\u015f yasa tasar\u0131s\u0131 halk\u0131n bilgisine sunuldu","datePublished":"2026-04-28T16:40:43+00:00","dateModified":"2026-04-28T16:40:57+00:00","mainEntityOfPage":{"@id":"https:\/\/haberverkibris.com\/index.php\/2026\/04\/28\/resmi-gazetede-yayimlanan-bes-yasa-tasarisi-halkin-bilgisine-sunuldu\/"},"wordCount":508,"commentCount":0,"image":{"@id":"https:\/\/haberverkibris.com\/index.php\/2026\/04\/28\/resmi-gazetede-yayimlanan-bes-yasa-tasarisi-halkin-bilgisine-sunuldu\/#primaryimage"},"thumbnailUrl":"https:\/\/haberverkibris.com\/wp-content\/uploads\/2026\/04\/v2resmi-gazete_1656500097.webp","articleSection":["K\u0131br\u0131s"],"inLanguage":"tr","potentialAction":[{"@type":"CommentAction","name":"Comment","target":["https:\/\/haberverkibris.com\/index.php\/2026\/04\/28\/resmi-gazetede-yayimlanan-bes-yasa-tasarisi-halkin-bilgisine-sunuldu\/#respond"]}]},{"@type":"WebPage","@id":"https:\/\/haberverkibris.com\/index.php\/2026\/04\/28\/resmi-gazetede-yayimlanan-bes-yasa-tasarisi-halkin-bilgisine-sunuldu\/","url":"https:\/\/haberverkibris.com\/index.php\/2026\/04\/28\/resmi-gazetede-yayimlanan-bes-yasa-tasarisi-halkin-bilgisine-sunuldu\/","name":"Resmi Gazete\u2019de yay\u0131mlanan be\u015f yasa tasar\u0131s\u0131 halk\u0131n bilgisine sunuldu - Haber Ver K\u0131br\u0131s","isPartOf":{"@id":"https:\/\/haberverkibris.com\/#website"},"primaryImageOfPage":{"@id":"https:\/\/haberverkibris.com\/index.php\/2026\/04\/28\/resmi-gazetede-yayimlanan-bes-yasa-tasarisi-halkin-bilgisine-sunuldu\/#primaryimage"},"image":{"@id":"https:\/\/haberverkibris.com\/index.php\/2026\/04\/28\/resmi-gazetede-yayimlanan-bes-yasa-tasarisi-halkin-bilgisine-sunuldu\/#primaryimage"},"thumbnailUrl":"https:\/\/haberverkibris.com\/wp-content\/uploads\/2026\/04\/v2resmi-gazete_1656500097.webp","datePublished":"2026-04-28T16:40:43+00:00","dateModified":"2026-04-28T16:40:57+00:00","author":{"@id":"https:\/\/haberverkibris.com\/#\/schema\/person\/29d65381ed43765483b5a185ded66a56"},"breadcrumb":{"@id":"https:\/\/haberverkibris.com\/index.php\/2026\/04\/28\/resmi-gazetede-yayimlanan-bes-yasa-tasarisi-halkin-bilgisine-sunuldu\/#breadcrumb"},"inLanguage":"tr","potentialAction":[{"@type":"ReadAction","target":["https:\/\/haberverkibris.com\/index.php\/2026\/04\/28\/resmi-gazetede-yayimlanan-bes-yasa-tasarisi-halkin-bilgisine-sunuldu\/"]}]},{"@type":"ImageObject","inLanguage":"tr","@id":"https:\/\/haberverkibris.com\/index.php\/2026\/04\/28\/resmi-gazetede-yayimlanan-bes-yasa-tasarisi-halkin-bilgisine-sunuldu\/#primaryimage","url":"https:\/\/haberverkibris.com\/wp-content\/uploads\/2026\/04\/v2resmi-gazete_1656500097.webp","contentUrl":"https:\/\/haberverkibris.com\/wp-content\/uploads\/2026\/04\/v2resmi-gazete_1656500097.webp","width":971,"height":551},{"@type":"BreadcrumbList","@id":"https:\/\/haberverkibris.com\/index.php\/2026\/04\/28\/resmi-gazetede-yayimlanan-bes-yasa-tasarisi-halkin-bilgisine-sunuldu\/#breadcrumb","itemListElement":[{"@type":"ListItem","position":1,"name":"Anasayfa","item":"https:\/\/haberverkibris.com\/"},{"@type":"ListItem","position":2,"name":"Resmi Gazete\u2019de yay\u0131mlanan be\u015f yasa tasar\u0131s\u0131 halk\u0131n bilgisine sunuldu"}]},{"@type":"WebSite","@id":"https:\/\/haberverkibris.com\/#website","url":"https:\/\/haberverkibris.com\/","name":"Kuzeyin Sesi","description":"Do\u011fru Haberin Adresi","potentialAction":[{"@type":"SearchAction","target":{"@type":"EntryPoint","urlTemplate":"https:\/\/haberverkibris.com\/?s={search_term_string}"},"query-input":{"@type":"PropertyValueSpecification","valueRequired":true,"valueName":"search_term_string"}}],"inLanguage":"tr"},{"@type":"Person","@id":"https:\/\/haberverkibris.com\/#\/schema\/person\/29d65381ed43765483b5a185ded66a56","name":"Haberver K\u0131br\u0131s","image":{"@type":"ImageObject","inLanguage":"tr","@id":"https:\/\/secure.gravatar.com\/avatar\/bab33852abfd8b282518d6ed81826833d77c3c882d9ab608add591ccace47a44?s=96&d=mm&r=g","url":"https:\/\/secure.gravatar.com\/avatar\/bab33852abfd8b282518d6ed81826833d77c3c882d9ab608add591ccace47a44?s=96&d=mm&r=g","contentUrl":"https:\/\/secure.gravatar.com\/avatar\/bab33852abfd8b282518d6ed81826833d77c3c882d9ab608add591ccace47a44?s=96&d=mm&r=g","caption":"Haberver K\u0131br\u0131s"},"sameAs":["https:\/\/haberverkibris.com"],"url":"https:\/\/haberverkibris.com\/index.php\/author\/guven\/"}]}},"_links":{"self":[{"href":"https:\/\/haberverkibris.com\/index.php\/wp-json\/wp\/v2\/posts\/34322","targetHints":{"allow":["GET"]}}],"collection":[{"href":"https:\/\/haberverkibris.com\/index.php\/wp-json\/wp\/v2\/posts"}],"about":[{"href":"https:\/\/haberverkibris.com\/index.php\/wp-json\/wp\/v2\/types\/post"}],"author":[{"embeddable":true,"href":"https:\/\/haberverkibris.com\/index.php\/wp-json\/wp\/v2\/users\/1"}],"replies":[{"embeddable":true,"href":"https:\/\/haberverkibris.com\/index.php\/wp-json\/wp\/v2\/comments?post=34322"}],"version-history":[{"count":1,"href":"https:\/\/haberverkibris.com\/index.php\/wp-json\/wp\/v2\/posts\/34322\/revisions"}],"predecessor-version":[{"id":34324,"href":"https:\/\/haberverkibris.com\/index.php\/wp-json\/wp\/v2\/posts\/34322\/revisions\/34324"}],"wp:featuredmedia":[{"embeddable":true,"href":"https:\/\/haberverkibris.com\/index.php\/wp-json\/wp\/v2\/media\/34323"}],"wp:attachment":[{"href":"https:\/\/haberverkibris.com\/index.php\/wp-json\/wp\/v2\/media?parent=34322"}],"wp:term":[{"taxonomy":"category","embeddable":true,"href":"https:\/\/haberverkibris.com\/index.php\/wp-json\/wp\/v2\/categories?post=34322"},{"taxonomy":"post_tag","embeddable":true,"href":"https:\/\/haberverkibris.com\/index.php\/wp-json\/wp\/v2\/tags?post=34322"}],"curies":[{"name":"wp","href":"https:\/\/api.w.org\/{rel}","templated":true}]}}