{"id":34319,"date":"2026-04-28T18:50:52","date_gmt":"2026-04-28T15:50:52","guid":{"rendered":"https:\/\/haberverkibris.com\/index.php\/2026\/04\/28\/su-sorunlari-ve-cevre-konferanslarinin-sonuc-bildirgesi-yayimlandi\/"},"modified":"2026-04-28T18:51:06","modified_gmt":"2026-04-28T15:51:06","slug":"su-sorunlari-ve-cevre-konferanslarinin-sonuc-bildirgesi-yayimlandi","status":"publish","type":"post","link":"https:\/\/haberverkibris.com\/index.php\/2026\/04\/28\/su-sorunlari-ve-cevre-konferanslarinin-sonuc-bildirgesi-yayimlandi\/","title":{"rendered":"Su sorunlar\u0131 ve \u00e7evre konferanslar\u0131n\u0131n sonu\u00e7 bildirgesi yay\u0131mland\u0131"},"content":{"rendered":"<p>Yak\u0131n Do\u011fu \u00dcniversitesi, G\u00f6nyeli\u2013Alayk\u00f6y Belediyesi ve T\u00fcrk D\u00fcnyas\u0131 M\u00fchendisler ve Mimarlar Birli\u011fi i\u015f birli\u011fiyle aral\u0131k ay\u0131nda d\u00fczenlenen 5. Uluslararas\u0131 Akdeniz \u00dclkelerinde Ya\u015fanan Su Sorunlar\u0131 Konferans\u0131 (WPMC2025) ile 8. Uluslararas\u0131 Do\u011fal Kaynaklar ve S\u00fcrd\u00fcr\u00fclebilir \u00c7evre Y\u00f6netimi Konferans\u0131 (NRSEM2025) Sonu\u00e7 Bildirgesi kamuoyuyla payla\u015f\u0131ld\u0131.<\/p>\n<p>G\u00f6nyeli-Alayk\u00f6y Belediyesi Bas\u0131n Birimi\u2019nden yap\u0131lan a\u00e7\u0131klamaya g\u00f6re,\u00a0sonu\u00e7 bildirgesinde iklim de\u011fi\u015fikli\u011fi, su kaynaklar\u0131n\u0131n de\u011ferlendirilmesi ve y\u00f6netimi; su kalitesi, kirlilik kontrol\u00fc ve \u00e7evre sa\u011fl\u0131\u011f\u0131; s\u00fcrd\u00fcr\u00fclebilir enerji, yenilenebilir kaynaklar ve su\u2013enerji ili\u015fkisi; s\u00fcrd\u00fcr\u00fclebilir tar\u0131m ve g\u0131da g\u00fcvenli\u011fi ile s\u00fcrd\u00fcr\u00fclebilir tar\u0131m ve g\u0131da g\u00fcvenli\u011fi ba\u015fl\u0131klar\u0131 \u00f6ne \u00e7\u0131kt\u0131.<\/p>\n<p>Konferans kapsam\u0131nda sunulan bilimsel \u00e7al\u0131\u015fmalar\u0131n, su ve \u00e7evre temal\u0131 akademik bir kitapta toplanarak uluslararas\u0131 veri tabanlar\u0131nda yay\u0131mlanaca\u011f\u0131 da duyuruldu.<\/p>\n<p>Yak\u0131n Do\u011fu \u00dcniversitesi \u0130n\u015faat ve \u00c7evre M\u00fchendisli\u011fi Fak\u00fcltesi Dekan\u0131, Enerji, \u00c7evre ve Su Ara\u015ft\u0131rma Merkezi (EN\u00c7ESU) Y\u00f6netim Kurulu Ba\u015fkan\u0131 Prof. Dr. H\u00fcseyin G\u00f6k\u00e7eku\u015f ba\u015fkanl\u0131\u011f\u0131nda, T\u00fcrk D\u00fcnyas\u0131 M\u00fchendisler ve Mimarlar Birli\u011fi Genel Ba\u015fkan\u0131 Dr. \u0130lyas Demirci ile G\u00f6nyeli\u2013Alayk\u00f6y Belediye Ba\u015fkan\u0131 H\u00fcseyin Amcao\u011flu\u2019nun e\u015f ba\u015fkanl\u0131klar\u0131nda yap\u0131lan konferanslarda,\u00a0iklim de\u011fi\u015fikli\u011finin etkilerine dikkat \u00e7ekilerek bilimsel veriler \u0131\u015f\u0131\u011f\u0131nda hareket edilmesi ve kurumlar aras\u0131 i\u015f birli\u011finin g\u00fc\u00e7lendirilmesi gerekti\u011finin vurguland\u0131\u011f\u0131 an\u0131msat\u0131ld\u0131.<\/p>\n","protected":false},"excerpt":{"rendered":"<p>Yak\u0131n Do\u011fu \u00dcniversitesi, G\u00f6nyeli\u2013Alayk\u00f6y Belediyesi ve T\u00fcrk D\u00fcnyas\u0131 M\u00fchendisler ve Mimarlar Birli\u011fi i\u015f birli\u011fiyle aral\u0131k ay\u0131nda d\u00fczenlenen 5. Uluslararas\u0131 Akdeniz \u00dclkelerinde Ya\u015fanan Su Sorunlar\u0131 Konferans\u0131 (WPMC2025) ile 8. Uluslararas\u0131 Do\u011fal Kaynaklar ve S\u00fcrd\u00fcr\u00fclebilir \u00c7evre Y\u00f6netimi Konferans\u0131 (NRSEM2025) Sonu\u00e7 Bildirgesi kamuoyuyla payla\u015f\u0131ld\u0131. G\u00f6nyeli-Alayk\u00f6y Belediyesi Bas\u0131n Birimi\u2019nden yap\u0131lan a\u00e7\u0131klamaya g\u00f6re,\u00a0sonu\u00e7 bildirgesinde iklim de\u011fi\u015fikli\u011fi, su kaynaklar\u0131n\u0131n de\u011ferlendirilmesi ve [&hellip;]<\/p>\n","protected":false},"author":1,"featured_media":34320,"comment_status":"open","ping_status":"open","sticky":false,"template":"","format":"standard","meta":{"jnews-multi-image_gallery":[],"jnews_single_post":[],"jnews_primary_category":[],"jnews_social_meta":[],"jnews_override_counter":[],"footnotes":""},"categories":[1],"tags":[],"class_list":["post-34319","post","type-post","status-publish","format-standard","has-post-thumbnail","hentry","category-kibris"],"yoast_head":"<!-- This site is optimized with the Yoast SEO plugin v27.4 - https:\/\/yoast.com\/product\/yoast-seo-wordpress\/ -->\n<title>Su sorunlar\u0131 ve \u00e7evre konferanslar\u0131n\u0131n sonu\u00e7 bildirgesi yay\u0131mland\u0131 - Haber Ver K\u0131br\u0131s<\/title>\n<meta name=\"robots\" content=\"index, follow, max-snippet:-1, max-image-preview:large, max-video-preview:-1\" \/>\n<link rel=\"canonical\" href=\"https:\/\/haberverkibris.com\/index.php\/2026\/04\/28\/su-sorunlari-ve-cevre-konferanslarinin-sonuc-bildirgesi-yayimlandi\/\" \/>\n<meta property=\"og:locale\" content=\"tr_TR\" \/>\n<meta property=\"og:type\" content=\"article\" \/>\n<meta property=\"og:title\" content=\"Su sorunlar\u0131 ve \u00e7evre konferanslar\u0131n\u0131n sonu\u00e7 bildirgesi yay\u0131mland\u0131 - Haber Ver K\u0131br\u0131s\" \/>\n<meta property=\"og:description\" content=\"Yak\u0131n Do\u011fu \u00dcniversitesi, G\u00f6nyeli\u2013Alayk\u00f6y Belediyesi ve T\u00fcrk D\u00fcnyas\u0131 M\u00fchendisler ve Mimarlar Birli\u011fi i\u015f birli\u011fiyle aral\u0131k ay\u0131nda d\u00fczenlenen 5. Uluslararas\u0131 Akdeniz \u00dclkelerinde Ya\u015fanan Su Sorunlar\u0131 Konferans\u0131 (WPMC2025) ile 8. Uluslararas\u0131 Do\u011fal Kaynaklar ve S\u00fcrd\u00fcr\u00fclebilir \u00c7evre Y\u00f6netimi Konferans\u0131 (NRSEM2025) Sonu\u00e7 Bildirgesi kamuoyuyla payla\u015f\u0131ld\u0131. G\u00f6nyeli-Alayk\u00f6y Belediyesi Bas\u0131n Birimi\u2019nden yap\u0131lan a\u00e7\u0131klamaya g\u00f6re,\u00a0sonu\u00e7 bildirgesinde iklim de\u011fi\u015fikli\u011fi, su kaynaklar\u0131n\u0131n de\u011ferlendirilmesi ve [&hellip;]\" \/>\n<meta property=\"og:url\" content=\"https:\/\/haberverkibris.com\/index.php\/2026\/04\/28\/su-sorunlari-ve-cevre-konferanslarinin-sonuc-bildirgesi-yayimlandi\/\" \/>\n<meta property=\"og:site_name\" content=\"Haber Ver K\u0131br\u0131s\" \/>\n<meta property=\"article:publisher\" content=\"https:\/\/www.facebook.com\/kuzeyinsesii\" \/>\n<meta property=\"article:published_time\" content=\"2026-04-28T15:50:52+00:00\" \/>\n<meta property=\"article:modified_time\" content=\"2026-04-28T15:51:06+00:00\" \/>\n<meta property=\"og:image\" content=\"https:\/\/haberverkibris.com\/wp-content\/uploads\/2026\/04\/Yeni-Proje-35.jpg\" \/>\n\t<meta property=\"og:image:width\" content=\"1920\" \/>\n\t<meta property=\"og:image:height\" content=\"1080\" \/>\n\t<meta property=\"og:image:type\" content=\"image\/jpeg\" \/>\n<meta name=\"author\" content=\"Haberver K\u0131br\u0131s\" \/>\n<meta name=\"twitter:card\" content=\"summary_large_image\" \/>\n<meta name=\"twitter:creator\" content=\"@kuzeyinsesii\" \/>\n<meta name=\"twitter:site\" content=\"@kuzeyinsesii\" \/>\n<meta name=\"twitter:label1\" content=\"Yazan:\" \/>\n\t<meta name=\"twitter:data1\" content=\"Haberver K\u0131br\u0131s\" \/>\n\t<meta name=\"twitter:label2\" content=\"Tahmini okuma s\u00fcresi\" \/>\n\t<meta name=\"twitter:data2\" content=\"1 dakika\" \/>\n<script type=\"application\/ld+json\" class=\"yoast-schema-graph\">{\"@context\":\"https:\\\/\\\/schema.org\",\"@graph\":[{\"@type\":\"Article\",\"@id\":\"https:\\\/\\\/haberverkibris.com\\\/index.php\\\/2026\\\/04\\\/28\\\/su-sorunlari-ve-cevre-konferanslarinin-sonuc-bildirgesi-yayimlandi\\\/#article\",\"isPartOf\":{\"@id\":\"https:\\\/\\\/haberverkibris.com\\\/index.php\\\/2026\\\/04\\\/28\\\/su-sorunlari-ve-cevre-konferanslarinin-sonuc-bildirgesi-yayimlandi\\\/\"},\"author\":{\"name\":\"Haberver K\u0131br\u0131s\",\"@id\":\"https:\\\/\\\/haberverkibris.com\\\/#\\\/schema\\\/person\\\/29d65381ed43765483b5a185ded66a56\"},\"headline\":\"Su sorunlar\u0131 ve \u00e7evre konferanslar\u0131n\u0131n sonu\u00e7 bildirgesi yay\u0131mland\u0131\",\"datePublished\":\"2026-04-28T15:50:52+00:00\",\"dateModified\":\"2026-04-28T15:51:06+00:00\",\"mainEntityOfPage\":{\"@id\":\"https:\\\/\\\/haberverkibris.com\\\/index.php\\\/2026\\\/04\\\/28\\\/su-sorunlari-ve-cevre-konferanslarinin-sonuc-bildirgesi-yayimlandi\\\/\"},\"wordCount\":278,\"commentCount\":0,\"image\":{\"@id\":\"https:\\\/\\\/haberverkibris.com\\\/index.php\\\/2026\\\/04\\\/28\\\/su-sorunlari-ve-cevre-konferanslarinin-sonuc-bildirgesi-yayimlandi\\\/#primaryimage\"},\"thumbnailUrl\":\"https:\\\/\\\/haberverkibris.com\\\/wp-content\\\/uploads\\\/2026\\\/04\\\/Yeni-Proje-35.jpg\",\"articleSection\":[\"K\u0131br\u0131s\"],\"inLanguage\":\"tr\",\"potentialAction\":[{\"@type\":\"CommentAction\",\"name\":\"Comment\",\"target\":[\"https:\\\/\\\/haberverkibris.com\\\/index.php\\\/2026\\\/04\\\/28\\\/su-sorunlari-ve-cevre-konferanslarinin-sonuc-bildirgesi-yayimlandi\\\/#respond\"]}]},{\"@type\":\"WebPage\",\"@id\":\"https:\\\/\\\/haberverkibris.com\\\/index.php\\\/2026\\\/04\\\/28\\\/su-sorunlari-ve-cevre-konferanslarinin-sonuc-bildirgesi-yayimlandi\\\/\",\"url\":\"https:\\\/\\\/haberverkibris.com\\\/index.php\\\/2026\\\/04\\\/28\\\/su-sorunlari-ve-cevre-konferanslarinin-sonuc-bildirgesi-yayimlandi\\\/\",\"name\":\"Su sorunlar\u0131 ve \u00e7evre konferanslar\u0131n\u0131n sonu\u00e7 bildirgesi yay\u0131mland\u0131 - Haber Ver K\u0131br\u0131s\",\"isPartOf\":{\"@id\":\"https:\\\/\\\/haberverkibris.com\\\/#website\"},\"primaryImageOfPage\":{\"@id\":\"https:\\\/\\\/haberverkibris.com\\\/index.php\\\/2026\\\/04\\\/28\\\/su-sorunlari-ve-cevre-konferanslarinin-sonuc-bildirgesi-yayimlandi\\\/#primaryimage\"},\"image\":{\"@id\":\"https:\\\/\\\/haberverkibris.com\\\/index.php\\\/2026\\\/04\\\/28\\\/su-sorunlari-ve-cevre-konferanslarinin-sonuc-bildirgesi-yayimlandi\\\/#primaryimage\"},\"thumbnailUrl\":\"https:\\\/\\\/haberverkibris.com\\\/wp-content\\\/uploads\\\/2026\\\/04\\\/Yeni-Proje-35.jpg\",\"datePublished\":\"2026-04-28T15:50:52+00:00\",\"dateModified\":\"2026-04-28T15:51:06+00:00\",\"author\":{\"@id\":\"https:\\\/\\\/haberverkibris.com\\\/#\\\/schema\\\/person\\\/29d65381ed43765483b5a185ded66a56\"},\"breadcrumb\":{\"@id\":\"https:\\\/\\\/haberverkibris.com\\\/index.php\\\/2026\\\/04\\\/28\\\/su-sorunlari-ve-cevre-konferanslarinin-sonuc-bildirgesi-yayimlandi\\\/#breadcrumb\"},\"inLanguage\":\"tr\",\"potentialAction\":[{\"@type\":\"ReadAction\",\"target\":[\"https:\\\/\\\/haberverkibris.com\\\/index.php\\\/2026\\\/04\\\/28\\\/su-sorunlari-ve-cevre-konferanslarinin-sonuc-bildirgesi-yayimlandi\\\/\"]}]},{\"@type\":\"ImageObject\",\"inLanguage\":\"tr\",\"@id\":\"https:\\\/\\\/haberverkibris.com\\\/index.php\\\/2026\\\/04\\\/28\\\/su-sorunlari-ve-cevre-konferanslarinin-sonuc-bildirgesi-yayimlandi\\\/#primaryimage\",\"url\":\"https:\\\/\\\/haberverkibris.com\\\/wp-content\\\/uploads\\\/2026\\\/04\\\/Yeni-Proje-35.jpg\",\"contentUrl\":\"https:\\\/\\\/haberverkibris.com\\\/wp-content\\\/uploads\\\/2026\\\/04\\\/Yeni-Proje-35.jpg\",\"width\":1920,\"height\":1080},{\"@type\":\"BreadcrumbList\",\"@id\":\"https:\\\/\\\/haberverkibris.com\\\/index.php\\\/2026\\\/04\\\/28\\\/su-sorunlari-ve-cevre-konferanslarinin-sonuc-bildirgesi-yayimlandi\\\/#breadcrumb\",\"itemListElement\":[{\"@type\":\"ListItem\",\"position\":1,\"name\":\"Anasayfa\",\"item\":\"https:\\\/\\\/haberverkibris.com\\\/\"},{\"@type\":\"ListItem\",\"position\":2,\"name\":\"Su sorunlar\u0131 ve \u00e7evre konferanslar\u0131n\u0131n sonu\u00e7 bildirgesi yay\u0131mland\u0131\"}]},{\"@type\":\"WebSite\",\"@id\":\"https:\\\/\\\/haberverkibris.com\\\/#website\",\"url\":\"https:\\\/\\\/haberverkibris.com\\\/\",\"name\":\"Kuzeyin Sesi\",\"description\":\"Do\u011fru Haberin Adresi\",\"potentialAction\":[{\"@type\":\"SearchAction\",\"target\":{\"@type\":\"EntryPoint\",\"urlTemplate\":\"https:\\\/\\\/haberverkibris.com\\\/?s={search_term_string}\"},\"query-input\":{\"@type\":\"PropertyValueSpecification\",\"valueRequired\":true,\"valueName\":\"search_term_string\"}}],\"inLanguage\":\"tr\"},{\"@type\":\"Person\",\"@id\":\"https:\\\/\\\/haberverkibris.com\\\/#\\\/schema\\\/person\\\/29d65381ed43765483b5a185ded66a56\",\"name\":\"Haberver K\u0131br\u0131s\",\"image\":{\"@type\":\"ImageObject\",\"inLanguage\":\"tr\",\"@id\":\"https:\\\/\\\/secure.gravatar.com\\\/avatar\\\/bab33852abfd8b282518d6ed81826833d77c3c882d9ab608add591ccace47a44?s=96&d=mm&r=g\",\"url\":\"https:\\\/\\\/secure.gravatar.com\\\/avatar\\\/bab33852abfd8b282518d6ed81826833d77c3c882d9ab608add591ccace47a44?s=96&d=mm&r=g\",\"contentUrl\":\"https:\\\/\\\/secure.gravatar.com\\\/avatar\\\/bab33852abfd8b282518d6ed81826833d77c3c882d9ab608add591ccace47a44?s=96&d=mm&r=g\",\"caption\":\"Haberver K\u0131br\u0131s\"},\"sameAs\":[\"https:\\\/\\\/haberverkibris.com\"],\"url\":\"https:\\\/\\\/haberverkibris.com\\\/index.php\\\/author\\\/guven\\\/\"}]}<\/script>\n<!-- \/ Yoast SEO plugin. -->","yoast_head_json":{"title":"Su sorunlar\u0131 ve \u00e7evre konferanslar\u0131n\u0131n sonu\u00e7 bildirgesi yay\u0131mland\u0131 - Haber Ver K\u0131br\u0131s","robots":{"index":"index","follow":"follow","max-snippet":"max-snippet:-1","max-image-preview":"max-image-preview:large","max-video-preview":"max-video-preview:-1"},"canonical":"https:\/\/haberverkibris.com\/index.php\/2026\/04\/28\/su-sorunlari-ve-cevre-konferanslarinin-sonuc-bildirgesi-yayimlandi\/","og_locale":"tr_TR","og_type":"article","og_title":"Su sorunlar\u0131 ve \u00e7evre konferanslar\u0131n\u0131n sonu\u00e7 bildirgesi yay\u0131mland\u0131 - Haber Ver K\u0131br\u0131s","og_description":"Yak\u0131n Do\u011fu \u00dcniversitesi, G\u00f6nyeli\u2013Alayk\u00f6y Belediyesi ve T\u00fcrk D\u00fcnyas\u0131 M\u00fchendisler ve Mimarlar Birli\u011fi i\u015f birli\u011fiyle aral\u0131k ay\u0131nda d\u00fczenlenen 5. Uluslararas\u0131 Akdeniz \u00dclkelerinde Ya\u015fanan Su Sorunlar\u0131 Konferans\u0131 (WPMC2025) ile 8. Uluslararas\u0131 Do\u011fal Kaynaklar ve S\u00fcrd\u00fcr\u00fclebilir \u00c7evre Y\u00f6netimi Konferans\u0131 (NRSEM2025) Sonu\u00e7 Bildirgesi kamuoyuyla payla\u015f\u0131ld\u0131. G\u00f6nyeli-Alayk\u00f6y Belediyesi Bas\u0131n Birimi\u2019nden yap\u0131lan a\u00e7\u0131klamaya g\u00f6re,\u00a0sonu\u00e7 bildirgesinde iklim de\u011fi\u015fikli\u011fi, su kaynaklar\u0131n\u0131n de\u011ferlendirilmesi ve [&hellip;]","og_url":"https:\/\/haberverkibris.com\/index.php\/2026\/04\/28\/su-sorunlari-ve-cevre-konferanslarinin-sonuc-bildirgesi-yayimlandi\/","og_site_name":"Haber Ver K\u0131br\u0131s","article_publisher":"https:\/\/www.facebook.com\/kuzeyinsesii","article_published_time":"2026-04-28T15:50:52+00:00","article_modified_time":"2026-04-28T15:51:06+00:00","og_image":[{"width":1920,"height":1080,"url":"https:\/\/haberverkibris.com\/wp-content\/uploads\/2026\/04\/Yeni-Proje-35.jpg","type":"image\/jpeg"}],"author":"Haberver K\u0131br\u0131s","twitter_card":"summary_large_image","twitter_creator":"@kuzeyinsesii","twitter_site":"@kuzeyinsesii","twitter_misc":{"Yazan:":"Haberver K\u0131br\u0131s","Tahmini okuma s\u00fcresi":"1 dakika"},"schema":{"@context":"https:\/\/schema.org","@graph":[{"@type":"Article","@id":"https:\/\/haberverkibris.com\/index.php\/2026\/04\/28\/su-sorunlari-ve-cevre-konferanslarinin-sonuc-bildirgesi-yayimlandi\/#article","isPartOf":{"@id":"https:\/\/haberverkibris.com\/index.php\/2026\/04\/28\/su-sorunlari-ve-cevre-konferanslarinin-sonuc-bildirgesi-yayimlandi\/"},"author":{"name":"Haberver K\u0131br\u0131s","@id":"https:\/\/haberverkibris.com\/#\/schema\/person\/29d65381ed43765483b5a185ded66a56"},"headline":"Su sorunlar\u0131 ve \u00e7evre konferanslar\u0131n\u0131n sonu\u00e7 bildirgesi yay\u0131mland\u0131","datePublished":"2026-04-28T15:50:52+00:00","dateModified":"2026-04-28T15:51:06+00:00","mainEntityOfPage":{"@id":"https:\/\/haberverkibris.com\/index.php\/2026\/04\/28\/su-sorunlari-ve-cevre-konferanslarinin-sonuc-bildirgesi-yayimlandi\/"},"wordCount":278,"commentCount":0,"image":{"@id":"https:\/\/haberverkibris.com\/index.php\/2026\/04\/28\/su-sorunlari-ve-cevre-konferanslarinin-sonuc-bildirgesi-yayimlandi\/#primaryimage"},"thumbnailUrl":"https:\/\/haberverkibris.com\/wp-content\/uploads\/2026\/04\/Yeni-Proje-35.jpg","articleSection":["K\u0131br\u0131s"],"inLanguage":"tr","potentialAction":[{"@type":"CommentAction","name":"Comment","target":["https:\/\/haberverkibris.com\/index.php\/2026\/04\/28\/su-sorunlari-ve-cevre-konferanslarinin-sonuc-bildirgesi-yayimlandi\/#respond"]}]},{"@type":"WebPage","@id":"https:\/\/haberverkibris.com\/index.php\/2026\/04\/28\/su-sorunlari-ve-cevre-konferanslarinin-sonuc-bildirgesi-yayimlandi\/","url":"https:\/\/haberverkibris.com\/index.php\/2026\/04\/28\/su-sorunlari-ve-cevre-konferanslarinin-sonuc-bildirgesi-yayimlandi\/","name":"Su sorunlar\u0131 ve \u00e7evre konferanslar\u0131n\u0131n sonu\u00e7 bildirgesi yay\u0131mland\u0131 - Haber Ver K\u0131br\u0131s","isPartOf":{"@id":"https:\/\/haberverkibris.com\/#website"},"primaryImageOfPage":{"@id":"https:\/\/haberverkibris.com\/index.php\/2026\/04\/28\/su-sorunlari-ve-cevre-konferanslarinin-sonuc-bildirgesi-yayimlandi\/#primaryimage"},"image":{"@id":"https:\/\/haberverkibris.com\/index.php\/2026\/04\/28\/su-sorunlari-ve-cevre-konferanslarinin-sonuc-bildirgesi-yayimlandi\/#primaryimage"},"thumbnailUrl":"https:\/\/haberverkibris.com\/wp-content\/uploads\/2026\/04\/Yeni-Proje-35.jpg","datePublished":"2026-04-28T15:50:52+00:00","dateModified":"2026-04-28T15:51:06+00:00","author":{"@id":"https:\/\/haberverkibris.com\/#\/schema\/person\/29d65381ed43765483b5a185ded66a56"},"breadcrumb":{"@id":"https:\/\/haberverkibris.com\/index.php\/2026\/04\/28\/su-sorunlari-ve-cevre-konferanslarinin-sonuc-bildirgesi-yayimlandi\/#breadcrumb"},"inLanguage":"tr","potentialAction":[{"@type":"ReadAction","target":["https:\/\/haberverkibris.com\/index.php\/2026\/04\/28\/su-sorunlari-ve-cevre-konferanslarinin-sonuc-bildirgesi-yayimlandi\/"]}]},{"@type":"ImageObject","inLanguage":"tr","@id":"https:\/\/haberverkibris.com\/index.php\/2026\/04\/28\/su-sorunlari-ve-cevre-konferanslarinin-sonuc-bildirgesi-yayimlandi\/#primaryimage","url":"https:\/\/haberverkibris.com\/wp-content\/uploads\/2026\/04\/Yeni-Proje-35.jpg","contentUrl":"https:\/\/haberverkibris.com\/wp-content\/uploads\/2026\/04\/Yeni-Proje-35.jpg","width":1920,"height":1080},{"@type":"BreadcrumbList","@id":"https:\/\/haberverkibris.com\/index.php\/2026\/04\/28\/su-sorunlari-ve-cevre-konferanslarinin-sonuc-bildirgesi-yayimlandi\/#breadcrumb","itemListElement":[{"@type":"ListItem","position":1,"name":"Anasayfa","item":"https:\/\/haberverkibris.com\/"},{"@type":"ListItem","position":2,"name":"Su sorunlar\u0131 ve \u00e7evre konferanslar\u0131n\u0131n sonu\u00e7 bildirgesi yay\u0131mland\u0131"}]},{"@type":"WebSite","@id":"https:\/\/haberverkibris.com\/#website","url":"https:\/\/haberverkibris.com\/","name":"Kuzeyin Sesi","description":"Do\u011fru Haberin Adresi","potentialAction":[{"@type":"SearchAction","target":{"@type":"EntryPoint","urlTemplate":"https:\/\/haberverkibris.com\/?s={search_term_string}"},"query-input":{"@type":"PropertyValueSpecification","valueRequired":true,"valueName":"search_term_string"}}],"inLanguage":"tr"},{"@type":"Person","@id":"https:\/\/haberverkibris.com\/#\/schema\/person\/29d65381ed43765483b5a185ded66a56","name":"Haberver K\u0131br\u0131s","image":{"@type":"ImageObject","inLanguage":"tr","@id":"https:\/\/secure.gravatar.com\/avatar\/bab33852abfd8b282518d6ed81826833d77c3c882d9ab608add591ccace47a44?s=96&d=mm&r=g","url":"https:\/\/secure.gravatar.com\/avatar\/bab33852abfd8b282518d6ed81826833d77c3c882d9ab608add591ccace47a44?s=96&d=mm&r=g","contentUrl":"https:\/\/secure.gravatar.com\/avatar\/bab33852abfd8b282518d6ed81826833d77c3c882d9ab608add591ccace47a44?s=96&d=mm&r=g","caption":"Haberver K\u0131br\u0131s"},"sameAs":["https:\/\/haberverkibris.com"],"url":"https:\/\/haberverkibris.com\/index.php\/author\/guven\/"}]}},"_links":{"self":[{"href":"https:\/\/haberverkibris.com\/index.php\/wp-json\/wp\/v2\/posts\/34319","targetHints":{"allow":["GET"]}}],"collection":[{"href":"https:\/\/haberverkibris.com\/index.php\/wp-json\/wp\/v2\/posts"}],"about":[{"href":"https:\/\/haberverkibris.com\/index.php\/wp-json\/wp\/v2\/types\/post"}],"author":[{"embeddable":true,"href":"https:\/\/haberverkibris.com\/index.php\/wp-json\/wp\/v2\/users\/1"}],"replies":[{"embeddable":true,"href":"https:\/\/haberverkibris.com\/index.php\/wp-json\/wp\/v2\/comments?post=34319"}],"version-history":[{"count":1,"href":"https:\/\/haberverkibris.com\/index.php\/wp-json\/wp\/v2\/posts\/34319\/revisions"}],"predecessor-version":[{"id":34321,"href":"https:\/\/haberverkibris.com\/index.php\/wp-json\/wp\/v2\/posts\/34319\/revisions\/34321"}],"wp:featuredmedia":[{"embeddable":true,"href":"https:\/\/haberverkibris.com\/index.php\/wp-json\/wp\/v2\/media\/34320"}],"wp:attachment":[{"href":"https:\/\/haberverkibris.com\/index.php\/wp-json\/wp\/v2\/media?parent=34319"}],"wp:term":[{"taxonomy":"category","embeddable":true,"href":"https:\/\/haberverkibris.com\/index.php\/wp-json\/wp\/v2\/categories?post=34319"},{"taxonomy":"post_tag","embeddable":true,"href":"https:\/\/haberverkibris.com\/index.php\/wp-json\/wp\/v2\/tags?post=34319"}],"curies":[{"name":"wp","href":"https:\/\/api.w.org\/{rel}","templated":true}]}}