{"id":34314,"date":"2026-04-28T18:43:51","date_gmt":"2026-04-28T15:43:51","guid":{"rendered":"https:\/\/haberverkibris.com\/index.php\/2026\/04\/28\/anne-ve-cocuk-sagligi-derneginden-ogrencilere-destek-kermesi-duzenlenecek\/"},"modified":"2026-04-28T18:44:05","modified_gmt":"2026-04-28T15:44:05","slug":"anne-ve-cocuk-sagligi-derneginden-ogrencilere-destek-kermesi-duzenlenecek","status":"publish","type":"post","link":"https:\/\/haberverkibris.com\/index.php\/2026\/04\/28\/anne-ve-cocuk-sagligi-derneginden-ogrencilere-destek-kermesi-duzenlenecek\/","title":{"rendered":"Anne ve \u00c7ocuk Sa\u011fl\u0131\u011f\u0131 Derne\u011fi\u2019nden \u00f6\u011frencilere destek kermesi d\u00fczenlenecek"},"content":{"rendered":"<p>K\u0131br\u0131s T\u00fcrk Anne ve \u00c7ocuk Sa\u011fl\u0131\u011f\u0131 Derne\u011fi (KTA\u00c7SD), hem\u015firelik ve diyetisyenlik b\u00f6l\u00fcm\u00fc \u00f6\u011frencilerine burs ve e\u011fitim deste\u011fi sa\u011flamak amac\u0131yla cumartesi g\u00fcn\u00fc kermes d\u00fczenleyecek.<\/p>\n<p>Dernekten yap\u0131lan a\u00e7\u0131klamada, Lefko\u015fa K\u0131z\u0131lba\u015f Park\u0131\u2019nda 14.00-16.00 aras\u0131nda yap\u0131lacak kermesten elde edilecek gelirin tamam\u0131n\u0131n, hem\u015firelik ve diyetisyenlik e\u011fitimi g\u00f6ren \u00f6\u011frencilere ba\u011f\u0131\u015flanaca\u011f\u0131 duyuruldu.<\/p>\n<p>A\u00e7\u0131klamada, derne\u011fin \u00e7ocuk sa\u011fl\u0131\u011f\u0131 ve do\u011fru beslenme bilincini art\u0131rmaya y\u00f6nelik \u00e7al\u0131\u015fmalar y\u00fcr\u00fctt\u00fc\u011f\u00fc kaydedilerek, kermesle de sosyal dayan\u0131\u015fmaya katk\u0131 koymay\u0131 hedefledi\u011fi belirtildi. Gelecekte \u00e7ocuklara hizmet verecek hem\u015fire ve diyetisyenlere destek olman\u0131n dernek ad\u0131na bir onur oldu\u011fu ifade edilen a\u00e7\u0131klamada, t\u00fcm halk kermese davet edildi.<\/p>\n","protected":false},"excerpt":{"rendered":"<p>K\u0131br\u0131s T\u00fcrk Anne ve \u00c7ocuk Sa\u011fl\u0131\u011f\u0131 Derne\u011fi (KTA\u00c7SD), hem\u015firelik ve diyetisyenlik b\u00f6l\u00fcm\u00fc \u00f6\u011frencilerine burs ve e\u011fitim deste\u011fi sa\u011flamak amac\u0131yla cumartesi g\u00fcn\u00fc kermes d\u00fczenleyecek. Dernekten yap\u0131lan a\u00e7\u0131klamada, Lefko\u015fa K\u0131z\u0131lba\u015f Park\u0131\u2019nda 14.00-16.00 aras\u0131nda yap\u0131lacak kermesten elde edilecek gelirin tamam\u0131n\u0131n, hem\u015firelik ve diyetisyenlik e\u011fitimi g\u00f6ren \u00f6\u011frencilere ba\u011f\u0131\u015flanaca\u011f\u0131 duyuruldu. A\u00e7\u0131klamada, derne\u011fin \u00e7ocuk sa\u011fl\u0131\u011f\u0131 ve do\u011fru beslenme bilincini art\u0131rmaya y\u00f6nelik [&hellip;]<\/p>\n","protected":false},"author":1,"featured_media":34315,"comment_status":"open","ping_status":"open","sticky":false,"template":"","format":"standard","meta":{"jnews-multi-image_gallery":[],"jnews_single_post":[],"jnews_primary_category":[],"jnews_social_meta":[],"jnews_override_counter":[],"footnotes":""},"categories":[1],"tags":[],"class_list":["post-34314","post","type-post","status-publish","format-standard","has-post-thumbnail","hentry","category-kibris"],"yoast_head":"<!-- This site is optimized with the Yoast SEO plugin v27.4 - https:\/\/yoast.com\/product\/yoast-seo-wordpress\/ -->\n<title>Anne ve \u00c7ocuk Sa\u011fl\u0131\u011f\u0131 Derne\u011fi\u2019nden \u00f6\u011frencilere destek kermesi d\u00fczenlenecek - Haber Ver K\u0131br\u0131s<\/title>\n<meta name=\"robots\" content=\"index, follow, max-snippet:-1, max-image-preview:large, max-video-preview:-1\" \/>\n<link rel=\"canonical\" href=\"https:\/\/haberverkibris.com\/index.php\/2026\/04\/28\/anne-ve-cocuk-sagligi-derneginden-ogrencilere-destek-kermesi-duzenlenecek\/\" \/>\n<meta property=\"og:locale\" content=\"tr_TR\" \/>\n<meta property=\"og:type\" content=\"article\" \/>\n<meta property=\"og:title\" content=\"Anne ve \u00c7ocuk Sa\u011fl\u0131\u011f\u0131 Derne\u011fi\u2019nden \u00f6\u011frencilere destek kermesi d\u00fczenlenecek - Haber Ver K\u0131br\u0131s\" \/>\n<meta property=\"og:description\" content=\"K\u0131br\u0131s T\u00fcrk Anne ve \u00c7ocuk Sa\u011fl\u0131\u011f\u0131 Derne\u011fi (KTA\u00c7SD), hem\u015firelik ve diyetisyenlik b\u00f6l\u00fcm\u00fc \u00f6\u011frencilerine burs ve e\u011fitim deste\u011fi sa\u011flamak amac\u0131yla cumartesi g\u00fcn\u00fc kermes d\u00fczenleyecek. Dernekten yap\u0131lan a\u00e7\u0131klamada, Lefko\u015fa K\u0131z\u0131lba\u015f Park\u0131\u2019nda 14.00-16.00 aras\u0131nda yap\u0131lacak kermesten elde edilecek gelirin tamam\u0131n\u0131n, hem\u015firelik ve diyetisyenlik e\u011fitimi g\u00f6ren \u00f6\u011frencilere ba\u011f\u0131\u015flanaca\u011f\u0131 duyuruldu. A\u00e7\u0131klamada, derne\u011fin \u00e7ocuk sa\u011fl\u0131\u011f\u0131 ve do\u011fru beslenme bilincini art\u0131rmaya y\u00f6nelik [&hellip;]\" \/>\n<meta property=\"og:url\" content=\"https:\/\/haberverkibris.com\/index.php\/2026\/04\/28\/anne-ve-cocuk-sagligi-derneginden-ogrencilere-destek-kermesi-duzenlenecek\/\" \/>\n<meta property=\"og:site_name\" content=\"Haber Ver K\u0131br\u0131s\" \/>\n<meta property=\"article:publisher\" content=\"https:\/\/www.facebook.com\/kuzeyinsesii\" \/>\n<meta property=\"article:published_time\" content=\"2026-04-28T15:43:51+00:00\" \/>\n<meta property=\"article:modified_time\" content=\"2026-04-28T15:44:05+00:00\" \/>\n<meta property=\"og:image\" content=\"https:\/\/haberverkibris.com\/wp-content\/uploads\/2026\/04\/rhehw.webp\" \/>\n\t<meta property=\"og:image:width\" content=\"1280\" \/>\n\t<meta property=\"og:image:height\" content=\"720\" \/>\n\t<meta property=\"og:image:type\" content=\"image\/webp\" \/>\n<meta name=\"author\" content=\"Haberver K\u0131br\u0131s\" \/>\n<meta name=\"twitter:card\" content=\"summary_large_image\" \/>\n<meta name=\"twitter:creator\" content=\"@kuzeyinsesii\" \/>\n<meta name=\"twitter:site\" content=\"@kuzeyinsesii\" \/>\n<meta name=\"twitter:label1\" content=\"Yazan:\" \/>\n\t<meta name=\"twitter:data1\" content=\"Haberver K\u0131br\u0131s\" \/>\n\t<meta name=\"twitter:label2\" content=\"Tahmini okuma s\u00fcresi\" \/>\n\t<meta name=\"twitter:data2\" content=\"1 dakika\" \/>\n<script type=\"application\/ld+json\" class=\"yoast-schema-graph\">{\"@context\":\"https:\\\/\\\/schema.org\",\"@graph\":[{\"@type\":\"Article\",\"@id\":\"https:\\\/\\\/haberverkibris.com\\\/index.php\\\/2026\\\/04\\\/28\\\/anne-ve-cocuk-sagligi-derneginden-ogrencilere-destek-kermesi-duzenlenecek\\\/#article\",\"isPartOf\":{\"@id\":\"https:\\\/\\\/haberverkibris.com\\\/index.php\\\/2026\\\/04\\\/28\\\/anne-ve-cocuk-sagligi-derneginden-ogrencilere-destek-kermesi-duzenlenecek\\\/\"},\"author\":{\"name\":\"Haberver K\u0131br\u0131s\",\"@id\":\"https:\\\/\\\/haberverkibris.com\\\/#\\\/schema\\\/person\\\/29d65381ed43765483b5a185ded66a56\"},\"headline\":\"Anne ve \u00c7ocuk Sa\u011fl\u0131\u011f\u0131 Derne\u011fi\u2019nden \u00f6\u011frencilere destek kermesi d\u00fczenlenecek\",\"datePublished\":\"2026-04-28T15:43:51+00:00\",\"dateModified\":\"2026-04-28T15:44:05+00:00\",\"mainEntityOfPage\":{\"@id\":\"https:\\\/\\\/haberverkibris.com\\\/index.php\\\/2026\\\/04\\\/28\\\/anne-ve-cocuk-sagligi-derneginden-ogrencilere-destek-kermesi-duzenlenecek\\\/\"},\"wordCount\":147,\"commentCount\":0,\"image\":{\"@id\":\"https:\\\/\\\/haberverkibris.com\\\/index.php\\\/2026\\\/04\\\/28\\\/anne-ve-cocuk-sagligi-derneginden-ogrencilere-destek-kermesi-duzenlenecek\\\/#primaryimage\"},\"thumbnailUrl\":\"https:\\\/\\\/haberverkibris.com\\\/wp-content\\\/uploads\\\/2026\\\/04\\\/rhehw.webp\",\"articleSection\":[\"K\u0131br\u0131s\"],\"inLanguage\":\"tr\",\"potentialAction\":[{\"@type\":\"CommentAction\",\"name\":\"Comment\",\"target\":[\"https:\\\/\\\/haberverkibris.com\\\/index.php\\\/2026\\\/04\\\/28\\\/anne-ve-cocuk-sagligi-derneginden-ogrencilere-destek-kermesi-duzenlenecek\\\/#respond\"]}]},{\"@type\":\"WebPage\",\"@id\":\"https:\\\/\\\/haberverkibris.com\\\/index.php\\\/2026\\\/04\\\/28\\\/anne-ve-cocuk-sagligi-derneginden-ogrencilere-destek-kermesi-duzenlenecek\\\/\",\"url\":\"https:\\\/\\\/haberverkibris.com\\\/index.php\\\/2026\\\/04\\\/28\\\/anne-ve-cocuk-sagligi-derneginden-ogrencilere-destek-kermesi-duzenlenecek\\\/\",\"name\":\"Anne ve \u00c7ocuk Sa\u011fl\u0131\u011f\u0131 Derne\u011fi\u2019nden \u00f6\u011frencilere destek kermesi d\u00fczenlenecek - Haber Ver K\u0131br\u0131s\",\"isPartOf\":{\"@id\":\"https:\\\/\\\/haberverkibris.com\\\/#website\"},\"primaryImageOfPage\":{\"@id\":\"https:\\\/\\\/haberverkibris.com\\\/index.php\\\/2026\\\/04\\\/28\\\/anne-ve-cocuk-sagligi-derneginden-ogrencilere-destek-kermesi-duzenlenecek\\\/#primaryimage\"},\"image\":{\"@id\":\"https:\\\/\\\/haberverkibris.com\\\/index.php\\\/2026\\\/04\\\/28\\\/anne-ve-cocuk-sagligi-derneginden-ogrencilere-destek-kermesi-duzenlenecek\\\/#primaryimage\"},\"thumbnailUrl\":\"https:\\\/\\\/haberverkibris.com\\\/wp-content\\\/uploads\\\/2026\\\/04\\\/rhehw.webp\",\"datePublished\":\"2026-04-28T15:43:51+00:00\",\"dateModified\":\"2026-04-28T15:44:05+00:00\",\"author\":{\"@id\":\"https:\\\/\\\/haberverkibris.com\\\/#\\\/schema\\\/person\\\/29d65381ed43765483b5a185ded66a56\"},\"breadcrumb\":{\"@id\":\"https:\\\/\\\/haberverkibris.com\\\/index.php\\\/2026\\\/04\\\/28\\\/anne-ve-cocuk-sagligi-derneginden-ogrencilere-destek-kermesi-duzenlenecek\\\/#breadcrumb\"},\"inLanguage\":\"tr\",\"potentialAction\":[{\"@type\":\"ReadAction\",\"target\":[\"https:\\\/\\\/haberverkibris.com\\\/index.php\\\/2026\\\/04\\\/28\\\/anne-ve-cocuk-sagligi-derneginden-ogrencilere-destek-kermesi-duzenlenecek\\\/\"]}]},{\"@type\":\"ImageObject\",\"inLanguage\":\"tr\",\"@id\":\"https:\\\/\\\/haberverkibris.com\\\/index.php\\\/2026\\\/04\\\/28\\\/anne-ve-cocuk-sagligi-derneginden-ogrencilere-destek-kermesi-duzenlenecek\\\/#primaryimage\",\"url\":\"https:\\\/\\\/haberverkibris.com\\\/wp-content\\\/uploads\\\/2026\\\/04\\\/rhehw.webp\",\"contentUrl\":\"https:\\\/\\\/haberverkibris.com\\\/wp-content\\\/uploads\\\/2026\\\/04\\\/rhehw.webp\",\"width\":1280,\"height\":720},{\"@type\":\"BreadcrumbList\",\"@id\":\"https:\\\/\\\/haberverkibris.com\\\/index.php\\\/2026\\\/04\\\/28\\\/anne-ve-cocuk-sagligi-derneginden-ogrencilere-destek-kermesi-duzenlenecek\\\/#breadcrumb\",\"itemListElement\":[{\"@type\":\"ListItem\",\"position\":1,\"name\":\"Anasayfa\",\"item\":\"https:\\\/\\\/haberverkibris.com\\\/\"},{\"@type\":\"ListItem\",\"position\":2,\"name\":\"Anne ve \u00c7ocuk Sa\u011fl\u0131\u011f\u0131 Derne\u011fi\u2019nden \u00f6\u011frencilere destek kermesi d\u00fczenlenecek\"}]},{\"@type\":\"WebSite\",\"@id\":\"https:\\\/\\\/haberverkibris.com\\\/#website\",\"url\":\"https:\\\/\\\/haberverkibris.com\\\/\",\"name\":\"Kuzeyin Sesi\",\"description\":\"Do\u011fru Haberin Adresi\",\"potentialAction\":[{\"@type\":\"SearchAction\",\"target\":{\"@type\":\"EntryPoint\",\"urlTemplate\":\"https:\\\/\\\/haberverkibris.com\\\/?s={search_term_string}\"},\"query-input\":{\"@type\":\"PropertyValueSpecification\",\"valueRequired\":true,\"valueName\":\"search_term_string\"}}],\"inLanguage\":\"tr\"},{\"@type\":\"Person\",\"@id\":\"https:\\\/\\\/haberverkibris.com\\\/#\\\/schema\\\/person\\\/29d65381ed43765483b5a185ded66a56\",\"name\":\"Haberver K\u0131br\u0131s\",\"image\":{\"@type\":\"ImageObject\",\"inLanguage\":\"tr\",\"@id\":\"https:\\\/\\\/secure.gravatar.com\\\/avatar\\\/bab33852abfd8b282518d6ed81826833d77c3c882d9ab608add591ccace47a44?s=96&d=mm&r=g\",\"url\":\"https:\\\/\\\/secure.gravatar.com\\\/avatar\\\/bab33852abfd8b282518d6ed81826833d77c3c882d9ab608add591ccace47a44?s=96&d=mm&r=g\",\"contentUrl\":\"https:\\\/\\\/secure.gravatar.com\\\/avatar\\\/bab33852abfd8b282518d6ed81826833d77c3c882d9ab608add591ccace47a44?s=96&d=mm&r=g\",\"caption\":\"Haberver K\u0131br\u0131s\"},\"sameAs\":[\"https:\\\/\\\/haberverkibris.com\"],\"url\":\"https:\\\/\\\/haberverkibris.com\\\/index.php\\\/author\\\/guven\\\/\"}]}<\/script>\n<!-- \/ Yoast SEO plugin. -->","yoast_head_json":{"title":"Anne ve \u00c7ocuk Sa\u011fl\u0131\u011f\u0131 Derne\u011fi\u2019nden \u00f6\u011frencilere destek kermesi d\u00fczenlenecek - Haber Ver K\u0131br\u0131s","robots":{"index":"index","follow":"follow","max-snippet":"max-snippet:-1","max-image-preview":"max-image-preview:large","max-video-preview":"max-video-preview:-1"},"canonical":"https:\/\/haberverkibris.com\/index.php\/2026\/04\/28\/anne-ve-cocuk-sagligi-derneginden-ogrencilere-destek-kermesi-duzenlenecek\/","og_locale":"tr_TR","og_type":"article","og_title":"Anne ve \u00c7ocuk Sa\u011fl\u0131\u011f\u0131 Derne\u011fi\u2019nden \u00f6\u011frencilere destek kermesi d\u00fczenlenecek - Haber Ver K\u0131br\u0131s","og_description":"K\u0131br\u0131s T\u00fcrk Anne ve \u00c7ocuk Sa\u011fl\u0131\u011f\u0131 Derne\u011fi (KTA\u00c7SD), hem\u015firelik ve diyetisyenlik b\u00f6l\u00fcm\u00fc \u00f6\u011frencilerine burs ve e\u011fitim deste\u011fi sa\u011flamak amac\u0131yla cumartesi g\u00fcn\u00fc kermes d\u00fczenleyecek. Dernekten yap\u0131lan a\u00e7\u0131klamada, Lefko\u015fa K\u0131z\u0131lba\u015f Park\u0131\u2019nda 14.00-16.00 aras\u0131nda yap\u0131lacak kermesten elde edilecek gelirin tamam\u0131n\u0131n, hem\u015firelik ve diyetisyenlik e\u011fitimi g\u00f6ren \u00f6\u011frencilere ba\u011f\u0131\u015flanaca\u011f\u0131 duyuruldu. A\u00e7\u0131klamada, derne\u011fin \u00e7ocuk sa\u011fl\u0131\u011f\u0131 ve do\u011fru beslenme bilincini art\u0131rmaya y\u00f6nelik [&hellip;]","og_url":"https:\/\/haberverkibris.com\/index.php\/2026\/04\/28\/anne-ve-cocuk-sagligi-derneginden-ogrencilere-destek-kermesi-duzenlenecek\/","og_site_name":"Haber Ver K\u0131br\u0131s","article_publisher":"https:\/\/www.facebook.com\/kuzeyinsesii","article_published_time":"2026-04-28T15:43:51+00:00","article_modified_time":"2026-04-28T15:44:05+00:00","og_image":[{"width":1280,"height":720,"url":"https:\/\/haberverkibris.com\/wp-content\/uploads\/2026\/04\/rhehw.webp","type":"image\/webp"}],"author":"Haberver K\u0131br\u0131s","twitter_card":"summary_large_image","twitter_creator":"@kuzeyinsesii","twitter_site":"@kuzeyinsesii","twitter_misc":{"Yazan:":"Haberver K\u0131br\u0131s","Tahmini okuma s\u00fcresi":"1 dakika"},"schema":{"@context":"https:\/\/schema.org","@graph":[{"@type":"Article","@id":"https:\/\/haberverkibris.com\/index.php\/2026\/04\/28\/anne-ve-cocuk-sagligi-derneginden-ogrencilere-destek-kermesi-duzenlenecek\/#article","isPartOf":{"@id":"https:\/\/haberverkibris.com\/index.php\/2026\/04\/28\/anne-ve-cocuk-sagligi-derneginden-ogrencilere-destek-kermesi-duzenlenecek\/"},"author":{"name":"Haberver K\u0131br\u0131s","@id":"https:\/\/haberverkibris.com\/#\/schema\/person\/29d65381ed43765483b5a185ded66a56"},"headline":"Anne ve \u00c7ocuk Sa\u011fl\u0131\u011f\u0131 Derne\u011fi\u2019nden \u00f6\u011frencilere destek kermesi d\u00fczenlenecek","datePublished":"2026-04-28T15:43:51+00:00","dateModified":"2026-04-28T15:44:05+00:00","mainEntityOfPage":{"@id":"https:\/\/haberverkibris.com\/index.php\/2026\/04\/28\/anne-ve-cocuk-sagligi-derneginden-ogrencilere-destek-kermesi-duzenlenecek\/"},"wordCount":147,"commentCount":0,"image":{"@id":"https:\/\/haberverkibris.com\/index.php\/2026\/04\/28\/anne-ve-cocuk-sagligi-derneginden-ogrencilere-destek-kermesi-duzenlenecek\/#primaryimage"},"thumbnailUrl":"https:\/\/haberverkibris.com\/wp-content\/uploads\/2026\/04\/rhehw.webp","articleSection":["K\u0131br\u0131s"],"inLanguage":"tr","potentialAction":[{"@type":"CommentAction","name":"Comment","target":["https:\/\/haberverkibris.com\/index.php\/2026\/04\/28\/anne-ve-cocuk-sagligi-derneginden-ogrencilere-destek-kermesi-duzenlenecek\/#respond"]}]},{"@type":"WebPage","@id":"https:\/\/haberverkibris.com\/index.php\/2026\/04\/28\/anne-ve-cocuk-sagligi-derneginden-ogrencilere-destek-kermesi-duzenlenecek\/","url":"https:\/\/haberverkibris.com\/index.php\/2026\/04\/28\/anne-ve-cocuk-sagligi-derneginden-ogrencilere-destek-kermesi-duzenlenecek\/","name":"Anne ve \u00c7ocuk Sa\u011fl\u0131\u011f\u0131 Derne\u011fi\u2019nden \u00f6\u011frencilere destek kermesi d\u00fczenlenecek - Haber Ver K\u0131br\u0131s","isPartOf":{"@id":"https:\/\/haberverkibris.com\/#website"},"primaryImageOfPage":{"@id":"https:\/\/haberverkibris.com\/index.php\/2026\/04\/28\/anne-ve-cocuk-sagligi-derneginden-ogrencilere-destek-kermesi-duzenlenecek\/#primaryimage"},"image":{"@id":"https:\/\/haberverkibris.com\/index.php\/2026\/04\/28\/anne-ve-cocuk-sagligi-derneginden-ogrencilere-destek-kermesi-duzenlenecek\/#primaryimage"},"thumbnailUrl":"https:\/\/haberverkibris.com\/wp-content\/uploads\/2026\/04\/rhehw.webp","datePublished":"2026-04-28T15:43:51+00:00","dateModified":"2026-04-28T15:44:05+00:00","author":{"@id":"https:\/\/haberverkibris.com\/#\/schema\/person\/29d65381ed43765483b5a185ded66a56"},"breadcrumb":{"@id":"https:\/\/haberverkibris.com\/index.php\/2026\/04\/28\/anne-ve-cocuk-sagligi-derneginden-ogrencilere-destek-kermesi-duzenlenecek\/#breadcrumb"},"inLanguage":"tr","potentialAction":[{"@type":"ReadAction","target":["https:\/\/haberverkibris.com\/index.php\/2026\/04\/28\/anne-ve-cocuk-sagligi-derneginden-ogrencilere-destek-kermesi-duzenlenecek\/"]}]},{"@type":"ImageObject","inLanguage":"tr","@id":"https:\/\/haberverkibris.com\/index.php\/2026\/04\/28\/anne-ve-cocuk-sagligi-derneginden-ogrencilere-destek-kermesi-duzenlenecek\/#primaryimage","url":"https:\/\/haberverkibris.com\/wp-content\/uploads\/2026\/04\/rhehw.webp","contentUrl":"https:\/\/haberverkibris.com\/wp-content\/uploads\/2026\/04\/rhehw.webp","width":1280,"height":720},{"@type":"BreadcrumbList","@id":"https:\/\/haberverkibris.com\/index.php\/2026\/04\/28\/anne-ve-cocuk-sagligi-derneginden-ogrencilere-destek-kermesi-duzenlenecek\/#breadcrumb","itemListElement":[{"@type":"ListItem","position":1,"name":"Anasayfa","item":"https:\/\/haberverkibris.com\/"},{"@type":"ListItem","position":2,"name":"Anne ve \u00c7ocuk Sa\u011fl\u0131\u011f\u0131 Derne\u011fi\u2019nden \u00f6\u011frencilere destek kermesi d\u00fczenlenecek"}]},{"@type":"WebSite","@id":"https:\/\/haberverkibris.com\/#website","url":"https:\/\/haberverkibris.com\/","name":"Kuzeyin Sesi","description":"Do\u011fru Haberin Adresi","potentialAction":[{"@type":"SearchAction","target":{"@type":"EntryPoint","urlTemplate":"https:\/\/haberverkibris.com\/?s={search_term_string}"},"query-input":{"@type":"PropertyValueSpecification","valueRequired":true,"valueName":"search_term_string"}}],"inLanguage":"tr"},{"@type":"Person","@id":"https:\/\/haberverkibris.com\/#\/schema\/person\/29d65381ed43765483b5a185ded66a56","name":"Haberver K\u0131br\u0131s","image":{"@type":"ImageObject","inLanguage":"tr","@id":"https:\/\/secure.gravatar.com\/avatar\/bab33852abfd8b282518d6ed81826833d77c3c882d9ab608add591ccace47a44?s=96&d=mm&r=g","url":"https:\/\/secure.gravatar.com\/avatar\/bab33852abfd8b282518d6ed81826833d77c3c882d9ab608add591ccace47a44?s=96&d=mm&r=g","contentUrl":"https:\/\/secure.gravatar.com\/avatar\/bab33852abfd8b282518d6ed81826833d77c3c882d9ab608add591ccace47a44?s=96&d=mm&r=g","caption":"Haberver K\u0131br\u0131s"},"sameAs":["https:\/\/haberverkibris.com"],"url":"https:\/\/haberverkibris.com\/index.php\/author\/guven\/"}]}},"_links":{"self":[{"href":"https:\/\/haberverkibris.com\/index.php\/wp-json\/wp\/v2\/posts\/34314","targetHints":{"allow":["GET"]}}],"collection":[{"href":"https:\/\/haberverkibris.com\/index.php\/wp-json\/wp\/v2\/posts"}],"about":[{"href":"https:\/\/haberverkibris.com\/index.php\/wp-json\/wp\/v2\/types\/post"}],"author":[{"embeddable":true,"href":"https:\/\/haberverkibris.com\/index.php\/wp-json\/wp\/v2\/users\/1"}],"replies":[{"embeddable":true,"href":"https:\/\/haberverkibris.com\/index.php\/wp-json\/wp\/v2\/comments?post=34314"}],"version-history":[{"count":1,"href":"https:\/\/haberverkibris.com\/index.php\/wp-json\/wp\/v2\/posts\/34314\/revisions"}],"predecessor-version":[{"id":34316,"href":"https:\/\/haberverkibris.com\/index.php\/wp-json\/wp\/v2\/posts\/34314\/revisions\/34316"}],"wp:featuredmedia":[{"embeddable":true,"href":"https:\/\/haberverkibris.com\/index.php\/wp-json\/wp\/v2\/media\/34315"}],"wp:attachment":[{"href":"https:\/\/haberverkibris.com\/index.php\/wp-json\/wp\/v2\/media?parent=34314"}],"wp:term":[{"taxonomy":"category","embeddable":true,"href":"https:\/\/haberverkibris.com\/index.php\/wp-json\/wp\/v2\/categories?post=34314"},{"taxonomy":"post_tag","embeddable":true,"href":"https:\/\/haberverkibris.com\/index.php\/wp-json\/wp\/v2\/tags?post=34314"}],"curies":[{"name":"wp","href":"https:\/\/api.w.org\/{rel}","templated":true}]}}