{"id":34312,"date":"2026-04-28T18:37:30","date_gmt":"2026-04-28T15:37:30","guid":{"rendered":"https:\/\/haberverkibris.com\/index.php\/2026\/04\/28\/camlibel-bolgesinde-elektrik-kesintisi-gerceklesecek\/"},"modified":"2026-04-28T18:37:42","modified_gmt":"2026-04-28T15:37:42","slug":"camlibel-bolgesinde-elektrik-kesintisi-gerceklesecek","status":"publish","type":"post","link":"https:\/\/haberverkibris.com\/index.php\/2026\/04\/28\/camlibel-bolgesinde-elektrik-kesintisi-gerceklesecek\/","title":{"rendered":"\u00c7aml\u0131bel b\u00f6lgesinde elektrik kesintisi ger\u00e7ekle\u015fecek"},"content":{"rendered":"<p>K\u0131br\u0131s T\u00fcrk Elektrik Kurumu (K\u0131b-Tek), \u00c7aml\u0131bel Hastanesi civar\u0131, \u00c7aml\u0131bel k\u00f6y meydan\u0131 ve Karpa\u015fa yolu b\u00f6lgelerine\u00a0per\u015fembe g\u00fcn\u00fc\u00a0\u00fc\u00e7 saat elektrik verilemeyece\u011fini duyurdu.<\/p>\n<p>K\u0131b-Tek\u2019ten yap\u0131lan a\u00e7\u0131klamaya g\u00f6re, per\u015fembe g\u00fcn\u00fc al\u00e7ak gerilim hatt\u0131nda yap\u0131lacak trafo takviye \u00e7al\u0131\u015fmas\u0131 nedeniyle 10.00 ile 13.00 saatleri aras\u0131nda \u00c7aml\u0131bel Hastanesi civar\u0131, \u00c7aml\u0131bel k\u00f6y meydan\u0131 ve Karpa\u015fa yolu b\u00f6lgelerinde enerji kesintisi olacak.<\/p>\n","protected":false},"excerpt":{"rendered":"<p>K\u0131br\u0131s T\u00fcrk Elektrik Kurumu (K\u0131b-Tek), \u00c7aml\u0131bel Hastanesi civar\u0131, \u00c7aml\u0131bel k\u00f6y meydan\u0131 ve Karpa\u015fa yolu b\u00f6lgelerine\u00a0per\u015fembe g\u00fcn\u00fc\u00a0\u00fc\u00e7 saat elektrik verilemeyece\u011fini duyurdu. K\u0131b-Tek\u2019ten yap\u0131lan a\u00e7\u0131klamaya g\u00f6re, per\u015fembe g\u00fcn\u00fc al\u00e7ak gerilim hatt\u0131nda yap\u0131lacak trafo takviye \u00e7al\u0131\u015fmas\u0131 nedeniyle 10.00 ile 13.00 saatleri aras\u0131nda \u00c7aml\u0131bel Hastanesi civar\u0131, \u00c7aml\u0131bel k\u00f6y meydan\u0131 ve Karpa\u015fa yolu b\u00f6lgelerinde enerji kesintisi olacak.<\/p>\n","protected":false},"author":1,"featured_media":34144,"comment_status":"open","ping_status":"open","sticky":false,"template":"","format":"standard","meta":{"jnews-multi-image_gallery":[],"jnews_single_post":[],"jnews_primary_category":[],"jnews_social_meta":[],"jnews_override_counter":[],"footnotes":""},"categories":[1],"tags":[],"class_list":["post-34312","post","type-post","status-publish","format-standard","has-post-thumbnail","hentry","category-kibris"],"yoast_head":"<!-- This site is optimized with the Yoast SEO plugin v27.4 - https:\/\/yoast.com\/product\/yoast-seo-wordpress\/ -->\n<title>\u00c7aml\u0131bel b\u00f6lgesinde elektrik kesintisi ger\u00e7ekle\u015fecek - Haber Ver K\u0131br\u0131s<\/title>\n<meta name=\"robots\" content=\"index, follow, max-snippet:-1, max-image-preview:large, max-video-preview:-1\" \/>\n<link rel=\"canonical\" href=\"https:\/\/haberverkibris.com\/index.php\/2026\/04\/28\/camlibel-bolgesinde-elektrik-kesintisi-gerceklesecek\/\" \/>\n<meta property=\"og:locale\" content=\"tr_TR\" \/>\n<meta property=\"og:type\" content=\"article\" \/>\n<meta property=\"og:title\" content=\"\u00c7aml\u0131bel b\u00f6lgesinde elektrik kesintisi ger\u00e7ekle\u015fecek - Haber Ver K\u0131br\u0131s\" \/>\n<meta property=\"og:description\" content=\"K\u0131br\u0131s T\u00fcrk Elektrik Kurumu (K\u0131b-Tek), \u00c7aml\u0131bel Hastanesi civar\u0131, \u00c7aml\u0131bel k\u00f6y meydan\u0131 ve Karpa\u015fa yolu b\u00f6lgelerine\u00a0per\u015fembe g\u00fcn\u00fc\u00a0\u00fc\u00e7 saat elektrik verilemeyece\u011fini duyurdu. K\u0131b-Tek\u2019ten yap\u0131lan a\u00e7\u0131klamaya g\u00f6re, per\u015fembe g\u00fcn\u00fc al\u00e7ak gerilim hatt\u0131nda yap\u0131lacak trafo takviye \u00e7al\u0131\u015fmas\u0131 nedeniyle 10.00 ile 13.00 saatleri aras\u0131nda \u00c7aml\u0131bel Hastanesi civar\u0131, \u00c7aml\u0131bel k\u00f6y meydan\u0131 ve Karpa\u015fa yolu b\u00f6lgelerinde enerji kesintisi olacak.\" \/>\n<meta property=\"og:url\" content=\"https:\/\/haberverkibris.com\/index.php\/2026\/04\/28\/camlibel-bolgesinde-elektrik-kesintisi-gerceklesecek\/\" \/>\n<meta property=\"og:site_name\" content=\"Haber Ver K\u0131br\u0131s\" \/>\n<meta property=\"article:publisher\" content=\"https:\/\/www.facebook.com\/kuzeyinsesii\" \/>\n<meta property=\"article:published_time\" content=\"2026-04-28T15:37:30+00:00\" \/>\n<meta property=\"article:modified_time\" content=\"2026-04-28T15:37:42+00:00\" \/>\n<meta property=\"og:image\" content=\"https:\/\/haberverkibris.com\/wp-content\/uploads\/2026\/04\/elektrik-kesintisi-2.jpg\" \/>\n\t<meta property=\"og:image:width\" content=\"620\" \/>\n\t<meta property=\"og:image:height\" content=\"310\" \/>\n\t<meta property=\"og:image:type\" content=\"image\/jpeg\" \/>\n<meta name=\"author\" content=\"Haberver K\u0131br\u0131s\" \/>\n<meta name=\"twitter:card\" content=\"summary_large_image\" \/>\n<meta name=\"twitter:creator\" content=\"@kuzeyinsesii\" \/>\n<meta name=\"twitter:site\" content=\"@kuzeyinsesii\" \/>\n<meta name=\"twitter:label1\" content=\"Yazan:\" \/>\n\t<meta name=\"twitter:data1\" content=\"Haberver K\u0131br\u0131s\" \/>\n<script type=\"application\/ld+json\" class=\"yoast-schema-graph\">{\"@context\":\"https:\\\/\\\/schema.org\",\"@graph\":[{\"@type\":\"Article\",\"@id\":\"https:\\\/\\\/haberverkibris.com\\\/index.php\\\/2026\\\/04\\\/28\\\/camlibel-bolgesinde-elektrik-kesintisi-gerceklesecek\\\/#article\",\"isPartOf\":{\"@id\":\"https:\\\/\\\/haberverkibris.com\\\/index.php\\\/2026\\\/04\\\/28\\\/camlibel-bolgesinde-elektrik-kesintisi-gerceklesecek\\\/\"},\"author\":{\"name\":\"Haberver K\u0131br\u0131s\",\"@id\":\"https:\\\/\\\/haberverkibris.com\\\/#\\\/schema\\\/person\\\/29d65381ed43765483b5a185ded66a56\"},\"headline\":\"\u00c7aml\u0131bel b\u00f6lgesinde elektrik kesintisi ger\u00e7ekle\u015fecek\",\"datePublished\":\"2026-04-28T15:37:30+00:00\",\"dateModified\":\"2026-04-28T15:37:42+00:00\",\"mainEntityOfPage\":{\"@id\":\"https:\\\/\\\/haberverkibris.com\\\/index.php\\\/2026\\\/04\\\/28\\\/camlibel-bolgesinde-elektrik-kesintisi-gerceklesecek\\\/\"},\"wordCount\":89,\"commentCount\":0,\"image\":{\"@id\":\"https:\\\/\\\/haberverkibris.com\\\/index.php\\\/2026\\\/04\\\/28\\\/camlibel-bolgesinde-elektrik-kesintisi-gerceklesecek\\\/#primaryimage\"},\"thumbnailUrl\":\"https:\\\/\\\/haberverkibris.com\\\/wp-content\\\/uploads\\\/2026\\\/04\\\/elektrik-kesintisi-2.jpg\",\"articleSection\":[\"K\u0131br\u0131s\"],\"inLanguage\":\"tr\",\"potentialAction\":[{\"@type\":\"CommentAction\",\"name\":\"Comment\",\"target\":[\"https:\\\/\\\/haberverkibris.com\\\/index.php\\\/2026\\\/04\\\/28\\\/camlibel-bolgesinde-elektrik-kesintisi-gerceklesecek\\\/#respond\"]}]},{\"@type\":\"WebPage\",\"@id\":\"https:\\\/\\\/haberverkibris.com\\\/index.php\\\/2026\\\/04\\\/28\\\/camlibel-bolgesinde-elektrik-kesintisi-gerceklesecek\\\/\",\"url\":\"https:\\\/\\\/haberverkibris.com\\\/index.php\\\/2026\\\/04\\\/28\\\/camlibel-bolgesinde-elektrik-kesintisi-gerceklesecek\\\/\",\"name\":\"\u00c7aml\u0131bel b\u00f6lgesinde elektrik kesintisi ger\u00e7ekle\u015fecek - Haber Ver K\u0131br\u0131s\",\"isPartOf\":{\"@id\":\"https:\\\/\\\/haberverkibris.com\\\/#website\"},\"primaryImageOfPage\":{\"@id\":\"https:\\\/\\\/haberverkibris.com\\\/index.php\\\/2026\\\/04\\\/28\\\/camlibel-bolgesinde-elektrik-kesintisi-gerceklesecek\\\/#primaryimage\"},\"image\":{\"@id\":\"https:\\\/\\\/haberverkibris.com\\\/index.php\\\/2026\\\/04\\\/28\\\/camlibel-bolgesinde-elektrik-kesintisi-gerceklesecek\\\/#primaryimage\"},\"thumbnailUrl\":\"https:\\\/\\\/haberverkibris.com\\\/wp-content\\\/uploads\\\/2026\\\/04\\\/elektrik-kesintisi-2.jpg\",\"datePublished\":\"2026-04-28T15:37:30+00:00\",\"dateModified\":\"2026-04-28T15:37:42+00:00\",\"author\":{\"@id\":\"https:\\\/\\\/haberverkibris.com\\\/#\\\/schema\\\/person\\\/29d65381ed43765483b5a185ded66a56\"},\"breadcrumb\":{\"@id\":\"https:\\\/\\\/haberverkibris.com\\\/index.php\\\/2026\\\/04\\\/28\\\/camlibel-bolgesinde-elektrik-kesintisi-gerceklesecek\\\/#breadcrumb\"},\"inLanguage\":\"tr\",\"potentialAction\":[{\"@type\":\"ReadAction\",\"target\":[\"https:\\\/\\\/haberverkibris.com\\\/index.php\\\/2026\\\/04\\\/28\\\/camlibel-bolgesinde-elektrik-kesintisi-gerceklesecek\\\/\"]}]},{\"@type\":\"ImageObject\",\"inLanguage\":\"tr\",\"@id\":\"https:\\\/\\\/haberverkibris.com\\\/index.php\\\/2026\\\/04\\\/28\\\/camlibel-bolgesinde-elektrik-kesintisi-gerceklesecek\\\/#primaryimage\",\"url\":\"https:\\\/\\\/haberverkibris.com\\\/wp-content\\\/uploads\\\/2026\\\/04\\\/elektrik-kesintisi-2.jpg\",\"contentUrl\":\"https:\\\/\\\/haberverkibris.com\\\/wp-content\\\/uploads\\\/2026\\\/04\\\/elektrik-kesintisi-2.jpg\",\"width\":620,\"height\":310},{\"@type\":\"BreadcrumbList\",\"@id\":\"https:\\\/\\\/haberverkibris.com\\\/index.php\\\/2026\\\/04\\\/28\\\/camlibel-bolgesinde-elektrik-kesintisi-gerceklesecek\\\/#breadcrumb\",\"itemListElement\":[{\"@type\":\"ListItem\",\"position\":1,\"name\":\"Anasayfa\",\"item\":\"https:\\\/\\\/haberverkibris.com\\\/\"},{\"@type\":\"ListItem\",\"position\":2,\"name\":\"\u00c7aml\u0131bel b\u00f6lgesinde elektrik kesintisi ger\u00e7ekle\u015fecek\"}]},{\"@type\":\"WebSite\",\"@id\":\"https:\\\/\\\/haberverkibris.com\\\/#website\",\"url\":\"https:\\\/\\\/haberverkibris.com\\\/\",\"name\":\"Kuzeyin Sesi\",\"description\":\"Do\u011fru Haberin Adresi\",\"potentialAction\":[{\"@type\":\"SearchAction\",\"target\":{\"@type\":\"EntryPoint\",\"urlTemplate\":\"https:\\\/\\\/haberverkibris.com\\\/?s={search_term_string}\"},\"query-input\":{\"@type\":\"PropertyValueSpecification\",\"valueRequired\":true,\"valueName\":\"search_term_string\"}}],\"inLanguage\":\"tr\"},{\"@type\":\"Person\",\"@id\":\"https:\\\/\\\/haberverkibris.com\\\/#\\\/schema\\\/person\\\/29d65381ed43765483b5a185ded66a56\",\"name\":\"Haberver K\u0131br\u0131s\",\"image\":{\"@type\":\"ImageObject\",\"inLanguage\":\"tr\",\"@id\":\"https:\\\/\\\/secure.gravatar.com\\\/avatar\\\/bab33852abfd8b282518d6ed81826833d77c3c882d9ab608add591ccace47a44?s=96&d=mm&r=g\",\"url\":\"https:\\\/\\\/secure.gravatar.com\\\/avatar\\\/bab33852abfd8b282518d6ed81826833d77c3c882d9ab608add591ccace47a44?s=96&d=mm&r=g\",\"contentUrl\":\"https:\\\/\\\/secure.gravatar.com\\\/avatar\\\/bab33852abfd8b282518d6ed81826833d77c3c882d9ab608add591ccace47a44?s=96&d=mm&r=g\",\"caption\":\"Haberver K\u0131br\u0131s\"},\"sameAs\":[\"https:\\\/\\\/haberverkibris.com\"],\"url\":\"https:\\\/\\\/haberverkibris.com\\\/index.php\\\/author\\\/guven\\\/\"}]}<\/script>\n<!-- \/ Yoast SEO plugin. -->","yoast_head_json":{"title":"\u00c7aml\u0131bel b\u00f6lgesinde elektrik kesintisi ger\u00e7ekle\u015fecek - Haber Ver K\u0131br\u0131s","robots":{"index":"index","follow":"follow","max-snippet":"max-snippet:-1","max-image-preview":"max-image-preview:large","max-video-preview":"max-video-preview:-1"},"canonical":"https:\/\/haberverkibris.com\/index.php\/2026\/04\/28\/camlibel-bolgesinde-elektrik-kesintisi-gerceklesecek\/","og_locale":"tr_TR","og_type":"article","og_title":"\u00c7aml\u0131bel b\u00f6lgesinde elektrik kesintisi ger\u00e7ekle\u015fecek - Haber Ver K\u0131br\u0131s","og_description":"K\u0131br\u0131s T\u00fcrk Elektrik Kurumu (K\u0131b-Tek), \u00c7aml\u0131bel Hastanesi civar\u0131, \u00c7aml\u0131bel k\u00f6y meydan\u0131 ve Karpa\u015fa yolu b\u00f6lgelerine\u00a0per\u015fembe g\u00fcn\u00fc\u00a0\u00fc\u00e7 saat elektrik verilemeyece\u011fini duyurdu. K\u0131b-Tek\u2019ten yap\u0131lan a\u00e7\u0131klamaya g\u00f6re, per\u015fembe g\u00fcn\u00fc al\u00e7ak gerilim hatt\u0131nda yap\u0131lacak trafo takviye \u00e7al\u0131\u015fmas\u0131 nedeniyle 10.00 ile 13.00 saatleri aras\u0131nda \u00c7aml\u0131bel Hastanesi civar\u0131, \u00c7aml\u0131bel k\u00f6y meydan\u0131 ve Karpa\u015fa yolu b\u00f6lgelerinde enerji kesintisi olacak.","og_url":"https:\/\/haberverkibris.com\/index.php\/2026\/04\/28\/camlibel-bolgesinde-elektrik-kesintisi-gerceklesecek\/","og_site_name":"Haber Ver K\u0131br\u0131s","article_publisher":"https:\/\/www.facebook.com\/kuzeyinsesii","article_published_time":"2026-04-28T15:37:30+00:00","article_modified_time":"2026-04-28T15:37:42+00:00","og_image":[{"width":620,"height":310,"url":"https:\/\/haberverkibris.com\/wp-content\/uploads\/2026\/04\/elektrik-kesintisi-2.jpg","type":"image\/jpeg"}],"author":"Haberver K\u0131br\u0131s","twitter_card":"summary_large_image","twitter_creator":"@kuzeyinsesii","twitter_site":"@kuzeyinsesii","twitter_misc":{"Yazan:":"Haberver K\u0131br\u0131s"},"schema":{"@context":"https:\/\/schema.org","@graph":[{"@type":"Article","@id":"https:\/\/haberverkibris.com\/index.php\/2026\/04\/28\/camlibel-bolgesinde-elektrik-kesintisi-gerceklesecek\/#article","isPartOf":{"@id":"https:\/\/haberverkibris.com\/index.php\/2026\/04\/28\/camlibel-bolgesinde-elektrik-kesintisi-gerceklesecek\/"},"author":{"name":"Haberver K\u0131br\u0131s","@id":"https:\/\/haberverkibris.com\/#\/schema\/person\/29d65381ed43765483b5a185ded66a56"},"headline":"\u00c7aml\u0131bel b\u00f6lgesinde elektrik kesintisi ger\u00e7ekle\u015fecek","datePublished":"2026-04-28T15:37:30+00:00","dateModified":"2026-04-28T15:37:42+00:00","mainEntityOfPage":{"@id":"https:\/\/haberverkibris.com\/index.php\/2026\/04\/28\/camlibel-bolgesinde-elektrik-kesintisi-gerceklesecek\/"},"wordCount":89,"commentCount":0,"image":{"@id":"https:\/\/haberverkibris.com\/index.php\/2026\/04\/28\/camlibel-bolgesinde-elektrik-kesintisi-gerceklesecek\/#primaryimage"},"thumbnailUrl":"https:\/\/haberverkibris.com\/wp-content\/uploads\/2026\/04\/elektrik-kesintisi-2.jpg","articleSection":["K\u0131br\u0131s"],"inLanguage":"tr","potentialAction":[{"@type":"CommentAction","name":"Comment","target":["https:\/\/haberverkibris.com\/index.php\/2026\/04\/28\/camlibel-bolgesinde-elektrik-kesintisi-gerceklesecek\/#respond"]}]},{"@type":"WebPage","@id":"https:\/\/haberverkibris.com\/index.php\/2026\/04\/28\/camlibel-bolgesinde-elektrik-kesintisi-gerceklesecek\/","url":"https:\/\/haberverkibris.com\/index.php\/2026\/04\/28\/camlibel-bolgesinde-elektrik-kesintisi-gerceklesecek\/","name":"\u00c7aml\u0131bel b\u00f6lgesinde elektrik kesintisi ger\u00e7ekle\u015fecek - Haber Ver K\u0131br\u0131s","isPartOf":{"@id":"https:\/\/haberverkibris.com\/#website"},"primaryImageOfPage":{"@id":"https:\/\/haberverkibris.com\/index.php\/2026\/04\/28\/camlibel-bolgesinde-elektrik-kesintisi-gerceklesecek\/#primaryimage"},"image":{"@id":"https:\/\/haberverkibris.com\/index.php\/2026\/04\/28\/camlibel-bolgesinde-elektrik-kesintisi-gerceklesecek\/#primaryimage"},"thumbnailUrl":"https:\/\/haberverkibris.com\/wp-content\/uploads\/2026\/04\/elektrik-kesintisi-2.jpg","datePublished":"2026-04-28T15:37:30+00:00","dateModified":"2026-04-28T15:37:42+00:00","author":{"@id":"https:\/\/haberverkibris.com\/#\/schema\/person\/29d65381ed43765483b5a185ded66a56"},"breadcrumb":{"@id":"https:\/\/haberverkibris.com\/index.php\/2026\/04\/28\/camlibel-bolgesinde-elektrik-kesintisi-gerceklesecek\/#breadcrumb"},"inLanguage":"tr","potentialAction":[{"@type":"ReadAction","target":["https:\/\/haberverkibris.com\/index.php\/2026\/04\/28\/camlibel-bolgesinde-elektrik-kesintisi-gerceklesecek\/"]}]},{"@type":"ImageObject","inLanguage":"tr","@id":"https:\/\/haberverkibris.com\/index.php\/2026\/04\/28\/camlibel-bolgesinde-elektrik-kesintisi-gerceklesecek\/#primaryimage","url":"https:\/\/haberverkibris.com\/wp-content\/uploads\/2026\/04\/elektrik-kesintisi-2.jpg","contentUrl":"https:\/\/haberverkibris.com\/wp-content\/uploads\/2026\/04\/elektrik-kesintisi-2.jpg","width":620,"height":310},{"@type":"BreadcrumbList","@id":"https:\/\/haberverkibris.com\/index.php\/2026\/04\/28\/camlibel-bolgesinde-elektrik-kesintisi-gerceklesecek\/#breadcrumb","itemListElement":[{"@type":"ListItem","position":1,"name":"Anasayfa","item":"https:\/\/haberverkibris.com\/"},{"@type":"ListItem","position":2,"name":"\u00c7aml\u0131bel b\u00f6lgesinde elektrik kesintisi ger\u00e7ekle\u015fecek"}]},{"@type":"WebSite","@id":"https:\/\/haberverkibris.com\/#website","url":"https:\/\/haberverkibris.com\/","name":"Kuzeyin Sesi","description":"Do\u011fru Haberin Adresi","potentialAction":[{"@type":"SearchAction","target":{"@type":"EntryPoint","urlTemplate":"https:\/\/haberverkibris.com\/?s={search_term_string}"},"query-input":{"@type":"PropertyValueSpecification","valueRequired":true,"valueName":"search_term_string"}}],"inLanguage":"tr"},{"@type":"Person","@id":"https:\/\/haberverkibris.com\/#\/schema\/person\/29d65381ed43765483b5a185ded66a56","name":"Haberver K\u0131br\u0131s","image":{"@type":"ImageObject","inLanguage":"tr","@id":"https:\/\/secure.gravatar.com\/avatar\/bab33852abfd8b282518d6ed81826833d77c3c882d9ab608add591ccace47a44?s=96&d=mm&r=g","url":"https:\/\/secure.gravatar.com\/avatar\/bab33852abfd8b282518d6ed81826833d77c3c882d9ab608add591ccace47a44?s=96&d=mm&r=g","contentUrl":"https:\/\/secure.gravatar.com\/avatar\/bab33852abfd8b282518d6ed81826833d77c3c882d9ab608add591ccace47a44?s=96&d=mm&r=g","caption":"Haberver K\u0131br\u0131s"},"sameAs":["https:\/\/haberverkibris.com"],"url":"https:\/\/haberverkibris.com\/index.php\/author\/guven\/"}]}},"_links":{"self":[{"href":"https:\/\/haberverkibris.com\/index.php\/wp-json\/wp\/v2\/posts\/34312","targetHints":{"allow":["GET"]}}],"collection":[{"href":"https:\/\/haberverkibris.com\/index.php\/wp-json\/wp\/v2\/posts"}],"about":[{"href":"https:\/\/haberverkibris.com\/index.php\/wp-json\/wp\/v2\/types\/post"}],"author":[{"embeddable":true,"href":"https:\/\/haberverkibris.com\/index.php\/wp-json\/wp\/v2\/users\/1"}],"replies":[{"embeddable":true,"href":"https:\/\/haberverkibris.com\/index.php\/wp-json\/wp\/v2\/comments?post=34312"}],"version-history":[{"count":1,"href":"https:\/\/haberverkibris.com\/index.php\/wp-json\/wp\/v2\/posts\/34312\/revisions"}],"predecessor-version":[{"id":34313,"href":"https:\/\/haberverkibris.com\/index.php\/wp-json\/wp\/v2\/posts\/34312\/revisions\/34313"}],"wp:featuredmedia":[{"embeddable":true,"href":"https:\/\/haberverkibris.com\/index.php\/wp-json\/wp\/v2\/media\/34144"}],"wp:attachment":[{"href":"https:\/\/haberverkibris.com\/index.php\/wp-json\/wp\/v2\/media?parent=34312"}],"wp:term":[{"taxonomy":"category","embeddable":true,"href":"https:\/\/haberverkibris.com\/index.php\/wp-json\/wp\/v2\/categories?post=34312"},{"taxonomy":"post_tag","embeddable":true,"href":"https:\/\/haberverkibris.com\/index.php\/wp-json\/wp\/v2\/tags?post=34312"}],"curies":[{"name":"wp","href":"https:\/\/api.w.org\/{rel}","templated":true}]}}