{"id":34307,"date":"2026-04-28T17:34:16","date_gmt":"2026-04-28T14:34:16","guid":{"rendered":"https:\/\/haberverkibris.com\/index.php\/2026\/04\/28\/trafikte-denetim2-bin-298-surucuye-yasal-islem-yapilirken-219-arac-da-trafikten-men-edildi\/"},"modified":"2026-04-28T17:34:29","modified_gmt":"2026-04-28T14:34:29","slug":"trafikte-denetim2-bin-298-surucuye-yasal-islem-yapilirken-219-arac-da-trafikten-men-edildi","status":"publish","type":"post","link":"https:\/\/haberverkibris.com\/index.php\/2026\/04\/28\/trafikte-denetim2-bin-298-surucuye-yasal-islem-yapilirken-219-arac-da-trafikten-men-edildi\/","title":{"rendered":"Trafikte denetim\u20262 bin 298 s\u00fcr\u00fcc\u00fcye yasal i\u015flem yap\u0131l\u0131rken 219 ara\u00e7 da trafikten men edildi"},"content":{"rendered":"<p style=\"font-weight: 300\"><span style=\"font-weight: 300 !important\">Bir haftada trafikte denetlenen 13 bin 561 ara\u00e7 s\u00fcr\u00fcc\u00fcs\u00fcnden 2 bin 298\u2019i hakk\u0131nda yasal i\u015flem yap\u0131l\u0131rken\u00a0<\/span><span style=\"font-weight: 300 !important\">219 ara\u00e7 trafikten men edildi, 9 s\u00fcr\u00fcc\u00fc de tutukland\u0131.<\/span><\/p>\n<p style=\"font-weight: 300\"><span style=\"font-weight: 300 !important\">Polis Bas\u0131n Subayl\u0131\u011f\u0131 20 Nisan-26 Nisan tarihlerini kapsayan haftal\u0131k trafik raporunu yay\u0131mlad\u0131.<\/span><\/p>\n<p style=\"font-weight: 300\">Buna g\u00f6re, hakk\u0131nda yasal i\u015flem yap\u0131lan\u00a0<span style=\"font-weight: 300 !important\">2 bin 298 s\u00fcr\u00fcc\u00fcden<\/span><span style=\"font-weight: 300 !important\">759\u2019\u00fc s\u00fcratli,\u00a0<\/span><span style=\"font-weight: 300 !important\">196\u2019s\u0131 seyr\u00fcsefer ruhsats\u0131z,\u00a0 82\u2019si muayenesiz, 81\u2019i emniyet kemersiz, 71\u2019i sigortas\u0131z veya kapsam\u0131 d\u0131\u015f\u0131nda, 47\u2019si alkoll\u00fc,\u00a0\u00a0<\/span><span style=\"font-weight: 300 !important\">24\u2019\u00fc &#8220;T&#8221; i\u015fletme izinsiz, 13\u2019\u00fc s\u00fcr\u00fc\u015f ehliyetsiz, 9\u2019u &#8220;B&#8221; i\u015fletme izinsiz<\/span><span style=\"font-weight: 300 !important\">\u00a0<\/span><span style=\"font-weight: 300 !important\">ara\u00e7 kullanmaktan rapor edildi.<\/span><\/p>\n<p style=\"font-weight: 300\"><span style=\"font-weight: 300 !important\">S\u00fcr\u00fcc\u00fclerden 36\u2019s\u0131 ara\u00e7 cam\u0131na g\u00f6r\u00fc\u015f\u00fc engelleyici film yap\u0131\u015ft\u0131rd\u0131\u011f\u0131,\u00a0<\/span><span style=\"font-weight: 300 !important\">19\u2019u tehlikeli s\u00fcr\u00fc\u015f yapt\u0131\u011f\u0131 i\u00e7in rapor edilirken,\u00a0\u00a0<\/span><span style=\"font-weight: 300 !important\">35 s\u00fcr\u00fcc\u00fcn\u00fcn dikkatsiz oldu\u011fu, 9\u2019unun \u0131\u015f\u0131k kurallar\u0131na uymad\u0131\u011f\u0131\u00a0<\/span><span style=\"font-weight: 300 !important\">\u00a0veya yetersiz \u0131\u015f\u0131kla ara\u00e7 kulland\u0131\u011f\u0131,\u00a0<\/span><span style=\"font-weight: 300 !important\">\u00a04\u2019\u00fcn\u00fcn trafik \u0131\u015f\u0131klar\u0131na uymad\u0131\u011f\u0131 ve 670\u2019inin di\u011fer su\u00e7lar\u0131n\u0131 i\u015fledi\u011fi belirlendi.<\/span><\/p>\n<p style=\"font-weight: 300\">S\u00fcr\u00fcc\u00fclerden 5\u2019i mobil ara\u00e7la tespit edilen s\u00fcrat su\u00e7lar\u0131ndan,\u00a0<span style=\"font-weight: 300 !important\">149\u2019u s\u00fcr\u00fc\u015f esnas\u0131nda cep telefonu kullanmaktan ve 94\u2019\u00fc trafik levha ve i\u015faretlerine uymamaktan rapor edildi.<\/span><\/p>\n","protected":false},"excerpt":{"rendered":"<p>Bir haftada trafikte denetlenen 13 bin 561 ara\u00e7 s\u00fcr\u00fcc\u00fcs\u00fcnden 2 bin 298\u2019i hakk\u0131nda yasal i\u015flem yap\u0131l\u0131rken\u00a0219 ara\u00e7 trafikten men edildi, 9 s\u00fcr\u00fcc\u00fc de tutukland\u0131. Polis Bas\u0131n Subayl\u0131\u011f\u0131 20 Nisan-26 Nisan tarihlerini kapsayan haftal\u0131k trafik raporunu yay\u0131mlad\u0131. Buna g\u00f6re, hakk\u0131nda yasal i\u015flem yap\u0131lan\u00a02 bin 298 s\u00fcr\u00fcc\u00fcden759\u2019\u00fc s\u00fcratli,\u00a0196\u2019s\u0131 seyr\u00fcsefer ruhsats\u0131z,\u00a0 82\u2019si muayenesiz, 81\u2019i emniyet kemersiz, 71\u2019i sigortas\u0131z [&hellip;]<\/p>\n","protected":false},"author":1,"featured_media":34308,"comment_status":"open","ping_status":"open","sticky":false,"template":"","format":"standard","meta":{"jnews-multi-image_gallery":[],"jnews_single_post":[],"jnews_primary_category":[],"jnews_social_meta":[],"jnews_override_counter":[],"footnotes":""},"categories":[1],"tags":[],"class_list":["post-34307","post","type-post","status-publish","format-standard","has-post-thumbnail","hentry","category-kibris"],"yoast_head":"<!-- This site is optimized with the Yoast SEO plugin v27.4 - https:\/\/yoast.com\/product\/yoast-seo-wordpress\/ -->\n<title>Trafikte denetim\u20262 bin 298 s\u00fcr\u00fcc\u00fcye yasal i\u015flem yap\u0131l\u0131rken 219 ara\u00e7 da trafikten men edildi - Haber Ver K\u0131br\u0131s<\/title>\n<meta name=\"robots\" content=\"index, follow, max-snippet:-1, max-image-preview:large, max-video-preview:-1\" \/>\n<link rel=\"canonical\" href=\"https:\/\/haberverkibris.com\/index.php\/2026\/04\/28\/trafikte-denetim2-bin-298-surucuye-yasal-islem-yapilirken-219-arac-da-trafikten-men-edildi\/\" \/>\n<meta property=\"og:locale\" content=\"tr_TR\" \/>\n<meta property=\"og:type\" content=\"article\" \/>\n<meta property=\"og:title\" content=\"Trafikte denetim\u20262 bin 298 s\u00fcr\u00fcc\u00fcye yasal i\u015flem yap\u0131l\u0131rken 219 ara\u00e7 da trafikten men edildi - Haber Ver K\u0131br\u0131s\" \/>\n<meta property=\"og:description\" content=\"Bir haftada trafikte denetlenen 13 bin 561 ara\u00e7 s\u00fcr\u00fcc\u00fcs\u00fcnden 2 bin 298\u2019i hakk\u0131nda yasal i\u015flem yap\u0131l\u0131rken\u00a0219 ara\u00e7 trafikten men edildi, 9 s\u00fcr\u00fcc\u00fc de tutukland\u0131. Polis Bas\u0131n Subayl\u0131\u011f\u0131 20 Nisan-26 Nisan tarihlerini kapsayan haftal\u0131k trafik raporunu yay\u0131mlad\u0131. Buna g\u00f6re, hakk\u0131nda yasal i\u015flem yap\u0131lan\u00a02 bin 298 s\u00fcr\u00fcc\u00fcden759\u2019\u00fc s\u00fcratli,\u00a0196\u2019s\u0131 seyr\u00fcsefer ruhsats\u0131z,\u00a0 82\u2019si muayenesiz, 81\u2019i emniyet kemersiz, 71\u2019i sigortas\u0131z [&hellip;]\" \/>\n<meta property=\"og:url\" content=\"https:\/\/haberverkibris.com\/index.php\/2026\/04\/28\/trafikte-denetim2-bin-298-surucuye-yasal-islem-yapilirken-219-arac-da-trafikten-men-edildi\/\" \/>\n<meta property=\"og:site_name\" content=\"Haber Ver K\u0131br\u0131s\" \/>\n<meta property=\"article:publisher\" content=\"https:\/\/www.facebook.com\/kuzeyinsesii\" \/>\n<meta property=\"article:published_time\" content=\"2026-04-28T14:34:16+00:00\" \/>\n<meta property=\"article:modified_time\" content=\"2026-04-28T14:34:29+00:00\" \/>\n<meta property=\"og:image\" content=\"https:\/\/haberverkibris.com\/wp-content\/uploads\/2026\/04\/678500018_971680775599908_4282656749736633635_n.jpg\" \/>\n\t<meta property=\"og:image:width\" content=\"1600\" \/>\n\t<meta property=\"og:image:height\" content=\"1066\" \/>\n\t<meta property=\"og:image:type\" content=\"image\/jpeg\" \/>\n<meta name=\"author\" content=\"Haberver K\u0131br\u0131s\" \/>\n<meta name=\"twitter:card\" content=\"summary_large_image\" \/>\n<meta name=\"twitter:creator\" content=\"@kuzeyinsesii\" \/>\n<meta name=\"twitter:site\" content=\"@kuzeyinsesii\" \/>\n<meta name=\"twitter:label1\" content=\"Yazan:\" \/>\n\t<meta name=\"twitter:data1\" content=\"Haberver K\u0131br\u0131s\" \/>\n\t<meta name=\"twitter:label2\" content=\"Tahmini okuma s\u00fcresi\" \/>\n\t<meta name=\"twitter:data2\" content=\"1 dakika\" \/>\n<script type=\"application\/ld+json\" class=\"yoast-schema-graph\">{\"@context\":\"https:\\\/\\\/schema.org\",\"@graph\":[{\"@type\":\"Article\",\"@id\":\"https:\\\/\\\/haberverkibris.com\\\/index.php\\\/2026\\\/04\\\/28\\\/trafikte-denetim2-bin-298-surucuye-yasal-islem-yapilirken-219-arac-da-trafikten-men-edildi\\\/#article\",\"isPartOf\":{\"@id\":\"https:\\\/\\\/haberverkibris.com\\\/index.php\\\/2026\\\/04\\\/28\\\/trafikte-denetim2-bin-298-surucuye-yasal-islem-yapilirken-219-arac-da-trafikten-men-edildi\\\/\"},\"author\":{\"name\":\"Haberver K\u0131br\u0131s\",\"@id\":\"https:\\\/\\\/haberverkibris.com\\\/#\\\/schema\\\/person\\\/29d65381ed43765483b5a185ded66a56\"},\"headline\":\"Trafikte denetim\u20262 bin 298 s\u00fcr\u00fcc\u00fcye yasal i\u015flem yap\u0131l\u0131rken 219 ara\u00e7 da trafikten men edildi\",\"datePublished\":\"2026-04-28T14:34:16+00:00\",\"dateModified\":\"2026-04-28T14:34:29+00:00\",\"mainEntityOfPage\":{\"@id\":\"https:\\\/\\\/haberverkibris.com\\\/index.php\\\/2026\\\/04\\\/28\\\/trafikte-denetim2-bin-298-surucuye-yasal-islem-yapilirken-219-arac-da-trafikten-men-edildi\\\/\"},\"wordCount\":205,\"commentCount\":0,\"image\":{\"@id\":\"https:\\\/\\\/haberverkibris.com\\\/index.php\\\/2026\\\/04\\\/28\\\/trafikte-denetim2-bin-298-surucuye-yasal-islem-yapilirken-219-arac-da-trafikten-men-edildi\\\/#primaryimage\"},\"thumbnailUrl\":\"https:\\\/\\\/haberverkibris.com\\\/wp-content\\\/uploads\\\/2026\\\/04\\\/678500018_971680775599908_4282656749736633635_n.jpg\",\"articleSection\":[\"K\u0131br\u0131s\"],\"inLanguage\":\"tr\",\"potentialAction\":[{\"@type\":\"CommentAction\",\"name\":\"Comment\",\"target\":[\"https:\\\/\\\/haberverkibris.com\\\/index.php\\\/2026\\\/04\\\/28\\\/trafikte-denetim2-bin-298-surucuye-yasal-islem-yapilirken-219-arac-da-trafikten-men-edildi\\\/#respond\"]}]},{\"@type\":\"WebPage\",\"@id\":\"https:\\\/\\\/haberverkibris.com\\\/index.php\\\/2026\\\/04\\\/28\\\/trafikte-denetim2-bin-298-surucuye-yasal-islem-yapilirken-219-arac-da-trafikten-men-edildi\\\/\",\"url\":\"https:\\\/\\\/haberverkibris.com\\\/index.php\\\/2026\\\/04\\\/28\\\/trafikte-denetim2-bin-298-surucuye-yasal-islem-yapilirken-219-arac-da-trafikten-men-edildi\\\/\",\"name\":\"Trafikte denetim\u20262 bin 298 s\u00fcr\u00fcc\u00fcye yasal i\u015flem yap\u0131l\u0131rken 219 ara\u00e7 da trafikten men edildi - Haber Ver K\u0131br\u0131s\",\"isPartOf\":{\"@id\":\"https:\\\/\\\/haberverkibris.com\\\/#website\"},\"primaryImageOfPage\":{\"@id\":\"https:\\\/\\\/haberverkibris.com\\\/index.php\\\/2026\\\/04\\\/28\\\/trafikte-denetim2-bin-298-surucuye-yasal-islem-yapilirken-219-arac-da-trafikten-men-edildi\\\/#primaryimage\"},\"image\":{\"@id\":\"https:\\\/\\\/haberverkibris.com\\\/index.php\\\/2026\\\/04\\\/28\\\/trafikte-denetim2-bin-298-surucuye-yasal-islem-yapilirken-219-arac-da-trafikten-men-edildi\\\/#primaryimage\"},\"thumbnailUrl\":\"https:\\\/\\\/haberverkibris.com\\\/wp-content\\\/uploads\\\/2026\\\/04\\\/678500018_971680775599908_4282656749736633635_n.jpg\",\"datePublished\":\"2026-04-28T14:34:16+00:00\",\"dateModified\":\"2026-04-28T14:34:29+00:00\",\"author\":{\"@id\":\"https:\\\/\\\/haberverkibris.com\\\/#\\\/schema\\\/person\\\/29d65381ed43765483b5a185ded66a56\"},\"breadcrumb\":{\"@id\":\"https:\\\/\\\/haberverkibris.com\\\/index.php\\\/2026\\\/04\\\/28\\\/trafikte-denetim2-bin-298-surucuye-yasal-islem-yapilirken-219-arac-da-trafikten-men-edildi\\\/#breadcrumb\"},\"inLanguage\":\"tr\",\"potentialAction\":[{\"@type\":\"ReadAction\",\"target\":[\"https:\\\/\\\/haberverkibris.com\\\/index.php\\\/2026\\\/04\\\/28\\\/trafikte-denetim2-bin-298-surucuye-yasal-islem-yapilirken-219-arac-da-trafikten-men-edildi\\\/\"]}]},{\"@type\":\"ImageObject\",\"inLanguage\":\"tr\",\"@id\":\"https:\\\/\\\/haberverkibris.com\\\/index.php\\\/2026\\\/04\\\/28\\\/trafikte-denetim2-bin-298-surucuye-yasal-islem-yapilirken-219-arac-da-trafikten-men-edildi\\\/#primaryimage\",\"url\":\"https:\\\/\\\/haberverkibris.com\\\/wp-content\\\/uploads\\\/2026\\\/04\\\/678500018_971680775599908_4282656749736633635_n.jpg\",\"contentUrl\":\"https:\\\/\\\/haberverkibris.com\\\/wp-content\\\/uploads\\\/2026\\\/04\\\/678500018_971680775599908_4282656749736633635_n.jpg\",\"width\":1600,\"height\":1066},{\"@type\":\"BreadcrumbList\",\"@id\":\"https:\\\/\\\/haberverkibris.com\\\/index.php\\\/2026\\\/04\\\/28\\\/trafikte-denetim2-bin-298-surucuye-yasal-islem-yapilirken-219-arac-da-trafikten-men-edildi\\\/#breadcrumb\",\"itemListElement\":[{\"@type\":\"ListItem\",\"position\":1,\"name\":\"Anasayfa\",\"item\":\"https:\\\/\\\/haberverkibris.com\\\/\"},{\"@type\":\"ListItem\",\"position\":2,\"name\":\"Trafikte denetim\u20262 bin 298 s\u00fcr\u00fcc\u00fcye yasal i\u015flem yap\u0131l\u0131rken 219 ara\u00e7 da trafikten men edildi\"}]},{\"@type\":\"WebSite\",\"@id\":\"https:\\\/\\\/haberverkibris.com\\\/#website\",\"url\":\"https:\\\/\\\/haberverkibris.com\\\/\",\"name\":\"Kuzeyin Sesi\",\"description\":\"Do\u011fru Haberin Adresi\",\"potentialAction\":[{\"@type\":\"SearchAction\",\"target\":{\"@type\":\"EntryPoint\",\"urlTemplate\":\"https:\\\/\\\/haberverkibris.com\\\/?s={search_term_string}\"},\"query-input\":{\"@type\":\"PropertyValueSpecification\",\"valueRequired\":true,\"valueName\":\"search_term_string\"}}],\"inLanguage\":\"tr\"},{\"@type\":\"Person\",\"@id\":\"https:\\\/\\\/haberverkibris.com\\\/#\\\/schema\\\/person\\\/29d65381ed43765483b5a185ded66a56\",\"name\":\"Haberver K\u0131br\u0131s\",\"image\":{\"@type\":\"ImageObject\",\"inLanguage\":\"tr\",\"@id\":\"https:\\\/\\\/secure.gravatar.com\\\/avatar\\\/bab33852abfd8b282518d6ed81826833d77c3c882d9ab608add591ccace47a44?s=96&d=mm&r=g\",\"url\":\"https:\\\/\\\/secure.gravatar.com\\\/avatar\\\/bab33852abfd8b282518d6ed81826833d77c3c882d9ab608add591ccace47a44?s=96&d=mm&r=g\",\"contentUrl\":\"https:\\\/\\\/secure.gravatar.com\\\/avatar\\\/bab33852abfd8b282518d6ed81826833d77c3c882d9ab608add591ccace47a44?s=96&d=mm&r=g\",\"caption\":\"Haberver K\u0131br\u0131s\"},\"sameAs\":[\"https:\\\/\\\/haberverkibris.com\"],\"url\":\"https:\\\/\\\/haberverkibris.com\\\/index.php\\\/author\\\/guven\\\/\"}]}<\/script>\n<!-- \/ Yoast SEO plugin. -->","yoast_head_json":{"title":"Trafikte denetim\u20262 bin 298 s\u00fcr\u00fcc\u00fcye yasal i\u015flem yap\u0131l\u0131rken 219 ara\u00e7 da trafikten men edildi - Haber Ver K\u0131br\u0131s","robots":{"index":"index","follow":"follow","max-snippet":"max-snippet:-1","max-image-preview":"max-image-preview:large","max-video-preview":"max-video-preview:-1"},"canonical":"https:\/\/haberverkibris.com\/index.php\/2026\/04\/28\/trafikte-denetim2-bin-298-surucuye-yasal-islem-yapilirken-219-arac-da-trafikten-men-edildi\/","og_locale":"tr_TR","og_type":"article","og_title":"Trafikte denetim\u20262 bin 298 s\u00fcr\u00fcc\u00fcye yasal i\u015flem yap\u0131l\u0131rken 219 ara\u00e7 da trafikten men edildi - Haber Ver K\u0131br\u0131s","og_description":"Bir haftada trafikte denetlenen 13 bin 561 ara\u00e7 s\u00fcr\u00fcc\u00fcs\u00fcnden 2 bin 298\u2019i hakk\u0131nda yasal i\u015flem yap\u0131l\u0131rken\u00a0219 ara\u00e7 trafikten men edildi, 9 s\u00fcr\u00fcc\u00fc de tutukland\u0131. Polis Bas\u0131n Subayl\u0131\u011f\u0131 20 Nisan-26 Nisan tarihlerini kapsayan haftal\u0131k trafik raporunu yay\u0131mlad\u0131. Buna g\u00f6re, hakk\u0131nda yasal i\u015flem yap\u0131lan\u00a02 bin 298 s\u00fcr\u00fcc\u00fcden759\u2019\u00fc s\u00fcratli,\u00a0196\u2019s\u0131 seyr\u00fcsefer ruhsats\u0131z,\u00a0 82\u2019si muayenesiz, 81\u2019i emniyet kemersiz, 71\u2019i sigortas\u0131z [&hellip;]","og_url":"https:\/\/haberverkibris.com\/index.php\/2026\/04\/28\/trafikte-denetim2-bin-298-surucuye-yasal-islem-yapilirken-219-arac-da-trafikten-men-edildi\/","og_site_name":"Haber Ver K\u0131br\u0131s","article_publisher":"https:\/\/www.facebook.com\/kuzeyinsesii","article_published_time":"2026-04-28T14:34:16+00:00","article_modified_time":"2026-04-28T14:34:29+00:00","og_image":[{"width":1600,"height":1066,"url":"https:\/\/haberverkibris.com\/wp-content\/uploads\/2026\/04\/678500018_971680775599908_4282656749736633635_n.jpg","type":"image\/jpeg"}],"author":"Haberver K\u0131br\u0131s","twitter_card":"summary_large_image","twitter_creator":"@kuzeyinsesii","twitter_site":"@kuzeyinsesii","twitter_misc":{"Yazan:":"Haberver K\u0131br\u0131s","Tahmini okuma s\u00fcresi":"1 dakika"},"schema":{"@context":"https:\/\/schema.org","@graph":[{"@type":"Article","@id":"https:\/\/haberverkibris.com\/index.php\/2026\/04\/28\/trafikte-denetim2-bin-298-surucuye-yasal-islem-yapilirken-219-arac-da-trafikten-men-edildi\/#article","isPartOf":{"@id":"https:\/\/haberverkibris.com\/index.php\/2026\/04\/28\/trafikte-denetim2-bin-298-surucuye-yasal-islem-yapilirken-219-arac-da-trafikten-men-edildi\/"},"author":{"name":"Haberver K\u0131br\u0131s","@id":"https:\/\/haberverkibris.com\/#\/schema\/person\/29d65381ed43765483b5a185ded66a56"},"headline":"Trafikte denetim\u20262 bin 298 s\u00fcr\u00fcc\u00fcye yasal i\u015flem yap\u0131l\u0131rken 219 ara\u00e7 da trafikten men edildi","datePublished":"2026-04-28T14:34:16+00:00","dateModified":"2026-04-28T14:34:29+00:00","mainEntityOfPage":{"@id":"https:\/\/haberverkibris.com\/index.php\/2026\/04\/28\/trafikte-denetim2-bin-298-surucuye-yasal-islem-yapilirken-219-arac-da-trafikten-men-edildi\/"},"wordCount":205,"commentCount":0,"image":{"@id":"https:\/\/haberverkibris.com\/index.php\/2026\/04\/28\/trafikte-denetim2-bin-298-surucuye-yasal-islem-yapilirken-219-arac-da-trafikten-men-edildi\/#primaryimage"},"thumbnailUrl":"https:\/\/haberverkibris.com\/wp-content\/uploads\/2026\/04\/678500018_971680775599908_4282656749736633635_n.jpg","articleSection":["K\u0131br\u0131s"],"inLanguage":"tr","potentialAction":[{"@type":"CommentAction","name":"Comment","target":["https:\/\/haberverkibris.com\/index.php\/2026\/04\/28\/trafikte-denetim2-bin-298-surucuye-yasal-islem-yapilirken-219-arac-da-trafikten-men-edildi\/#respond"]}]},{"@type":"WebPage","@id":"https:\/\/haberverkibris.com\/index.php\/2026\/04\/28\/trafikte-denetim2-bin-298-surucuye-yasal-islem-yapilirken-219-arac-da-trafikten-men-edildi\/","url":"https:\/\/haberverkibris.com\/index.php\/2026\/04\/28\/trafikte-denetim2-bin-298-surucuye-yasal-islem-yapilirken-219-arac-da-trafikten-men-edildi\/","name":"Trafikte denetim\u20262 bin 298 s\u00fcr\u00fcc\u00fcye yasal i\u015flem yap\u0131l\u0131rken 219 ara\u00e7 da trafikten men edildi - Haber Ver K\u0131br\u0131s","isPartOf":{"@id":"https:\/\/haberverkibris.com\/#website"},"primaryImageOfPage":{"@id":"https:\/\/haberverkibris.com\/index.php\/2026\/04\/28\/trafikte-denetim2-bin-298-surucuye-yasal-islem-yapilirken-219-arac-da-trafikten-men-edildi\/#primaryimage"},"image":{"@id":"https:\/\/haberverkibris.com\/index.php\/2026\/04\/28\/trafikte-denetim2-bin-298-surucuye-yasal-islem-yapilirken-219-arac-da-trafikten-men-edildi\/#primaryimage"},"thumbnailUrl":"https:\/\/haberverkibris.com\/wp-content\/uploads\/2026\/04\/678500018_971680775599908_4282656749736633635_n.jpg","datePublished":"2026-04-28T14:34:16+00:00","dateModified":"2026-04-28T14:34:29+00:00","author":{"@id":"https:\/\/haberverkibris.com\/#\/schema\/person\/29d65381ed43765483b5a185ded66a56"},"breadcrumb":{"@id":"https:\/\/haberverkibris.com\/index.php\/2026\/04\/28\/trafikte-denetim2-bin-298-surucuye-yasal-islem-yapilirken-219-arac-da-trafikten-men-edildi\/#breadcrumb"},"inLanguage":"tr","potentialAction":[{"@type":"ReadAction","target":["https:\/\/haberverkibris.com\/index.php\/2026\/04\/28\/trafikte-denetim2-bin-298-surucuye-yasal-islem-yapilirken-219-arac-da-trafikten-men-edildi\/"]}]},{"@type":"ImageObject","inLanguage":"tr","@id":"https:\/\/haberverkibris.com\/index.php\/2026\/04\/28\/trafikte-denetim2-bin-298-surucuye-yasal-islem-yapilirken-219-arac-da-trafikten-men-edildi\/#primaryimage","url":"https:\/\/haberverkibris.com\/wp-content\/uploads\/2026\/04\/678500018_971680775599908_4282656749736633635_n.jpg","contentUrl":"https:\/\/haberverkibris.com\/wp-content\/uploads\/2026\/04\/678500018_971680775599908_4282656749736633635_n.jpg","width":1600,"height":1066},{"@type":"BreadcrumbList","@id":"https:\/\/haberverkibris.com\/index.php\/2026\/04\/28\/trafikte-denetim2-bin-298-surucuye-yasal-islem-yapilirken-219-arac-da-trafikten-men-edildi\/#breadcrumb","itemListElement":[{"@type":"ListItem","position":1,"name":"Anasayfa","item":"https:\/\/haberverkibris.com\/"},{"@type":"ListItem","position":2,"name":"Trafikte denetim\u20262 bin 298 s\u00fcr\u00fcc\u00fcye yasal i\u015flem yap\u0131l\u0131rken 219 ara\u00e7 da trafikten men edildi"}]},{"@type":"WebSite","@id":"https:\/\/haberverkibris.com\/#website","url":"https:\/\/haberverkibris.com\/","name":"Kuzeyin Sesi","description":"Do\u011fru Haberin Adresi","potentialAction":[{"@type":"SearchAction","target":{"@type":"EntryPoint","urlTemplate":"https:\/\/haberverkibris.com\/?s={search_term_string}"},"query-input":{"@type":"PropertyValueSpecification","valueRequired":true,"valueName":"search_term_string"}}],"inLanguage":"tr"},{"@type":"Person","@id":"https:\/\/haberverkibris.com\/#\/schema\/person\/29d65381ed43765483b5a185ded66a56","name":"Haberver K\u0131br\u0131s","image":{"@type":"ImageObject","inLanguage":"tr","@id":"https:\/\/secure.gravatar.com\/avatar\/bab33852abfd8b282518d6ed81826833d77c3c882d9ab608add591ccace47a44?s=96&d=mm&r=g","url":"https:\/\/secure.gravatar.com\/avatar\/bab33852abfd8b282518d6ed81826833d77c3c882d9ab608add591ccace47a44?s=96&d=mm&r=g","contentUrl":"https:\/\/secure.gravatar.com\/avatar\/bab33852abfd8b282518d6ed81826833d77c3c882d9ab608add591ccace47a44?s=96&d=mm&r=g","caption":"Haberver K\u0131br\u0131s"},"sameAs":["https:\/\/haberverkibris.com"],"url":"https:\/\/haberverkibris.com\/index.php\/author\/guven\/"}]}},"_links":{"self":[{"href":"https:\/\/haberverkibris.com\/index.php\/wp-json\/wp\/v2\/posts\/34307","targetHints":{"allow":["GET"]}}],"collection":[{"href":"https:\/\/haberverkibris.com\/index.php\/wp-json\/wp\/v2\/posts"}],"about":[{"href":"https:\/\/haberverkibris.com\/index.php\/wp-json\/wp\/v2\/types\/post"}],"author":[{"embeddable":true,"href":"https:\/\/haberverkibris.com\/index.php\/wp-json\/wp\/v2\/users\/1"}],"replies":[{"embeddable":true,"href":"https:\/\/haberverkibris.com\/index.php\/wp-json\/wp\/v2\/comments?post=34307"}],"version-history":[{"count":1,"href":"https:\/\/haberverkibris.com\/index.php\/wp-json\/wp\/v2\/posts\/34307\/revisions"}],"predecessor-version":[{"id":34309,"href":"https:\/\/haberverkibris.com\/index.php\/wp-json\/wp\/v2\/posts\/34307\/revisions\/34309"}],"wp:featuredmedia":[{"embeddable":true,"href":"https:\/\/haberverkibris.com\/index.php\/wp-json\/wp\/v2\/media\/34308"}],"wp:attachment":[{"href":"https:\/\/haberverkibris.com\/index.php\/wp-json\/wp\/v2\/media?parent=34307"}],"wp:term":[{"taxonomy":"category","embeddable":true,"href":"https:\/\/haberverkibris.com\/index.php\/wp-json\/wp\/v2\/categories?post=34307"},{"taxonomy":"post_tag","embeddable":true,"href":"https:\/\/haberverkibris.com\/index.php\/wp-json\/wp\/v2\/tags?post=34307"}],"curies":[{"name":"wp","href":"https:\/\/api.w.org\/{rel}","templated":true}]}}