{"id":34300,"date":"2026-04-28T17:15:36","date_gmt":"2026-04-28T14:15:36","guid":{"rendered":"https:\/\/haberverkibris.com\/index.php\/2026\/04\/28\/trafikte-haftalik-bilanco-63-kaza-26-yarali-3-milyon-tllik-maddi-hasar-var\/"},"modified":"2026-04-28T17:15:50","modified_gmt":"2026-04-28T14:15:50","slug":"trafikte-haftalik-bilanco-63-kaza-26-yarali-3-milyon-tllik-maddi-hasar-var","status":"publish","type":"post","link":"https:\/\/haberverkibris.com\/index.php\/2026\/04\/28\/trafikte-haftalik-bilanco-63-kaza-26-yarali-3-milyon-tllik-maddi-hasar-var\/","title":{"rendered":"Trafikte haftal\u0131k bilan\u00e7o: 63 kaza, 26 yaral\u0131\u2026 3 milyon TL\u2019lik maddi hasar var"},"content":{"rendered":"<p style=\"font-weight: 300\"><span style=\"font-weight: 300 !important\">\u00dclkede bir haftada meydana gelen 63 kazada 26 ki\u015fi yaraland\u0131.\u00a0<\/span><span style=\"font-weight: 300 !important\">Kazalarda 3 milyon 23 bin TL\u2019lik maddi hasar olu\u015ftu.<\/span><\/p>\n<p style=\"font-weight: 300\">Polis Bas\u0131n Subayl\u0131\u011f\u0131 20 Nisan-26 Nisan tarihlerini kapsayan haftal\u0131k trafik raporunu yay\u0131mlad\u0131.<\/p>\n<p style=\"font-weight: 300\"><span style=\"font-weight: 300 !important\">Buna g\u00f6re, \u00fclkede 17\u2019si yaralanma,\u00a0 46\u2019s\u0131 hasarla sonu\u00e7lanan\u00a0<\/span><span style=\"font-weight: 300 !important\">63 trafik kazas\u0131 meydana geldi.<\/span><span style=\"font-weight: 300 !important\">\u00a017 kazada 26 ki\u015finin yaraland\u0131\u011f\u0131 belirtildi.<\/span><\/p>\n<p style=\"font-weight: 300\"><span style=\"font-weight: 300 !important\"><br \/>\n<\/span><span style=\"font-weight: 300 !important\">Kaza sebepleri aras\u0131nda s\u00fcrat ilk s\u0131rada yer ald\u0131. Kazalar\u0131n 24\u2019\u00fc s\u00fcrat, 16\u2019s\u0131 dikkatsiz s\u00fcr\u00fc\u015f, 13\u2019\u00fc kav\u015fakta durmama , 6\u2019s\u0131 yak\u0131n takip ve 4\u2019\u00fc di\u011fer etkenlerden oldu.<\/span><\/p>\n<p style=\"font-weight: 300\">Kazalar\u0131n 24\u2019\u00fc Lefko\u015fa, 9\u2019u Gazima\u011fusa, 20\u2019si Girne, 6\u2019s\u0131 G\u00fczelyurt ve 4\u2019\u00fc \u0130skele\u2019de meydana geldi.<\/p>\n","protected":false},"excerpt":{"rendered":"<p>\u00dclkede bir haftada meydana gelen 63 kazada 26 ki\u015fi yaraland\u0131.\u00a0Kazalarda 3 milyon 23 bin TL\u2019lik maddi hasar olu\u015ftu. Polis Bas\u0131n Subayl\u0131\u011f\u0131 20 Nisan-26 Nisan tarihlerini kapsayan haftal\u0131k trafik raporunu yay\u0131mlad\u0131. Buna g\u00f6re, \u00fclkede 17\u2019si yaralanma,\u00a0 46\u2019s\u0131 hasarla sonu\u00e7lanan\u00a063 trafik kazas\u0131 meydana geldi.\u00a017 kazada 26 ki\u015finin yaraland\u0131\u011f\u0131 belirtildi. Kaza sebepleri aras\u0131nda s\u00fcrat ilk s\u0131rada yer ald\u0131. [&hellip;]<\/p>\n","protected":false},"author":1,"featured_media":33845,"comment_status":"open","ping_status":"open","sticky":false,"template":"","format":"standard","meta":{"jnews-multi-image_gallery":[],"jnews_single_post":[],"jnews_primary_category":[],"jnews_social_meta":[],"jnews_override_counter":[],"footnotes":""},"categories":[1],"tags":[],"class_list":["post-34300","post","type-post","status-publish","format-standard","has-post-thumbnail","hentry","category-kibris"],"yoast_head":"<!-- This site is optimized with the Yoast SEO plugin v27.4 - https:\/\/yoast.com\/product\/yoast-seo-wordpress\/ -->\n<title>Trafikte haftal\u0131k bilan\u00e7o: 63 kaza, 26 yaral\u0131\u2026 3 milyon TL\u2019lik maddi hasar var - Haber Ver K\u0131br\u0131s<\/title>\n<meta name=\"robots\" content=\"index, follow, max-snippet:-1, max-image-preview:large, max-video-preview:-1\" \/>\n<link rel=\"canonical\" href=\"https:\/\/haberverkibris.com\/index.php\/2026\/04\/28\/trafikte-haftalik-bilanco-63-kaza-26-yarali-3-milyon-tllik-maddi-hasar-var\/\" \/>\n<meta property=\"og:locale\" content=\"tr_TR\" \/>\n<meta property=\"og:type\" content=\"article\" \/>\n<meta property=\"og:title\" content=\"Trafikte haftal\u0131k bilan\u00e7o: 63 kaza, 26 yaral\u0131\u2026 3 milyon TL\u2019lik maddi hasar var - Haber Ver K\u0131br\u0131s\" \/>\n<meta property=\"og:description\" content=\"\u00dclkede bir haftada meydana gelen 63 kazada 26 ki\u015fi yaraland\u0131.\u00a0Kazalarda 3 milyon 23 bin TL\u2019lik maddi hasar olu\u015ftu. Polis Bas\u0131n Subayl\u0131\u011f\u0131 20 Nisan-26 Nisan tarihlerini kapsayan haftal\u0131k trafik raporunu yay\u0131mlad\u0131. Buna g\u00f6re, \u00fclkede 17\u2019si yaralanma,\u00a0 46\u2019s\u0131 hasarla sonu\u00e7lanan\u00a063 trafik kazas\u0131 meydana geldi.\u00a017 kazada 26 ki\u015finin yaraland\u0131\u011f\u0131 belirtildi. Kaza sebepleri aras\u0131nda s\u00fcrat ilk s\u0131rada yer ald\u0131. [&hellip;]\" \/>\n<meta property=\"og:url\" content=\"https:\/\/haberverkibris.com\/index.php\/2026\/04\/28\/trafikte-haftalik-bilanco-63-kaza-26-yarali-3-milyon-tllik-maddi-hasar-var\/\" \/>\n<meta property=\"og:site_name\" content=\"Haber Ver K\u0131br\u0131s\" \/>\n<meta property=\"article:publisher\" content=\"https:\/\/www.facebook.com\/kuzeyinsesii\" \/>\n<meta property=\"article:published_time\" content=\"2026-04-28T14:15:36+00:00\" \/>\n<meta property=\"article:modified_time\" content=\"2026-04-28T14:15:50+00:00\" \/>\n<meta property=\"og:image\" content=\"https:\/\/haberverkibris.com\/wp-content\/uploads\/2026\/04\/1771412191217Trafik-Kazasi.jpg\" \/>\n\t<meta property=\"og:image:width\" content=\"971\" \/>\n\t<meta property=\"og:image:height\" content=\"551\" \/>\n\t<meta property=\"og:image:type\" content=\"image\/jpeg\" \/>\n<meta name=\"author\" content=\"Haberver K\u0131br\u0131s\" \/>\n<meta name=\"twitter:card\" content=\"summary_large_image\" \/>\n<meta name=\"twitter:creator\" content=\"@kuzeyinsesii\" \/>\n<meta name=\"twitter:site\" content=\"@kuzeyinsesii\" \/>\n<meta name=\"twitter:label1\" content=\"Yazan:\" \/>\n\t<meta name=\"twitter:data1\" content=\"Haberver K\u0131br\u0131s\" \/>\n<script type=\"application\/ld+json\" class=\"yoast-schema-graph\">{\"@context\":\"https:\\\/\\\/schema.org\",\"@graph\":[{\"@type\":\"Article\",\"@id\":\"https:\\\/\\\/haberverkibris.com\\\/index.php\\\/2026\\\/04\\\/28\\\/trafikte-haftalik-bilanco-63-kaza-26-yarali-3-milyon-tllik-maddi-hasar-var\\\/#article\",\"isPartOf\":{\"@id\":\"https:\\\/\\\/haberverkibris.com\\\/index.php\\\/2026\\\/04\\\/28\\\/trafikte-haftalik-bilanco-63-kaza-26-yarali-3-milyon-tllik-maddi-hasar-var\\\/\"},\"author\":{\"name\":\"Haberver K\u0131br\u0131s\",\"@id\":\"https:\\\/\\\/haberverkibris.com\\\/#\\\/schema\\\/person\\\/29d65381ed43765483b5a185ded66a56\"},\"headline\":\"Trafikte haftal\u0131k bilan\u00e7o: 63 kaza, 26 yaral\u0131\u2026 3 milyon TL\u2019lik maddi hasar var\",\"datePublished\":\"2026-04-28T14:15:36+00:00\",\"dateModified\":\"2026-04-28T14:15:50+00:00\",\"mainEntityOfPage\":{\"@id\":\"https:\\\/\\\/haberverkibris.com\\\/index.php\\\/2026\\\/04\\\/28\\\/trafikte-haftalik-bilanco-63-kaza-26-yarali-3-milyon-tllik-maddi-hasar-var\\\/\"},\"wordCount\":112,\"commentCount\":0,\"image\":{\"@id\":\"https:\\\/\\\/haberverkibris.com\\\/index.php\\\/2026\\\/04\\\/28\\\/trafikte-haftalik-bilanco-63-kaza-26-yarali-3-milyon-tllik-maddi-hasar-var\\\/#primaryimage\"},\"thumbnailUrl\":\"https:\\\/\\\/haberverkibris.com\\\/wp-content\\\/uploads\\\/2026\\\/04\\\/1771412191217Trafik-Kazasi.jpg\",\"articleSection\":[\"K\u0131br\u0131s\"],\"inLanguage\":\"tr\",\"potentialAction\":[{\"@type\":\"CommentAction\",\"name\":\"Comment\",\"target\":[\"https:\\\/\\\/haberverkibris.com\\\/index.php\\\/2026\\\/04\\\/28\\\/trafikte-haftalik-bilanco-63-kaza-26-yarali-3-milyon-tllik-maddi-hasar-var\\\/#respond\"]}]},{\"@type\":\"WebPage\",\"@id\":\"https:\\\/\\\/haberverkibris.com\\\/index.php\\\/2026\\\/04\\\/28\\\/trafikte-haftalik-bilanco-63-kaza-26-yarali-3-milyon-tllik-maddi-hasar-var\\\/\",\"url\":\"https:\\\/\\\/haberverkibris.com\\\/index.php\\\/2026\\\/04\\\/28\\\/trafikte-haftalik-bilanco-63-kaza-26-yarali-3-milyon-tllik-maddi-hasar-var\\\/\",\"name\":\"Trafikte haftal\u0131k bilan\u00e7o: 63 kaza, 26 yaral\u0131\u2026 3 milyon TL\u2019lik maddi hasar var - Haber Ver K\u0131br\u0131s\",\"isPartOf\":{\"@id\":\"https:\\\/\\\/haberverkibris.com\\\/#website\"},\"primaryImageOfPage\":{\"@id\":\"https:\\\/\\\/haberverkibris.com\\\/index.php\\\/2026\\\/04\\\/28\\\/trafikte-haftalik-bilanco-63-kaza-26-yarali-3-milyon-tllik-maddi-hasar-var\\\/#primaryimage\"},\"image\":{\"@id\":\"https:\\\/\\\/haberverkibris.com\\\/index.php\\\/2026\\\/04\\\/28\\\/trafikte-haftalik-bilanco-63-kaza-26-yarali-3-milyon-tllik-maddi-hasar-var\\\/#primaryimage\"},\"thumbnailUrl\":\"https:\\\/\\\/haberverkibris.com\\\/wp-content\\\/uploads\\\/2026\\\/04\\\/1771412191217Trafik-Kazasi.jpg\",\"datePublished\":\"2026-04-28T14:15:36+00:00\",\"dateModified\":\"2026-04-28T14:15:50+00:00\",\"author\":{\"@id\":\"https:\\\/\\\/haberverkibris.com\\\/#\\\/schema\\\/person\\\/29d65381ed43765483b5a185ded66a56\"},\"breadcrumb\":{\"@id\":\"https:\\\/\\\/haberverkibris.com\\\/index.php\\\/2026\\\/04\\\/28\\\/trafikte-haftalik-bilanco-63-kaza-26-yarali-3-milyon-tllik-maddi-hasar-var\\\/#breadcrumb\"},\"inLanguage\":\"tr\",\"potentialAction\":[{\"@type\":\"ReadAction\",\"target\":[\"https:\\\/\\\/haberverkibris.com\\\/index.php\\\/2026\\\/04\\\/28\\\/trafikte-haftalik-bilanco-63-kaza-26-yarali-3-milyon-tllik-maddi-hasar-var\\\/\"]}]},{\"@type\":\"ImageObject\",\"inLanguage\":\"tr\",\"@id\":\"https:\\\/\\\/haberverkibris.com\\\/index.php\\\/2026\\\/04\\\/28\\\/trafikte-haftalik-bilanco-63-kaza-26-yarali-3-milyon-tllik-maddi-hasar-var\\\/#primaryimage\",\"url\":\"https:\\\/\\\/haberverkibris.com\\\/wp-content\\\/uploads\\\/2026\\\/04\\\/1771412191217Trafik-Kazasi.jpg\",\"contentUrl\":\"https:\\\/\\\/haberverkibris.com\\\/wp-content\\\/uploads\\\/2026\\\/04\\\/1771412191217Trafik-Kazasi.jpg\",\"width\":971,\"height\":551},{\"@type\":\"BreadcrumbList\",\"@id\":\"https:\\\/\\\/haberverkibris.com\\\/index.php\\\/2026\\\/04\\\/28\\\/trafikte-haftalik-bilanco-63-kaza-26-yarali-3-milyon-tllik-maddi-hasar-var\\\/#breadcrumb\",\"itemListElement\":[{\"@type\":\"ListItem\",\"position\":1,\"name\":\"Anasayfa\",\"item\":\"https:\\\/\\\/haberverkibris.com\\\/\"},{\"@type\":\"ListItem\",\"position\":2,\"name\":\"Trafikte haftal\u0131k bilan\u00e7o: 63 kaza, 26 yaral\u0131\u2026 3 milyon TL\u2019lik maddi hasar var\"}]},{\"@type\":\"WebSite\",\"@id\":\"https:\\\/\\\/haberverkibris.com\\\/#website\",\"url\":\"https:\\\/\\\/haberverkibris.com\\\/\",\"name\":\"Kuzeyin Sesi\",\"description\":\"Do\u011fru Haberin Adresi\",\"potentialAction\":[{\"@type\":\"SearchAction\",\"target\":{\"@type\":\"EntryPoint\",\"urlTemplate\":\"https:\\\/\\\/haberverkibris.com\\\/?s={search_term_string}\"},\"query-input\":{\"@type\":\"PropertyValueSpecification\",\"valueRequired\":true,\"valueName\":\"search_term_string\"}}],\"inLanguage\":\"tr\"},{\"@type\":\"Person\",\"@id\":\"https:\\\/\\\/haberverkibris.com\\\/#\\\/schema\\\/person\\\/29d65381ed43765483b5a185ded66a56\",\"name\":\"Haberver K\u0131br\u0131s\",\"image\":{\"@type\":\"ImageObject\",\"inLanguage\":\"tr\",\"@id\":\"https:\\\/\\\/secure.gravatar.com\\\/avatar\\\/bab33852abfd8b282518d6ed81826833d77c3c882d9ab608add591ccace47a44?s=96&d=mm&r=g\",\"url\":\"https:\\\/\\\/secure.gravatar.com\\\/avatar\\\/bab33852abfd8b282518d6ed81826833d77c3c882d9ab608add591ccace47a44?s=96&d=mm&r=g\",\"contentUrl\":\"https:\\\/\\\/secure.gravatar.com\\\/avatar\\\/bab33852abfd8b282518d6ed81826833d77c3c882d9ab608add591ccace47a44?s=96&d=mm&r=g\",\"caption\":\"Haberver K\u0131br\u0131s\"},\"sameAs\":[\"https:\\\/\\\/haberverkibris.com\"],\"url\":\"https:\\\/\\\/haberverkibris.com\\\/index.php\\\/author\\\/guven\\\/\"}]}<\/script>\n<!-- \/ Yoast SEO plugin. -->","yoast_head_json":{"title":"Trafikte haftal\u0131k bilan\u00e7o: 63 kaza, 26 yaral\u0131\u2026 3 milyon TL\u2019lik maddi hasar var - Haber Ver K\u0131br\u0131s","robots":{"index":"index","follow":"follow","max-snippet":"max-snippet:-1","max-image-preview":"max-image-preview:large","max-video-preview":"max-video-preview:-1"},"canonical":"https:\/\/haberverkibris.com\/index.php\/2026\/04\/28\/trafikte-haftalik-bilanco-63-kaza-26-yarali-3-milyon-tllik-maddi-hasar-var\/","og_locale":"tr_TR","og_type":"article","og_title":"Trafikte haftal\u0131k bilan\u00e7o: 63 kaza, 26 yaral\u0131\u2026 3 milyon TL\u2019lik maddi hasar var - Haber Ver K\u0131br\u0131s","og_description":"\u00dclkede bir haftada meydana gelen 63 kazada 26 ki\u015fi yaraland\u0131.\u00a0Kazalarda 3 milyon 23 bin TL\u2019lik maddi hasar olu\u015ftu. Polis Bas\u0131n Subayl\u0131\u011f\u0131 20 Nisan-26 Nisan tarihlerini kapsayan haftal\u0131k trafik raporunu yay\u0131mlad\u0131. Buna g\u00f6re, \u00fclkede 17\u2019si yaralanma,\u00a0 46\u2019s\u0131 hasarla sonu\u00e7lanan\u00a063 trafik kazas\u0131 meydana geldi.\u00a017 kazada 26 ki\u015finin yaraland\u0131\u011f\u0131 belirtildi. Kaza sebepleri aras\u0131nda s\u00fcrat ilk s\u0131rada yer ald\u0131. [&hellip;]","og_url":"https:\/\/haberverkibris.com\/index.php\/2026\/04\/28\/trafikte-haftalik-bilanco-63-kaza-26-yarali-3-milyon-tllik-maddi-hasar-var\/","og_site_name":"Haber Ver K\u0131br\u0131s","article_publisher":"https:\/\/www.facebook.com\/kuzeyinsesii","article_published_time":"2026-04-28T14:15:36+00:00","article_modified_time":"2026-04-28T14:15:50+00:00","og_image":[{"width":971,"height":551,"url":"https:\/\/haberverkibris.com\/wp-content\/uploads\/2026\/04\/1771412191217Trafik-Kazasi.jpg","type":"image\/jpeg"}],"author":"Haberver K\u0131br\u0131s","twitter_card":"summary_large_image","twitter_creator":"@kuzeyinsesii","twitter_site":"@kuzeyinsesii","twitter_misc":{"Yazan:":"Haberver K\u0131br\u0131s"},"schema":{"@context":"https:\/\/schema.org","@graph":[{"@type":"Article","@id":"https:\/\/haberverkibris.com\/index.php\/2026\/04\/28\/trafikte-haftalik-bilanco-63-kaza-26-yarali-3-milyon-tllik-maddi-hasar-var\/#article","isPartOf":{"@id":"https:\/\/haberverkibris.com\/index.php\/2026\/04\/28\/trafikte-haftalik-bilanco-63-kaza-26-yarali-3-milyon-tllik-maddi-hasar-var\/"},"author":{"name":"Haberver K\u0131br\u0131s","@id":"https:\/\/haberverkibris.com\/#\/schema\/person\/29d65381ed43765483b5a185ded66a56"},"headline":"Trafikte haftal\u0131k bilan\u00e7o: 63 kaza, 26 yaral\u0131\u2026 3 milyon TL\u2019lik maddi hasar var","datePublished":"2026-04-28T14:15:36+00:00","dateModified":"2026-04-28T14:15:50+00:00","mainEntityOfPage":{"@id":"https:\/\/haberverkibris.com\/index.php\/2026\/04\/28\/trafikte-haftalik-bilanco-63-kaza-26-yarali-3-milyon-tllik-maddi-hasar-var\/"},"wordCount":112,"commentCount":0,"image":{"@id":"https:\/\/haberverkibris.com\/index.php\/2026\/04\/28\/trafikte-haftalik-bilanco-63-kaza-26-yarali-3-milyon-tllik-maddi-hasar-var\/#primaryimage"},"thumbnailUrl":"https:\/\/haberverkibris.com\/wp-content\/uploads\/2026\/04\/1771412191217Trafik-Kazasi.jpg","articleSection":["K\u0131br\u0131s"],"inLanguage":"tr","potentialAction":[{"@type":"CommentAction","name":"Comment","target":["https:\/\/haberverkibris.com\/index.php\/2026\/04\/28\/trafikte-haftalik-bilanco-63-kaza-26-yarali-3-milyon-tllik-maddi-hasar-var\/#respond"]}]},{"@type":"WebPage","@id":"https:\/\/haberverkibris.com\/index.php\/2026\/04\/28\/trafikte-haftalik-bilanco-63-kaza-26-yarali-3-milyon-tllik-maddi-hasar-var\/","url":"https:\/\/haberverkibris.com\/index.php\/2026\/04\/28\/trafikte-haftalik-bilanco-63-kaza-26-yarali-3-milyon-tllik-maddi-hasar-var\/","name":"Trafikte haftal\u0131k bilan\u00e7o: 63 kaza, 26 yaral\u0131\u2026 3 milyon TL\u2019lik maddi hasar var - Haber Ver K\u0131br\u0131s","isPartOf":{"@id":"https:\/\/haberverkibris.com\/#website"},"primaryImageOfPage":{"@id":"https:\/\/haberverkibris.com\/index.php\/2026\/04\/28\/trafikte-haftalik-bilanco-63-kaza-26-yarali-3-milyon-tllik-maddi-hasar-var\/#primaryimage"},"image":{"@id":"https:\/\/haberverkibris.com\/index.php\/2026\/04\/28\/trafikte-haftalik-bilanco-63-kaza-26-yarali-3-milyon-tllik-maddi-hasar-var\/#primaryimage"},"thumbnailUrl":"https:\/\/haberverkibris.com\/wp-content\/uploads\/2026\/04\/1771412191217Trafik-Kazasi.jpg","datePublished":"2026-04-28T14:15:36+00:00","dateModified":"2026-04-28T14:15:50+00:00","author":{"@id":"https:\/\/haberverkibris.com\/#\/schema\/person\/29d65381ed43765483b5a185ded66a56"},"breadcrumb":{"@id":"https:\/\/haberverkibris.com\/index.php\/2026\/04\/28\/trafikte-haftalik-bilanco-63-kaza-26-yarali-3-milyon-tllik-maddi-hasar-var\/#breadcrumb"},"inLanguage":"tr","potentialAction":[{"@type":"ReadAction","target":["https:\/\/haberverkibris.com\/index.php\/2026\/04\/28\/trafikte-haftalik-bilanco-63-kaza-26-yarali-3-milyon-tllik-maddi-hasar-var\/"]}]},{"@type":"ImageObject","inLanguage":"tr","@id":"https:\/\/haberverkibris.com\/index.php\/2026\/04\/28\/trafikte-haftalik-bilanco-63-kaza-26-yarali-3-milyon-tllik-maddi-hasar-var\/#primaryimage","url":"https:\/\/haberverkibris.com\/wp-content\/uploads\/2026\/04\/1771412191217Trafik-Kazasi.jpg","contentUrl":"https:\/\/haberverkibris.com\/wp-content\/uploads\/2026\/04\/1771412191217Trafik-Kazasi.jpg","width":971,"height":551},{"@type":"BreadcrumbList","@id":"https:\/\/haberverkibris.com\/index.php\/2026\/04\/28\/trafikte-haftalik-bilanco-63-kaza-26-yarali-3-milyon-tllik-maddi-hasar-var\/#breadcrumb","itemListElement":[{"@type":"ListItem","position":1,"name":"Anasayfa","item":"https:\/\/haberverkibris.com\/"},{"@type":"ListItem","position":2,"name":"Trafikte haftal\u0131k bilan\u00e7o: 63 kaza, 26 yaral\u0131\u2026 3 milyon TL\u2019lik maddi hasar var"}]},{"@type":"WebSite","@id":"https:\/\/haberverkibris.com\/#website","url":"https:\/\/haberverkibris.com\/","name":"Kuzeyin Sesi","description":"Do\u011fru Haberin Adresi","potentialAction":[{"@type":"SearchAction","target":{"@type":"EntryPoint","urlTemplate":"https:\/\/haberverkibris.com\/?s={search_term_string}"},"query-input":{"@type":"PropertyValueSpecification","valueRequired":true,"valueName":"search_term_string"}}],"inLanguage":"tr"},{"@type":"Person","@id":"https:\/\/haberverkibris.com\/#\/schema\/person\/29d65381ed43765483b5a185ded66a56","name":"Haberver K\u0131br\u0131s","image":{"@type":"ImageObject","inLanguage":"tr","@id":"https:\/\/secure.gravatar.com\/avatar\/bab33852abfd8b282518d6ed81826833d77c3c882d9ab608add591ccace47a44?s=96&d=mm&r=g","url":"https:\/\/secure.gravatar.com\/avatar\/bab33852abfd8b282518d6ed81826833d77c3c882d9ab608add591ccace47a44?s=96&d=mm&r=g","contentUrl":"https:\/\/secure.gravatar.com\/avatar\/bab33852abfd8b282518d6ed81826833d77c3c882d9ab608add591ccace47a44?s=96&d=mm&r=g","caption":"Haberver K\u0131br\u0131s"},"sameAs":["https:\/\/haberverkibris.com"],"url":"https:\/\/haberverkibris.com\/index.php\/author\/guven\/"}]}},"_links":{"self":[{"href":"https:\/\/haberverkibris.com\/index.php\/wp-json\/wp\/v2\/posts\/34300","targetHints":{"allow":["GET"]}}],"collection":[{"href":"https:\/\/haberverkibris.com\/index.php\/wp-json\/wp\/v2\/posts"}],"about":[{"href":"https:\/\/haberverkibris.com\/index.php\/wp-json\/wp\/v2\/types\/post"}],"author":[{"embeddable":true,"href":"https:\/\/haberverkibris.com\/index.php\/wp-json\/wp\/v2\/users\/1"}],"replies":[{"embeddable":true,"href":"https:\/\/haberverkibris.com\/index.php\/wp-json\/wp\/v2\/comments?post=34300"}],"version-history":[{"count":1,"href":"https:\/\/haberverkibris.com\/index.php\/wp-json\/wp\/v2\/posts\/34300\/revisions"}],"predecessor-version":[{"id":34301,"href":"https:\/\/haberverkibris.com\/index.php\/wp-json\/wp\/v2\/posts\/34300\/revisions\/34301"}],"wp:featuredmedia":[{"embeddable":true,"href":"https:\/\/haberverkibris.com\/index.php\/wp-json\/wp\/v2\/media\/33845"}],"wp:attachment":[{"href":"https:\/\/haberverkibris.com\/index.php\/wp-json\/wp\/v2\/media?parent=34300"}],"wp:term":[{"taxonomy":"category","embeddable":true,"href":"https:\/\/haberverkibris.com\/index.php\/wp-json\/wp\/v2\/categories?post=34300"},{"taxonomy":"post_tag","embeddable":true,"href":"https:\/\/haberverkibris.com\/index.php\/wp-json\/wp\/v2\/tags?post=34300"}],"curies":[{"name":"wp","href":"https:\/\/api.w.org\/{rel}","templated":true}]}}