{"id":34297,"date":"2026-04-28T17:03:31","date_gmt":"2026-04-28T14:03:31","guid":{"rendered":"https:\/\/haberverkibris.com\/index.php\/2026\/04\/28\/girne-anafartalar-lisesindeki-kariyer-gununde-polis-meslegi-tanitildi\/"},"modified":"2026-04-28T17:03:43","modified_gmt":"2026-04-28T14:03:43","slug":"girne-anafartalar-lisesindeki-kariyer-gununde-polis-meslegi-tanitildi","status":"publish","type":"post","link":"https:\/\/haberverkibris.com\/index.php\/2026\/04\/28\/girne-anafartalar-lisesindeki-kariyer-gununde-polis-meslegi-tanitildi\/","title":{"rendered":"G\u0130RNE ANAFARTALAR L\u0130SES\u0130NDEK\u0130 KAR\u0130YER G\u00dcN\u00dcNDE POL\u0130S MESLE\u011e\u0130 TANITILDI \u2026"},"content":{"rendered":"<p>Girne Anafartalar Lisesinde ger\u00e7ekle\u015ftirilen kariyer g\u00fcn\u00fcnde \u00f6\u011frenciler polis ile bulu\u015ftu. Kariyer g\u00fcn\u00fcnde; Girne Polis M\u00fcd\u00fcrl\u00fc\u011f\u00fc\u2019nde g\u00f6revli M\u00fcfetti\u015f Muavini Dilara \u0130RDEM ile Polis \u00c7avu\u015fu Salahi ADLI \u00f6\u011frencilerin sorular\u0131n\u0131 yan\u0131tlad\u0131. Bir\u00e7ok meslek grubunun tan\u0131t\u0131m\u0131n\u0131n yap\u0131ld\u0131\u011f\u0131 kariyer g\u00fcn\u00fcnde, polislik mesle\u011fine ilgi duyan \u00f6\u011frencilere; polisin g\u00f6revleri, polis kadrosuna al\u0131m, e\u011fitim ve \u00e7al\u0131\u015fma ko\u015fullar\u0131 konusunda \u00f6\u011frencilerin sorular\u0131 g\u00f6revli polis mensuplar\u0131 taraf\u0131ndan cevapland\u0131r\u0131ld\u0131.<\/p>\n","protected":false},"excerpt":{"rendered":"<p>Girne Anafartalar Lisesinde ger\u00e7ekle\u015ftirilen kariyer g\u00fcn\u00fcnde \u00f6\u011frenciler polis ile bulu\u015ftu. Kariyer g\u00fcn\u00fcnde; Girne Polis M\u00fcd\u00fcrl\u00fc\u011f\u00fc\u2019nde g\u00f6revli M\u00fcfetti\u015f Muavini Dilara \u0130RDEM ile Polis \u00c7avu\u015fu Salahi ADLI \u00f6\u011frencilerin sorular\u0131n\u0131 yan\u0131tlad\u0131. Bir\u00e7ok meslek grubunun tan\u0131t\u0131m\u0131n\u0131n yap\u0131ld\u0131\u011f\u0131 kariyer g\u00fcn\u00fcnde, polislik mesle\u011fine ilgi duyan \u00f6\u011frencilere; polisin g\u00f6revleri, polis kadrosuna al\u0131m, e\u011fitim ve \u00e7al\u0131\u015fma ko\u015fullar\u0131 konusunda \u00f6\u011frencilerin sorular\u0131 g\u00f6revli polis mensuplar\u0131 [&hellip;]<\/p>\n","protected":false},"author":1,"featured_media":34298,"comment_status":"open","ping_status":"open","sticky":false,"template":"","format":"standard","meta":{"jnews-multi-image_gallery":[],"jnews_single_post":[],"jnews_primary_category":[],"jnews_social_meta":[],"jnews_override_counter":[],"footnotes":""},"categories":[1],"tags":[],"class_list":["post-34297","post","type-post","status-publish","format-standard","has-post-thumbnail","hentry","category-kibris"],"yoast_head":"<!-- This site is optimized with the Yoast SEO plugin v27.4 - https:\/\/yoast.com\/product\/yoast-seo-wordpress\/ -->\n<title>G\u0130RNE ANAFARTALAR L\u0130SES\u0130NDEK\u0130 KAR\u0130YER G\u00dcN\u00dcNDE POL\u0130S MESLE\u011e\u0130 TANITILDI \u2026 - Haber Ver K\u0131br\u0131s<\/title>\n<meta name=\"robots\" content=\"index, follow, max-snippet:-1, max-image-preview:large, max-video-preview:-1\" \/>\n<link rel=\"canonical\" href=\"https:\/\/haberverkibris.com\/index.php\/2026\/04\/28\/girne-anafartalar-lisesindeki-kariyer-gununde-polis-meslegi-tanitildi\/\" \/>\n<meta property=\"og:locale\" content=\"tr_TR\" \/>\n<meta property=\"og:type\" content=\"article\" \/>\n<meta property=\"og:title\" content=\"G\u0130RNE ANAFARTALAR L\u0130SES\u0130NDEK\u0130 KAR\u0130YER G\u00dcN\u00dcNDE POL\u0130S MESLE\u011e\u0130 TANITILDI \u2026 - Haber Ver K\u0131br\u0131s\" \/>\n<meta property=\"og:description\" content=\"Girne Anafartalar Lisesinde ger\u00e7ekle\u015ftirilen kariyer g\u00fcn\u00fcnde \u00f6\u011frenciler polis ile bulu\u015ftu. Kariyer g\u00fcn\u00fcnde; Girne Polis M\u00fcd\u00fcrl\u00fc\u011f\u00fc\u2019nde g\u00f6revli M\u00fcfetti\u015f Muavini Dilara \u0130RDEM ile Polis \u00c7avu\u015fu Salahi ADLI \u00f6\u011frencilerin sorular\u0131n\u0131 yan\u0131tlad\u0131. Bir\u00e7ok meslek grubunun tan\u0131t\u0131m\u0131n\u0131n yap\u0131ld\u0131\u011f\u0131 kariyer g\u00fcn\u00fcnde, polislik mesle\u011fine ilgi duyan \u00f6\u011frencilere; polisin g\u00f6revleri, polis kadrosuna al\u0131m, e\u011fitim ve \u00e7al\u0131\u015fma ko\u015fullar\u0131 konusunda \u00f6\u011frencilerin sorular\u0131 g\u00f6revli polis mensuplar\u0131 [&hellip;]\" \/>\n<meta property=\"og:url\" content=\"https:\/\/haberverkibris.com\/index.php\/2026\/04\/28\/girne-anafartalar-lisesindeki-kariyer-gununde-polis-meslegi-tanitildi\/\" \/>\n<meta property=\"og:site_name\" content=\"Haber Ver K\u0131br\u0131s\" \/>\n<meta property=\"article:publisher\" content=\"https:\/\/www.facebook.com\/kuzeyinsesii\" \/>\n<meta property=\"article:published_time\" content=\"2026-04-28T14:03:31+00:00\" \/>\n<meta property=\"article:modified_time\" content=\"2026-04-28T14:03:43+00:00\" \/>\n<meta property=\"og:image\" content=\"https:\/\/haberverkibris.com\/wp-content\/uploads\/2026\/04\/WhatsApp-Image-2026-04-28-at-16.18.53.jpeg\" \/>\n\t<meta property=\"og:image:width\" content=\"2048\" \/>\n\t<meta property=\"og:image:height\" content=\"1536\" \/>\n\t<meta property=\"og:image:type\" content=\"image\/jpeg\" \/>\n<meta name=\"author\" content=\"Haberver K\u0131br\u0131s\" \/>\n<meta name=\"twitter:card\" content=\"summary_large_image\" \/>\n<meta name=\"twitter:creator\" content=\"@kuzeyinsesii\" \/>\n<meta name=\"twitter:site\" content=\"@kuzeyinsesii\" \/>\n<meta name=\"twitter:label1\" content=\"Yazan:\" \/>\n\t<meta name=\"twitter:data1\" content=\"Haberver K\u0131br\u0131s\" \/>\n<script type=\"application\/ld+json\" class=\"yoast-schema-graph\">{\"@context\":\"https:\\\/\\\/schema.org\",\"@graph\":[{\"@type\":\"Article\",\"@id\":\"https:\\\/\\\/haberverkibris.com\\\/index.php\\\/2026\\\/04\\\/28\\\/girne-anafartalar-lisesindeki-kariyer-gununde-polis-meslegi-tanitildi\\\/#article\",\"isPartOf\":{\"@id\":\"https:\\\/\\\/haberverkibris.com\\\/index.php\\\/2026\\\/04\\\/28\\\/girne-anafartalar-lisesindeki-kariyer-gununde-polis-meslegi-tanitildi\\\/\"},\"author\":{\"name\":\"Haberver K\u0131br\u0131s\",\"@id\":\"https:\\\/\\\/haberverkibris.com\\\/#\\\/schema\\\/person\\\/29d65381ed43765483b5a185ded66a56\"},\"headline\":\"G\u0130RNE ANAFARTALAR L\u0130SES\u0130NDEK\u0130 KAR\u0130YER G\u00dcN\u00dcNDE POL\u0130S MESLE\u011e\u0130 TANITILDI \u2026\",\"datePublished\":\"2026-04-28T14:03:31+00:00\",\"dateModified\":\"2026-04-28T14:03:43+00:00\",\"mainEntityOfPage\":{\"@id\":\"https:\\\/\\\/haberverkibris.com\\\/index.php\\\/2026\\\/04\\\/28\\\/girne-anafartalar-lisesindeki-kariyer-gununde-polis-meslegi-tanitildi\\\/\"},\"wordCount\":105,\"commentCount\":0,\"image\":{\"@id\":\"https:\\\/\\\/haberverkibris.com\\\/index.php\\\/2026\\\/04\\\/28\\\/girne-anafartalar-lisesindeki-kariyer-gununde-polis-meslegi-tanitildi\\\/#primaryimage\"},\"thumbnailUrl\":\"https:\\\/\\\/haberverkibris.com\\\/wp-content\\\/uploads\\\/2026\\\/04\\\/WhatsApp-Image-2026-04-28-at-16.18.53.jpeg\",\"articleSection\":[\"K\u0131br\u0131s\"],\"inLanguage\":\"tr\",\"potentialAction\":[{\"@type\":\"CommentAction\",\"name\":\"Comment\",\"target\":[\"https:\\\/\\\/haberverkibris.com\\\/index.php\\\/2026\\\/04\\\/28\\\/girne-anafartalar-lisesindeki-kariyer-gununde-polis-meslegi-tanitildi\\\/#respond\"]}]},{\"@type\":\"WebPage\",\"@id\":\"https:\\\/\\\/haberverkibris.com\\\/index.php\\\/2026\\\/04\\\/28\\\/girne-anafartalar-lisesindeki-kariyer-gununde-polis-meslegi-tanitildi\\\/\",\"url\":\"https:\\\/\\\/haberverkibris.com\\\/index.php\\\/2026\\\/04\\\/28\\\/girne-anafartalar-lisesindeki-kariyer-gununde-polis-meslegi-tanitildi\\\/\",\"name\":\"G\u0130RNE ANAFARTALAR L\u0130SES\u0130NDEK\u0130 KAR\u0130YER G\u00dcN\u00dcNDE POL\u0130S MESLE\u011e\u0130 TANITILDI \u2026 - Haber Ver K\u0131br\u0131s\",\"isPartOf\":{\"@id\":\"https:\\\/\\\/haberverkibris.com\\\/#website\"},\"primaryImageOfPage\":{\"@id\":\"https:\\\/\\\/haberverkibris.com\\\/index.php\\\/2026\\\/04\\\/28\\\/girne-anafartalar-lisesindeki-kariyer-gununde-polis-meslegi-tanitildi\\\/#primaryimage\"},\"image\":{\"@id\":\"https:\\\/\\\/haberverkibris.com\\\/index.php\\\/2026\\\/04\\\/28\\\/girne-anafartalar-lisesindeki-kariyer-gununde-polis-meslegi-tanitildi\\\/#primaryimage\"},\"thumbnailUrl\":\"https:\\\/\\\/haberverkibris.com\\\/wp-content\\\/uploads\\\/2026\\\/04\\\/WhatsApp-Image-2026-04-28-at-16.18.53.jpeg\",\"datePublished\":\"2026-04-28T14:03:31+00:00\",\"dateModified\":\"2026-04-28T14:03:43+00:00\",\"author\":{\"@id\":\"https:\\\/\\\/haberverkibris.com\\\/#\\\/schema\\\/person\\\/29d65381ed43765483b5a185ded66a56\"},\"breadcrumb\":{\"@id\":\"https:\\\/\\\/haberverkibris.com\\\/index.php\\\/2026\\\/04\\\/28\\\/girne-anafartalar-lisesindeki-kariyer-gununde-polis-meslegi-tanitildi\\\/#breadcrumb\"},\"inLanguage\":\"tr\",\"potentialAction\":[{\"@type\":\"ReadAction\",\"target\":[\"https:\\\/\\\/haberverkibris.com\\\/index.php\\\/2026\\\/04\\\/28\\\/girne-anafartalar-lisesindeki-kariyer-gununde-polis-meslegi-tanitildi\\\/\"]}]},{\"@type\":\"ImageObject\",\"inLanguage\":\"tr\",\"@id\":\"https:\\\/\\\/haberverkibris.com\\\/index.php\\\/2026\\\/04\\\/28\\\/girne-anafartalar-lisesindeki-kariyer-gununde-polis-meslegi-tanitildi\\\/#primaryimage\",\"url\":\"https:\\\/\\\/haberverkibris.com\\\/wp-content\\\/uploads\\\/2026\\\/04\\\/WhatsApp-Image-2026-04-28-at-16.18.53.jpeg\",\"contentUrl\":\"https:\\\/\\\/haberverkibris.com\\\/wp-content\\\/uploads\\\/2026\\\/04\\\/WhatsApp-Image-2026-04-28-at-16.18.53.jpeg\",\"width\":2048,\"height\":1536},{\"@type\":\"BreadcrumbList\",\"@id\":\"https:\\\/\\\/haberverkibris.com\\\/index.php\\\/2026\\\/04\\\/28\\\/girne-anafartalar-lisesindeki-kariyer-gununde-polis-meslegi-tanitildi\\\/#breadcrumb\",\"itemListElement\":[{\"@type\":\"ListItem\",\"position\":1,\"name\":\"Anasayfa\",\"item\":\"https:\\\/\\\/haberverkibris.com\\\/\"},{\"@type\":\"ListItem\",\"position\":2,\"name\":\"G\u0130RNE ANAFARTALAR L\u0130SES\u0130NDEK\u0130 KAR\u0130YER G\u00dcN\u00dcNDE POL\u0130S MESLE\u011e\u0130 TANITILDI \u2026\"}]},{\"@type\":\"WebSite\",\"@id\":\"https:\\\/\\\/haberverkibris.com\\\/#website\",\"url\":\"https:\\\/\\\/haberverkibris.com\\\/\",\"name\":\"Kuzeyin Sesi\",\"description\":\"Do\u011fru Haberin Adresi\",\"potentialAction\":[{\"@type\":\"SearchAction\",\"target\":{\"@type\":\"EntryPoint\",\"urlTemplate\":\"https:\\\/\\\/haberverkibris.com\\\/?s={search_term_string}\"},\"query-input\":{\"@type\":\"PropertyValueSpecification\",\"valueRequired\":true,\"valueName\":\"search_term_string\"}}],\"inLanguage\":\"tr\"},{\"@type\":\"Person\",\"@id\":\"https:\\\/\\\/haberverkibris.com\\\/#\\\/schema\\\/person\\\/29d65381ed43765483b5a185ded66a56\",\"name\":\"Haberver K\u0131br\u0131s\",\"image\":{\"@type\":\"ImageObject\",\"inLanguage\":\"tr\",\"@id\":\"https:\\\/\\\/secure.gravatar.com\\\/avatar\\\/bab33852abfd8b282518d6ed81826833d77c3c882d9ab608add591ccace47a44?s=96&d=mm&r=g\",\"url\":\"https:\\\/\\\/secure.gravatar.com\\\/avatar\\\/bab33852abfd8b282518d6ed81826833d77c3c882d9ab608add591ccace47a44?s=96&d=mm&r=g\",\"contentUrl\":\"https:\\\/\\\/secure.gravatar.com\\\/avatar\\\/bab33852abfd8b282518d6ed81826833d77c3c882d9ab608add591ccace47a44?s=96&d=mm&r=g\",\"caption\":\"Haberver K\u0131br\u0131s\"},\"sameAs\":[\"https:\\\/\\\/haberverkibris.com\"],\"url\":\"https:\\\/\\\/haberverkibris.com\\\/index.php\\\/author\\\/guven\\\/\"}]}<\/script>\n<!-- \/ Yoast SEO plugin. -->","yoast_head_json":{"title":"G\u0130RNE ANAFARTALAR L\u0130SES\u0130NDEK\u0130 KAR\u0130YER G\u00dcN\u00dcNDE POL\u0130S MESLE\u011e\u0130 TANITILDI \u2026 - Haber Ver K\u0131br\u0131s","robots":{"index":"index","follow":"follow","max-snippet":"max-snippet:-1","max-image-preview":"max-image-preview:large","max-video-preview":"max-video-preview:-1"},"canonical":"https:\/\/haberverkibris.com\/index.php\/2026\/04\/28\/girne-anafartalar-lisesindeki-kariyer-gununde-polis-meslegi-tanitildi\/","og_locale":"tr_TR","og_type":"article","og_title":"G\u0130RNE ANAFARTALAR L\u0130SES\u0130NDEK\u0130 KAR\u0130YER G\u00dcN\u00dcNDE POL\u0130S MESLE\u011e\u0130 TANITILDI \u2026 - Haber Ver K\u0131br\u0131s","og_description":"Girne Anafartalar Lisesinde ger\u00e7ekle\u015ftirilen kariyer g\u00fcn\u00fcnde \u00f6\u011frenciler polis ile bulu\u015ftu. Kariyer g\u00fcn\u00fcnde; Girne Polis M\u00fcd\u00fcrl\u00fc\u011f\u00fc\u2019nde g\u00f6revli M\u00fcfetti\u015f Muavini Dilara \u0130RDEM ile Polis \u00c7avu\u015fu Salahi ADLI \u00f6\u011frencilerin sorular\u0131n\u0131 yan\u0131tlad\u0131. Bir\u00e7ok meslek grubunun tan\u0131t\u0131m\u0131n\u0131n yap\u0131ld\u0131\u011f\u0131 kariyer g\u00fcn\u00fcnde, polislik mesle\u011fine ilgi duyan \u00f6\u011frencilere; polisin g\u00f6revleri, polis kadrosuna al\u0131m, e\u011fitim ve \u00e7al\u0131\u015fma ko\u015fullar\u0131 konusunda \u00f6\u011frencilerin sorular\u0131 g\u00f6revli polis mensuplar\u0131 [&hellip;]","og_url":"https:\/\/haberverkibris.com\/index.php\/2026\/04\/28\/girne-anafartalar-lisesindeki-kariyer-gununde-polis-meslegi-tanitildi\/","og_site_name":"Haber Ver K\u0131br\u0131s","article_publisher":"https:\/\/www.facebook.com\/kuzeyinsesii","article_published_time":"2026-04-28T14:03:31+00:00","article_modified_time":"2026-04-28T14:03:43+00:00","og_image":[{"width":2048,"height":1536,"url":"https:\/\/haberverkibris.com\/wp-content\/uploads\/2026\/04\/WhatsApp-Image-2026-04-28-at-16.18.53.jpeg","type":"image\/jpeg"}],"author":"Haberver K\u0131br\u0131s","twitter_card":"summary_large_image","twitter_creator":"@kuzeyinsesii","twitter_site":"@kuzeyinsesii","twitter_misc":{"Yazan:":"Haberver K\u0131br\u0131s"},"schema":{"@context":"https:\/\/schema.org","@graph":[{"@type":"Article","@id":"https:\/\/haberverkibris.com\/index.php\/2026\/04\/28\/girne-anafartalar-lisesindeki-kariyer-gununde-polis-meslegi-tanitildi\/#article","isPartOf":{"@id":"https:\/\/haberverkibris.com\/index.php\/2026\/04\/28\/girne-anafartalar-lisesindeki-kariyer-gununde-polis-meslegi-tanitildi\/"},"author":{"name":"Haberver K\u0131br\u0131s","@id":"https:\/\/haberverkibris.com\/#\/schema\/person\/29d65381ed43765483b5a185ded66a56"},"headline":"G\u0130RNE ANAFARTALAR L\u0130SES\u0130NDEK\u0130 KAR\u0130YER G\u00dcN\u00dcNDE POL\u0130S MESLE\u011e\u0130 TANITILDI \u2026","datePublished":"2026-04-28T14:03:31+00:00","dateModified":"2026-04-28T14:03:43+00:00","mainEntityOfPage":{"@id":"https:\/\/haberverkibris.com\/index.php\/2026\/04\/28\/girne-anafartalar-lisesindeki-kariyer-gununde-polis-meslegi-tanitildi\/"},"wordCount":105,"commentCount":0,"image":{"@id":"https:\/\/haberverkibris.com\/index.php\/2026\/04\/28\/girne-anafartalar-lisesindeki-kariyer-gununde-polis-meslegi-tanitildi\/#primaryimage"},"thumbnailUrl":"https:\/\/haberverkibris.com\/wp-content\/uploads\/2026\/04\/WhatsApp-Image-2026-04-28-at-16.18.53.jpeg","articleSection":["K\u0131br\u0131s"],"inLanguage":"tr","potentialAction":[{"@type":"CommentAction","name":"Comment","target":["https:\/\/haberverkibris.com\/index.php\/2026\/04\/28\/girne-anafartalar-lisesindeki-kariyer-gununde-polis-meslegi-tanitildi\/#respond"]}]},{"@type":"WebPage","@id":"https:\/\/haberverkibris.com\/index.php\/2026\/04\/28\/girne-anafartalar-lisesindeki-kariyer-gununde-polis-meslegi-tanitildi\/","url":"https:\/\/haberverkibris.com\/index.php\/2026\/04\/28\/girne-anafartalar-lisesindeki-kariyer-gununde-polis-meslegi-tanitildi\/","name":"G\u0130RNE ANAFARTALAR L\u0130SES\u0130NDEK\u0130 KAR\u0130YER G\u00dcN\u00dcNDE POL\u0130S MESLE\u011e\u0130 TANITILDI \u2026 - Haber Ver K\u0131br\u0131s","isPartOf":{"@id":"https:\/\/haberverkibris.com\/#website"},"primaryImageOfPage":{"@id":"https:\/\/haberverkibris.com\/index.php\/2026\/04\/28\/girne-anafartalar-lisesindeki-kariyer-gununde-polis-meslegi-tanitildi\/#primaryimage"},"image":{"@id":"https:\/\/haberverkibris.com\/index.php\/2026\/04\/28\/girne-anafartalar-lisesindeki-kariyer-gununde-polis-meslegi-tanitildi\/#primaryimage"},"thumbnailUrl":"https:\/\/haberverkibris.com\/wp-content\/uploads\/2026\/04\/WhatsApp-Image-2026-04-28-at-16.18.53.jpeg","datePublished":"2026-04-28T14:03:31+00:00","dateModified":"2026-04-28T14:03:43+00:00","author":{"@id":"https:\/\/haberverkibris.com\/#\/schema\/person\/29d65381ed43765483b5a185ded66a56"},"breadcrumb":{"@id":"https:\/\/haberverkibris.com\/index.php\/2026\/04\/28\/girne-anafartalar-lisesindeki-kariyer-gununde-polis-meslegi-tanitildi\/#breadcrumb"},"inLanguage":"tr","potentialAction":[{"@type":"ReadAction","target":["https:\/\/haberverkibris.com\/index.php\/2026\/04\/28\/girne-anafartalar-lisesindeki-kariyer-gununde-polis-meslegi-tanitildi\/"]}]},{"@type":"ImageObject","inLanguage":"tr","@id":"https:\/\/haberverkibris.com\/index.php\/2026\/04\/28\/girne-anafartalar-lisesindeki-kariyer-gununde-polis-meslegi-tanitildi\/#primaryimage","url":"https:\/\/haberverkibris.com\/wp-content\/uploads\/2026\/04\/WhatsApp-Image-2026-04-28-at-16.18.53.jpeg","contentUrl":"https:\/\/haberverkibris.com\/wp-content\/uploads\/2026\/04\/WhatsApp-Image-2026-04-28-at-16.18.53.jpeg","width":2048,"height":1536},{"@type":"BreadcrumbList","@id":"https:\/\/haberverkibris.com\/index.php\/2026\/04\/28\/girne-anafartalar-lisesindeki-kariyer-gununde-polis-meslegi-tanitildi\/#breadcrumb","itemListElement":[{"@type":"ListItem","position":1,"name":"Anasayfa","item":"https:\/\/haberverkibris.com\/"},{"@type":"ListItem","position":2,"name":"G\u0130RNE ANAFARTALAR L\u0130SES\u0130NDEK\u0130 KAR\u0130YER G\u00dcN\u00dcNDE POL\u0130S MESLE\u011e\u0130 TANITILDI \u2026"}]},{"@type":"WebSite","@id":"https:\/\/haberverkibris.com\/#website","url":"https:\/\/haberverkibris.com\/","name":"Kuzeyin Sesi","description":"Do\u011fru Haberin Adresi","potentialAction":[{"@type":"SearchAction","target":{"@type":"EntryPoint","urlTemplate":"https:\/\/haberverkibris.com\/?s={search_term_string}"},"query-input":{"@type":"PropertyValueSpecification","valueRequired":true,"valueName":"search_term_string"}}],"inLanguage":"tr"},{"@type":"Person","@id":"https:\/\/haberverkibris.com\/#\/schema\/person\/29d65381ed43765483b5a185ded66a56","name":"Haberver K\u0131br\u0131s","image":{"@type":"ImageObject","inLanguage":"tr","@id":"https:\/\/secure.gravatar.com\/avatar\/bab33852abfd8b282518d6ed81826833d77c3c882d9ab608add591ccace47a44?s=96&d=mm&r=g","url":"https:\/\/secure.gravatar.com\/avatar\/bab33852abfd8b282518d6ed81826833d77c3c882d9ab608add591ccace47a44?s=96&d=mm&r=g","contentUrl":"https:\/\/secure.gravatar.com\/avatar\/bab33852abfd8b282518d6ed81826833d77c3c882d9ab608add591ccace47a44?s=96&d=mm&r=g","caption":"Haberver K\u0131br\u0131s"},"sameAs":["https:\/\/haberverkibris.com"],"url":"https:\/\/haberverkibris.com\/index.php\/author\/guven\/"}]}},"_links":{"self":[{"href":"https:\/\/haberverkibris.com\/index.php\/wp-json\/wp\/v2\/posts\/34297","targetHints":{"allow":["GET"]}}],"collection":[{"href":"https:\/\/haberverkibris.com\/index.php\/wp-json\/wp\/v2\/posts"}],"about":[{"href":"https:\/\/haberverkibris.com\/index.php\/wp-json\/wp\/v2\/types\/post"}],"author":[{"embeddable":true,"href":"https:\/\/haberverkibris.com\/index.php\/wp-json\/wp\/v2\/users\/1"}],"replies":[{"embeddable":true,"href":"https:\/\/haberverkibris.com\/index.php\/wp-json\/wp\/v2\/comments?post=34297"}],"version-history":[{"count":1,"href":"https:\/\/haberverkibris.com\/index.php\/wp-json\/wp\/v2\/posts\/34297\/revisions"}],"predecessor-version":[{"id":34299,"href":"https:\/\/haberverkibris.com\/index.php\/wp-json\/wp\/v2\/posts\/34297\/revisions\/34299"}],"wp:featuredmedia":[{"embeddable":true,"href":"https:\/\/haberverkibris.com\/index.php\/wp-json\/wp\/v2\/media\/34298"}],"wp:attachment":[{"href":"https:\/\/haberverkibris.com\/index.php\/wp-json\/wp\/v2\/media?parent=34297"}],"wp:term":[{"taxonomy":"category","embeddable":true,"href":"https:\/\/haberverkibris.com\/index.php\/wp-json\/wp\/v2\/categories?post=34297"},{"taxonomy":"post_tag","embeddable":true,"href":"https:\/\/haberverkibris.com\/index.php\/wp-json\/wp\/v2\/tags?post=34297"}],"curies":[{"name":"wp","href":"https:\/\/api.w.org\/{rel}","templated":true}]}}