{"id":34293,"date":"2026-04-28T16:05:19","date_gmt":"2026-04-28T13:05:19","guid":{"rendered":"https:\/\/haberverkibris.com\/index.php\/2026\/04\/28\/disisleri-bakani-ertugruloglu-turkgef-baskani-bayduzu-kabul-etti\/"},"modified":"2026-04-28T16:05:30","modified_gmt":"2026-04-28T13:05:30","slug":"disisleri-bakani-ertugruloglu-turkgef-baskani-bayduzu-kabul-etti","status":"publish","type":"post","link":"https:\/\/haberverkibris.com\/index.php\/2026\/04\/28\/disisleri-bakani-ertugruloglu-turkgef-baskani-bayduzu-kabul-etti\/","title":{"rendered":"D\u0131\u015fi\u015fleri Bakan\u0131 Ertu\u011frulo\u011flu, T\u00dcRKGEF Ba\u015fkan\u0131 Bayduz\u2019u kabul etti"},"content":{"rendered":"<p>D\u0131\u015fi\u015fleri Bakan\u0131 Tahsin Ertu\u011frulo\u011flu, T\u00fcrkiye Gen\u00e7lik ve E\u011fitim Federasyonu (T\u00dcRKGEF) Ba\u015fkan\u0131 Ahmet Bayduz ve berberindeki heyeti kabul etti.<\/p>\n<p>D\u0131\u015fi\u015fleri Bakanl\u0131\u011f\u0131\u2019ndan verilen bilgiye g\u00f6re, kabulde, Ahmet Bayduz, T\u00fcrkiye Gen\u00e7lik ve E\u011fitim Federasyonu\u2019nun vizyon ve s\u00fcrd\u00fcrd\u00fc\u011f\u00fc projeler hakk\u0131nda Bakan Ertu\u011frulo\u011flu\u2019na bilgi verdi.<\/p>\n<p>&nbsp;<\/p>\n","protected":false},"excerpt":{"rendered":"<p>D\u0131\u015fi\u015fleri Bakan\u0131 Tahsin Ertu\u011frulo\u011flu, T\u00fcrkiye Gen\u00e7lik ve E\u011fitim Federasyonu (T\u00dcRKGEF) Ba\u015fkan\u0131 Ahmet Bayduz ve berberindeki heyeti kabul etti. D\u0131\u015fi\u015fleri Bakanl\u0131\u011f\u0131\u2019ndan verilen bilgiye g\u00f6re, kabulde, Ahmet Bayduz, T\u00fcrkiye Gen\u00e7lik ve E\u011fitim Federasyonu\u2019nun vizyon ve s\u00fcrd\u00fcrd\u00fc\u011f\u00fc projeler hakk\u0131nda Bakan Ertu\u011frulo\u011flu\u2019na bilgi verdi. &nbsp;<\/p>\n","protected":false},"author":1,"featured_media":34294,"comment_status":"open","ping_status":"open","sticky":false,"template":"","format":"standard","meta":{"jnews-multi-image_gallery":[],"jnews_single_post":[],"jnews_primary_category":[],"jnews_social_meta":[],"jnews_override_counter":[],"footnotes":""},"categories":[1],"tags":[],"class_list":["post-34293","post","type-post","status-publish","format-standard","has-post-thumbnail","hentry","category-kibris"],"yoast_head":"<!-- This site is optimized with the Yoast SEO plugin v27.4 - https:\/\/yoast.com\/product\/yoast-seo-wordpress\/ -->\n<title>D\u0131\u015fi\u015fleri Bakan\u0131 Ertu\u011frulo\u011flu, T\u00dcRKGEF Ba\u015fkan\u0131 Bayduz\u2019u kabul etti - Haber Ver K\u0131br\u0131s<\/title>\n<meta name=\"robots\" content=\"index, follow, max-snippet:-1, max-image-preview:large, max-video-preview:-1\" \/>\n<link rel=\"canonical\" href=\"https:\/\/haberverkibris.com\/index.php\/2026\/04\/28\/disisleri-bakani-ertugruloglu-turkgef-baskani-bayduzu-kabul-etti\/\" \/>\n<meta property=\"og:locale\" content=\"tr_TR\" \/>\n<meta property=\"og:type\" content=\"article\" \/>\n<meta property=\"og:title\" content=\"D\u0131\u015fi\u015fleri Bakan\u0131 Ertu\u011frulo\u011flu, T\u00dcRKGEF Ba\u015fkan\u0131 Bayduz\u2019u kabul etti - Haber Ver K\u0131br\u0131s\" \/>\n<meta property=\"og:description\" content=\"D\u0131\u015fi\u015fleri Bakan\u0131 Tahsin Ertu\u011frulo\u011flu, T\u00fcrkiye Gen\u00e7lik ve E\u011fitim Federasyonu (T\u00dcRKGEF) Ba\u015fkan\u0131 Ahmet Bayduz ve berberindeki heyeti kabul etti. D\u0131\u015fi\u015fleri Bakanl\u0131\u011f\u0131\u2019ndan verilen bilgiye g\u00f6re, kabulde, Ahmet Bayduz, T\u00fcrkiye Gen\u00e7lik ve E\u011fitim Federasyonu\u2019nun vizyon ve s\u00fcrd\u00fcrd\u00fc\u011f\u00fc projeler hakk\u0131nda Bakan Ertu\u011frulo\u011flu\u2019na bilgi verdi. &nbsp;\" \/>\n<meta property=\"og:url\" content=\"https:\/\/haberverkibris.com\/index.php\/2026\/04\/28\/disisleri-bakani-ertugruloglu-turkgef-baskani-bayduzu-kabul-etti\/\" \/>\n<meta property=\"og:site_name\" content=\"Haber Ver K\u0131br\u0131s\" \/>\n<meta property=\"article:publisher\" content=\"https:\/\/www.facebook.com\/kuzeyinsesii\" \/>\n<meta property=\"article:published_time\" content=\"2026-04-28T13:05:19+00:00\" \/>\n<meta property=\"article:modified_time\" content=\"2026-04-28T13:05:30+00:00\" \/>\n<meta property=\"og:image\" content=\"https:\/\/haberverkibris.com\/wp-content\/uploads\/2026\/04\/1777378403436ERTUGRULOGLU-TURKGEF2.jpg\" \/>\n\t<meta property=\"og:image:width\" content=\"2048\" \/>\n\t<meta property=\"og:image:height\" content=\"1368\" \/>\n\t<meta property=\"og:image:type\" content=\"image\/jpeg\" \/>\n<meta name=\"author\" content=\"Haberver K\u0131br\u0131s\" \/>\n<meta name=\"twitter:card\" content=\"summary_large_image\" \/>\n<meta name=\"twitter:creator\" content=\"@kuzeyinsesii\" \/>\n<meta name=\"twitter:site\" content=\"@kuzeyinsesii\" \/>\n<meta name=\"twitter:label1\" content=\"Yazan:\" \/>\n\t<meta name=\"twitter:data1\" content=\"Haberver K\u0131br\u0131s\" \/>\n<script type=\"application\/ld+json\" class=\"yoast-schema-graph\">{\"@context\":\"https:\\\/\\\/schema.org\",\"@graph\":[{\"@type\":\"Article\",\"@id\":\"https:\\\/\\\/haberverkibris.com\\\/index.php\\\/2026\\\/04\\\/28\\\/disisleri-bakani-ertugruloglu-turkgef-baskani-bayduzu-kabul-etti\\\/#article\",\"isPartOf\":{\"@id\":\"https:\\\/\\\/haberverkibris.com\\\/index.php\\\/2026\\\/04\\\/28\\\/disisleri-bakani-ertugruloglu-turkgef-baskani-bayduzu-kabul-etti\\\/\"},\"author\":{\"name\":\"Haberver K\u0131br\u0131s\",\"@id\":\"https:\\\/\\\/haberverkibris.com\\\/#\\\/schema\\\/person\\\/29d65381ed43765483b5a185ded66a56\"},\"headline\":\"D\u0131\u015fi\u015fleri Bakan\u0131 Ertu\u011frulo\u011flu, T\u00dcRKGEF Ba\u015fkan\u0131 Bayduz\u2019u kabul etti\",\"datePublished\":\"2026-04-28T13:05:19+00:00\",\"dateModified\":\"2026-04-28T13:05:30+00:00\",\"mainEntityOfPage\":{\"@id\":\"https:\\\/\\\/haberverkibris.com\\\/index.php\\\/2026\\\/04\\\/28\\\/disisleri-bakani-ertugruloglu-turkgef-baskani-bayduzu-kabul-etti\\\/\"},\"wordCount\":79,\"commentCount\":0,\"image\":{\"@id\":\"https:\\\/\\\/haberverkibris.com\\\/index.php\\\/2026\\\/04\\\/28\\\/disisleri-bakani-ertugruloglu-turkgef-baskani-bayduzu-kabul-etti\\\/#primaryimage\"},\"thumbnailUrl\":\"https:\\\/\\\/haberverkibris.com\\\/wp-content\\\/uploads\\\/2026\\\/04\\\/1777378403436ERTUGRULOGLU-TURKGEF2.jpg\",\"articleSection\":[\"K\u0131br\u0131s\"],\"inLanguage\":\"tr\",\"potentialAction\":[{\"@type\":\"CommentAction\",\"name\":\"Comment\",\"target\":[\"https:\\\/\\\/haberverkibris.com\\\/index.php\\\/2026\\\/04\\\/28\\\/disisleri-bakani-ertugruloglu-turkgef-baskani-bayduzu-kabul-etti\\\/#respond\"]}]},{\"@type\":\"WebPage\",\"@id\":\"https:\\\/\\\/haberverkibris.com\\\/index.php\\\/2026\\\/04\\\/28\\\/disisleri-bakani-ertugruloglu-turkgef-baskani-bayduzu-kabul-etti\\\/\",\"url\":\"https:\\\/\\\/haberverkibris.com\\\/index.php\\\/2026\\\/04\\\/28\\\/disisleri-bakani-ertugruloglu-turkgef-baskani-bayduzu-kabul-etti\\\/\",\"name\":\"D\u0131\u015fi\u015fleri Bakan\u0131 Ertu\u011frulo\u011flu, T\u00dcRKGEF Ba\u015fkan\u0131 Bayduz\u2019u kabul etti - Haber Ver K\u0131br\u0131s\",\"isPartOf\":{\"@id\":\"https:\\\/\\\/haberverkibris.com\\\/#website\"},\"primaryImageOfPage\":{\"@id\":\"https:\\\/\\\/haberverkibris.com\\\/index.php\\\/2026\\\/04\\\/28\\\/disisleri-bakani-ertugruloglu-turkgef-baskani-bayduzu-kabul-etti\\\/#primaryimage\"},\"image\":{\"@id\":\"https:\\\/\\\/haberverkibris.com\\\/index.php\\\/2026\\\/04\\\/28\\\/disisleri-bakani-ertugruloglu-turkgef-baskani-bayduzu-kabul-etti\\\/#primaryimage\"},\"thumbnailUrl\":\"https:\\\/\\\/haberverkibris.com\\\/wp-content\\\/uploads\\\/2026\\\/04\\\/1777378403436ERTUGRULOGLU-TURKGEF2.jpg\",\"datePublished\":\"2026-04-28T13:05:19+00:00\",\"dateModified\":\"2026-04-28T13:05:30+00:00\",\"author\":{\"@id\":\"https:\\\/\\\/haberverkibris.com\\\/#\\\/schema\\\/person\\\/29d65381ed43765483b5a185ded66a56\"},\"breadcrumb\":{\"@id\":\"https:\\\/\\\/haberverkibris.com\\\/index.php\\\/2026\\\/04\\\/28\\\/disisleri-bakani-ertugruloglu-turkgef-baskani-bayduzu-kabul-etti\\\/#breadcrumb\"},\"inLanguage\":\"tr\",\"potentialAction\":[{\"@type\":\"ReadAction\",\"target\":[\"https:\\\/\\\/haberverkibris.com\\\/index.php\\\/2026\\\/04\\\/28\\\/disisleri-bakani-ertugruloglu-turkgef-baskani-bayduzu-kabul-etti\\\/\"]}]},{\"@type\":\"ImageObject\",\"inLanguage\":\"tr\",\"@id\":\"https:\\\/\\\/haberverkibris.com\\\/index.php\\\/2026\\\/04\\\/28\\\/disisleri-bakani-ertugruloglu-turkgef-baskani-bayduzu-kabul-etti\\\/#primaryimage\",\"url\":\"https:\\\/\\\/haberverkibris.com\\\/wp-content\\\/uploads\\\/2026\\\/04\\\/1777378403436ERTUGRULOGLU-TURKGEF2.jpg\",\"contentUrl\":\"https:\\\/\\\/haberverkibris.com\\\/wp-content\\\/uploads\\\/2026\\\/04\\\/1777378403436ERTUGRULOGLU-TURKGEF2.jpg\",\"width\":2048,\"height\":1368},{\"@type\":\"BreadcrumbList\",\"@id\":\"https:\\\/\\\/haberverkibris.com\\\/index.php\\\/2026\\\/04\\\/28\\\/disisleri-bakani-ertugruloglu-turkgef-baskani-bayduzu-kabul-etti\\\/#breadcrumb\",\"itemListElement\":[{\"@type\":\"ListItem\",\"position\":1,\"name\":\"Anasayfa\",\"item\":\"https:\\\/\\\/haberverkibris.com\\\/\"},{\"@type\":\"ListItem\",\"position\":2,\"name\":\"D\u0131\u015fi\u015fleri Bakan\u0131 Ertu\u011frulo\u011flu, T\u00dcRKGEF Ba\u015fkan\u0131 Bayduz\u2019u kabul etti\"}]},{\"@type\":\"WebSite\",\"@id\":\"https:\\\/\\\/haberverkibris.com\\\/#website\",\"url\":\"https:\\\/\\\/haberverkibris.com\\\/\",\"name\":\"Kuzeyin Sesi\",\"description\":\"Do\u011fru Haberin Adresi\",\"potentialAction\":[{\"@type\":\"SearchAction\",\"target\":{\"@type\":\"EntryPoint\",\"urlTemplate\":\"https:\\\/\\\/haberverkibris.com\\\/?s={search_term_string}\"},\"query-input\":{\"@type\":\"PropertyValueSpecification\",\"valueRequired\":true,\"valueName\":\"search_term_string\"}}],\"inLanguage\":\"tr\"},{\"@type\":\"Person\",\"@id\":\"https:\\\/\\\/haberverkibris.com\\\/#\\\/schema\\\/person\\\/29d65381ed43765483b5a185ded66a56\",\"name\":\"Haberver K\u0131br\u0131s\",\"image\":{\"@type\":\"ImageObject\",\"inLanguage\":\"tr\",\"@id\":\"https:\\\/\\\/secure.gravatar.com\\\/avatar\\\/bab33852abfd8b282518d6ed81826833d77c3c882d9ab608add591ccace47a44?s=96&d=mm&r=g\",\"url\":\"https:\\\/\\\/secure.gravatar.com\\\/avatar\\\/bab33852abfd8b282518d6ed81826833d77c3c882d9ab608add591ccace47a44?s=96&d=mm&r=g\",\"contentUrl\":\"https:\\\/\\\/secure.gravatar.com\\\/avatar\\\/bab33852abfd8b282518d6ed81826833d77c3c882d9ab608add591ccace47a44?s=96&d=mm&r=g\",\"caption\":\"Haberver K\u0131br\u0131s\"},\"sameAs\":[\"https:\\\/\\\/haberverkibris.com\"],\"url\":\"https:\\\/\\\/haberverkibris.com\\\/index.php\\\/author\\\/guven\\\/\"}]}<\/script>\n<!-- \/ Yoast SEO plugin. -->","yoast_head_json":{"title":"D\u0131\u015fi\u015fleri Bakan\u0131 Ertu\u011frulo\u011flu, T\u00dcRKGEF Ba\u015fkan\u0131 Bayduz\u2019u kabul etti - Haber Ver K\u0131br\u0131s","robots":{"index":"index","follow":"follow","max-snippet":"max-snippet:-1","max-image-preview":"max-image-preview:large","max-video-preview":"max-video-preview:-1"},"canonical":"https:\/\/haberverkibris.com\/index.php\/2026\/04\/28\/disisleri-bakani-ertugruloglu-turkgef-baskani-bayduzu-kabul-etti\/","og_locale":"tr_TR","og_type":"article","og_title":"D\u0131\u015fi\u015fleri Bakan\u0131 Ertu\u011frulo\u011flu, T\u00dcRKGEF Ba\u015fkan\u0131 Bayduz\u2019u kabul etti - Haber Ver K\u0131br\u0131s","og_description":"D\u0131\u015fi\u015fleri Bakan\u0131 Tahsin Ertu\u011frulo\u011flu, T\u00fcrkiye Gen\u00e7lik ve E\u011fitim Federasyonu (T\u00dcRKGEF) Ba\u015fkan\u0131 Ahmet Bayduz ve berberindeki heyeti kabul etti. D\u0131\u015fi\u015fleri Bakanl\u0131\u011f\u0131\u2019ndan verilen bilgiye g\u00f6re, kabulde, Ahmet Bayduz, T\u00fcrkiye Gen\u00e7lik ve E\u011fitim Federasyonu\u2019nun vizyon ve s\u00fcrd\u00fcrd\u00fc\u011f\u00fc projeler hakk\u0131nda Bakan Ertu\u011frulo\u011flu\u2019na bilgi verdi. &nbsp;","og_url":"https:\/\/haberverkibris.com\/index.php\/2026\/04\/28\/disisleri-bakani-ertugruloglu-turkgef-baskani-bayduzu-kabul-etti\/","og_site_name":"Haber Ver K\u0131br\u0131s","article_publisher":"https:\/\/www.facebook.com\/kuzeyinsesii","article_published_time":"2026-04-28T13:05:19+00:00","article_modified_time":"2026-04-28T13:05:30+00:00","og_image":[{"width":2048,"height":1368,"url":"https:\/\/haberverkibris.com\/wp-content\/uploads\/2026\/04\/1777378403436ERTUGRULOGLU-TURKGEF2.jpg","type":"image\/jpeg"}],"author":"Haberver K\u0131br\u0131s","twitter_card":"summary_large_image","twitter_creator":"@kuzeyinsesii","twitter_site":"@kuzeyinsesii","twitter_misc":{"Yazan:":"Haberver K\u0131br\u0131s"},"schema":{"@context":"https:\/\/schema.org","@graph":[{"@type":"Article","@id":"https:\/\/haberverkibris.com\/index.php\/2026\/04\/28\/disisleri-bakani-ertugruloglu-turkgef-baskani-bayduzu-kabul-etti\/#article","isPartOf":{"@id":"https:\/\/haberverkibris.com\/index.php\/2026\/04\/28\/disisleri-bakani-ertugruloglu-turkgef-baskani-bayduzu-kabul-etti\/"},"author":{"name":"Haberver K\u0131br\u0131s","@id":"https:\/\/haberverkibris.com\/#\/schema\/person\/29d65381ed43765483b5a185ded66a56"},"headline":"D\u0131\u015fi\u015fleri Bakan\u0131 Ertu\u011frulo\u011flu, T\u00dcRKGEF Ba\u015fkan\u0131 Bayduz\u2019u kabul etti","datePublished":"2026-04-28T13:05:19+00:00","dateModified":"2026-04-28T13:05:30+00:00","mainEntityOfPage":{"@id":"https:\/\/haberverkibris.com\/index.php\/2026\/04\/28\/disisleri-bakani-ertugruloglu-turkgef-baskani-bayduzu-kabul-etti\/"},"wordCount":79,"commentCount":0,"image":{"@id":"https:\/\/haberverkibris.com\/index.php\/2026\/04\/28\/disisleri-bakani-ertugruloglu-turkgef-baskani-bayduzu-kabul-etti\/#primaryimage"},"thumbnailUrl":"https:\/\/haberverkibris.com\/wp-content\/uploads\/2026\/04\/1777378403436ERTUGRULOGLU-TURKGEF2.jpg","articleSection":["K\u0131br\u0131s"],"inLanguage":"tr","potentialAction":[{"@type":"CommentAction","name":"Comment","target":["https:\/\/haberverkibris.com\/index.php\/2026\/04\/28\/disisleri-bakani-ertugruloglu-turkgef-baskani-bayduzu-kabul-etti\/#respond"]}]},{"@type":"WebPage","@id":"https:\/\/haberverkibris.com\/index.php\/2026\/04\/28\/disisleri-bakani-ertugruloglu-turkgef-baskani-bayduzu-kabul-etti\/","url":"https:\/\/haberverkibris.com\/index.php\/2026\/04\/28\/disisleri-bakani-ertugruloglu-turkgef-baskani-bayduzu-kabul-etti\/","name":"D\u0131\u015fi\u015fleri Bakan\u0131 Ertu\u011frulo\u011flu, T\u00dcRKGEF Ba\u015fkan\u0131 Bayduz\u2019u kabul etti - Haber Ver K\u0131br\u0131s","isPartOf":{"@id":"https:\/\/haberverkibris.com\/#website"},"primaryImageOfPage":{"@id":"https:\/\/haberverkibris.com\/index.php\/2026\/04\/28\/disisleri-bakani-ertugruloglu-turkgef-baskani-bayduzu-kabul-etti\/#primaryimage"},"image":{"@id":"https:\/\/haberverkibris.com\/index.php\/2026\/04\/28\/disisleri-bakani-ertugruloglu-turkgef-baskani-bayduzu-kabul-etti\/#primaryimage"},"thumbnailUrl":"https:\/\/haberverkibris.com\/wp-content\/uploads\/2026\/04\/1777378403436ERTUGRULOGLU-TURKGEF2.jpg","datePublished":"2026-04-28T13:05:19+00:00","dateModified":"2026-04-28T13:05:30+00:00","author":{"@id":"https:\/\/haberverkibris.com\/#\/schema\/person\/29d65381ed43765483b5a185ded66a56"},"breadcrumb":{"@id":"https:\/\/haberverkibris.com\/index.php\/2026\/04\/28\/disisleri-bakani-ertugruloglu-turkgef-baskani-bayduzu-kabul-etti\/#breadcrumb"},"inLanguage":"tr","potentialAction":[{"@type":"ReadAction","target":["https:\/\/haberverkibris.com\/index.php\/2026\/04\/28\/disisleri-bakani-ertugruloglu-turkgef-baskani-bayduzu-kabul-etti\/"]}]},{"@type":"ImageObject","inLanguage":"tr","@id":"https:\/\/haberverkibris.com\/index.php\/2026\/04\/28\/disisleri-bakani-ertugruloglu-turkgef-baskani-bayduzu-kabul-etti\/#primaryimage","url":"https:\/\/haberverkibris.com\/wp-content\/uploads\/2026\/04\/1777378403436ERTUGRULOGLU-TURKGEF2.jpg","contentUrl":"https:\/\/haberverkibris.com\/wp-content\/uploads\/2026\/04\/1777378403436ERTUGRULOGLU-TURKGEF2.jpg","width":2048,"height":1368},{"@type":"BreadcrumbList","@id":"https:\/\/haberverkibris.com\/index.php\/2026\/04\/28\/disisleri-bakani-ertugruloglu-turkgef-baskani-bayduzu-kabul-etti\/#breadcrumb","itemListElement":[{"@type":"ListItem","position":1,"name":"Anasayfa","item":"https:\/\/haberverkibris.com\/"},{"@type":"ListItem","position":2,"name":"D\u0131\u015fi\u015fleri Bakan\u0131 Ertu\u011frulo\u011flu, T\u00dcRKGEF Ba\u015fkan\u0131 Bayduz\u2019u kabul etti"}]},{"@type":"WebSite","@id":"https:\/\/haberverkibris.com\/#website","url":"https:\/\/haberverkibris.com\/","name":"Kuzeyin Sesi","description":"Do\u011fru Haberin Adresi","potentialAction":[{"@type":"SearchAction","target":{"@type":"EntryPoint","urlTemplate":"https:\/\/haberverkibris.com\/?s={search_term_string}"},"query-input":{"@type":"PropertyValueSpecification","valueRequired":true,"valueName":"search_term_string"}}],"inLanguage":"tr"},{"@type":"Person","@id":"https:\/\/haberverkibris.com\/#\/schema\/person\/29d65381ed43765483b5a185ded66a56","name":"Haberver K\u0131br\u0131s","image":{"@type":"ImageObject","inLanguage":"tr","@id":"https:\/\/secure.gravatar.com\/avatar\/bab33852abfd8b282518d6ed81826833d77c3c882d9ab608add591ccace47a44?s=96&d=mm&r=g","url":"https:\/\/secure.gravatar.com\/avatar\/bab33852abfd8b282518d6ed81826833d77c3c882d9ab608add591ccace47a44?s=96&d=mm&r=g","contentUrl":"https:\/\/secure.gravatar.com\/avatar\/bab33852abfd8b282518d6ed81826833d77c3c882d9ab608add591ccace47a44?s=96&d=mm&r=g","caption":"Haberver K\u0131br\u0131s"},"sameAs":["https:\/\/haberverkibris.com"],"url":"https:\/\/haberverkibris.com\/index.php\/author\/guven\/"}]}},"_links":{"self":[{"href":"https:\/\/haberverkibris.com\/index.php\/wp-json\/wp\/v2\/posts\/34293","targetHints":{"allow":["GET"]}}],"collection":[{"href":"https:\/\/haberverkibris.com\/index.php\/wp-json\/wp\/v2\/posts"}],"about":[{"href":"https:\/\/haberverkibris.com\/index.php\/wp-json\/wp\/v2\/types\/post"}],"author":[{"embeddable":true,"href":"https:\/\/haberverkibris.com\/index.php\/wp-json\/wp\/v2\/users\/1"}],"replies":[{"embeddable":true,"href":"https:\/\/haberverkibris.com\/index.php\/wp-json\/wp\/v2\/comments?post=34293"}],"version-history":[{"count":1,"href":"https:\/\/haberverkibris.com\/index.php\/wp-json\/wp\/v2\/posts\/34293\/revisions"}],"predecessor-version":[{"id":34295,"href":"https:\/\/haberverkibris.com\/index.php\/wp-json\/wp\/v2\/posts\/34293\/revisions\/34295"}],"wp:featuredmedia":[{"embeddable":true,"href":"https:\/\/haberverkibris.com\/index.php\/wp-json\/wp\/v2\/media\/34294"}],"wp:attachment":[{"href":"https:\/\/haberverkibris.com\/index.php\/wp-json\/wp\/v2\/media?parent=34293"}],"wp:term":[{"taxonomy":"category","embeddable":true,"href":"https:\/\/haberverkibris.com\/index.php\/wp-json\/wp\/v2\/categories?post=34293"},{"taxonomy":"post_tag","embeddable":true,"href":"https:\/\/haberverkibris.com\/index.php\/wp-json\/wp\/v2\/tags?post=34293"}],"curies":[{"name":"wp","href":"https:\/\/api.w.org\/{rel}","templated":true}]}}