{"id":34251,"date":"2026-04-28T12:52:30","date_gmt":"2026-04-28T09:52:30","guid":{"rendered":"https:\/\/haberverkibris.com\/index.php\/2026\/04\/28\/ozturkler-fransa-somurgeci-gecmisiyle-kibris-turk-halkini-yok-sayamaz\/"},"modified":"2026-04-28T12:52:45","modified_gmt":"2026-04-28T09:52:45","slug":"ozturkler-fransa-somurgeci-gecmisiyle-kibris-turk-halkini-yok-sayamaz","status":"publish","type":"post","link":"https:\/\/haberverkibris.com\/index.php\/2026\/04\/28\/ozturkler-fransa-somurgeci-gecmisiyle-kibris-turk-halkini-yok-sayamaz\/","title":{"rendered":"\u00d6zt\u00fcrkler: Fransa s\u00f6m\u00fcrgeci ge\u00e7mi\u015fiyle K\u0131br\u0131s T\u00fcrk halk\u0131n\u0131 yok sayamaz"},"content":{"rendered":"<p>Cumhuriyet Meclisi Ba\u015fkan\u0131 Ziya \u00d6zt\u00fcrkler, bir kabul s\u0131ras\u0131nda g\u00fcndemdeki son geli\u015fmeleri de\u011ferlendirerek Fransa\u2019ya ve Fransa Cumhurba\u015fkan\u0131 Emmanuel Macron\u2019a sert mesajlar g\u00f6nderdi.<\/p>\n<p>\u00d6zt\u00fcrkler, G\u00fcney K\u0131br\u0131s lideri Hristodulidis ile ger\u00e7ekle\u015ftirilen tatbikatlar ve imzalanmas\u0131 planlanan anla\u015fmalar\u0131n K\u0131br\u0131s T\u00fcrk halk\u0131n\u0131 asla y\u0131ld\u0131rmayaca\u011f\u0131n\u0131 vurgulad\u0131.<\/p>\n<p>\u00d6zt\u00fcrkler, \u201cMacron bilsin ki bu adada dengeyi Frans\u0131z askerleri de\u011fil, Anavatan T\u00fcrkiye\u2019nin varl\u0131\u011f\u0131 belirler. S\u00f6m\u00fcrgeci ge\u00e7mi\u015finizin g\u00f6lgesinde yeni oyunlar kurmaya kalkmay\u0131n. K\u0131br\u0131s T\u00fcrk halk\u0131n\u0131n yan\u0131nda Anavatan T\u00fcrkiye vard\u0131r ve hi\u00e7bir tatbikat bu ger\u00e7e\u011fi de\u011fi\u015ftiremez\u201d ifadelerini kulland\u0131.<\/p>\n<p>Rum Milli Muhaf\u0131z Ordusu\u2019nun Fransa ile yapt\u0131\u011f\u0131 askeri tatbikat\u0131 dikkatle izlediklerini belirten \u00d6zt\u00fcrkler, bu tatbikat\u0131n Ada\u2019daki bar\u0131\u015f ve istikrar s\u00f6ylemleriyle ba\u011fda\u015fmad\u0131\u011f\u0131n\u0131, aksine b\u00f6lgedeki gerginli\u011fi art\u0131rd\u0131\u011f\u0131n\u0131 s\u00f6yledi.<\/p>\n<p>Macron\u2019un, Rum lider Hristodulidis ile yapt\u0131\u011f\u0131 g\u00f6r\u00fc\u015fmenin ard\u0131ndan SOFA anla\u015fmas\u0131n\u0131n haziran ay\u0131nda imzalanaca\u011f\u0131n\u0131 a\u00e7\u0131klamas\u0131na da de\u011finen \u00d6zt\u00fcrkler, bunun Ada\u2019da yeni bir askeri yap\u0131lanman\u0131n habercisi oldu\u011funu ifade etti. Bu anla\u015fman\u0131n K\u0131br\u0131s T\u00fcrk halk\u0131n\u0131n iradesini yok sayan bir yakla\u015f\u0131m\u0131n \u00fcr\u00fcn\u00fc oldu\u011funu belirterek, bu t\u00fcr giri\u015fimlere kar\u015f\u0131 sessiz kalmayacaklar\u0131n\u0131 dile getirdi.<\/p>\n<p>Rum y\u00f6netiminin Yunanistan yerine \u0130srail\u2019den tank almay\u0131 planlamas\u0131n\u0131 da ayn\u0131 zihniyetin devam\u0131 olarak de\u011ferlendiren \u00d6zt\u00fcrkler, silahlanma yar\u0131\u015f\u0131na giren bir y\u00f6netimin bar\u0131\u015ftan s\u00f6z etmesinin inand\u0131r\u0131c\u0131 olmad\u0131\u011f\u0131n\u0131 s\u00f6yledi.<\/p>\n<p>Bu ad\u0131mlar\u0131n halklar\u0131n g\u00fcvenli\u011fine de\u011fil, siyasi hesaplara hizmet etti\u011fini kaydeden \u00d6zt\u00fcrkler, KKTC\u2019nin tart\u0131\u015fmaya kapal\u0131 bir ger\u00e7ek oldu\u011funu vurgulad\u0131.<\/p>\n<p>\u00d6zt\u00fcrkler, \u201cKKTC T\u00fcrk topra\u011f\u0131d\u0131r. Bu hakikat, halk\u0131m\u0131z\u0131n iradesiyle, tarihimizle ve kimli\u011fimizle g\u00fc\u00e7lenmi\u015f bir ger\u00e7ekliktir. Hi\u00e7bir siyasi manevra bu ger\u00e7e\u011fi g\u00f6lgeleyemez\u201d dedi.<\/p>\n<p>Avrupa Birli\u011fi\u2019nin G\u00fcney\u2019de zirve d\u00fczenlemesine de de\u011finen \u00d6zt\u00fcrkler, Kuzey\u2019i yok saymalar\u0131n\u0131n b\u00fcy\u00fck bir \u00e7eli\u015fki oldu\u011funu ifade etti.<\/p>\n<p>\u201cAda\u2019y\u0131 birle\u015ftirmek\u201d s\u00f6ylemi dile getirilirken KKTC temsilcileriyle g\u00f6r\u00fc\u015f\u00fclmemesinin samimiyetsizli\u011fin en a\u00e7\u0131k g\u00f6stergesi oldu\u011funu belirten \u00d6zt\u00fcrkler, iki devlet politikas\u0131n\u0131n devam etti\u011fini s\u00f6yledi.<\/p>\n","protected":false},"excerpt":{"rendered":"<p>Cumhuriyet Meclisi Ba\u015fkan\u0131 Ziya \u00d6zt\u00fcrkler, bir kabul s\u0131ras\u0131nda g\u00fcndemdeki son geli\u015fmeleri de\u011ferlendirerek Fransa\u2019ya ve Fransa Cumhurba\u015fkan\u0131 Emmanuel Macron\u2019a sert mesajlar g\u00f6nderdi. \u00d6zt\u00fcrkler, G\u00fcney K\u0131br\u0131s lideri Hristodulidis ile ger\u00e7ekle\u015ftirilen tatbikatlar ve imzalanmas\u0131 planlanan anla\u015fmalar\u0131n K\u0131br\u0131s T\u00fcrk halk\u0131n\u0131 asla y\u0131ld\u0131rmayaca\u011f\u0131n\u0131 vurgulad\u0131. \u00d6zt\u00fcrkler, \u201cMacron bilsin ki bu adada dengeyi Frans\u0131z askerleri de\u011fil, Anavatan T\u00fcrkiye\u2019nin varl\u0131\u011f\u0131 belirler. S\u00f6m\u00fcrgeci ge\u00e7mi\u015finizin [&hellip;]<\/p>\n","protected":false},"author":1,"featured_media":34252,"comment_status":"open","ping_status":"open","sticky":false,"template":"","format":"standard","meta":{"jnews-multi-image_gallery":[],"jnews_single_post":[],"jnews_primary_category":[],"jnews_social_meta":[],"jnews_override_counter":[],"footnotes":""},"categories":[1],"tags":[],"class_list":["post-34251","post","type-post","status-publish","format-standard","has-post-thumbnail","hentry","category-kibris"],"yoast_head":"<!-- This site is optimized with the Yoast SEO plugin v27.4 - https:\/\/yoast.com\/product\/yoast-seo-wordpress\/ -->\n<title>\u00d6zt\u00fcrkler: Fransa s\u00f6m\u00fcrgeci ge\u00e7mi\u015fiyle K\u0131br\u0131s T\u00fcrk halk\u0131n\u0131 yok sayamaz - Haber Ver K\u0131br\u0131s<\/title>\n<meta name=\"robots\" content=\"index, follow, max-snippet:-1, max-image-preview:large, max-video-preview:-1\" \/>\n<link rel=\"canonical\" href=\"https:\/\/haberverkibris.com\/index.php\/2026\/04\/28\/ozturkler-fransa-somurgeci-gecmisiyle-kibris-turk-halkini-yok-sayamaz\/\" \/>\n<meta property=\"og:locale\" content=\"tr_TR\" \/>\n<meta property=\"og:type\" content=\"article\" \/>\n<meta property=\"og:title\" content=\"\u00d6zt\u00fcrkler: Fransa s\u00f6m\u00fcrgeci ge\u00e7mi\u015fiyle K\u0131br\u0131s T\u00fcrk halk\u0131n\u0131 yok sayamaz - Haber Ver K\u0131br\u0131s\" \/>\n<meta property=\"og:description\" content=\"Cumhuriyet Meclisi Ba\u015fkan\u0131 Ziya \u00d6zt\u00fcrkler, bir kabul s\u0131ras\u0131nda g\u00fcndemdeki son geli\u015fmeleri de\u011ferlendirerek Fransa\u2019ya ve Fransa Cumhurba\u015fkan\u0131 Emmanuel Macron\u2019a sert mesajlar g\u00f6nderdi. \u00d6zt\u00fcrkler, G\u00fcney K\u0131br\u0131s lideri Hristodulidis ile ger\u00e7ekle\u015ftirilen tatbikatlar ve imzalanmas\u0131 planlanan anla\u015fmalar\u0131n K\u0131br\u0131s T\u00fcrk halk\u0131n\u0131 asla y\u0131ld\u0131rmayaca\u011f\u0131n\u0131 vurgulad\u0131. \u00d6zt\u00fcrkler, \u201cMacron bilsin ki bu adada dengeyi Frans\u0131z askerleri de\u011fil, Anavatan T\u00fcrkiye\u2019nin varl\u0131\u011f\u0131 belirler. S\u00f6m\u00fcrgeci ge\u00e7mi\u015finizin [&hellip;]\" \/>\n<meta property=\"og:url\" content=\"https:\/\/haberverkibris.com\/index.php\/2026\/04\/28\/ozturkler-fransa-somurgeci-gecmisiyle-kibris-turk-halkini-yok-sayamaz\/\" \/>\n<meta property=\"og:site_name\" content=\"Haber Ver K\u0131br\u0131s\" \/>\n<meta property=\"article:publisher\" content=\"https:\/\/www.facebook.com\/kuzeyinsesii\" \/>\n<meta property=\"article:published_time\" content=\"2026-04-28T09:52:30+00:00\" \/>\n<meta property=\"article:modified_time\" content=\"2026-04-28T09:52:45+00:00\" \/>\n<meta property=\"og:image\" content=\"https:\/\/haberverkibris.com\/wp-content\/uploads\/2026\/04\/1746524273363OZTURKLER.jpg\" \/>\n\t<meta property=\"og:image:width\" content=\"2560\" \/>\n\t<meta property=\"og:image:height\" content=\"1706\" \/>\n\t<meta property=\"og:image:type\" content=\"image\/jpeg\" \/>\n<meta name=\"author\" content=\"Haberver K\u0131br\u0131s\" \/>\n<meta name=\"twitter:card\" content=\"summary_large_image\" \/>\n<meta name=\"twitter:creator\" content=\"@kuzeyinsesii\" \/>\n<meta name=\"twitter:site\" content=\"@kuzeyinsesii\" \/>\n<meta name=\"twitter:label1\" content=\"Yazan:\" \/>\n\t<meta name=\"twitter:data1\" content=\"Haberver K\u0131br\u0131s\" \/>\n\t<meta name=\"twitter:label2\" content=\"Tahmini okuma s\u00fcresi\" \/>\n\t<meta name=\"twitter:data2\" content=\"2 dakika\" \/>\n<script type=\"application\/ld+json\" class=\"yoast-schema-graph\">{\"@context\":\"https:\\\/\\\/schema.org\",\"@graph\":[{\"@type\":\"Article\",\"@id\":\"https:\\\/\\\/haberverkibris.com\\\/index.php\\\/2026\\\/04\\\/28\\\/ozturkler-fransa-somurgeci-gecmisiyle-kibris-turk-halkini-yok-sayamaz\\\/#article\",\"isPartOf\":{\"@id\":\"https:\\\/\\\/haberverkibris.com\\\/index.php\\\/2026\\\/04\\\/28\\\/ozturkler-fransa-somurgeci-gecmisiyle-kibris-turk-halkini-yok-sayamaz\\\/\"},\"author\":{\"name\":\"Haberver K\u0131br\u0131s\",\"@id\":\"https:\\\/\\\/haberverkibris.com\\\/#\\\/schema\\\/person\\\/29d65381ed43765483b5a185ded66a56\"},\"headline\":\"\u00d6zt\u00fcrkler: Fransa s\u00f6m\u00fcrgeci ge\u00e7mi\u015fiyle K\u0131br\u0131s T\u00fcrk halk\u0131n\u0131 yok sayamaz\",\"datePublished\":\"2026-04-28T09:52:30+00:00\",\"dateModified\":\"2026-04-28T09:52:45+00:00\",\"mainEntityOfPage\":{\"@id\":\"https:\\\/\\\/haberverkibris.com\\\/index.php\\\/2026\\\/04\\\/28\\\/ozturkler-fransa-somurgeci-gecmisiyle-kibris-turk-halkini-yok-sayamaz\\\/\"},\"wordCount\":432,\"commentCount\":0,\"image\":{\"@id\":\"https:\\\/\\\/haberverkibris.com\\\/index.php\\\/2026\\\/04\\\/28\\\/ozturkler-fransa-somurgeci-gecmisiyle-kibris-turk-halkini-yok-sayamaz\\\/#primaryimage\"},\"thumbnailUrl\":\"https:\\\/\\\/haberverkibris.com\\\/wp-content\\\/uploads\\\/2026\\\/04\\\/1746524273363OZTURKLER.jpg\",\"articleSection\":[\"K\u0131br\u0131s\"],\"inLanguage\":\"tr\",\"potentialAction\":[{\"@type\":\"CommentAction\",\"name\":\"Comment\",\"target\":[\"https:\\\/\\\/haberverkibris.com\\\/index.php\\\/2026\\\/04\\\/28\\\/ozturkler-fransa-somurgeci-gecmisiyle-kibris-turk-halkini-yok-sayamaz\\\/#respond\"]}]},{\"@type\":\"WebPage\",\"@id\":\"https:\\\/\\\/haberverkibris.com\\\/index.php\\\/2026\\\/04\\\/28\\\/ozturkler-fransa-somurgeci-gecmisiyle-kibris-turk-halkini-yok-sayamaz\\\/\",\"url\":\"https:\\\/\\\/haberverkibris.com\\\/index.php\\\/2026\\\/04\\\/28\\\/ozturkler-fransa-somurgeci-gecmisiyle-kibris-turk-halkini-yok-sayamaz\\\/\",\"name\":\"\u00d6zt\u00fcrkler: Fransa s\u00f6m\u00fcrgeci ge\u00e7mi\u015fiyle K\u0131br\u0131s T\u00fcrk halk\u0131n\u0131 yok sayamaz - Haber Ver K\u0131br\u0131s\",\"isPartOf\":{\"@id\":\"https:\\\/\\\/haberverkibris.com\\\/#website\"},\"primaryImageOfPage\":{\"@id\":\"https:\\\/\\\/haberverkibris.com\\\/index.php\\\/2026\\\/04\\\/28\\\/ozturkler-fransa-somurgeci-gecmisiyle-kibris-turk-halkini-yok-sayamaz\\\/#primaryimage\"},\"image\":{\"@id\":\"https:\\\/\\\/haberverkibris.com\\\/index.php\\\/2026\\\/04\\\/28\\\/ozturkler-fransa-somurgeci-gecmisiyle-kibris-turk-halkini-yok-sayamaz\\\/#primaryimage\"},\"thumbnailUrl\":\"https:\\\/\\\/haberverkibris.com\\\/wp-content\\\/uploads\\\/2026\\\/04\\\/1746524273363OZTURKLER.jpg\",\"datePublished\":\"2026-04-28T09:52:30+00:00\",\"dateModified\":\"2026-04-28T09:52:45+00:00\",\"author\":{\"@id\":\"https:\\\/\\\/haberverkibris.com\\\/#\\\/schema\\\/person\\\/29d65381ed43765483b5a185ded66a56\"},\"breadcrumb\":{\"@id\":\"https:\\\/\\\/haberverkibris.com\\\/index.php\\\/2026\\\/04\\\/28\\\/ozturkler-fransa-somurgeci-gecmisiyle-kibris-turk-halkini-yok-sayamaz\\\/#breadcrumb\"},\"inLanguage\":\"tr\",\"potentialAction\":[{\"@type\":\"ReadAction\",\"target\":[\"https:\\\/\\\/haberverkibris.com\\\/index.php\\\/2026\\\/04\\\/28\\\/ozturkler-fransa-somurgeci-gecmisiyle-kibris-turk-halkini-yok-sayamaz\\\/\"]}]},{\"@type\":\"ImageObject\",\"inLanguage\":\"tr\",\"@id\":\"https:\\\/\\\/haberverkibris.com\\\/index.php\\\/2026\\\/04\\\/28\\\/ozturkler-fransa-somurgeci-gecmisiyle-kibris-turk-halkini-yok-sayamaz\\\/#primaryimage\",\"url\":\"https:\\\/\\\/haberverkibris.com\\\/wp-content\\\/uploads\\\/2026\\\/04\\\/1746524273363OZTURKLER.jpg\",\"contentUrl\":\"https:\\\/\\\/haberverkibris.com\\\/wp-content\\\/uploads\\\/2026\\\/04\\\/1746524273363OZTURKLER.jpg\",\"width\":2560,\"height\":1706},{\"@type\":\"BreadcrumbList\",\"@id\":\"https:\\\/\\\/haberverkibris.com\\\/index.php\\\/2026\\\/04\\\/28\\\/ozturkler-fransa-somurgeci-gecmisiyle-kibris-turk-halkini-yok-sayamaz\\\/#breadcrumb\",\"itemListElement\":[{\"@type\":\"ListItem\",\"position\":1,\"name\":\"Anasayfa\",\"item\":\"https:\\\/\\\/haberverkibris.com\\\/\"},{\"@type\":\"ListItem\",\"position\":2,\"name\":\"\u00d6zt\u00fcrkler: Fransa s\u00f6m\u00fcrgeci ge\u00e7mi\u015fiyle K\u0131br\u0131s T\u00fcrk halk\u0131n\u0131 yok sayamaz\"}]},{\"@type\":\"WebSite\",\"@id\":\"https:\\\/\\\/haberverkibris.com\\\/#website\",\"url\":\"https:\\\/\\\/haberverkibris.com\\\/\",\"name\":\"Kuzeyin Sesi\",\"description\":\"Do\u011fru Haberin Adresi\",\"potentialAction\":[{\"@type\":\"SearchAction\",\"target\":{\"@type\":\"EntryPoint\",\"urlTemplate\":\"https:\\\/\\\/haberverkibris.com\\\/?s={search_term_string}\"},\"query-input\":{\"@type\":\"PropertyValueSpecification\",\"valueRequired\":true,\"valueName\":\"search_term_string\"}}],\"inLanguage\":\"tr\"},{\"@type\":\"Person\",\"@id\":\"https:\\\/\\\/haberverkibris.com\\\/#\\\/schema\\\/person\\\/29d65381ed43765483b5a185ded66a56\",\"name\":\"Haberver K\u0131br\u0131s\",\"image\":{\"@type\":\"ImageObject\",\"inLanguage\":\"tr\",\"@id\":\"https:\\\/\\\/secure.gravatar.com\\\/avatar\\\/bab33852abfd8b282518d6ed81826833d77c3c882d9ab608add591ccace47a44?s=96&d=mm&r=g\",\"url\":\"https:\\\/\\\/secure.gravatar.com\\\/avatar\\\/bab33852abfd8b282518d6ed81826833d77c3c882d9ab608add591ccace47a44?s=96&d=mm&r=g\",\"contentUrl\":\"https:\\\/\\\/secure.gravatar.com\\\/avatar\\\/bab33852abfd8b282518d6ed81826833d77c3c882d9ab608add591ccace47a44?s=96&d=mm&r=g\",\"caption\":\"Haberver K\u0131br\u0131s\"},\"sameAs\":[\"https:\\\/\\\/haberverkibris.com\"],\"url\":\"https:\\\/\\\/haberverkibris.com\\\/index.php\\\/author\\\/guven\\\/\"}]}<\/script>\n<!-- \/ Yoast SEO plugin. -->","yoast_head_json":{"title":"\u00d6zt\u00fcrkler: Fransa s\u00f6m\u00fcrgeci ge\u00e7mi\u015fiyle K\u0131br\u0131s T\u00fcrk halk\u0131n\u0131 yok sayamaz - Haber Ver K\u0131br\u0131s","robots":{"index":"index","follow":"follow","max-snippet":"max-snippet:-1","max-image-preview":"max-image-preview:large","max-video-preview":"max-video-preview:-1"},"canonical":"https:\/\/haberverkibris.com\/index.php\/2026\/04\/28\/ozturkler-fransa-somurgeci-gecmisiyle-kibris-turk-halkini-yok-sayamaz\/","og_locale":"tr_TR","og_type":"article","og_title":"\u00d6zt\u00fcrkler: Fransa s\u00f6m\u00fcrgeci ge\u00e7mi\u015fiyle K\u0131br\u0131s T\u00fcrk halk\u0131n\u0131 yok sayamaz - Haber Ver K\u0131br\u0131s","og_description":"Cumhuriyet Meclisi Ba\u015fkan\u0131 Ziya \u00d6zt\u00fcrkler, bir kabul s\u0131ras\u0131nda g\u00fcndemdeki son geli\u015fmeleri de\u011ferlendirerek Fransa\u2019ya ve Fransa Cumhurba\u015fkan\u0131 Emmanuel Macron\u2019a sert mesajlar g\u00f6nderdi. \u00d6zt\u00fcrkler, G\u00fcney K\u0131br\u0131s lideri Hristodulidis ile ger\u00e7ekle\u015ftirilen tatbikatlar ve imzalanmas\u0131 planlanan anla\u015fmalar\u0131n K\u0131br\u0131s T\u00fcrk halk\u0131n\u0131 asla y\u0131ld\u0131rmayaca\u011f\u0131n\u0131 vurgulad\u0131. \u00d6zt\u00fcrkler, \u201cMacron bilsin ki bu adada dengeyi Frans\u0131z askerleri de\u011fil, Anavatan T\u00fcrkiye\u2019nin varl\u0131\u011f\u0131 belirler. S\u00f6m\u00fcrgeci ge\u00e7mi\u015finizin [&hellip;]","og_url":"https:\/\/haberverkibris.com\/index.php\/2026\/04\/28\/ozturkler-fransa-somurgeci-gecmisiyle-kibris-turk-halkini-yok-sayamaz\/","og_site_name":"Haber Ver K\u0131br\u0131s","article_publisher":"https:\/\/www.facebook.com\/kuzeyinsesii","article_published_time":"2026-04-28T09:52:30+00:00","article_modified_time":"2026-04-28T09:52:45+00:00","og_image":[{"width":2560,"height":1706,"url":"https:\/\/haberverkibris.com\/wp-content\/uploads\/2026\/04\/1746524273363OZTURKLER.jpg","type":"image\/jpeg"}],"author":"Haberver K\u0131br\u0131s","twitter_card":"summary_large_image","twitter_creator":"@kuzeyinsesii","twitter_site":"@kuzeyinsesii","twitter_misc":{"Yazan:":"Haberver K\u0131br\u0131s","Tahmini okuma s\u00fcresi":"2 dakika"},"schema":{"@context":"https:\/\/schema.org","@graph":[{"@type":"Article","@id":"https:\/\/haberverkibris.com\/index.php\/2026\/04\/28\/ozturkler-fransa-somurgeci-gecmisiyle-kibris-turk-halkini-yok-sayamaz\/#article","isPartOf":{"@id":"https:\/\/haberverkibris.com\/index.php\/2026\/04\/28\/ozturkler-fransa-somurgeci-gecmisiyle-kibris-turk-halkini-yok-sayamaz\/"},"author":{"name":"Haberver K\u0131br\u0131s","@id":"https:\/\/haberverkibris.com\/#\/schema\/person\/29d65381ed43765483b5a185ded66a56"},"headline":"\u00d6zt\u00fcrkler: Fransa s\u00f6m\u00fcrgeci ge\u00e7mi\u015fiyle K\u0131br\u0131s T\u00fcrk halk\u0131n\u0131 yok sayamaz","datePublished":"2026-04-28T09:52:30+00:00","dateModified":"2026-04-28T09:52:45+00:00","mainEntityOfPage":{"@id":"https:\/\/haberverkibris.com\/index.php\/2026\/04\/28\/ozturkler-fransa-somurgeci-gecmisiyle-kibris-turk-halkini-yok-sayamaz\/"},"wordCount":432,"commentCount":0,"image":{"@id":"https:\/\/haberverkibris.com\/index.php\/2026\/04\/28\/ozturkler-fransa-somurgeci-gecmisiyle-kibris-turk-halkini-yok-sayamaz\/#primaryimage"},"thumbnailUrl":"https:\/\/haberverkibris.com\/wp-content\/uploads\/2026\/04\/1746524273363OZTURKLER.jpg","articleSection":["K\u0131br\u0131s"],"inLanguage":"tr","potentialAction":[{"@type":"CommentAction","name":"Comment","target":["https:\/\/haberverkibris.com\/index.php\/2026\/04\/28\/ozturkler-fransa-somurgeci-gecmisiyle-kibris-turk-halkini-yok-sayamaz\/#respond"]}]},{"@type":"WebPage","@id":"https:\/\/haberverkibris.com\/index.php\/2026\/04\/28\/ozturkler-fransa-somurgeci-gecmisiyle-kibris-turk-halkini-yok-sayamaz\/","url":"https:\/\/haberverkibris.com\/index.php\/2026\/04\/28\/ozturkler-fransa-somurgeci-gecmisiyle-kibris-turk-halkini-yok-sayamaz\/","name":"\u00d6zt\u00fcrkler: Fransa s\u00f6m\u00fcrgeci ge\u00e7mi\u015fiyle K\u0131br\u0131s T\u00fcrk halk\u0131n\u0131 yok sayamaz - Haber Ver K\u0131br\u0131s","isPartOf":{"@id":"https:\/\/haberverkibris.com\/#website"},"primaryImageOfPage":{"@id":"https:\/\/haberverkibris.com\/index.php\/2026\/04\/28\/ozturkler-fransa-somurgeci-gecmisiyle-kibris-turk-halkini-yok-sayamaz\/#primaryimage"},"image":{"@id":"https:\/\/haberverkibris.com\/index.php\/2026\/04\/28\/ozturkler-fransa-somurgeci-gecmisiyle-kibris-turk-halkini-yok-sayamaz\/#primaryimage"},"thumbnailUrl":"https:\/\/haberverkibris.com\/wp-content\/uploads\/2026\/04\/1746524273363OZTURKLER.jpg","datePublished":"2026-04-28T09:52:30+00:00","dateModified":"2026-04-28T09:52:45+00:00","author":{"@id":"https:\/\/haberverkibris.com\/#\/schema\/person\/29d65381ed43765483b5a185ded66a56"},"breadcrumb":{"@id":"https:\/\/haberverkibris.com\/index.php\/2026\/04\/28\/ozturkler-fransa-somurgeci-gecmisiyle-kibris-turk-halkini-yok-sayamaz\/#breadcrumb"},"inLanguage":"tr","potentialAction":[{"@type":"ReadAction","target":["https:\/\/haberverkibris.com\/index.php\/2026\/04\/28\/ozturkler-fransa-somurgeci-gecmisiyle-kibris-turk-halkini-yok-sayamaz\/"]}]},{"@type":"ImageObject","inLanguage":"tr","@id":"https:\/\/haberverkibris.com\/index.php\/2026\/04\/28\/ozturkler-fransa-somurgeci-gecmisiyle-kibris-turk-halkini-yok-sayamaz\/#primaryimage","url":"https:\/\/haberverkibris.com\/wp-content\/uploads\/2026\/04\/1746524273363OZTURKLER.jpg","contentUrl":"https:\/\/haberverkibris.com\/wp-content\/uploads\/2026\/04\/1746524273363OZTURKLER.jpg","width":2560,"height":1706},{"@type":"BreadcrumbList","@id":"https:\/\/haberverkibris.com\/index.php\/2026\/04\/28\/ozturkler-fransa-somurgeci-gecmisiyle-kibris-turk-halkini-yok-sayamaz\/#breadcrumb","itemListElement":[{"@type":"ListItem","position":1,"name":"Anasayfa","item":"https:\/\/haberverkibris.com\/"},{"@type":"ListItem","position":2,"name":"\u00d6zt\u00fcrkler: Fransa s\u00f6m\u00fcrgeci ge\u00e7mi\u015fiyle K\u0131br\u0131s T\u00fcrk halk\u0131n\u0131 yok sayamaz"}]},{"@type":"WebSite","@id":"https:\/\/haberverkibris.com\/#website","url":"https:\/\/haberverkibris.com\/","name":"Kuzeyin Sesi","description":"Do\u011fru Haberin Adresi","potentialAction":[{"@type":"SearchAction","target":{"@type":"EntryPoint","urlTemplate":"https:\/\/haberverkibris.com\/?s={search_term_string}"},"query-input":{"@type":"PropertyValueSpecification","valueRequired":true,"valueName":"search_term_string"}}],"inLanguage":"tr"},{"@type":"Person","@id":"https:\/\/haberverkibris.com\/#\/schema\/person\/29d65381ed43765483b5a185ded66a56","name":"Haberver K\u0131br\u0131s","image":{"@type":"ImageObject","inLanguage":"tr","@id":"https:\/\/secure.gravatar.com\/avatar\/bab33852abfd8b282518d6ed81826833d77c3c882d9ab608add591ccace47a44?s=96&d=mm&r=g","url":"https:\/\/secure.gravatar.com\/avatar\/bab33852abfd8b282518d6ed81826833d77c3c882d9ab608add591ccace47a44?s=96&d=mm&r=g","contentUrl":"https:\/\/secure.gravatar.com\/avatar\/bab33852abfd8b282518d6ed81826833d77c3c882d9ab608add591ccace47a44?s=96&d=mm&r=g","caption":"Haberver K\u0131br\u0131s"},"sameAs":["https:\/\/haberverkibris.com"],"url":"https:\/\/haberverkibris.com\/index.php\/author\/guven\/"}]}},"_links":{"self":[{"href":"https:\/\/haberverkibris.com\/index.php\/wp-json\/wp\/v2\/posts\/34251","targetHints":{"allow":["GET"]}}],"collection":[{"href":"https:\/\/haberverkibris.com\/index.php\/wp-json\/wp\/v2\/posts"}],"about":[{"href":"https:\/\/haberverkibris.com\/index.php\/wp-json\/wp\/v2\/types\/post"}],"author":[{"embeddable":true,"href":"https:\/\/haberverkibris.com\/index.php\/wp-json\/wp\/v2\/users\/1"}],"replies":[{"embeddable":true,"href":"https:\/\/haberverkibris.com\/index.php\/wp-json\/wp\/v2\/comments?post=34251"}],"version-history":[{"count":1,"href":"https:\/\/haberverkibris.com\/index.php\/wp-json\/wp\/v2\/posts\/34251\/revisions"}],"predecessor-version":[{"id":34253,"href":"https:\/\/haberverkibris.com\/index.php\/wp-json\/wp\/v2\/posts\/34251\/revisions\/34253"}],"wp:featuredmedia":[{"embeddable":true,"href":"https:\/\/haberverkibris.com\/index.php\/wp-json\/wp\/v2\/media\/34252"}],"wp:attachment":[{"href":"https:\/\/haberverkibris.com\/index.php\/wp-json\/wp\/v2\/media?parent=34251"}],"wp:term":[{"taxonomy":"category","embeddable":true,"href":"https:\/\/haberverkibris.com\/index.php\/wp-json\/wp\/v2\/categories?post=34251"},{"taxonomy":"post_tag","embeddable":true,"href":"https:\/\/haberverkibris.com\/index.php\/wp-json\/wp\/v2\/tags?post=34251"}],"curies":[{"name":"wp","href":"https:\/\/api.w.org\/{rel}","templated":true}]}}