{"id":34241,"date":"2026-04-28T12:09:42","date_gmt":"2026-04-28T09:09:42","guid":{"rendered":"https:\/\/haberverkibris.com\/index.php\/2026\/04\/28\/basbakan-ustel-kibris-turk-halkinin-haklarini-yok-sayan-girisimleri-asla-kabul-etmiyoruz\/"},"modified":"2026-04-28T12:09:54","modified_gmt":"2026-04-28T09:09:54","slug":"basbakan-ustel-kibris-turk-halkinin-haklarini-yok-sayan-girisimleri-asla-kabul-etmiyoruz","status":"publish","type":"post","link":"https:\/\/haberverkibris.com\/index.php\/2026\/04\/28\/basbakan-ustel-kibris-turk-halkinin-haklarini-yok-sayan-girisimleri-asla-kabul-etmiyoruz\/","title":{"rendered":"Ba\u015fbakan \u00dcstel: K\u0131br\u0131s T\u00fcrk halk\u0131n\u0131n haklar\u0131n\u0131 yok sayan giri\u015fimleri asla kabul etmiyoruz"},"content":{"rendered":"<p>Ba\u015fbakan \u00dcnal \u00dcstel, G\u00fcney K\u0131br\u0131s Rum Y\u00f6netimi Lideri Nikos Hristodulidis\u2019in, Fransa ile G\u00fcney K\u0131br\u0131s\u2019ta Frans\u0131z askeri varl\u0131\u011f\u0131n\u0131 \u00f6ng\u00f6ren savunma anla\u015fmas\u0131na ili\u015fkin a\u00e7\u0131klamalar\u0131na dair de\u011ferlendirmede bulundu.<\/p>\n<p>Ba\u015fbakan \u00dcnal \u00dcstel\u2019in a\u00e7\u0131klamas\u0131 \u015f\u00f6yle:<\/p>\n<p>\u201cRum lider Nikos Hristodulidis\u2019in Fransa ile G\u00fcney K\u0131br\u0131s\u2019ta Frans\u0131z askeri varl\u0131\u011f\u0131n\u0131 \u00f6ng\u00f6ren bir savunma anla\u015fmas\u0131 imzalanaca\u011f\u0131 y\u00f6n\u00fcndeki a\u00e7\u0131klamalar\u0131 ile Avrupa Komisyonu Ba\u015fkan\u0131 Ursula von der Leyen\u2019in K\u0131br\u0131s konusundaki de\u011ferlendirmeleri, hem Rum Y\u00f6netimi\u2019nin hem de Avrupa Birli\u011fi\u2019nin rasyonel ve ak\u0131lc\u0131 politikalardan tamamen uzakla\u015ft\u0131\u011f\u0131n\u0131n en somut g\u00f6stergelerinden biri olmu\u015ftur.<\/p>\n<p>\u00d6ncelikle \u015funu a\u00e7\u0131k\u00e7a ifade etmek gerekir: G\u00fcney K\u0131br\u0131s Rum Y\u00f6netimi\u2019nin adada yeni askeri dengeler in\u015fa etme \u00e7abalar\u0131 hem yanl\u0131\u015ft\u0131r hem de adan\u0131n g\u00fcvenli\u011fini riske atan ad\u0131mlard\u0131r.<\/p>\n<p>Fransa ile yap\u0131lmas\u0131 planlanan anla\u015fma, her ne kadar \u201cinsani ama\u00e7lar\u201d s\u00f6ylemiyle sunulmaya \u00e7al\u0131\u015f\u0131lsa da, bunun G\u00fcney K\u0131br\u0131s\u2019\u0131n silahlanma politikalar\u0131n\u0131n ve b\u00f6lgesel stratejik hesaplar\u0131n\u0131n yeni bir par\u00e7as\u0131 oldu\u011fu a\u00e7\u0131kt\u0131r.<\/p>\n<p>K\u0131br\u0131s Adas\u0131, Rum Y\u00f6netimi\u2019nin ak\u0131l d\u0131\u015f\u0131 politikalar\u0131 nedeniyle uluslararas\u0131 askeri g\u00fc\u00e7lerin bir oyun sahas\u0131na d\u00f6n\u00fc\u015ft\u00fcr\u00fclmektedir.<\/p>\n<p>Unutulmamal\u0131d\u0131r ki; adam\u0131z ge\u00e7mi\u015fte de Rum ve Yunan taraf\u0131n\u0131n K\u0131br\u0131s\u2019\u0131 Helenle\u015ftirme saplant\u0131s\u0131 ve att\u0131klar\u0131 yanl\u0131\u015f ad\u0131mlar nedeniyle d\u0131\u015f m\u00fcdahalelere ve \u00e7at\u0131\u015fmalara maruz b\u0131rak\u0131lm\u0131\u015f, bunun bedellerini a\u011f\u0131r \u015fekilde \u00f6demi\u015ftir. Biz, ayn\u0131 hatalar\u0131n yeniden tekrarlanmas\u0131na izin verilmesini asla do\u011fru bulmuyoruz.<\/p>\n<p>Di\u011fer yandan, Rum taraf\u0131n\u0131n son d\u00f6nemlerde Avrupa Birli\u011fi \u00fcyeli\u011fini siyasi bir ara\u00e7 haline getirerek K\u0131br\u0131s T\u00fcrk halk\u0131n\u0131 yok sayan giri\u015fimlerini de ibretle izliyoruz.<\/p>\n<p>Avrupa Komisyonu Ba\u015fkan\u0131 Ursula von der Leyen\u2019in a\u00e7\u0131klamalar\u0131, Avrupa Birli\u011fi\u2019nin K\u0131br\u0131s konusunda tarafs\u0131zl\u0131\u011f\u0131n\u0131 tamamen yitirdi\u011fini bir kez daha ortaya koymaktad\u0131r.<\/p>\n<p>2004 y\u0131l\u0131nda Annan Plan\u0131 referandumunda \u00e7\u00f6z\u00fcme \u201chay\u0131r\u201d diyen Rum taraf\u0131n\u0131 Avrupa Birli\u011fi\u2019ne tam \u00fcye yapan anlay\u0131\u015f, K\u0131br\u0131s T\u00fcrk halk\u0131na verdi\u011fi hi\u00e7bir s\u00f6z\u00fc yerine getirmemi\u015ftir.<\/p>\n<p>Bug\u00fcn de ayn\u0131 anlay\u0131\u015f, K\u0131br\u0131s T\u00fcrk halk\u0131n\u0131n egemen e\u015fitlik ve e\u015fit uluslararas\u0131 stat\u00fc haklar\u0131n\u0131 g\u00f6rmezden gelmektedir.<\/p>\n<p>Bu yakla\u015f\u0131m, adadaki iki ayr\u0131 halk ve iki ayr\u0131 devletin varl\u0131\u011f\u0131n\u0131 yok sayan, ger\u00e7ekleri \u0131srarla reddeden bir anlay\u0131\u015f\u0131n tezah\u00fcr\u00fcd\u00fcr.<\/p>\n<p>Do\u011fu Akdeniz\u2019de ger\u00e7ek istikrar; K\u0131br\u0131s T\u00fcrk halk\u0131n\u0131 d\u0131\u015flayan de\u011fil, iki taraf\u0131n haklar\u0131na sayg\u0131 g\u00f6steren adil politikalarla m\u00fcmk\u00fcnd\u00fcr.<\/p>\n<p>Enerji projeleri dahil olmak \u00fczere b\u00f6lgede at\u0131lacak her ad\u0131mda K\u0131br\u0131s T\u00fcrk halk\u0131n\u0131n me\u015fru haklar\u0131 dikkate al\u0131nmak zorundad\u0131r.<\/p>\n<p>Anavatan T\u00fcrkiye Cumhuriyeti ile tam bir uyum i\u00e7erisinde, halk\u0131m\u0131z\u0131n haklar\u0131n\u0131, g\u00fcvenli\u011fini ve devletimizin egemenli\u011fini kararl\u0131l\u0131kla savunmaya devam edece\u011fiz.<\/p>\n<p>K\u0131br\u0131s T\u00fcrk halk\u0131, dayatmalara ve oldubittilere hi\u00e7bir zaman boyun e\u011fmeyecektir.\u201d<\/p>\n","protected":false},"excerpt":{"rendered":"<p>Ba\u015fbakan \u00dcnal \u00dcstel, G\u00fcney K\u0131br\u0131s Rum Y\u00f6netimi Lideri Nikos Hristodulidis\u2019in, Fransa ile G\u00fcney K\u0131br\u0131s\u2019ta Frans\u0131z askeri varl\u0131\u011f\u0131n\u0131 \u00f6ng\u00f6ren savunma anla\u015fmas\u0131na ili\u015fkin a\u00e7\u0131klamalar\u0131na dair de\u011ferlendirmede bulundu. Ba\u015fbakan \u00dcnal \u00dcstel\u2019in a\u00e7\u0131klamas\u0131 \u015f\u00f6yle: \u201cRum lider Nikos Hristodulidis\u2019in Fransa ile G\u00fcney K\u0131br\u0131s\u2019ta Frans\u0131z askeri varl\u0131\u011f\u0131n\u0131 \u00f6ng\u00f6ren bir savunma anla\u015fmas\u0131 imzalanaca\u011f\u0131 y\u00f6n\u00fcndeki a\u00e7\u0131klamalar\u0131 ile Avrupa Komisyonu Ba\u015fkan\u0131 Ursula von der [&hellip;]<\/p>\n","protected":false},"author":1,"featured_media":34242,"comment_status":"open","ping_status":"open","sticky":false,"template":"","format":"standard","meta":{"jnews-multi-image_gallery":[],"jnews_single_post":[],"jnews_primary_category":[],"jnews_social_meta":[],"jnews_override_counter":[],"footnotes":""},"categories":[1],"tags":[],"class_list":["post-34241","post","type-post","status-publish","format-standard","has-post-thumbnail","hentry","category-kibris"],"yoast_head":"<!-- This site is optimized with the Yoast SEO plugin v27.4 - https:\/\/yoast.com\/product\/yoast-seo-wordpress\/ -->\n<title>Ba\u015fbakan \u00dcstel: K\u0131br\u0131s T\u00fcrk halk\u0131n\u0131n haklar\u0131n\u0131 yok sayan giri\u015fimleri asla kabul etmiyoruz - Haber Ver K\u0131br\u0131s<\/title>\n<meta name=\"robots\" content=\"index, follow, max-snippet:-1, max-image-preview:large, max-video-preview:-1\" \/>\n<link rel=\"canonical\" href=\"https:\/\/haberverkibris.com\/index.php\/2026\/04\/28\/basbakan-ustel-kibris-turk-halkinin-haklarini-yok-sayan-girisimleri-asla-kabul-etmiyoruz\/\" \/>\n<meta property=\"og:locale\" content=\"tr_TR\" \/>\n<meta property=\"og:type\" content=\"article\" \/>\n<meta property=\"og:title\" content=\"Ba\u015fbakan \u00dcstel: K\u0131br\u0131s T\u00fcrk halk\u0131n\u0131n haklar\u0131n\u0131 yok sayan giri\u015fimleri asla kabul etmiyoruz - Haber Ver K\u0131br\u0131s\" \/>\n<meta property=\"og:description\" content=\"Ba\u015fbakan \u00dcnal \u00dcstel, G\u00fcney K\u0131br\u0131s Rum Y\u00f6netimi Lideri Nikos Hristodulidis\u2019in, Fransa ile G\u00fcney K\u0131br\u0131s\u2019ta Frans\u0131z askeri varl\u0131\u011f\u0131n\u0131 \u00f6ng\u00f6ren savunma anla\u015fmas\u0131na ili\u015fkin a\u00e7\u0131klamalar\u0131na dair de\u011ferlendirmede bulundu. Ba\u015fbakan \u00dcnal \u00dcstel\u2019in a\u00e7\u0131klamas\u0131 \u015f\u00f6yle: \u201cRum lider Nikos Hristodulidis\u2019in Fransa ile G\u00fcney K\u0131br\u0131s\u2019ta Frans\u0131z askeri varl\u0131\u011f\u0131n\u0131 \u00f6ng\u00f6ren bir savunma anla\u015fmas\u0131 imzalanaca\u011f\u0131 y\u00f6n\u00fcndeki a\u00e7\u0131klamalar\u0131 ile Avrupa Komisyonu Ba\u015fkan\u0131 Ursula von der [&hellip;]\" \/>\n<meta property=\"og:url\" content=\"https:\/\/haberverkibris.com\/index.php\/2026\/04\/28\/basbakan-ustel-kibris-turk-halkinin-haklarini-yok-sayan-girisimleri-asla-kabul-etmiyoruz\/\" \/>\n<meta property=\"og:site_name\" content=\"Haber Ver K\u0131br\u0131s\" \/>\n<meta property=\"article:publisher\" content=\"https:\/\/www.facebook.com\/kuzeyinsesii\" \/>\n<meta property=\"article:published_time\" content=\"2026-04-28T09:09:42+00:00\" \/>\n<meta property=\"article:modified_time\" content=\"2026-04-28T09:09:54+00:00\" \/>\n<meta property=\"og:image\" content=\"https:\/\/haberverkibris.com\/wp-content\/uploads\/2026\/04\/basbakan-ustel-kisilik-haklarina-saldiri-dusunce-ya-da-medya-ozgurlugu-degildir-e1753685628291.jpeg\" \/>\n\t<meta property=\"og:image:width\" content=\"1080\" \/>\n\t<meta property=\"og:image:height\" content=\"646\" \/>\n\t<meta property=\"og:image:type\" content=\"image\/jpeg\" \/>\n<meta name=\"author\" content=\"Haberver K\u0131br\u0131s\" \/>\n<meta name=\"twitter:card\" content=\"summary_large_image\" \/>\n<meta name=\"twitter:creator\" content=\"@kuzeyinsesii\" \/>\n<meta name=\"twitter:site\" content=\"@kuzeyinsesii\" \/>\n<meta name=\"twitter:label1\" content=\"Yazan:\" \/>\n\t<meta name=\"twitter:data1\" content=\"Haberver K\u0131br\u0131s\" \/>\n\t<meta name=\"twitter:label2\" content=\"Tahmini okuma s\u00fcresi\" \/>\n\t<meta name=\"twitter:data2\" content=\"3 dakika\" \/>\n<script type=\"application\/ld+json\" class=\"yoast-schema-graph\">{\"@context\":\"https:\\\/\\\/schema.org\",\"@graph\":[{\"@type\":\"Article\",\"@id\":\"https:\\\/\\\/haberverkibris.com\\\/index.php\\\/2026\\\/04\\\/28\\\/basbakan-ustel-kibris-turk-halkinin-haklarini-yok-sayan-girisimleri-asla-kabul-etmiyoruz\\\/#article\",\"isPartOf\":{\"@id\":\"https:\\\/\\\/haberverkibris.com\\\/index.php\\\/2026\\\/04\\\/28\\\/basbakan-ustel-kibris-turk-halkinin-haklarini-yok-sayan-girisimleri-asla-kabul-etmiyoruz\\\/\"},\"author\":{\"name\":\"Haberver K\u0131br\u0131s\",\"@id\":\"https:\\\/\\\/haberverkibris.com\\\/#\\\/schema\\\/person\\\/29d65381ed43765483b5a185ded66a56\"},\"headline\":\"Ba\u015fbakan \u00dcstel: K\u0131br\u0131s T\u00fcrk halk\u0131n\u0131n haklar\u0131n\u0131 yok sayan giri\u015fimleri asla kabul etmiyoruz\",\"datePublished\":\"2026-04-28T09:09:42+00:00\",\"dateModified\":\"2026-04-28T09:09:54+00:00\",\"mainEntityOfPage\":{\"@id\":\"https:\\\/\\\/haberverkibris.com\\\/index.php\\\/2026\\\/04\\\/28\\\/basbakan-ustel-kibris-turk-halkinin-haklarini-yok-sayan-girisimleri-asla-kabul-etmiyoruz\\\/\"},\"wordCount\":579,\"commentCount\":0,\"image\":{\"@id\":\"https:\\\/\\\/haberverkibris.com\\\/index.php\\\/2026\\\/04\\\/28\\\/basbakan-ustel-kibris-turk-halkinin-haklarini-yok-sayan-girisimleri-asla-kabul-etmiyoruz\\\/#primaryimage\"},\"thumbnailUrl\":\"https:\\\/\\\/haberverkibris.com\\\/wp-content\\\/uploads\\\/2026\\\/04\\\/basbakan-ustel-kisilik-haklarina-saldiri-dusunce-ya-da-medya-ozgurlugu-degildir-e1753685628291.jpeg\",\"articleSection\":[\"K\u0131br\u0131s\"],\"inLanguage\":\"tr\",\"potentialAction\":[{\"@type\":\"CommentAction\",\"name\":\"Comment\",\"target\":[\"https:\\\/\\\/haberverkibris.com\\\/index.php\\\/2026\\\/04\\\/28\\\/basbakan-ustel-kibris-turk-halkinin-haklarini-yok-sayan-girisimleri-asla-kabul-etmiyoruz\\\/#respond\"]}]},{\"@type\":\"WebPage\",\"@id\":\"https:\\\/\\\/haberverkibris.com\\\/index.php\\\/2026\\\/04\\\/28\\\/basbakan-ustel-kibris-turk-halkinin-haklarini-yok-sayan-girisimleri-asla-kabul-etmiyoruz\\\/\",\"url\":\"https:\\\/\\\/haberverkibris.com\\\/index.php\\\/2026\\\/04\\\/28\\\/basbakan-ustel-kibris-turk-halkinin-haklarini-yok-sayan-girisimleri-asla-kabul-etmiyoruz\\\/\",\"name\":\"Ba\u015fbakan \u00dcstel: K\u0131br\u0131s T\u00fcrk halk\u0131n\u0131n haklar\u0131n\u0131 yok sayan giri\u015fimleri asla kabul etmiyoruz - Haber Ver K\u0131br\u0131s\",\"isPartOf\":{\"@id\":\"https:\\\/\\\/haberverkibris.com\\\/#website\"},\"primaryImageOfPage\":{\"@id\":\"https:\\\/\\\/haberverkibris.com\\\/index.php\\\/2026\\\/04\\\/28\\\/basbakan-ustel-kibris-turk-halkinin-haklarini-yok-sayan-girisimleri-asla-kabul-etmiyoruz\\\/#primaryimage\"},\"image\":{\"@id\":\"https:\\\/\\\/haberverkibris.com\\\/index.php\\\/2026\\\/04\\\/28\\\/basbakan-ustel-kibris-turk-halkinin-haklarini-yok-sayan-girisimleri-asla-kabul-etmiyoruz\\\/#primaryimage\"},\"thumbnailUrl\":\"https:\\\/\\\/haberverkibris.com\\\/wp-content\\\/uploads\\\/2026\\\/04\\\/basbakan-ustel-kisilik-haklarina-saldiri-dusunce-ya-da-medya-ozgurlugu-degildir-e1753685628291.jpeg\",\"datePublished\":\"2026-04-28T09:09:42+00:00\",\"dateModified\":\"2026-04-28T09:09:54+00:00\",\"author\":{\"@id\":\"https:\\\/\\\/haberverkibris.com\\\/#\\\/schema\\\/person\\\/29d65381ed43765483b5a185ded66a56\"},\"breadcrumb\":{\"@id\":\"https:\\\/\\\/haberverkibris.com\\\/index.php\\\/2026\\\/04\\\/28\\\/basbakan-ustel-kibris-turk-halkinin-haklarini-yok-sayan-girisimleri-asla-kabul-etmiyoruz\\\/#breadcrumb\"},\"inLanguage\":\"tr\",\"potentialAction\":[{\"@type\":\"ReadAction\",\"target\":[\"https:\\\/\\\/haberverkibris.com\\\/index.php\\\/2026\\\/04\\\/28\\\/basbakan-ustel-kibris-turk-halkinin-haklarini-yok-sayan-girisimleri-asla-kabul-etmiyoruz\\\/\"]}]},{\"@type\":\"ImageObject\",\"inLanguage\":\"tr\",\"@id\":\"https:\\\/\\\/haberverkibris.com\\\/index.php\\\/2026\\\/04\\\/28\\\/basbakan-ustel-kibris-turk-halkinin-haklarini-yok-sayan-girisimleri-asla-kabul-etmiyoruz\\\/#primaryimage\",\"url\":\"https:\\\/\\\/haberverkibris.com\\\/wp-content\\\/uploads\\\/2026\\\/04\\\/basbakan-ustel-kisilik-haklarina-saldiri-dusunce-ya-da-medya-ozgurlugu-degildir-e1753685628291.jpeg\",\"contentUrl\":\"https:\\\/\\\/haberverkibris.com\\\/wp-content\\\/uploads\\\/2026\\\/04\\\/basbakan-ustel-kisilik-haklarina-saldiri-dusunce-ya-da-medya-ozgurlugu-degildir-e1753685628291.jpeg\",\"width\":1080,\"height\":646},{\"@type\":\"BreadcrumbList\",\"@id\":\"https:\\\/\\\/haberverkibris.com\\\/index.php\\\/2026\\\/04\\\/28\\\/basbakan-ustel-kibris-turk-halkinin-haklarini-yok-sayan-girisimleri-asla-kabul-etmiyoruz\\\/#breadcrumb\",\"itemListElement\":[{\"@type\":\"ListItem\",\"position\":1,\"name\":\"Anasayfa\",\"item\":\"https:\\\/\\\/haberverkibris.com\\\/\"},{\"@type\":\"ListItem\",\"position\":2,\"name\":\"Ba\u015fbakan \u00dcstel: K\u0131br\u0131s T\u00fcrk halk\u0131n\u0131n haklar\u0131n\u0131 yok sayan giri\u015fimleri asla kabul etmiyoruz\"}]},{\"@type\":\"WebSite\",\"@id\":\"https:\\\/\\\/haberverkibris.com\\\/#website\",\"url\":\"https:\\\/\\\/haberverkibris.com\\\/\",\"name\":\"Kuzeyin Sesi\",\"description\":\"Do\u011fru Haberin Adresi\",\"potentialAction\":[{\"@type\":\"SearchAction\",\"target\":{\"@type\":\"EntryPoint\",\"urlTemplate\":\"https:\\\/\\\/haberverkibris.com\\\/?s={search_term_string}\"},\"query-input\":{\"@type\":\"PropertyValueSpecification\",\"valueRequired\":true,\"valueName\":\"search_term_string\"}}],\"inLanguage\":\"tr\"},{\"@type\":\"Person\",\"@id\":\"https:\\\/\\\/haberverkibris.com\\\/#\\\/schema\\\/person\\\/29d65381ed43765483b5a185ded66a56\",\"name\":\"Haberver K\u0131br\u0131s\",\"image\":{\"@type\":\"ImageObject\",\"inLanguage\":\"tr\",\"@id\":\"https:\\\/\\\/secure.gravatar.com\\\/avatar\\\/bab33852abfd8b282518d6ed81826833d77c3c882d9ab608add591ccace47a44?s=96&d=mm&r=g\",\"url\":\"https:\\\/\\\/secure.gravatar.com\\\/avatar\\\/bab33852abfd8b282518d6ed81826833d77c3c882d9ab608add591ccace47a44?s=96&d=mm&r=g\",\"contentUrl\":\"https:\\\/\\\/secure.gravatar.com\\\/avatar\\\/bab33852abfd8b282518d6ed81826833d77c3c882d9ab608add591ccace47a44?s=96&d=mm&r=g\",\"caption\":\"Haberver K\u0131br\u0131s\"},\"sameAs\":[\"https:\\\/\\\/haberverkibris.com\"],\"url\":\"https:\\\/\\\/haberverkibris.com\\\/index.php\\\/author\\\/guven\\\/\"}]}<\/script>\n<!-- \/ Yoast SEO plugin. -->","yoast_head_json":{"title":"Ba\u015fbakan \u00dcstel: K\u0131br\u0131s T\u00fcrk halk\u0131n\u0131n haklar\u0131n\u0131 yok sayan giri\u015fimleri asla kabul etmiyoruz - Haber Ver K\u0131br\u0131s","robots":{"index":"index","follow":"follow","max-snippet":"max-snippet:-1","max-image-preview":"max-image-preview:large","max-video-preview":"max-video-preview:-1"},"canonical":"https:\/\/haberverkibris.com\/index.php\/2026\/04\/28\/basbakan-ustel-kibris-turk-halkinin-haklarini-yok-sayan-girisimleri-asla-kabul-etmiyoruz\/","og_locale":"tr_TR","og_type":"article","og_title":"Ba\u015fbakan \u00dcstel: K\u0131br\u0131s T\u00fcrk halk\u0131n\u0131n haklar\u0131n\u0131 yok sayan giri\u015fimleri asla kabul etmiyoruz - Haber Ver K\u0131br\u0131s","og_description":"Ba\u015fbakan \u00dcnal \u00dcstel, G\u00fcney K\u0131br\u0131s Rum Y\u00f6netimi Lideri Nikos Hristodulidis\u2019in, Fransa ile G\u00fcney K\u0131br\u0131s\u2019ta Frans\u0131z askeri varl\u0131\u011f\u0131n\u0131 \u00f6ng\u00f6ren savunma anla\u015fmas\u0131na ili\u015fkin a\u00e7\u0131klamalar\u0131na dair de\u011ferlendirmede bulundu. Ba\u015fbakan \u00dcnal \u00dcstel\u2019in a\u00e7\u0131klamas\u0131 \u015f\u00f6yle: \u201cRum lider Nikos Hristodulidis\u2019in Fransa ile G\u00fcney K\u0131br\u0131s\u2019ta Frans\u0131z askeri varl\u0131\u011f\u0131n\u0131 \u00f6ng\u00f6ren bir savunma anla\u015fmas\u0131 imzalanaca\u011f\u0131 y\u00f6n\u00fcndeki a\u00e7\u0131klamalar\u0131 ile Avrupa Komisyonu Ba\u015fkan\u0131 Ursula von der [&hellip;]","og_url":"https:\/\/haberverkibris.com\/index.php\/2026\/04\/28\/basbakan-ustel-kibris-turk-halkinin-haklarini-yok-sayan-girisimleri-asla-kabul-etmiyoruz\/","og_site_name":"Haber Ver K\u0131br\u0131s","article_publisher":"https:\/\/www.facebook.com\/kuzeyinsesii","article_published_time":"2026-04-28T09:09:42+00:00","article_modified_time":"2026-04-28T09:09:54+00:00","og_image":[{"width":1080,"height":646,"url":"https:\/\/haberverkibris.com\/wp-content\/uploads\/2026\/04\/basbakan-ustel-kisilik-haklarina-saldiri-dusunce-ya-da-medya-ozgurlugu-degildir-e1753685628291.jpeg","type":"image\/jpeg"}],"author":"Haberver K\u0131br\u0131s","twitter_card":"summary_large_image","twitter_creator":"@kuzeyinsesii","twitter_site":"@kuzeyinsesii","twitter_misc":{"Yazan:":"Haberver K\u0131br\u0131s","Tahmini okuma s\u00fcresi":"3 dakika"},"schema":{"@context":"https:\/\/schema.org","@graph":[{"@type":"Article","@id":"https:\/\/haberverkibris.com\/index.php\/2026\/04\/28\/basbakan-ustel-kibris-turk-halkinin-haklarini-yok-sayan-girisimleri-asla-kabul-etmiyoruz\/#article","isPartOf":{"@id":"https:\/\/haberverkibris.com\/index.php\/2026\/04\/28\/basbakan-ustel-kibris-turk-halkinin-haklarini-yok-sayan-girisimleri-asla-kabul-etmiyoruz\/"},"author":{"name":"Haberver K\u0131br\u0131s","@id":"https:\/\/haberverkibris.com\/#\/schema\/person\/29d65381ed43765483b5a185ded66a56"},"headline":"Ba\u015fbakan \u00dcstel: K\u0131br\u0131s T\u00fcrk halk\u0131n\u0131n haklar\u0131n\u0131 yok sayan giri\u015fimleri asla kabul etmiyoruz","datePublished":"2026-04-28T09:09:42+00:00","dateModified":"2026-04-28T09:09:54+00:00","mainEntityOfPage":{"@id":"https:\/\/haberverkibris.com\/index.php\/2026\/04\/28\/basbakan-ustel-kibris-turk-halkinin-haklarini-yok-sayan-girisimleri-asla-kabul-etmiyoruz\/"},"wordCount":579,"commentCount":0,"image":{"@id":"https:\/\/haberverkibris.com\/index.php\/2026\/04\/28\/basbakan-ustel-kibris-turk-halkinin-haklarini-yok-sayan-girisimleri-asla-kabul-etmiyoruz\/#primaryimage"},"thumbnailUrl":"https:\/\/haberverkibris.com\/wp-content\/uploads\/2026\/04\/basbakan-ustel-kisilik-haklarina-saldiri-dusunce-ya-da-medya-ozgurlugu-degildir-e1753685628291.jpeg","articleSection":["K\u0131br\u0131s"],"inLanguage":"tr","potentialAction":[{"@type":"CommentAction","name":"Comment","target":["https:\/\/haberverkibris.com\/index.php\/2026\/04\/28\/basbakan-ustel-kibris-turk-halkinin-haklarini-yok-sayan-girisimleri-asla-kabul-etmiyoruz\/#respond"]}]},{"@type":"WebPage","@id":"https:\/\/haberverkibris.com\/index.php\/2026\/04\/28\/basbakan-ustel-kibris-turk-halkinin-haklarini-yok-sayan-girisimleri-asla-kabul-etmiyoruz\/","url":"https:\/\/haberverkibris.com\/index.php\/2026\/04\/28\/basbakan-ustel-kibris-turk-halkinin-haklarini-yok-sayan-girisimleri-asla-kabul-etmiyoruz\/","name":"Ba\u015fbakan \u00dcstel: K\u0131br\u0131s T\u00fcrk halk\u0131n\u0131n haklar\u0131n\u0131 yok sayan giri\u015fimleri asla kabul etmiyoruz - Haber Ver K\u0131br\u0131s","isPartOf":{"@id":"https:\/\/haberverkibris.com\/#website"},"primaryImageOfPage":{"@id":"https:\/\/haberverkibris.com\/index.php\/2026\/04\/28\/basbakan-ustel-kibris-turk-halkinin-haklarini-yok-sayan-girisimleri-asla-kabul-etmiyoruz\/#primaryimage"},"image":{"@id":"https:\/\/haberverkibris.com\/index.php\/2026\/04\/28\/basbakan-ustel-kibris-turk-halkinin-haklarini-yok-sayan-girisimleri-asla-kabul-etmiyoruz\/#primaryimage"},"thumbnailUrl":"https:\/\/haberverkibris.com\/wp-content\/uploads\/2026\/04\/basbakan-ustel-kisilik-haklarina-saldiri-dusunce-ya-da-medya-ozgurlugu-degildir-e1753685628291.jpeg","datePublished":"2026-04-28T09:09:42+00:00","dateModified":"2026-04-28T09:09:54+00:00","author":{"@id":"https:\/\/haberverkibris.com\/#\/schema\/person\/29d65381ed43765483b5a185ded66a56"},"breadcrumb":{"@id":"https:\/\/haberverkibris.com\/index.php\/2026\/04\/28\/basbakan-ustel-kibris-turk-halkinin-haklarini-yok-sayan-girisimleri-asla-kabul-etmiyoruz\/#breadcrumb"},"inLanguage":"tr","potentialAction":[{"@type":"ReadAction","target":["https:\/\/haberverkibris.com\/index.php\/2026\/04\/28\/basbakan-ustel-kibris-turk-halkinin-haklarini-yok-sayan-girisimleri-asla-kabul-etmiyoruz\/"]}]},{"@type":"ImageObject","inLanguage":"tr","@id":"https:\/\/haberverkibris.com\/index.php\/2026\/04\/28\/basbakan-ustel-kibris-turk-halkinin-haklarini-yok-sayan-girisimleri-asla-kabul-etmiyoruz\/#primaryimage","url":"https:\/\/haberverkibris.com\/wp-content\/uploads\/2026\/04\/basbakan-ustel-kisilik-haklarina-saldiri-dusunce-ya-da-medya-ozgurlugu-degildir-e1753685628291.jpeg","contentUrl":"https:\/\/haberverkibris.com\/wp-content\/uploads\/2026\/04\/basbakan-ustel-kisilik-haklarina-saldiri-dusunce-ya-da-medya-ozgurlugu-degildir-e1753685628291.jpeg","width":1080,"height":646},{"@type":"BreadcrumbList","@id":"https:\/\/haberverkibris.com\/index.php\/2026\/04\/28\/basbakan-ustel-kibris-turk-halkinin-haklarini-yok-sayan-girisimleri-asla-kabul-etmiyoruz\/#breadcrumb","itemListElement":[{"@type":"ListItem","position":1,"name":"Anasayfa","item":"https:\/\/haberverkibris.com\/"},{"@type":"ListItem","position":2,"name":"Ba\u015fbakan \u00dcstel: K\u0131br\u0131s T\u00fcrk halk\u0131n\u0131n haklar\u0131n\u0131 yok sayan giri\u015fimleri asla kabul etmiyoruz"}]},{"@type":"WebSite","@id":"https:\/\/haberverkibris.com\/#website","url":"https:\/\/haberverkibris.com\/","name":"Kuzeyin Sesi","description":"Do\u011fru Haberin Adresi","potentialAction":[{"@type":"SearchAction","target":{"@type":"EntryPoint","urlTemplate":"https:\/\/haberverkibris.com\/?s={search_term_string}"},"query-input":{"@type":"PropertyValueSpecification","valueRequired":true,"valueName":"search_term_string"}}],"inLanguage":"tr"},{"@type":"Person","@id":"https:\/\/haberverkibris.com\/#\/schema\/person\/29d65381ed43765483b5a185ded66a56","name":"Haberver K\u0131br\u0131s","image":{"@type":"ImageObject","inLanguage":"tr","@id":"https:\/\/secure.gravatar.com\/avatar\/bab33852abfd8b282518d6ed81826833d77c3c882d9ab608add591ccace47a44?s=96&d=mm&r=g","url":"https:\/\/secure.gravatar.com\/avatar\/bab33852abfd8b282518d6ed81826833d77c3c882d9ab608add591ccace47a44?s=96&d=mm&r=g","contentUrl":"https:\/\/secure.gravatar.com\/avatar\/bab33852abfd8b282518d6ed81826833d77c3c882d9ab608add591ccace47a44?s=96&d=mm&r=g","caption":"Haberver K\u0131br\u0131s"},"sameAs":["https:\/\/haberverkibris.com"],"url":"https:\/\/haberverkibris.com\/index.php\/author\/guven\/"}]}},"_links":{"self":[{"href":"https:\/\/haberverkibris.com\/index.php\/wp-json\/wp\/v2\/posts\/34241","targetHints":{"allow":["GET"]}}],"collection":[{"href":"https:\/\/haberverkibris.com\/index.php\/wp-json\/wp\/v2\/posts"}],"about":[{"href":"https:\/\/haberverkibris.com\/index.php\/wp-json\/wp\/v2\/types\/post"}],"author":[{"embeddable":true,"href":"https:\/\/haberverkibris.com\/index.php\/wp-json\/wp\/v2\/users\/1"}],"replies":[{"embeddable":true,"href":"https:\/\/haberverkibris.com\/index.php\/wp-json\/wp\/v2\/comments?post=34241"}],"version-history":[{"count":1,"href":"https:\/\/haberverkibris.com\/index.php\/wp-json\/wp\/v2\/posts\/34241\/revisions"}],"predecessor-version":[{"id":34243,"href":"https:\/\/haberverkibris.com\/index.php\/wp-json\/wp\/v2\/posts\/34241\/revisions\/34243"}],"wp:featuredmedia":[{"embeddable":true,"href":"https:\/\/haberverkibris.com\/index.php\/wp-json\/wp\/v2\/media\/34242"}],"wp:attachment":[{"href":"https:\/\/haberverkibris.com\/index.php\/wp-json\/wp\/v2\/media?parent=34241"}],"wp:term":[{"taxonomy":"category","embeddable":true,"href":"https:\/\/haberverkibris.com\/index.php\/wp-json\/wp\/v2\/categories?post=34241"},{"taxonomy":"post_tag","embeddable":true,"href":"https:\/\/haberverkibris.com\/index.php\/wp-json\/wp\/v2\/tags?post=34241"}],"curies":[{"name":"wp","href":"https:\/\/api.w.org\/{rel}","templated":true}]}}